{"id":7423,"date":"2022-03-10T00:45:16","date_gmt":"2022-03-09T22:45:16","guid":{"rendered":"\/?p=7423"},"modified":"2022-03-10T00:46:52","modified_gmt":"2022-03-09T22:46:52","slug":"presentacion-del-libro-plaza-del-reloj-del-catedratico-emerito-rogelio-reyes","status":"publish","type":"post","link":"https:\/\/fundacioncajaruraldelsur.com\/pt\/presentacion-del-libro-plaza-del-reloj-del-catedratico-emerito-rogelio-reyes\/","title":{"rendered":"Presentaci\u00f3n del libro \u00abPlaza del reloj\u00bb del catedr\u00e1tico em\u00e9rito Rogelio Reyes"},"content":{"rendered":"<p>El catedr\u00e1tico em\u00e9rito de la Universidad de Sevilla y miembro de la Real Academia Sevillana de Buenas Letras, Rogelio Reyes Cano, ha presentado este mi\u00e9rcoles en el Centro Cultural Jos\u00e9 Luis Garc\u00eda Palacios de Sevilla la segunda edici\u00f3n de \u2018Plaza del reloj. Escritos sobre Lora\u2019, editado por la Fundaci\u00f3n Caja Rural del Sur, recopilaci\u00f3n de art\u00edculos sobre la localidad sevillana Lora del R\u00edo.<\/p>\n<p>El catedr\u00e1tico em\u00e9rito estuvo acompa\u00f1ado en la presentaci\u00f3n por el presidente de la Fundaci\u00f3n Caja Rural del Sur,\u00a0Jos\u00e9 Luis-Garc\u00eda Palacios; el director de la Real Academia Sevillana de Buenas Letras,\u00a0Pablo Guti\u00e9rrez-Alviz; y el alcalde de Lora del R\u00edo,\u00a0Antonio Miguel Enamorado.<\/p>\n<p>Garc\u00eda-Palacios abri\u00f3 el acto y destac\u00f3 la apuesta por la cultura de la instituci\u00f3n que preside, as\u00ed como por las \u00abtradiciones que nos han forjado como sociedad y que tenemos el deber de traspasar a otras generaciones\u00bb.<\/p>\n<p>Guti\u00e9rrez-Alviz, responsable tambi\u00e9n del pr\u00f3logo del libro, realiz\u00f3 una elogiosa y cuidada presentaci\u00f3n de esta \u2018Plaza del reloj\u2019, que calific\u00f3 de \u00abobra muy original\u00bb y \u00abbiograf\u00eda ejemplar\u00bb, escrita por \u00abun verdadero y completo poeta que se expresa no solo con meditaci\u00f3n y arte, sino con una vibrante nostalgia por su para\u00edso perdido\u00bb.<\/p>\n<p class=\"ladillo\">Antonio Miguel Enamorado agradeci\u00f3 a Reyes Cano el haber escrito una obra que \u00abes una aportaci\u00f3n a la historia de Lora del R\u00edo\u00bb.<\/p>\n<p>El libro rememora a modo biogr\u00e1fico la Lora del R\u00edo de los a\u00f1os cuarenta y cincuenta del siglo pasado, en una\u00a0sociedad rural\u00a0donde formaban parte del paisaje y el paisanaje esparteros, labriegos y cosarios. Una cultura agr\u00edcola, pr\u00e1cticamente perdida, que es lo que, en opini\u00f3n del autor, vincula a estas\u00a0estampas y cr\u00f3nicas lore\u00f1as con la Fundaci\u00f3n Caja Rural del Sur, a la que quiso agradecer su \u00ablabor de mecenazgo\u00bb.-<\/p>\n<p><a href=\"\/wp-content\/uploads\/2022\/03\/escritos-sobre-lora-2.jpg\" rel=\"lightbox-0\"><img loading=\"lazy\" decoding=\"async\" class=\"alignnone wp-image-7424 size-full\" src=\"\/wp-content\/uploads\/2022\/03\/escritos-sobre-lora-2.jpg\" alt=\"\" width=\"1024\" height=\"768\" srcset=\"https:\/\/fundacioncajaruraldelsur.com\/wp-content\/uploads\/2022\/03\/escritos-sobre-lora-2.jpg 1024w, https:\/\/fundacioncajaruraldelsur.com\/wp-content\/uploads\/2022\/03\/escritos-sobre-lora-2-300x225.jpg 300w, https:\/\/fundacioncajaruraldelsur.com\/wp-content\/uploads\/2022\/03\/escritos-sobre-lora-2-768x576.jpg 768w\" sizes=\"auto, (max-width: 1024px) 100vw, 1024px\" \/><\/a><\/p>","protected":false},"excerpt":{"rendered":"<p>El catedr\u00e1tico em\u00e9rito de la Universidad de Sevilla y miembro de la Real Academia Sevillana de Buenas Letras, Rogelio Reyes Cano, ha presentado este mi\u00e9rcoles en el Centro Cultural Jos\u00e9 [&hellip;]<\/p>\n","protected":false},"author":6,"featured_media":7425,"comment_status":"closed","ping_status":"closed","sticky":false,"template":"","format":"standard","meta":{"footnotes":""},"categories":[84],"tags":[],"class_list":["post-7423","post","type-post","status-publish","format-standard","has-post-thumbnail","hentry","category-presentaciones"],"yoast_head":"<!-- This site is optimized with the Yoast SEO plugin v27.3 - https:\/\/yoast.com\/product\/yoast-seo-wordpress\/ -->\n<title>Presentaci\u00f3n del libro &quot;Plaza del reloj&quot; del catedr\u00e1tico em\u00e9rito Rogelio Reyes - Fundaci\u00f3n Caja Rural del Sur<\/title>\n<meta name=\"robots\" content=\"index, follow, max-snippet:-1, max-image-preview:large, max-video-preview:-1\" \/>\n<link rel=\"canonical\" href=\"https:\/\/fundacioncajaruraldelsur.com\/pt\/presentacion-del-libro-plaza-del-reloj-del-catedratico-emerito-rogelio-reyes\/\" \/>\n<meta property=\"og:locale\" content=\"pt_PT\" \/>\n<meta property=\"og:type\" content=\"article\" \/>\n<meta property=\"og:title\" content=\"Presentaci\u00f3n del libro &quot;Plaza del reloj&quot; del catedr\u00e1tico em\u00e9rito Rogelio Reyes - Fundaci\u00f3n Caja Rural del Sur\" \/>\n<meta property=\"og:description\" content=\"El catedr\u00e1tico em\u00e9rito de la Universidad de Sevilla y miembro de la Real Academia Sevillana de Buenas Letras, Rogelio Reyes Cano, ha presentado este mi\u00e9rcoles en el Centro Cultural Jos\u00e9 [&hellip;]\" \/>\n<meta property=\"og:url\" content=\"https:\/\/fundacioncajaruraldelsur.com\/pt\/presentacion-del-libro-plaza-del-reloj-del-catedratico-emerito-rogelio-reyes\/\" \/>\n<meta property=\"og:site_name\" content=\"Fundaci\u00f3n Caja Rural del Sur\" \/>\n<meta property=\"article:published_time\" content=\"2022-03-09T22:45:16+00:00\" \/>\n<meta property=\"article:modified_time\" content=\"2022-03-09T22:46:52+00:00\" \/>\n<meta property=\"og:image\" content=\"https:\/\/fundacioncajaruraldelsur.com\/wp-content\/uploads\/2022\/03\/escritos-sobre-lora.jpg\" \/>\n\t<meta property=\"og:image:width\" content=\"1024\" \/>\n\t<meta property=\"og:image:height\" content=\"768\" \/>\n\t<meta property=\"og:image:type\" content=\"image\/jpeg\" \/>\n<meta name=\"author\" content=\"Comunicaci\u00f3n\" \/>\n<meta name=\"twitter:card\" content=\"summary_large_image\" \/>\n<meta name=\"twitter:label1\" content=\"Written by\" \/>\n\t<meta name=\"twitter:data1\" content=\"Comunicaci\u00f3n\" \/>\n\t<meta name=\"twitter:label2\" content=\"Est. reading time\" \/>\n\t<meta name=\"twitter:data2\" content=\"2 minutes\" \/>\n<script type=\"application\/ld+json\" class=\"yoast-schema-graph\">{\"@context\":\"https:\\\/\\\/schema.org\",\"@graph\":[{\"@type\":\"Article\",\"@id\":\"https:\\\/\\\/fundacioncajaruraldelsur.com\\\/presentacion-del-libro-plaza-del-reloj-del-catedratico-emerito-rogelio-reyes\\\/#article\",\"isPartOf\":{\"@id\":\"https:\\\/\\\/fundacioncajaruraldelsur.com\\\/presentacion-del-libro-plaza-del-reloj-del-catedratico-emerito-rogelio-reyes\\\/\"},\"author\":{\"name\":\"Comunicaci\u00f3n\",\"@id\":\"https:\\\/\\\/fundacioncajaruraldelsur.com\\\/#\\\/schema\\\/person\\\/f430da9fb783d505ff061ad8b3d44577\"},\"headline\":\"Presentaci\u00f3n del libro \u00abPlaza del reloj\u00bb del catedr\u00e1tico em\u00e9rito Rogelio Reyes\",\"datePublished\":\"2022-03-09T22:45:16+00:00\",\"dateModified\":\"2022-03-09T22:46:52+00:00\",\"mainEntityOfPage\":{\"@id\":\"https:\\\/\\\/fundacioncajaruraldelsur.com\\\/presentacion-del-libro-plaza-del-reloj-del-catedratico-emerito-rogelio-reyes\\\/\"},\"wordCount\":340,\"image\":{\"@id\":\"https:\\\/\\\/fundacioncajaruraldelsur.com\\\/presentacion-del-libro-plaza-del-reloj-del-catedratico-emerito-rogelio-reyes\\\/#primaryimage\"},\"thumbnailUrl\":\"https:\\\/\\\/fundacioncajaruraldelsur.com\\\/wp-content\\\/uploads\\\/2022\\\/03\\\/escritos-sobre-lora.jpg\",\"articleSection\":[\"Presentaciones\"],\"inLanguage\":\"pt-PT\"},{\"@type\":\"WebPage\",\"@id\":\"https:\\\/\\\/fundacioncajaruraldelsur.com\\\/presentacion-del-libro-plaza-del-reloj-del-catedratico-emerito-rogelio-reyes\\\/\",\"url\":\"https:\\\/\\\/fundacioncajaruraldelsur.com\\\/presentacion-del-libro-plaza-del-reloj-del-catedratico-emerito-rogelio-reyes\\\/\",\"name\":\"Presentaci\u00f3n del libro \\\"Plaza del reloj\\\" del catedr\u00e1tico em\u00e9rito Rogelio Reyes - Fundaci\u00f3n Caja Rural del Sur\",\"isPartOf\":{\"@id\":\"https:\\\/\\\/fundacioncajaruraldelsur.com\\\/#website\"},\"primaryImageOfPage\":{\"@id\":\"https:\\\/\\\/fundacioncajaruraldelsur.com\\\/presentacion-del-libro-plaza-del-reloj-del-catedratico-emerito-rogelio-reyes\\\/#primaryimage\"},\"image\":{\"@id\":\"https:\\\/\\\/fundacioncajaruraldelsur.com\\\/presentacion-del-libro-plaza-del-reloj-del-catedratico-emerito-rogelio-reyes\\\/#primaryimage\"},\"thumbnailUrl\":\"https:\\\/\\\/fundacioncajaruraldelsur.com\\\/wp-content\\\/uploads\\\/2022\\\/03\\\/escritos-sobre-lora.jpg\",\"datePublished\":\"2022-03-09T22:45:16+00:00\",\"dateModified\":\"2022-03-09T22:46:52+00:00\",\"author\":{\"@id\":\"https:\\\/\\\/fundacioncajaruraldelsur.com\\\/#\\\/schema\\\/person\\\/f430da9fb783d505ff061ad8b3d44577\"},\"breadcrumb\":{\"@id\":\"https:\\\/\\\/fundacioncajaruraldelsur.com\\\/presentacion-del-libro-plaza-del-reloj-del-catedratico-emerito-rogelio-reyes\\\/#breadcrumb\"},\"inLanguage\":\"pt-PT\",\"potentialAction\":[{\"@type\":\"ReadAction\",\"target\":[\"https:\\\/\\\/fundacioncajaruraldelsur.com\\\/presentacion-del-libro-plaza-del-reloj-del-catedratico-emerito-rogelio-reyes\\\/\"]}]},{\"@type\":\"ImageObject\",\"inLanguage\":\"pt-PT\",\"@id\":\"https:\\\/\\\/fundacioncajaruraldelsur.com\\\/presentacion-del-libro-plaza-del-reloj-del-catedratico-emerito-rogelio-reyes\\\/#primaryimage\",\"url\":\"https:\\\/\\\/fundacioncajaruraldelsur.com\\\/wp-content\\\/uploads\\\/2022\\\/03\\\/escritos-sobre-lora.jpg\",\"contentUrl\":\"https:\\\/\\\/fundacioncajaruraldelsur.com\\\/wp-content\\\/uploads\\\/2022\\\/03\\\/escritos-sobre-lora.jpg\",\"width\":1024,\"height\":768},{\"@type\":\"BreadcrumbList\",\"@id\":\"https:\\\/\\\/fundacioncajaruraldelsur.com\\\/presentacion-del-libro-plaza-del-reloj-del-catedratico-emerito-rogelio-reyes\\\/#breadcrumb\",\"itemListElement\":[{\"@type\":\"ListItem\",\"position\":1,\"name\":\"Portada\",\"item\":\"https:\\\/\\\/fundacioncajaruraldelsur.com\\\/\"},{\"@type\":\"ListItem\",\"position\":2,\"name\":\"Presentaci\u00f3n del libro \u00abPlaza del reloj\u00bb del catedr\u00e1tico em\u00e9rito Rogelio Reyes\"}]},{\"@type\":\"WebSite\",\"@id\":\"https:\\\/\\\/fundacioncajaruraldelsur.com\\\/#website\",\"url\":\"https:\\\/\\\/fundacioncajaruraldelsur.com\\\/\",\"name\":\"Fundaci\u00f3n Caja Rural del Sur\",\"description\":\"\",\"potentialAction\":[{\"@type\":\"SearchAction\",\"target\":{\"@type\":\"EntryPoint\",\"urlTemplate\":\"https:\\\/\\\/fundacioncajaruraldelsur.com\\\/?s={search_term_string}\"},\"query-input\":{\"@type\":\"PropertyValueSpecification\",\"valueRequired\":true,\"valueName\":\"search_term_string\"}}],\"inLanguage\":\"pt-PT\"},{\"@type\":\"Person\",\"@id\":\"https:\\\/\\\/fundacioncajaruraldelsur.com\\\/#\\\/schema\\\/person\\\/f430da9fb783d505ff061ad8b3d44577\",\"name\":\"Comunicaci\u00f3n\",\"image\":{\"@type\":\"ImageObject\",\"inLanguage\":\"pt-PT\",\"@id\":\"https:\\\/\\\/secure.gravatar.com\\\/avatar\\\/0dca239875993680bac4603ad2de7942da018f52cc3a244578e0b3b09314a8d8?s=96&d=blank&r=g\",\"url\":\"https:\\\/\\\/secure.gravatar.com\\\/avatar\\\/0dca239875993680bac4603ad2de7942da018f52cc3a244578e0b3b09314a8d8?s=96&d=blank&r=g\",\"contentUrl\":\"https:\\\/\\\/secure.gravatar.com\\\/avatar\\\/0dca239875993680bac4603ad2de7942da018f52cc3a244578e0b3b09314a8d8?s=96&d=blank&r=g\",\"caption\":\"Comunicaci\u00f3n\"}}]}<\/script>\n<!-- \/ Yoast SEO plugin. -->","yoast_head_json":{"title":"Presentaci\u00f3n del libro \"Plaza del reloj\" del catedr\u00e1tico em\u00e9rito Rogelio Reyes - Fundaci\u00f3n Caja Rural del Sur","robots":{"index":"index","follow":"follow","max-snippet":"max-snippet:-1","max-image-preview":"max-image-preview:large","max-video-preview":"max-video-preview:-1"},"canonical":"https:\/\/fundacioncajaruraldelsur.com\/pt\/presentacion-del-libro-plaza-del-reloj-del-catedratico-emerito-rogelio-reyes\/","og_locale":"pt_PT","og_type":"article","og_title":"Presentaci\u00f3n del libro \"Plaza del reloj\" del catedr\u00e1tico em\u00e9rito Rogelio Reyes - Fundaci\u00f3n Caja Rural del Sur","og_description":"El catedr\u00e1tico em\u00e9rito de la Universidad de Sevilla y miembro de la Real Academia Sevillana de Buenas Letras, Rogelio Reyes Cano, ha presentado este mi\u00e9rcoles en el Centro Cultural Jos\u00e9 [&hellip;]","og_url":"https:\/\/fundacioncajaruraldelsur.com\/pt\/presentacion-del-libro-plaza-del-reloj-del-catedratico-emerito-rogelio-reyes\/","og_site_name":"Fundaci\u00f3n Caja Rural del Sur","article_published_time":"2022-03-09T22:45:16+00:00","article_modified_time":"2022-03-09T22:46:52+00:00","og_image":[{"width":1024,"height":768,"url":"https:\/\/fundacioncajaruraldelsur.com\/wp-content\/uploads\/2022\/03\/escritos-sobre-lora.jpg","type":"image\/jpeg"}],"author":"Comunicaci\u00f3n","twitter_card":"summary_large_image","twitter_misc":{"Written by":"Comunicaci\u00f3n","Est. reading time":"2 minutes"},"schema":{"@context":"https:\/\/schema.org","@graph":[{"@type":"Article","@id":"https:\/\/fundacioncajaruraldelsur.com\/presentacion-del-libro-plaza-del-reloj-del-catedratico-emerito-rogelio-reyes\/#article","isPartOf":{"@id":"https:\/\/fundacioncajaruraldelsur.com\/presentacion-del-libro-plaza-del-reloj-del-catedratico-emerito-rogelio-reyes\/"},"author":{"name":"Comunicaci\u00f3n","@id":"https:\/\/fundacioncajaruraldelsur.com\/#\/schema\/person\/f430da9fb783d505ff061ad8b3d44577"},"headline":"Presentaci\u00f3n del libro \u00abPlaza del reloj\u00bb del catedr\u00e1tico em\u00e9rito Rogelio Reyes","datePublished":"2022-03-09T22:45:16+00:00","dateModified":"2022-03-09T22:46:52+00:00","mainEntityOfPage":{"@id":"https:\/\/fundacioncajaruraldelsur.com\/presentacion-del-libro-plaza-del-reloj-del-catedratico-emerito-rogelio-reyes\/"},"wordCount":340,"image":{"@id":"https:\/\/fundacioncajaruraldelsur.com\/presentacion-del-libro-plaza-del-reloj-del-catedratico-emerito-rogelio-reyes\/#primaryimage"},"thumbnailUrl":"https:\/\/fundacioncajaruraldelsur.com\/wp-content\/uploads\/2022\/03\/escritos-sobre-lora.jpg","articleSection":["Presentaciones"],"inLanguage":"pt-PT"},{"@type":"WebPage","@id":"https:\/\/fundacioncajaruraldelsur.com\/presentacion-del-libro-plaza-del-reloj-del-catedratico-emerito-rogelio-reyes\/","url":"https:\/\/fundacioncajaruraldelsur.com\/presentacion-del-libro-plaza-del-reloj-del-catedratico-emerito-rogelio-reyes\/","name":"Presentaci\u00f3n del libro \"Plaza del reloj\" del catedr\u00e1tico em\u00e9rito Rogelio Reyes - Fundaci\u00f3n Caja Rural del Sur","isPartOf":{"@id":"https:\/\/fundacioncajaruraldelsur.com\/#website"},"primaryImageOfPage":{"@id":"https:\/\/fundacioncajaruraldelsur.com\/presentacion-del-libro-plaza-del-reloj-del-catedratico-emerito-rogelio-reyes\/#primaryimage"},"image":{"@id":"https:\/\/fundacioncajaruraldelsur.com\/presentacion-del-libro-plaza-del-reloj-del-catedratico-emerito-rogelio-reyes\/#primaryimage"},"thumbnailUrl":"https:\/\/fundacioncajaruraldelsur.com\/wp-content\/uploads\/2022\/03\/escritos-sobre-lora.jpg","datePublished":"2022-03-09T22:45:16+00:00","dateModified":"2022-03-09T22:46:52+00:00","author":{"@id":"https:\/\/fundacioncajaruraldelsur.com\/#\/schema\/person\/f430da9fb783d505ff061ad8b3d44577"},"breadcrumb":{"@id":"https:\/\/fundacioncajaruraldelsur.com\/presentacion-del-libro-plaza-del-reloj-del-catedratico-emerito-rogelio-reyes\/#breadcrumb"},"inLanguage":"pt-PT","potentialAction":[{"@type":"ReadAction","target":["https:\/\/fundacioncajaruraldelsur.com\/presentacion-del-libro-plaza-del-reloj-del-catedratico-emerito-rogelio-reyes\/"]}]},{"@type":"ImageObject","inLanguage":"pt-PT","@id":"https:\/\/fundacioncajaruraldelsur.com\/presentacion-del-libro-plaza-del-reloj-del-catedratico-emerito-rogelio-reyes\/#primaryimage","url":"https:\/\/fundacioncajaruraldelsur.com\/wp-content\/uploads\/2022\/03\/escritos-sobre-lora.jpg","contentUrl":"https:\/\/fundacioncajaruraldelsur.com\/wp-content\/uploads\/2022\/03\/escritos-sobre-lora.jpg","width":1024,"height":768},{"@type":"BreadcrumbList","@id":"https:\/\/fundacioncajaruraldelsur.com\/presentacion-del-libro-plaza-del-reloj-del-catedratico-emerito-rogelio-reyes\/#breadcrumb","itemListElement":[{"@type":"ListItem","position":1,"name":"Portada","item":"https:\/\/fundacioncajaruraldelsur.com\/"},{"@type":"ListItem","position":2,"name":"Presentaci\u00f3n del libro \u00abPlaza del reloj\u00bb del catedr\u00e1tico em\u00e9rito Rogelio Reyes"}]},{"@type":"WebSite","@id":"https:\/\/fundacioncajaruraldelsur.com\/#website","url":"https:\/\/fundacioncajaruraldelsur.com\/","name":"Funda\u00e7\u00e3o Caja Rural del Sur","description":"","potentialAction":[{"@type":"SearchAction","target":{"@type":"EntryPoint","urlTemplate":"https:\/\/fundacioncajaruraldelsur.com\/?s={search_term_string}"},"query-input":{"@type":"PropertyValueSpecification","valueRequired":true,"valueName":"search_term_string"}}],"inLanguage":"pt-PT"},{"@type":"Person","@id":"https:\/\/fundacioncajaruraldelsur.com\/#\/schema\/person\/f430da9fb783d505ff061ad8b3d44577","name":"Comunicaci\u00f3n","image":{"@type":"ImageObject","inLanguage":"pt-PT","@id":"https:\/\/secure.gravatar.com\/avatar\/0dca239875993680bac4603ad2de7942da018f52cc3a244578e0b3b09314a8d8?s=96&d=blank&r=g","url":"https:\/\/secure.gravatar.com\/avatar\/0dca239875993680bac4603ad2de7942da018f52cc3a244578e0b3b09314a8d8?s=96&d=blank&r=g","contentUrl":"https:\/\/secure.gravatar.com\/avatar\/0dca239875993680bac4603ad2de7942da018f52cc3a244578e0b3b09314a8d8?s=96&d=blank&r=g","caption":"Comunicaci\u00f3n"}}]}},"rttpg_featured_image_url":{"full":["https:\/\/fundacioncajaruraldelsur.com\/wp-content\/uploads\/2022\/03\/escritos-sobre-lora.jpg",1024,768,false],"landscape":["https:\/\/fundacioncajaruraldelsur.com\/wp-content\/uploads\/2022\/03\/escritos-sobre-lora.jpg",1024,768,false],"portraits":["https:\/\/fundacioncajaruraldelsur.com\/wp-content\/uploads\/2022\/03\/escritos-sobre-lora.jpg",1024,768,false],"thumbnail":["https:\/\/fundacioncajaruraldelsur.com\/wp-content\/uploads\/2022\/03\/escritos-sobre-lora-150x150.jpg",150,150,true],"medium":["https:\/\/fundacioncajaruraldelsur.com\/wp-content\/uploads\/2022\/03\/escritos-sobre-lora-300x225.jpg",300,225,true],"large":["https:\/\/fundacioncajaruraldelsur.com\/wp-content\/uploads\/2022\/03\/escritos-sobre-lora.jpg",960,720,false],"1536x1536":["https:\/\/fundacioncajaruraldelsur.com\/wp-content\/uploads\/2022\/03\/escritos-sobre-lora.jpg",1024,768,false],"2048x2048":["https:\/\/fundacioncajaruraldelsur.com\/wp-content\/uploads\/2022\/03\/escritos-sobre-lora.jpg",1024,768,false],"trp-custom-language-flag":["https:\/\/fundacioncajaruraldelsur.com\/wp-content\/uploads\/2022\/03\/escritos-sobre-lora.jpg",16,12,false],"blog-thumbnail":["https:\/\/fundacioncajaruraldelsur.com\/wp-content\/uploads\/2022\/03\/escritos-sobre-lora-400x200.jpg",400,200,true]},"rttpg_author":{"display_name":"Comunicaci\u00f3n","author_link":"https:\/\/fundacioncajaruraldelsur.com\/pt\/author\/sevillaadmin\/"},"rttpg_comment":0,"rttpg_category":"<a href=\"https:\/\/fundacioncajaruraldelsur.com\/pt\/category\/presentaciones\/\" rel=\"category tag\">Presentaciones<\/a>","rttpg_excerpt":"El catedr\u00e1tico em\u00e9rito de la Universidad de Sevilla y miembro de la Real Academia Sevillana de Buenas Letras, Rogelio Reyes Cano, ha presentado este mi\u00e9rcoles en el Centro Cultural Jos\u00e9 [&hellip;]","_links":{"self":[{"href":"https:\/\/fundacioncajaruraldelsur.com\/pt\/wp-json\/wp\/v2\/posts\/7423","targetHints":{"allow":["GET"]}}],"collection":[{"href":"https:\/\/fundacioncajaruraldelsur.com\/pt\/wp-json\/wp\/v2\/posts"}],"about":[{"href":"https:\/\/fundacioncajaruraldelsur.com\/pt\/wp-json\/wp\/v2\/types\/post"}],"author":[{"embeddable":true,"href":"https:\/\/fundacioncajaruraldelsur.com\/pt\/wp-json\/wp\/v2\/users\/6"}],"replies":[{"embeddable":true,"href":"https:\/\/fundacioncajaruraldelsur.com\/pt\/wp-json\/wp\/v2\/comments?post=7423"}],"version-history":[{"count":3,"href":"https:\/\/fundacioncajaruraldelsur.com\/pt\/wp-json\/wp\/v2\/posts\/7423\/revisions"}],"predecessor-version":[{"id":7428,"href":"https:\/\/fundacioncajaruraldelsur.com\/pt\/wp-json\/wp\/v2\/posts\/7423\/revisions\/7428"}],"wp:featuredmedia":[{"embeddable":true,"href":"https:\/\/fundacioncajaruraldelsur.com\/pt\/wp-json\/wp\/v2\/media\/7425"}],"wp:attachment":[{"href":"https:\/\/fundacioncajaruraldelsur.com\/pt\/wp-json\/wp\/v2\/media?parent=7423"}],"wp:term":[{"taxonomy":"category","embeddable":true,"href":"https:\/\/fundacioncajaruraldelsur.com\/pt\/wp-json\/wp\/v2\/categories?post=7423"},{"taxonomy":"post_tag","embeddable":true,"href":"https:\/\/fundacioncajaruraldelsur.com\/pt\/wp-json\/wp\/v2\/tags?post=7423"}],"curies":[{"name":"wp","href":"https:\/\/api.w.org\/{rel}","templated":true}]}}