{"id":7408,"date":"2022-03-07T17:28:36","date_gmt":"2022-03-07T15:28:36","guid":{"rendered":"\/?p=7408"},"modified":"2022-03-08T09:59:17","modified_gmt":"2022-03-08T07:59:17","slug":"la-empresa-pages-presenta-su-campana-de-publicidad-de-la-temporada-2022-en-sevilla","status":"publish","type":"post","link":"https:\/\/fundacioncajaruraldelsur.com\/pt\/la-empresa-pages-presenta-su-campana-de-publicidad-de-la-temporada-2022-en-sevilla\/","title":{"rendered":"La empresa Pag\u00e9s presenta su campa\u00f1a de publicidad de la temporada 2022 en Sevilla"},"content":{"rendered":"<p>La Fundaci\u00f3n Caja Rural del Sur ha acogido de nuevo este a\u00f1o la presentaci\u00f3n organizada por la empresa Pag\u00e9s de la campa\u00f1a publicitaria de la temporada de toros de 2022 en la Real Maestranza de Caballer\u00eda de Sevilla. A la presentaci\u00f3n asistieron<span class=\"x_Apple-converted-space\">\u00a0<\/span><strong class=\"\">Miguel Briones Artacho<\/strong>, Secretario General de Interior y Espect\u00e1culos p\u00fablicos de la Junta de Andaluc\u00eda; y<span class=\"x_Apple-converted-space\">\u00a0<\/span><strong class=\"\">Ricardo S\u00e1nchez Ant\u00fanez<\/strong>, delegado del Gobierno de la Junta de Andaluc\u00eda en Sevilla. Tambi\u00e9n estuvieron presentes el presidente de la Fundaci\u00f3n Caja Rural del Sur,<span class=\"x_Apple-converted-space\">\u00a0<\/span><strong class=\"\">Emilio Ponce<\/strong>, el torero<span class=\"x_Apple-converted-space\">\u00a0<\/span><strong class=\"\">Juan Antonio Ruiz &#8216;Espartaco&#8217;,<span class=\"x_Apple-converted-space\">\u00a0<\/span><\/strong>el ganadero<strong class=\"\"><span class=\"x_Apple-converted-space\">\u00a0<\/span>Eduardo Miura\u00a0<\/strong>y el presidente de la Asociaci\u00f3n Casas Palacio de Sevilla,<span class=\"x_Apple-converted-space\">\u00a0<\/span><strong class=\"\">Ricardo Gasc\u00f3 Mart\u00ednez<\/strong>, adem\u00e1s de los directores de Toromedia y Frente a Texto,<span class=\"x_Apple-converted-space\">\u00a0<\/span><strong class=\"\">Jos\u00e9 Enrique Moreno<\/strong><span class=\"x_Apple-converted-space\">\u00a0<\/span>y<span class=\"x_Apple-converted-space\">\u00a0<\/span><strong class=\"\">Salvador Toscano<\/strong>, encargados de explicar los contenidos de la campa\u00f1a, y por supuesto el empresario de la plaza sevillana,<span class=\"x_Apple-converted-space\">\u00a0<\/span><strong class=\"\">Ram\u00f3n Valencia<\/strong>.<\/p>\n<p style=\"text-align: left;\"><a href=\"\/wp-content\/uploads\/2022\/03\/Ponce-Mestranza.png\" rel=\"lightbox-0\"><img loading=\"lazy\" decoding=\"async\" class=\"alignleft wp-image-7412 size-full\" src=\"\/wp-content\/uploads\/2022\/03\/Ponce-Mestranza.png\" alt=\"\" width=\"1266\" height=\"650\" srcset=\"https:\/\/fundacioncajaruraldelsur.com\/wp-content\/uploads\/2022\/03\/Ponce-Mestranza.png 1266w, https:\/\/fundacioncajaruraldelsur.com\/wp-content\/uploads\/2022\/03\/Ponce-Mestranza-300x154.png 300w, https:\/\/fundacioncajaruraldelsur.com\/wp-content\/uploads\/2022\/03\/Ponce-Mestranza-1024x526.png 1024w, https:\/\/fundacioncajaruraldelsur.com\/wp-content\/uploads\/2022\/03\/Ponce-Mestranza-768x394.png 768w\" sizes=\"auto, (max-width: 1266px) 100vw, 1266px\" \/><\/a><\/p>\n<p style=\"text-align: left;\">En el acto intervino el Director de la Fundaci\u00f3n Caja Rural del Sur, Emilio Ponce, quien ha dado la bienvenida a la entidad a todos los asistentes y ha agradecido la elecci\u00f3n de nuevo este a\u00f1o para hacer p\u00fablica la campa\u00f1a.<\/p>\n<p>El periodista Jos\u00e9 Enrique Moreno fue el encargado de conducir el acto, que reuni\u00f3 a representantes de distintas instituciones.<\/p>\n<p>Para esta temporada taurina en Sevilla, la empresa Pag\u00e9s ha llevado a\u00a0 cabo una campa\u00f1a publicitaria ejecutada por las empresas Toromedia y de publicidad Frente a Texto, protagonizada por los seis toreros que componen la base del abono:<span class=\"x_Apple-converted-space\">\u00a0<\/span><strong class=\"\">Morante de la Puebla<\/strong>,<span class=\"x_Apple-converted-space\">\u00a0<\/span><strong class=\"\">El Juli<\/strong>,<span class=\"x_Apple-converted-space\">\u00a0<\/span><strong class=\"\">Manzanares<\/strong>,<span class=\"x_Apple-converted-space\">\u00a0<\/span><strong class=\"\">Juan Ortega<\/strong>,<span class=\"x_Apple-converted-space\">\u00a0<\/span><strong class=\"\">Roca Rey<\/strong><span class=\"x_Apple-converted-space\">\u00a0<\/span>y<span class=\"x_Apple-converted-space\">\u00a0<\/span><strong class=\"\">Pablo Aguado<\/strong>, a quienes la Empresa Pag\u00e9s\u00a0agradeci\u00f3 la inestimable colaboraci\u00f3n prestada.<\/p>\n<p>Esta campa\u00f1a parte de la idea del prestigioso fot\u00f3grafo\u00a0Tom\u00e1s Muruaga, que fue el primero en visualizar el toreo en estos entornos tan poco habituales. La Fiesta de los toros est\u00e1 necesitada de aportaciones de artistas que, como Muruaga, se asomen con m\u00e1ximo respeto y talento a ella para incidir en la faceta cultural que tiene todo lo que rodea a la Tauromaquia.<\/p>\n<p>El escenario elegido para la campa\u00f1a, y reflejado en las distintas creatividades, son casas palacio de Sevilla. Las elegidas para las sesiones fotogr\u00e1ficas y reflejadas en las fotograf\u00edas y spor son la Casa Salinas, la de Due\u00f1as y el Hospital de la Caridad.<\/p>\n<p>Esta campa\u00f1a se presenta bajo el lema, <strong class=\"mce\"><em class=\"mce\">Sevilla, El Palacio del Toreo<\/em><\/strong>, y el spot cuenta con la voz del escritor Antonio Garc\u00eda Barbeito como locutor.<\/p>\n<p><a href=\"https:\/\/twitter.com\/maestranzapages\/status\/1500808995585593346\">https:\/\/twitter.com\/maestranzapages\/status\/1500808995585593346<\/a><\/p>\n<p>&nbsp;<\/p>","protected":false},"excerpt":{"rendered":"<p>La Fundaci\u00f3n Caja Rural del Sur ha acogido de nuevo este a\u00f1o la presentaci\u00f3n organizada por la empresa Pag\u00e9s de la campa\u00f1a publicitaria de la temporada de toros de 2022 [&hellip;]<\/p>\n","protected":false},"author":6,"featured_media":7414,"comment_status":"closed","ping_status":"closed","sticky":false,"template":"","format":"standard","meta":{"footnotes":""},"categories":[84],"tags":[],"class_list":["post-7408","post","type-post","status-publish","format-standard","has-post-thumbnail","hentry","category-presentaciones"],"yoast_head":"<!-- This site is optimized with the Yoast SEO plugin v27.3 - https:\/\/yoast.com\/product\/yoast-seo-wordpress\/ -->\n<title>La empresa Pag\u00e9s presenta su campa\u00f1a de publicidad de la temporada 2022 en Sevilla - Fundaci\u00f3n Caja Rural del Sur<\/title>\n<meta name=\"robots\" content=\"index, follow, max-snippet:-1, max-image-preview:large, max-video-preview:-1\" \/>\n<link rel=\"canonical\" href=\"https:\/\/fundacioncajaruraldelsur.com\/pt\/la-empresa-pages-presenta-su-campana-de-publicidad-de-la-temporada-2022-en-sevilla\/\" \/>\n<meta property=\"og:locale\" content=\"pt_PT\" \/>\n<meta property=\"og:type\" content=\"article\" \/>\n<meta property=\"og:title\" content=\"La empresa Pag\u00e9s presenta su campa\u00f1a de publicidad de la temporada 2022 en Sevilla - Fundaci\u00f3n Caja Rural del Sur\" \/>\n<meta property=\"og:description\" content=\"La Fundaci\u00f3n Caja Rural del Sur ha acogido de nuevo este a\u00f1o la presentaci\u00f3n organizada por la empresa Pag\u00e9s de la campa\u00f1a publicitaria de la temporada de toros de 2022 [&hellip;]\" \/>\n<meta property=\"og:url\" content=\"https:\/\/fundacioncajaruraldelsur.com\/pt\/la-empresa-pages-presenta-su-campana-de-publicidad-de-la-temporada-2022-en-sevilla\/\" \/>\n<meta property=\"og:site_name\" content=\"Fundaci\u00f3n Caja Rural del Sur\" \/>\n<meta property=\"article:published_time\" content=\"2022-03-07T15:28:36+00:00\" \/>\n<meta property=\"article:modified_time\" content=\"2022-03-08T07:59:17+00:00\" \/>\n<meta property=\"og:image\" content=\"https:\/\/fundacioncajaruraldelsur.com\/wp-content\/uploads\/2022\/03\/Ponce.jpg\" \/>\n\t<meta property=\"og:image:width\" content=\"2048\" \/>\n\t<meta property=\"og:image:height\" content=\"1152\" \/>\n\t<meta property=\"og:image:type\" content=\"image\/jpeg\" \/>\n<meta name=\"author\" content=\"Comunicaci\u00f3n\" \/>\n<meta name=\"twitter:card\" content=\"summary_large_image\" \/>\n<meta name=\"twitter:label1\" content=\"Written by\" \/>\n\t<meta name=\"twitter:data1\" content=\"Comunicaci\u00f3n\" \/>\n\t<meta name=\"twitter:label2\" content=\"Est. reading time\" \/>\n\t<meta name=\"twitter:data2\" content=\"2 minutes\" \/>\n<script type=\"application\/ld+json\" class=\"yoast-schema-graph\">{\"@context\":\"https:\\\/\\\/schema.org\",\"@graph\":[{\"@type\":\"Article\",\"@id\":\"https:\\\/\\\/fundacioncajaruraldelsur.com\\\/la-empresa-pages-presenta-su-campana-de-publicidad-de-la-temporada-2022-en-sevilla\\\/#article\",\"isPartOf\":{\"@id\":\"https:\\\/\\\/fundacioncajaruraldelsur.com\\\/la-empresa-pages-presenta-su-campana-de-publicidad-de-la-temporada-2022-en-sevilla\\\/\"},\"author\":{\"name\":\"Comunicaci\u00f3n\",\"@id\":\"https:\\\/\\\/fundacioncajaruraldelsur.com\\\/#\\\/schema\\\/person\\\/f430da9fb783d505ff061ad8b3d44577\"},\"headline\":\"La empresa Pag\u00e9s presenta su campa\u00f1a de publicidad de la temporada 2022 en Sevilla\",\"datePublished\":\"2022-03-07T15:28:36+00:00\",\"dateModified\":\"2022-03-08T07:59:17+00:00\",\"mainEntityOfPage\":{\"@id\":\"https:\\\/\\\/fundacioncajaruraldelsur.com\\\/la-empresa-pages-presenta-su-campana-de-publicidad-de-la-temporada-2022-en-sevilla\\\/\"},\"wordCount\":458,\"image\":{\"@id\":\"https:\\\/\\\/fundacioncajaruraldelsur.com\\\/la-empresa-pages-presenta-su-campana-de-publicidad-de-la-temporada-2022-en-sevilla\\\/#primaryimage\"},\"thumbnailUrl\":\"https:\\\/\\\/fundacioncajaruraldelsur.com\\\/wp-content\\\/uploads\\\/2022\\\/03\\\/Ponce.jpg\",\"articleSection\":[\"Presentaciones\"],\"inLanguage\":\"pt-PT\"},{\"@type\":\"WebPage\",\"@id\":\"https:\\\/\\\/fundacioncajaruraldelsur.com\\\/la-empresa-pages-presenta-su-campana-de-publicidad-de-la-temporada-2022-en-sevilla\\\/\",\"url\":\"https:\\\/\\\/fundacioncajaruraldelsur.com\\\/la-empresa-pages-presenta-su-campana-de-publicidad-de-la-temporada-2022-en-sevilla\\\/\",\"name\":\"La empresa Pag\u00e9s presenta su campa\u00f1a de publicidad de la temporada 2022 en Sevilla - Fundaci\u00f3n Caja Rural del Sur\",\"isPartOf\":{\"@id\":\"https:\\\/\\\/fundacioncajaruraldelsur.com\\\/#website\"},\"primaryImageOfPage\":{\"@id\":\"https:\\\/\\\/fundacioncajaruraldelsur.com\\\/la-empresa-pages-presenta-su-campana-de-publicidad-de-la-temporada-2022-en-sevilla\\\/#primaryimage\"},\"image\":{\"@id\":\"https:\\\/\\\/fundacioncajaruraldelsur.com\\\/la-empresa-pages-presenta-su-campana-de-publicidad-de-la-temporada-2022-en-sevilla\\\/#primaryimage\"},\"thumbnailUrl\":\"https:\\\/\\\/fundacioncajaruraldelsur.com\\\/wp-content\\\/uploads\\\/2022\\\/03\\\/Ponce.jpg\",\"datePublished\":\"2022-03-07T15:28:36+00:00\",\"dateModified\":\"2022-03-08T07:59:17+00:00\",\"author\":{\"@id\":\"https:\\\/\\\/fundacioncajaruraldelsur.com\\\/#\\\/schema\\\/person\\\/f430da9fb783d505ff061ad8b3d44577\"},\"breadcrumb\":{\"@id\":\"https:\\\/\\\/fundacioncajaruraldelsur.com\\\/la-empresa-pages-presenta-su-campana-de-publicidad-de-la-temporada-2022-en-sevilla\\\/#breadcrumb\"},\"inLanguage\":\"pt-PT\",\"potentialAction\":[{\"@type\":\"ReadAction\",\"target\":[\"https:\\\/\\\/fundacioncajaruraldelsur.com\\\/la-empresa-pages-presenta-su-campana-de-publicidad-de-la-temporada-2022-en-sevilla\\\/\"]}]},{\"@type\":\"ImageObject\",\"inLanguage\":\"pt-PT\",\"@id\":\"https:\\\/\\\/fundacioncajaruraldelsur.com\\\/la-empresa-pages-presenta-su-campana-de-publicidad-de-la-temporada-2022-en-sevilla\\\/#primaryimage\",\"url\":\"https:\\\/\\\/fundacioncajaruraldelsur.com\\\/wp-content\\\/uploads\\\/2022\\\/03\\\/Ponce.jpg\",\"contentUrl\":\"https:\\\/\\\/fundacioncajaruraldelsur.com\\\/wp-content\\\/uploads\\\/2022\\\/03\\\/Ponce.jpg\",\"width\":2048,\"height\":1152},{\"@type\":\"BreadcrumbList\",\"@id\":\"https:\\\/\\\/fundacioncajaruraldelsur.com\\\/la-empresa-pages-presenta-su-campana-de-publicidad-de-la-temporada-2022-en-sevilla\\\/#breadcrumb\",\"itemListElement\":[{\"@type\":\"ListItem\",\"position\":1,\"name\":\"Portada\",\"item\":\"https:\\\/\\\/fundacioncajaruraldelsur.com\\\/\"},{\"@type\":\"ListItem\",\"position\":2,\"name\":\"La empresa Pag\u00e9s presenta su campa\u00f1a de publicidad de la temporada 2022 en Sevilla\"}]},{\"@type\":\"WebSite\",\"@id\":\"https:\\\/\\\/fundacioncajaruraldelsur.com\\\/#website\",\"url\":\"https:\\\/\\\/fundacioncajaruraldelsur.com\\\/\",\"name\":\"Fundaci\u00f3n Caja Rural del Sur\",\"description\":\"\",\"potentialAction\":[{\"@type\":\"SearchAction\",\"target\":{\"@type\":\"EntryPoint\",\"urlTemplate\":\"https:\\\/\\\/fundacioncajaruraldelsur.com\\\/?s={search_term_string}\"},\"query-input\":{\"@type\":\"PropertyValueSpecification\",\"valueRequired\":true,\"valueName\":\"search_term_string\"}}],\"inLanguage\":\"pt-PT\"},{\"@type\":\"Person\",\"@id\":\"https:\\\/\\\/fundacioncajaruraldelsur.com\\\/#\\\/schema\\\/person\\\/f430da9fb783d505ff061ad8b3d44577\",\"name\":\"Comunicaci\u00f3n\",\"image\":{\"@type\":\"ImageObject\",\"inLanguage\":\"pt-PT\",\"@id\":\"https:\\\/\\\/secure.gravatar.com\\\/avatar\\\/0dca239875993680bac4603ad2de7942da018f52cc3a244578e0b3b09314a8d8?s=96&d=blank&r=g\",\"url\":\"https:\\\/\\\/secure.gravatar.com\\\/avatar\\\/0dca239875993680bac4603ad2de7942da018f52cc3a244578e0b3b09314a8d8?s=96&d=blank&r=g\",\"contentUrl\":\"https:\\\/\\\/secure.gravatar.com\\\/avatar\\\/0dca239875993680bac4603ad2de7942da018f52cc3a244578e0b3b09314a8d8?s=96&d=blank&r=g\",\"caption\":\"Comunicaci\u00f3n\"}}]}<\/script>\n<!-- \/ Yoast SEO plugin. -->","yoast_head_json":{"title":"La empresa Pag\u00e9s presenta su campa\u00f1a de publicidad de la temporada 2022 en Sevilla - Fundaci\u00f3n Caja Rural del Sur","robots":{"index":"index","follow":"follow","max-snippet":"max-snippet:-1","max-image-preview":"max-image-preview:large","max-video-preview":"max-video-preview:-1"},"canonical":"https:\/\/fundacioncajaruraldelsur.com\/pt\/la-empresa-pages-presenta-su-campana-de-publicidad-de-la-temporada-2022-en-sevilla\/","og_locale":"pt_PT","og_type":"article","og_title":"La empresa Pag\u00e9s presenta su campa\u00f1a de publicidad de la temporada 2022 en Sevilla - Fundaci\u00f3n Caja Rural del Sur","og_description":"La Fundaci\u00f3n Caja Rural del Sur ha acogido de nuevo este a\u00f1o la presentaci\u00f3n organizada por la empresa Pag\u00e9s de la campa\u00f1a publicitaria de la temporada de toros de 2022 [&hellip;]","og_url":"https:\/\/fundacioncajaruraldelsur.com\/pt\/la-empresa-pages-presenta-su-campana-de-publicidad-de-la-temporada-2022-en-sevilla\/","og_site_name":"Fundaci\u00f3n Caja Rural del Sur","article_published_time":"2022-03-07T15:28:36+00:00","article_modified_time":"2022-03-08T07:59:17+00:00","og_image":[{"width":2048,"height":1152,"url":"https:\/\/fundacioncajaruraldelsur.com\/wp-content\/uploads\/2022\/03\/Ponce.jpg","type":"image\/jpeg"}],"author":"Comunicaci\u00f3n","twitter_card":"summary_large_image","twitter_misc":{"Written by":"Comunicaci\u00f3n","Est. reading time":"2 minutes"},"schema":{"@context":"https:\/\/schema.org","@graph":[{"@type":"Article","@id":"https:\/\/fundacioncajaruraldelsur.com\/la-empresa-pages-presenta-su-campana-de-publicidad-de-la-temporada-2022-en-sevilla\/#article","isPartOf":{"@id":"https:\/\/fundacioncajaruraldelsur.com\/la-empresa-pages-presenta-su-campana-de-publicidad-de-la-temporada-2022-en-sevilla\/"},"author":{"name":"Comunicaci\u00f3n","@id":"https:\/\/fundacioncajaruraldelsur.com\/#\/schema\/person\/f430da9fb783d505ff061ad8b3d44577"},"headline":"La empresa Pag\u00e9s presenta su campa\u00f1a de publicidad de la temporada 2022 en Sevilla","datePublished":"2022-03-07T15:28:36+00:00","dateModified":"2022-03-08T07:59:17+00:00","mainEntityOfPage":{"@id":"https:\/\/fundacioncajaruraldelsur.com\/la-empresa-pages-presenta-su-campana-de-publicidad-de-la-temporada-2022-en-sevilla\/"},"wordCount":458,"image":{"@id":"https:\/\/fundacioncajaruraldelsur.com\/la-empresa-pages-presenta-su-campana-de-publicidad-de-la-temporada-2022-en-sevilla\/#primaryimage"},"thumbnailUrl":"https:\/\/fundacioncajaruraldelsur.com\/wp-content\/uploads\/2022\/03\/Ponce.jpg","articleSection":["Presentaciones"],"inLanguage":"pt-PT"},{"@type":"WebPage","@id":"https:\/\/fundacioncajaruraldelsur.com\/la-empresa-pages-presenta-su-campana-de-publicidad-de-la-temporada-2022-en-sevilla\/","url":"https:\/\/fundacioncajaruraldelsur.com\/la-empresa-pages-presenta-su-campana-de-publicidad-de-la-temporada-2022-en-sevilla\/","name":"La empresa Pag\u00e9s presenta su campa\u00f1a de publicidad de la temporada 2022 en Sevilla - Fundaci\u00f3n Caja Rural del Sur","isPartOf":{"@id":"https:\/\/fundacioncajaruraldelsur.com\/#website"},"primaryImageOfPage":{"@id":"https:\/\/fundacioncajaruraldelsur.com\/la-empresa-pages-presenta-su-campana-de-publicidad-de-la-temporada-2022-en-sevilla\/#primaryimage"},"image":{"@id":"https:\/\/fundacioncajaruraldelsur.com\/la-empresa-pages-presenta-su-campana-de-publicidad-de-la-temporada-2022-en-sevilla\/#primaryimage"},"thumbnailUrl":"https:\/\/fundacioncajaruraldelsur.com\/wp-content\/uploads\/2022\/03\/Ponce.jpg","datePublished":"2022-03-07T15:28:36+00:00","dateModified":"2022-03-08T07:59:17+00:00","author":{"@id":"https:\/\/fundacioncajaruraldelsur.com\/#\/schema\/person\/f430da9fb783d505ff061ad8b3d44577"},"breadcrumb":{"@id":"https:\/\/fundacioncajaruraldelsur.com\/la-empresa-pages-presenta-su-campana-de-publicidad-de-la-temporada-2022-en-sevilla\/#breadcrumb"},"inLanguage":"pt-PT","potentialAction":[{"@type":"ReadAction","target":["https:\/\/fundacioncajaruraldelsur.com\/la-empresa-pages-presenta-su-campana-de-publicidad-de-la-temporada-2022-en-sevilla\/"]}]},{"@type":"ImageObject","inLanguage":"pt-PT","@id":"https:\/\/fundacioncajaruraldelsur.com\/la-empresa-pages-presenta-su-campana-de-publicidad-de-la-temporada-2022-en-sevilla\/#primaryimage","url":"https:\/\/fundacioncajaruraldelsur.com\/wp-content\/uploads\/2022\/03\/Ponce.jpg","contentUrl":"https:\/\/fundacioncajaruraldelsur.com\/wp-content\/uploads\/2022\/03\/Ponce.jpg","width":2048,"height":1152},{"@type":"BreadcrumbList","@id":"https:\/\/fundacioncajaruraldelsur.com\/la-empresa-pages-presenta-su-campana-de-publicidad-de-la-temporada-2022-en-sevilla\/#breadcrumb","itemListElement":[{"@type":"ListItem","position":1,"name":"Portada","item":"https:\/\/fundacioncajaruraldelsur.com\/"},{"@type":"ListItem","position":2,"name":"La empresa Pag\u00e9s presenta su campa\u00f1a de publicidad de la temporada 2022 en Sevilla"}]},{"@type":"WebSite","@id":"https:\/\/fundacioncajaruraldelsur.com\/#website","url":"https:\/\/fundacioncajaruraldelsur.com\/","name":"Funda\u00e7\u00e3o Caja Rural del Sur","description":"","potentialAction":[{"@type":"SearchAction","target":{"@type":"EntryPoint","urlTemplate":"https:\/\/fundacioncajaruraldelsur.com\/?s={search_term_string}"},"query-input":{"@type":"PropertyValueSpecification","valueRequired":true,"valueName":"search_term_string"}}],"inLanguage":"pt-PT"},{"@type":"Person","@id":"https:\/\/fundacioncajaruraldelsur.com\/#\/schema\/person\/f430da9fb783d505ff061ad8b3d44577","name":"Comunicaci\u00f3n","image":{"@type":"ImageObject","inLanguage":"pt-PT","@id":"https:\/\/secure.gravatar.com\/avatar\/0dca239875993680bac4603ad2de7942da018f52cc3a244578e0b3b09314a8d8?s=96&d=blank&r=g","url":"https:\/\/secure.gravatar.com\/avatar\/0dca239875993680bac4603ad2de7942da018f52cc3a244578e0b3b09314a8d8?s=96&d=blank&r=g","contentUrl":"https:\/\/secure.gravatar.com\/avatar\/0dca239875993680bac4603ad2de7942da018f52cc3a244578e0b3b09314a8d8?s=96&d=blank&r=g","caption":"Comunicaci\u00f3n"}}]}},"rttpg_featured_image_url":{"full":["https:\/\/fundacioncajaruraldelsur.com\/wp-content\/uploads\/2022\/03\/Ponce.jpg",2048,1152,false],"landscape":["https:\/\/fundacioncajaruraldelsur.com\/wp-content\/uploads\/2022\/03\/Ponce.jpg",2048,1152,false],"portraits":["https:\/\/fundacioncajaruraldelsur.com\/wp-content\/uploads\/2022\/03\/Ponce.jpg",2048,1152,false],"thumbnail":["https:\/\/fundacioncajaruraldelsur.com\/wp-content\/uploads\/2022\/03\/Ponce-150x150.jpg",150,150,true],"medium":["https:\/\/fundacioncajaruraldelsur.com\/wp-content\/uploads\/2022\/03\/Ponce-300x169.jpg",300,169,true],"large":["https:\/\/fundacioncajaruraldelsur.com\/wp-content\/uploads\/2022\/03\/Ponce-1024x576.jpg",960,540,true],"1536x1536":["https:\/\/fundacioncajaruraldelsur.com\/wp-content\/uploads\/2022\/03\/Ponce-1536x864.jpg",1536,864,true],"2048x2048":["https:\/\/fundacioncajaruraldelsur.com\/wp-content\/uploads\/2022\/03\/Ponce.jpg",2048,1152,false],"trp-custom-language-flag":["https:\/\/fundacioncajaruraldelsur.com\/wp-content\/uploads\/2022\/03\/Ponce.jpg",18,10,false],"blog-thumbnail":["https:\/\/fundacioncajaruraldelsur.com\/wp-content\/uploads\/2022\/03\/Ponce-400x200.jpg",400,200,true]},"rttpg_author":{"display_name":"Comunicaci\u00f3n","author_link":"https:\/\/fundacioncajaruraldelsur.com\/pt\/author\/sevillaadmin\/"},"rttpg_comment":0,"rttpg_category":"<a href=\"https:\/\/fundacioncajaruraldelsur.com\/pt\/category\/presentaciones\/\" rel=\"category tag\">Presentaciones<\/a>","rttpg_excerpt":"La Fundaci\u00f3n Caja Rural del Sur ha acogido de nuevo este a\u00f1o la presentaci\u00f3n organizada por la empresa Pag\u00e9s de la campa\u00f1a publicitaria de la temporada de toros de 2022 [&hellip;]","_links":{"self":[{"href":"https:\/\/fundacioncajaruraldelsur.com\/pt\/wp-json\/wp\/v2\/posts\/7408","targetHints":{"allow":["GET"]}}],"collection":[{"href":"https:\/\/fundacioncajaruraldelsur.com\/pt\/wp-json\/wp\/v2\/posts"}],"about":[{"href":"https:\/\/fundacioncajaruraldelsur.com\/pt\/wp-json\/wp\/v2\/types\/post"}],"author":[{"embeddable":true,"href":"https:\/\/fundacioncajaruraldelsur.com\/pt\/wp-json\/wp\/v2\/users\/6"}],"replies":[{"embeddable":true,"href":"https:\/\/fundacioncajaruraldelsur.com\/pt\/wp-json\/wp\/v2\/comments?post=7408"}],"version-history":[{"count":6,"href":"https:\/\/fundacioncajaruraldelsur.com\/pt\/wp-json\/wp\/v2\/posts\/7408\/revisions"}],"predecessor-version":[{"id":7420,"href":"https:\/\/fundacioncajaruraldelsur.com\/pt\/wp-json\/wp\/v2\/posts\/7408\/revisions\/7420"}],"wp:featuredmedia":[{"embeddable":true,"href":"https:\/\/fundacioncajaruraldelsur.com\/pt\/wp-json\/wp\/v2\/media\/7414"}],"wp:attachment":[{"href":"https:\/\/fundacioncajaruraldelsur.com\/pt\/wp-json\/wp\/v2\/media?parent=7408"}],"wp:term":[{"taxonomy":"category","embeddable":true,"href":"https:\/\/fundacioncajaruraldelsur.com\/pt\/wp-json\/wp\/v2\/categories?post=7408"},{"taxonomy":"post_tag","embeddable":true,"href":"https:\/\/fundacioncajaruraldelsur.com\/pt\/wp-json\/wp\/v2\/tags?post=7408"}],"curies":[{"name":"wp","href":"https:\/\/api.w.org\/{rel}","templated":true}]}}