{"id":7392,"date":"2022-03-03T15:44:34","date_gmt":"2022-03-03T13:44:34","guid":{"rendered":"\/?p=7392"},"modified":"2022-03-03T15:47:59","modified_gmt":"2022-03-03T13:47:59","slug":"fundacion-caja-rural-del-sur-programa-con-musica-fundamental-un-nuevo-ciclo-de-ritmos-y-otras-musicas","status":"publish","type":"post","link":"https:\/\/fundacioncajaruraldelsur.com\/pt\/fundacion-caja-rural-del-sur-programa-con-musica-fundamental-un-nuevo-ciclo-de-ritmos-y-otras-musicas\/","title":{"rendered":"Fundaci\u00f3n Caja Rural del Sur en Huelva programa con \u00abM\u00fasica Fundamental\u00bb un nuevo ciclo de \u2018Ritmos y otras m\u00fasicas\u2019"},"content":{"rendered":"<p>La Fundaci\u00f3n Caja Rural del Sur ha dado a conocer la vuelta del ciclo \u2018M\u00fasica y otros ritmos\u2019 que ha quedado suspendido durante los dos \u00faltimos a\u00f1os como consecuencia de la pandemia y que se organiza de nuevo junto a M\u00fasica Fundamental. La primera de las actuaciones est\u00e1 prevista para el pr\u00f3ximo d\u00eda 18 de marzo en el Centro Cultural \u2018Jos\u00e9 Luis Garc\u00eda Palacios\u2019 en Huelva capital.<\/p>\n<p>Ser\u00e1 la banda musical \u2018Yomuri\u2019 la encargada de este primer concierto, cuya entrada al sal\u00f3n de actos ser\u00e1 libre hasta cubrir aforo. Este grupo trata de de rescatar y compartir el patrimonio musical tradicional asquenaz\u00ed de los pueblos jud\u00edos de la Europa central y oriental. Este legado musical de siglos es conocido como m\u00fasica klezmer. Igualmente, dentro de las m\u00fasicas del este, Yomuri est\u00e1 enfocando su repertorio al folk europeo participando en diversos festivales de danzas.<\/p>\n<p>El recorrido esc\u00e9nico de Yomuri camina ambivalente por distintos tipos de espacios, desde peque\u00f1as salas de concierto hasta festivales y encuentros balc\u00e1nicos o espacios de reconocido prestigio como la Fundaci\u00f3n Tres Culturas.<\/p>\n<p>Del mismo modo ha realizado giras recorriendo diferentes espacios de la geograf\u00eda espa\u00f1ola, portuguesa y francesa. Ha grabado dos discos, More klezmer s \u0301il te plait y Besarabia, con el sello \u2018M\u00fasica Fundamental\u2019.<\/p>\n<p>La segunda actuaci\u00f3n en el ciclo ser\u00e1 el siguiente viernes, d\u00eda 25 de marzo, a cargo de Angy Garc\u00eda, Voz\u2013Mezo soprano, que comienza su carrera como cantante en su infancia, participando de manera continuada en distintas corales polif\u00f3nicas e interpretando obras como el Mes\u00edas (H\u00e4ndel), Carmina Burana (CarlOrf), R\u00e9quiem en re menor, K.626(W.A.Mozart), entre otras. A partir de 2016 se forma en el \u00e1mbito de la m\u00fasica moderna con diferentes maestros de reconocida trayectoria y contin\u00faa desarrollando su potencial y belleza vocal con el jazz y otras m\u00fasicas.<\/p>\n<p>Y cerr\u00e1 el ciclo, el d\u00eda 31 de marzo, Rub\u00e9n Diez Tr\u00edo &amp; Ibrahim Diabate. \u00a0Un m\u00fasico y productor (flautas, gaita gallega), nacido en Vigo, y ha editado m\u00e1s una decena de grabaciones con distintas formaciones y como solista. Es cofundador y miembro del grupo \u201cRarefolk\u201d desde hace 25 a\u00f1os, y fundador de los grupos \u201cSheela Na Gig\u201d y \u201cThe burnt Old Men\u201d especializados en M\u00fasica tradicional irlandesa y Folk atl\u00e1ntico. Entre otros muchos, ha realizado conciertos de gran \u00e9xito de p\u00fablico en Noches en los Jardines del Real Alc\u00e1zar de Sevilla, M\u00fasica en los Palacios de \u00c9cija, M\u00fasica en la Hacienda de Tilly, Las Piedras Cantan\u2026 y con Rarefolk por todo el mundo. Desde el a\u00f1o 2001 es director del Aula de m\u00fasica tradicional del \u201cLar Gallego de Sevilla\u201d y colaborador habitual del festival internacional \u201cIrish Flead\u201d de C\u00e1ceres. Como actuaci\u00f3n muy especial para este ciclo de la Fundaci\u00f3n Caja Rural del Sur le acompa\u00f1ara el m\u00fasico senegal\u00e9s Ibrahim Diabate como artista invitado a la voz e instrumentos africanos.-<\/p>","protected":false},"excerpt":{"rendered":"<p>La Fundaci\u00f3n Caja Rural del Sur ha dado a conocer la vuelta del ciclo \u2018M\u00fasica y otros ritmos\u2019 que ha quedado suspendido durante los dos \u00faltimos a\u00f1os como consecuencia de [&hellip;]<\/p>\n","protected":false},"author":6,"featured_media":7393,"comment_status":"closed","ping_status":"closed","sticky":false,"template":"","format":"standard","meta":{"footnotes":""},"categories":[84],"tags":[],"class_list":["post-7392","post","type-post","status-publish","format-standard","has-post-thumbnail","hentry","category-presentaciones"],"yoast_head":"<!-- This site is optimized with the Yoast SEO plugin v27.3 - https:\/\/yoast.com\/product\/yoast-seo-wordpress\/ -->\n<title>Fundaci\u00f3n Caja Rural del Sur en Huelva programa con &quot;M\u00fasica Fundamental&quot; un nuevo ciclo de \u2018Ritmos y otras m\u00fasicas\u2019 - Fundaci\u00f3n Caja Rural del Sur<\/title>\n<meta name=\"robots\" content=\"index, follow, max-snippet:-1, max-image-preview:large, max-video-preview:-1\" \/>\n<link rel=\"canonical\" href=\"https:\/\/fundacioncajaruraldelsur.com\/pt\/fundacion-caja-rural-del-sur-programa-con-musica-fundamental-un-nuevo-ciclo-de-ritmos-y-otras-musicas\/\" \/>\n<meta property=\"og:locale\" content=\"pt_PT\" \/>\n<meta property=\"og:type\" content=\"article\" \/>\n<meta property=\"og:title\" content=\"Fundaci\u00f3n Caja Rural del Sur en Huelva programa con &quot;M\u00fasica Fundamental&quot; un nuevo ciclo de \u2018Ritmos y otras m\u00fasicas\u2019 - Fundaci\u00f3n Caja Rural del Sur\" \/>\n<meta property=\"og:description\" content=\"La Fundaci\u00f3n Caja Rural del Sur ha dado a conocer la vuelta del ciclo \u2018M\u00fasica y otros ritmos\u2019 que ha quedado suspendido durante los dos \u00faltimos a\u00f1os como consecuencia de [&hellip;]\" \/>\n<meta property=\"og:url\" content=\"https:\/\/fundacioncajaruraldelsur.com\/pt\/fundacion-caja-rural-del-sur-programa-con-musica-fundamental-un-nuevo-ciclo-de-ritmos-y-otras-musicas\/\" \/>\n<meta property=\"og:site_name\" content=\"Fundaci\u00f3n Caja Rural del Sur\" \/>\n<meta property=\"article:published_time\" content=\"2022-03-03T13:44:34+00:00\" \/>\n<meta property=\"article:modified_time\" content=\"2022-03-03T13:47:59+00:00\" \/>\n<meta property=\"og:image\" content=\"https:\/\/fundacioncajaruraldelsur.com\/wp-content\/uploads\/2022\/03\/220303.-Directivos-de-la-Fundacion-Caja-Rural-del-Sur-presenta-el-ciclo-fe-conciertos-despues-de-dos-anos-inactivos-por-la-pandemia..jpg\" \/>\n\t<meta property=\"og:image:width\" content=\"1512\" \/>\n\t<meta property=\"og:image:height\" content=\"2016\" \/>\n\t<meta property=\"og:image:type\" content=\"image\/jpeg\" \/>\n<meta name=\"author\" content=\"Comunicaci\u00f3n\" \/>\n<meta name=\"twitter:card\" content=\"summary_large_image\" \/>\n<meta name=\"twitter:label1\" content=\"Written by\" \/>\n\t<meta name=\"twitter:data1\" content=\"Comunicaci\u00f3n\" \/>\n\t<meta name=\"twitter:label2\" content=\"Est. reading time\" \/>\n\t<meta name=\"twitter:data2\" content=\"3 minutes\" \/>\n<script type=\"application\/ld+json\" class=\"yoast-schema-graph\">{\"@context\":\"https:\\\/\\\/schema.org\",\"@graph\":[{\"@type\":\"Article\",\"@id\":\"https:\\\/\\\/fundacioncajaruraldelsur.com\\\/fundacion-caja-rural-del-sur-programa-con-musica-fundamental-un-nuevo-ciclo-de-ritmos-y-otras-musicas\\\/#article\",\"isPartOf\":{\"@id\":\"https:\\\/\\\/fundacioncajaruraldelsur.com\\\/fundacion-caja-rural-del-sur-programa-con-musica-fundamental-un-nuevo-ciclo-de-ritmos-y-otras-musicas\\\/\"},\"author\":{\"name\":\"Comunicaci\u00f3n\",\"@id\":\"https:\\\/\\\/fundacioncajaruraldelsur.com\\\/#\\\/schema\\\/person\\\/f430da9fb783d505ff061ad8b3d44577\"},\"headline\":\"Fundaci\u00f3n Caja Rural del Sur en Huelva programa con \u00abM\u00fasica Fundamental\u00bb un nuevo ciclo de \u2018Ritmos y otras m\u00fasicas\u2019\",\"datePublished\":\"2022-03-03T13:44:34+00:00\",\"dateModified\":\"2022-03-03T13:47:59+00:00\",\"mainEntityOfPage\":{\"@id\":\"https:\\\/\\\/fundacioncajaruraldelsur.com\\\/fundacion-caja-rural-del-sur-programa-con-musica-fundamental-un-nuevo-ciclo-de-ritmos-y-otras-musicas\\\/\"},\"wordCount\":534,\"image\":{\"@id\":\"https:\\\/\\\/fundacioncajaruraldelsur.com\\\/fundacion-caja-rural-del-sur-programa-con-musica-fundamental-un-nuevo-ciclo-de-ritmos-y-otras-musicas\\\/#primaryimage\"},\"thumbnailUrl\":\"https:\\\/\\\/fundacioncajaruraldelsur.com\\\/wp-content\\\/uploads\\\/2022\\\/03\\\/220303.-Directivos-de-la-Fundacion-Caja-Rural-del-Sur-presenta-el-ciclo-fe-conciertos-despues-de-dos-anos-inactivos-por-la-pandemia..jpg\",\"articleSection\":[\"Presentaciones\"],\"inLanguage\":\"pt-PT\"},{\"@type\":\"WebPage\",\"@id\":\"https:\\\/\\\/fundacioncajaruraldelsur.com\\\/fundacion-caja-rural-del-sur-programa-con-musica-fundamental-un-nuevo-ciclo-de-ritmos-y-otras-musicas\\\/\",\"url\":\"https:\\\/\\\/fundacioncajaruraldelsur.com\\\/fundacion-caja-rural-del-sur-programa-con-musica-fundamental-un-nuevo-ciclo-de-ritmos-y-otras-musicas\\\/\",\"name\":\"Fundaci\u00f3n Caja Rural del Sur en Huelva programa con \\\"M\u00fasica Fundamental\\\" un nuevo ciclo de \u2018Ritmos y otras m\u00fasicas\u2019 - Fundaci\u00f3n Caja Rural del Sur\",\"isPartOf\":{\"@id\":\"https:\\\/\\\/fundacioncajaruraldelsur.com\\\/#website\"},\"primaryImageOfPage\":{\"@id\":\"https:\\\/\\\/fundacioncajaruraldelsur.com\\\/fundacion-caja-rural-del-sur-programa-con-musica-fundamental-un-nuevo-ciclo-de-ritmos-y-otras-musicas\\\/#primaryimage\"},\"image\":{\"@id\":\"https:\\\/\\\/fundacioncajaruraldelsur.com\\\/fundacion-caja-rural-del-sur-programa-con-musica-fundamental-un-nuevo-ciclo-de-ritmos-y-otras-musicas\\\/#primaryimage\"},\"thumbnailUrl\":\"https:\\\/\\\/fundacioncajaruraldelsur.com\\\/wp-content\\\/uploads\\\/2022\\\/03\\\/220303.-Directivos-de-la-Fundacion-Caja-Rural-del-Sur-presenta-el-ciclo-fe-conciertos-despues-de-dos-anos-inactivos-por-la-pandemia..jpg\",\"datePublished\":\"2022-03-03T13:44:34+00:00\",\"dateModified\":\"2022-03-03T13:47:59+00:00\",\"author\":{\"@id\":\"https:\\\/\\\/fundacioncajaruraldelsur.com\\\/#\\\/schema\\\/person\\\/f430da9fb783d505ff061ad8b3d44577\"},\"breadcrumb\":{\"@id\":\"https:\\\/\\\/fundacioncajaruraldelsur.com\\\/fundacion-caja-rural-del-sur-programa-con-musica-fundamental-un-nuevo-ciclo-de-ritmos-y-otras-musicas\\\/#breadcrumb\"},\"inLanguage\":\"pt-PT\",\"potentialAction\":[{\"@type\":\"ReadAction\",\"target\":[\"https:\\\/\\\/fundacioncajaruraldelsur.com\\\/fundacion-caja-rural-del-sur-programa-con-musica-fundamental-un-nuevo-ciclo-de-ritmos-y-otras-musicas\\\/\"]}]},{\"@type\":\"ImageObject\",\"inLanguage\":\"pt-PT\",\"@id\":\"https:\\\/\\\/fundacioncajaruraldelsur.com\\\/fundacion-caja-rural-del-sur-programa-con-musica-fundamental-un-nuevo-ciclo-de-ritmos-y-otras-musicas\\\/#primaryimage\",\"url\":\"https:\\\/\\\/fundacioncajaruraldelsur.com\\\/wp-content\\\/uploads\\\/2022\\\/03\\\/220303.-Directivos-de-la-Fundacion-Caja-Rural-del-Sur-presenta-el-ciclo-fe-conciertos-despues-de-dos-anos-inactivos-por-la-pandemia..jpg\",\"contentUrl\":\"https:\\\/\\\/fundacioncajaruraldelsur.com\\\/wp-content\\\/uploads\\\/2022\\\/03\\\/220303.-Directivos-de-la-Fundacion-Caja-Rural-del-Sur-presenta-el-ciclo-fe-conciertos-despues-de-dos-anos-inactivos-por-la-pandemia..jpg\",\"width\":1512,\"height\":2016},{\"@type\":\"BreadcrumbList\",\"@id\":\"https:\\\/\\\/fundacioncajaruraldelsur.com\\\/fundacion-caja-rural-del-sur-programa-con-musica-fundamental-un-nuevo-ciclo-de-ritmos-y-otras-musicas\\\/#breadcrumb\",\"itemListElement\":[{\"@type\":\"ListItem\",\"position\":1,\"name\":\"Portada\",\"item\":\"https:\\\/\\\/fundacioncajaruraldelsur.com\\\/\"},{\"@type\":\"ListItem\",\"position\":2,\"name\":\"Fundaci\u00f3n Caja Rural del Sur en Huelva programa con \u00abM\u00fasica Fundamental\u00bb un nuevo ciclo de \u2018Ritmos y otras m\u00fasicas\u2019\"}]},{\"@type\":\"WebSite\",\"@id\":\"https:\\\/\\\/fundacioncajaruraldelsur.com\\\/#website\",\"url\":\"https:\\\/\\\/fundacioncajaruraldelsur.com\\\/\",\"name\":\"Fundaci\u00f3n Caja Rural del Sur\",\"description\":\"\",\"potentialAction\":[{\"@type\":\"SearchAction\",\"target\":{\"@type\":\"EntryPoint\",\"urlTemplate\":\"https:\\\/\\\/fundacioncajaruraldelsur.com\\\/?s={search_term_string}\"},\"query-input\":{\"@type\":\"PropertyValueSpecification\",\"valueRequired\":true,\"valueName\":\"search_term_string\"}}],\"inLanguage\":\"pt-PT\"},{\"@type\":\"Person\",\"@id\":\"https:\\\/\\\/fundacioncajaruraldelsur.com\\\/#\\\/schema\\\/person\\\/f430da9fb783d505ff061ad8b3d44577\",\"name\":\"Comunicaci\u00f3n\",\"image\":{\"@type\":\"ImageObject\",\"inLanguage\":\"pt-PT\",\"@id\":\"https:\\\/\\\/secure.gravatar.com\\\/avatar\\\/0dca239875993680bac4603ad2de7942da018f52cc3a244578e0b3b09314a8d8?s=96&d=blank&r=g\",\"url\":\"https:\\\/\\\/secure.gravatar.com\\\/avatar\\\/0dca239875993680bac4603ad2de7942da018f52cc3a244578e0b3b09314a8d8?s=96&d=blank&r=g\",\"contentUrl\":\"https:\\\/\\\/secure.gravatar.com\\\/avatar\\\/0dca239875993680bac4603ad2de7942da018f52cc3a244578e0b3b09314a8d8?s=96&d=blank&r=g\",\"caption\":\"Comunicaci\u00f3n\"}}]}<\/script>\n<!-- \/ Yoast SEO plugin. -->","yoast_head_json":{"title":"Fundaci\u00f3n Caja Rural del Sur en Huelva programa con \"M\u00fasica Fundamental\" un nuevo ciclo de \u2018Ritmos y otras m\u00fasicas\u2019 - Fundaci\u00f3n Caja Rural del Sur","robots":{"index":"index","follow":"follow","max-snippet":"max-snippet:-1","max-image-preview":"max-image-preview:large","max-video-preview":"max-video-preview:-1"},"canonical":"https:\/\/fundacioncajaruraldelsur.com\/pt\/fundacion-caja-rural-del-sur-programa-con-musica-fundamental-un-nuevo-ciclo-de-ritmos-y-otras-musicas\/","og_locale":"pt_PT","og_type":"article","og_title":"Fundaci\u00f3n Caja Rural del Sur en Huelva programa con \"M\u00fasica Fundamental\" un nuevo ciclo de \u2018Ritmos y otras m\u00fasicas\u2019 - Fundaci\u00f3n Caja Rural del Sur","og_description":"La Fundaci\u00f3n Caja Rural del Sur ha dado a conocer la vuelta del ciclo \u2018M\u00fasica y otros ritmos\u2019 que ha quedado suspendido durante los dos \u00faltimos a\u00f1os como consecuencia de [&hellip;]","og_url":"https:\/\/fundacioncajaruraldelsur.com\/pt\/fundacion-caja-rural-del-sur-programa-con-musica-fundamental-un-nuevo-ciclo-de-ritmos-y-otras-musicas\/","og_site_name":"Fundaci\u00f3n Caja Rural del Sur","article_published_time":"2022-03-03T13:44:34+00:00","article_modified_time":"2022-03-03T13:47:59+00:00","og_image":[{"width":1512,"height":2016,"url":"https:\/\/fundacioncajaruraldelsur.com\/wp-content\/uploads\/2022\/03\/220303.-Directivos-de-la-Fundacion-Caja-Rural-del-Sur-presenta-el-ciclo-fe-conciertos-despues-de-dos-anos-inactivos-por-la-pandemia..jpg","type":"image\/jpeg"}],"author":"Comunicaci\u00f3n","twitter_card":"summary_large_image","twitter_misc":{"Written by":"Comunicaci\u00f3n","Est. reading time":"3 minutes"},"schema":{"@context":"https:\/\/schema.org","@graph":[{"@type":"Article","@id":"https:\/\/fundacioncajaruraldelsur.com\/fundacion-caja-rural-del-sur-programa-con-musica-fundamental-un-nuevo-ciclo-de-ritmos-y-otras-musicas\/#article","isPartOf":{"@id":"https:\/\/fundacioncajaruraldelsur.com\/fundacion-caja-rural-del-sur-programa-con-musica-fundamental-un-nuevo-ciclo-de-ritmos-y-otras-musicas\/"},"author":{"name":"Comunicaci\u00f3n","@id":"https:\/\/fundacioncajaruraldelsur.com\/#\/schema\/person\/f430da9fb783d505ff061ad8b3d44577"},"headline":"Fundaci\u00f3n Caja Rural del Sur en Huelva programa con \u00abM\u00fasica Fundamental\u00bb un nuevo ciclo de \u2018Ritmos y otras m\u00fasicas\u2019","datePublished":"2022-03-03T13:44:34+00:00","dateModified":"2022-03-03T13:47:59+00:00","mainEntityOfPage":{"@id":"https:\/\/fundacioncajaruraldelsur.com\/fundacion-caja-rural-del-sur-programa-con-musica-fundamental-un-nuevo-ciclo-de-ritmos-y-otras-musicas\/"},"wordCount":534,"image":{"@id":"https:\/\/fundacioncajaruraldelsur.com\/fundacion-caja-rural-del-sur-programa-con-musica-fundamental-un-nuevo-ciclo-de-ritmos-y-otras-musicas\/#primaryimage"},"thumbnailUrl":"https:\/\/fundacioncajaruraldelsur.com\/wp-content\/uploads\/2022\/03\/220303.-Directivos-de-la-Fundacion-Caja-Rural-del-Sur-presenta-el-ciclo-fe-conciertos-despues-de-dos-anos-inactivos-por-la-pandemia..jpg","articleSection":["Presentaciones"],"inLanguage":"pt-PT"},{"@type":"WebPage","@id":"https:\/\/fundacioncajaruraldelsur.com\/fundacion-caja-rural-del-sur-programa-con-musica-fundamental-un-nuevo-ciclo-de-ritmos-y-otras-musicas\/","url":"https:\/\/fundacioncajaruraldelsur.com\/fundacion-caja-rural-del-sur-programa-con-musica-fundamental-un-nuevo-ciclo-de-ritmos-y-otras-musicas\/","name":"Fundaci\u00f3n Caja Rural del Sur en Huelva programa con \"M\u00fasica Fundamental\" un nuevo ciclo de \u2018Ritmos y otras m\u00fasicas\u2019 - Fundaci\u00f3n Caja Rural del Sur","isPartOf":{"@id":"https:\/\/fundacioncajaruraldelsur.com\/#website"},"primaryImageOfPage":{"@id":"https:\/\/fundacioncajaruraldelsur.com\/fundacion-caja-rural-del-sur-programa-con-musica-fundamental-un-nuevo-ciclo-de-ritmos-y-otras-musicas\/#primaryimage"},"image":{"@id":"https:\/\/fundacioncajaruraldelsur.com\/fundacion-caja-rural-del-sur-programa-con-musica-fundamental-un-nuevo-ciclo-de-ritmos-y-otras-musicas\/#primaryimage"},"thumbnailUrl":"https:\/\/fundacioncajaruraldelsur.com\/wp-content\/uploads\/2022\/03\/220303.-Directivos-de-la-Fundacion-Caja-Rural-del-Sur-presenta-el-ciclo-fe-conciertos-despues-de-dos-anos-inactivos-por-la-pandemia..jpg","datePublished":"2022-03-03T13:44:34+00:00","dateModified":"2022-03-03T13:47:59+00:00","author":{"@id":"https:\/\/fundacioncajaruraldelsur.com\/#\/schema\/person\/f430da9fb783d505ff061ad8b3d44577"},"breadcrumb":{"@id":"https:\/\/fundacioncajaruraldelsur.com\/fundacion-caja-rural-del-sur-programa-con-musica-fundamental-un-nuevo-ciclo-de-ritmos-y-otras-musicas\/#breadcrumb"},"inLanguage":"pt-PT","potentialAction":[{"@type":"ReadAction","target":["https:\/\/fundacioncajaruraldelsur.com\/fundacion-caja-rural-del-sur-programa-con-musica-fundamental-un-nuevo-ciclo-de-ritmos-y-otras-musicas\/"]}]},{"@type":"ImageObject","inLanguage":"pt-PT","@id":"https:\/\/fundacioncajaruraldelsur.com\/fundacion-caja-rural-del-sur-programa-con-musica-fundamental-un-nuevo-ciclo-de-ritmos-y-otras-musicas\/#primaryimage","url":"https:\/\/fundacioncajaruraldelsur.com\/wp-content\/uploads\/2022\/03\/220303.-Directivos-de-la-Fundacion-Caja-Rural-del-Sur-presenta-el-ciclo-fe-conciertos-despues-de-dos-anos-inactivos-por-la-pandemia..jpg","contentUrl":"https:\/\/fundacioncajaruraldelsur.com\/wp-content\/uploads\/2022\/03\/220303.-Directivos-de-la-Fundacion-Caja-Rural-del-Sur-presenta-el-ciclo-fe-conciertos-despues-de-dos-anos-inactivos-por-la-pandemia..jpg","width":1512,"height":2016},{"@type":"BreadcrumbList","@id":"https:\/\/fundacioncajaruraldelsur.com\/fundacion-caja-rural-del-sur-programa-con-musica-fundamental-un-nuevo-ciclo-de-ritmos-y-otras-musicas\/#breadcrumb","itemListElement":[{"@type":"ListItem","position":1,"name":"Portada","item":"https:\/\/fundacioncajaruraldelsur.com\/"},{"@type":"ListItem","position":2,"name":"Fundaci\u00f3n Caja Rural del Sur en Huelva programa con \u00abM\u00fasica Fundamental\u00bb un nuevo ciclo de \u2018Ritmos y otras m\u00fasicas\u2019"}]},{"@type":"WebSite","@id":"https:\/\/fundacioncajaruraldelsur.com\/#website","url":"https:\/\/fundacioncajaruraldelsur.com\/","name":"Funda\u00e7\u00e3o Caja Rural del Sur","description":"","potentialAction":[{"@type":"SearchAction","target":{"@type":"EntryPoint","urlTemplate":"https:\/\/fundacioncajaruraldelsur.com\/?s={search_term_string}"},"query-input":{"@type":"PropertyValueSpecification","valueRequired":true,"valueName":"search_term_string"}}],"inLanguage":"pt-PT"},{"@type":"Person","@id":"https:\/\/fundacioncajaruraldelsur.com\/#\/schema\/person\/f430da9fb783d505ff061ad8b3d44577","name":"Comunicaci\u00f3n","image":{"@type":"ImageObject","inLanguage":"pt-PT","@id":"https:\/\/secure.gravatar.com\/avatar\/0dca239875993680bac4603ad2de7942da018f52cc3a244578e0b3b09314a8d8?s=96&d=blank&r=g","url":"https:\/\/secure.gravatar.com\/avatar\/0dca239875993680bac4603ad2de7942da018f52cc3a244578e0b3b09314a8d8?s=96&d=blank&r=g","contentUrl":"https:\/\/secure.gravatar.com\/avatar\/0dca239875993680bac4603ad2de7942da018f52cc3a244578e0b3b09314a8d8?s=96&d=blank&r=g","caption":"Comunicaci\u00f3n"}}]}},"rttpg_featured_image_url":{"full":["https:\/\/fundacioncajaruraldelsur.com\/wp-content\/uploads\/2022\/03\/220303.-Directivos-de-la-Fundacion-Caja-Rural-del-Sur-presenta-el-ciclo-fe-conciertos-despues-de-dos-anos-inactivos-por-la-pandemia..jpg",1512,2016,false],"landscape":["https:\/\/fundacioncajaruraldelsur.com\/wp-content\/uploads\/2022\/03\/220303.-Directivos-de-la-Fundacion-Caja-Rural-del-Sur-presenta-el-ciclo-fe-conciertos-despues-de-dos-anos-inactivos-por-la-pandemia..jpg",1512,2016,false],"portraits":["https:\/\/fundacioncajaruraldelsur.com\/wp-content\/uploads\/2022\/03\/220303.-Directivos-de-la-Fundacion-Caja-Rural-del-Sur-presenta-el-ciclo-fe-conciertos-despues-de-dos-anos-inactivos-por-la-pandemia..jpg",1512,2016,false],"thumbnail":["https:\/\/fundacioncajaruraldelsur.com\/wp-content\/uploads\/2022\/03\/220303.-Directivos-de-la-Fundacion-Caja-Rural-del-Sur-presenta-el-ciclo-fe-conciertos-despues-de-dos-anos-inactivos-por-la-pandemia.-150x150.jpg",150,150,true],"medium":["https:\/\/fundacioncajaruraldelsur.com\/wp-content\/uploads\/2022\/03\/220303.-Directivos-de-la-Fundacion-Caja-Rural-del-Sur-presenta-el-ciclo-fe-conciertos-despues-de-dos-anos-inactivos-por-la-pandemia.-225x300.jpg",225,300,true],"large":["https:\/\/fundacioncajaruraldelsur.com\/wp-content\/uploads\/2022\/03\/220303.-Directivos-de-la-Fundacion-Caja-Rural-del-Sur-presenta-el-ciclo-fe-conciertos-despues-de-dos-anos-inactivos-por-la-pandemia.-768x1024.jpg",768,1024,true],"1536x1536":["https:\/\/fundacioncajaruraldelsur.com\/wp-content\/uploads\/2022\/03\/220303.-Directivos-de-la-Fundacion-Caja-Rural-del-Sur-presenta-el-ciclo-fe-conciertos-despues-de-dos-anos-inactivos-por-la-pandemia.-1152x1536.jpg",1152,1536,true],"2048x2048":["https:\/\/fundacioncajaruraldelsur.com\/wp-content\/uploads\/2022\/03\/220303.-Directivos-de-la-Fundacion-Caja-Rural-del-Sur-presenta-el-ciclo-fe-conciertos-despues-de-dos-anos-inactivos-por-la-pandemia..jpg",1512,2016,false],"trp-custom-language-flag":["https:\/\/fundacioncajaruraldelsur.com\/wp-content\/uploads\/2022\/03\/220303.-Directivos-de-la-Fundacion-Caja-Rural-del-Sur-presenta-el-ciclo-fe-conciertos-despues-de-dos-anos-inactivos-por-la-pandemia..jpg",9,12,false],"blog-thumbnail":["https:\/\/fundacioncajaruraldelsur.com\/wp-content\/uploads\/2022\/03\/220303.-Directivos-de-la-Fundacion-Caja-Rural-del-Sur-presenta-el-ciclo-fe-conciertos-despues-de-dos-anos-inactivos-por-la-pandemia.-400x200.jpg",400,200,true]},"rttpg_author":{"display_name":"Comunicaci\u00f3n","author_link":"https:\/\/fundacioncajaruraldelsur.com\/pt\/author\/sevillaadmin\/"},"rttpg_comment":0,"rttpg_category":"<a href=\"https:\/\/fundacioncajaruraldelsur.com\/pt\/category\/presentaciones\/\" rel=\"category tag\">Presentaciones<\/a>","rttpg_excerpt":"La Fundaci\u00f3n Caja Rural del Sur ha dado a conocer la vuelta del ciclo \u2018M\u00fasica y otros ritmos\u2019 que ha quedado suspendido durante los dos \u00faltimos a\u00f1os como consecuencia de [&hellip;]","_links":{"self":[{"href":"https:\/\/fundacioncajaruraldelsur.com\/pt\/wp-json\/wp\/v2\/posts\/7392","targetHints":{"allow":["GET"]}}],"collection":[{"href":"https:\/\/fundacioncajaruraldelsur.com\/pt\/wp-json\/wp\/v2\/posts"}],"about":[{"href":"https:\/\/fundacioncajaruraldelsur.com\/pt\/wp-json\/wp\/v2\/types\/post"}],"author":[{"embeddable":true,"href":"https:\/\/fundacioncajaruraldelsur.com\/pt\/wp-json\/wp\/v2\/users\/6"}],"replies":[{"embeddable":true,"href":"https:\/\/fundacioncajaruraldelsur.com\/pt\/wp-json\/wp\/v2\/comments?post=7392"}],"version-history":[{"count":3,"href":"https:\/\/fundacioncajaruraldelsur.com\/pt\/wp-json\/wp\/v2\/posts\/7392\/revisions"}],"predecessor-version":[{"id":7396,"href":"https:\/\/fundacioncajaruraldelsur.com\/pt\/wp-json\/wp\/v2\/posts\/7392\/revisions\/7396"}],"wp:featuredmedia":[{"embeddable":true,"href":"https:\/\/fundacioncajaruraldelsur.com\/pt\/wp-json\/wp\/v2\/media\/7393"}],"wp:attachment":[{"href":"https:\/\/fundacioncajaruraldelsur.com\/pt\/wp-json\/wp\/v2\/media?parent=7392"}],"wp:term":[{"taxonomy":"category","embeddable":true,"href":"https:\/\/fundacioncajaruraldelsur.com\/pt\/wp-json\/wp\/v2\/categories?post=7392"},{"taxonomy":"post_tag","embeddable":true,"href":"https:\/\/fundacioncajaruraldelsur.com\/pt\/wp-json\/wp\/v2\/tags?post=7392"}],"curies":[{"name":"wp","href":"https:\/\/api.w.org\/{rel}","templated":true}]}}