{"id":7276,"date":"2022-02-19T14:07:59","date_gmt":"2022-02-19T12:07:59","guid":{"rendered":"\/?p=7276"},"modified":"2022-02-19T14:22:29","modified_gmt":"2022-02-19T12:22:29","slug":"presentacion-en-caja-rural-del-sur-del-cartel-de-la-semana-santa-de-sevilla-2022-obra-del-pintor-manolo-cuervo","status":"publish","type":"post","link":"https:\/\/fundacioncajaruraldelsur.com\/pt\/presentacion-en-caja-rural-del-sur-del-cartel-de-la-semana-santa-de-sevilla-2022-obra-del-pintor-manolo-cuervo\/","title":{"rendered":"Presentaci\u00f3n en Caja Rural del Sur del cartel de la Semana Santa de Sevilla 2022, obra del pintor Manolo Cuervo"},"content":{"rendered":"<p>La\u00a0sede de la Fundaci\u00f3n de la Caja Rural del Sur, entidad colaboradora del Consejo de Hermandades y Cofrad\u00edas de Sevilla, ha sido este s\u00e1bado, 19 de febrero, un a\u00f1o m\u00e1s, el marco de excepci\u00f3n del acto de presentaci\u00f3n del cartel de la Semana Santa de Sevilla 2022, encargado ete a\u00f1o al pintor onubense Manolo Cuervo.<\/p>\n<p>En el acto han intervenido presidente del Consejo de Hermandades, Francisco V\u00e9lez de Luna, el presidente de la Fundaci\u00f3n Caja Rural del Sur, Jos\u00e9 Luis Garc\u00eda-Palacios, y el alcalde de Sevilla, Antonio Mu\u00f1oz. Adem\u00e1s, la presentaci\u00f3n del cartelista ha corrido este a\u00f1o a cargo del consejero delegado de las Hermandades del Domingo de Ramos, Francisco Javier Bonilla.<\/p>\n<p><img loading=\"lazy\" decoding=\"async\" class=\"wp-image-10842 alignleft\" src=\"https:\/\/blogcrsur.es\/wp-content\/uploads\/2022\/02\/Garc%C3%ADa-Palacios-300x161.jpg\" sizes=\"auto, (max-width: 365px) 100vw, 365px\" srcset=\"https:\/\/blogcrsur.es\/wp-content\/uploads\/2022\/02\/Garc\u00eda-Palacios-300x161.jpg 300w, https:\/\/blogcrsur.es\/wp-content\/uploads\/2022\/02\/Garc\u00eda-Palacios.jpg 723w\" alt=\"\" width=\"365\" height=\"196\" \/>Como anfitri\u00f3n, Jos\u00e9 Luis Garc\u00eda-Palacios, presidente de la Fundaci\u00f3n Caja Rural del Sur, ha dado la bienvenida a la entidad un a\u00f1o m\u00e1s al mundo cofrade que ha asistido al acto de presentaci\u00f3n del cartel y ha agradecido al Consejo de Hermandades y Cofrad\u00edas de Sevilla \u201cla organizaci\u00f3n un a\u00f1o m\u00e1s de uno de los momentos m\u00e1s esperados como es la presentaci\u00f3n del cartel\u201d.<\/p>\n<p>&nbsp;<\/p>\n<p>As\u00ed el Presidente de la Fundaci\u00f3n Caja Rural del Sur ha destacado \u201cla ilusi\u00f3n que todos tenemos este a\u00f1o de poder volver a vivir la Semana Santa en las calles de Sevilla, despu\u00e9s de dos a\u00f1os sin poder llevarse a cabo por el Covid 19, una pandemia ante la que estoy convencido que con la ayuda de la providencia y la ciencia seremos capaces la humanidad de dar pasos y superar las dificultades que nos ha puesto por delante\u201d.<\/p>\n<p>Adem\u00e1s, Garc\u00eda-Palacios ha resaltado \u201cla savia esencial de las Hermandades y las Cofrad\u00edas como son las numerosas iniciativas de caridad con las que da ejemplo tal y como ha quedado patente en la etapa que hemos vivido\u201d.<\/p>\n<p><strong>El presidente de la instituci\u00f3n cofradiera, Francisco V\u00e9lez,<\/strong>\u00a0ha resaltado que \u201cestamos ante una obra que va a pasar a la historia de nuestros carteles de la Semana Santa de Sevilla. El valor art\u00edstico de esta pintura de Manolo Cuervo es indudable y el mensaje que ha transmitido, lleno de fervor y alegr\u00eda, es muy necesario despu\u00e9s de dos duros a\u00f1os marcados por la pandemia\u201d. La satisfacci\u00f3n del presidente del Consejo es \u201cplena\u201d tras presentarse \u201cel mejor cartel posible para anunciar esta pr\u00f3xima Semana Santa de Sevilla\u201d.<\/p>\n<p><img loading=\"lazy\" decoding=\"async\" class=\"size-medium wp-image-10841 alignleft\" src=\"https:\/\/blogcrsur.es\/wp-content\/uploads\/2022\/02\/Garc%C3%ADa-Palacios-2-300x165.jpg\" sizes=\"auto, (max-width: 300px) 100vw, 300px\" srcset=\"https:\/\/blogcrsur.es\/wp-content\/uploads\/2022\/02\/Garc\u00eda-Palacios-2-300x165.jpg 300w, https:\/\/blogcrsur.es\/wp-content\/uploads\/2022\/02\/Garc\u00eda-Palacios-2.jpg 720w\" alt=\"\" width=\"300\" height=\"165\" \/>El cartel de la Semana Santa de Manolo Cuervo ha sido presentado en un acto desarrollado con todas las\u00a0medidas preventivas para prevenir la propagaci\u00f3n del virus Covid-19. Adem\u00e1s, se ha podido seguir en directo a trav\u00e9s del canal de YouTube del Consejo de Hermandades. <a href=\"https:\/\/youtu.be\/Ad_41V3A0dc\u00a0.\">https:\/\/youtu.be\/Ad_41V3A0dc\u00a0.<\/a><\/p>\n<p>Manolo Cuervo en una obra al m\u00e1s puro estilo de este prestigioso pintor contempor\u00e1neo, a trav\u00e9s de sus trazos y la explosi\u00f3n de colores ha plasmado la fe, el fervor de un pueblo y, tambi\u00e9n, ese estilo \u2018pop art\u2019 de sus trazos que transmite la alegr\u00eda radiante y tan necesaria tras dos a\u00f1os marcados por la pandemia del coronavirus.<\/p>\n<p><strong><img loading=\"lazy\" decoding=\"async\" class=\"wp-image-10845 alignleft\" src=\"https:\/\/blogcrsur.es\/wp-content\/uploads\/2022\/02\/Cartel-Semana-Santa-2022-240x300.jpeg\" sizes=\"auto, (max-width: 338px) 100vw, 338px\" srcset=\"https:\/\/blogcrsur.es\/wp-content\/uploads\/2022\/02\/Cartel-Semana-Santa-2022-240x300.jpeg 240w, https:\/\/blogcrsur.es\/wp-content\/uploads\/2022\/02\/Cartel-Semana-Santa-2022-768x960.jpeg 768w, https:\/\/blogcrsur.es\/wp-content\/uploads\/2022\/02\/Cartel-Semana-Santa-2022-819x1024.jpeg 819w, https:\/\/blogcrsur.es\/wp-content\/uploads\/2022\/02\/Cartel-Semana-Santa-2022-1080x1350.jpeg 1080w, https:\/\/blogcrsur.es\/wp-content\/uploads\/2022\/02\/Cartel-Semana-Santa-2022.jpeg 1440w\" alt=\"\" width=\"338\" height=\"422\" \/>El Sant\u00edsimo Cristo de la Expiraci\u00f3n de la Hermandad del Cachorro es el eje central del cartel anunciador.<\/strong>\u00a0Una imagen que, seg\u00fan Cuervo, \u201cest\u00e1 tomada de una fotograf\u00eda que la hermandad tiene publicada en uno de sus libros\u201d. El artista traslad\u00f3 al p\u00fablico asistente que desde el primer momento tuvo claro que quer\u00eda pintar al crucificado de Ruiz Gij\u00f3n. \u201cCuando recib\u00ed la llamada del presidente del Consejo y acept\u00e9 el encargo no lo dud\u00e9. Tuve claro dos cosas: primero que quer\u00eda pintar el rostro de un Cristo despu\u00e9s de haber pintado a tres V\u00edrgenes en los carteles que he realizado para hermandades. Y segundo, que ser\u00eda el Cachorro. Es el primero en lo que pienso porque me encanta\u201d, ha se\u00f1alado Cuervo.<\/p>\n<p>Este acr\u00edlico realizado sobre 640 gramos de papel de algod\u00f3n y papel fabriano, con dimensiones de 105 x 75 cm., tambi\u00e9n guarda una emotiva historia que se refleja en la vieja y deteriorada estampa de la Esperanza de Triana que aparece en el margen superior derecho. Pegada sobre la pintura, esta estampa guarda muchos recuerdos para el pintor.<\/p>\n<p>\u201cEra noviembre de 1977 cuando mi madre, gran devota de la Virgen de la Esperanza, me entreg\u00f3 esta misma estampa. En aquel entonces embarqu\u00e9 con la Marina en el buque Juan Sebasti\u00e1n Elcano. Me iba de casa por nueves meses. Aquella estampa estuvo conmigo cada d\u00eda en el Lepanto mientras navegaba los mares y a partir de hoy quiero que quede por siempre guardada en este cartel de la Semana Santa\u201d, ha se\u00f1alado el autor del cartel.<\/p>\n<p>Una fotograf\u00eda, que hasta la fecha, Manolo Cuervo siempre hab\u00eda guardado en una de sus muchas cajas que tiene llenas de estampas y fotos que ha ido adquiriendo en los mercadillos y almacenando durante tantos a\u00f1os. \u201cSoy de la vieja escuela y me gusta guardar todas estas im\u00e1genes. Pero fue curioso porque cuando abr\u00ed una de esas cajas lo primero que me encontr\u00e9 fue esta estampa que me regal\u00f3 mi madre y no lo dud\u00e9\u201d, ha apuntado el autor del cartel.<\/p>\n<p>Este s\u00edmbolo plasmado en la obra tambi\u00e9n es un homenaje en forma de relicario a todas las devociones particulares de los cofrades de Sevilla. \u201cEsta estampa recuerda a las que los sevillanos guardan en sus carteras o las que se encuentran en miles de marcos en los bares y comercios de la ciudad\u201d, ha enfatizado en su presentaci\u00f3n.<\/p>\n<p><strong>Manolo Cuervo:\u00a0pintor, dise\u00f1ador gr\u00e1fico y cartelista<\/strong><\/p>\n<p>Manolo Cuervo (Isla Cristina -Huelva-, 1955) es un pintor, dise\u00f1ador gr\u00e1fico y cartelista, cuya est\u00e9tica retoma ciertas t\u00e9cnicas del expresionismo abstracto y el car\u00e1cter cr\u00edtico del pop en cuanto a sus creaciones seriadas. Se inspira en todo aquello que le rodea, desde la m\u00fasica -especialmente el jazz-, la literatura y el cine, hasta la propia prensa diaria que emplea para construir la historia de sus personajes y contextualizar sus escenas.<\/p>\n<p>A principios de los a\u00f1os 80, Manolo Cuervo crea la imagen de grandes eventos culturales en Sevilla tales como Cita en Sevilla, Festivales de Jazz, Festival de It\u00e1lica, Festival de Nueva M\u00fasica y Festival New Age (Universidad de Sevilla), Expo 92, Rising Stars (Fundaci\u00f3n Cajasol) o Territorio Sevilla. Su faceta como cartelista para el teatro es igualmente abundante, trabajando para numerosas compa\u00f1\u00edas teatrales.<\/p>\n<p>Ha participado en numerosas exposiciones, individuales y colectivas, tanto en Espa\u00f1a como en distintos pa\u00edses europeos. En Estados Unidos, podemos encontrar su obra en colecciones privadas y, como curiosidad, algunas obras suyas han aparecido en series de televisi\u00f3n norteamericanas como CSI Nueva York, Shake it up, Black-ish o Descolocados.<\/p>\n<p>De su obra dedicada a las cofrad\u00edas destaca el cartel de la\u00a0Macarena\u00a0de 2018 y el del 450 aniversario de la hermandad de la\u00a0Hiniesta\u00a0del a\u00f1o 2015. En otro plano, en 2006 pint\u00f3 el cartel de las Fiestas de la Primavera del Ayuntamiento de Sevilla y en 2020, el de la Semana Santa de Jerez.<\/p>\n<p>El Presidente de Caja Rural del Sur ha sido obsequiado por el Presidente del Consejo de Hermandades y Cofrad\u00edas, Francisco V\u00e9lez, con una reproducci\u00f3n del cartel anunciador de la Semana Santa de 2022.<\/p>\n<p><a href=\"\/wp-content\/uploads\/2022\/02\/Regalo-cartel.jpeg\" rel=\"lightbox-0\"><img loading=\"lazy\" decoding=\"async\" class=\"alignnone wp-image-7284 size-full\" src=\"\/wp-content\/uploads\/2022\/02\/Regalo-cartel.jpeg\" alt=\"\" width=\"2048\" height=\"1365\" srcset=\"https:\/\/fundacioncajaruraldelsur.com\/wp-content\/uploads\/2022\/02\/Regalo-cartel.jpeg 2048w, https:\/\/fundacioncajaruraldelsur.com\/wp-content\/uploads\/2022\/02\/Regalo-cartel-300x200.jpeg 300w, https:\/\/fundacioncajaruraldelsur.com\/wp-content\/uploads\/2022\/02\/Regalo-cartel-1024x683.jpeg 1024w, https:\/\/fundacioncajaruraldelsur.com\/wp-content\/uploads\/2022\/02\/Regalo-cartel-768x512.jpeg 768w, https:\/\/fundacioncajaruraldelsur.com\/wp-content\/uploads\/2022\/02\/Regalo-cartel-1536x1024.jpeg 1536w\" sizes=\"auto, (max-width: 2048px) 100vw, 2048px\" \/><\/a><\/p>\n<p><a href=\"\/wp-content\/uploads\/2022\/02\/publico-acto.jpeg\" rel=\"lightbox-1\"><img loading=\"lazy\" decoding=\"async\" class=\"alignnone wp-image-7286 size-full\" src=\"\/wp-content\/uploads\/2022\/02\/publico-acto.jpeg\" alt=\"\" width=\"1392\" height=\"929\" srcset=\"https:\/\/fundacioncajaruraldelsur.com\/wp-content\/uploads\/2022\/02\/publico-acto.jpeg 1392w, https:\/\/fundacioncajaruraldelsur.com\/wp-content\/uploads\/2022\/02\/publico-acto-300x200.jpeg 300w, https:\/\/fundacioncajaruraldelsur.com\/wp-content\/uploads\/2022\/02\/publico-acto-1024x683.jpeg 1024w, https:\/\/fundacioncajaruraldelsur.com\/wp-content\/uploads\/2022\/02\/publico-acto-768x513.jpeg 768w\" sizes=\"auto, (max-width: 1392px) 100vw, 1392px\" \/><\/a><\/p>","protected":false},"excerpt":{"rendered":"<p>La\u00a0sede de la Fundaci\u00f3n de la Caja Rural del Sur, entidad colaboradora del Consejo de Hermandades y Cofrad\u00edas de Sevilla, ha sido este s\u00e1bado, 19 de febrero, un a\u00f1o m\u00e1s, [&hellip;]<\/p>\n","protected":false},"author":6,"featured_media":7277,"comment_status":"closed","ping_status":"closed","sticky":false,"template":"","format":"standard","meta":{"footnotes":""},"categories":[1],"tags":[],"class_list":["post-7276","post","type-post","status-publish","format-standard","has-post-thumbnail","hentry","category-sin-categoria"],"yoast_head":"<!-- This site is optimized with the Yoast SEO plugin v27.3 - https:\/\/yoast.com\/product\/yoast-seo-wordpress\/ -->\n<title>Presentaci\u00f3n en Caja Rural del Sur del cartel de la Semana Santa de Sevilla 2022, obra del pintor Manolo Cuervo - Fundaci\u00f3n Caja Rural del Sur<\/title>\n<meta name=\"robots\" content=\"index, follow, max-snippet:-1, max-image-preview:large, max-video-preview:-1\" \/>\n<link rel=\"canonical\" href=\"https:\/\/fundacioncajaruraldelsur.com\/pt\/presentacion-en-caja-rural-del-sur-del-cartel-de-la-semana-santa-de-sevilla-2022-obra-del-pintor-manolo-cuervo\/\" \/>\n<meta property=\"og:locale\" content=\"pt_PT\" \/>\n<meta property=\"og:type\" content=\"article\" \/>\n<meta property=\"og:title\" content=\"Presentaci\u00f3n en Caja Rural del Sur del cartel de la Semana Santa de Sevilla 2022, obra del pintor Manolo Cuervo - Fundaci\u00f3n Caja Rural del Sur\" \/>\n<meta property=\"og:description\" content=\"La\u00a0sede de la Fundaci\u00f3n de la Caja Rural del Sur, entidad colaboradora del Consejo de Hermandades y Cofrad\u00edas de Sevilla, ha sido este s\u00e1bado, 19 de febrero, un a\u00f1o m\u00e1s, [&hellip;]\" \/>\n<meta property=\"og:url\" content=\"https:\/\/fundacioncajaruraldelsur.com\/pt\/presentacion-en-caja-rural-del-sur-del-cartel-de-la-semana-santa-de-sevilla-2022-obra-del-pintor-manolo-cuervo\/\" \/>\n<meta property=\"og:site_name\" content=\"Fundaci\u00f3n Caja Rural del Sur\" \/>\n<meta property=\"article:published_time\" content=\"2022-02-19T12:07:59+00:00\" \/>\n<meta property=\"article:modified_time\" content=\"2022-02-19T12:22:29+00:00\" \/>\n<meta property=\"og:image\" content=\"https:\/\/fundacioncajaruraldelsur.com\/wp-content\/uploads\/2022\/02\/Presentacion-Cartel-Semana-Santa-Sevilla-2022-en-Caja-Rural-del-Sur.jpeg\" \/>\n\t<meta property=\"og:image:width\" content=\"1299\" \/>\n\t<meta property=\"og:image:height\" content=\"867\" \/>\n\t<meta property=\"og:image:type\" content=\"image\/jpeg\" \/>\n<meta name=\"author\" content=\"Comunicaci\u00f3n\" \/>\n<meta name=\"twitter:card\" content=\"summary_large_image\" \/>\n<meta name=\"twitter:label1\" content=\"Written by\" \/>\n\t<meta name=\"twitter:data1\" content=\"Comunicaci\u00f3n\" \/>\n\t<meta name=\"twitter:label2\" content=\"Est. reading time\" \/>\n\t<meta name=\"twitter:data2\" content=\"6 minutes\" \/>\n<script type=\"application\/ld+json\" class=\"yoast-schema-graph\">{\"@context\":\"https:\\\/\\\/schema.org\",\"@graph\":[{\"@type\":\"Article\",\"@id\":\"https:\\\/\\\/fundacioncajaruraldelsur.com\\\/presentacion-en-caja-rural-del-sur-del-cartel-de-la-semana-santa-de-sevilla-2022-obra-del-pintor-manolo-cuervo\\\/#article\",\"isPartOf\":{\"@id\":\"https:\\\/\\\/fundacioncajaruraldelsur.com\\\/presentacion-en-caja-rural-del-sur-del-cartel-de-la-semana-santa-de-sevilla-2022-obra-del-pintor-manolo-cuervo\\\/\"},\"author\":{\"name\":\"Comunicaci\u00f3n\",\"@id\":\"https:\\\/\\\/fundacioncajaruraldelsur.com\\\/#\\\/schema\\\/person\\\/f430da9fb783d505ff061ad8b3d44577\"},\"headline\":\"Presentaci\u00f3n en Caja Rural del Sur del cartel de la Semana Santa de Sevilla 2022, obra del pintor Manolo Cuervo\",\"datePublished\":\"2022-02-19T12:07:59+00:00\",\"dateModified\":\"2022-02-19T12:22:29+00:00\",\"mainEntityOfPage\":{\"@id\":\"https:\\\/\\\/fundacioncajaruraldelsur.com\\\/presentacion-en-caja-rural-del-sur-del-cartel-de-la-semana-santa-de-sevilla-2022-obra-del-pintor-manolo-cuervo\\\/\"},\"wordCount\":1270,\"image\":{\"@id\":\"https:\\\/\\\/fundacioncajaruraldelsur.com\\\/presentacion-en-caja-rural-del-sur-del-cartel-de-la-semana-santa-de-sevilla-2022-obra-del-pintor-manolo-cuervo\\\/#primaryimage\"},\"thumbnailUrl\":\"https:\\\/\\\/fundacioncajaruraldelsur.com\\\/wp-content\\\/uploads\\\/2022\\\/02\\\/Presentacion-Cartel-Semana-Santa-Sevilla-2022-en-Caja-Rural-del-Sur.jpeg\",\"articleSection\":[\"Sin categor\u00eda\"],\"inLanguage\":\"pt-PT\"},{\"@type\":\"WebPage\",\"@id\":\"https:\\\/\\\/fundacioncajaruraldelsur.com\\\/presentacion-en-caja-rural-del-sur-del-cartel-de-la-semana-santa-de-sevilla-2022-obra-del-pintor-manolo-cuervo\\\/\",\"url\":\"https:\\\/\\\/fundacioncajaruraldelsur.com\\\/presentacion-en-caja-rural-del-sur-del-cartel-de-la-semana-santa-de-sevilla-2022-obra-del-pintor-manolo-cuervo\\\/\",\"name\":\"Presentaci\u00f3n en Caja Rural del Sur del cartel de la Semana Santa de Sevilla 2022, obra del pintor Manolo Cuervo - Fundaci\u00f3n Caja Rural del Sur\",\"isPartOf\":{\"@id\":\"https:\\\/\\\/fundacioncajaruraldelsur.com\\\/#website\"},\"primaryImageOfPage\":{\"@id\":\"https:\\\/\\\/fundacioncajaruraldelsur.com\\\/presentacion-en-caja-rural-del-sur-del-cartel-de-la-semana-santa-de-sevilla-2022-obra-del-pintor-manolo-cuervo\\\/#primaryimage\"},\"image\":{\"@id\":\"https:\\\/\\\/fundacioncajaruraldelsur.com\\\/presentacion-en-caja-rural-del-sur-del-cartel-de-la-semana-santa-de-sevilla-2022-obra-del-pintor-manolo-cuervo\\\/#primaryimage\"},\"thumbnailUrl\":\"https:\\\/\\\/fundacioncajaruraldelsur.com\\\/wp-content\\\/uploads\\\/2022\\\/02\\\/Presentacion-Cartel-Semana-Santa-Sevilla-2022-en-Caja-Rural-del-Sur.jpeg\",\"datePublished\":\"2022-02-19T12:07:59+00:00\",\"dateModified\":\"2022-02-19T12:22:29+00:00\",\"author\":{\"@id\":\"https:\\\/\\\/fundacioncajaruraldelsur.com\\\/#\\\/schema\\\/person\\\/f430da9fb783d505ff061ad8b3d44577\"},\"breadcrumb\":{\"@id\":\"https:\\\/\\\/fundacioncajaruraldelsur.com\\\/presentacion-en-caja-rural-del-sur-del-cartel-de-la-semana-santa-de-sevilla-2022-obra-del-pintor-manolo-cuervo\\\/#breadcrumb\"},\"inLanguage\":\"pt-PT\",\"potentialAction\":[{\"@type\":\"ReadAction\",\"target\":[\"https:\\\/\\\/fundacioncajaruraldelsur.com\\\/presentacion-en-caja-rural-del-sur-del-cartel-de-la-semana-santa-de-sevilla-2022-obra-del-pintor-manolo-cuervo\\\/\"]}]},{\"@type\":\"ImageObject\",\"inLanguage\":\"pt-PT\",\"@id\":\"https:\\\/\\\/fundacioncajaruraldelsur.com\\\/presentacion-en-caja-rural-del-sur-del-cartel-de-la-semana-santa-de-sevilla-2022-obra-del-pintor-manolo-cuervo\\\/#primaryimage\",\"url\":\"https:\\\/\\\/fundacioncajaruraldelsur.com\\\/wp-content\\\/uploads\\\/2022\\\/02\\\/Presentacion-Cartel-Semana-Santa-Sevilla-2022-en-Caja-Rural-del-Sur.jpeg\",\"contentUrl\":\"https:\\\/\\\/fundacioncajaruraldelsur.com\\\/wp-content\\\/uploads\\\/2022\\\/02\\\/Presentacion-Cartel-Semana-Santa-Sevilla-2022-en-Caja-Rural-del-Sur.jpeg\",\"width\":1299,\"height\":867},{\"@type\":\"BreadcrumbList\",\"@id\":\"https:\\\/\\\/fundacioncajaruraldelsur.com\\\/presentacion-en-caja-rural-del-sur-del-cartel-de-la-semana-santa-de-sevilla-2022-obra-del-pintor-manolo-cuervo\\\/#breadcrumb\",\"itemListElement\":[{\"@type\":\"ListItem\",\"position\":1,\"name\":\"Portada\",\"item\":\"https:\\\/\\\/fundacioncajaruraldelsur.com\\\/\"},{\"@type\":\"ListItem\",\"position\":2,\"name\":\"Presentaci\u00f3n en Caja Rural del Sur del cartel de la Semana Santa de Sevilla 2022, obra del pintor Manolo Cuervo\"}]},{\"@type\":\"WebSite\",\"@id\":\"https:\\\/\\\/fundacioncajaruraldelsur.com\\\/#website\",\"url\":\"https:\\\/\\\/fundacioncajaruraldelsur.com\\\/\",\"name\":\"Fundaci\u00f3n Caja Rural del Sur\",\"description\":\"\",\"potentialAction\":[{\"@type\":\"SearchAction\",\"target\":{\"@type\":\"EntryPoint\",\"urlTemplate\":\"https:\\\/\\\/fundacioncajaruraldelsur.com\\\/?s={search_term_string}\"},\"query-input\":{\"@type\":\"PropertyValueSpecification\",\"valueRequired\":true,\"valueName\":\"search_term_string\"}}],\"inLanguage\":\"pt-PT\"},{\"@type\":\"Person\",\"@id\":\"https:\\\/\\\/fundacioncajaruraldelsur.com\\\/#\\\/schema\\\/person\\\/f430da9fb783d505ff061ad8b3d44577\",\"name\":\"Comunicaci\u00f3n\",\"image\":{\"@type\":\"ImageObject\",\"inLanguage\":\"pt-PT\",\"@id\":\"https:\\\/\\\/secure.gravatar.com\\\/avatar\\\/0dca239875993680bac4603ad2de7942da018f52cc3a244578e0b3b09314a8d8?s=96&d=blank&r=g\",\"url\":\"https:\\\/\\\/secure.gravatar.com\\\/avatar\\\/0dca239875993680bac4603ad2de7942da018f52cc3a244578e0b3b09314a8d8?s=96&d=blank&r=g\",\"contentUrl\":\"https:\\\/\\\/secure.gravatar.com\\\/avatar\\\/0dca239875993680bac4603ad2de7942da018f52cc3a244578e0b3b09314a8d8?s=96&d=blank&r=g\",\"caption\":\"Comunicaci\u00f3n\"}}]}<\/script>\n<!-- \/ Yoast SEO plugin. -->","yoast_head_json":{"title":"Presentaci\u00f3n en Caja Rural del Sur del cartel de la Semana Santa de Sevilla 2022, obra del pintor Manolo Cuervo - Fundaci\u00f3n Caja Rural del Sur","robots":{"index":"index","follow":"follow","max-snippet":"max-snippet:-1","max-image-preview":"max-image-preview:large","max-video-preview":"max-video-preview:-1"},"canonical":"https:\/\/fundacioncajaruraldelsur.com\/pt\/presentacion-en-caja-rural-del-sur-del-cartel-de-la-semana-santa-de-sevilla-2022-obra-del-pintor-manolo-cuervo\/","og_locale":"pt_PT","og_type":"article","og_title":"Presentaci\u00f3n en Caja Rural del Sur del cartel de la Semana Santa de Sevilla 2022, obra del pintor Manolo Cuervo - Fundaci\u00f3n Caja Rural del Sur","og_description":"La\u00a0sede de la Fundaci\u00f3n de la Caja Rural del Sur, entidad colaboradora del Consejo de Hermandades y Cofrad\u00edas de Sevilla, ha sido este s\u00e1bado, 19 de febrero, un a\u00f1o m\u00e1s, [&hellip;]","og_url":"https:\/\/fundacioncajaruraldelsur.com\/pt\/presentacion-en-caja-rural-del-sur-del-cartel-de-la-semana-santa-de-sevilla-2022-obra-del-pintor-manolo-cuervo\/","og_site_name":"Fundaci\u00f3n Caja Rural del Sur","article_published_time":"2022-02-19T12:07:59+00:00","article_modified_time":"2022-02-19T12:22:29+00:00","og_image":[{"width":1299,"height":867,"url":"https:\/\/fundacioncajaruraldelsur.com\/wp-content\/uploads\/2022\/02\/Presentacion-Cartel-Semana-Santa-Sevilla-2022-en-Caja-Rural-del-Sur.jpeg","type":"image\/jpeg"}],"author":"Comunicaci\u00f3n","twitter_card":"summary_large_image","twitter_misc":{"Written by":"Comunicaci\u00f3n","Est. reading time":"6 minutes"},"schema":{"@context":"https:\/\/schema.org","@graph":[{"@type":"Article","@id":"https:\/\/fundacioncajaruraldelsur.com\/presentacion-en-caja-rural-del-sur-del-cartel-de-la-semana-santa-de-sevilla-2022-obra-del-pintor-manolo-cuervo\/#article","isPartOf":{"@id":"https:\/\/fundacioncajaruraldelsur.com\/presentacion-en-caja-rural-del-sur-del-cartel-de-la-semana-santa-de-sevilla-2022-obra-del-pintor-manolo-cuervo\/"},"author":{"name":"Comunicaci\u00f3n","@id":"https:\/\/fundacioncajaruraldelsur.com\/#\/schema\/person\/f430da9fb783d505ff061ad8b3d44577"},"headline":"Presentaci\u00f3n en Caja Rural del Sur del cartel de la Semana Santa de Sevilla 2022, obra del pintor Manolo Cuervo","datePublished":"2022-02-19T12:07:59+00:00","dateModified":"2022-02-19T12:22:29+00:00","mainEntityOfPage":{"@id":"https:\/\/fundacioncajaruraldelsur.com\/presentacion-en-caja-rural-del-sur-del-cartel-de-la-semana-santa-de-sevilla-2022-obra-del-pintor-manolo-cuervo\/"},"wordCount":1270,"image":{"@id":"https:\/\/fundacioncajaruraldelsur.com\/presentacion-en-caja-rural-del-sur-del-cartel-de-la-semana-santa-de-sevilla-2022-obra-del-pintor-manolo-cuervo\/#primaryimage"},"thumbnailUrl":"https:\/\/fundacioncajaruraldelsur.com\/wp-content\/uploads\/2022\/02\/Presentacion-Cartel-Semana-Santa-Sevilla-2022-en-Caja-Rural-del-Sur.jpeg","articleSection":["Sin categor\u00eda"],"inLanguage":"pt-PT"},{"@type":"WebPage","@id":"https:\/\/fundacioncajaruraldelsur.com\/presentacion-en-caja-rural-del-sur-del-cartel-de-la-semana-santa-de-sevilla-2022-obra-del-pintor-manolo-cuervo\/","url":"https:\/\/fundacioncajaruraldelsur.com\/presentacion-en-caja-rural-del-sur-del-cartel-de-la-semana-santa-de-sevilla-2022-obra-del-pintor-manolo-cuervo\/","name":"Presentaci\u00f3n en Caja Rural del Sur del cartel de la Semana Santa de Sevilla 2022, obra del pintor Manolo Cuervo - Fundaci\u00f3n Caja Rural del Sur","isPartOf":{"@id":"https:\/\/fundacioncajaruraldelsur.com\/#website"},"primaryImageOfPage":{"@id":"https:\/\/fundacioncajaruraldelsur.com\/presentacion-en-caja-rural-del-sur-del-cartel-de-la-semana-santa-de-sevilla-2022-obra-del-pintor-manolo-cuervo\/#primaryimage"},"image":{"@id":"https:\/\/fundacioncajaruraldelsur.com\/presentacion-en-caja-rural-del-sur-del-cartel-de-la-semana-santa-de-sevilla-2022-obra-del-pintor-manolo-cuervo\/#primaryimage"},"thumbnailUrl":"https:\/\/fundacioncajaruraldelsur.com\/wp-content\/uploads\/2022\/02\/Presentacion-Cartel-Semana-Santa-Sevilla-2022-en-Caja-Rural-del-Sur.jpeg","datePublished":"2022-02-19T12:07:59+00:00","dateModified":"2022-02-19T12:22:29+00:00","author":{"@id":"https:\/\/fundacioncajaruraldelsur.com\/#\/schema\/person\/f430da9fb783d505ff061ad8b3d44577"},"breadcrumb":{"@id":"https:\/\/fundacioncajaruraldelsur.com\/presentacion-en-caja-rural-del-sur-del-cartel-de-la-semana-santa-de-sevilla-2022-obra-del-pintor-manolo-cuervo\/#breadcrumb"},"inLanguage":"pt-PT","potentialAction":[{"@type":"ReadAction","target":["https:\/\/fundacioncajaruraldelsur.com\/presentacion-en-caja-rural-del-sur-del-cartel-de-la-semana-santa-de-sevilla-2022-obra-del-pintor-manolo-cuervo\/"]}]},{"@type":"ImageObject","inLanguage":"pt-PT","@id":"https:\/\/fundacioncajaruraldelsur.com\/presentacion-en-caja-rural-del-sur-del-cartel-de-la-semana-santa-de-sevilla-2022-obra-del-pintor-manolo-cuervo\/#primaryimage","url":"https:\/\/fundacioncajaruraldelsur.com\/wp-content\/uploads\/2022\/02\/Presentacion-Cartel-Semana-Santa-Sevilla-2022-en-Caja-Rural-del-Sur.jpeg","contentUrl":"https:\/\/fundacioncajaruraldelsur.com\/wp-content\/uploads\/2022\/02\/Presentacion-Cartel-Semana-Santa-Sevilla-2022-en-Caja-Rural-del-Sur.jpeg","width":1299,"height":867},{"@type":"BreadcrumbList","@id":"https:\/\/fundacioncajaruraldelsur.com\/presentacion-en-caja-rural-del-sur-del-cartel-de-la-semana-santa-de-sevilla-2022-obra-del-pintor-manolo-cuervo\/#breadcrumb","itemListElement":[{"@type":"ListItem","position":1,"name":"Portada","item":"https:\/\/fundacioncajaruraldelsur.com\/"},{"@type":"ListItem","position":2,"name":"Presentaci\u00f3n en Caja Rural del Sur del cartel de la Semana Santa de Sevilla 2022, obra del pintor Manolo Cuervo"}]},{"@type":"WebSite","@id":"https:\/\/fundacioncajaruraldelsur.com\/#website","url":"https:\/\/fundacioncajaruraldelsur.com\/","name":"Funda\u00e7\u00e3o Caja Rural del Sur","description":"","potentialAction":[{"@type":"SearchAction","target":{"@type":"EntryPoint","urlTemplate":"https:\/\/fundacioncajaruraldelsur.com\/?s={search_term_string}"},"query-input":{"@type":"PropertyValueSpecification","valueRequired":true,"valueName":"search_term_string"}}],"inLanguage":"pt-PT"},{"@type":"Person","@id":"https:\/\/fundacioncajaruraldelsur.com\/#\/schema\/person\/f430da9fb783d505ff061ad8b3d44577","name":"Comunicaci\u00f3n","image":{"@type":"ImageObject","inLanguage":"pt-PT","@id":"https:\/\/secure.gravatar.com\/avatar\/0dca239875993680bac4603ad2de7942da018f52cc3a244578e0b3b09314a8d8?s=96&d=blank&r=g","url":"https:\/\/secure.gravatar.com\/avatar\/0dca239875993680bac4603ad2de7942da018f52cc3a244578e0b3b09314a8d8?s=96&d=blank&r=g","contentUrl":"https:\/\/secure.gravatar.com\/avatar\/0dca239875993680bac4603ad2de7942da018f52cc3a244578e0b3b09314a8d8?s=96&d=blank&r=g","caption":"Comunicaci\u00f3n"}}]}},"rttpg_featured_image_url":{"full":["https:\/\/fundacioncajaruraldelsur.com\/wp-content\/uploads\/2022\/02\/Presentacion-Cartel-Semana-Santa-Sevilla-2022-en-Caja-Rural-del-Sur.jpeg",1299,867,false],"landscape":["https:\/\/fundacioncajaruraldelsur.com\/wp-content\/uploads\/2022\/02\/Presentacion-Cartel-Semana-Santa-Sevilla-2022-en-Caja-Rural-del-Sur.jpeg",1299,867,false],"portraits":["https:\/\/fundacioncajaruraldelsur.com\/wp-content\/uploads\/2022\/02\/Presentacion-Cartel-Semana-Santa-Sevilla-2022-en-Caja-Rural-del-Sur.jpeg",1299,867,false],"thumbnail":["https:\/\/fundacioncajaruraldelsur.com\/wp-content\/uploads\/2022\/02\/Presentacion-Cartel-Semana-Santa-Sevilla-2022-en-Caja-Rural-del-Sur-150x150.jpeg",150,150,true],"medium":["https:\/\/fundacioncajaruraldelsur.com\/wp-content\/uploads\/2022\/02\/Presentacion-Cartel-Semana-Santa-Sevilla-2022-en-Caja-Rural-del-Sur-300x200.jpeg",300,200,true],"large":["https:\/\/fundacioncajaruraldelsur.com\/wp-content\/uploads\/2022\/02\/Presentacion-Cartel-Semana-Santa-Sevilla-2022-en-Caja-Rural-del-Sur-1024x683.jpeg",960,640,true],"1536x1536":["https:\/\/fundacioncajaruraldelsur.com\/wp-content\/uploads\/2022\/02\/Presentacion-Cartel-Semana-Santa-Sevilla-2022-en-Caja-Rural-del-Sur.jpeg",1299,867,false],"2048x2048":["https:\/\/fundacioncajaruraldelsur.com\/wp-content\/uploads\/2022\/02\/Presentacion-Cartel-Semana-Santa-Sevilla-2022-en-Caja-Rural-del-Sur.jpeg",1299,867,false],"trp-custom-language-flag":["https:\/\/fundacioncajaruraldelsur.com\/wp-content\/uploads\/2022\/02\/Presentacion-Cartel-Semana-Santa-Sevilla-2022-en-Caja-Rural-del-Sur.jpeg",18,12,false],"blog-thumbnail":["https:\/\/fundacioncajaruraldelsur.com\/wp-content\/uploads\/2022\/02\/Presentacion-Cartel-Semana-Santa-Sevilla-2022-en-Caja-Rural-del-Sur-400x200.jpeg",400,200,true]},"rttpg_author":{"display_name":"Comunicaci\u00f3n","author_link":"https:\/\/fundacioncajaruraldelsur.com\/pt\/author\/sevillaadmin\/"},"rttpg_comment":0,"rttpg_category":"<a href=\"https:\/\/fundacioncajaruraldelsur.com\/pt\/category\/sin-categoria\/\" rel=\"category tag\">Sin categor\u00eda<\/a>","rttpg_excerpt":"La\u00a0sede de la Fundaci\u00f3n de la Caja Rural del Sur, entidad colaboradora del Consejo de Hermandades y Cofrad\u00edas de Sevilla, ha sido este s\u00e1bado, 19 de febrero, un a\u00f1o m\u00e1s, [&hellip;]","_links":{"self":[{"href":"https:\/\/fundacioncajaruraldelsur.com\/pt\/wp-json\/wp\/v2\/posts\/7276","targetHints":{"allow":["GET"]}}],"collection":[{"href":"https:\/\/fundacioncajaruraldelsur.com\/pt\/wp-json\/wp\/v2\/posts"}],"about":[{"href":"https:\/\/fundacioncajaruraldelsur.com\/pt\/wp-json\/wp\/v2\/types\/post"}],"author":[{"embeddable":true,"href":"https:\/\/fundacioncajaruraldelsur.com\/pt\/wp-json\/wp\/v2\/users\/6"}],"replies":[{"embeddable":true,"href":"https:\/\/fundacioncajaruraldelsur.com\/pt\/wp-json\/wp\/v2\/comments?post=7276"}],"version-history":[{"count":5,"href":"https:\/\/fundacioncajaruraldelsur.com\/pt\/wp-json\/wp\/v2\/posts\/7276\/revisions"}],"predecessor-version":[{"id":7288,"href":"https:\/\/fundacioncajaruraldelsur.com\/pt\/wp-json\/wp\/v2\/posts\/7276\/revisions\/7288"}],"wp:featuredmedia":[{"embeddable":true,"href":"https:\/\/fundacioncajaruraldelsur.com\/pt\/wp-json\/wp\/v2\/media\/7277"}],"wp:attachment":[{"href":"https:\/\/fundacioncajaruraldelsur.com\/pt\/wp-json\/wp\/v2\/media?parent=7276"}],"wp:term":[{"taxonomy":"category","embeddable":true,"href":"https:\/\/fundacioncajaruraldelsur.com\/pt\/wp-json\/wp\/v2\/categories?post=7276"},{"taxonomy":"post_tag","embeddable":true,"href":"https:\/\/fundacioncajaruraldelsur.com\/pt\/wp-json\/wp\/v2\/tags?post=7276"}],"curies":[{"name":"wp","href":"https:\/\/api.w.org\/{rel}","templated":true}]}}