{"id":7205,"date":"2022-02-08T23:27:43","date_gmt":"2022-02-08T21:27:43","guid":{"rendered":"\/?p=7205"},"modified":"2022-02-08T23:53:46","modified_gmt":"2022-02-08T21:53:46","slug":"inauguracion-en-sevilla-de-la-exposicion-de-angela-mena-la-fuerza-oculta-del-color","status":"publish","type":"post","link":"https:\/\/fundacioncajaruraldelsur.com\/pt\/inauguracion-en-sevilla-de-la-exposicion-de-angela-mena-la-fuerza-oculta-del-color\/","title":{"rendered":"Inaugurada la exposici\u00f3n \u201cLa fuerza oculta del color\u201d de la pintora sevillana \u00c1ngela Mena en la Fundaci\u00f3n Caja Rural del Sur en Sevilla"},"content":{"rendered":"<p>La Fundaci\u00f3n Caja Rural del Sur en Sevilla ha inaugurado este martes la exposici\u00f3n \u2018La fuerza oculta del color\u2019 de la pintora sevillana \u00c1ngela Mena, muestra que estar\u00e1 abierta en el Centro Cultural de la entidad hasta el 21 de febrero, de lunes a viernes y en horario de 10 a 14 horas y de 18 a 21 horas, en la Calle Murillo,2.<\/p>\n<p>El acto de inauguraci\u00f3n cont\u00f3 con la presencia de la responsable de la Gesti\u00f3n Cultural de Fundaci\u00f3n Caja Rural del Sur, Mar\u00eda Luisa Garc\u00eda-Palacios \u00c1lvarez, y los asesores de la Fundaci\u00f3n, la pintora Layla Halc\u00f3n, y el pintor Chema Rodriguez, adem\u00e1s de Manuel Ruiz Rojas, directivo de la entidad.<\/p>\n<p>\u00c1ngela Mena expres\u00f3 su gran satisfacci\u00f3n de poder volver a exponer en su ciudad natal, Sevilla, y en especial por sentirse arropada en el acto por numerosos asistentes a la inauguraci\u00f3n que abarrotaron la sala de exposiciones de la Fundaci\u00f3n Caja Rural del Sur, una confirmaci\u00f3n palpable del gran seguimiento que tiene la artista en su ciudad.<\/p>\n<p>\u201cUna gran artista al nivel de creadores internacionales y de origen sevillano, un perfil de artistas que queremos atraer y con cuyas obras queremos contar en la Fundaci\u00f3n Caja Rural del Sur para darle cada d\u00eda una mayor proyecci\u00f3n con un contenido de calidad\u201d, tal y como asegur\u00f3 en la presentaci\u00f3n de la exposici\u00f3n, Mar\u00eda Luisa Garc\u00eda-Palacios \u00c1lvarez, responsable de la Gesti\u00f3n Cultural de la entidad.<\/p>\n<p>Seg\u00fan explic\u00f3 la artista sevillana, con esta exposici\u00f3n quiere homenajear al activo cr\u00edtico de arte Juan Bosco D\u00edaz-Urmeneta \u201cporque \u00e9l fue capaz de poner palabras al pensamiento que hay detr\u00e1s de cada pincelada y que, en ocasiones, no s\u00e9 expresar de otra forma que no sea pintando\u201d.<\/p>\n<p>La exposici\u00f3n destaca por obras que reflejan figuras poli\u00e9dricas marcadas por uno de los rasgos fundamentales de la pintura de \u00c1ngela Mena, el uso intenso del color presente siempre en su amplio trabajo art\u00edstico.<\/p>\n<p>\u00c1ngela Mena asegura que su objetivo con el intenso uso y presencia del color es que \u201ctenga una fuerza especial, que sea un motivo de disfrute para quien la contempla o recibe\u201d, de ah\u00ed el que lo utilice\u201d de una forma completamente intuitiva\u201d como indica.<\/p>\n<p>\u00c1ngela Mena Moscoso es licenciada en Bellas Artes por la Universidad de Sevilla (US) y actualmente vive y trabaja en la capital andaluza tras haber tenido talleres propios en diferentes ciudades europeas, como Londres y Madrid.<\/p>\n<p>Cuenta entre sus logros curriculares con el Primer Premio de Pintura de la Real Academia de Bellas Artes de Santa Isabel de Hungr\u00eda. Seleccionada en distintas Becas de residencia art\u00edstica, cuenta con piezas en colecciones como el Centro de Arte Contempor\u00e1neo (CAC) de M\u00e1laga o la Fundaci\u00f3n Valent\u00edn de Madariaga y Oya.<\/p>\n<p>En 2019 fue Primer Premio de la Real Academia de Bellas Artes de Santa Isabel de Hungr\u00eda, Sevilla, y Medalla de Oro de la Real Academia de Bellas Artes de Santa Isabel de Hungr\u00eda, Sevilla.<\/p>\n<p>&nbsp;<\/p>\n<p><a href=\"\/wp-content\/uploads\/2022\/02\/IMG_7257.jpg\" rel=\"lightbox-0\"><img loading=\"lazy\" decoding=\"async\" class=\"alignnone wp-image-7209 size-full\" src=\"\/wp-content\/uploads\/2022\/02\/IMG_7257.jpg\" alt=\"\" width=\"2016\" height=\"1512\" srcset=\"https:\/\/fundacioncajaruraldelsur.com\/wp-content\/uploads\/2022\/02\/IMG_7257.jpg 2016w, https:\/\/fundacioncajaruraldelsur.com\/wp-content\/uploads\/2022\/02\/IMG_7257-300x225.jpg 300w, https:\/\/fundacioncajaruraldelsur.com\/wp-content\/uploads\/2022\/02\/IMG_7257-1024x768.jpg 1024w, https:\/\/fundacioncajaruraldelsur.com\/wp-content\/uploads\/2022\/02\/IMG_7257-768x576.jpg 768w, https:\/\/fundacioncajaruraldelsur.com\/wp-content\/uploads\/2022\/02\/IMG_7257-1536x1152.jpg 1536w\" sizes=\"auto, (max-width: 2016px) 100vw, 2016px\" \/><\/a><\/p>\n<p style=\"text-align: center;\"><a href=\"\/wp-content\/uploads\/2022\/02\/IMG_7194.jpg\" rel=\"lightbox-1\"><img loading=\"lazy\" decoding=\"async\" class=\"alignnone wp-image-7223 size-full\" src=\"\/wp-content\/uploads\/2022\/02\/IMG_7194.jpg\" alt=\"\" width=\"2016\" height=\"1512\" srcset=\"https:\/\/fundacioncajaruraldelsur.com\/wp-content\/uploads\/2022\/02\/IMG_7194.jpg 2016w, https:\/\/fundacioncajaruraldelsur.com\/wp-content\/uploads\/2022\/02\/IMG_7194-300x225.jpg 300w, https:\/\/fundacioncajaruraldelsur.com\/wp-content\/uploads\/2022\/02\/IMG_7194-1024x768.jpg 1024w, https:\/\/fundacioncajaruraldelsur.com\/wp-content\/uploads\/2022\/02\/IMG_7194-768x576.jpg 768w, https:\/\/fundacioncajaruraldelsur.com\/wp-content\/uploads\/2022\/02\/IMG_7194-1536x1152.jpg 1536w\" sizes=\"auto, (max-width: 2016px) 100vw, 2016px\" \/><\/a> <a href=\"\/wp-content\/uploads\/2022\/02\/IMG_7193.jpg\" rel=\"lightbox-2\"><img loading=\"lazy\" decoding=\"async\" class=\"alignnone wp-image-7224 size-full\" src=\"\/wp-content\/uploads\/2022\/02\/IMG_7193.jpg\" alt=\"\" width=\"2016\" height=\"1512\" srcset=\"https:\/\/fundacioncajaruraldelsur.com\/wp-content\/uploads\/2022\/02\/IMG_7193.jpg 2016w, https:\/\/fundacioncajaruraldelsur.com\/wp-content\/uploads\/2022\/02\/IMG_7193-300x225.jpg 300w, https:\/\/fundacioncajaruraldelsur.com\/wp-content\/uploads\/2022\/02\/IMG_7193-1024x768.jpg 1024w, https:\/\/fundacioncajaruraldelsur.com\/wp-content\/uploads\/2022\/02\/IMG_7193-768x576.jpg 768w, https:\/\/fundacioncajaruraldelsur.com\/wp-content\/uploads\/2022\/02\/IMG_7193-1536x1152.jpg 1536w\" sizes=\"auto, (max-width: 2016px) 100vw, 2016px\" \/><\/a> <a href=\"\/wp-content\/uploads\/2022\/02\/IMG_7195.jpg\" rel=\"lightbox-3\"><img loading=\"lazy\" decoding=\"async\" class=\"alignnone wp-image-7222 size-full\" src=\"\/wp-content\/uploads\/2022\/02\/IMG_7195.jpg\" alt=\"\" width=\"2016\" height=\"1512\" srcset=\"https:\/\/fundacioncajaruraldelsur.com\/wp-content\/uploads\/2022\/02\/IMG_7195.jpg 2016w, https:\/\/fundacioncajaruraldelsur.com\/wp-content\/uploads\/2022\/02\/IMG_7195-300x225.jpg 300w, https:\/\/fundacioncajaruraldelsur.com\/wp-content\/uploads\/2022\/02\/IMG_7195-1024x768.jpg 1024w, https:\/\/fundacioncajaruraldelsur.com\/wp-content\/uploads\/2022\/02\/IMG_7195-768x576.jpg 768w, https:\/\/fundacioncajaruraldelsur.com\/wp-content\/uploads\/2022\/02\/IMG_7195-1536x1152.jpg 1536w\" sizes=\"auto, (max-width: 2016px) 100vw, 2016px\" \/><\/a> <a href=\"\/wp-content\/uploads\/2022\/02\/IMG_7251-1.jpg\" rel=\"lightbox-4\"><img loading=\"lazy\" decoding=\"async\" class=\"alignnone wp-image-7219 size-full\" src=\"\/wp-content\/uploads\/2022\/02\/IMG_7251-1.jpg\" alt=\"\" width=\"2016\" height=\"1512\" srcset=\"https:\/\/fundacioncajaruraldelsur.com\/wp-content\/uploads\/2022\/02\/IMG_7251-1.jpg 2016w, https:\/\/fundacioncajaruraldelsur.com\/wp-content\/uploads\/2022\/02\/IMG_7251-1-300x225.jpg 300w, https:\/\/fundacioncajaruraldelsur.com\/wp-content\/uploads\/2022\/02\/IMG_7251-1-1024x768.jpg 1024w, https:\/\/fundacioncajaruraldelsur.com\/wp-content\/uploads\/2022\/02\/IMG_7251-1-768x576.jpg 768w, https:\/\/fundacioncajaruraldelsur.com\/wp-content\/uploads\/2022\/02\/IMG_7251-1-1536x1152.jpg 1536w\" sizes=\"auto, (max-width: 2016px) 100vw, 2016px\" \/><\/a> <a href=\"\/wp-content\/uploads\/2022\/02\/IMG_7253.jpg\" rel=\"lightbox-5\"><img loading=\"lazy\" decoding=\"async\" class=\"alignnone wp-image-7218 size-full\" src=\"\/wp-content\/uploads\/2022\/02\/IMG_7253.jpg\" alt=\"\" width=\"2016\" height=\"1512\" srcset=\"https:\/\/fundacioncajaruraldelsur.com\/wp-content\/uploads\/2022\/02\/IMG_7253.jpg 2016w, https:\/\/fundacioncajaruraldelsur.com\/wp-content\/uploads\/2022\/02\/IMG_7253-300x225.jpg 300w, https:\/\/fundacioncajaruraldelsur.com\/wp-content\/uploads\/2022\/02\/IMG_7253-1024x768.jpg 1024w, https:\/\/fundacioncajaruraldelsur.com\/wp-content\/uploads\/2022\/02\/IMG_7253-768x576.jpg 768w, https:\/\/fundacioncajaruraldelsur.com\/wp-content\/uploads\/2022\/02\/IMG_7253-1536x1152.jpg 1536w\" sizes=\"auto, (max-width: 2016px) 100vw, 2016px\" \/><\/a><\/p>\n<p><a href=\"\/wp-content\/uploads\/2022\/02\/11D131BF-1ED8-4274-A52C-18BFE96F5DDE.jpg\" rel=\"lightbox-6\"><img loading=\"lazy\" decoding=\"async\" class=\"alignnone wp-image-7211 size-full\" src=\"\/wp-content\/uploads\/2022\/02\/11D131BF-1ED8-4274-A52C-18BFE96F5DDE.jpg\" alt=\"\" width=\"1920\" height=\"1080\" srcset=\"https:\/\/fundacioncajaruraldelsur.com\/wp-content\/uploads\/2022\/02\/11D131BF-1ED8-4274-A52C-18BFE96F5DDE.jpg 1920w, https:\/\/fundacioncajaruraldelsur.com\/wp-content\/uploads\/2022\/02\/11D131BF-1ED8-4274-A52C-18BFE96F5DDE-300x169.jpg 300w, https:\/\/fundacioncajaruraldelsur.com\/wp-content\/uploads\/2022\/02\/11D131BF-1ED8-4274-A52C-18BFE96F5DDE-1024x576.jpg 1024w, https:\/\/fundacioncajaruraldelsur.com\/wp-content\/uploads\/2022\/02\/11D131BF-1ED8-4274-A52C-18BFE96F5DDE-768x432.jpg 768w, https:\/\/fundacioncajaruraldelsur.com\/wp-content\/uploads\/2022\/02\/11D131BF-1ED8-4274-A52C-18BFE96F5DDE-1536x864.jpg 1536w\" sizes=\"auto, (max-width: 1920px) 100vw, 1920px\" \/><\/a> <a href=\"\/wp-content\/uploads\/2022\/02\/IMG_7243-1.jpg\" rel=\"lightbox-7\"><img loading=\"lazy\" decoding=\"async\" class=\"alignnone wp-image-7215 size-full\" src=\"\/wp-content\/uploads\/2022\/02\/IMG_7243-1.jpg\" alt=\"\" width=\"1984\" height=\"1488\" srcset=\"https:\/\/fundacioncajaruraldelsur.com\/wp-content\/uploads\/2022\/02\/IMG_7243-1.jpg 1984w, https:\/\/fundacioncajaruraldelsur.com\/wp-content\/uploads\/2022\/02\/IMG_7243-1-300x225.jpg 300w, https:\/\/fundacioncajaruraldelsur.com\/wp-content\/uploads\/2022\/02\/IMG_7243-1-1024x768.jpg 1024w, https:\/\/fundacioncajaruraldelsur.com\/wp-content\/uploads\/2022\/02\/IMG_7243-1-768x576.jpg 768w, https:\/\/fundacioncajaruraldelsur.com\/wp-content\/uploads\/2022\/02\/IMG_7243-1-1536x1152.jpg 1536w\" sizes=\"auto, (max-width: 1984px) 100vw, 1984px\" \/><\/a><\/p>\n<p>&nbsp;<\/p>","protected":false},"excerpt":{"rendered":"<p>La Fundaci\u00f3n Caja Rural del Sur en Sevilla ha inaugurado este martes la exposici\u00f3n \u2018La fuerza oculta del color\u2019 de la pintora sevillana \u00c1ngela Mena, muestra que estar\u00e1 abierta en [&hellip;]<\/p>\n","protected":false},"author":6,"featured_media":7216,"comment_status":"closed","ping_status":"closed","sticky":false,"template":"","format":"standard","meta":{"footnotes":""},"categories":[82],"tags":[],"class_list":["post-7205","post","type-post","status-publish","format-standard","has-post-thumbnail","hentry","category-exposiciones"],"yoast_head":"<!-- This site is optimized with the Yoast SEO plugin v27.3 - https:\/\/yoast.com\/product\/yoast-seo-wordpress\/ -->\n<title>Inaugurada la exposici\u00f3n \u201cLa fuerza oculta del color\u201d de la pintora sevillana \u00c1ngela Mena en la Fundaci\u00f3n Caja Rural del Sur en Sevilla - Fundaci\u00f3n Caja Rural del Sur<\/title>\n<meta name=\"robots\" content=\"index, follow, max-snippet:-1, max-image-preview:large, max-video-preview:-1\" \/>\n<link rel=\"canonical\" href=\"https:\/\/fundacioncajaruraldelsur.com\/pt\/inauguracion-en-sevilla-de-la-exposicion-de-angela-mena-la-fuerza-oculta-del-color\/\" \/>\n<meta property=\"og:locale\" content=\"pt_PT\" \/>\n<meta property=\"og:type\" content=\"article\" \/>\n<meta property=\"og:title\" content=\"Inaugurada la exposici\u00f3n \u201cLa fuerza oculta del color\u201d de la pintora sevillana \u00c1ngela Mena en la Fundaci\u00f3n Caja Rural del Sur en Sevilla - Fundaci\u00f3n Caja Rural del Sur\" \/>\n<meta property=\"og:description\" content=\"La Fundaci\u00f3n Caja Rural del Sur en Sevilla ha inaugurado este martes la exposici\u00f3n \u2018La fuerza oculta del color\u2019 de la pintora sevillana \u00c1ngela Mena, muestra que estar\u00e1 abierta en [&hellip;]\" \/>\n<meta property=\"og:url\" content=\"https:\/\/fundacioncajaruraldelsur.com\/pt\/inauguracion-en-sevilla-de-la-exposicion-de-angela-mena-la-fuerza-oculta-del-color\/\" \/>\n<meta property=\"og:site_name\" content=\"Fundaci\u00f3n Caja Rural del Sur\" \/>\n<meta property=\"article:published_time\" content=\"2022-02-08T21:27:43+00:00\" \/>\n<meta property=\"article:modified_time\" content=\"2022-02-08T21:53:46+00:00\" \/>\n<meta property=\"og:image\" content=\"https:\/\/fundacioncajaruraldelsur.com\/wp-content\/uploads\/2022\/02\/IMG_7250.jpg\" \/>\n\t<meta property=\"og:image:width\" content=\"2016\" \/>\n\t<meta property=\"og:image:height\" content=\"1512\" \/>\n\t<meta property=\"og:image:type\" content=\"image\/jpeg\" \/>\n<meta name=\"author\" content=\"Comunicaci\u00f3n\" \/>\n<meta name=\"twitter:card\" content=\"summary_large_image\" \/>\n<meta name=\"twitter:label1\" content=\"Written by\" \/>\n\t<meta name=\"twitter:data1\" content=\"Comunicaci\u00f3n\" \/>\n\t<meta name=\"twitter:label2\" content=\"Est. reading time\" \/>\n\t<meta name=\"twitter:data2\" content=\"3 minutes\" \/>\n<script type=\"application\/ld+json\" class=\"yoast-schema-graph\">{\"@context\":\"https:\\\/\\\/schema.org\",\"@graph\":[{\"@type\":\"Article\",\"@id\":\"https:\\\/\\\/fundacioncajaruraldelsur.com\\\/inauguracion-en-sevilla-de-la-exposicion-de-angela-mena-la-fuerza-oculta-del-color\\\/#article\",\"isPartOf\":{\"@id\":\"https:\\\/\\\/fundacioncajaruraldelsur.com\\\/inauguracion-en-sevilla-de-la-exposicion-de-angela-mena-la-fuerza-oculta-del-color\\\/\"},\"author\":{\"name\":\"Comunicaci\u00f3n\",\"@id\":\"https:\\\/\\\/fundacioncajaruraldelsur.com\\\/#\\\/schema\\\/person\\\/f430da9fb783d505ff061ad8b3d44577\"},\"headline\":\"Inaugurada la exposici\u00f3n \u201cLa fuerza oculta del color\u201d de la pintora sevillana \u00c1ngela Mena en la Fundaci\u00f3n Caja Rural del Sur en Sevilla\",\"datePublished\":\"2022-02-08T21:27:43+00:00\",\"dateModified\":\"2022-02-08T21:53:46+00:00\",\"mainEntityOfPage\":{\"@id\":\"https:\\\/\\\/fundacioncajaruraldelsur.com\\\/inauguracion-en-sevilla-de-la-exposicion-de-angela-mena-la-fuerza-oculta-del-color\\\/\"},\"wordCount\":543,\"image\":{\"@id\":\"https:\\\/\\\/fundacioncajaruraldelsur.com\\\/inauguracion-en-sevilla-de-la-exposicion-de-angela-mena-la-fuerza-oculta-del-color\\\/#primaryimage\"},\"thumbnailUrl\":\"https:\\\/\\\/fundacioncajaruraldelsur.com\\\/wp-content\\\/uploads\\\/2022\\\/02\\\/IMG_7250.jpg\",\"articleSection\":[\"Exposiciones\"],\"inLanguage\":\"pt-PT\"},{\"@type\":\"WebPage\",\"@id\":\"https:\\\/\\\/fundacioncajaruraldelsur.com\\\/inauguracion-en-sevilla-de-la-exposicion-de-angela-mena-la-fuerza-oculta-del-color\\\/\",\"url\":\"https:\\\/\\\/fundacioncajaruraldelsur.com\\\/inauguracion-en-sevilla-de-la-exposicion-de-angela-mena-la-fuerza-oculta-del-color\\\/\",\"name\":\"Inaugurada la exposici\u00f3n \u201cLa fuerza oculta del color\u201d de la pintora sevillana \u00c1ngela Mena en la Fundaci\u00f3n Caja Rural del Sur en Sevilla - Fundaci\u00f3n Caja Rural del Sur\",\"isPartOf\":{\"@id\":\"https:\\\/\\\/fundacioncajaruraldelsur.com\\\/#website\"},\"primaryImageOfPage\":{\"@id\":\"https:\\\/\\\/fundacioncajaruraldelsur.com\\\/inauguracion-en-sevilla-de-la-exposicion-de-angela-mena-la-fuerza-oculta-del-color\\\/#primaryimage\"},\"image\":{\"@id\":\"https:\\\/\\\/fundacioncajaruraldelsur.com\\\/inauguracion-en-sevilla-de-la-exposicion-de-angela-mena-la-fuerza-oculta-del-color\\\/#primaryimage\"},\"thumbnailUrl\":\"https:\\\/\\\/fundacioncajaruraldelsur.com\\\/wp-content\\\/uploads\\\/2022\\\/02\\\/IMG_7250.jpg\",\"datePublished\":\"2022-02-08T21:27:43+00:00\",\"dateModified\":\"2022-02-08T21:53:46+00:00\",\"author\":{\"@id\":\"https:\\\/\\\/fundacioncajaruraldelsur.com\\\/#\\\/schema\\\/person\\\/f430da9fb783d505ff061ad8b3d44577\"},\"breadcrumb\":{\"@id\":\"https:\\\/\\\/fundacioncajaruraldelsur.com\\\/inauguracion-en-sevilla-de-la-exposicion-de-angela-mena-la-fuerza-oculta-del-color\\\/#breadcrumb\"},\"inLanguage\":\"pt-PT\",\"potentialAction\":[{\"@type\":\"ReadAction\",\"target\":[\"https:\\\/\\\/fundacioncajaruraldelsur.com\\\/inauguracion-en-sevilla-de-la-exposicion-de-angela-mena-la-fuerza-oculta-del-color\\\/\"]}]},{\"@type\":\"ImageObject\",\"inLanguage\":\"pt-PT\",\"@id\":\"https:\\\/\\\/fundacioncajaruraldelsur.com\\\/inauguracion-en-sevilla-de-la-exposicion-de-angela-mena-la-fuerza-oculta-del-color\\\/#primaryimage\",\"url\":\"https:\\\/\\\/fundacioncajaruraldelsur.com\\\/wp-content\\\/uploads\\\/2022\\\/02\\\/IMG_7250.jpg\",\"contentUrl\":\"https:\\\/\\\/fundacioncajaruraldelsur.com\\\/wp-content\\\/uploads\\\/2022\\\/02\\\/IMG_7250.jpg\",\"width\":2016,\"height\":1512},{\"@type\":\"BreadcrumbList\",\"@id\":\"https:\\\/\\\/fundacioncajaruraldelsur.com\\\/inauguracion-en-sevilla-de-la-exposicion-de-angela-mena-la-fuerza-oculta-del-color\\\/#breadcrumb\",\"itemListElement\":[{\"@type\":\"ListItem\",\"position\":1,\"name\":\"Portada\",\"item\":\"https:\\\/\\\/fundacioncajaruraldelsur.com\\\/\"},{\"@type\":\"ListItem\",\"position\":2,\"name\":\"Inaugurada la exposici\u00f3n \u201cLa fuerza oculta del color\u201d de la pintora sevillana \u00c1ngela Mena en la Fundaci\u00f3n Caja Rural del Sur en Sevilla\"}]},{\"@type\":\"WebSite\",\"@id\":\"https:\\\/\\\/fundacioncajaruraldelsur.com\\\/#website\",\"url\":\"https:\\\/\\\/fundacioncajaruraldelsur.com\\\/\",\"name\":\"Fundaci\u00f3n Caja Rural del Sur\",\"description\":\"\",\"potentialAction\":[{\"@type\":\"SearchAction\",\"target\":{\"@type\":\"EntryPoint\",\"urlTemplate\":\"https:\\\/\\\/fundacioncajaruraldelsur.com\\\/?s={search_term_string}\"},\"query-input\":{\"@type\":\"PropertyValueSpecification\",\"valueRequired\":true,\"valueName\":\"search_term_string\"}}],\"inLanguage\":\"pt-PT\"},{\"@type\":\"Person\",\"@id\":\"https:\\\/\\\/fundacioncajaruraldelsur.com\\\/#\\\/schema\\\/person\\\/f430da9fb783d505ff061ad8b3d44577\",\"name\":\"Comunicaci\u00f3n\",\"image\":{\"@type\":\"ImageObject\",\"inLanguage\":\"pt-PT\",\"@id\":\"https:\\\/\\\/secure.gravatar.com\\\/avatar\\\/0dca239875993680bac4603ad2de7942da018f52cc3a244578e0b3b09314a8d8?s=96&d=blank&r=g\",\"url\":\"https:\\\/\\\/secure.gravatar.com\\\/avatar\\\/0dca239875993680bac4603ad2de7942da018f52cc3a244578e0b3b09314a8d8?s=96&d=blank&r=g\",\"contentUrl\":\"https:\\\/\\\/secure.gravatar.com\\\/avatar\\\/0dca239875993680bac4603ad2de7942da018f52cc3a244578e0b3b09314a8d8?s=96&d=blank&r=g\",\"caption\":\"Comunicaci\u00f3n\"}}]}<\/script>\n<!-- \/ Yoast SEO plugin. -->","yoast_head_json":{"title":"Inaugurada la exposici\u00f3n \u201cLa fuerza oculta del color\u201d de la pintora sevillana \u00c1ngela Mena en la Fundaci\u00f3n Caja Rural del Sur en Sevilla - Fundaci\u00f3n Caja Rural del Sur","robots":{"index":"index","follow":"follow","max-snippet":"max-snippet:-1","max-image-preview":"max-image-preview:large","max-video-preview":"max-video-preview:-1"},"canonical":"https:\/\/fundacioncajaruraldelsur.com\/pt\/inauguracion-en-sevilla-de-la-exposicion-de-angela-mena-la-fuerza-oculta-del-color\/","og_locale":"pt_PT","og_type":"article","og_title":"Inaugurada la exposici\u00f3n \u201cLa fuerza oculta del color\u201d de la pintora sevillana \u00c1ngela Mena en la Fundaci\u00f3n Caja Rural del Sur en Sevilla - Fundaci\u00f3n Caja Rural del Sur","og_description":"La Fundaci\u00f3n Caja Rural del Sur en Sevilla ha inaugurado este martes la exposici\u00f3n \u2018La fuerza oculta del color\u2019 de la pintora sevillana \u00c1ngela Mena, muestra que estar\u00e1 abierta en [&hellip;]","og_url":"https:\/\/fundacioncajaruraldelsur.com\/pt\/inauguracion-en-sevilla-de-la-exposicion-de-angela-mena-la-fuerza-oculta-del-color\/","og_site_name":"Fundaci\u00f3n Caja Rural del Sur","article_published_time":"2022-02-08T21:27:43+00:00","article_modified_time":"2022-02-08T21:53:46+00:00","og_image":[{"width":2016,"height":1512,"url":"https:\/\/fundacioncajaruraldelsur.com\/wp-content\/uploads\/2022\/02\/IMG_7250.jpg","type":"image\/jpeg"}],"author":"Comunicaci\u00f3n","twitter_card":"summary_large_image","twitter_misc":{"Written by":"Comunicaci\u00f3n","Est. reading time":"3 minutes"},"schema":{"@context":"https:\/\/schema.org","@graph":[{"@type":"Article","@id":"https:\/\/fundacioncajaruraldelsur.com\/inauguracion-en-sevilla-de-la-exposicion-de-angela-mena-la-fuerza-oculta-del-color\/#article","isPartOf":{"@id":"https:\/\/fundacioncajaruraldelsur.com\/inauguracion-en-sevilla-de-la-exposicion-de-angela-mena-la-fuerza-oculta-del-color\/"},"author":{"name":"Comunicaci\u00f3n","@id":"https:\/\/fundacioncajaruraldelsur.com\/#\/schema\/person\/f430da9fb783d505ff061ad8b3d44577"},"headline":"Inaugurada la exposici\u00f3n \u201cLa fuerza oculta del color\u201d de la pintora sevillana \u00c1ngela Mena en la Fundaci\u00f3n Caja Rural del Sur en Sevilla","datePublished":"2022-02-08T21:27:43+00:00","dateModified":"2022-02-08T21:53:46+00:00","mainEntityOfPage":{"@id":"https:\/\/fundacioncajaruraldelsur.com\/inauguracion-en-sevilla-de-la-exposicion-de-angela-mena-la-fuerza-oculta-del-color\/"},"wordCount":543,"image":{"@id":"https:\/\/fundacioncajaruraldelsur.com\/inauguracion-en-sevilla-de-la-exposicion-de-angela-mena-la-fuerza-oculta-del-color\/#primaryimage"},"thumbnailUrl":"https:\/\/fundacioncajaruraldelsur.com\/wp-content\/uploads\/2022\/02\/IMG_7250.jpg","articleSection":["Exposiciones"],"inLanguage":"pt-PT"},{"@type":"WebPage","@id":"https:\/\/fundacioncajaruraldelsur.com\/inauguracion-en-sevilla-de-la-exposicion-de-angela-mena-la-fuerza-oculta-del-color\/","url":"https:\/\/fundacioncajaruraldelsur.com\/inauguracion-en-sevilla-de-la-exposicion-de-angela-mena-la-fuerza-oculta-del-color\/","name":"Inaugurada la exposici\u00f3n \u201cLa fuerza oculta del color\u201d de la pintora sevillana \u00c1ngela Mena en la Fundaci\u00f3n Caja Rural del Sur en Sevilla - Fundaci\u00f3n Caja Rural del Sur","isPartOf":{"@id":"https:\/\/fundacioncajaruraldelsur.com\/#website"},"primaryImageOfPage":{"@id":"https:\/\/fundacioncajaruraldelsur.com\/inauguracion-en-sevilla-de-la-exposicion-de-angela-mena-la-fuerza-oculta-del-color\/#primaryimage"},"image":{"@id":"https:\/\/fundacioncajaruraldelsur.com\/inauguracion-en-sevilla-de-la-exposicion-de-angela-mena-la-fuerza-oculta-del-color\/#primaryimage"},"thumbnailUrl":"https:\/\/fundacioncajaruraldelsur.com\/wp-content\/uploads\/2022\/02\/IMG_7250.jpg","datePublished":"2022-02-08T21:27:43+00:00","dateModified":"2022-02-08T21:53:46+00:00","author":{"@id":"https:\/\/fundacioncajaruraldelsur.com\/#\/schema\/person\/f430da9fb783d505ff061ad8b3d44577"},"breadcrumb":{"@id":"https:\/\/fundacioncajaruraldelsur.com\/inauguracion-en-sevilla-de-la-exposicion-de-angela-mena-la-fuerza-oculta-del-color\/#breadcrumb"},"inLanguage":"pt-PT","potentialAction":[{"@type":"ReadAction","target":["https:\/\/fundacioncajaruraldelsur.com\/inauguracion-en-sevilla-de-la-exposicion-de-angela-mena-la-fuerza-oculta-del-color\/"]}]},{"@type":"ImageObject","inLanguage":"pt-PT","@id":"https:\/\/fundacioncajaruraldelsur.com\/inauguracion-en-sevilla-de-la-exposicion-de-angela-mena-la-fuerza-oculta-del-color\/#primaryimage","url":"https:\/\/fundacioncajaruraldelsur.com\/wp-content\/uploads\/2022\/02\/IMG_7250.jpg","contentUrl":"https:\/\/fundacioncajaruraldelsur.com\/wp-content\/uploads\/2022\/02\/IMG_7250.jpg","width":2016,"height":1512},{"@type":"BreadcrumbList","@id":"https:\/\/fundacioncajaruraldelsur.com\/inauguracion-en-sevilla-de-la-exposicion-de-angela-mena-la-fuerza-oculta-del-color\/#breadcrumb","itemListElement":[{"@type":"ListItem","position":1,"name":"Portada","item":"https:\/\/fundacioncajaruraldelsur.com\/"},{"@type":"ListItem","position":2,"name":"Inaugurada la exposici\u00f3n \u201cLa fuerza oculta del color\u201d de la pintora sevillana \u00c1ngela Mena en la Fundaci\u00f3n Caja Rural del Sur en Sevilla"}]},{"@type":"WebSite","@id":"https:\/\/fundacioncajaruraldelsur.com\/#website","url":"https:\/\/fundacioncajaruraldelsur.com\/","name":"Funda\u00e7\u00e3o Caja Rural del Sur","description":"","potentialAction":[{"@type":"SearchAction","target":{"@type":"EntryPoint","urlTemplate":"https:\/\/fundacioncajaruraldelsur.com\/?s={search_term_string}"},"query-input":{"@type":"PropertyValueSpecification","valueRequired":true,"valueName":"search_term_string"}}],"inLanguage":"pt-PT"},{"@type":"Person","@id":"https:\/\/fundacioncajaruraldelsur.com\/#\/schema\/person\/f430da9fb783d505ff061ad8b3d44577","name":"Comunicaci\u00f3n","image":{"@type":"ImageObject","inLanguage":"pt-PT","@id":"https:\/\/secure.gravatar.com\/avatar\/0dca239875993680bac4603ad2de7942da018f52cc3a244578e0b3b09314a8d8?s=96&d=blank&r=g","url":"https:\/\/secure.gravatar.com\/avatar\/0dca239875993680bac4603ad2de7942da018f52cc3a244578e0b3b09314a8d8?s=96&d=blank&r=g","contentUrl":"https:\/\/secure.gravatar.com\/avatar\/0dca239875993680bac4603ad2de7942da018f52cc3a244578e0b3b09314a8d8?s=96&d=blank&r=g","caption":"Comunicaci\u00f3n"}}]}},"rttpg_featured_image_url":{"full":["https:\/\/fundacioncajaruraldelsur.com\/wp-content\/uploads\/2022\/02\/IMG_7250.jpg",2016,1512,false],"landscape":["https:\/\/fundacioncajaruraldelsur.com\/wp-content\/uploads\/2022\/02\/IMG_7250.jpg",2016,1512,false],"portraits":["https:\/\/fundacioncajaruraldelsur.com\/wp-content\/uploads\/2022\/02\/IMG_7250.jpg",2016,1512,false],"thumbnail":["https:\/\/fundacioncajaruraldelsur.com\/wp-content\/uploads\/2022\/02\/IMG_7250-150x150.jpg",150,150,true],"medium":["https:\/\/fundacioncajaruraldelsur.com\/wp-content\/uploads\/2022\/02\/IMG_7250-300x225.jpg",300,225,true],"large":["https:\/\/fundacioncajaruraldelsur.com\/wp-content\/uploads\/2022\/02\/IMG_7250-1024x768.jpg",960,720,true],"1536x1536":["https:\/\/fundacioncajaruraldelsur.com\/wp-content\/uploads\/2022\/02\/IMG_7250-1536x1152.jpg",1536,1152,true],"2048x2048":["https:\/\/fundacioncajaruraldelsur.com\/wp-content\/uploads\/2022\/02\/IMG_7250.jpg",2016,1512,false],"trp-custom-language-flag":["https:\/\/fundacioncajaruraldelsur.com\/wp-content\/uploads\/2022\/02\/IMG_7250.jpg",16,12,false],"blog-thumbnail":["https:\/\/fundacioncajaruraldelsur.com\/wp-content\/uploads\/2022\/02\/IMG_7250-400x200.jpg",400,200,true]},"rttpg_author":{"display_name":"Comunicaci\u00f3n","author_link":"https:\/\/fundacioncajaruraldelsur.com\/pt\/author\/sevillaadmin\/"},"rttpg_comment":0,"rttpg_category":"<a href=\"https:\/\/fundacioncajaruraldelsur.com\/pt\/category\/exposiciones\/\" rel=\"category tag\">Exposiciones<\/a>","rttpg_excerpt":"La Fundaci\u00f3n Caja Rural del Sur en Sevilla ha inaugurado este martes la exposici\u00f3n \u2018La fuerza oculta del color\u2019 de la pintora sevillana \u00c1ngela Mena, muestra que estar\u00e1 abierta en [&hellip;]","_links":{"self":[{"href":"https:\/\/fundacioncajaruraldelsur.com\/pt\/wp-json\/wp\/v2\/posts\/7205","targetHints":{"allow":["GET"]}}],"collection":[{"href":"https:\/\/fundacioncajaruraldelsur.com\/pt\/wp-json\/wp\/v2\/posts"}],"about":[{"href":"https:\/\/fundacioncajaruraldelsur.com\/pt\/wp-json\/wp\/v2\/types\/post"}],"author":[{"embeddable":true,"href":"https:\/\/fundacioncajaruraldelsur.com\/pt\/wp-json\/wp\/v2\/users\/6"}],"replies":[{"embeddable":true,"href":"https:\/\/fundacioncajaruraldelsur.com\/pt\/wp-json\/wp\/v2\/comments?post=7205"}],"version-history":[{"count":13,"href":"https:\/\/fundacioncajaruraldelsur.com\/pt\/wp-json\/wp\/v2\/posts\/7205\/revisions"}],"predecessor-version":[{"id":7234,"href":"https:\/\/fundacioncajaruraldelsur.com\/pt\/wp-json\/wp\/v2\/posts\/7205\/revisions\/7234"}],"wp:featuredmedia":[{"embeddable":true,"href":"https:\/\/fundacioncajaruraldelsur.com\/pt\/wp-json\/wp\/v2\/media\/7216"}],"wp:attachment":[{"href":"https:\/\/fundacioncajaruraldelsur.com\/pt\/wp-json\/wp\/v2\/media?parent=7205"}],"wp:term":[{"taxonomy":"category","embeddable":true,"href":"https:\/\/fundacioncajaruraldelsur.com\/pt\/wp-json\/wp\/v2\/categories?post=7205"},{"taxonomy":"post_tag","embeddable":true,"href":"https:\/\/fundacioncajaruraldelsur.com\/pt\/wp-json\/wp\/v2\/tags?post=7205"}],"curies":[{"name":"wp","href":"https:\/\/api.w.org\/{rel}","templated":true}]}}