{"id":7112,"date":"2022-01-20T13:10:23","date_gmt":"2022-01-20T11:10:23","guid":{"rendered":"\/?p=7112"},"modified":"2022-01-20T13:10:23","modified_gmt":"2022-01-20T11:10:23","slug":"asaja-cordoba-y-caja-rural-del-sur-renuevan-su-convenio-de-colaboracion-para-dinamizar-y-defender-la-labor-del-sector-agrario-y-ganadero","status":"publish","type":"post","link":"https:\/\/fundacioncajaruraldelsur.com\/pt\/asaja-cordoba-y-caja-rural-del-sur-renuevan-su-convenio-de-colaboracion-para-dinamizar-y-defender-la-labor-del-sector-agrario-y-ganadero\/","title":{"rendered":"Asaja-C\u00f3rdoba y Caja Rural del Sur renuevan su convenio de colaboraci\u00f3n para dinamizar y defender la labor del sector agrario y ganadero"},"content":{"rendered":"<p>Los presidentes de Asaja-C\u00f3rdoba, Ignacio Fern\u00e1ndez de Mesa, y de Caja Rural del Sur y su Fundaci\u00f3n, Jos\u00e9 Luis Garc\u00eda-Palacios \u00c1lvarez, respectivamente, han renovado el convenio de colaboraci\u00f3n que a lo largo de los \u00faltimos a\u00f1os vienen manteniendo, con el fin de contribuir a dinamizar y actualizar al amplio y variado sector agrario y ganadero cordob\u00e9s.<\/p>\n<p>El objetivo del acuerdo es impulsar la labor iniciada en a\u00f1os anteriores, en el desarrollo de un amplio programa de actividades de diverso tipo, llevadas a cabo por Asaja-C\u00f3rdoba, cuya principal finalidad es el fomento de la agricultura, la ganader\u00eda y sector forestal y cineg\u00e9tico de la provincia de C\u00f3rdoba.<\/p>\n<p>El presidente de Fundaci\u00f3n Caja Rural del Sur subray\u00f3 que \u201cde este modo ambas organizaciones siguen aunando esfuerzos en unos a\u00f1os que si en el conjunto de la sociedad est\u00e1n siendo dif\u00edciles para todos por las tremendas repercusiones del COVID tambi\u00e9n lo es para todo el campo que se ha manteniendo activo en todo momento en su actividad diaria para evitar cualquier desabastecimiento en la cadena alimentaria del pa\u00eds\u00bb. \u00a0Mediante este acuerdo se \u201cbusca apoyar todas las mejoras del \u00e1mbito agrario y de sus profesionales para que pueda mantener su competitividad y la presencia no s\u00f3lo en el mercado interior sino tambi\u00e9n en el exterior, como lo viene acreditando las cifras de las exportaciones en los \u00faltimos a\u00f1os<\/p>\n<p>Por su parte, el presidente de Asaja C\u00f3rdoba reconoci\u00f3 las dificultades de estos casi dos a\u00f1os que ahora se cumplen y adem\u00e1s de alabar la profesionalidad y el esfuerzo de todo el sector tambi\u00e9n agradeci\u00f3 la estrecha vinculaci\u00f3n con Caja Rural del Sur y la proximidad y cercan\u00eda que en estos meses dif\u00edciles se ha mantenido desde la entidad y sus profesionales con todos los productores de la provincia y la cadena comercializadora. \u201cSiguen abiertos -insist\u00eda- temas que venimos arrastrando como la nueva reforma de la PAC, la globalizaci\u00f3n de los mercados, los problemas de sanidad vegetal y bienestar animal, la necesaria adaptaci\u00f3n de los cultivos al cambio clim\u00e1tico, la fiscalidad agraria, el relevo generacional, la incorporaci\u00f3n y generalizaci\u00f3n de las nuevas tecnolog\u00edas en el mundo rural o la b\u00fasqueda de apoyos para cultivos estrat\u00e9gicos o alternativos son algunos de los retos que \u201cconfiguran un escenario cambiante en el que se requiere de una readaptaci\u00f3n continua de las explotaciones agr\u00edcolas y ganaderas\u201d.<\/p>\n<p>\u201cPara superar esta coyuntura -terminaba- el contar con alguien al lado como Caja Rural del Sur es importante para dotar de estabilidad al sector agrario y reforzar la percepci\u00f3n positiva que gran parte de la sociedad tiene de los agricultores, los ganaderos y el mundo rural, porque constituye un sector b\u00e1sico para generar empleo y dinamizar la econom\u00eda\u201d.<\/p>\n<p>En el objetivo de contribuir a superar estos h\u00e1ndicaps, se enmarca la renovaci\u00f3n del acuerdo por el que ambas entidades colaborar\u00e1n activamente en el fomento de una agricultura m\u00e1s productiva y en la organizaci\u00f3n de actos, foros y eventos de inter\u00e9s para el sector agrario. El acuerdo alcanzado tambi\u00e9n incluye labores para impulsar la formaci\u00f3n e investigaci\u00f3n en este sector, as\u00ed como condiciones financieras especiales para los socios de Asaja C\u00f3rdoba.<\/p>\n<p><a href=\"\/wp-content\/uploads\/2022\/01\/220120.-Los-presidentes-de-Asaja-Cordoba-y-de-Caja-Rural-del-Sur-y-su-Fundacion..jpg\" rel=\"lightbox-0\"><img loading=\"lazy\" decoding=\"async\" class=\"alignnone wp-image-7114 size-full\" src=\"\/wp-content\/uploads\/2022\/01\/220120.-Los-presidentes-de-Asaja-Cordoba-y-de-Caja-Rural-del-Sur-y-su-Fundacion..jpg\" alt=\"\" width=\"2048\" height=\"1536\" srcset=\"https:\/\/fundacioncajaruraldelsur.com\/wp-content\/uploads\/2022\/01\/220120.-Los-presidentes-de-Asaja-Cordoba-y-de-Caja-Rural-del-Sur-y-su-Fundacion..jpg 2048w, https:\/\/fundacioncajaruraldelsur.com\/wp-content\/uploads\/2022\/01\/220120.-Los-presidentes-de-Asaja-Cordoba-y-de-Caja-Rural-del-Sur-y-su-Fundacion.-300x225.jpg 300w, https:\/\/fundacioncajaruraldelsur.com\/wp-content\/uploads\/2022\/01\/220120.-Los-presidentes-de-Asaja-Cordoba-y-de-Caja-Rural-del-Sur-y-su-Fundacion.-1024x768.jpg 1024w, https:\/\/fundacioncajaruraldelsur.com\/wp-content\/uploads\/2022\/01\/220120.-Los-presidentes-de-Asaja-Cordoba-y-de-Caja-Rural-del-Sur-y-su-Fundacion.-768x576.jpg 768w, https:\/\/fundacioncajaruraldelsur.com\/wp-content\/uploads\/2022\/01\/220120.-Los-presidentes-de-Asaja-Cordoba-y-de-Caja-Rural-del-Sur-y-su-Fundacion.-1536x1152.jpg 1536w\" sizes=\"auto, (max-width: 2048px) 100vw, 2048px\" \/><\/a><\/p>","protected":false},"excerpt":{"rendered":"<p>Los presidentes de Asaja-C\u00f3rdoba, Ignacio Fern\u00e1ndez de Mesa, y de Caja Rural del Sur y su Fundaci\u00f3n, Jos\u00e9 Luis Garc\u00eda-Palacios \u00c1lvarez, respectivamente, han renovado el convenio de colaboraci\u00f3n que a [&hellip;]<\/p>\n","protected":false},"author":6,"featured_media":7113,"comment_status":"closed","ping_status":"closed","sticky":false,"template":"","format":"standard","meta":{"footnotes":""},"categories":[67],"tags":[],"class_list":["post-7112","post","type-post","status-publish","format-standard","has-post-thumbnail","hentry","category-convenios"],"yoast_head":"<!-- This site is optimized with the Yoast SEO plugin v27.3 - https:\/\/yoast.com\/product\/yoast-seo-wordpress\/ -->\n<title>Asaja-C\u00f3rdoba y Caja Rural del Sur renuevan su convenio de colaboraci\u00f3n para dinamizar y defender la labor del sector agrario y ganadero - Fundaci\u00f3n Caja Rural del Sur<\/title>\n<meta name=\"description\" content=\"Los presidentes de Asaja-C\u00f3rdoba, Ignacio Fern\u00e1ndez de Mesa, y de Caja Rural del Sur y su Fundaci\u00f3n, Jos\u00e9 Luis Garc\u00eda-Palacios \u00c1lvarez, respectivamente, han renovado el convenio de colaboraci\u00f3n que a lo largo de los \u00faltimos a\u00f1os vienen manteniendo, con el fin de contribuir a dinamizar y actualizar al amplio y variado sector agrario y ganadero cordob\u00e9s.\" \/>\n<meta name=\"robots\" content=\"index, follow, max-snippet:-1, max-image-preview:large, max-video-preview:-1\" \/>\n<link rel=\"canonical\" href=\"https:\/\/fundacioncajaruraldelsur.com\/pt\/asaja-cordoba-y-caja-rural-del-sur-renuevan-su-convenio-de-colaboracion-para-dinamizar-y-defender-la-labor-del-sector-agrario-y-ganadero\/\" \/>\n<meta property=\"og:locale\" content=\"pt_PT\" \/>\n<meta property=\"og:type\" content=\"article\" \/>\n<meta property=\"og:title\" content=\"Asaja-C\u00f3rdoba y Caja Rural del Sur renuevan su convenio de colaboraci\u00f3n para dinamizar y defender la labor del sector agrario y ganadero - Fundaci\u00f3n Caja Rural del Sur\" \/>\n<meta property=\"og:description\" content=\"Los presidentes de Asaja-C\u00f3rdoba, Ignacio Fern\u00e1ndez de Mesa, y de Caja Rural del Sur y su Fundaci\u00f3n, Jos\u00e9 Luis Garc\u00eda-Palacios \u00c1lvarez, respectivamente, han renovado el convenio de colaboraci\u00f3n que a lo largo de los \u00faltimos a\u00f1os vienen manteniendo, con el fin de contribuir a dinamizar y actualizar al amplio y variado sector agrario y ganadero cordob\u00e9s.\" \/>\n<meta property=\"og:url\" content=\"https:\/\/fundacioncajaruraldelsur.com\/pt\/asaja-cordoba-y-caja-rural-del-sur-renuevan-su-convenio-de-colaboracion-para-dinamizar-y-defender-la-labor-del-sector-agrario-y-ganadero\/\" \/>\n<meta property=\"og:site_name\" content=\"Fundaci\u00f3n Caja Rural del Sur\" \/>\n<meta property=\"article:published_time\" content=\"2022-01-20T11:10:23+00:00\" \/>\n<meta property=\"og:image\" content=\"https:\/\/fundacioncajaruraldelsur.com\/wp-content\/uploads\/2022\/01\/220120-Directivos-de-Caja-Rural-del-Sur-y-su-Fundacion-y-de-Asaja-Cordoba..jpg\" \/>\n\t<meta property=\"og:image:width\" content=\"2048\" \/>\n\t<meta property=\"og:image:height\" content=\"1536\" \/>\n\t<meta property=\"og:image:type\" content=\"image\/jpeg\" \/>\n<meta name=\"author\" content=\"Comunicaci\u00f3n\" \/>\n<meta name=\"twitter:card\" content=\"summary_large_image\" \/>\n<meta name=\"twitter:label1\" content=\"Written by\" \/>\n\t<meta name=\"twitter:data1\" content=\"Comunicaci\u00f3n\" \/>\n\t<meta name=\"twitter:label2\" content=\"Est. reading time\" \/>\n\t<meta name=\"twitter:data2\" content=\"3 minutes\" \/>\n<script type=\"application\/ld+json\" class=\"yoast-schema-graph\">{\"@context\":\"https:\\\/\\\/schema.org\",\"@graph\":[{\"@type\":\"Article\",\"@id\":\"https:\\\/\\\/fundacioncajaruraldelsur.com\\\/asaja-cordoba-y-caja-rural-del-sur-renuevan-su-convenio-de-colaboracion-para-dinamizar-y-defender-la-labor-del-sector-agrario-y-ganadero\\\/#article\",\"isPartOf\":{\"@id\":\"https:\\\/\\\/fundacioncajaruraldelsur.com\\\/asaja-cordoba-y-caja-rural-del-sur-renuevan-su-convenio-de-colaboracion-para-dinamizar-y-defender-la-labor-del-sector-agrario-y-ganadero\\\/\"},\"author\":{\"name\":\"Comunicaci\u00f3n\",\"@id\":\"https:\\\/\\\/fundacioncajaruraldelsur.com\\\/#\\\/schema\\\/person\\\/f430da9fb783d505ff061ad8b3d44577\"},\"headline\":\"Asaja-C\u00f3rdoba y Caja Rural del Sur renuevan su convenio de colaboraci\u00f3n para dinamizar y defender la labor del sector agrario y ganadero\",\"datePublished\":\"2022-01-20T11:10:23+00:00\",\"mainEntityOfPage\":{\"@id\":\"https:\\\/\\\/fundacioncajaruraldelsur.com\\\/asaja-cordoba-y-caja-rural-del-sur-renuevan-su-convenio-de-colaboracion-para-dinamizar-y-defender-la-labor-del-sector-agrario-y-ganadero\\\/\"},\"wordCount\":591,\"image\":{\"@id\":\"https:\\\/\\\/fundacioncajaruraldelsur.com\\\/asaja-cordoba-y-caja-rural-del-sur-renuevan-su-convenio-de-colaboracion-para-dinamizar-y-defender-la-labor-del-sector-agrario-y-ganadero\\\/#primaryimage\"},\"thumbnailUrl\":\"https:\\\/\\\/fundacioncajaruraldelsur.com\\\/wp-content\\\/uploads\\\/2022\\\/01\\\/220120-Directivos-de-Caja-Rural-del-Sur-y-su-Fundacion-y-de-Asaja-Cordoba..jpg\",\"articleSection\":[\"Convenios\"],\"inLanguage\":\"pt-PT\"},{\"@type\":\"WebPage\",\"@id\":\"https:\\\/\\\/fundacioncajaruraldelsur.com\\\/asaja-cordoba-y-caja-rural-del-sur-renuevan-su-convenio-de-colaboracion-para-dinamizar-y-defender-la-labor-del-sector-agrario-y-ganadero\\\/\",\"url\":\"https:\\\/\\\/fundacioncajaruraldelsur.com\\\/asaja-cordoba-y-caja-rural-del-sur-renuevan-su-convenio-de-colaboracion-para-dinamizar-y-defender-la-labor-del-sector-agrario-y-ganadero\\\/\",\"name\":\"Asaja-C\u00f3rdoba y Caja Rural del Sur renuevan su convenio de colaboraci\u00f3n para dinamizar y defender la labor del sector agrario y ganadero - Fundaci\u00f3n Caja Rural del Sur\",\"isPartOf\":{\"@id\":\"https:\\\/\\\/fundacioncajaruraldelsur.com\\\/#website\"},\"primaryImageOfPage\":{\"@id\":\"https:\\\/\\\/fundacioncajaruraldelsur.com\\\/asaja-cordoba-y-caja-rural-del-sur-renuevan-su-convenio-de-colaboracion-para-dinamizar-y-defender-la-labor-del-sector-agrario-y-ganadero\\\/#primaryimage\"},\"image\":{\"@id\":\"https:\\\/\\\/fundacioncajaruraldelsur.com\\\/asaja-cordoba-y-caja-rural-del-sur-renuevan-su-convenio-de-colaboracion-para-dinamizar-y-defender-la-labor-del-sector-agrario-y-ganadero\\\/#primaryimage\"},\"thumbnailUrl\":\"https:\\\/\\\/fundacioncajaruraldelsur.com\\\/wp-content\\\/uploads\\\/2022\\\/01\\\/220120-Directivos-de-Caja-Rural-del-Sur-y-su-Fundacion-y-de-Asaja-Cordoba..jpg\",\"datePublished\":\"2022-01-20T11:10:23+00:00\",\"author\":{\"@id\":\"https:\\\/\\\/fundacioncajaruraldelsur.com\\\/#\\\/schema\\\/person\\\/f430da9fb783d505ff061ad8b3d44577\"},\"description\":\"Los presidentes de Asaja-C\u00f3rdoba, Ignacio Fern\u00e1ndez de Mesa, y de Caja Rural del Sur y su Fundaci\u00f3n, Jos\u00e9 Luis Garc\u00eda-Palacios \u00c1lvarez, respectivamente, han renovado el convenio de colaboraci\u00f3n que a lo largo de los \u00faltimos a\u00f1os vienen manteniendo, con el fin de contribuir a dinamizar y actualizar al amplio y variado sector agrario y ganadero cordob\u00e9s.\",\"breadcrumb\":{\"@id\":\"https:\\\/\\\/fundacioncajaruraldelsur.com\\\/asaja-cordoba-y-caja-rural-del-sur-renuevan-su-convenio-de-colaboracion-para-dinamizar-y-defender-la-labor-del-sector-agrario-y-ganadero\\\/#breadcrumb\"},\"inLanguage\":\"pt-PT\",\"potentialAction\":[{\"@type\":\"ReadAction\",\"target\":[\"https:\\\/\\\/fundacioncajaruraldelsur.com\\\/asaja-cordoba-y-caja-rural-del-sur-renuevan-su-convenio-de-colaboracion-para-dinamizar-y-defender-la-labor-del-sector-agrario-y-ganadero\\\/\"]}]},{\"@type\":\"ImageObject\",\"inLanguage\":\"pt-PT\",\"@id\":\"https:\\\/\\\/fundacioncajaruraldelsur.com\\\/asaja-cordoba-y-caja-rural-del-sur-renuevan-su-convenio-de-colaboracion-para-dinamizar-y-defender-la-labor-del-sector-agrario-y-ganadero\\\/#primaryimage\",\"url\":\"https:\\\/\\\/fundacioncajaruraldelsur.com\\\/wp-content\\\/uploads\\\/2022\\\/01\\\/220120-Directivos-de-Caja-Rural-del-Sur-y-su-Fundacion-y-de-Asaja-Cordoba..jpg\",\"contentUrl\":\"https:\\\/\\\/fundacioncajaruraldelsur.com\\\/wp-content\\\/uploads\\\/2022\\\/01\\\/220120-Directivos-de-Caja-Rural-del-Sur-y-su-Fundacion-y-de-Asaja-Cordoba..jpg\",\"width\":2048,\"height\":1536},{\"@type\":\"BreadcrumbList\",\"@id\":\"https:\\\/\\\/fundacioncajaruraldelsur.com\\\/asaja-cordoba-y-caja-rural-del-sur-renuevan-su-convenio-de-colaboracion-para-dinamizar-y-defender-la-labor-del-sector-agrario-y-ganadero\\\/#breadcrumb\",\"itemListElement\":[{\"@type\":\"ListItem\",\"position\":1,\"name\":\"Portada\",\"item\":\"https:\\\/\\\/fundacioncajaruraldelsur.com\\\/\"},{\"@type\":\"ListItem\",\"position\":2,\"name\":\"Asaja-C\u00f3rdoba y Caja Rural del Sur renuevan su convenio de colaboraci\u00f3n para dinamizar y defender la labor del sector agrario y ganadero\"}]},{\"@type\":\"WebSite\",\"@id\":\"https:\\\/\\\/fundacioncajaruraldelsur.com\\\/#website\",\"url\":\"https:\\\/\\\/fundacioncajaruraldelsur.com\\\/\",\"name\":\"Fundaci\u00f3n Caja Rural del Sur\",\"description\":\"\",\"potentialAction\":[{\"@type\":\"SearchAction\",\"target\":{\"@type\":\"EntryPoint\",\"urlTemplate\":\"https:\\\/\\\/fundacioncajaruraldelsur.com\\\/?s={search_term_string}\"},\"query-input\":{\"@type\":\"PropertyValueSpecification\",\"valueRequired\":true,\"valueName\":\"search_term_string\"}}],\"inLanguage\":\"pt-PT\"},{\"@type\":\"Person\",\"@id\":\"https:\\\/\\\/fundacioncajaruraldelsur.com\\\/#\\\/schema\\\/person\\\/f430da9fb783d505ff061ad8b3d44577\",\"name\":\"Comunicaci\u00f3n\",\"image\":{\"@type\":\"ImageObject\",\"inLanguage\":\"pt-PT\",\"@id\":\"https:\\\/\\\/secure.gravatar.com\\\/avatar\\\/0dca239875993680bac4603ad2de7942da018f52cc3a244578e0b3b09314a8d8?s=96&d=blank&r=g\",\"url\":\"https:\\\/\\\/secure.gravatar.com\\\/avatar\\\/0dca239875993680bac4603ad2de7942da018f52cc3a244578e0b3b09314a8d8?s=96&d=blank&r=g\",\"contentUrl\":\"https:\\\/\\\/secure.gravatar.com\\\/avatar\\\/0dca239875993680bac4603ad2de7942da018f52cc3a244578e0b3b09314a8d8?s=96&d=blank&r=g\",\"caption\":\"Comunicaci\u00f3n\"}}]}<\/script>\n<!-- \/ Yoast SEO plugin. -->","yoast_head_json":{"title":"Asaja-C\u00f3rdoba y Caja Rural del Sur renuevan su convenio de colaboraci\u00f3n para dinamizar y defender la labor del sector agrario y ganadero - Fundaci\u00f3n Caja Rural del Sur","description":"Los presidentes de Asaja-C\u00f3rdoba, Ignacio Fern\u00e1ndez de Mesa, y de Caja Rural del Sur y su Fundaci\u00f3n, Jos\u00e9 Luis Garc\u00eda-Palacios \u00c1lvarez, respectivamente, han renovado el convenio de colaboraci\u00f3n que a lo largo de los \u00faltimos a\u00f1os vienen manteniendo, con el fin de contribuir a dinamizar y actualizar al amplio y variado sector agrario y ganadero cordob\u00e9s.","robots":{"index":"index","follow":"follow","max-snippet":"max-snippet:-1","max-image-preview":"max-image-preview:large","max-video-preview":"max-video-preview:-1"},"canonical":"https:\/\/fundacioncajaruraldelsur.com\/pt\/asaja-cordoba-y-caja-rural-del-sur-renuevan-su-convenio-de-colaboracion-para-dinamizar-y-defender-la-labor-del-sector-agrario-y-ganadero\/","og_locale":"pt_PT","og_type":"article","og_title":"Asaja-C\u00f3rdoba y Caja Rural del Sur renuevan su convenio de colaboraci\u00f3n para dinamizar y defender la labor del sector agrario y ganadero - Fundaci\u00f3n Caja Rural del Sur","og_description":"Los presidentes de Asaja-C\u00f3rdoba, Ignacio Fern\u00e1ndez de Mesa, y de Caja Rural del Sur y su Fundaci\u00f3n, Jos\u00e9 Luis Garc\u00eda-Palacios \u00c1lvarez, respectivamente, han renovado el convenio de colaboraci\u00f3n que a lo largo de los \u00faltimos a\u00f1os vienen manteniendo, con el fin de contribuir a dinamizar y actualizar al amplio y variado sector agrario y ganadero cordob\u00e9s.","og_url":"https:\/\/fundacioncajaruraldelsur.com\/pt\/asaja-cordoba-y-caja-rural-del-sur-renuevan-su-convenio-de-colaboracion-para-dinamizar-y-defender-la-labor-del-sector-agrario-y-ganadero\/","og_site_name":"Fundaci\u00f3n Caja Rural del Sur","article_published_time":"2022-01-20T11:10:23+00:00","og_image":[{"width":2048,"height":1536,"url":"https:\/\/fundacioncajaruraldelsur.com\/wp-content\/uploads\/2022\/01\/220120-Directivos-de-Caja-Rural-del-Sur-y-su-Fundacion-y-de-Asaja-Cordoba..jpg","type":"image\/jpeg"}],"author":"Comunicaci\u00f3n","twitter_card":"summary_large_image","twitter_misc":{"Written by":"Comunicaci\u00f3n","Est. reading time":"3 minutes"},"schema":{"@context":"https:\/\/schema.org","@graph":[{"@type":"Article","@id":"https:\/\/fundacioncajaruraldelsur.com\/asaja-cordoba-y-caja-rural-del-sur-renuevan-su-convenio-de-colaboracion-para-dinamizar-y-defender-la-labor-del-sector-agrario-y-ganadero\/#article","isPartOf":{"@id":"https:\/\/fundacioncajaruraldelsur.com\/asaja-cordoba-y-caja-rural-del-sur-renuevan-su-convenio-de-colaboracion-para-dinamizar-y-defender-la-labor-del-sector-agrario-y-ganadero\/"},"author":{"name":"Comunicaci\u00f3n","@id":"https:\/\/fundacioncajaruraldelsur.com\/#\/schema\/person\/f430da9fb783d505ff061ad8b3d44577"},"headline":"Asaja-C\u00f3rdoba y Caja Rural del Sur renuevan su convenio de colaboraci\u00f3n para dinamizar y defender la labor del sector agrario y ganadero","datePublished":"2022-01-20T11:10:23+00:00","mainEntityOfPage":{"@id":"https:\/\/fundacioncajaruraldelsur.com\/asaja-cordoba-y-caja-rural-del-sur-renuevan-su-convenio-de-colaboracion-para-dinamizar-y-defender-la-labor-del-sector-agrario-y-ganadero\/"},"wordCount":591,"image":{"@id":"https:\/\/fundacioncajaruraldelsur.com\/asaja-cordoba-y-caja-rural-del-sur-renuevan-su-convenio-de-colaboracion-para-dinamizar-y-defender-la-labor-del-sector-agrario-y-ganadero\/#primaryimage"},"thumbnailUrl":"https:\/\/fundacioncajaruraldelsur.com\/wp-content\/uploads\/2022\/01\/220120-Directivos-de-Caja-Rural-del-Sur-y-su-Fundacion-y-de-Asaja-Cordoba..jpg","articleSection":["Convenios"],"inLanguage":"pt-PT"},{"@type":"WebPage","@id":"https:\/\/fundacioncajaruraldelsur.com\/asaja-cordoba-y-caja-rural-del-sur-renuevan-su-convenio-de-colaboracion-para-dinamizar-y-defender-la-labor-del-sector-agrario-y-ganadero\/","url":"https:\/\/fundacioncajaruraldelsur.com\/asaja-cordoba-y-caja-rural-del-sur-renuevan-su-convenio-de-colaboracion-para-dinamizar-y-defender-la-labor-del-sector-agrario-y-ganadero\/","name":"Asaja-C\u00f3rdoba y Caja Rural del Sur renuevan su convenio de colaboraci\u00f3n para dinamizar y defender la labor del sector agrario y ganadero - Fundaci\u00f3n Caja Rural del Sur","isPartOf":{"@id":"https:\/\/fundacioncajaruraldelsur.com\/#website"},"primaryImageOfPage":{"@id":"https:\/\/fundacioncajaruraldelsur.com\/asaja-cordoba-y-caja-rural-del-sur-renuevan-su-convenio-de-colaboracion-para-dinamizar-y-defender-la-labor-del-sector-agrario-y-ganadero\/#primaryimage"},"image":{"@id":"https:\/\/fundacioncajaruraldelsur.com\/asaja-cordoba-y-caja-rural-del-sur-renuevan-su-convenio-de-colaboracion-para-dinamizar-y-defender-la-labor-del-sector-agrario-y-ganadero\/#primaryimage"},"thumbnailUrl":"https:\/\/fundacioncajaruraldelsur.com\/wp-content\/uploads\/2022\/01\/220120-Directivos-de-Caja-Rural-del-Sur-y-su-Fundacion-y-de-Asaja-Cordoba..jpg","datePublished":"2022-01-20T11:10:23+00:00","author":{"@id":"https:\/\/fundacioncajaruraldelsur.com\/#\/schema\/person\/f430da9fb783d505ff061ad8b3d44577"},"description":"Los presidentes de Asaja-C\u00f3rdoba, Ignacio Fern\u00e1ndez de Mesa, y de Caja Rural del Sur y su Fundaci\u00f3n, Jos\u00e9 Luis Garc\u00eda-Palacios \u00c1lvarez, respectivamente, han renovado el convenio de colaboraci\u00f3n que a lo largo de los \u00faltimos a\u00f1os vienen manteniendo, con el fin de contribuir a dinamizar y actualizar al amplio y variado sector agrario y ganadero cordob\u00e9s.","breadcrumb":{"@id":"https:\/\/fundacioncajaruraldelsur.com\/asaja-cordoba-y-caja-rural-del-sur-renuevan-su-convenio-de-colaboracion-para-dinamizar-y-defender-la-labor-del-sector-agrario-y-ganadero\/#breadcrumb"},"inLanguage":"pt-PT","potentialAction":[{"@type":"ReadAction","target":["https:\/\/fundacioncajaruraldelsur.com\/asaja-cordoba-y-caja-rural-del-sur-renuevan-su-convenio-de-colaboracion-para-dinamizar-y-defender-la-labor-del-sector-agrario-y-ganadero\/"]}]},{"@type":"ImageObject","inLanguage":"pt-PT","@id":"https:\/\/fundacioncajaruraldelsur.com\/asaja-cordoba-y-caja-rural-del-sur-renuevan-su-convenio-de-colaboracion-para-dinamizar-y-defender-la-labor-del-sector-agrario-y-ganadero\/#primaryimage","url":"https:\/\/fundacioncajaruraldelsur.com\/wp-content\/uploads\/2022\/01\/220120-Directivos-de-Caja-Rural-del-Sur-y-su-Fundacion-y-de-Asaja-Cordoba..jpg","contentUrl":"https:\/\/fundacioncajaruraldelsur.com\/wp-content\/uploads\/2022\/01\/220120-Directivos-de-Caja-Rural-del-Sur-y-su-Fundacion-y-de-Asaja-Cordoba..jpg","width":2048,"height":1536},{"@type":"BreadcrumbList","@id":"https:\/\/fundacioncajaruraldelsur.com\/asaja-cordoba-y-caja-rural-del-sur-renuevan-su-convenio-de-colaboracion-para-dinamizar-y-defender-la-labor-del-sector-agrario-y-ganadero\/#breadcrumb","itemListElement":[{"@type":"ListItem","position":1,"name":"Portada","item":"https:\/\/fundacioncajaruraldelsur.com\/"},{"@type":"ListItem","position":2,"name":"Asaja-C\u00f3rdoba y Caja Rural del Sur renuevan su convenio de colaboraci\u00f3n para dinamizar y defender la labor del sector agrario y ganadero"}]},{"@type":"WebSite","@id":"https:\/\/fundacioncajaruraldelsur.com\/#website","url":"https:\/\/fundacioncajaruraldelsur.com\/","name":"Funda\u00e7\u00e3o Caja Rural del Sur","description":"","potentialAction":[{"@type":"SearchAction","target":{"@type":"EntryPoint","urlTemplate":"https:\/\/fundacioncajaruraldelsur.com\/?s={search_term_string}"},"query-input":{"@type":"PropertyValueSpecification","valueRequired":true,"valueName":"search_term_string"}}],"inLanguage":"pt-PT"},{"@type":"Person","@id":"https:\/\/fundacioncajaruraldelsur.com\/#\/schema\/person\/f430da9fb783d505ff061ad8b3d44577","name":"Comunicaci\u00f3n","image":{"@type":"ImageObject","inLanguage":"pt-PT","@id":"https:\/\/secure.gravatar.com\/avatar\/0dca239875993680bac4603ad2de7942da018f52cc3a244578e0b3b09314a8d8?s=96&d=blank&r=g","url":"https:\/\/secure.gravatar.com\/avatar\/0dca239875993680bac4603ad2de7942da018f52cc3a244578e0b3b09314a8d8?s=96&d=blank&r=g","contentUrl":"https:\/\/secure.gravatar.com\/avatar\/0dca239875993680bac4603ad2de7942da018f52cc3a244578e0b3b09314a8d8?s=96&d=blank&r=g","caption":"Comunicaci\u00f3n"}}]}},"rttpg_featured_image_url":{"full":["https:\/\/fundacioncajaruraldelsur.com\/wp-content\/uploads\/2022\/01\/220120-Directivos-de-Caja-Rural-del-Sur-y-su-Fundacion-y-de-Asaja-Cordoba..jpg",2048,1536,false],"landscape":["https:\/\/fundacioncajaruraldelsur.com\/wp-content\/uploads\/2022\/01\/220120-Directivos-de-Caja-Rural-del-Sur-y-su-Fundacion-y-de-Asaja-Cordoba..jpg",2048,1536,false],"portraits":["https:\/\/fundacioncajaruraldelsur.com\/wp-content\/uploads\/2022\/01\/220120-Directivos-de-Caja-Rural-del-Sur-y-su-Fundacion-y-de-Asaja-Cordoba..jpg",2048,1536,false],"thumbnail":["https:\/\/fundacioncajaruraldelsur.com\/wp-content\/uploads\/2022\/01\/220120-Directivos-de-Caja-Rural-del-Sur-y-su-Fundacion-y-de-Asaja-Cordoba.-150x150.jpg",150,150,true],"medium":["https:\/\/fundacioncajaruraldelsur.com\/wp-content\/uploads\/2022\/01\/220120-Directivos-de-Caja-Rural-del-Sur-y-su-Fundacion-y-de-Asaja-Cordoba.-300x225.jpg",300,225,true],"large":["https:\/\/fundacioncajaruraldelsur.com\/wp-content\/uploads\/2022\/01\/220120-Directivos-de-Caja-Rural-del-Sur-y-su-Fundacion-y-de-Asaja-Cordoba.-1024x768.jpg",960,720,true],"1536x1536":["https:\/\/fundacioncajaruraldelsur.com\/wp-content\/uploads\/2022\/01\/220120-Directivos-de-Caja-Rural-del-Sur-y-su-Fundacion-y-de-Asaja-Cordoba.-1536x1152.jpg",1536,1152,true],"2048x2048":["https:\/\/fundacioncajaruraldelsur.com\/wp-content\/uploads\/2022\/01\/220120-Directivos-de-Caja-Rural-del-Sur-y-su-Fundacion-y-de-Asaja-Cordoba..jpg",2048,1536,false],"trp-custom-language-flag":["https:\/\/fundacioncajaruraldelsur.com\/wp-content\/uploads\/2022\/01\/220120-Directivos-de-Caja-Rural-del-Sur-y-su-Fundacion-y-de-Asaja-Cordoba..jpg",16,12,false],"blog-thumbnail":["https:\/\/fundacioncajaruraldelsur.com\/wp-content\/uploads\/2022\/01\/220120-Directivos-de-Caja-Rural-del-Sur-y-su-Fundacion-y-de-Asaja-Cordoba.-400x200.jpg",400,200,true]},"rttpg_author":{"display_name":"Comunicaci\u00f3n","author_link":"https:\/\/fundacioncajaruraldelsur.com\/pt\/author\/sevillaadmin\/"},"rttpg_comment":0,"rttpg_category":"<a href=\"https:\/\/fundacioncajaruraldelsur.com\/pt\/category\/convenios\/\" rel=\"category tag\">Convenios<\/a>","rttpg_excerpt":"Los presidentes de Asaja-C\u00f3rdoba, Ignacio Fern\u00e1ndez de Mesa, y de Caja Rural del Sur y su Fundaci\u00f3n, Jos\u00e9 Luis Garc\u00eda-Palacios \u00c1lvarez, respectivamente, han renovado el convenio de colaboraci\u00f3n que a [&hellip;]","_links":{"self":[{"href":"https:\/\/fundacioncajaruraldelsur.com\/pt\/wp-json\/wp\/v2\/posts\/7112","targetHints":{"allow":["GET"]}}],"collection":[{"href":"https:\/\/fundacioncajaruraldelsur.com\/pt\/wp-json\/wp\/v2\/posts"}],"about":[{"href":"https:\/\/fundacioncajaruraldelsur.com\/pt\/wp-json\/wp\/v2\/types\/post"}],"author":[{"embeddable":true,"href":"https:\/\/fundacioncajaruraldelsur.com\/pt\/wp-json\/wp\/v2\/users\/6"}],"replies":[{"embeddable":true,"href":"https:\/\/fundacioncajaruraldelsur.com\/pt\/wp-json\/wp\/v2\/comments?post=7112"}],"version-history":[{"count":1,"href":"https:\/\/fundacioncajaruraldelsur.com\/pt\/wp-json\/wp\/v2\/posts\/7112\/revisions"}],"predecessor-version":[{"id":7115,"href":"https:\/\/fundacioncajaruraldelsur.com\/pt\/wp-json\/wp\/v2\/posts\/7112\/revisions\/7115"}],"wp:featuredmedia":[{"embeddable":true,"href":"https:\/\/fundacioncajaruraldelsur.com\/pt\/wp-json\/wp\/v2\/media\/7113"}],"wp:attachment":[{"href":"https:\/\/fundacioncajaruraldelsur.com\/pt\/wp-json\/wp\/v2\/media?parent=7112"}],"wp:term":[{"taxonomy":"category","embeddable":true,"href":"https:\/\/fundacioncajaruraldelsur.com\/pt\/wp-json\/wp\/v2\/categories?post=7112"},{"taxonomy":"post_tag","embeddable":true,"href":"https:\/\/fundacioncajaruraldelsur.com\/pt\/wp-json\/wp\/v2\/tags?post=7112"}],"curies":[{"name":"wp","href":"https:\/\/api.w.org\/{rel}","templated":true}]}}