{"id":7084,"date":"2022-01-16T13:08:27","date_gmt":"2022-01-16T11:08:27","guid":{"rendered":"\/?p=7084"},"modified":"2022-01-16T13:13:10","modified_gmt":"2022-01-16T11:13:10","slug":"visita-guiada-a-la-exposicion-elecktra-atomo-de-pacorrosa-en-cordoba-tambien-en-3d","status":"publish","type":"post","link":"https:\/\/fundacioncajaruraldelsur.com\/pt\/visita-guiada-a-la-exposicion-elecktra-atomo-de-pacorrosa-en-cordoba-tambien-en-3d\/","title":{"rendered":"Visita guiada a la exposici\u00f3n \u00abElecKtra &#038; \u00c1tomo\u00bb de Pacorrosa en C\u00f3rdoba tambi\u00e9n en 3D"},"content":{"rendered":"<p>Pacorrosa ha realizado una visita guiada para explicar la exposici\u00f3n con un amplio grupo de visitantes que pudieron conocer de primera mano as\u00ed al artista y sus obras.<\/p>\n<p>La muestra de Pacorrosa, titulada <a href=\"\/pt\/inaugurada-la-exposicion-de-pintura-de-pacorrosa-en-el-centro-cultural-de-fundacion-caja-rural-del-sur\/\">\u201cElecKtra &amp; \u00c1tomo, los gemelos del siglo XXI\u201d<\/a>, permanecera abierta en la sede de la Fundaci\u00f3n Caja Rural del Sur de C\u00f3rdoba hasta el pr\u00f3ximo 5 de febrero, en horario de ma\u00f1ana de 11:30 a 13:30 y por la tarde de 18:00 a 21:00 horas. Pacorrosa muestra su producci\u00f3n art\u00edstica central realizada durante el a\u00f1o 2021, una tem\u00e1tica de ciencia ficci\u00f3n que es \u201cuna cr\u00f3nica de la etapa pand\u00e9mica que estamos viviendo y que dedica a su madre, a todas las madres, a lo que representan individual y culturalmente\u201d.<\/p>\n<p>&nbsp;<\/p>\n<p><a href=\"\/wp-content\/uploads\/2022\/01\/visita-guiada-1.jpg\" rel=\"lightbox-0\"><img loading=\"lazy\" decoding=\"async\" class=\"alignnone wp-image-7085 size-full\" src=\"\/wp-content\/uploads\/2022\/01\/visita-guiada-1.jpg\" alt=\"\" width=\"1600\" height=\"1200\" srcset=\"https:\/\/fundacioncajaruraldelsur.com\/wp-content\/uploads\/2022\/01\/visita-guiada-1.jpg 1600w, https:\/\/fundacioncajaruraldelsur.com\/wp-content\/uploads\/2022\/01\/visita-guiada-1-300x225.jpg 300w, https:\/\/fundacioncajaruraldelsur.com\/wp-content\/uploads\/2022\/01\/visita-guiada-1-1024x768.jpg 1024w, https:\/\/fundacioncajaruraldelsur.com\/wp-content\/uploads\/2022\/01\/visita-guiada-1-768x576.jpg 768w, https:\/\/fundacioncajaruraldelsur.com\/wp-content\/uploads\/2022\/01\/visita-guiada-1-1536x1152.jpg 1536w\" sizes=\"auto, (max-width: 1600px) 100vw, 1600px\" \/><\/a> <a href=\"\/wp-content\/uploads\/2022\/01\/visita-guiada-2.jpg\" rel=\"lightbox-1\"><img loading=\"lazy\" decoding=\"async\" class=\"alignnone wp-image-7086 size-full\" src=\"\/wp-content\/uploads\/2022\/01\/visita-guiada-2.jpg\" alt=\"\" width=\"1600\" height=\"1200\" srcset=\"https:\/\/fundacioncajaruraldelsur.com\/wp-content\/uploads\/2022\/01\/visita-guiada-2.jpg 1600w, https:\/\/fundacioncajaruraldelsur.com\/wp-content\/uploads\/2022\/01\/visita-guiada-2-300x225.jpg 300w, https:\/\/fundacioncajaruraldelsur.com\/wp-content\/uploads\/2022\/01\/visita-guiada-2-1024x768.jpg 1024w, https:\/\/fundacioncajaruraldelsur.com\/wp-content\/uploads\/2022\/01\/visita-guiada-2-768x576.jpg 768w, https:\/\/fundacioncajaruraldelsur.com\/wp-content\/uploads\/2022\/01\/visita-guiada-2-1536x1152.jpg 1536w\" sizes=\"auto, (max-width: 1600px) 100vw, 1600px\" \/><\/a><\/p>\n<p>Adem\u00e1s la exposici\u00f3n se puede visitar de forma virtual en 3D en este enlace :<\/p>\n<p><a href=\"https:\/\/www.vrte.es\/cajarural\/pacorrosa\/index.htm\">https:\/\/www.vrte.es\/cajarural\/pacorrosa\/index.htm<\/a><\/p>\n<p><a href=\"\/wp-content\/uploads\/2022\/01\/expo.jpg\" rel=\"lightbox-2\"><img loading=\"lazy\" decoding=\"async\" class=\"alignnone wp-image-7092 size-full\" src=\"\/wp-content\/uploads\/2022\/01\/expo.jpg\" alt=\"\" width=\"1084\" height=\"430\" srcset=\"https:\/\/fundacioncajaruraldelsur.com\/wp-content\/uploads\/2022\/01\/expo.jpg 1084w, https:\/\/fundacioncajaruraldelsur.com\/wp-content\/uploads\/2022\/01\/expo-300x119.jpg 300w, https:\/\/fundacioncajaruraldelsur.com\/wp-content\/uploads\/2022\/01\/expo-1024x406.jpg 1024w, https:\/\/fundacioncajaruraldelsur.com\/wp-content\/uploads\/2022\/01\/expo-768x305.jpg 768w\" sizes=\"auto, (max-width: 1084px) 100vw, 1084px\" \/><\/a><\/p>\n<p><a href=\"\/pt\/inaugurada-la-exposicion-de-pintura-de-pacorrosa-en-el-centro-cultural-de-fundacion-caja-rural-del-sur\/\">Francisco Rosa Cuevas<\/a> es licenciado en Bellas Artes por la Universidad de Castilla-La Mancha y diplomado en la Facultad de Bellas Artes Santa Isabel de Hungr\u00eda de la Universidad de Sevilla. Y en su amplio curiculum se incluyen tanto exposiciones individuales como colectivas, tanto en Espa\u00f1a como en el extranjero, principalmente en Londres (Reino Unido) y distintas ciudades de Estados Unidos.<\/p>","protected":false},"excerpt":{"rendered":"<p>Pacorrosa ha realizado una visita guiada para explicar la exposici\u00f3n con un amplio grupo de visitantes que pudieron conocer de primera mano as\u00ed al artista y sus obras. La muestra [&hellip;]<\/p>\n","protected":false},"author":6,"featured_media":7085,"comment_status":"closed","ping_status":"closed","sticky":false,"template":"","format":"standard","meta":{"footnotes":""},"categories":[82],"tags":[],"class_list":["post-7084","post","type-post","status-publish","format-standard","has-post-thumbnail","hentry","category-exposiciones"],"yoast_head":"<!-- This site is optimized with the Yoast SEO plugin v27.3 - https:\/\/yoast.com\/product\/yoast-seo-wordpress\/ -->\n<title>Visita guiada a la exposici\u00f3n &quot;ElecKtra &amp; \u00c1tomo&quot; de Pacorrosa en C\u00f3rdoba tambi\u00e9n en 3D - Fundaci\u00f3n Caja Rural del Sur<\/title>\n<meta name=\"robots\" content=\"index, follow, max-snippet:-1, max-image-preview:large, max-video-preview:-1\" \/>\n<link rel=\"canonical\" href=\"https:\/\/fundacioncajaruraldelsur.com\/pt\/visita-guiada-a-la-exposicion-elecktra-atomo-de-pacorrosa-en-cordoba-tambien-en-3d\/\" \/>\n<meta property=\"og:locale\" content=\"pt_PT\" \/>\n<meta property=\"og:type\" content=\"article\" \/>\n<meta property=\"og:title\" content=\"Visita guiada a la exposici\u00f3n &quot;ElecKtra &amp; \u00c1tomo&quot; de Pacorrosa en C\u00f3rdoba tambi\u00e9n en 3D - Fundaci\u00f3n Caja Rural del Sur\" \/>\n<meta property=\"og:description\" content=\"Pacorrosa ha realizado una visita guiada para explicar la exposici\u00f3n con un amplio grupo de visitantes que pudieron conocer de primera mano as\u00ed al artista y sus obras. La muestra [&hellip;]\" \/>\n<meta property=\"og:url\" content=\"https:\/\/fundacioncajaruraldelsur.com\/pt\/visita-guiada-a-la-exposicion-elecktra-atomo-de-pacorrosa-en-cordoba-tambien-en-3d\/\" \/>\n<meta property=\"og:site_name\" content=\"Fundaci\u00f3n Caja Rural del Sur\" \/>\n<meta property=\"article:published_time\" content=\"2022-01-16T11:08:27+00:00\" \/>\n<meta property=\"article:modified_time\" content=\"2022-01-16T11:13:10+00:00\" \/>\n<meta property=\"og:image\" content=\"https:\/\/fundacioncajaruraldelsur.com\/wp-content\/uploads\/2022\/01\/visita-guiada-1.jpg\" \/>\n\t<meta property=\"og:image:width\" content=\"1600\" \/>\n\t<meta property=\"og:image:height\" content=\"1200\" \/>\n\t<meta property=\"og:image:type\" content=\"image\/jpeg\" \/>\n<meta name=\"author\" content=\"Comunicaci\u00f3n\" \/>\n<meta name=\"twitter:card\" content=\"summary_large_image\" \/>\n<meta name=\"twitter:label1\" content=\"Written by\" \/>\n\t<meta name=\"twitter:data1\" content=\"Comunicaci\u00f3n\" \/>\n\t<meta name=\"twitter:label2\" content=\"Est. reading time\" \/>\n\t<meta name=\"twitter:data2\" content=\"1 minute\" \/>\n<script type=\"application\/ld+json\" class=\"yoast-schema-graph\">{\"@context\":\"https:\\\/\\\/schema.org\",\"@graph\":[{\"@type\":\"Article\",\"@id\":\"https:\\\/\\\/fundacioncajaruraldelsur.com\\\/visita-guiada-a-la-exposicion-elecktra-atomo-de-pacorrosa-en-cordoba-tambien-en-3d\\\/#article\",\"isPartOf\":{\"@id\":\"https:\\\/\\\/fundacioncajaruraldelsur.com\\\/visita-guiada-a-la-exposicion-elecktra-atomo-de-pacorrosa-en-cordoba-tambien-en-3d\\\/\"},\"author\":{\"name\":\"Comunicaci\u00f3n\",\"@id\":\"https:\\\/\\\/fundacioncajaruraldelsur.com\\\/#\\\/schema\\\/person\\\/f430da9fb783d505ff061ad8b3d44577\"},\"headline\":\"Visita guiada a la exposici\u00f3n \u00abElecKtra &#038; \u00c1tomo\u00bb de Pacorrosa en C\u00f3rdoba tambi\u00e9n en 3D\",\"datePublished\":\"2022-01-16T11:08:27+00:00\",\"dateModified\":\"2022-01-16T11:13:10+00:00\",\"mainEntityOfPage\":{\"@id\":\"https:\\\/\\\/fundacioncajaruraldelsur.com\\\/visita-guiada-a-la-exposicion-elecktra-atomo-de-pacorrosa-en-cordoba-tambien-en-3d\\\/\"},\"wordCount\":233,\"image\":{\"@id\":\"https:\\\/\\\/fundacioncajaruraldelsur.com\\\/visita-guiada-a-la-exposicion-elecktra-atomo-de-pacorrosa-en-cordoba-tambien-en-3d\\\/#primaryimage\"},\"thumbnailUrl\":\"https:\\\/\\\/fundacioncajaruraldelsur.com\\\/wp-content\\\/uploads\\\/2022\\\/01\\\/visita-guiada-1.jpg\",\"articleSection\":[\"Exposiciones\"],\"inLanguage\":\"pt-PT\"},{\"@type\":\"WebPage\",\"@id\":\"https:\\\/\\\/fundacioncajaruraldelsur.com\\\/visita-guiada-a-la-exposicion-elecktra-atomo-de-pacorrosa-en-cordoba-tambien-en-3d\\\/\",\"url\":\"https:\\\/\\\/fundacioncajaruraldelsur.com\\\/visita-guiada-a-la-exposicion-elecktra-atomo-de-pacorrosa-en-cordoba-tambien-en-3d\\\/\",\"name\":\"Visita guiada a la exposici\u00f3n \\\"ElecKtra & \u00c1tomo\\\" de Pacorrosa en C\u00f3rdoba tambi\u00e9n en 3D - Fundaci\u00f3n Caja Rural del Sur\",\"isPartOf\":{\"@id\":\"https:\\\/\\\/fundacioncajaruraldelsur.com\\\/#website\"},\"primaryImageOfPage\":{\"@id\":\"https:\\\/\\\/fundacioncajaruraldelsur.com\\\/visita-guiada-a-la-exposicion-elecktra-atomo-de-pacorrosa-en-cordoba-tambien-en-3d\\\/#primaryimage\"},\"image\":{\"@id\":\"https:\\\/\\\/fundacioncajaruraldelsur.com\\\/visita-guiada-a-la-exposicion-elecktra-atomo-de-pacorrosa-en-cordoba-tambien-en-3d\\\/#primaryimage\"},\"thumbnailUrl\":\"https:\\\/\\\/fundacioncajaruraldelsur.com\\\/wp-content\\\/uploads\\\/2022\\\/01\\\/visita-guiada-1.jpg\",\"datePublished\":\"2022-01-16T11:08:27+00:00\",\"dateModified\":\"2022-01-16T11:13:10+00:00\",\"author\":{\"@id\":\"https:\\\/\\\/fundacioncajaruraldelsur.com\\\/#\\\/schema\\\/person\\\/f430da9fb783d505ff061ad8b3d44577\"},\"breadcrumb\":{\"@id\":\"https:\\\/\\\/fundacioncajaruraldelsur.com\\\/visita-guiada-a-la-exposicion-elecktra-atomo-de-pacorrosa-en-cordoba-tambien-en-3d\\\/#breadcrumb\"},\"inLanguage\":\"pt-PT\",\"potentialAction\":[{\"@type\":\"ReadAction\",\"target\":[\"https:\\\/\\\/fundacioncajaruraldelsur.com\\\/visita-guiada-a-la-exposicion-elecktra-atomo-de-pacorrosa-en-cordoba-tambien-en-3d\\\/\"]}]},{\"@type\":\"ImageObject\",\"inLanguage\":\"pt-PT\",\"@id\":\"https:\\\/\\\/fundacioncajaruraldelsur.com\\\/visita-guiada-a-la-exposicion-elecktra-atomo-de-pacorrosa-en-cordoba-tambien-en-3d\\\/#primaryimage\",\"url\":\"https:\\\/\\\/fundacioncajaruraldelsur.com\\\/wp-content\\\/uploads\\\/2022\\\/01\\\/visita-guiada-1.jpg\",\"contentUrl\":\"https:\\\/\\\/fundacioncajaruraldelsur.com\\\/wp-content\\\/uploads\\\/2022\\\/01\\\/visita-guiada-1.jpg\",\"width\":1600,\"height\":1200},{\"@type\":\"BreadcrumbList\",\"@id\":\"https:\\\/\\\/fundacioncajaruraldelsur.com\\\/visita-guiada-a-la-exposicion-elecktra-atomo-de-pacorrosa-en-cordoba-tambien-en-3d\\\/#breadcrumb\",\"itemListElement\":[{\"@type\":\"ListItem\",\"position\":1,\"name\":\"Portada\",\"item\":\"https:\\\/\\\/fundacioncajaruraldelsur.com\\\/\"},{\"@type\":\"ListItem\",\"position\":2,\"name\":\"Visita guiada a la exposici\u00f3n \u00abElecKtra &#038; \u00c1tomo\u00bb de Pacorrosa en C\u00f3rdoba tambi\u00e9n en 3D\"}]},{\"@type\":\"WebSite\",\"@id\":\"https:\\\/\\\/fundacioncajaruraldelsur.com\\\/#website\",\"url\":\"https:\\\/\\\/fundacioncajaruraldelsur.com\\\/\",\"name\":\"Fundaci\u00f3n Caja Rural del Sur\",\"description\":\"\",\"potentialAction\":[{\"@type\":\"SearchAction\",\"target\":{\"@type\":\"EntryPoint\",\"urlTemplate\":\"https:\\\/\\\/fundacioncajaruraldelsur.com\\\/?s={search_term_string}\"},\"query-input\":{\"@type\":\"PropertyValueSpecification\",\"valueRequired\":true,\"valueName\":\"search_term_string\"}}],\"inLanguage\":\"pt-PT\"},{\"@type\":\"Person\",\"@id\":\"https:\\\/\\\/fundacioncajaruraldelsur.com\\\/#\\\/schema\\\/person\\\/f430da9fb783d505ff061ad8b3d44577\",\"name\":\"Comunicaci\u00f3n\",\"image\":{\"@type\":\"ImageObject\",\"inLanguage\":\"pt-PT\",\"@id\":\"https:\\\/\\\/secure.gravatar.com\\\/avatar\\\/0dca239875993680bac4603ad2de7942da018f52cc3a244578e0b3b09314a8d8?s=96&d=blank&r=g\",\"url\":\"https:\\\/\\\/secure.gravatar.com\\\/avatar\\\/0dca239875993680bac4603ad2de7942da018f52cc3a244578e0b3b09314a8d8?s=96&d=blank&r=g\",\"contentUrl\":\"https:\\\/\\\/secure.gravatar.com\\\/avatar\\\/0dca239875993680bac4603ad2de7942da018f52cc3a244578e0b3b09314a8d8?s=96&d=blank&r=g\",\"caption\":\"Comunicaci\u00f3n\"}}]}<\/script>\n<!-- \/ Yoast SEO plugin. -->","yoast_head_json":{"title":"Visita guiada a la exposici\u00f3n \"ElecKtra & \u00c1tomo\" de Pacorrosa en C\u00f3rdoba tambi\u00e9n en 3D - Fundaci\u00f3n Caja Rural del Sur","robots":{"index":"index","follow":"follow","max-snippet":"max-snippet:-1","max-image-preview":"max-image-preview:large","max-video-preview":"max-video-preview:-1"},"canonical":"https:\/\/fundacioncajaruraldelsur.com\/pt\/visita-guiada-a-la-exposicion-elecktra-atomo-de-pacorrosa-en-cordoba-tambien-en-3d\/","og_locale":"pt_PT","og_type":"article","og_title":"Visita guiada a la exposici\u00f3n \"ElecKtra & \u00c1tomo\" de Pacorrosa en C\u00f3rdoba tambi\u00e9n en 3D - Fundaci\u00f3n Caja Rural del Sur","og_description":"Pacorrosa ha realizado una visita guiada para explicar la exposici\u00f3n con un amplio grupo de visitantes que pudieron conocer de primera mano as\u00ed al artista y sus obras. La muestra [&hellip;]","og_url":"https:\/\/fundacioncajaruraldelsur.com\/pt\/visita-guiada-a-la-exposicion-elecktra-atomo-de-pacorrosa-en-cordoba-tambien-en-3d\/","og_site_name":"Fundaci\u00f3n Caja Rural del Sur","article_published_time":"2022-01-16T11:08:27+00:00","article_modified_time":"2022-01-16T11:13:10+00:00","og_image":[{"width":1600,"height":1200,"url":"https:\/\/fundacioncajaruraldelsur.com\/wp-content\/uploads\/2022\/01\/visita-guiada-1.jpg","type":"image\/jpeg"}],"author":"Comunicaci\u00f3n","twitter_card":"summary_large_image","twitter_misc":{"Written by":"Comunicaci\u00f3n","Est. reading time":"1 minute"},"schema":{"@context":"https:\/\/schema.org","@graph":[{"@type":"Article","@id":"https:\/\/fundacioncajaruraldelsur.com\/visita-guiada-a-la-exposicion-elecktra-atomo-de-pacorrosa-en-cordoba-tambien-en-3d\/#article","isPartOf":{"@id":"https:\/\/fundacioncajaruraldelsur.com\/visita-guiada-a-la-exposicion-elecktra-atomo-de-pacorrosa-en-cordoba-tambien-en-3d\/"},"author":{"name":"Comunicaci\u00f3n","@id":"https:\/\/fundacioncajaruraldelsur.com\/#\/schema\/person\/f430da9fb783d505ff061ad8b3d44577"},"headline":"Visita guiada a la exposici\u00f3n \u00abElecKtra &#038; \u00c1tomo\u00bb de Pacorrosa en C\u00f3rdoba tambi\u00e9n en 3D","datePublished":"2022-01-16T11:08:27+00:00","dateModified":"2022-01-16T11:13:10+00:00","mainEntityOfPage":{"@id":"https:\/\/fundacioncajaruraldelsur.com\/visita-guiada-a-la-exposicion-elecktra-atomo-de-pacorrosa-en-cordoba-tambien-en-3d\/"},"wordCount":233,"image":{"@id":"https:\/\/fundacioncajaruraldelsur.com\/visita-guiada-a-la-exposicion-elecktra-atomo-de-pacorrosa-en-cordoba-tambien-en-3d\/#primaryimage"},"thumbnailUrl":"https:\/\/fundacioncajaruraldelsur.com\/wp-content\/uploads\/2022\/01\/visita-guiada-1.jpg","articleSection":["Exposiciones"],"inLanguage":"pt-PT"},{"@type":"WebPage","@id":"https:\/\/fundacioncajaruraldelsur.com\/visita-guiada-a-la-exposicion-elecktra-atomo-de-pacorrosa-en-cordoba-tambien-en-3d\/","url":"https:\/\/fundacioncajaruraldelsur.com\/visita-guiada-a-la-exposicion-elecktra-atomo-de-pacorrosa-en-cordoba-tambien-en-3d\/","name":"Visita guiada a la exposici\u00f3n \"ElecKtra & \u00c1tomo\" de Pacorrosa en C\u00f3rdoba tambi\u00e9n en 3D - Fundaci\u00f3n Caja Rural del Sur","isPartOf":{"@id":"https:\/\/fundacioncajaruraldelsur.com\/#website"},"primaryImageOfPage":{"@id":"https:\/\/fundacioncajaruraldelsur.com\/visita-guiada-a-la-exposicion-elecktra-atomo-de-pacorrosa-en-cordoba-tambien-en-3d\/#primaryimage"},"image":{"@id":"https:\/\/fundacioncajaruraldelsur.com\/visita-guiada-a-la-exposicion-elecktra-atomo-de-pacorrosa-en-cordoba-tambien-en-3d\/#primaryimage"},"thumbnailUrl":"https:\/\/fundacioncajaruraldelsur.com\/wp-content\/uploads\/2022\/01\/visita-guiada-1.jpg","datePublished":"2022-01-16T11:08:27+00:00","dateModified":"2022-01-16T11:13:10+00:00","author":{"@id":"https:\/\/fundacioncajaruraldelsur.com\/#\/schema\/person\/f430da9fb783d505ff061ad8b3d44577"},"breadcrumb":{"@id":"https:\/\/fundacioncajaruraldelsur.com\/visita-guiada-a-la-exposicion-elecktra-atomo-de-pacorrosa-en-cordoba-tambien-en-3d\/#breadcrumb"},"inLanguage":"pt-PT","potentialAction":[{"@type":"ReadAction","target":["https:\/\/fundacioncajaruraldelsur.com\/visita-guiada-a-la-exposicion-elecktra-atomo-de-pacorrosa-en-cordoba-tambien-en-3d\/"]}]},{"@type":"ImageObject","inLanguage":"pt-PT","@id":"https:\/\/fundacioncajaruraldelsur.com\/visita-guiada-a-la-exposicion-elecktra-atomo-de-pacorrosa-en-cordoba-tambien-en-3d\/#primaryimage","url":"https:\/\/fundacioncajaruraldelsur.com\/wp-content\/uploads\/2022\/01\/visita-guiada-1.jpg","contentUrl":"https:\/\/fundacioncajaruraldelsur.com\/wp-content\/uploads\/2022\/01\/visita-guiada-1.jpg","width":1600,"height":1200},{"@type":"BreadcrumbList","@id":"https:\/\/fundacioncajaruraldelsur.com\/visita-guiada-a-la-exposicion-elecktra-atomo-de-pacorrosa-en-cordoba-tambien-en-3d\/#breadcrumb","itemListElement":[{"@type":"ListItem","position":1,"name":"Portada","item":"https:\/\/fundacioncajaruraldelsur.com\/"},{"@type":"ListItem","position":2,"name":"Visita guiada a la exposici\u00f3n \u00abElecKtra &#038; \u00c1tomo\u00bb de Pacorrosa en C\u00f3rdoba tambi\u00e9n en 3D"}]},{"@type":"WebSite","@id":"https:\/\/fundacioncajaruraldelsur.com\/#website","url":"https:\/\/fundacioncajaruraldelsur.com\/","name":"Funda\u00e7\u00e3o Caja Rural del Sur","description":"","potentialAction":[{"@type":"SearchAction","target":{"@type":"EntryPoint","urlTemplate":"https:\/\/fundacioncajaruraldelsur.com\/?s={search_term_string}"},"query-input":{"@type":"PropertyValueSpecification","valueRequired":true,"valueName":"search_term_string"}}],"inLanguage":"pt-PT"},{"@type":"Person","@id":"https:\/\/fundacioncajaruraldelsur.com\/#\/schema\/person\/f430da9fb783d505ff061ad8b3d44577","name":"Comunicaci\u00f3n","image":{"@type":"ImageObject","inLanguage":"pt-PT","@id":"https:\/\/secure.gravatar.com\/avatar\/0dca239875993680bac4603ad2de7942da018f52cc3a244578e0b3b09314a8d8?s=96&d=blank&r=g","url":"https:\/\/secure.gravatar.com\/avatar\/0dca239875993680bac4603ad2de7942da018f52cc3a244578e0b3b09314a8d8?s=96&d=blank&r=g","contentUrl":"https:\/\/secure.gravatar.com\/avatar\/0dca239875993680bac4603ad2de7942da018f52cc3a244578e0b3b09314a8d8?s=96&d=blank&r=g","caption":"Comunicaci\u00f3n"}}]}},"rttpg_featured_image_url":{"full":["https:\/\/fundacioncajaruraldelsur.com\/wp-content\/uploads\/2022\/01\/visita-guiada-1.jpg",1600,1200,false],"landscape":["https:\/\/fundacioncajaruraldelsur.com\/wp-content\/uploads\/2022\/01\/visita-guiada-1.jpg",1600,1200,false],"portraits":["https:\/\/fundacioncajaruraldelsur.com\/wp-content\/uploads\/2022\/01\/visita-guiada-1.jpg",1600,1200,false],"thumbnail":["https:\/\/fundacioncajaruraldelsur.com\/wp-content\/uploads\/2022\/01\/visita-guiada-1-150x150.jpg",150,150,true],"medium":["https:\/\/fundacioncajaruraldelsur.com\/wp-content\/uploads\/2022\/01\/visita-guiada-1-300x225.jpg",300,225,true],"large":["https:\/\/fundacioncajaruraldelsur.com\/wp-content\/uploads\/2022\/01\/visita-guiada-1-1024x768.jpg",960,720,true],"1536x1536":["https:\/\/fundacioncajaruraldelsur.com\/wp-content\/uploads\/2022\/01\/visita-guiada-1-1536x1152.jpg",1536,1152,true],"2048x2048":["https:\/\/fundacioncajaruraldelsur.com\/wp-content\/uploads\/2022\/01\/visita-guiada-1.jpg",1600,1200,false],"trp-custom-language-flag":["https:\/\/fundacioncajaruraldelsur.com\/wp-content\/uploads\/2022\/01\/visita-guiada-1.jpg",16,12,false],"blog-thumbnail":["https:\/\/fundacioncajaruraldelsur.com\/wp-content\/uploads\/2022\/01\/visita-guiada-1-400x200.jpg",400,200,true]},"rttpg_author":{"display_name":"Comunicaci\u00f3n","author_link":"https:\/\/fundacioncajaruraldelsur.com\/pt\/author\/sevillaadmin\/"},"rttpg_comment":0,"rttpg_category":"<a href=\"https:\/\/fundacioncajaruraldelsur.com\/pt\/category\/exposiciones\/\" rel=\"category tag\">Exposiciones<\/a>","rttpg_excerpt":"Pacorrosa ha realizado una visita guiada para explicar la exposici\u00f3n con un amplio grupo de visitantes que pudieron conocer de primera mano as\u00ed al artista y sus obras. La muestra [&hellip;]","_links":{"self":[{"href":"https:\/\/fundacioncajaruraldelsur.com\/pt\/wp-json\/wp\/v2\/posts\/7084","targetHints":{"allow":["GET"]}}],"collection":[{"href":"https:\/\/fundacioncajaruraldelsur.com\/pt\/wp-json\/wp\/v2\/posts"}],"about":[{"href":"https:\/\/fundacioncajaruraldelsur.com\/pt\/wp-json\/wp\/v2\/types\/post"}],"author":[{"embeddable":true,"href":"https:\/\/fundacioncajaruraldelsur.com\/pt\/wp-json\/wp\/v2\/users\/6"}],"replies":[{"embeddable":true,"href":"https:\/\/fundacioncajaruraldelsur.com\/pt\/wp-json\/wp\/v2\/comments?post=7084"}],"version-history":[{"count":6,"href":"https:\/\/fundacioncajaruraldelsur.com\/pt\/wp-json\/wp\/v2\/posts\/7084\/revisions"}],"predecessor-version":[{"id":7094,"href":"https:\/\/fundacioncajaruraldelsur.com\/pt\/wp-json\/wp\/v2\/posts\/7084\/revisions\/7094"}],"wp:featuredmedia":[{"embeddable":true,"href":"https:\/\/fundacioncajaruraldelsur.com\/pt\/wp-json\/wp\/v2\/media\/7085"}],"wp:attachment":[{"href":"https:\/\/fundacioncajaruraldelsur.com\/pt\/wp-json\/wp\/v2\/media?parent=7084"}],"wp:term":[{"taxonomy":"category","embeddable":true,"href":"https:\/\/fundacioncajaruraldelsur.com\/pt\/wp-json\/wp\/v2\/categories?post=7084"},{"taxonomy":"post_tag","embeddable":true,"href":"https:\/\/fundacioncajaruraldelsur.com\/pt\/wp-json\/wp\/v2\/tags?post=7084"}],"curies":[{"name":"wp","href":"https:\/\/api.w.org\/{rel}","templated":true}]}}