{"id":7074,"date":"2022-01-16T12:56:07","date_gmt":"2022-01-16T10:56:07","guid":{"rendered":"\/?p=7074"},"modified":"2022-01-16T13:13:40","modified_gmt":"2022-01-16T11:13:40","slug":"un-triptico-de-la-pasion-muerte-y-resurreccion-cartel-de-la-semana-santa-de-cordoba-2022","status":"publish","type":"post","link":"https:\/\/fundacioncajaruraldelsur.com\/pt\/un-triptico-de-la-pasion-muerte-y-resurreccion-cartel-de-la-semana-santa-de-cordoba-2022\/","title":{"rendered":"Un tr\u00edptico de la Pasi\u00f3n, Muerte y Resurrecci\u00f3n, cartel de la Semana Santa de C\u00f3rdoba 2022"},"content":{"rendered":"<p class=\"has-text-align-justify\">O <strong>Centro Cultural Jos\u00e9 Garc\u00eda Palacios de la Fundaci\u00f3n Caja Rural del Sur<\/strong> en C\u00f3rdoba ha acogido este s\u00e1bado, 15 de enero, una de las citas m\u00e1s esperadas por los cofrades de C\u00f3rdoba como es la <a href=\"https:\/\/hermandadesdecordoba.es\/el-cartel-de-2022\"><strong>Presentaci\u00f3n del Cartel de su Semana Santa<\/strong>.<\/a><a href=\"\/wp-content\/uploads\/2022\/01\/cartel-1.jpg\" rel=\"lightbox-0\"><img loading=\"lazy\" decoding=\"async\" class=\"alignnone wp-image-7078 size-full\" src=\"\/wp-content\/uploads\/2022\/01\/cartel-1.jpg\" alt=\"\" width=\"1280\" height=\"960\" srcset=\"https:\/\/fundacioncajaruraldelsur.com\/wp-content\/uploads\/2022\/01\/cartel-1.jpg 1280w, https:\/\/fundacioncajaruraldelsur.com\/wp-content\/uploads\/2022\/01\/cartel-1-300x225.jpg 300w, https:\/\/fundacioncajaruraldelsur.com\/wp-content\/uploads\/2022\/01\/cartel-1-1024x768.jpg 1024w, https:\/\/fundacioncajaruraldelsur.com\/wp-content\/uploads\/2022\/01\/cartel-1-768x576.jpg 768w\" sizes=\"auto, (max-width: 1280px) 100vw, 1280px\" \/><\/a><\/p>\n<p class=\"has-text-align-justify\">En el acto han estado presentes la presidenta de la Agrupaci\u00f3n de Hermandades y Cofrad\u00edas de C\u00f3rdoba, Olga Caballero, as\u00ed como autoridades como el alcalde, Jos\u00e9 Mar\u00eda Bellido, o el consejero de Salud, Jes\u00fas Aguirre.<\/p>\n<p><a href=\"\/wp-content\/uploads\/2022\/01\/cartel-2-1.jpg\" rel=\"lightbox-1\"><img loading=\"lazy\" decoding=\"async\" class=\"alignnone wp-image-7079 size-full\" src=\"\/wp-content\/uploads\/2022\/01\/cartel-2-1.jpg\" alt=\"\" width=\"1280\" height=\"960\" srcset=\"https:\/\/fundacioncajaruraldelsur.com\/wp-content\/uploads\/2022\/01\/cartel-2-1.jpg 1280w, https:\/\/fundacioncajaruraldelsur.com\/wp-content\/uploads\/2022\/01\/cartel-2-1-300x225.jpg 300w, https:\/\/fundacioncajaruraldelsur.com\/wp-content\/uploads\/2022\/01\/cartel-2-1-1024x768.jpg 1024w, https:\/\/fundacioncajaruraldelsur.com\/wp-content\/uploads\/2022\/01\/cartel-2-1-768x576.jpg 768w\" sizes=\"auto, (max-width: 1280px) 100vw, 1280px\" \/><\/a><\/p>\n<p class=\"has-text-align-justify\">Tres pintores de gran prestigio como Nuria Barrera, Ra\u00fal Berzosa y C\u00e9sar Ram\u00edrez son los autores del cartel presentado, titulado <strong>\u201cTr\u00edptico de la Pasi\u00f3n seg\u00fan C\u00f3rdoba\u201d<\/strong>. La obra, con una dimensiones totales de 170\u00d7100 cms, es un recorrido pict\u00f3rico por los tres momentos que abarcan la Semana Santa: La\u00a0<strong>Pasi\u00f3n, La Muerte y La Resurrecci\u00f3n de Jesucristo<\/strong>. Y para ello, cada uno de los pintores ha plasmado en su espacio, de 50\u00d773 cms, montados todos sobre una tabla, una imagen de los Titulares de la Semana Santa cordobesa que representan estos tres momentos.<\/p>\n<p class=\"has-text-align-justify\">Adem\u00e1s, en el acto se proyect\u00f3 el v\u00eddeo promocional de la Semana Santa de C\u00f3rdoba que tambi\u00e9n se presentar\u00e1 en la feria de turismo FITUR.<\/p>\n<div class=\"wp-block-jetpack-slideshow aligncenter\" data-autoplay=\"true\" data-delay=\"5\" data-effect=\"fade\" data-jetpack-block-initialized=\"true\">\n<div class=\"wp-block-jetpack-slideshow_container swiper-container swiper-container-fade swiper-container-initialized swiper-container-horizontal swiper-container-pointer-events wp-swiper-initialized\">\n<figure><figcaption class=\"wp-block-jetpack-slideshow_caption gallery-caption\"><\/figcaption><\/figure>\n<p><a href=\"\/wp-content\/uploads\/2022\/01\/cartel-2-scaled.jpg\" rel=\"lightbox-2\"><img loading=\"lazy\" decoding=\"async\" class=\"alignnone wp-image-7075 size-full\" src=\"\/wp-content\/uploads\/2022\/01\/cartel-2-scaled.jpg\" alt=\"\" width=\"2560\" height=\"1707\" srcset=\"https:\/\/fundacioncajaruraldelsur.com\/wp-content\/uploads\/2022\/01\/cartel-2-scaled.jpg 2560w, https:\/\/fundacioncajaruraldelsur.com\/wp-content\/uploads\/2022\/01\/cartel-2-300x200.jpg 300w, https:\/\/fundacioncajaruraldelsur.com\/wp-content\/uploads\/2022\/01\/cartel-2-1024x683.jpg 1024w, https:\/\/fundacioncajaruraldelsur.com\/wp-content\/uploads\/2022\/01\/cartel-2-768x512.jpg 768w, https:\/\/fundacioncajaruraldelsur.com\/wp-content\/uploads\/2022\/01\/cartel-2-1536x1024.jpg 1536w, https:\/\/fundacioncajaruraldelsur.com\/wp-content\/uploads\/2022\/01\/cartel-2-2048x1365.jpg 2048w\" sizes=\"auto, (max-width: 2560px) 100vw, 2560px\" \/><\/a> <a href=\"\/wp-content\/uploads\/2022\/01\/cartel-semana-santa-cordoba-scaled.jpg\" rel=\"lightbox-3\"><img loading=\"lazy\" decoding=\"async\" class=\"alignnone wp-image-7076 size-full\" src=\"\/wp-content\/uploads\/2022\/01\/cartel-semana-santa-cordoba-scaled.jpg\" alt=\"\" width=\"2560\" height=\"1707\" srcset=\"https:\/\/fundacioncajaruraldelsur.com\/wp-content\/uploads\/2022\/01\/cartel-semana-santa-cordoba-scaled.jpg 2560w, https:\/\/fundacioncajaruraldelsur.com\/wp-content\/uploads\/2022\/01\/cartel-semana-santa-cordoba-300x200.jpg 300w, https:\/\/fundacioncajaruraldelsur.com\/wp-content\/uploads\/2022\/01\/cartel-semana-santa-cordoba-1024x683.jpg 1024w, https:\/\/fundacioncajaruraldelsur.com\/wp-content\/uploads\/2022\/01\/cartel-semana-santa-cordoba-768x512.jpg 768w, https:\/\/fundacioncajaruraldelsur.com\/wp-content\/uploads\/2022\/01\/cartel-semana-santa-cordoba-1536x1024.jpg 1536w, https:\/\/fundacioncajaruraldelsur.com\/wp-content\/uploads\/2022\/01\/cartel-semana-santa-cordoba-2048x1365.jpg 2048w\" sizes=\"auto, (max-width: 2560px) 100vw, 2560px\" \/><\/a><\/p>\n<figure><figcaption class=\"wp-block-jetpack-slideshow_caption gallery-caption\"><\/figcaption><\/figure>\n<\/div>\n<\/div>\n<p class=\"has-text-align-justify\">El malague\u00f1o\u00a0<strong>Ra\u00fal Berzosa<\/strong>, considerado como uno de los mejores artistas del g\u00e9nero religioso, ha sido el pintor que ha reflejado el momento de La\u00a0<strong>Pasi\u00f3n\u00a0<\/strong>de Jes\u00fas, recurriendo a\u00a0<strong>Nuestro Padre Jes\u00fas Ca\u00eddo<\/strong>\u00a0para recoger el doloroso camino hasta el calvario, tras ser azotado y humillado.\u200b<\/p>\n<p class=\"has-text-align-justify\"><strong>La sevillana Nuria Barrera<\/strong>, ha sido la encargada de plasmar el momento de La <strong>Muerte<\/strong>\u00a0del Se\u00f1or. Para ello ha escogido la obra de Juan de Mesa como imagen de la muerte, el dolor y el amor de una Madre a su Hijo, representada en\u00a0<strong>Nuestra Se\u00f1ora de las Angustias<\/strong>.<\/p>\n<p class=\"has-text-align-justify\">Por su parte, el\u00a0<strong>sevillano C\u00e9sar Ram\u00edrez<\/strong>, es quien cierra esta impactante obra con la representaci\u00f3n de la <strong>Resurrecci\u00f3n\u00a0<\/strong>del Salvador.<\/p>\n<p><a href=\"\/wp-content\/uploads\/2022\/01\/cartel-3.jpg\" rel=\"lightbox-4\"><img loading=\"lazy\" decoding=\"async\" class=\"alignnone wp-image-7080 size-full\" src=\"\/wp-content\/uploads\/2022\/01\/cartel-3.jpg\" alt=\"\" width=\"1280\" height=\"960\" srcset=\"https:\/\/fundacioncajaruraldelsur.com\/wp-content\/uploads\/2022\/01\/cartel-3.jpg 1280w, https:\/\/fundacioncajaruraldelsur.com\/wp-content\/uploads\/2022\/01\/cartel-3-300x225.jpg 300w, https:\/\/fundacioncajaruraldelsur.com\/wp-content\/uploads\/2022\/01\/cartel-3-1024x768.jpg 1024w, https:\/\/fundacioncajaruraldelsur.com\/wp-content\/uploads\/2022\/01\/cartel-3-768x576.jpg 768w\" sizes=\"auto, (max-width: 1280px) 100vw, 1280px\" \/><\/a><\/p>\n<p><a href=\"https:\/\/www.lavozdecordoba.es\/galerias\/2022\/01\/15\/la-presentacion-del-cartel-de-semana-santa\/\">M\u00e1s informaci\u00f3n e im\u00e1genes del acto.\u00a0<\/a><\/p>","protected":false},"excerpt":{"rendered":"<p>El Centro Cultural Jos\u00e9 Garc\u00eda Palacios de la Fundaci\u00f3n Caja Rural del Sur en C\u00f3rdoba ha acogido este s\u00e1bado, 15 de enero, una de las citas m\u00e1s esperadas por los [&hellip;]<\/p>\n","protected":false},"author":6,"featured_media":7076,"comment_status":"closed","ping_status":"closed","sticky":false,"template":"","format":"standard","meta":{"footnotes":""},"categories":[84],"tags":[],"class_list":["post-7074","post","type-post","status-publish","format-standard","has-post-thumbnail","hentry","category-presentaciones"],"yoast_head":"<!-- This site is optimized with the Yoast SEO plugin v27.3 - https:\/\/yoast.com\/product\/yoast-seo-wordpress\/ -->\n<title>Un tr\u00edptico de la Pasi\u00f3n, Muerte y Resurrecci\u00f3n, cartel de la Semana Santa de C\u00f3rdoba 2022 - Fundaci\u00f3n Caja Rural del Sur<\/title>\n<meta name=\"robots\" content=\"index, follow, max-snippet:-1, max-image-preview:large, max-video-preview:-1\" \/>\n<link rel=\"canonical\" href=\"https:\/\/fundacioncajaruraldelsur.com\/pt\/un-triptico-de-la-pasion-muerte-y-resurreccion-cartel-de-la-semana-santa-de-cordoba-2022\/\" \/>\n<meta property=\"og:locale\" content=\"pt_PT\" \/>\n<meta property=\"og:type\" content=\"article\" \/>\n<meta property=\"og:title\" content=\"Un tr\u00edptico de la Pasi\u00f3n, Muerte y Resurrecci\u00f3n, cartel de la Semana Santa de C\u00f3rdoba 2022 - Fundaci\u00f3n Caja Rural del Sur\" \/>\n<meta property=\"og:description\" content=\"El Centro Cultural Jos\u00e9 Garc\u00eda Palacios de la Fundaci\u00f3n Caja Rural del Sur en C\u00f3rdoba ha acogido este s\u00e1bado, 15 de enero, una de las citas m\u00e1s esperadas por los [&hellip;]\" \/>\n<meta property=\"og:url\" content=\"https:\/\/fundacioncajaruraldelsur.com\/pt\/un-triptico-de-la-pasion-muerte-y-resurreccion-cartel-de-la-semana-santa-de-cordoba-2022\/\" \/>\n<meta property=\"og:site_name\" content=\"Fundaci\u00f3n Caja Rural del Sur\" \/>\n<meta property=\"article:published_time\" content=\"2022-01-16T10:56:07+00:00\" \/>\n<meta property=\"article:modified_time\" content=\"2022-01-16T11:13:40+00:00\" \/>\n<meta property=\"og:image\" content=\"https:\/\/fundacioncajaruraldelsur.com\/wp-content\/uploads\/2022\/01\/cartel-semana-santa-cordoba-scaled.jpg\" \/>\n\t<meta property=\"og:image:width\" content=\"2560\" \/>\n\t<meta property=\"og:image:height\" content=\"1707\" \/>\n\t<meta property=\"og:image:type\" content=\"image\/jpeg\" \/>\n<meta name=\"author\" content=\"Comunicaci\u00f3n\" \/>\n<meta name=\"twitter:card\" content=\"summary_large_image\" \/>\n<meta name=\"twitter:label1\" content=\"Written by\" \/>\n\t<meta name=\"twitter:data1\" content=\"Comunicaci\u00f3n\" \/>\n\t<meta name=\"twitter:label2\" content=\"Est. reading time\" \/>\n\t<meta name=\"twitter:data2\" content=\"2 minutes\" \/>\n<script type=\"application\/ld+json\" class=\"yoast-schema-graph\">{\"@context\":\"https:\\\/\\\/schema.org\",\"@graph\":[{\"@type\":\"Article\",\"@id\":\"https:\\\/\\\/fundacioncajaruraldelsur.com\\\/un-triptico-de-la-pasion-muerte-y-resurreccion-cartel-de-la-semana-santa-de-cordoba-2022\\\/#article\",\"isPartOf\":{\"@id\":\"https:\\\/\\\/fundacioncajaruraldelsur.com\\\/un-triptico-de-la-pasion-muerte-y-resurreccion-cartel-de-la-semana-santa-de-cordoba-2022\\\/\"},\"author\":{\"name\":\"Comunicaci\u00f3n\",\"@id\":\"https:\\\/\\\/fundacioncajaruraldelsur.com\\\/#\\\/schema\\\/person\\\/f430da9fb783d505ff061ad8b3d44577\"},\"headline\":\"Un tr\u00edptico de la Pasi\u00f3n, Muerte y Resurrecci\u00f3n, cartel de la Semana Santa de C\u00f3rdoba 2022\",\"datePublished\":\"2022-01-16T10:56:07+00:00\",\"dateModified\":\"2022-01-16T11:13:40+00:00\",\"mainEntityOfPage\":{\"@id\":\"https:\\\/\\\/fundacioncajaruraldelsur.com\\\/un-triptico-de-la-pasion-muerte-y-resurreccion-cartel-de-la-semana-santa-de-cordoba-2022\\\/\"},\"wordCount\":378,\"image\":{\"@id\":\"https:\\\/\\\/fundacioncajaruraldelsur.com\\\/un-triptico-de-la-pasion-muerte-y-resurreccion-cartel-de-la-semana-santa-de-cordoba-2022\\\/#primaryimage\"},\"thumbnailUrl\":\"https:\\\/\\\/fundacioncajaruraldelsur.com\\\/wp-content\\\/uploads\\\/2022\\\/01\\\/cartel-semana-santa-cordoba-scaled.jpg\",\"articleSection\":[\"Presentaciones\"],\"inLanguage\":\"pt-PT\"},{\"@type\":\"WebPage\",\"@id\":\"https:\\\/\\\/fundacioncajaruraldelsur.com\\\/un-triptico-de-la-pasion-muerte-y-resurreccion-cartel-de-la-semana-santa-de-cordoba-2022\\\/\",\"url\":\"https:\\\/\\\/fundacioncajaruraldelsur.com\\\/un-triptico-de-la-pasion-muerte-y-resurreccion-cartel-de-la-semana-santa-de-cordoba-2022\\\/\",\"name\":\"Un tr\u00edptico de la Pasi\u00f3n, Muerte y Resurrecci\u00f3n, cartel de la Semana Santa de C\u00f3rdoba 2022 - Fundaci\u00f3n Caja Rural del Sur\",\"isPartOf\":{\"@id\":\"https:\\\/\\\/fundacioncajaruraldelsur.com\\\/#website\"},\"primaryImageOfPage\":{\"@id\":\"https:\\\/\\\/fundacioncajaruraldelsur.com\\\/un-triptico-de-la-pasion-muerte-y-resurreccion-cartel-de-la-semana-santa-de-cordoba-2022\\\/#primaryimage\"},\"image\":{\"@id\":\"https:\\\/\\\/fundacioncajaruraldelsur.com\\\/un-triptico-de-la-pasion-muerte-y-resurreccion-cartel-de-la-semana-santa-de-cordoba-2022\\\/#primaryimage\"},\"thumbnailUrl\":\"https:\\\/\\\/fundacioncajaruraldelsur.com\\\/wp-content\\\/uploads\\\/2022\\\/01\\\/cartel-semana-santa-cordoba-scaled.jpg\",\"datePublished\":\"2022-01-16T10:56:07+00:00\",\"dateModified\":\"2022-01-16T11:13:40+00:00\",\"author\":{\"@id\":\"https:\\\/\\\/fundacioncajaruraldelsur.com\\\/#\\\/schema\\\/person\\\/f430da9fb783d505ff061ad8b3d44577\"},\"breadcrumb\":{\"@id\":\"https:\\\/\\\/fundacioncajaruraldelsur.com\\\/un-triptico-de-la-pasion-muerte-y-resurreccion-cartel-de-la-semana-santa-de-cordoba-2022\\\/#breadcrumb\"},\"inLanguage\":\"pt-PT\",\"potentialAction\":[{\"@type\":\"ReadAction\",\"target\":[\"https:\\\/\\\/fundacioncajaruraldelsur.com\\\/un-triptico-de-la-pasion-muerte-y-resurreccion-cartel-de-la-semana-santa-de-cordoba-2022\\\/\"]}]},{\"@type\":\"ImageObject\",\"inLanguage\":\"pt-PT\",\"@id\":\"https:\\\/\\\/fundacioncajaruraldelsur.com\\\/un-triptico-de-la-pasion-muerte-y-resurreccion-cartel-de-la-semana-santa-de-cordoba-2022\\\/#primaryimage\",\"url\":\"https:\\\/\\\/fundacioncajaruraldelsur.com\\\/wp-content\\\/uploads\\\/2022\\\/01\\\/cartel-semana-santa-cordoba-scaled.jpg\",\"contentUrl\":\"https:\\\/\\\/fundacioncajaruraldelsur.com\\\/wp-content\\\/uploads\\\/2022\\\/01\\\/cartel-semana-santa-cordoba-scaled.jpg\",\"width\":2560,\"height\":1707},{\"@type\":\"BreadcrumbList\",\"@id\":\"https:\\\/\\\/fundacioncajaruraldelsur.com\\\/un-triptico-de-la-pasion-muerte-y-resurreccion-cartel-de-la-semana-santa-de-cordoba-2022\\\/#breadcrumb\",\"itemListElement\":[{\"@type\":\"ListItem\",\"position\":1,\"name\":\"Portada\",\"item\":\"https:\\\/\\\/fundacioncajaruraldelsur.com\\\/\"},{\"@type\":\"ListItem\",\"position\":2,\"name\":\"Un tr\u00edptico de la Pasi\u00f3n, Muerte y Resurrecci\u00f3n, cartel de la Semana Santa de C\u00f3rdoba 2022\"}]},{\"@type\":\"WebSite\",\"@id\":\"https:\\\/\\\/fundacioncajaruraldelsur.com\\\/#website\",\"url\":\"https:\\\/\\\/fundacioncajaruraldelsur.com\\\/\",\"name\":\"Fundaci\u00f3n Caja Rural del Sur\",\"description\":\"\",\"potentialAction\":[{\"@type\":\"SearchAction\",\"target\":{\"@type\":\"EntryPoint\",\"urlTemplate\":\"https:\\\/\\\/fundacioncajaruraldelsur.com\\\/?s={search_term_string}\"},\"query-input\":{\"@type\":\"PropertyValueSpecification\",\"valueRequired\":true,\"valueName\":\"search_term_string\"}}],\"inLanguage\":\"pt-PT\"},{\"@type\":\"Person\",\"@id\":\"https:\\\/\\\/fundacioncajaruraldelsur.com\\\/#\\\/schema\\\/person\\\/f430da9fb783d505ff061ad8b3d44577\",\"name\":\"Comunicaci\u00f3n\",\"image\":{\"@type\":\"ImageObject\",\"inLanguage\":\"pt-PT\",\"@id\":\"https:\\\/\\\/secure.gravatar.com\\\/avatar\\\/0dca239875993680bac4603ad2de7942da018f52cc3a244578e0b3b09314a8d8?s=96&d=blank&r=g\",\"url\":\"https:\\\/\\\/secure.gravatar.com\\\/avatar\\\/0dca239875993680bac4603ad2de7942da018f52cc3a244578e0b3b09314a8d8?s=96&d=blank&r=g\",\"contentUrl\":\"https:\\\/\\\/secure.gravatar.com\\\/avatar\\\/0dca239875993680bac4603ad2de7942da018f52cc3a244578e0b3b09314a8d8?s=96&d=blank&r=g\",\"caption\":\"Comunicaci\u00f3n\"}}]}<\/script>\n<!-- \/ Yoast SEO plugin. -->","yoast_head_json":{"title":"Un tr\u00edptico de la Pasi\u00f3n, Muerte y Resurrecci\u00f3n, cartel de la Semana Santa de C\u00f3rdoba 2022 - Fundaci\u00f3n Caja Rural del Sur","robots":{"index":"index","follow":"follow","max-snippet":"max-snippet:-1","max-image-preview":"max-image-preview:large","max-video-preview":"max-video-preview:-1"},"canonical":"https:\/\/fundacioncajaruraldelsur.com\/pt\/un-triptico-de-la-pasion-muerte-y-resurreccion-cartel-de-la-semana-santa-de-cordoba-2022\/","og_locale":"pt_PT","og_type":"article","og_title":"Un tr\u00edptico de la Pasi\u00f3n, Muerte y Resurrecci\u00f3n, cartel de la Semana Santa de C\u00f3rdoba 2022 - Fundaci\u00f3n Caja Rural del Sur","og_description":"El Centro Cultural Jos\u00e9 Garc\u00eda Palacios de la Fundaci\u00f3n Caja Rural del Sur en C\u00f3rdoba ha acogido este s\u00e1bado, 15 de enero, una de las citas m\u00e1s esperadas por los [&hellip;]","og_url":"https:\/\/fundacioncajaruraldelsur.com\/pt\/un-triptico-de-la-pasion-muerte-y-resurreccion-cartel-de-la-semana-santa-de-cordoba-2022\/","og_site_name":"Fundaci\u00f3n Caja Rural del Sur","article_published_time":"2022-01-16T10:56:07+00:00","article_modified_time":"2022-01-16T11:13:40+00:00","og_image":[{"width":2560,"height":1707,"url":"https:\/\/fundacioncajaruraldelsur.com\/wp-content\/uploads\/2022\/01\/cartel-semana-santa-cordoba-scaled.jpg","type":"image\/jpeg"}],"author":"Comunicaci\u00f3n","twitter_card":"summary_large_image","twitter_misc":{"Written by":"Comunicaci\u00f3n","Est. reading time":"2 minutes"},"schema":{"@context":"https:\/\/schema.org","@graph":[{"@type":"Article","@id":"https:\/\/fundacioncajaruraldelsur.com\/un-triptico-de-la-pasion-muerte-y-resurreccion-cartel-de-la-semana-santa-de-cordoba-2022\/#article","isPartOf":{"@id":"https:\/\/fundacioncajaruraldelsur.com\/un-triptico-de-la-pasion-muerte-y-resurreccion-cartel-de-la-semana-santa-de-cordoba-2022\/"},"author":{"name":"Comunicaci\u00f3n","@id":"https:\/\/fundacioncajaruraldelsur.com\/#\/schema\/person\/f430da9fb783d505ff061ad8b3d44577"},"headline":"Un tr\u00edptico de la Pasi\u00f3n, Muerte y Resurrecci\u00f3n, cartel de la Semana Santa de C\u00f3rdoba 2022","datePublished":"2022-01-16T10:56:07+00:00","dateModified":"2022-01-16T11:13:40+00:00","mainEntityOfPage":{"@id":"https:\/\/fundacioncajaruraldelsur.com\/un-triptico-de-la-pasion-muerte-y-resurreccion-cartel-de-la-semana-santa-de-cordoba-2022\/"},"wordCount":378,"image":{"@id":"https:\/\/fundacioncajaruraldelsur.com\/un-triptico-de-la-pasion-muerte-y-resurreccion-cartel-de-la-semana-santa-de-cordoba-2022\/#primaryimage"},"thumbnailUrl":"https:\/\/fundacioncajaruraldelsur.com\/wp-content\/uploads\/2022\/01\/cartel-semana-santa-cordoba-scaled.jpg","articleSection":["Presentaciones"],"inLanguage":"pt-PT"},{"@type":"WebPage","@id":"https:\/\/fundacioncajaruraldelsur.com\/un-triptico-de-la-pasion-muerte-y-resurreccion-cartel-de-la-semana-santa-de-cordoba-2022\/","url":"https:\/\/fundacioncajaruraldelsur.com\/un-triptico-de-la-pasion-muerte-y-resurreccion-cartel-de-la-semana-santa-de-cordoba-2022\/","name":"Un tr\u00edptico de la Pasi\u00f3n, Muerte y Resurrecci\u00f3n, cartel de la Semana Santa de C\u00f3rdoba 2022 - Fundaci\u00f3n Caja Rural del Sur","isPartOf":{"@id":"https:\/\/fundacioncajaruraldelsur.com\/#website"},"primaryImageOfPage":{"@id":"https:\/\/fundacioncajaruraldelsur.com\/un-triptico-de-la-pasion-muerte-y-resurreccion-cartel-de-la-semana-santa-de-cordoba-2022\/#primaryimage"},"image":{"@id":"https:\/\/fundacioncajaruraldelsur.com\/un-triptico-de-la-pasion-muerte-y-resurreccion-cartel-de-la-semana-santa-de-cordoba-2022\/#primaryimage"},"thumbnailUrl":"https:\/\/fundacioncajaruraldelsur.com\/wp-content\/uploads\/2022\/01\/cartel-semana-santa-cordoba-scaled.jpg","datePublished":"2022-01-16T10:56:07+00:00","dateModified":"2022-01-16T11:13:40+00:00","author":{"@id":"https:\/\/fundacioncajaruraldelsur.com\/#\/schema\/person\/f430da9fb783d505ff061ad8b3d44577"},"breadcrumb":{"@id":"https:\/\/fundacioncajaruraldelsur.com\/un-triptico-de-la-pasion-muerte-y-resurreccion-cartel-de-la-semana-santa-de-cordoba-2022\/#breadcrumb"},"inLanguage":"pt-PT","potentialAction":[{"@type":"ReadAction","target":["https:\/\/fundacioncajaruraldelsur.com\/un-triptico-de-la-pasion-muerte-y-resurreccion-cartel-de-la-semana-santa-de-cordoba-2022\/"]}]},{"@type":"ImageObject","inLanguage":"pt-PT","@id":"https:\/\/fundacioncajaruraldelsur.com\/un-triptico-de-la-pasion-muerte-y-resurreccion-cartel-de-la-semana-santa-de-cordoba-2022\/#primaryimage","url":"https:\/\/fundacioncajaruraldelsur.com\/wp-content\/uploads\/2022\/01\/cartel-semana-santa-cordoba-scaled.jpg","contentUrl":"https:\/\/fundacioncajaruraldelsur.com\/wp-content\/uploads\/2022\/01\/cartel-semana-santa-cordoba-scaled.jpg","width":2560,"height":1707},{"@type":"BreadcrumbList","@id":"https:\/\/fundacioncajaruraldelsur.com\/un-triptico-de-la-pasion-muerte-y-resurreccion-cartel-de-la-semana-santa-de-cordoba-2022\/#breadcrumb","itemListElement":[{"@type":"ListItem","position":1,"name":"Portada","item":"https:\/\/fundacioncajaruraldelsur.com\/"},{"@type":"ListItem","position":2,"name":"Un tr\u00edptico de la Pasi\u00f3n, Muerte y Resurrecci\u00f3n, cartel de la Semana Santa de C\u00f3rdoba 2022"}]},{"@type":"WebSite","@id":"https:\/\/fundacioncajaruraldelsur.com\/#website","url":"https:\/\/fundacioncajaruraldelsur.com\/","name":"Funda\u00e7\u00e3o Caja Rural del Sur","description":"","potentialAction":[{"@type":"SearchAction","target":{"@type":"EntryPoint","urlTemplate":"https:\/\/fundacioncajaruraldelsur.com\/?s={search_term_string}"},"query-input":{"@type":"PropertyValueSpecification","valueRequired":true,"valueName":"search_term_string"}}],"inLanguage":"pt-PT"},{"@type":"Person","@id":"https:\/\/fundacioncajaruraldelsur.com\/#\/schema\/person\/f430da9fb783d505ff061ad8b3d44577","name":"Comunicaci\u00f3n","image":{"@type":"ImageObject","inLanguage":"pt-PT","@id":"https:\/\/secure.gravatar.com\/avatar\/0dca239875993680bac4603ad2de7942da018f52cc3a244578e0b3b09314a8d8?s=96&d=blank&r=g","url":"https:\/\/secure.gravatar.com\/avatar\/0dca239875993680bac4603ad2de7942da018f52cc3a244578e0b3b09314a8d8?s=96&d=blank&r=g","contentUrl":"https:\/\/secure.gravatar.com\/avatar\/0dca239875993680bac4603ad2de7942da018f52cc3a244578e0b3b09314a8d8?s=96&d=blank&r=g","caption":"Comunicaci\u00f3n"}}]}},"rttpg_featured_image_url":{"full":["https:\/\/fundacioncajaruraldelsur.com\/wp-content\/uploads\/2022\/01\/cartel-semana-santa-cordoba-scaled.jpg",2560,1707,false],"landscape":["https:\/\/fundacioncajaruraldelsur.com\/wp-content\/uploads\/2022\/01\/cartel-semana-santa-cordoba-scaled.jpg",2560,1707,false],"portraits":["https:\/\/fundacioncajaruraldelsur.com\/wp-content\/uploads\/2022\/01\/cartel-semana-santa-cordoba-scaled.jpg",2560,1707,false],"thumbnail":["https:\/\/fundacioncajaruraldelsur.com\/wp-content\/uploads\/2022\/01\/cartel-semana-santa-cordoba-150x150.jpg",150,150,true],"medium":["https:\/\/fundacioncajaruraldelsur.com\/wp-content\/uploads\/2022\/01\/cartel-semana-santa-cordoba-300x200.jpg",300,200,true],"large":["https:\/\/fundacioncajaruraldelsur.com\/wp-content\/uploads\/2022\/01\/cartel-semana-santa-cordoba-1024x683.jpg",960,640,true],"1536x1536":["https:\/\/fundacioncajaruraldelsur.com\/wp-content\/uploads\/2022\/01\/cartel-semana-santa-cordoba-1536x1024.jpg",1536,1024,true],"2048x2048":["https:\/\/fundacioncajaruraldelsur.com\/wp-content\/uploads\/2022\/01\/cartel-semana-santa-cordoba-2048x1365.jpg",2048,1365,true],"trp-custom-language-flag":["https:\/\/fundacioncajaruraldelsur.com\/wp-content\/uploads\/2022\/01\/cartel-semana-santa-cordoba-scaled.jpg",18,12,false],"blog-thumbnail":["https:\/\/fundacioncajaruraldelsur.com\/wp-content\/uploads\/2022\/01\/cartel-semana-santa-cordoba-400x200.jpg",400,200,true]},"rttpg_author":{"display_name":"Comunicaci\u00f3n","author_link":"https:\/\/fundacioncajaruraldelsur.com\/pt\/author\/sevillaadmin\/"},"rttpg_comment":0,"rttpg_category":"<a href=\"https:\/\/fundacioncajaruraldelsur.com\/pt\/category\/presentaciones\/\" rel=\"category tag\">Presentaciones<\/a>","rttpg_excerpt":"El Centro Cultural Jos\u00e9 Garc\u00eda Palacios de la Fundaci\u00f3n Caja Rural del Sur en C\u00f3rdoba ha acogido este s\u00e1bado, 15 de enero, una de las citas m\u00e1s esperadas por los [&hellip;]","_links":{"self":[{"href":"https:\/\/fundacioncajaruraldelsur.com\/pt\/wp-json\/wp\/v2\/posts\/7074","targetHints":{"allow":["GET"]}}],"collection":[{"href":"https:\/\/fundacioncajaruraldelsur.com\/pt\/wp-json\/wp\/v2\/posts"}],"about":[{"href":"https:\/\/fundacioncajaruraldelsur.com\/pt\/wp-json\/wp\/v2\/types\/post"}],"author":[{"embeddable":true,"href":"https:\/\/fundacioncajaruraldelsur.com\/pt\/wp-json\/wp\/v2\/users\/6"}],"replies":[{"embeddable":true,"href":"https:\/\/fundacioncajaruraldelsur.com\/pt\/wp-json\/wp\/v2\/comments?post=7074"}],"version-history":[{"count":4,"href":"https:\/\/fundacioncajaruraldelsur.com\/pt\/wp-json\/wp\/v2\/posts\/7074\/revisions"}],"predecessor-version":[{"id":7095,"href":"https:\/\/fundacioncajaruraldelsur.com\/pt\/wp-json\/wp\/v2\/posts\/7074\/revisions\/7095"}],"wp:featuredmedia":[{"embeddable":true,"href":"https:\/\/fundacioncajaruraldelsur.com\/pt\/wp-json\/wp\/v2\/media\/7076"}],"wp:attachment":[{"href":"https:\/\/fundacioncajaruraldelsur.com\/pt\/wp-json\/wp\/v2\/media?parent=7074"}],"wp:term":[{"taxonomy":"category","embeddable":true,"href":"https:\/\/fundacioncajaruraldelsur.com\/pt\/wp-json\/wp\/v2\/categories?post=7074"},{"taxonomy":"post_tag","embeddable":true,"href":"https:\/\/fundacioncajaruraldelsur.com\/pt\/wp-json\/wp\/v2\/tags?post=7074"}],"curies":[{"name":"wp","href":"https:\/\/api.w.org\/{rel}","templated":true}]}}