{"id":7069,"date":"2022-01-12T23:57:38","date_gmt":"2022-01-12T21:57:38","guid":{"rendered":"\/?p=7069"},"modified":"2022-01-12T23:57:38","modified_gmt":"2022-01-12T21:57:38","slug":"inaugurada-la-exposicion-de-pintura-de-pacorrosa-en-el-centro-cultural-de-fundacion-caja-rural-del-sur","status":"publish","type":"post","link":"https:\/\/fundacioncajaruraldelsur.com\/pt\/inaugurada-la-exposicion-de-pintura-de-pacorrosa-en-el-centro-cultural-de-fundacion-caja-rural-del-sur\/","title":{"rendered":"Inaugurada la exposici\u00f3n de pintura de Pacorrosa en el Centro Cultural de Fundaci\u00f3n Caja Rural del Sur"},"content":{"rendered":"<p>La delegada de Cultura del Ayuntamiento de C\u00f3rdoba, Mari\u00e1n Aguilar, los pintores Pepe Puntas y Manuel Garc\u00e9s y la responsable de Gesti\u00f3n Cultural de la Fundaci\u00f3n Caja Rural del Sur, Mar\u00eda Luisa Garc\u00eda-Palacios \u00c1lvarez, acompa\u00f1aron a Pacorrosa en la inauguraci\u00f3n de la exposici\u00f3n que se muestra en el nuevo Centro Cultural en C\u00f3rdoba de la mencionada Fundaci\u00f3n.<\/p>\n<p>La muestra, titulada \u201cElecKtra &amp; \u00c1tomo, los gemelos del siglo XXI\u201d, permanecera abierta hasta el pr\u00f3ximo 5 de febrero, en horario de ma\u00f1ana de 11:30 a 13:30 y por la tarde de 18:00 a 21:00 horas y en ella el artista muestra su producci\u00f3n art\u00edstica central realizada durante el a\u00f1o 2021, una tem\u00e1tica de ciencia ficci\u00f3n que es \u201cuna cr\u00f3nica de la etapa pand\u00e9mica que estamos viviendo y que dedica a su madre, a todas las madres, a lo que representan individual y culturalmente\u201d.<\/p>\n<p>Francisco Rosa Cuevas es licenciado en Bellas Artes por la Universidad de Castilla-La Mancha y diplomado en la Facultad de Bellas Artes Santa Isabel de Hungr\u00eda de la Universidad de Sevilla. Y en su amplio curiculum se incluyen tanto exposiciones individuales como colectivas, tanto en Espa\u00f1a como en el extranjero, principalmente en Londres (Reino Unido) y distintas ciudades de Estados Unidos.<\/p>\n<p><a href=\"\/wp-content\/uploads\/2022\/01\/220112.-Asistentes-al-acto-de-inauguracion-de-la-exposicion..jpg\" rel=\"lightbox-0\"><img loading=\"lazy\" decoding=\"async\" class=\"alignnone wp-image-7071 size-full\" src=\"\/wp-content\/uploads\/2022\/01\/220112.-Asistentes-al-acto-de-inauguracion-de-la-exposicion..jpg\" alt=\"\" width=\"1600\" height=\"1200\" srcset=\"https:\/\/fundacioncajaruraldelsur.com\/wp-content\/uploads\/2022\/01\/220112.-Asistentes-al-acto-de-inauguracion-de-la-exposicion..jpg 1600w, https:\/\/fundacioncajaruraldelsur.com\/wp-content\/uploads\/2022\/01\/220112.-Asistentes-al-acto-de-inauguracion-de-la-exposicion.-300x225.jpg 300w, https:\/\/fundacioncajaruraldelsur.com\/wp-content\/uploads\/2022\/01\/220112.-Asistentes-al-acto-de-inauguracion-de-la-exposicion.-1024x768.jpg 1024w, https:\/\/fundacioncajaruraldelsur.com\/wp-content\/uploads\/2022\/01\/220112.-Asistentes-al-acto-de-inauguracion-de-la-exposicion.-768x576.jpg 768w, https:\/\/fundacioncajaruraldelsur.com\/wp-content\/uploads\/2022\/01\/220112.-Asistentes-al-acto-de-inauguracion-de-la-exposicion.-1536x1152.jpg 1536w\" sizes=\"auto, (max-width: 1600px) 100vw, 1600px\" \/><\/a><\/p>\n<p>Individuales<\/p>\n<p>14 al 28, Marzo 2019 &#8211; I felt Proper Abstract. Vermont Studio Center, Burlington, Vermont, USA.<br \/>\n26 Diciembre al 5 Enero 2018 B Leave in U, Rochester Way Club, SE9 6LQ London, UK.<br \/>\n10 al 22 Diciembre 2017 Exhibition &#8211; Just End it, Rochester Way Club, SE9 6LQ London, UK.<br \/>\n17 Abril al 12 Mayo 2017 Emperor House. 35, Vine Street, E1 1JS, London, UK.<br \/>\n25 Octubre al 14 Noviembre 2016 WOW &#8211; Painting &amp; Virtual Reality, Borough, London SE1 1JS.<br \/>\nNoviembre 2014 a Julio 2015 &#8211; Four mega-paintings spectacles &amp; exhibitions, Warehouse East Dulwich at 2\u00aa Crystal Palace road, London, UK.<br \/>\n11 Septiembre al 10 de Octubre 2013 90sq meters. Battersea park rd collective, London, UK.<br \/>\n6 al 9 Diciembre 2012 &#8211; Open Studio. Hilton Wharf, 30 Norman Road SE10 9QX, London, UK.<br \/>\n6 al 12 June 2012 Paintings &amp; video. Huntsman House, 2 Evelyn Street, SE8 5DL, London, UK.<br \/>\n25 Enero al 26 Febrero 2012 Five times bigger &#8211; Galler\u00eda Aurora, Sevilla.<br \/>\n4 al 27 Junio 2011 Video landscapes \u2013 Sala de exposiciones Escuela de Arte M\u00e9rida.<br \/>\n17 al 29 Marzo 2011 Sketches for Macrocreations \u2013 Nog Gallery \u2013 Brick Lane, E1 6SA London<br \/>\n12 al 17 Octubre 2010 Sketch for a Satellite &#8211; Melt Art Fair in Mile End Pavilion, London.<br \/>\nNoviembre 2008 a Julio 2009 LIV_MCD Boceto para Sat\u00e9lite, Macrocreaci\u00f3n de 74400 m2 IFAPA, arte p\u00fablico en la ciudad de C\u00f3rdoba para ver in-situ, desde el aire y v\u00eda Sat\u00e9lite.<br \/>\n5 al 17 Julio, 2006 28.8M2 Macropinturas de acci\u00f3n. Scarpia &#8211; el Carpio &#8211; C\u00f3rdoba<br \/>\n30 de Marzo al 28 2006. Grandes y Peque\u00f1os, Commune fashion. C\u00f3rdoba.<br \/>\n1 al 30 de Abril, 2006. Mineral. Sala Marmita. C\u00f3rdoba.<br \/>\n20 de Marzo al 17 de Abril 2006 Entre Cielo y Tierra. Sala El Mundano. C\u00f3rdoba<br \/>\n5 de febrero al 2 de Marzo 2004 Pinturas. Centro Cultural Los Cristianos Arona, Tenerife.<br \/>\n2 al 27 de Junio, 2001 Four channels. Video arte. Carmen de San Rafael. Granada.<br \/>\n2 al 28 de Septiembre, 2000 Retrospectiva del siglo XX, Casa de las Sirenas. Sevilla<br \/>\n12 al 23 Abril, 1999 MCMXCIX. Instituto Andaluz de la Juventud, C\u00f3rdoba.<br \/>\n7 al 21 Junio, 1998 Grabados y Fotograf\u00edas. Galer\u00eda El Siete, Sevilla.<br \/>\n14 de Abril al 17, Mayo 1998 Pintura, Grabado y Serigraf\u00edas. Galer\u00eda \u201cCentral\u201d, Sevilla.<br \/>\n11 Mayo al 17 Junio, 1995 Bioc\u00f3smos y enso\u00f1aciones. Sala Stop discos room, C\u00f3rdoba.<br \/>\n14 al 30 de Abril ,1994. Surrounding la Urbe, Dibujos. Caf\u00e9 Bar la Cubana. C\u00f3rdoba.<br \/>\n9 al 27 de Diciembre 1993 Pinturas. Casa de la Juventud. C\u00f3rdoba.<\/p>\n<p>Colectivas<\/p>\n<p>16 al 28 Noviembre 2018, 4 Resident Dialogue, 4002 &#8211; 43rd Unit, Union City Zip 07087,NJ.<br \/>\n3 al 10 Noviembre 2012 Passion for freedom, Unit 24 Gallery, SE1 0FD London. \u201cMigrations 08\u201d Octubre Casa G\u00f3ngora-C\u00f3rdoba \/ Diciembre 2008 Galer\u00eda Univer-Paris.<br \/>\n1 al 20 Febrero 2008 Carnaval Colectiva, Patio de la Diputaci\u00f3n de C\u00f3rdoba.<br \/>\n15 Septiembre al 5 de Octubre 2007 Generaci\u00f3n Eutop\u00eda, Sala Cajasur, C\u00f3rdoba.<br \/>\n11 al 31 Octubre 2006. Copy Cop \u2013 Sala de la Comisar\u00eda Central de Polic\u00eda, C\u00f3rdoba.<br \/>\n11 al 30 Diciembre 2005 \u201cEl ni\u00f1o curra\u201d Premio de Pintura y Escultura. Aznalcazar, Sevilla.<br \/>\n17 de Mayo al 10 de Junio 2003 Artelon, Room Fan, Giralda Road 22. FL33134.Miami, USA.<br \/>\n8 al 24 de Marzo, 2003 Hispanic Arts and Culture &#8211; UTD, Gallery of Hilton Hotel Miami, USA.<br \/>\n7 al 23 de Noviembre 2002 Cornucopia of Art and Culture, Vizcaya Museum, Florida, USA.<br \/>\n20 de Junio al 14 Julio, 1995 Pintura y Escultura. F BB.AA, Sevilla.<br \/>\n17 de Marzo al 15 Abril 1993 Color y Materia. Casa de la Juventud. C\u00f3rdoba.<br \/>\n7 al 29 de Mayo, 1992 Colectiva anual, Federaci\u00f3n Pe\u00f1as Cordobesas. C\u00f3rdoba.<\/p>\n<p>Colecciones<\/p>\n<p>\u201cC_nit\u201d-pintura expandida- Espai d\u2019Art Contemporani de Castell\u00f3 (EACC) Diputaci\u00f3n de Castell\u00f3n, Valencia.<\/p>\n<p>Premios<\/p>\n<p>Passion for freedom, second prize &#8211; Unit 24 Gallery, 20 Great Guildford St, London, UK. Mejor Cortometraje \u201cUntitled_Bat \u201c Ficci\u00f3n (14min42seg color) Ficeb 2007, Barcelona, Spain. Menci\u00f3nespecial del Jurado Picciano \u201cPl\u00e1stico Sensual\u201d, Alternative Film Festival, Italy.<br \/>\nSegundo premio \u201cIngenir\u00eda Cl\u00f3nica\u201d Premio de pintura \u201cEl ni\u00f1o curra\u201d, Aznalcazar, Sevilla.<\/p>\n<p>&nbsp;<\/p>","protected":false},"excerpt":{"rendered":"<p>La delegada de Cultura del Ayuntamiento de C\u00f3rdoba, Mari\u00e1n Aguilar, los pintores Pepe Puntas y Manuel Garc\u00e9s y la responsable de Gesti\u00f3n Cultural de la Fundaci\u00f3n Caja Rural del Sur, [&hellip;]<\/p>\n","protected":false},"author":6,"featured_media":7070,"comment_status":"closed","ping_status":"closed","sticky":false,"template":"","format":"standard","meta":{"footnotes":""},"categories":[82],"tags":[],"class_list":["post-7069","post","type-post","status-publish","format-standard","has-post-thumbnail","hentry","category-exposiciones"],"yoast_head":"<!-- This site is optimized with the Yoast SEO plugin v27.3 - https:\/\/yoast.com\/product\/yoast-seo-wordpress\/ -->\n<title>Inaugurada la exposici\u00f3n de pintura de Pacorrosa en el Centro Cultural de Fundaci\u00f3n Caja Rural del Sur - Fundaci\u00f3n Caja Rural del Sur<\/title>\n<meta name=\"robots\" content=\"index, follow, max-snippet:-1, max-image-preview:large, max-video-preview:-1\" \/>\n<link rel=\"canonical\" href=\"https:\/\/fundacioncajaruraldelsur.com\/pt\/inaugurada-la-exposicion-de-pintura-de-pacorrosa-en-el-centro-cultural-de-fundacion-caja-rural-del-sur\/\" \/>\n<meta property=\"og:locale\" content=\"pt_PT\" \/>\n<meta property=\"og:type\" content=\"article\" \/>\n<meta property=\"og:title\" content=\"Inaugurada la exposici\u00f3n de pintura de Pacorrosa en el Centro Cultural de Fundaci\u00f3n Caja Rural del Sur - Fundaci\u00f3n Caja Rural del Sur\" \/>\n<meta property=\"og:description\" content=\"La delegada de Cultura del Ayuntamiento de C\u00f3rdoba, Mari\u00e1n Aguilar, los pintores Pepe Puntas y Manuel Garc\u00e9s y la responsable de Gesti\u00f3n Cultural de la Fundaci\u00f3n Caja Rural del Sur, [&hellip;]\" \/>\n<meta property=\"og:url\" content=\"https:\/\/fundacioncajaruraldelsur.com\/pt\/inaugurada-la-exposicion-de-pintura-de-pacorrosa-en-el-centro-cultural-de-fundacion-caja-rural-del-sur\/\" \/>\n<meta property=\"og:site_name\" content=\"Fundaci\u00f3n Caja Rural del Sur\" \/>\n<meta property=\"article:published_time\" content=\"2022-01-12T21:57:38+00:00\" \/>\n<meta property=\"og:image\" content=\"https:\/\/fundacioncajaruraldelsur.com\/wp-content\/uploads\/2022\/01\/220112.-Inauguracion-de-la-exposicion-de-Pacorrosa-en-el-nuevo-Centro-Cultural-de-Fundacion-Caja-Rural-del-Sur..jpg\" \/>\n\t<meta property=\"og:image:width\" content=\"1600\" \/>\n\t<meta property=\"og:image:height\" content=\"1200\" \/>\n\t<meta property=\"og:image:type\" content=\"image\/jpeg\" \/>\n<meta name=\"author\" content=\"Comunicaci\u00f3n\" \/>\n<meta name=\"twitter:card\" content=\"summary_large_image\" \/>\n<meta name=\"twitter:label1\" content=\"Written by\" \/>\n\t<meta name=\"twitter:data1\" content=\"Comunicaci\u00f3n\" \/>\n\t<meta name=\"twitter:label2\" content=\"Est. reading time\" \/>\n\t<meta name=\"twitter:data2\" content=\"4 minutes\" \/>\n<script type=\"application\/ld+json\" class=\"yoast-schema-graph\">{\"@context\":\"https:\\\/\\\/schema.org\",\"@graph\":[{\"@type\":\"Article\",\"@id\":\"https:\\\/\\\/fundacioncajaruraldelsur.com\\\/inaugurada-la-exposicion-de-pintura-de-pacorrosa-en-el-centro-cultural-de-fundacion-caja-rural-del-sur\\\/#article\",\"isPartOf\":{\"@id\":\"https:\\\/\\\/fundacioncajaruraldelsur.com\\\/inaugurada-la-exposicion-de-pintura-de-pacorrosa-en-el-centro-cultural-de-fundacion-caja-rural-del-sur\\\/\"},\"author\":{\"name\":\"Comunicaci\u00f3n\",\"@id\":\"https:\\\/\\\/fundacioncajaruraldelsur.com\\\/#\\\/schema\\\/person\\\/f430da9fb783d505ff061ad8b3d44577\"},\"headline\":\"Inaugurada la exposici\u00f3n de pintura de Pacorrosa en el Centro Cultural de Fundaci\u00f3n Caja Rural del Sur\",\"datePublished\":\"2022-01-12T21:57:38+00:00\",\"mainEntityOfPage\":{\"@id\":\"https:\\\/\\\/fundacioncajaruraldelsur.com\\\/inaugurada-la-exposicion-de-pintura-de-pacorrosa-en-el-centro-cultural-de-fundacion-caja-rural-del-sur\\\/\"},\"wordCount\":830,\"image\":{\"@id\":\"https:\\\/\\\/fundacioncajaruraldelsur.com\\\/inaugurada-la-exposicion-de-pintura-de-pacorrosa-en-el-centro-cultural-de-fundacion-caja-rural-del-sur\\\/#primaryimage\"},\"thumbnailUrl\":\"https:\\\/\\\/fundacioncajaruraldelsur.com\\\/wp-content\\\/uploads\\\/2022\\\/01\\\/220112.-Inauguracion-de-la-exposicion-de-Pacorrosa-en-el-nuevo-Centro-Cultural-de-Fundacion-Caja-Rural-del-Sur..jpg\",\"articleSection\":[\"Exposiciones\"],\"inLanguage\":\"pt-PT\"},{\"@type\":\"WebPage\",\"@id\":\"https:\\\/\\\/fundacioncajaruraldelsur.com\\\/inaugurada-la-exposicion-de-pintura-de-pacorrosa-en-el-centro-cultural-de-fundacion-caja-rural-del-sur\\\/\",\"url\":\"https:\\\/\\\/fundacioncajaruraldelsur.com\\\/inaugurada-la-exposicion-de-pintura-de-pacorrosa-en-el-centro-cultural-de-fundacion-caja-rural-del-sur\\\/\",\"name\":\"Inaugurada la exposici\u00f3n de pintura de Pacorrosa en el Centro Cultural de Fundaci\u00f3n Caja Rural del Sur - Fundaci\u00f3n Caja Rural del Sur\",\"isPartOf\":{\"@id\":\"https:\\\/\\\/fundacioncajaruraldelsur.com\\\/#website\"},\"primaryImageOfPage\":{\"@id\":\"https:\\\/\\\/fundacioncajaruraldelsur.com\\\/inaugurada-la-exposicion-de-pintura-de-pacorrosa-en-el-centro-cultural-de-fundacion-caja-rural-del-sur\\\/#primaryimage\"},\"image\":{\"@id\":\"https:\\\/\\\/fundacioncajaruraldelsur.com\\\/inaugurada-la-exposicion-de-pintura-de-pacorrosa-en-el-centro-cultural-de-fundacion-caja-rural-del-sur\\\/#primaryimage\"},\"thumbnailUrl\":\"https:\\\/\\\/fundacioncajaruraldelsur.com\\\/wp-content\\\/uploads\\\/2022\\\/01\\\/220112.-Inauguracion-de-la-exposicion-de-Pacorrosa-en-el-nuevo-Centro-Cultural-de-Fundacion-Caja-Rural-del-Sur..jpg\",\"datePublished\":\"2022-01-12T21:57:38+00:00\",\"author\":{\"@id\":\"https:\\\/\\\/fundacioncajaruraldelsur.com\\\/#\\\/schema\\\/person\\\/f430da9fb783d505ff061ad8b3d44577\"},\"breadcrumb\":{\"@id\":\"https:\\\/\\\/fundacioncajaruraldelsur.com\\\/inaugurada-la-exposicion-de-pintura-de-pacorrosa-en-el-centro-cultural-de-fundacion-caja-rural-del-sur\\\/#breadcrumb\"},\"inLanguage\":\"pt-PT\",\"potentialAction\":[{\"@type\":\"ReadAction\",\"target\":[\"https:\\\/\\\/fundacioncajaruraldelsur.com\\\/inaugurada-la-exposicion-de-pintura-de-pacorrosa-en-el-centro-cultural-de-fundacion-caja-rural-del-sur\\\/\"]}]},{\"@type\":\"ImageObject\",\"inLanguage\":\"pt-PT\",\"@id\":\"https:\\\/\\\/fundacioncajaruraldelsur.com\\\/inaugurada-la-exposicion-de-pintura-de-pacorrosa-en-el-centro-cultural-de-fundacion-caja-rural-del-sur\\\/#primaryimage\",\"url\":\"https:\\\/\\\/fundacioncajaruraldelsur.com\\\/wp-content\\\/uploads\\\/2022\\\/01\\\/220112.-Inauguracion-de-la-exposicion-de-Pacorrosa-en-el-nuevo-Centro-Cultural-de-Fundacion-Caja-Rural-del-Sur..jpg\",\"contentUrl\":\"https:\\\/\\\/fundacioncajaruraldelsur.com\\\/wp-content\\\/uploads\\\/2022\\\/01\\\/220112.-Inauguracion-de-la-exposicion-de-Pacorrosa-en-el-nuevo-Centro-Cultural-de-Fundacion-Caja-Rural-del-Sur..jpg\",\"width\":1600,\"height\":1200},{\"@type\":\"BreadcrumbList\",\"@id\":\"https:\\\/\\\/fundacioncajaruraldelsur.com\\\/inaugurada-la-exposicion-de-pintura-de-pacorrosa-en-el-centro-cultural-de-fundacion-caja-rural-del-sur\\\/#breadcrumb\",\"itemListElement\":[{\"@type\":\"ListItem\",\"position\":1,\"name\":\"Portada\",\"item\":\"https:\\\/\\\/fundacioncajaruraldelsur.com\\\/\"},{\"@type\":\"ListItem\",\"position\":2,\"name\":\"Inaugurada la exposici\u00f3n de pintura de Pacorrosa en el Centro Cultural de Fundaci\u00f3n Caja Rural del Sur\"}]},{\"@type\":\"WebSite\",\"@id\":\"https:\\\/\\\/fundacioncajaruraldelsur.com\\\/#website\",\"url\":\"https:\\\/\\\/fundacioncajaruraldelsur.com\\\/\",\"name\":\"Fundaci\u00f3n Caja Rural del Sur\",\"description\":\"\",\"potentialAction\":[{\"@type\":\"SearchAction\",\"target\":{\"@type\":\"EntryPoint\",\"urlTemplate\":\"https:\\\/\\\/fundacioncajaruraldelsur.com\\\/?s={search_term_string}\"},\"query-input\":{\"@type\":\"PropertyValueSpecification\",\"valueRequired\":true,\"valueName\":\"search_term_string\"}}],\"inLanguage\":\"pt-PT\"},{\"@type\":\"Person\",\"@id\":\"https:\\\/\\\/fundacioncajaruraldelsur.com\\\/#\\\/schema\\\/person\\\/f430da9fb783d505ff061ad8b3d44577\",\"name\":\"Comunicaci\u00f3n\",\"image\":{\"@type\":\"ImageObject\",\"inLanguage\":\"pt-PT\",\"@id\":\"https:\\\/\\\/secure.gravatar.com\\\/avatar\\\/0dca239875993680bac4603ad2de7942da018f52cc3a244578e0b3b09314a8d8?s=96&d=blank&r=g\",\"url\":\"https:\\\/\\\/secure.gravatar.com\\\/avatar\\\/0dca239875993680bac4603ad2de7942da018f52cc3a244578e0b3b09314a8d8?s=96&d=blank&r=g\",\"contentUrl\":\"https:\\\/\\\/secure.gravatar.com\\\/avatar\\\/0dca239875993680bac4603ad2de7942da018f52cc3a244578e0b3b09314a8d8?s=96&d=blank&r=g\",\"caption\":\"Comunicaci\u00f3n\"}}]}<\/script>\n<!-- \/ Yoast SEO plugin. -->","yoast_head_json":{"title":"Inaugurada la exposici\u00f3n de pintura de Pacorrosa en el Centro Cultural de Fundaci\u00f3n Caja Rural del Sur - Fundaci\u00f3n Caja Rural del Sur","robots":{"index":"index","follow":"follow","max-snippet":"max-snippet:-1","max-image-preview":"max-image-preview:large","max-video-preview":"max-video-preview:-1"},"canonical":"https:\/\/fundacioncajaruraldelsur.com\/pt\/inaugurada-la-exposicion-de-pintura-de-pacorrosa-en-el-centro-cultural-de-fundacion-caja-rural-del-sur\/","og_locale":"pt_PT","og_type":"article","og_title":"Inaugurada la exposici\u00f3n de pintura de Pacorrosa en el Centro Cultural de Fundaci\u00f3n Caja Rural del Sur - Fundaci\u00f3n Caja Rural del Sur","og_description":"La delegada de Cultura del Ayuntamiento de C\u00f3rdoba, Mari\u00e1n Aguilar, los pintores Pepe Puntas y Manuel Garc\u00e9s y la responsable de Gesti\u00f3n Cultural de la Fundaci\u00f3n Caja Rural del Sur, [&hellip;]","og_url":"https:\/\/fundacioncajaruraldelsur.com\/pt\/inaugurada-la-exposicion-de-pintura-de-pacorrosa-en-el-centro-cultural-de-fundacion-caja-rural-del-sur\/","og_site_name":"Fundaci\u00f3n Caja Rural del Sur","article_published_time":"2022-01-12T21:57:38+00:00","og_image":[{"width":1600,"height":1200,"url":"https:\/\/fundacioncajaruraldelsur.com\/wp-content\/uploads\/2022\/01\/220112.-Inauguracion-de-la-exposicion-de-Pacorrosa-en-el-nuevo-Centro-Cultural-de-Fundacion-Caja-Rural-del-Sur..jpg","type":"image\/jpeg"}],"author":"Comunicaci\u00f3n","twitter_card":"summary_large_image","twitter_misc":{"Written by":"Comunicaci\u00f3n","Est. reading time":"4 minutes"},"schema":{"@context":"https:\/\/schema.org","@graph":[{"@type":"Article","@id":"https:\/\/fundacioncajaruraldelsur.com\/inaugurada-la-exposicion-de-pintura-de-pacorrosa-en-el-centro-cultural-de-fundacion-caja-rural-del-sur\/#article","isPartOf":{"@id":"https:\/\/fundacioncajaruraldelsur.com\/inaugurada-la-exposicion-de-pintura-de-pacorrosa-en-el-centro-cultural-de-fundacion-caja-rural-del-sur\/"},"author":{"name":"Comunicaci\u00f3n","@id":"https:\/\/fundacioncajaruraldelsur.com\/#\/schema\/person\/f430da9fb783d505ff061ad8b3d44577"},"headline":"Inaugurada la exposici\u00f3n de pintura de Pacorrosa en el Centro Cultural de Fundaci\u00f3n Caja Rural del Sur","datePublished":"2022-01-12T21:57:38+00:00","mainEntityOfPage":{"@id":"https:\/\/fundacioncajaruraldelsur.com\/inaugurada-la-exposicion-de-pintura-de-pacorrosa-en-el-centro-cultural-de-fundacion-caja-rural-del-sur\/"},"wordCount":830,"image":{"@id":"https:\/\/fundacioncajaruraldelsur.com\/inaugurada-la-exposicion-de-pintura-de-pacorrosa-en-el-centro-cultural-de-fundacion-caja-rural-del-sur\/#primaryimage"},"thumbnailUrl":"https:\/\/fundacioncajaruraldelsur.com\/wp-content\/uploads\/2022\/01\/220112.-Inauguracion-de-la-exposicion-de-Pacorrosa-en-el-nuevo-Centro-Cultural-de-Fundacion-Caja-Rural-del-Sur..jpg","articleSection":["Exposiciones"],"inLanguage":"pt-PT"},{"@type":"WebPage","@id":"https:\/\/fundacioncajaruraldelsur.com\/inaugurada-la-exposicion-de-pintura-de-pacorrosa-en-el-centro-cultural-de-fundacion-caja-rural-del-sur\/","url":"https:\/\/fundacioncajaruraldelsur.com\/inaugurada-la-exposicion-de-pintura-de-pacorrosa-en-el-centro-cultural-de-fundacion-caja-rural-del-sur\/","name":"Inaugurada la exposici\u00f3n de pintura de Pacorrosa en el Centro Cultural de Fundaci\u00f3n Caja Rural del Sur - Fundaci\u00f3n Caja Rural del Sur","isPartOf":{"@id":"https:\/\/fundacioncajaruraldelsur.com\/#website"},"primaryImageOfPage":{"@id":"https:\/\/fundacioncajaruraldelsur.com\/inaugurada-la-exposicion-de-pintura-de-pacorrosa-en-el-centro-cultural-de-fundacion-caja-rural-del-sur\/#primaryimage"},"image":{"@id":"https:\/\/fundacioncajaruraldelsur.com\/inaugurada-la-exposicion-de-pintura-de-pacorrosa-en-el-centro-cultural-de-fundacion-caja-rural-del-sur\/#primaryimage"},"thumbnailUrl":"https:\/\/fundacioncajaruraldelsur.com\/wp-content\/uploads\/2022\/01\/220112.-Inauguracion-de-la-exposicion-de-Pacorrosa-en-el-nuevo-Centro-Cultural-de-Fundacion-Caja-Rural-del-Sur..jpg","datePublished":"2022-01-12T21:57:38+00:00","author":{"@id":"https:\/\/fundacioncajaruraldelsur.com\/#\/schema\/person\/f430da9fb783d505ff061ad8b3d44577"},"breadcrumb":{"@id":"https:\/\/fundacioncajaruraldelsur.com\/inaugurada-la-exposicion-de-pintura-de-pacorrosa-en-el-centro-cultural-de-fundacion-caja-rural-del-sur\/#breadcrumb"},"inLanguage":"pt-PT","potentialAction":[{"@type":"ReadAction","target":["https:\/\/fundacioncajaruraldelsur.com\/inaugurada-la-exposicion-de-pintura-de-pacorrosa-en-el-centro-cultural-de-fundacion-caja-rural-del-sur\/"]}]},{"@type":"ImageObject","inLanguage":"pt-PT","@id":"https:\/\/fundacioncajaruraldelsur.com\/inaugurada-la-exposicion-de-pintura-de-pacorrosa-en-el-centro-cultural-de-fundacion-caja-rural-del-sur\/#primaryimage","url":"https:\/\/fundacioncajaruraldelsur.com\/wp-content\/uploads\/2022\/01\/220112.-Inauguracion-de-la-exposicion-de-Pacorrosa-en-el-nuevo-Centro-Cultural-de-Fundacion-Caja-Rural-del-Sur..jpg","contentUrl":"https:\/\/fundacioncajaruraldelsur.com\/wp-content\/uploads\/2022\/01\/220112.-Inauguracion-de-la-exposicion-de-Pacorrosa-en-el-nuevo-Centro-Cultural-de-Fundacion-Caja-Rural-del-Sur..jpg","width":1600,"height":1200},{"@type":"BreadcrumbList","@id":"https:\/\/fundacioncajaruraldelsur.com\/inaugurada-la-exposicion-de-pintura-de-pacorrosa-en-el-centro-cultural-de-fundacion-caja-rural-del-sur\/#breadcrumb","itemListElement":[{"@type":"ListItem","position":1,"name":"Portada","item":"https:\/\/fundacioncajaruraldelsur.com\/"},{"@type":"ListItem","position":2,"name":"Inaugurada la exposici\u00f3n de pintura de Pacorrosa en el Centro Cultural de Fundaci\u00f3n Caja Rural del Sur"}]},{"@type":"WebSite","@id":"https:\/\/fundacioncajaruraldelsur.com\/#website","url":"https:\/\/fundacioncajaruraldelsur.com\/","name":"Funda\u00e7\u00e3o Caja Rural del Sur","description":"","potentialAction":[{"@type":"SearchAction","target":{"@type":"EntryPoint","urlTemplate":"https:\/\/fundacioncajaruraldelsur.com\/?s={search_term_string}"},"query-input":{"@type":"PropertyValueSpecification","valueRequired":true,"valueName":"search_term_string"}}],"inLanguage":"pt-PT"},{"@type":"Person","@id":"https:\/\/fundacioncajaruraldelsur.com\/#\/schema\/person\/f430da9fb783d505ff061ad8b3d44577","name":"Comunicaci\u00f3n","image":{"@type":"ImageObject","inLanguage":"pt-PT","@id":"https:\/\/secure.gravatar.com\/avatar\/0dca239875993680bac4603ad2de7942da018f52cc3a244578e0b3b09314a8d8?s=96&d=blank&r=g","url":"https:\/\/secure.gravatar.com\/avatar\/0dca239875993680bac4603ad2de7942da018f52cc3a244578e0b3b09314a8d8?s=96&d=blank&r=g","contentUrl":"https:\/\/secure.gravatar.com\/avatar\/0dca239875993680bac4603ad2de7942da018f52cc3a244578e0b3b09314a8d8?s=96&d=blank&r=g","caption":"Comunicaci\u00f3n"}}]}},"rttpg_featured_image_url":{"full":["https:\/\/fundacioncajaruraldelsur.com\/wp-content\/uploads\/2022\/01\/220112.-Inauguracion-de-la-exposicion-de-Pacorrosa-en-el-nuevo-Centro-Cultural-de-Fundacion-Caja-Rural-del-Sur..jpg",1600,1200,false],"landscape":["https:\/\/fundacioncajaruraldelsur.com\/wp-content\/uploads\/2022\/01\/220112.-Inauguracion-de-la-exposicion-de-Pacorrosa-en-el-nuevo-Centro-Cultural-de-Fundacion-Caja-Rural-del-Sur..jpg",1600,1200,false],"portraits":["https:\/\/fundacioncajaruraldelsur.com\/wp-content\/uploads\/2022\/01\/220112.-Inauguracion-de-la-exposicion-de-Pacorrosa-en-el-nuevo-Centro-Cultural-de-Fundacion-Caja-Rural-del-Sur..jpg",1600,1200,false],"thumbnail":["https:\/\/fundacioncajaruraldelsur.com\/wp-content\/uploads\/2022\/01\/220112.-Inauguracion-de-la-exposicion-de-Pacorrosa-en-el-nuevo-Centro-Cultural-de-Fundacion-Caja-Rural-del-Sur.-150x150.jpg",150,150,true],"medium":["https:\/\/fundacioncajaruraldelsur.com\/wp-content\/uploads\/2022\/01\/220112.-Inauguracion-de-la-exposicion-de-Pacorrosa-en-el-nuevo-Centro-Cultural-de-Fundacion-Caja-Rural-del-Sur.-300x225.jpg",300,225,true],"large":["https:\/\/fundacioncajaruraldelsur.com\/wp-content\/uploads\/2022\/01\/220112.-Inauguracion-de-la-exposicion-de-Pacorrosa-en-el-nuevo-Centro-Cultural-de-Fundacion-Caja-Rural-del-Sur.-1024x768.jpg",960,720,true],"1536x1536":["https:\/\/fundacioncajaruraldelsur.com\/wp-content\/uploads\/2022\/01\/220112.-Inauguracion-de-la-exposicion-de-Pacorrosa-en-el-nuevo-Centro-Cultural-de-Fundacion-Caja-Rural-del-Sur.-1536x1152.jpg",1536,1152,true],"2048x2048":["https:\/\/fundacioncajaruraldelsur.com\/wp-content\/uploads\/2022\/01\/220112.-Inauguracion-de-la-exposicion-de-Pacorrosa-en-el-nuevo-Centro-Cultural-de-Fundacion-Caja-Rural-del-Sur..jpg",1600,1200,false],"trp-custom-language-flag":["https:\/\/fundacioncajaruraldelsur.com\/wp-content\/uploads\/2022\/01\/220112.-Inauguracion-de-la-exposicion-de-Pacorrosa-en-el-nuevo-Centro-Cultural-de-Fundacion-Caja-Rural-del-Sur..jpg",16,12,false],"blog-thumbnail":["https:\/\/fundacioncajaruraldelsur.com\/wp-content\/uploads\/2022\/01\/220112.-Inauguracion-de-la-exposicion-de-Pacorrosa-en-el-nuevo-Centro-Cultural-de-Fundacion-Caja-Rural-del-Sur.-400x200.jpg",400,200,true]},"rttpg_author":{"display_name":"Comunicaci\u00f3n","author_link":"https:\/\/fundacioncajaruraldelsur.com\/pt\/author\/sevillaadmin\/"},"rttpg_comment":0,"rttpg_category":"<a href=\"https:\/\/fundacioncajaruraldelsur.com\/pt\/category\/exposiciones\/\" rel=\"category tag\">Exposiciones<\/a>","rttpg_excerpt":"La delegada de Cultura del Ayuntamiento de C\u00f3rdoba, Mari\u00e1n Aguilar, los pintores Pepe Puntas y Manuel Garc\u00e9s y la responsable de Gesti\u00f3n Cultural de la Fundaci\u00f3n Caja Rural del Sur, [&hellip;]","_links":{"self":[{"href":"https:\/\/fundacioncajaruraldelsur.com\/pt\/wp-json\/wp\/v2\/posts\/7069","targetHints":{"allow":["GET"]}}],"collection":[{"href":"https:\/\/fundacioncajaruraldelsur.com\/pt\/wp-json\/wp\/v2\/posts"}],"about":[{"href":"https:\/\/fundacioncajaruraldelsur.com\/pt\/wp-json\/wp\/v2\/types\/post"}],"author":[{"embeddable":true,"href":"https:\/\/fundacioncajaruraldelsur.com\/pt\/wp-json\/wp\/v2\/users\/6"}],"replies":[{"embeddable":true,"href":"https:\/\/fundacioncajaruraldelsur.com\/pt\/wp-json\/wp\/v2\/comments?post=7069"}],"version-history":[{"count":1,"href":"https:\/\/fundacioncajaruraldelsur.com\/pt\/wp-json\/wp\/v2\/posts\/7069\/revisions"}],"predecessor-version":[{"id":7072,"href":"https:\/\/fundacioncajaruraldelsur.com\/pt\/wp-json\/wp\/v2\/posts\/7069\/revisions\/7072"}],"wp:featuredmedia":[{"embeddable":true,"href":"https:\/\/fundacioncajaruraldelsur.com\/pt\/wp-json\/wp\/v2\/media\/7070"}],"wp:attachment":[{"href":"https:\/\/fundacioncajaruraldelsur.com\/pt\/wp-json\/wp\/v2\/media?parent=7069"}],"wp:term":[{"taxonomy":"category","embeddable":true,"href":"https:\/\/fundacioncajaruraldelsur.com\/pt\/wp-json\/wp\/v2\/categories?post=7069"},{"taxonomy":"post_tag","embeddable":true,"href":"https:\/\/fundacioncajaruraldelsur.com\/pt\/wp-json\/wp\/v2\/tags?post=7069"}],"curies":[{"name":"wp","href":"https:\/\/api.w.org\/{rel}","templated":true}]}}