{"id":7039,"date":"2021-12-27T01:03:09","date_gmt":"2021-12-26T23:03:09","guid":{"rendered":"\/?p=7039"},"modified":"2021-12-27T01:06:20","modified_gmt":"2021-12-26T23:06:20","slug":"fallados-los-premios-ricardo-lopez-crespo-de-fundacion-caja-rural-del-sur-en-su-xi-edicion","status":"publish","type":"post","link":"https:\/\/fundacioncajaruraldelsur.com\/pt\/fallados-los-premios-ricardo-lopez-crespo-de-fundacion-caja-rural-del-sur-en-su-xi-edicion\/","title":{"rendered":"Fallados los premios \u2018Ricardo L\u00f3pez Crespo\u2019 de Fundaci\u00f3n Caja Rural del Sur en su XI edici\u00f3n"},"content":{"rendered":"<p>La Asociaci\u00f3n Red XXI; los proyectos \u201cReutivar. Modelo de riego sostenible del olivar mediante el uso de aguas regeneradas\u201d y \u201cCPI Innolivar. Compra P\u00fablica Innovadora\u201d (Ex aequo); la \u201cRecuperaci\u00f3n del vi\u00f1edo tradicional de Los Pedroches y Sierra Morena: patrimonio hist\u00f3rico, paisaje cultural, caracterizaci\u00f3n y recuperaci\u00f3n del cultivo tradicional\u201d, propuesta presentada por Francisco Javier Dom\u00ednguez; la empresa SILBON; y la graduada en Estudios Ingleses y Traducci\u00f3n e Interpretaci\u00f3n, Bel\u00e9n Cornejo Daza, de la Facultad de Filosof\u00eda y Letras, han sido los elegidos por los distintos jurados para recibir los premios \u2018Ricardo L\u00f3pez Crespo\u2019 de Fundaci\u00f3n Caja Rural del Sur en su XI edici\u00f3n. Asimismo, en esta convocatoria, se han otorgado un acc\u00e9sit a la Guardia Civil, como protectora del Patrimonio Hist\u00f3rico Espa\u00f1ol.<\/p>\n<p>En todos los jurados ha estado presente M.\u00aa Dolores Moreno, de Fundaci\u00f3n Caja Rural del Sur, actuando como secretaria, y los siguientes miembros por categor\u00edas han estado compuestos por:<\/p>\n<p>&nbsp;<\/p>\n<ul>\n<li>El premio \u2018Proyectos de I+D+i en el \u00e1mbito de la actividad agroalimentaria\u2019 concedido ex aequo a los proyectos \u201cReutivar. Modelo de riego sostenible del olivar mediante el uso de aguas regeneradas\u201d y \u201cCPI Innolivar. Compra P\u00fablica Innovadora\u201d: Rosa Mar\u00eda Gallardo, directora ETSIAM; Ignacio Fern\u00e1ndez de Mesa, presidente de Asaja C\u00f3rdoba; Ricardo L\u00f3pez-Crespo Delgado, vicepresidente 2\u00ba de Caja Rural del Sur; y Rosario Moyano Salvago, decana de la facultad de Veterinaria.<\/li>\n<\/ul>\n<p>&nbsp;<\/p>\n<ul>\n<li>Premio Hermano Bonifacio a la Acci\u00f3n Social Solidaria para la Asociaci\u00f3n Red XXI: Alfonso Fern\u00e1ndez Zamorano, presidente Emet Arco Iris; Francisco S\u00e1nchez Zamorano, presidente de la Audiencia de C\u00f3rdoba; Jos\u00e9 Mar\u00eda Calero Mu\u00f1oz, consejero de Caja Rural del Sur; y Auxiliadora Caban\u00e1s Espejo, presidenta AECC C\u00f3rdoba.<\/li>\n<\/ul>\n<p>&nbsp;<\/p>\n<ul>\n<li>Premio a la Recuperaci\u00f3n del Patrimonio Hist\u00f3rico-Art\u00edstico Provincial\u2019 otorgado al proyecto \u201cRecuperaci\u00f3n del vi\u00f1edo tradicional de Los Pedroches y Sierra Morena: patrimonio hist\u00f3rico, paisaje cultural, caracterizaci\u00f3n y recuperaci\u00f3n del cultivo tradicional\u201d, propuesta presentada por Francisco Javier Dom\u00ednguez: Ana Verd\u00fa Peral, directora del Archivo Municipal; Jos\u00e9 Cosano, director de la Real Academia de C\u00f3rdoba; Ricardo C\u00f3rdoba de la Llave, decano de la Facultad de Filosof\u00eda y Letras; y Pedro Mart\u00ednez, DUN Caja Rural del Sur.<\/li>\n<\/ul>\n<p>&nbsp;<\/p>\n<ul>\n<li>Premio a Iniciativas Empresariales promovidas por J\u00f3venes Emprendedores siendo el ganador SILBON: Antonio D\u00edaz C\u00f3rdoba, presidente de CECO y C\u00e1mara de Comercio; F\u00e9lix Almagro, presidente de AJE C\u00f3rdoba; Isabel Alb\u00e1s, delegada de Desarrollo Econ\u00f3mico Ayto. C\u00f3rdoba; Pedro Gim\u00e9nez Fuentes-Guerra, consejero suplente Caja Rural del Sur; Jes\u00fas Coca, presidente de Asfaco; y Pedro Mart\u00ednez, DUN Caja Rural del Sur<\/li>\n<\/ul>\n<p>&nbsp;<\/p>\n<ul>\n<li>Y el \u2018Mejor expediente acad\u00e9mico de los alumnos de Grado de la Universidad de C\u00f3rdoba\u2019 para la graduada en Estudios Ingleses y Traducci\u00f3n e Interpretaci\u00f3n, Bel\u00e9n Cornejo Daza, de la Facultad de Filosof\u00eda y Letras: En representaci\u00f3n del Rector, Lorenzo Salas Morera, vicerrector de Planificaci\u00f3n Acad\u00e9mica y Prospectiva; Representante del \u00e1rea de Arte y Humanidades, Salvador L\u00f3pez Quero, catedr\u00e1tico de Lengua Espa\u00f1ola; Representante del \u00e1rea de Ciencias Sociales y Jur\u00eddicas, Juan Antonio Moriana Elvira, profesor titular de Personalidad, Evaluaci\u00f3n y Tratamiento Psicol\u00f3gico; Representante del \u00e1rea de Ciencias de la Salud, Carmen Tarradas Iglesias, catedr\u00e1tica de Sanidad Animal; Representante del \u00e1rea de Ingenier\u00eda y Arquitectura, M\u00aa Carmen del Campillo Garc\u00eda, catedr\u00e1tica de Producci\u00f3n Vegetal; Representante del \u00c1rea de Ciencias, Loreto Lunar Reyes, catedr\u00e1tica de Qu\u00edmica Anal\u00edtica.<\/li>\n<\/ul>\n<p>&nbsp;<\/p>\n<p>Estos premios est\u00e1n dotados econ\u00f3micamente con 4.000 \u20ac en cada una de las categor\u00edas, recibiendo cada premiado tambi\u00e9n una estatuilla aleg\u00f3rica de Fundaci\u00f3n Caja Rural del Sur, las cuales se entregar\u00e1n en un acto previsto celebrar en el los primeros meses de 2022 en el Real C\u00edrculo de la Amistad de C\u00f3rdoba.<\/p>\n<p>&nbsp;<\/p>\n<p>&nbsp;<\/p>\n<p>&nbsp;<\/p>\n<p>&nbsp;<\/p>","protected":false},"excerpt":{"rendered":"<p>La Asociaci\u00f3n Red XXI; los proyectos \u201cReutivar. Modelo de riego sostenible del olivar mediante el uso de aguas regeneradas\u201d y \u201cCPI Innolivar. Compra P\u00fablica Innovadora\u201d (Ex aequo); la \u201cRecuperaci\u00f3n del [&hellip;]<\/p>\n","protected":false},"author":6,"featured_media":7041,"comment_status":"closed","ping_status":"closed","sticky":false,"template":"","format":"standard","meta":{"footnotes":""},"categories":[64],"tags":[],"class_list":["post-7039","post","type-post","status-publish","format-standard","has-post-thumbnail","hentry","category-premios"],"yoast_head":"<!-- This site is optimized with the Yoast SEO plugin v27.3 - https:\/\/yoast.com\/product\/yoast-seo-wordpress\/ -->\n<title>Fallados los premios \u2018Ricardo L\u00f3pez Crespo\u2019 de Fundaci\u00f3n Caja Rural del Sur en su XI edici\u00f3n - Fundaci\u00f3n Caja Rural del Sur<\/title>\n<meta name=\"robots\" content=\"index, follow, max-snippet:-1, max-image-preview:large, max-video-preview:-1\" \/>\n<link rel=\"canonical\" href=\"https:\/\/fundacioncajaruraldelsur.com\/pt\/fallados-los-premios-ricardo-lopez-crespo-de-fundacion-caja-rural-del-sur-en-su-xi-edicion\/\" \/>\n<meta property=\"og:locale\" content=\"pt_PT\" \/>\n<meta property=\"og:type\" content=\"article\" \/>\n<meta property=\"og:title\" content=\"Fallados los premios \u2018Ricardo L\u00f3pez Crespo\u2019 de Fundaci\u00f3n Caja Rural del Sur en su XI edici\u00f3n - Fundaci\u00f3n Caja Rural del Sur\" \/>\n<meta property=\"og:description\" content=\"La Asociaci\u00f3n Red XXI; los proyectos \u201cReutivar. Modelo de riego sostenible del olivar mediante el uso de aguas regeneradas\u201d y \u201cCPI Innolivar. Compra P\u00fablica Innovadora\u201d (Ex aequo); la \u201cRecuperaci\u00f3n del [&hellip;]\" \/>\n<meta property=\"og:url\" content=\"https:\/\/fundacioncajaruraldelsur.com\/pt\/fallados-los-premios-ricardo-lopez-crespo-de-fundacion-caja-rural-del-sur-en-su-xi-edicion\/\" \/>\n<meta property=\"og:site_name\" content=\"Fundaci\u00f3n Caja Rural del Sur\" \/>\n<meta property=\"article:published_time\" content=\"2021-12-26T23:03:09+00:00\" \/>\n<meta property=\"article:modified_time\" content=\"2021-12-26T23:06:20+00:00\" \/>\n<meta property=\"og:image\" content=\"https:\/\/fundacioncajaruraldelsur.com\/wp-content\/uploads\/2021\/12\/premios.jpg\" \/>\n\t<meta property=\"og:image:width\" content=\"576\" \/>\n\t<meta property=\"og:image:height\" content=\"330\" \/>\n\t<meta property=\"og:image:type\" content=\"image\/jpeg\" \/>\n<meta name=\"author\" content=\"Comunicaci\u00f3n\" \/>\n<meta name=\"twitter:card\" content=\"summary_large_image\" \/>\n<meta name=\"twitter:label1\" content=\"Written by\" \/>\n\t<meta name=\"twitter:data1\" content=\"Comunicaci\u00f3n\" \/>\n\t<meta name=\"twitter:label2\" content=\"Est. reading time\" \/>\n\t<meta name=\"twitter:data2\" content=\"3 minutes\" \/>\n<script type=\"application\/ld+json\" class=\"yoast-schema-graph\">{\"@context\":\"https:\\\/\\\/schema.org\",\"@graph\":[{\"@type\":\"Article\",\"@id\":\"https:\\\/\\\/fundacioncajaruraldelsur.com\\\/fallados-los-premios-ricardo-lopez-crespo-de-fundacion-caja-rural-del-sur-en-su-xi-edicion\\\/#article\",\"isPartOf\":{\"@id\":\"https:\\\/\\\/fundacioncajaruraldelsur.com\\\/fallados-los-premios-ricardo-lopez-crespo-de-fundacion-caja-rural-del-sur-en-su-xi-edicion\\\/\"},\"author\":{\"name\":\"Comunicaci\u00f3n\",\"@id\":\"https:\\\/\\\/fundacioncajaruraldelsur.com\\\/#\\\/schema\\\/person\\\/f430da9fb783d505ff061ad8b3d44577\"},\"headline\":\"Fallados los premios \u2018Ricardo L\u00f3pez Crespo\u2019 de Fundaci\u00f3n Caja Rural del Sur en su XI edici\u00f3n\",\"datePublished\":\"2021-12-26T23:03:09+00:00\",\"dateModified\":\"2021-12-26T23:06:20+00:00\",\"mainEntityOfPage\":{\"@id\":\"https:\\\/\\\/fundacioncajaruraldelsur.com\\\/fallados-los-premios-ricardo-lopez-crespo-de-fundacion-caja-rural-del-sur-en-su-xi-edicion\\\/\"},\"wordCount\":693,\"image\":{\"@id\":\"https:\\\/\\\/fundacioncajaruraldelsur.com\\\/fallados-los-premios-ricardo-lopez-crespo-de-fundacion-caja-rural-del-sur-en-su-xi-edicion\\\/#primaryimage\"},\"thumbnailUrl\":\"https:\\\/\\\/fundacioncajaruraldelsur.com\\\/wp-content\\\/uploads\\\/2021\\\/12\\\/premios.jpg\",\"articleSection\":[\"Premios\"],\"inLanguage\":\"pt-PT\"},{\"@type\":\"WebPage\",\"@id\":\"https:\\\/\\\/fundacioncajaruraldelsur.com\\\/fallados-los-premios-ricardo-lopez-crespo-de-fundacion-caja-rural-del-sur-en-su-xi-edicion\\\/\",\"url\":\"https:\\\/\\\/fundacioncajaruraldelsur.com\\\/fallados-los-premios-ricardo-lopez-crespo-de-fundacion-caja-rural-del-sur-en-su-xi-edicion\\\/\",\"name\":\"Fallados los premios \u2018Ricardo L\u00f3pez Crespo\u2019 de Fundaci\u00f3n Caja Rural del Sur en su XI edici\u00f3n - Fundaci\u00f3n Caja Rural del Sur\",\"isPartOf\":{\"@id\":\"https:\\\/\\\/fundacioncajaruraldelsur.com\\\/#website\"},\"primaryImageOfPage\":{\"@id\":\"https:\\\/\\\/fundacioncajaruraldelsur.com\\\/fallados-los-premios-ricardo-lopez-crespo-de-fundacion-caja-rural-del-sur-en-su-xi-edicion\\\/#primaryimage\"},\"image\":{\"@id\":\"https:\\\/\\\/fundacioncajaruraldelsur.com\\\/fallados-los-premios-ricardo-lopez-crespo-de-fundacion-caja-rural-del-sur-en-su-xi-edicion\\\/#primaryimage\"},\"thumbnailUrl\":\"https:\\\/\\\/fundacioncajaruraldelsur.com\\\/wp-content\\\/uploads\\\/2021\\\/12\\\/premios.jpg\",\"datePublished\":\"2021-12-26T23:03:09+00:00\",\"dateModified\":\"2021-12-26T23:06:20+00:00\",\"author\":{\"@id\":\"https:\\\/\\\/fundacioncajaruraldelsur.com\\\/#\\\/schema\\\/person\\\/f430da9fb783d505ff061ad8b3d44577\"},\"breadcrumb\":{\"@id\":\"https:\\\/\\\/fundacioncajaruraldelsur.com\\\/fallados-los-premios-ricardo-lopez-crespo-de-fundacion-caja-rural-del-sur-en-su-xi-edicion\\\/#breadcrumb\"},\"inLanguage\":\"pt-PT\",\"potentialAction\":[{\"@type\":\"ReadAction\",\"target\":[\"https:\\\/\\\/fundacioncajaruraldelsur.com\\\/fallados-los-premios-ricardo-lopez-crespo-de-fundacion-caja-rural-del-sur-en-su-xi-edicion\\\/\"]}]},{\"@type\":\"ImageObject\",\"inLanguage\":\"pt-PT\",\"@id\":\"https:\\\/\\\/fundacioncajaruraldelsur.com\\\/fallados-los-premios-ricardo-lopez-crespo-de-fundacion-caja-rural-del-sur-en-su-xi-edicion\\\/#primaryimage\",\"url\":\"https:\\\/\\\/fundacioncajaruraldelsur.com\\\/wp-content\\\/uploads\\\/2021\\\/12\\\/premios.jpg\",\"contentUrl\":\"https:\\\/\\\/fundacioncajaruraldelsur.com\\\/wp-content\\\/uploads\\\/2021\\\/12\\\/premios.jpg\",\"width\":576,\"height\":330},{\"@type\":\"BreadcrumbList\",\"@id\":\"https:\\\/\\\/fundacioncajaruraldelsur.com\\\/fallados-los-premios-ricardo-lopez-crespo-de-fundacion-caja-rural-del-sur-en-su-xi-edicion\\\/#breadcrumb\",\"itemListElement\":[{\"@type\":\"ListItem\",\"position\":1,\"name\":\"Portada\",\"item\":\"https:\\\/\\\/fundacioncajaruraldelsur.com\\\/\"},{\"@type\":\"ListItem\",\"position\":2,\"name\":\"Fallados los premios \u2018Ricardo L\u00f3pez Crespo\u2019 de Fundaci\u00f3n Caja Rural del Sur en su XI edici\u00f3n\"}]},{\"@type\":\"WebSite\",\"@id\":\"https:\\\/\\\/fundacioncajaruraldelsur.com\\\/#website\",\"url\":\"https:\\\/\\\/fundacioncajaruraldelsur.com\\\/\",\"name\":\"Fundaci\u00f3n Caja Rural del Sur\",\"description\":\"\",\"potentialAction\":[{\"@type\":\"SearchAction\",\"target\":{\"@type\":\"EntryPoint\",\"urlTemplate\":\"https:\\\/\\\/fundacioncajaruraldelsur.com\\\/?s={search_term_string}\"},\"query-input\":{\"@type\":\"PropertyValueSpecification\",\"valueRequired\":true,\"valueName\":\"search_term_string\"}}],\"inLanguage\":\"pt-PT\"},{\"@type\":\"Person\",\"@id\":\"https:\\\/\\\/fundacioncajaruraldelsur.com\\\/#\\\/schema\\\/person\\\/f430da9fb783d505ff061ad8b3d44577\",\"name\":\"Comunicaci\u00f3n\",\"image\":{\"@type\":\"ImageObject\",\"inLanguage\":\"pt-PT\",\"@id\":\"https:\\\/\\\/secure.gravatar.com\\\/avatar\\\/0dca239875993680bac4603ad2de7942da018f52cc3a244578e0b3b09314a8d8?s=96&d=blank&r=g\",\"url\":\"https:\\\/\\\/secure.gravatar.com\\\/avatar\\\/0dca239875993680bac4603ad2de7942da018f52cc3a244578e0b3b09314a8d8?s=96&d=blank&r=g\",\"contentUrl\":\"https:\\\/\\\/secure.gravatar.com\\\/avatar\\\/0dca239875993680bac4603ad2de7942da018f52cc3a244578e0b3b09314a8d8?s=96&d=blank&r=g\",\"caption\":\"Comunicaci\u00f3n\"}}]}<\/script>\n<!-- \/ Yoast SEO plugin. -->","yoast_head_json":{"title":"Fallados los premios \u2018Ricardo L\u00f3pez Crespo\u2019 de Fundaci\u00f3n Caja Rural del Sur en su XI edici\u00f3n - Fundaci\u00f3n Caja Rural del Sur","robots":{"index":"index","follow":"follow","max-snippet":"max-snippet:-1","max-image-preview":"max-image-preview:large","max-video-preview":"max-video-preview:-1"},"canonical":"https:\/\/fundacioncajaruraldelsur.com\/pt\/fallados-los-premios-ricardo-lopez-crespo-de-fundacion-caja-rural-del-sur-en-su-xi-edicion\/","og_locale":"pt_PT","og_type":"article","og_title":"Fallados los premios \u2018Ricardo L\u00f3pez Crespo\u2019 de Fundaci\u00f3n Caja Rural del Sur en su XI edici\u00f3n - Fundaci\u00f3n Caja Rural del Sur","og_description":"La Asociaci\u00f3n Red XXI; los proyectos \u201cReutivar. Modelo de riego sostenible del olivar mediante el uso de aguas regeneradas\u201d y \u201cCPI Innolivar. Compra P\u00fablica Innovadora\u201d (Ex aequo); la \u201cRecuperaci\u00f3n del [&hellip;]","og_url":"https:\/\/fundacioncajaruraldelsur.com\/pt\/fallados-los-premios-ricardo-lopez-crespo-de-fundacion-caja-rural-del-sur-en-su-xi-edicion\/","og_site_name":"Fundaci\u00f3n Caja Rural del Sur","article_published_time":"2021-12-26T23:03:09+00:00","article_modified_time":"2021-12-26T23:06:20+00:00","og_image":[{"width":576,"height":330,"url":"https:\/\/fundacioncajaruraldelsur.com\/wp-content\/uploads\/2021\/12\/premios.jpg","type":"image\/jpeg"}],"author":"Comunicaci\u00f3n","twitter_card":"summary_large_image","twitter_misc":{"Written by":"Comunicaci\u00f3n","Est. reading time":"3 minutes"},"schema":{"@context":"https:\/\/schema.org","@graph":[{"@type":"Article","@id":"https:\/\/fundacioncajaruraldelsur.com\/fallados-los-premios-ricardo-lopez-crespo-de-fundacion-caja-rural-del-sur-en-su-xi-edicion\/#article","isPartOf":{"@id":"https:\/\/fundacioncajaruraldelsur.com\/fallados-los-premios-ricardo-lopez-crespo-de-fundacion-caja-rural-del-sur-en-su-xi-edicion\/"},"author":{"name":"Comunicaci\u00f3n","@id":"https:\/\/fundacioncajaruraldelsur.com\/#\/schema\/person\/f430da9fb783d505ff061ad8b3d44577"},"headline":"Fallados los premios \u2018Ricardo L\u00f3pez Crespo\u2019 de Fundaci\u00f3n Caja Rural del Sur en su XI edici\u00f3n","datePublished":"2021-12-26T23:03:09+00:00","dateModified":"2021-12-26T23:06:20+00:00","mainEntityOfPage":{"@id":"https:\/\/fundacioncajaruraldelsur.com\/fallados-los-premios-ricardo-lopez-crespo-de-fundacion-caja-rural-del-sur-en-su-xi-edicion\/"},"wordCount":693,"image":{"@id":"https:\/\/fundacioncajaruraldelsur.com\/fallados-los-premios-ricardo-lopez-crespo-de-fundacion-caja-rural-del-sur-en-su-xi-edicion\/#primaryimage"},"thumbnailUrl":"https:\/\/fundacioncajaruraldelsur.com\/wp-content\/uploads\/2021\/12\/premios.jpg","articleSection":["Premios"],"inLanguage":"pt-PT"},{"@type":"WebPage","@id":"https:\/\/fundacioncajaruraldelsur.com\/fallados-los-premios-ricardo-lopez-crespo-de-fundacion-caja-rural-del-sur-en-su-xi-edicion\/","url":"https:\/\/fundacioncajaruraldelsur.com\/fallados-los-premios-ricardo-lopez-crespo-de-fundacion-caja-rural-del-sur-en-su-xi-edicion\/","name":"Fallados los premios \u2018Ricardo L\u00f3pez Crespo\u2019 de Fundaci\u00f3n Caja Rural del Sur en su XI edici\u00f3n - Fundaci\u00f3n Caja Rural del Sur","isPartOf":{"@id":"https:\/\/fundacioncajaruraldelsur.com\/#website"},"primaryImageOfPage":{"@id":"https:\/\/fundacioncajaruraldelsur.com\/fallados-los-premios-ricardo-lopez-crespo-de-fundacion-caja-rural-del-sur-en-su-xi-edicion\/#primaryimage"},"image":{"@id":"https:\/\/fundacioncajaruraldelsur.com\/fallados-los-premios-ricardo-lopez-crespo-de-fundacion-caja-rural-del-sur-en-su-xi-edicion\/#primaryimage"},"thumbnailUrl":"https:\/\/fundacioncajaruraldelsur.com\/wp-content\/uploads\/2021\/12\/premios.jpg","datePublished":"2021-12-26T23:03:09+00:00","dateModified":"2021-12-26T23:06:20+00:00","author":{"@id":"https:\/\/fundacioncajaruraldelsur.com\/#\/schema\/person\/f430da9fb783d505ff061ad8b3d44577"},"breadcrumb":{"@id":"https:\/\/fundacioncajaruraldelsur.com\/fallados-los-premios-ricardo-lopez-crespo-de-fundacion-caja-rural-del-sur-en-su-xi-edicion\/#breadcrumb"},"inLanguage":"pt-PT","potentialAction":[{"@type":"ReadAction","target":["https:\/\/fundacioncajaruraldelsur.com\/fallados-los-premios-ricardo-lopez-crespo-de-fundacion-caja-rural-del-sur-en-su-xi-edicion\/"]}]},{"@type":"ImageObject","inLanguage":"pt-PT","@id":"https:\/\/fundacioncajaruraldelsur.com\/fallados-los-premios-ricardo-lopez-crespo-de-fundacion-caja-rural-del-sur-en-su-xi-edicion\/#primaryimage","url":"https:\/\/fundacioncajaruraldelsur.com\/wp-content\/uploads\/2021\/12\/premios.jpg","contentUrl":"https:\/\/fundacioncajaruraldelsur.com\/wp-content\/uploads\/2021\/12\/premios.jpg","width":576,"height":330},{"@type":"BreadcrumbList","@id":"https:\/\/fundacioncajaruraldelsur.com\/fallados-los-premios-ricardo-lopez-crespo-de-fundacion-caja-rural-del-sur-en-su-xi-edicion\/#breadcrumb","itemListElement":[{"@type":"ListItem","position":1,"name":"Portada","item":"https:\/\/fundacioncajaruraldelsur.com\/"},{"@type":"ListItem","position":2,"name":"Fallados los premios \u2018Ricardo L\u00f3pez Crespo\u2019 de Fundaci\u00f3n Caja Rural del Sur en su XI edici\u00f3n"}]},{"@type":"WebSite","@id":"https:\/\/fundacioncajaruraldelsur.com\/#website","url":"https:\/\/fundacioncajaruraldelsur.com\/","name":"Funda\u00e7\u00e3o Caja Rural del Sur","description":"","potentialAction":[{"@type":"SearchAction","target":{"@type":"EntryPoint","urlTemplate":"https:\/\/fundacioncajaruraldelsur.com\/?s={search_term_string}"},"query-input":{"@type":"PropertyValueSpecification","valueRequired":true,"valueName":"search_term_string"}}],"inLanguage":"pt-PT"},{"@type":"Person","@id":"https:\/\/fundacioncajaruraldelsur.com\/#\/schema\/person\/f430da9fb783d505ff061ad8b3d44577","name":"Comunicaci\u00f3n","image":{"@type":"ImageObject","inLanguage":"pt-PT","@id":"https:\/\/secure.gravatar.com\/avatar\/0dca239875993680bac4603ad2de7942da018f52cc3a244578e0b3b09314a8d8?s=96&d=blank&r=g","url":"https:\/\/secure.gravatar.com\/avatar\/0dca239875993680bac4603ad2de7942da018f52cc3a244578e0b3b09314a8d8?s=96&d=blank&r=g","contentUrl":"https:\/\/secure.gravatar.com\/avatar\/0dca239875993680bac4603ad2de7942da018f52cc3a244578e0b3b09314a8d8?s=96&d=blank&r=g","caption":"Comunicaci\u00f3n"}}]}},"rttpg_featured_image_url":{"full":["https:\/\/fundacioncajaruraldelsur.com\/wp-content\/uploads\/2021\/12\/premios.jpg",576,330,false],"landscape":["https:\/\/fundacioncajaruraldelsur.com\/wp-content\/uploads\/2021\/12\/premios.jpg",576,330,false],"portraits":["https:\/\/fundacioncajaruraldelsur.com\/wp-content\/uploads\/2021\/12\/premios.jpg",576,330,false],"thumbnail":["https:\/\/fundacioncajaruraldelsur.com\/wp-content\/uploads\/2021\/12\/premios-150x150.jpg",150,150,true],"medium":["https:\/\/fundacioncajaruraldelsur.com\/wp-content\/uploads\/2021\/12\/premios-300x172.jpg",300,172,true],"large":["https:\/\/fundacioncajaruraldelsur.com\/wp-content\/uploads\/2021\/12\/premios.jpg",576,330,false],"1536x1536":["https:\/\/fundacioncajaruraldelsur.com\/wp-content\/uploads\/2021\/12\/premios.jpg",576,330,false],"2048x2048":["https:\/\/fundacioncajaruraldelsur.com\/wp-content\/uploads\/2021\/12\/premios.jpg",576,330,false],"trp-custom-language-flag":["https:\/\/fundacioncajaruraldelsur.com\/wp-content\/uploads\/2021\/12\/premios.jpg",18,10,false],"blog-thumbnail":["https:\/\/fundacioncajaruraldelsur.com\/wp-content\/uploads\/2021\/12\/premios-400x200.jpg",400,200,true]},"rttpg_author":{"display_name":"Comunicaci\u00f3n","author_link":"https:\/\/fundacioncajaruraldelsur.com\/pt\/author\/sevillaadmin\/"},"rttpg_comment":0,"rttpg_category":"<a href=\"https:\/\/fundacioncajaruraldelsur.com\/pt\/category\/premios\/\" rel=\"category tag\">Premios<\/a>","rttpg_excerpt":"La Asociaci\u00f3n Red XXI; los proyectos \u201cReutivar. Modelo de riego sostenible del olivar mediante el uso de aguas regeneradas\u201d y \u201cCPI Innolivar. Compra P\u00fablica Innovadora\u201d (Ex aequo); la \u201cRecuperaci\u00f3n del [&hellip;]","_links":{"self":[{"href":"https:\/\/fundacioncajaruraldelsur.com\/pt\/wp-json\/wp\/v2\/posts\/7039","targetHints":{"allow":["GET"]}}],"collection":[{"href":"https:\/\/fundacioncajaruraldelsur.com\/pt\/wp-json\/wp\/v2\/posts"}],"about":[{"href":"https:\/\/fundacioncajaruraldelsur.com\/pt\/wp-json\/wp\/v2\/types\/post"}],"author":[{"embeddable":true,"href":"https:\/\/fundacioncajaruraldelsur.com\/pt\/wp-json\/wp\/v2\/users\/6"}],"replies":[{"embeddable":true,"href":"https:\/\/fundacioncajaruraldelsur.com\/pt\/wp-json\/wp\/v2\/comments?post=7039"}],"version-history":[{"count":1,"href":"https:\/\/fundacioncajaruraldelsur.com\/pt\/wp-json\/wp\/v2\/posts\/7039\/revisions"}],"predecessor-version":[{"id":7040,"href":"https:\/\/fundacioncajaruraldelsur.com\/pt\/wp-json\/wp\/v2\/posts\/7039\/revisions\/7040"}],"wp:featuredmedia":[{"embeddable":true,"href":"https:\/\/fundacioncajaruraldelsur.com\/pt\/wp-json\/wp\/v2\/media\/7041"}],"wp:attachment":[{"href":"https:\/\/fundacioncajaruraldelsur.com\/pt\/wp-json\/wp\/v2\/media?parent=7039"}],"wp:term":[{"taxonomy":"category","embeddable":true,"href":"https:\/\/fundacioncajaruraldelsur.com\/pt\/wp-json\/wp\/v2\/categories?post=7039"},{"taxonomy":"post_tag","embeddable":true,"href":"https:\/\/fundacioncajaruraldelsur.com\/pt\/wp-json\/wp\/v2\/tags?post=7039"}],"curies":[{"name":"wp","href":"https:\/\/api.w.org\/{rel}","templated":true}]}}