{"id":7017,"date":"2021-12-21T23:46:13","date_gmt":"2021-12-21T21:46:13","guid":{"rendered":"\/?p=7017"},"modified":"2021-12-22T00:52:52","modified_gmt":"2021-12-21T22:52:52","slug":"la-fundacion-caja-rural-del-sur-acoge-la-presentacion-de-los-actos-del-centenario-del-torero-pepe-luis-vazquez","status":"publish","type":"post","link":"https:\/\/fundacioncajaruraldelsur.com\/pt\/la-fundacion-caja-rural-del-sur-acoge-la-presentacion-de-los-actos-del-centenario-del-torero-pepe-luis-vazquez\/","title":{"rendered":"La Fundaci\u00f3n Caja Rural del Sur acoge la presentaci\u00f3n de los actos del centenario del torero Pepe Luis V\u00e1zquez"},"content":{"rendered":"<p>La sede de la Fundaci\u00f3n Caja Rural del Sur en Sevilla ha acogido este martes, 21 de diciembre, el acto inaugural del <strong>centenario del torero sevillano Pepe Luis V\u00e1zquez Garc\u00e9s<\/strong>, presidido por Su Alteza Real la Infanta <strong>Do\u00f1a Elena de Borb\u00f3n<\/strong>, con la asistencia de numerosas autoridades, representantes del mundo del toreo, de la cultura y sociedad andaluza y de Sevilla como Patricia del Pozo, Consejera de Cultura, Ricardo S\u00e1nchez, Delegado del Gobierno de la Junta, Sonia Gaya, alcaldesa en funciones del Ayuntamiento, Juan Carlos Cabrera, delegado de Fiestas Mayores,\u00a0 y Santiago Le\u00f3n y Domecq, Teniente Hermano Mayor de la Real Maestranza.<\/p>\n<p>Este tributo a la figura del S\u00f3crates de San Bernardo ha servido de pistoletazo de salida del que va a ser un amplio programa de actividades a lo largo del a\u00f1o 2022 en el que se conmemora los 100 a\u00f1os de su nacimiento e impulsado por la familia de la hist\u00f3rica figura del toreo hispalense y que cuenta como Comisario del programa de actos con el periodista \u00c1lvaro Acevedo, director de la revista Cuadernos de Tauromaquia.<\/p>\n<p>Con el lema \u00abUna vida de luces\u00bb, a lo largo de los meses de febrero y marzo, est\u00e1n previstos diferentes coloquios sobre la figura de Pepe Luis V\u00e1zquez en colaboraci\u00f3n con la C\u00e1tedra Ignacio S\u00e1nchez-Mej\u00edas con la participaci\u00f3n de Pablo Aguado, Juan Ortega, Eduardo D\u00e1vila Miura, Manolo V\u00e1zquez, Eduardo y Antonio Miura o los hijos y nietos del propio Pepe Luis. Adem\u00e1s, est\u00e1 previsto que se desarrolle una exposici\u00f3n pict\u00f3rica y escult\u00f3rica sobre el torero en el Ayuntamiento de Sevilla, del 20 de abril al 15 de mayo.<\/p>\n<p>La apertura del acto de inicio del centenario en Caja Rural del Sur corri\u00f3 a cargo del poeta Jos\u00e9 Le\u00f3n, que acompa\u00f1ado a la guitarra, glos\u00f3 el perfil del torero.<\/p>\n<p><a href=\"\/wp-content\/uploads\/2021\/12\/apertura.jpg\" rel=\"lightbox-0\"><img loading=\"lazy\" decoding=\"async\" class=\"alignnone wp-image-7021 size-full\" src=\"\/wp-content\/uploads\/2021\/12\/apertura.jpg\" alt=\"\" width=\"2048\" height=\"1260\" srcset=\"https:\/\/fundacioncajaruraldelsur.com\/wp-content\/uploads\/2021\/12\/apertura.jpg 2048w, https:\/\/fundacioncajaruraldelsur.com\/wp-content\/uploads\/2021\/12\/apertura-300x185.jpg 300w, https:\/\/fundacioncajaruraldelsur.com\/wp-content\/uploads\/2021\/12\/apertura-1024x630.jpg 1024w, https:\/\/fundacioncajaruraldelsur.com\/wp-content\/uploads\/2021\/12\/apertura-768x473.jpg 768w, https:\/\/fundacioncajaruraldelsur.com\/wp-content\/uploads\/2021\/12\/apertura-1536x945.jpg 1536w\" sizes=\"auto, (max-width: 2048px) 100vw, 2048px\" \/><\/a><\/p>\n<p>Posteriormente la bienvenida al acto la dio el Presidente de Caja Rural del Sur, Jos\u00e9 Luis Garc\u00eda-Palacios \u00c1lvarez, quien destac\u00f3 el compromiso de la entidad en la defensa de la tauromaquia y del mundo taurino como parte fundamental de nuestra cultura. Adem\u00e1s subray\u00f3\u00a0 las distintas facetas de la figura de Pepe Luis V\u00e1zquez, en especial \u00ablos valores que atesor\u00f3 como la discreci\u00f3n, la entrega, respeto, humildad, prudencia&#8230;cualidades personales innatas que le convirtieron en un referente y por eso es necesario que ese legado se difunda como su ejemplo y relato vital\u00bb.<\/p>\n<p><a href=\"\/wp-content\/uploads\/2021\/12\/presidente.jpg\" rel=\"lightbox-1\"><img loading=\"lazy\" decoding=\"async\" class=\"alignnone wp-image-7018 size-full\" src=\"\/wp-content\/uploads\/2021\/12\/presidente.jpg\" alt=\"\" width=\"2048\" height=\"1536\" srcset=\"https:\/\/fundacioncajaruraldelsur.com\/wp-content\/uploads\/2021\/12\/presidente.jpg 2048w, https:\/\/fundacioncajaruraldelsur.com\/wp-content\/uploads\/2021\/12\/presidente-300x225.jpg 300w, https:\/\/fundacioncajaruraldelsur.com\/wp-content\/uploads\/2021\/12\/presidente-1024x768.jpg 1024w, https:\/\/fundacioncajaruraldelsur.com\/wp-content\/uploads\/2021\/12\/presidente-768x576.jpg 768w, https:\/\/fundacioncajaruraldelsur.com\/wp-content\/uploads\/2021\/12\/presidente-1536x1152.jpg 1536w\" sizes=\"auto, (max-width: 2048px) 100vw, 2048px\" \/><\/a><\/p>\n<div>En el acto tambi\u00e9n intervinieron, el autor del cartel del centenario, Javier Jim\u00e9nez S\u00e1nchez-Dalp, el Comisario del Centenario, el periodista, \u00c1lvaro Acevedo, Pepe Luis V\u00e1zquez, nieto del torero, quien en un emocionado discurso rememor\u00f3 numerosos y cari\u00f1osos recuerdos con su abuelo, la alcaldesa en funciones del Ayuntamiento de Sevilla, Sonia Gaya, y la Consejera de Cultura de la Junta de Andaluc\u00eda, Patricia del Pozo.<\/div>\n<div><\/div>\n<div><a href=\"\/wp-content\/uploads\/2021\/12\/consejera.jpg\" rel=\"lightbox-2\"><img loading=\"lazy\" decoding=\"async\" class=\"alignnone wp-image-7024 size-full\" src=\"\/wp-content\/uploads\/2021\/12\/consejera-e1640123110111.jpg\" alt=\"\" width=\"2048\" height=\"1070\" srcset=\"https:\/\/fundacioncajaruraldelsur.com\/wp-content\/uploads\/2021\/12\/consejera-e1640123110111.jpg 2048w, https:\/\/fundacioncajaruraldelsur.com\/wp-content\/uploads\/2021\/12\/consejera-e1640123110111-300x157.jpg 300w, https:\/\/fundacioncajaruraldelsur.com\/wp-content\/uploads\/2021\/12\/consejera-e1640123110111-1024x535.jpg 1024w, https:\/\/fundacioncajaruraldelsur.com\/wp-content\/uploads\/2021\/12\/consejera-e1640123110111-768x401.jpg 768w, https:\/\/fundacioncajaruraldelsur.com\/wp-content\/uploads\/2021\/12\/consejera-e1640123110111-1536x803.jpg 1536w\" sizes=\"auto, (max-width: 2048px) 100vw, 2048px\" \/><\/a><\/div>\n<p><a href=\"\/wp-content\/uploads\/2021\/12\/acevedo.jpg\" rel=\"lightbox-3\"><img loading=\"lazy\" decoding=\"async\" class=\"alignnone wp-image-7023 size-full\" src=\"\/wp-content\/uploads\/2021\/12\/acevedo.jpg\" alt=\"\" width=\"2048\" height=\"1246\" srcset=\"https:\/\/fundacioncajaruraldelsur.com\/wp-content\/uploads\/2021\/12\/acevedo.jpg 2048w, https:\/\/fundacioncajaruraldelsur.com\/wp-content\/uploads\/2021\/12\/acevedo-300x183.jpg 300w, https:\/\/fundacioncajaruraldelsur.com\/wp-content\/uploads\/2021\/12\/acevedo-1024x623.jpg 1024w, https:\/\/fundacioncajaruraldelsur.com\/wp-content\/uploads\/2021\/12\/acevedo-768x467.jpg 768w, https:\/\/fundacioncajaruraldelsur.com\/wp-content\/uploads\/2021\/12\/acevedo-1536x935.jpg 1536w\" sizes=\"auto, (max-width: 2048px) 100vw, 2048px\" \/><\/a><\/p>\n<p><a href=\"\/wp-content\/uploads\/2021\/12\/nieto.jpg\" rel=\"lightbox-4\"><img loading=\"lazy\" decoding=\"async\" class=\"alignnone wp-image-7022 size-full\" src=\"\/wp-content\/uploads\/2021\/12\/nieto.jpg\" alt=\"\" width=\"2048\" height=\"1536\" srcset=\"https:\/\/fundacioncajaruraldelsur.com\/wp-content\/uploads\/2021\/12\/nieto.jpg 2048w, https:\/\/fundacioncajaruraldelsur.com\/wp-content\/uploads\/2021\/12\/nieto-300x225.jpg 300w, https:\/\/fundacioncajaruraldelsur.com\/wp-content\/uploads\/2021\/12\/nieto-1024x768.jpg 1024w, https:\/\/fundacioncajaruraldelsur.com\/wp-content\/uploads\/2021\/12\/nieto-768x576.jpg 768w, https:\/\/fundacioncajaruraldelsur.com\/wp-content\/uploads\/2021\/12\/nieto-1536x1152.jpg 1536w\" sizes=\"auto, (max-width: 2048px) 100vw, 2048px\" \/><\/a> <a href=\"\/wp-content\/uploads\/2021\/12\/sonia-gaya.jpg\" rel=\"lightbox-5\"><img loading=\"lazy\" decoding=\"async\" class=\"alignnone wp-image-7020 size-full\" src=\"\/wp-content\/uploads\/2021\/12\/sonia-gaya.jpg\" alt=\"\" width=\"2048\" height=\"1536\" srcset=\"https:\/\/fundacioncajaruraldelsur.com\/wp-content\/uploads\/2021\/12\/sonia-gaya.jpg 2048w, https:\/\/fundacioncajaruraldelsur.com\/wp-content\/uploads\/2021\/12\/sonia-gaya-300x225.jpg 300w, https:\/\/fundacioncajaruraldelsur.com\/wp-content\/uploads\/2021\/12\/sonia-gaya-1024x768.jpg 1024w, https:\/\/fundacioncajaruraldelsur.com\/wp-content\/uploads\/2021\/12\/sonia-gaya-768x576.jpg 768w, https:\/\/fundacioncajaruraldelsur.com\/wp-content\/uploads\/2021\/12\/sonia-gaya-1536x1152.jpg 1536w\" sizes=\"auto, (max-width: 2048px) 100vw, 2048px\" \/><\/a><\/p>","protected":false},"excerpt":{"rendered":"<p>La sede de la Fundaci\u00f3n Caja Rural del Sur en Sevilla ha acogido este martes, 21 de diciembre, el acto inaugural del centenario del torero sevillano Pepe Luis V\u00e1zquez Garc\u00e9s, [&hellip;]<\/p>\n","protected":false},"author":6,"featured_media":7018,"comment_status":"closed","ping_status":"closed","sticky":false,"template":"","format":"standard","meta":{"footnotes":""},"categories":[84],"tags":[],"class_list":["post-7017","post","type-post","status-publish","format-standard","has-post-thumbnail","hentry","category-presentaciones"],"yoast_head":"<!-- This site is optimized with the Yoast SEO plugin v27.3 - https:\/\/yoast.com\/product\/yoast-seo-wordpress\/ -->\n<title>La Fundaci\u00f3n Caja Rural del Sur acoge la presentaci\u00f3n de los actos del centenario del torero Pepe Luis V\u00e1zquez - Fundaci\u00f3n Caja Rural del Sur<\/title>\n<meta name=\"robots\" content=\"index, follow, max-snippet:-1, max-image-preview:large, max-video-preview:-1\" \/>\n<link rel=\"canonical\" href=\"https:\/\/fundacioncajaruraldelsur.com\/pt\/la-fundacion-caja-rural-del-sur-acoge-la-presentacion-de-los-actos-del-centenario-del-torero-pepe-luis-vazquez\/\" \/>\n<meta property=\"og:locale\" content=\"pt_PT\" \/>\n<meta property=\"og:type\" content=\"article\" \/>\n<meta property=\"og:title\" content=\"La Fundaci\u00f3n Caja Rural del Sur acoge la presentaci\u00f3n de los actos del centenario del torero Pepe Luis V\u00e1zquez - Fundaci\u00f3n Caja Rural del Sur\" \/>\n<meta property=\"og:description\" content=\"La sede de la Fundaci\u00f3n Caja Rural del Sur en Sevilla ha acogido este martes, 21 de diciembre, el acto inaugural del centenario del torero sevillano Pepe Luis V\u00e1zquez Garc\u00e9s, [&hellip;]\" \/>\n<meta property=\"og:url\" content=\"https:\/\/fundacioncajaruraldelsur.com\/pt\/la-fundacion-caja-rural-del-sur-acoge-la-presentacion-de-los-actos-del-centenario-del-torero-pepe-luis-vazquez\/\" \/>\n<meta property=\"og:site_name\" content=\"Fundaci\u00f3n Caja Rural del Sur\" \/>\n<meta property=\"article:published_time\" content=\"2021-12-21T21:46:13+00:00\" \/>\n<meta property=\"article:modified_time\" content=\"2021-12-21T22:52:52+00:00\" \/>\n<meta property=\"og:image\" content=\"https:\/\/fundacioncajaruraldelsur.com\/wp-content\/uploads\/2021\/12\/presidente.jpg\" \/>\n\t<meta property=\"og:image:width\" content=\"2048\" \/>\n\t<meta property=\"og:image:height\" content=\"1536\" \/>\n\t<meta property=\"og:image:type\" content=\"image\/jpeg\" \/>\n<meta name=\"author\" content=\"Comunicaci\u00f3n\" \/>\n<meta name=\"twitter:card\" content=\"summary_large_image\" \/>\n<meta name=\"twitter:label1\" content=\"Written by\" \/>\n\t<meta name=\"twitter:data1\" content=\"Comunicaci\u00f3n\" \/>\n\t<meta name=\"twitter:label2\" content=\"Est. reading time\" \/>\n\t<meta name=\"twitter:data2\" content=\"2 minutes\" \/>\n<script type=\"application\/ld+json\" class=\"yoast-schema-graph\">{\"@context\":\"https:\\\/\\\/schema.org\",\"@graph\":[{\"@type\":\"Article\",\"@id\":\"https:\\\/\\\/fundacioncajaruraldelsur.com\\\/la-fundacion-caja-rural-del-sur-acoge-la-presentacion-de-los-actos-del-centenario-del-torero-pepe-luis-vazquez\\\/#article\",\"isPartOf\":{\"@id\":\"https:\\\/\\\/fundacioncajaruraldelsur.com\\\/la-fundacion-caja-rural-del-sur-acoge-la-presentacion-de-los-actos-del-centenario-del-torero-pepe-luis-vazquez\\\/\"},\"author\":{\"name\":\"Comunicaci\u00f3n\",\"@id\":\"https:\\\/\\\/fundacioncajaruraldelsur.com\\\/#\\\/schema\\\/person\\\/f430da9fb783d505ff061ad8b3d44577\"},\"headline\":\"La Fundaci\u00f3n Caja Rural del Sur acoge la presentaci\u00f3n de los actos del centenario del torero Pepe Luis V\u00e1zquez\",\"datePublished\":\"2021-12-21T21:46:13+00:00\",\"dateModified\":\"2021-12-21T22:52:52+00:00\",\"mainEntityOfPage\":{\"@id\":\"https:\\\/\\\/fundacioncajaruraldelsur.com\\\/la-fundacion-caja-rural-del-sur-acoge-la-presentacion-de-los-actos-del-centenario-del-torero-pepe-luis-vazquez\\\/\"},\"wordCount\":505,\"image\":{\"@id\":\"https:\\\/\\\/fundacioncajaruraldelsur.com\\\/la-fundacion-caja-rural-del-sur-acoge-la-presentacion-de-los-actos-del-centenario-del-torero-pepe-luis-vazquez\\\/#primaryimage\"},\"thumbnailUrl\":\"https:\\\/\\\/fundacioncajaruraldelsur.com\\\/wp-content\\\/uploads\\\/2021\\\/12\\\/presidente.jpg\",\"articleSection\":[\"Presentaciones\"],\"inLanguage\":\"pt-PT\"},{\"@type\":\"WebPage\",\"@id\":\"https:\\\/\\\/fundacioncajaruraldelsur.com\\\/la-fundacion-caja-rural-del-sur-acoge-la-presentacion-de-los-actos-del-centenario-del-torero-pepe-luis-vazquez\\\/\",\"url\":\"https:\\\/\\\/fundacioncajaruraldelsur.com\\\/la-fundacion-caja-rural-del-sur-acoge-la-presentacion-de-los-actos-del-centenario-del-torero-pepe-luis-vazquez\\\/\",\"name\":\"La Fundaci\u00f3n Caja Rural del Sur acoge la presentaci\u00f3n de los actos del centenario del torero Pepe Luis V\u00e1zquez - Fundaci\u00f3n Caja Rural del Sur\",\"isPartOf\":{\"@id\":\"https:\\\/\\\/fundacioncajaruraldelsur.com\\\/#website\"},\"primaryImageOfPage\":{\"@id\":\"https:\\\/\\\/fundacioncajaruraldelsur.com\\\/la-fundacion-caja-rural-del-sur-acoge-la-presentacion-de-los-actos-del-centenario-del-torero-pepe-luis-vazquez\\\/#primaryimage\"},\"image\":{\"@id\":\"https:\\\/\\\/fundacioncajaruraldelsur.com\\\/la-fundacion-caja-rural-del-sur-acoge-la-presentacion-de-los-actos-del-centenario-del-torero-pepe-luis-vazquez\\\/#primaryimage\"},\"thumbnailUrl\":\"https:\\\/\\\/fundacioncajaruraldelsur.com\\\/wp-content\\\/uploads\\\/2021\\\/12\\\/presidente.jpg\",\"datePublished\":\"2021-12-21T21:46:13+00:00\",\"dateModified\":\"2021-12-21T22:52:52+00:00\",\"author\":{\"@id\":\"https:\\\/\\\/fundacioncajaruraldelsur.com\\\/#\\\/schema\\\/person\\\/f430da9fb783d505ff061ad8b3d44577\"},\"breadcrumb\":{\"@id\":\"https:\\\/\\\/fundacioncajaruraldelsur.com\\\/la-fundacion-caja-rural-del-sur-acoge-la-presentacion-de-los-actos-del-centenario-del-torero-pepe-luis-vazquez\\\/#breadcrumb\"},\"inLanguage\":\"pt-PT\",\"potentialAction\":[{\"@type\":\"ReadAction\",\"target\":[\"https:\\\/\\\/fundacioncajaruraldelsur.com\\\/la-fundacion-caja-rural-del-sur-acoge-la-presentacion-de-los-actos-del-centenario-del-torero-pepe-luis-vazquez\\\/\"]}]},{\"@type\":\"ImageObject\",\"inLanguage\":\"pt-PT\",\"@id\":\"https:\\\/\\\/fundacioncajaruraldelsur.com\\\/la-fundacion-caja-rural-del-sur-acoge-la-presentacion-de-los-actos-del-centenario-del-torero-pepe-luis-vazquez\\\/#primaryimage\",\"url\":\"https:\\\/\\\/fundacioncajaruraldelsur.com\\\/wp-content\\\/uploads\\\/2021\\\/12\\\/presidente.jpg\",\"contentUrl\":\"https:\\\/\\\/fundacioncajaruraldelsur.com\\\/wp-content\\\/uploads\\\/2021\\\/12\\\/presidente.jpg\",\"width\":2048,\"height\":1536},{\"@type\":\"BreadcrumbList\",\"@id\":\"https:\\\/\\\/fundacioncajaruraldelsur.com\\\/la-fundacion-caja-rural-del-sur-acoge-la-presentacion-de-los-actos-del-centenario-del-torero-pepe-luis-vazquez\\\/#breadcrumb\",\"itemListElement\":[{\"@type\":\"ListItem\",\"position\":1,\"name\":\"Portada\",\"item\":\"https:\\\/\\\/fundacioncajaruraldelsur.com\\\/\"},{\"@type\":\"ListItem\",\"position\":2,\"name\":\"La Fundaci\u00f3n Caja Rural del Sur acoge la presentaci\u00f3n de los actos del centenario del torero Pepe Luis V\u00e1zquez\"}]},{\"@type\":\"WebSite\",\"@id\":\"https:\\\/\\\/fundacioncajaruraldelsur.com\\\/#website\",\"url\":\"https:\\\/\\\/fundacioncajaruraldelsur.com\\\/\",\"name\":\"Fundaci\u00f3n Caja Rural del Sur\",\"description\":\"\",\"potentialAction\":[{\"@type\":\"SearchAction\",\"target\":{\"@type\":\"EntryPoint\",\"urlTemplate\":\"https:\\\/\\\/fundacioncajaruraldelsur.com\\\/?s={search_term_string}\"},\"query-input\":{\"@type\":\"PropertyValueSpecification\",\"valueRequired\":true,\"valueName\":\"search_term_string\"}}],\"inLanguage\":\"pt-PT\"},{\"@type\":\"Person\",\"@id\":\"https:\\\/\\\/fundacioncajaruraldelsur.com\\\/#\\\/schema\\\/person\\\/f430da9fb783d505ff061ad8b3d44577\",\"name\":\"Comunicaci\u00f3n\",\"image\":{\"@type\":\"ImageObject\",\"inLanguage\":\"pt-PT\",\"@id\":\"https:\\\/\\\/secure.gravatar.com\\\/avatar\\\/0dca239875993680bac4603ad2de7942da018f52cc3a244578e0b3b09314a8d8?s=96&d=blank&r=g\",\"url\":\"https:\\\/\\\/secure.gravatar.com\\\/avatar\\\/0dca239875993680bac4603ad2de7942da018f52cc3a244578e0b3b09314a8d8?s=96&d=blank&r=g\",\"contentUrl\":\"https:\\\/\\\/secure.gravatar.com\\\/avatar\\\/0dca239875993680bac4603ad2de7942da018f52cc3a244578e0b3b09314a8d8?s=96&d=blank&r=g\",\"caption\":\"Comunicaci\u00f3n\"}}]}<\/script>\n<!-- \/ Yoast SEO plugin. -->","yoast_head_json":{"title":"La Fundaci\u00f3n Caja Rural del Sur acoge la presentaci\u00f3n de los actos del centenario del torero Pepe Luis V\u00e1zquez - Fundaci\u00f3n Caja Rural del Sur","robots":{"index":"index","follow":"follow","max-snippet":"max-snippet:-1","max-image-preview":"max-image-preview:large","max-video-preview":"max-video-preview:-1"},"canonical":"https:\/\/fundacioncajaruraldelsur.com\/pt\/la-fundacion-caja-rural-del-sur-acoge-la-presentacion-de-los-actos-del-centenario-del-torero-pepe-luis-vazquez\/","og_locale":"pt_PT","og_type":"article","og_title":"La Fundaci\u00f3n Caja Rural del Sur acoge la presentaci\u00f3n de los actos del centenario del torero Pepe Luis V\u00e1zquez - Fundaci\u00f3n Caja Rural del Sur","og_description":"La sede de la Fundaci\u00f3n Caja Rural del Sur en Sevilla ha acogido este martes, 21 de diciembre, el acto inaugural del centenario del torero sevillano Pepe Luis V\u00e1zquez Garc\u00e9s, [&hellip;]","og_url":"https:\/\/fundacioncajaruraldelsur.com\/pt\/la-fundacion-caja-rural-del-sur-acoge-la-presentacion-de-los-actos-del-centenario-del-torero-pepe-luis-vazquez\/","og_site_name":"Fundaci\u00f3n Caja Rural del Sur","article_published_time":"2021-12-21T21:46:13+00:00","article_modified_time":"2021-12-21T22:52:52+00:00","og_image":[{"width":2048,"height":1536,"url":"https:\/\/fundacioncajaruraldelsur.com\/wp-content\/uploads\/2021\/12\/presidente.jpg","type":"image\/jpeg"}],"author":"Comunicaci\u00f3n","twitter_card":"summary_large_image","twitter_misc":{"Written by":"Comunicaci\u00f3n","Est. reading time":"2 minutes"},"schema":{"@context":"https:\/\/schema.org","@graph":[{"@type":"Article","@id":"https:\/\/fundacioncajaruraldelsur.com\/la-fundacion-caja-rural-del-sur-acoge-la-presentacion-de-los-actos-del-centenario-del-torero-pepe-luis-vazquez\/#article","isPartOf":{"@id":"https:\/\/fundacioncajaruraldelsur.com\/la-fundacion-caja-rural-del-sur-acoge-la-presentacion-de-los-actos-del-centenario-del-torero-pepe-luis-vazquez\/"},"author":{"name":"Comunicaci\u00f3n","@id":"https:\/\/fundacioncajaruraldelsur.com\/#\/schema\/person\/f430da9fb783d505ff061ad8b3d44577"},"headline":"La Fundaci\u00f3n Caja Rural del Sur acoge la presentaci\u00f3n de los actos del centenario del torero Pepe Luis V\u00e1zquez","datePublished":"2021-12-21T21:46:13+00:00","dateModified":"2021-12-21T22:52:52+00:00","mainEntityOfPage":{"@id":"https:\/\/fundacioncajaruraldelsur.com\/la-fundacion-caja-rural-del-sur-acoge-la-presentacion-de-los-actos-del-centenario-del-torero-pepe-luis-vazquez\/"},"wordCount":505,"image":{"@id":"https:\/\/fundacioncajaruraldelsur.com\/la-fundacion-caja-rural-del-sur-acoge-la-presentacion-de-los-actos-del-centenario-del-torero-pepe-luis-vazquez\/#primaryimage"},"thumbnailUrl":"https:\/\/fundacioncajaruraldelsur.com\/wp-content\/uploads\/2021\/12\/presidente.jpg","articleSection":["Presentaciones"],"inLanguage":"pt-PT"},{"@type":"WebPage","@id":"https:\/\/fundacioncajaruraldelsur.com\/la-fundacion-caja-rural-del-sur-acoge-la-presentacion-de-los-actos-del-centenario-del-torero-pepe-luis-vazquez\/","url":"https:\/\/fundacioncajaruraldelsur.com\/la-fundacion-caja-rural-del-sur-acoge-la-presentacion-de-los-actos-del-centenario-del-torero-pepe-luis-vazquez\/","name":"La Fundaci\u00f3n Caja Rural del Sur acoge la presentaci\u00f3n de los actos del centenario del torero Pepe Luis V\u00e1zquez - Fundaci\u00f3n Caja Rural del Sur","isPartOf":{"@id":"https:\/\/fundacioncajaruraldelsur.com\/#website"},"primaryImageOfPage":{"@id":"https:\/\/fundacioncajaruraldelsur.com\/la-fundacion-caja-rural-del-sur-acoge-la-presentacion-de-los-actos-del-centenario-del-torero-pepe-luis-vazquez\/#primaryimage"},"image":{"@id":"https:\/\/fundacioncajaruraldelsur.com\/la-fundacion-caja-rural-del-sur-acoge-la-presentacion-de-los-actos-del-centenario-del-torero-pepe-luis-vazquez\/#primaryimage"},"thumbnailUrl":"https:\/\/fundacioncajaruraldelsur.com\/wp-content\/uploads\/2021\/12\/presidente.jpg","datePublished":"2021-12-21T21:46:13+00:00","dateModified":"2021-12-21T22:52:52+00:00","author":{"@id":"https:\/\/fundacioncajaruraldelsur.com\/#\/schema\/person\/f430da9fb783d505ff061ad8b3d44577"},"breadcrumb":{"@id":"https:\/\/fundacioncajaruraldelsur.com\/la-fundacion-caja-rural-del-sur-acoge-la-presentacion-de-los-actos-del-centenario-del-torero-pepe-luis-vazquez\/#breadcrumb"},"inLanguage":"pt-PT","potentialAction":[{"@type":"ReadAction","target":["https:\/\/fundacioncajaruraldelsur.com\/la-fundacion-caja-rural-del-sur-acoge-la-presentacion-de-los-actos-del-centenario-del-torero-pepe-luis-vazquez\/"]}]},{"@type":"ImageObject","inLanguage":"pt-PT","@id":"https:\/\/fundacioncajaruraldelsur.com\/la-fundacion-caja-rural-del-sur-acoge-la-presentacion-de-los-actos-del-centenario-del-torero-pepe-luis-vazquez\/#primaryimage","url":"https:\/\/fundacioncajaruraldelsur.com\/wp-content\/uploads\/2021\/12\/presidente.jpg","contentUrl":"https:\/\/fundacioncajaruraldelsur.com\/wp-content\/uploads\/2021\/12\/presidente.jpg","width":2048,"height":1536},{"@type":"BreadcrumbList","@id":"https:\/\/fundacioncajaruraldelsur.com\/la-fundacion-caja-rural-del-sur-acoge-la-presentacion-de-los-actos-del-centenario-del-torero-pepe-luis-vazquez\/#breadcrumb","itemListElement":[{"@type":"ListItem","position":1,"name":"Portada","item":"https:\/\/fundacioncajaruraldelsur.com\/"},{"@type":"ListItem","position":2,"name":"La Fundaci\u00f3n Caja Rural del Sur acoge la presentaci\u00f3n de los actos del centenario del torero Pepe Luis V\u00e1zquez"}]},{"@type":"WebSite","@id":"https:\/\/fundacioncajaruraldelsur.com\/#website","url":"https:\/\/fundacioncajaruraldelsur.com\/","name":"Funda\u00e7\u00e3o Caja Rural del Sur","description":"","potentialAction":[{"@type":"SearchAction","target":{"@type":"EntryPoint","urlTemplate":"https:\/\/fundacioncajaruraldelsur.com\/?s={search_term_string}"},"query-input":{"@type":"PropertyValueSpecification","valueRequired":true,"valueName":"search_term_string"}}],"inLanguage":"pt-PT"},{"@type":"Person","@id":"https:\/\/fundacioncajaruraldelsur.com\/#\/schema\/person\/f430da9fb783d505ff061ad8b3d44577","name":"Comunicaci\u00f3n","image":{"@type":"ImageObject","inLanguage":"pt-PT","@id":"https:\/\/secure.gravatar.com\/avatar\/0dca239875993680bac4603ad2de7942da018f52cc3a244578e0b3b09314a8d8?s=96&d=blank&r=g","url":"https:\/\/secure.gravatar.com\/avatar\/0dca239875993680bac4603ad2de7942da018f52cc3a244578e0b3b09314a8d8?s=96&d=blank&r=g","contentUrl":"https:\/\/secure.gravatar.com\/avatar\/0dca239875993680bac4603ad2de7942da018f52cc3a244578e0b3b09314a8d8?s=96&d=blank&r=g","caption":"Comunicaci\u00f3n"}}]}},"rttpg_featured_image_url":{"full":["https:\/\/fundacioncajaruraldelsur.com\/wp-content\/uploads\/2021\/12\/presidente.jpg",2048,1536,false],"landscape":["https:\/\/fundacioncajaruraldelsur.com\/wp-content\/uploads\/2021\/12\/presidente.jpg",2048,1536,false],"portraits":["https:\/\/fundacioncajaruraldelsur.com\/wp-content\/uploads\/2021\/12\/presidente.jpg",2048,1536,false],"thumbnail":["https:\/\/fundacioncajaruraldelsur.com\/wp-content\/uploads\/2021\/12\/presidente-150x150.jpg",150,150,true],"medium":["https:\/\/fundacioncajaruraldelsur.com\/wp-content\/uploads\/2021\/12\/presidente-300x225.jpg",300,225,true],"large":["https:\/\/fundacioncajaruraldelsur.com\/wp-content\/uploads\/2021\/12\/presidente-1024x768.jpg",960,720,true],"1536x1536":["https:\/\/fundacioncajaruraldelsur.com\/wp-content\/uploads\/2021\/12\/presidente-1536x1152.jpg",1536,1152,true],"2048x2048":["https:\/\/fundacioncajaruraldelsur.com\/wp-content\/uploads\/2021\/12\/presidente.jpg",2048,1536,false],"trp-custom-language-flag":["https:\/\/fundacioncajaruraldelsur.com\/wp-content\/uploads\/2021\/12\/presidente.jpg",16,12,false],"blog-thumbnail":["https:\/\/fundacioncajaruraldelsur.com\/wp-content\/uploads\/2021\/12\/presidente-400x200.jpg",400,200,true]},"rttpg_author":{"display_name":"Comunicaci\u00f3n","author_link":"https:\/\/fundacioncajaruraldelsur.com\/pt\/author\/sevillaadmin\/"},"rttpg_comment":0,"rttpg_category":"<a href=\"https:\/\/fundacioncajaruraldelsur.com\/pt\/category\/presentaciones\/\" rel=\"category tag\">Presentaciones<\/a>","rttpg_excerpt":"La sede de la Fundaci\u00f3n Caja Rural del Sur en Sevilla ha acogido este martes, 21 de diciembre, el acto inaugural del centenario del torero sevillano Pepe Luis V\u00e1zquez Garc\u00e9s, [&hellip;]","_links":{"self":[{"href":"https:\/\/fundacioncajaruraldelsur.com\/pt\/wp-json\/wp\/v2\/posts\/7017","targetHints":{"allow":["GET"]}}],"collection":[{"href":"https:\/\/fundacioncajaruraldelsur.com\/pt\/wp-json\/wp\/v2\/posts"}],"about":[{"href":"https:\/\/fundacioncajaruraldelsur.com\/pt\/wp-json\/wp\/v2\/types\/post"}],"author":[{"embeddable":true,"href":"https:\/\/fundacioncajaruraldelsur.com\/pt\/wp-json\/wp\/v2\/users\/6"}],"replies":[{"embeddable":true,"href":"https:\/\/fundacioncajaruraldelsur.com\/pt\/wp-json\/wp\/v2\/comments?post=7017"}],"version-history":[{"count":10,"href":"https:\/\/fundacioncajaruraldelsur.com\/pt\/wp-json\/wp\/v2\/posts\/7017\/revisions"}],"predecessor-version":[{"id":7034,"href":"https:\/\/fundacioncajaruraldelsur.com\/pt\/wp-json\/wp\/v2\/posts\/7017\/revisions\/7034"}],"wp:featuredmedia":[{"embeddable":true,"href":"https:\/\/fundacioncajaruraldelsur.com\/pt\/wp-json\/wp\/v2\/media\/7018"}],"wp:attachment":[{"href":"https:\/\/fundacioncajaruraldelsur.com\/pt\/wp-json\/wp\/v2\/media?parent=7017"}],"wp:term":[{"taxonomy":"category","embeddable":true,"href":"https:\/\/fundacioncajaruraldelsur.com\/pt\/wp-json\/wp\/v2\/categories?post=7017"},{"taxonomy":"post_tag","embeddable":true,"href":"https:\/\/fundacioncajaruraldelsur.com\/pt\/wp-json\/wp\/v2\/tags?post=7017"}],"curies":[{"name":"wp","href":"https:\/\/api.w.org\/{rel}","templated":true}]}}