{"id":6999,"date":"2021-12-15T09:25:22","date_gmt":"2021-12-15T07:25:22","guid":{"rendered":"\/?p=6999"},"modified":"2021-12-15T09:26:42","modified_gmt":"2021-12-15T07:26:42","slug":"inaugurado-el-belen-napolitano-de-la-fundacion-caja-rural-del-sur-en-cordoba","status":"publish","type":"post","link":"https:\/\/fundacioncajaruraldelsur.com\/pt\/inaugurado-el-belen-napolitano-de-la-fundacion-caja-rural-del-sur-en-cordoba\/","title":{"rendered":"Inaugurado el Bel\u00e9n Napolitano de la Fundaci\u00f3n Caja Rural del Sur en C\u00f3rdoba"},"content":{"rendered":"<p>La Fundaci\u00f3n Caja Rural del Sur en C\u00f3rdoba ha inaugurado este lunes, 13 de diciembre de 2021, el Bel\u00e9n Napolitano, que se podr\u00e1 visitarse hasta el 5 de enero, y que ha sido instalado por primera vez en esta sede de la entidad. El Misterio est\u00e1 expuesto en su Centro Cultural \u2018Jos\u00e9 Luis Garc\u00eda Palacios\u2019, en el Vial.<\/p>\n<p>La responsable de gesti\u00f3n cultural de la Fundaci\u00f3n Caja Rural del Sur,\u00a0<strong>Mar\u00eda Luisa Garc\u00eda-Palacios \u00c1lvarez y <\/strong>el vicepresidente de la misma, <strong>Ricardo L\u00f3pez Crespo<\/strong>\u00a0y la responsable de C\u00f3rdoba,<strong>\u00a0Mar\u00eda Dolores Moreno<\/strong> inauguraron la instalaci\u00f3n que se podr\u00e1 visitar en horario <strong>de 11 a 13,30 y 18 a 21 horas de lunes a s\u00e1bado.<\/strong><\/p>\n<section>El bel\u00e9n representa la vida cotidiana de N\u00e1poles entre el desfile ex\u00f3tico y fastuoso que acompa\u00f1a al cortejo de los Reyes Magos, con una bonita\u00a0<strong>vista de la Bah\u00eda de N\u00e1poles.<\/strong>Autor: Jos\u00e9 Gavil\u00e1n BruzoPintura: Lola Garc\u00eda-Pantale\u00f3n Rubio<\/p>\n<p>Orfebrer\u00eda-Metalister\u00eda: Jos\u00e9 Gonz\u00e1lez Blanca<\/p>\n<p>Figuras: V\u00e1zquez&amp;Luna (Asociaci\u00f3n Cultural Belenista)<\/p>\n<p>Lilya Bril (Isidro Calvo Cota)<\/p>\n<p>Lola Garc\u00eda-Pantale\u00f3n Rubio (Ferrigno)<\/p>\n<p>Vestidas y bordadas por Lola Garc\u00eda-Pantale\u00f3n Rubio<\/p>\n<\/section>\n<div class=\"article__tags\"><a href=\"https:\/\/sevilla.abc.es\/andalucia\/cordoba\/sevi-belen-caja-rural-cordoba-403372441570-20211213135514_galeria.html#imagen1\"><strong>VER FOTOS DE LA INAUGURACI\u00d3N DEL BEL\u00c9N NAPOLITANO EN C\u00d3RDOBA<\/strong><\/a><\/div>\n<div class=\"article__comments\"><\/div>","protected":false},"excerpt":{"rendered":"<p>La Fundaci\u00f3n Caja Rural del Sur en C\u00f3rdoba ha inaugurado este lunes, 13 de diciembre de 2021, el Bel\u00e9n Napolitano, que se podr\u00e1 visitarse hasta el 5 de enero, y [&hellip;]<\/p>\n","protected":false},"author":6,"featured_media":7002,"comment_status":"closed","ping_status":"closed","sticky":false,"template":"","format":"standard","meta":{"footnotes":""},"categories":[66],"tags":[],"class_list":["post-6999","post","type-post","status-publish","format-standard","has-post-thumbnail","hentry","category-actos"],"yoast_head":"<!-- This site is optimized with the Yoast SEO plugin v27.3 - https:\/\/yoast.com\/product\/yoast-seo-wordpress\/ -->\n<title>Inaugurado el Bel\u00e9n Napolitano de la Fundaci\u00f3n Caja Rural del Sur en C\u00f3rdoba - Fundaci\u00f3n Caja Rural del Sur<\/title>\n<meta name=\"robots\" content=\"index, follow, max-snippet:-1, max-image-preview:large, max-video-preview:-1\" \/>\n<link rel=\"canonical\" href=\"https:\/\/fundacioncajaruraldelsur.com\/pt\/inaugurado-el-belen-napolitano-de-la-fundacion-caja-rural-del-sur-en-cordoba\/\" \/>\n<meta property=\"og:locale\" content=\"pt_PT\" \/>\n<meta property=\"og:type\" content=\"article\" \/>\n<meta property=\"og:title\" content=\"Inaugurado el Bel\u00e9n Napolitano de la Fundaci\u00f3n Caja Rural del Sur en C\u00f3rdoba - Fundaci\u00f3n Caja Rural del Sur\" \/>\n<meta property=\"og:description\" content=\"La Fundaci\u00f3n Caja Rural del Sur en C\u00f3rdoba ha inaugurado este lunes, 13 de diciembre de 2021, el Bel\u00e9n Napolitano, que se podr\u00e1 visitarse hasta el 5 de enero, y [&hellip;]\" \/>\n<meta property=\"og:url\" content=\"https:\/\/fundacioncajaruraldelsur.com\/pt\/inaugurado-el-belen-napolitano-de-la-fundacion-caja-rural-del-sur-en-cordoba\/\" \/>\n<meta property=\"og:site_name\" content=\"Fundaci\u00f3n Caja Rural del Sur\" \/>\n<meta property=\"article:published_time\" content=\"2021-12-15T07:25:22+00:00\" \/>\n<meta property=\"article:modified_time\" content=\"2021-12-15T07:26:42+00:00\" \/>\n<meta property=\"og:image\" content=\"https:\/\/fundacioncajaruraldelsur.com\/wp-content\/uploads\/2021\/12\/belen-2.jpg\" \/>\n\t<meta property=\"og:image:width\" content=\"1350\" \/>\n\t<meta property=\"og:image:height\" content=\"900\" \/>\n\t<meta property=\"og:image:type\" content=\"image\/jpeg\" \/>\n<meta name=\"author\" content=\"Comunicaci\u00f3n\" \/>\n<meta name=\"twitter:card\" content=\"summary_large_image\" \/>\n<meta name=\"twitter:label1\" content=\"Written by\" \/>\n\t<meta name=\"twitter:data1\" content=\"Comunicaci\u00f3n\" \/>\n\t<meta name=\"twitter:label2\" content=\"Est. reading time\" \/>\n\t<meta name=\"twitter:data2\" content=\"1 minute\" \/>\n<script type=\"application\/ld+json\" class=\"yoast-schema-graph\">{\"@context\":\"https:\\\/\\\/schema.org\",\"@graph\":[{\"@type\":\"Article\",\"@id\":\"https:\\\/\\\/fundacioncajaruraldelsur.com\\\/inaugurado-el-belen-napolitano-de-la-fundacion-caja-rural-del-sur-en-cordoba\\\/#article\",\"isPartOf\":{\"@id\":\"https:\\\/\\\/fundacioncajaruraldelsur.com\\\/inaugurado-el-belen-napolitano-de-la-fundacion-caja-rural-del-sur-en-cordoba\\\/\"},\"author\":{\"name\":\"Comunicaci\u00f3n\",\"@id\":\"https:\\\/\\\/fundacioncajaruraldelsur.com\\\/#\\\/schema\\\/person\\\/f430da9fb783d505ff061ad8b3d44577\"},\"headline\":\"Inaugurado el Bel\u00e9n Napolitano de la Fundaci\u00f3n Caja Rural del Sur en C\u00f3rdoba\",\"datePublished\":\"2021-12-15T07:25:22+00:00\",\"dateModified\":\"2021-12-15T07:26:42+00:00\",\"mainEntityOfPage\":{\"@id\":\"https:\\\/\\\/fundacioncajaruraldelsur.com\\\/inaugurado-el-belen-napolitano-de-la-fundacion-caja-rural-del-sur-en-cordoba\\\/\"},\"wordCount\":231,\"image\":{\"@id\":\"https:\\\/\\\/fundacioncajaruraldelsur.com\\\/inaugurado-el-belen-napolitano-de-la-fundacion-caja-rural-del-sur-en-cordoba\\\/#primaryimage\"},\"thumbnailUrl\":\"https:\\\/\\\/fundacioncajaruraldelsur.com\\\/wp-content\\\/uploads\\\/2021\\\/12\\\/belen-2.jpg\",\"articleSection\":[\"Actos\"],\"inLanguage\":\"pt-PT\"},{\"@type\":\"WebPage\",\"@id\":\"https:\\\/\\\/fundacioncajaruraldelsur.com\\\/inaugurado-el-belen-napolitano-de-la-fundacion-caja-rural-del-sur-en-cordoba\\\/\",\"url\":\"https:\\\/\\\/fundacioncajaruraldelsur.com\\\/inaugurado-el-belen-napolitano-de-la-fundacion-caja-rural-del-sur-en-cordoba\\\/\",\"name\":\"Inaugurado el Bel\u00e9n Napolitano de la Fundaci\u00f3n Caja Rural del Sur en C\u00f3rdoba - Fundaci\u00f3n Caja Rural del Sur\",\"isPartOf\":{\"@id\":\"https:\\\/\\\/fundacioncajaruraldelsur.com\\\/#website\"},\"primaryImageOfPage\":{\"@id\":\"https:\\\/\\\/fundacioncajaruraldelsur.com\\\/inaugurado-el-belen-napolitano-de-la-fundacion-caja-rural-del-sur-en-cordoba\\\/#primaryimage\"},\"image\":{\"@id\":\"https:\\\/\\\/fundacioncajaruraldelsur.com\\\/inaugurado-el-belen-napolitano-de-la-fundacion-caja-rural-del-sur-en-cordoba\\\/#primaryimage\"},\"thumbnailUrl\":\"https:\\\/\\\/fundacioncajaruraldelsur.com\\\/wp-content\\\/uploads\\\/2021\\\/12\\\/belen-2.jpg\",\"datePublished\":\"2021-12-15T07:25:22+00:00\",\"dateModified\":\"2021-12-15T07:26:42+00:00\",\"author\":{\"@id\":\"https:\\\/\\\/fundacioncajaruraldelsur.com\\\/#\\\/schema\\\/person\\\/f430da9fb783d505ff061ad8b3d44577\"},\"breadcrumb\":{\"@id\":\"https:\\\/\\\/fundacioncajaruraldelsur.com\\\/inaugurado-el-belen-napolitano-de-la-fundacion-caja-rural-del-sur-en-cordoba\\\/#breadcrumb\"},\"inLanguage\":\"pt-PT\",\"potentialAction\":[{\"@type\":\"ReadAction\",\"target\":[\"https:\\\/\\\/fundacioncajaruraldelsur.com\\\/inaugurado-el-belen-napolitano-de-la-fundacion-caja-rural-del-sur-en-cordoba\\\/\"]}]},{\"@type\":\"ImageObject\",\"inLanguage\":\"pt-PT\",\"@id\":\"https:\\\/\\\/fundacioncajaruraldelsur.com\\\/inaugurado-el-belen-napolitano-de-la-fundacion-caja-rural-del-sur-en-cordoba\\\/#primaryimage\",\"url\":\"https:\\\/\\\/fundacioncajaruraldelsur.com\\\/wp-content\\\/uploads\\\/2021\\\/12\\\/belen-2.jpg\",\"contentUrl\":\"https:\\\/\\\/fundacioncajaruraldelsur.com\\\/wp-content\\\/uploads\\\/2021\\\/12\\\/belen-2.jpg\",\"width\":1350,\"height\":900},{\"@type\":\"BreadcrumbList\",\"@id\":\"https:\\\/\\\/fundacioncajaruraldelsur.com\\\/inaugurado-el-belen-napolitano-de-la-fundacion-caja-rural-del-sur-en-cordoba\\\/#breadcrumb\",\"itemListElement\":[{\"@type\":\"ListItem\",\"position\":1,\"name\":\"Portada\",\"item\":\"https:\\\/\\\/fundacioncajaruraldelsur.com\\\/\"},{\"@type\":\"ListItem\",\"position\":2,\"name\":\"Inaugurado el Bel\u00e9n Napolitano de la Fundaci\u00f3n Caja Rural del Sur en C\u00f3rdoba\"}]},{\"@type\":\"WebSite\",\"@id\":\"https:\\\/\\\/fundacioncajaruraldelsur.com\\\/#website\",\"url\":\"https:\\\/\\\/fundacioncajaruraldelsur.com\\\/\",\"name\":\"Fundaci\u00f3n Caja Rural del Sur\",\"description\":\"\",\"potentialAction\":[{\"@type\":\"SearchAction\",\"target\":{\"@type\":\"EntryPoint\",\"urlTemplate\":\"https:\\\/\\\/fundacioncajaruraldelsur.com\\\/?s={search_term_string}\"},\"query-input\":{\"@type\":\"PropertyValueSpecification\",\"valueRequired\":true,\"valueName\":\"search_term_string\"}}],\"inLanguage\":\"pt-PT\"},{\"@type\":\"Person\",\"@id\":\"https:\\\/\\\/fundacioncajaruraldelsur.com\\\/#\\\/schema\\\/person\\\/f430da9fb783d505ff061ad8b3d44577\",\"name\":\"Comunicaci\u00f3n\",\"image\":{\"@type\":\"ImageObject\",\"inLanguage\":\"pt-PT\",\"@id\":\"https:\\\/\\\/secure.gravatar.com\\\/avatar\\\/0dca239875993680bac4603ad2de7942da018f52cc3a244578e0b3b09314a8d8?s=96&d=blank&r=g\",\"url\":\"https:\\\/\\\/secure.gravatar.com\\\/avatar\\\/0dca239875993680bac4603ad2de7942da018f52cc3a244578e0b3b09314a8d8?s=96&d=blank&r=g\",\"contentUrl\":\"https:\\\/\\\/secure.gravatar.com\\\/avatar\\\/0dca239875993680bac4603ad2de7942da018f52cc3a244578e0b3b09314a8d8?s=96&d=blank&r=g\",\"caption\":\"Comunicaci\u00f3n\"}}]}<\/script>\n<!-- \/ Yoast SEO plugin. -->","yoast_head_json":{"title":"Inaugurado el Bel\u00e9n Napolitano de la Fundaci\u00f3n Caja Rural del Sur en C\u00f3rdoba - Fundaci\u00f3n Caja Rural del Sur","robots":{"index":"index","follow":"follow","max-snippet":"max-snippet:-1","max-image-preview":"max-image-preview:large","max-video-preview":"max-video-preview:-1"},"canonical":"https:\/\/fundacioncajaruraldelsur.com\/pt\/inaugurado-el-belen-napolitano-de-la-fundacion-caja-rural-del-sur-en-cordoba\/","og_locale":"pt_PT","og_type":"article","og_title":"Inaugurado el Bel\u00e9n Napolitano de la Fundaci\u00f3n Caja Rural del Sur en C\u00f3rdoba - Fundaci\u00f3n Caja Rural del Sur","og_description":"La Fundaci\u00f3n Caja Rural del Sur en C\u00f3rdoba ha inaugurado este lunes, 13 de diciembre de 2021, el Bel\u00e9n Napolitano, que se podr\u00e1 visitarse hasta el 5 de enero, y [&hellip;]","og_url":"https:\/\/fundacioncajaruraldelsur.com\/pt\/inaugurado-el-belen-napolitano-de-la-fundacion-caja-rural-del-sur-en-cordoba\/","og_site_name":"Fundaci\u00f3n Caja Rural del Sur","article_published_time":"2021-12-15T07:25:22+00:00","article_modified_time":"2021-12-15T07:26:42+00:00","og_image":[{"width":1350,"height":900,"url":"https:\/\/fundacioncajaruraldelsur.com\/wp-content\/uploads\/2021\/12\/belen-2.jpg","type":"image\/jpeg"}],"author":"Comunicaci\u00f3n","twitter_card":"summary_large_image","twitter_misc":{"Written by":"Comunicaci\u00f3n","Est. reading time":"1 minute"},"schema":{"@context":"https:\/\/schema.org","@graph":[{"@type":"Article","@id":"https:\/\/fundacioncajaruraldelsur.com\/inaugurado-el-belen-napolitano-de-la-fundacion-caja-rural-del-sur-en-cordoba\/#article","isPartOf":{"@id":"https:\/\/fundacioncajaruraldelsur.com\/inaugurado-el-belen-napolitano-de-la-fundacion-caja-rural-del-sur-en-cordoba\/"},"author":{"name":"Comunicaci\u00f3n","@id":"https:\/\/fundacioncajaruraldelsur.com\/#\/schema\/person\/f430da9fb783d505ff061ad8b3d44577"},"headline":"Inaugurado el Bel\u00e9n Napolitano de la Fundaci\u00f3n Caja Rural del Sur en C\u00f3rdoba","datePublished":"2021-12-15T07:25:22+00:00","dateModified":"2021-12-15T07:26:42+00:00","mainEntityOfPage":{"@id":"https:\/\/fundacioncajaruraldelsur.com\/inaugurado-el-belen-napolitano-de-la-fundacion-caja-rural-del-sur-en-cordoba\/"},"wordCount":231,"image":{"@id":"https:\/\/fundacioncajaruraldelsur.com\/inaugurado-el-belen-napolitano-de-la-fundacion-caja-rural-del-sur-en-cordoba\/#primaryimage"},"thumbnailUrl":"https:\/\/fundacioncajaruraldelsur.com\/wp-content\/uploads\/2021\/12\/belen-2.jpg","articleSection":["Actos"],"inLanguage":"pt-PT"},{"@type":"WebPage","@id":"https:\/\/fundacioncajaruraldelsur.com\/inaugurado-el-belen-napolitano-de-la-fundacion-caja-rural-del-sur-en-cordoba\/","url":"https:\/\/fundacioncajaruraldelsur.com\/inaugurado-el-belen-napolitano-de-la-fundacion-caja-rural-del-sur-en-cordoba\/","name":"Inaugurado el Bel\u00e9n Napolitano de la Fundaci\u00f3n Caja Rural del Sur en C\u00f3rdoba - Fundaci\u00f3n Caja Rural del Sur","isPartOf":{"@id":"https:\/\/fundacioncajaruraldelsur.com\/#website"},"primaryImageOfPage":{"@id":"https:\/\/fundacioncajaruraldelsur.com\/inaugurado-el-belen-napolitano-de-la-fundacion-caja-rural-del-sur-en-cordoba\/#primaryimage"},"image":{"@id":"https:\/\/fundacioncajaruraldelsur.com\/inaugurado-el-belen-napolitano-de-la-fundacion-caja-rural-del-sur-en-cordoba\/#primaryimage"},"thumbnailUrl":"https:\/\/fundacioncajaruraldelsur.com\/wp-content\/uploads\/2021\/12\/belen-2.jpg","datePublished":"2021-12-15T07:25:22+00:00","dateModified":"2021-12-15T07:26:42+00:00","author":{"@id":"https:\/\/fundacioncajaruraldelsur.com\/#\/schema\/person\/f430da9fb783d505ff061ad8b3d44577"},"breadcrumb":{"@id":"https:\/\/fundacioncajaruraldelsur.com\/inaugurado-el-belen-napolitano-de-la-fundacion-caja-rural-del-sur-en-cordoba\/#breadcrumb"},"inLanguage":"pt-PT","potentialAction":[{"@type":"ReadAction","target":["https:\/\/fundacioncajaruraldelsur.com\/inaugurado-el-belen-napolitano-de-la-fundacion-caja-rural-del-sur-en-cordoba\/"]}]},{"@type":"ImageObject","inLanguage":"pt-PT","@id":"https:\/\/fundacioncajaruraldelsur.com\/inaugurado-el-belen-napolitano-de-la-fundacion-caja-rural-del-sur-en-cordoba\/#primaryimage","url":"https:\/\/fundacioncajaruraldelsur.com\/wp-content\/uploads\/2021\/12\/belen-2.jpg","contentUrl":"https:\/\/fundacioncajaruraldelsur.com\/wp-content\/uploads\/2021\/12\/belen-2.jpg","width":1350,"height":900},{"@type":"BreadcrumbList","@id":"https:\/\/fundacioncajaruraldelsur.com\/inaugurado-el-belen-napolitano-de-la-fundacion-caja-rural-del-sur-en-cordoba\/#breadcrumb","itemListElement":[{"@type":"ListItem","position":1,"name":"Portada","item":"https:\/\/fundacioncajaruraldelsur.com\/"},{"@type":"ListItem","position":2,"name":"Inaugurado el Bel\u00e9n Napolitano de la Fundaci\u00f3n Caja Rural del Sur en C\u00f3rdoba"}]},{"@type":"WebSite","@id":"https:\/\/fundacioncajaruraldelsur.com\/#website","url":"https:\/\/fundacioncajaruraldelsur.com\/","name":"Funda\u00e7\u00e3o Caja Rural del Sur","description":"","potentialAction":[{"@type":"SearchAction","target":{"@type":"EntryPoint","urlTemplate":"https:\/\/fundacioncajaruraldelsur.com\/?s={search_term_string}"},"query-input":{"@type":"PropertyValueSpecification","valueRequired":true,"valueName":"search_term_string"}}],"inLanguage":"pt-PT"},{"@type":"Person","@id":"https:\/\/fundacioncajaruraldelsur.com\/#\/schema\/person\/f430da9fb783d505ff061ad8b3d44577","name":"Comunicaci\u00f3n","image":{"@type":"ImageObject","inLanguage":"pt-PT","@id":"https:\/\/secure.gravatar.com\/avatar\/0dca239875993680bac4603ad2de7942da018f52cc3a244578e0b3b09314a8d8?s=96&d=blank&r=g","url":"https:\/\/secure.gravatar.com\/avatar\/0dca239875993680bac4603ad2de7942da018f52cc3a244578e0b3b09314a8d8?s=96&d=blank&r=g","contentUrl":"https:\/\/secure.gravatar.com\/avatar\/0dca239875993680bac4603ad2de7942da018f52cc3a244578e0b3b09314a8d8?s=96&d=blank&r=g","caption":"Comunicaci\u00f3n"}}]}},"rttpg_featured_image_url":{"full":["https:\/\/fundacioncajaruraldelsur.com\/wp-content\/uploads\/2021\/12\/belen-2.jpg",1350,900,false],"landscape":["https:\/\/fundacioncajaruraldelsur.com\/wp-content\/uploads\/2021\/12\/belen-2.jpg",1350,900,false],"portraits":["https:\/\/fundacioncajaruraldelsur.com\/wp-content\/uploads\/2021\/12\/belen-2.jpg",1350,900,false],"thumbnail":["https:\/\/fundacioncajaruraldelsur.com\/wp-content\/uploads\/2021\/12\/belen-2-150x150.jpg",150,150,true],"medium":["https:\/\/fundacioncajaruraldelsur.com\/wp-content\/uploads\/2021\/12\/belen-2-300x200.jpg",300,200,true],"large":["https:\/\/fundacioncajaruraldelsur.com\/wp-content\/uploads\/2021\/12\/belen-2-1024x683.jpg",960,640,true],"1536x1536":["https:\/\/fundacioncajaruraldelsur.com\/wp-content\/uploads\/2021\/12\/belen-2.jpg",1350,900,false],"2048x2048":["https:\/\/fundacioncajaruraldelsur.com\/wp-content\/uploads\/2021\/12\/belen-2.jpg",1350,900,false],"trp-custom-language-flag":["https:\/\/fundacioncajaruraldelsur.com\/wp-content\/uploads\/2021\/12\/belen-2.jpg",18,12,false],"blog-thumbnail":["https:\/\/fundacioncajaruraldelsur.com\/wp-content\/uploads\/2021\/12\/belen-2-400x200.jpg",400,200,true]},"rttpg_author":{"display_name":"Comunicaci\u00f3n","author_link":"https:\/\/fundacioncajaruraldelsur.com\/pt\/author\/sevillaadmin\/"},"rttpg_comment":0,"rttpg_category":"<a href=\"https:\/\/fundacioncajaruraldelsur.com\/pt\/category\/actos\/\" rel=\"category tag\">Actos<\/a>","rttpg_excerpt":"La Fundaci\u00f3n Caja Rural del Sur en C\u00f3rdoba ha inaugurado este lunes, 13 de diciembre de 2021, el Bel\u00e9n Napolitano, que se podr\u00e1 visitarse hasta el 5 de enero, y [&hellip;]","_links":{"self":[{"href":"https:\/\/fundacioncajaruraldelsur.com\/pt\/wp-json\/wp\/v2\/posts\/6999","targetHints":{"allow":["GET"]}}],"collection":[{"href":"https:\/\/fundacioncajaruraldelsur.com\/pt\/wp-json\/wp\/v2\/posts"}],"about":[{"href":"https:\/\/fundacioncajaruraldelsur.com\/pt\/wp-json\/wp\/v2\/types\/post"}],"author":[{"embeddable":true,"href":"https:\/\/fundacioncajaruraldelsur.com\/pt\/wp-json\/wp\/v2\/users\/6"}],"replies":[{"embeddable":true,"href":"https:\/\/fundacioncajaruraldelsur.com\/pt\/wp-json\/wp\/v2\/comments?post=6999"}],"version-history":[{"count":3,"href":"https:\/\/fundacioncajaruraldelsur.com\/pt\/wp-json\/wp\/v2\/posts\/6999\/revisions"}],"predecessor-version":[{"id":7004,"href":"https:\/\/fundacioncajaruraldelsur.com\/pt\/wp-json\/wp\/v2\/posts\/6999\/revisions\/7004"}],"wp:featuredmedia":[{"embeddable":true,"href":"https:\/\/fundacioncajaruraldelsur.com\/pt\/wp-json\/wp\/v2\/media\/7002"}],"wp:attachment":[{"href":"https:\/\/fundacioncajaruraldelsur.com\/pt\/wp-json\/wp\/v2\/media?parent=6999"}],"wp:term":[{"taxonomy":"category","embeddable":true,"href":"https:\/\/fundacioncajaruraldelsur.com\/pt\/wp-json\/wp\/v2\/categories?post=6999"},{"taxonomy":"post_tag","embeddable":true,"href":"https:\/\/fundacioncajaruraldelsur.com\/pt\/wp-json\/wp\/v2\/tags?post=6999"}],"curies":[{"name":"wp","href":"https:\/\/api.w.org\/{rel}","templated":true}]}}