{"id":6898,"date":"2021-11-17T17:29:36","date_gmt":"2021-11-17T15:29:36","guid":{"rendered":"\/?p=6898"},"modified":"2021-11-17T17:31:17","modified_gmt":"2021-11-17T15:31:17","slug":"caja-rural-del-sur-asesora-a-empresas-sobre-negocio-internacional-en-la-feria-extenda-global-2021","status":"publish","type":"post","link":"https:\/\/fundacioncajaruraldelsur.com\/pt\/caja-rural-del-sur-asesora-a-empresas-sobre-negocio-internacional-en-la-feria-extenda-global-2021\/","title":{"rendered":"Caja Rural del Sur asesora a empresas sobre negocio internacional en la feria EXTENDA GLOBAL 2021"},"content":{"rendered":"<p>Caja Rural del Sur est\u00e1 presente este mi\u00e9rcoles y jueves, 17 y 18 de noviembre, en \u00abEXTENDA GLOBAL 2021-Activa tu empresa en el mundo\u00bb,\u00a0<strong>la mayor feria de negocio internacional y comercio exterior celebrada en Andaluc\u00eda, que tiene lugar en el Palacio de Congresos y Exposiciones de Sevilla, FIBES.<\/strong><\/p>\n<p>La entidad cuenta con stand corporativo en este evento en el que el equipo del \u00c1rea de Negocio Internacional atiende a las empresas que realizan consultas sobre su proceso de internacionalizaci\u00f3n y de qu\u00e9 forma le puede ayudar Caja Rural del Sur. Al frente del equipo en EXTENDA GLOBAL se encuentra Alejandro Gonz\u00e1lez, responsable de Negocio Internacional en la entidad financiera.<\/p>\n<p>O\u00a0<strong>negocio internacional en Andaluc\u00eda es cada vez m\u00e1s importante.\u00a0<\/strong>Es la segunda comunidad aut\u00f3noma en volumen de exportaci\u00f3n de Espa\u00f1a. <a href=\"https:\/\/blogcrsur.es\/2021\/02\/11\/entrevista-a-alejandro-gonzalez-tineo-responsable-de-negocio-internacional-en-caja-rural-del-sur\/\">Caja Rural del Sur asesora y apoya a los clientes internacionalizados<\/a> y a aquellas empresas y cooperativas que se inician en la aventura del comercio exterior.<\/p>\n<p>En su edici\u00f3n de 2021, Extenda Global recupera su formato presencial, tras la edici\u00f3n digital celebrada en 2020, como consecuencia de los efectos de la COVID 19. Se desarrolla entre hoy y ma\u00f1ana, 17 y 18 de noviembre, en FIBES Sevilla con la participaci\u00f3n <strong>de 1.378 profesionales y 635 empresas andaluzas<\/strong>. De car\u00e1cter exclusivamente profesional, el objetivo de este encuentro es <strong>fomentar el negocio exterior de las pymes andaluzas<\/strong>, acercando a las empresas en s\u00f3lo dos jornadas la informaci\u00f3n estrat\u00e9gica y las oportunidades de negocios que se presentan en los <strong>62 pa\u00edses en los que opera la Red Exterior de Extenda, <\/strong>cuyos responsables se reunir\u00e1n con las empresas andaluzas en una agenda <strong>con 1.471 encuentros b2b <\/strong>ya programados.<\/p>\n<p><img loading=\"lazy\" decoding=\"async\" class=\"wp-image-10661 alignleft\" src=\"https:\/\/blogcrsur.es\/wp-content\/uploads\/2021\/11\/extenda-caja-1-225x300.jpg\" alt=\"\" width=\"294\" height=\"392\" \/>El evento ha sido inaugurado hoy, 17 de noviembre, por el consejero de la Presidencia, Administraci\u00f3n P\u00fablica e Interior y presidente de Extenda, El\u00edas Bendodo; el presidente de la Confederaci\u00f3n de Empresarios de Andaluc\u00eda (CEA), Javier Gonz\u00e1lez de Lara; el vicepresidente del Consejo Andaluz de C\u00e1maras de Comercio, Industrias, Servicios y Navegaci\u00f3n, Antonio D\u00edaz C\u00f3rdoba; y por el Director Territorial de Comercio y delegado de ICEX-Espa\u00f1a Exportaci\u00f3n e Inversiones en Andaluc\u00eda, Jos\u00e9 \u00c1lvarez Calder\u00f3n. Todas, entidades que participan como colaboradoras en la organizaci\u00f3n de EXTENDA GLOBAL.<\/p>\n<p>En la edici\u00f3n de 2021, EXTENDA GLOBAL alcanza el r\u00e9cord de pa\u00edses representados a trav\u00e9s de la Red Exterior de Extenda, gracias a la incorporaci\u00f3n entre 2019 y 2021 a la misma de 12 nuevos mercados en los que presta servicios, sin que por ello se haya aumentado el n\u00famero de sedes.<\/p>\n<p>Adem\u00e1s de las reuniones de negocio, en Extenda Global las empresas tendr\u00e1n acceso a la informaci\u00f3n y el conocimiento sobre la situaci\u00f3n actual de los mercados internacionales, afectados a\u00fan por las consecuencias de la pandemia, a trav\u00e9s de las <strong>11 sesiones de conferencias<\/strong>, a las que se sumar\u00e1n m\u00faltiples <em>elevator pitch<\/em> desde el stand de Extenda.<\/p>\n<p>A su vez, las firmas tendr\u00e1n al alcance de su mano los nuevos servicios e instrumentos de apoyo a la internacionalizaci\u00f3n que ofrece Extenda a trav\u00e9s de la nueva <strong>Estrategia de Internacionalizaci\u00f3n de la Econom\u00eda Andaluza 2021-2027 (EIEA 21-27)<\/strong> aprobada recientemente por el Gobierno andaluz. Tambi\u00e9n acceder\u00e1n a los servicios de las principales entidades p\u00fablicas y privadas de apoyo a la internacionalizaci\u00f3n en Espa\u00f1a, que estar\u00e1n presentes a trav\u00e9s de su stand expositivo.-<\/p>\n<p>&nbsp;<\/p>","protected":false},"excerpt":{"rendered":"<p>Caja Rural del Sur est\u00e1 presente este mi\u00e9rcoles y jueves, 17 y 18 de noviembre, en \u00abEXTENDA GLOBAL 2021-Activa tu empresa en el mundo\u00bb,\u00a0la mayor feria de negocio internacional y [&hellip;]<\/p>\n","protected":false},"author":6,"featured_media":6900,"comment_status":"closed","ping_status":"closed","sticky":false,"template":"","format":"standard","meta":{"footnotes":""},"categories":[1],"tags":[],"class_list":["post-6898","post","type-post","status-publish","format-standard","has-post-thumbnail","hentry","category-sin-categoria"],"yoast_head":"<!-- This site is optimized with the Yoast SEO plugin v27.3 - https:\/\/yoast.com\/product\/yoast-seo-wordpress\/ -->\n<title>Caja Rural del Sur asesora a empresas sobre negocio internacional en la feria EXTENDA GLOBAL 2021 - Fundaci\u00f3n Caja Rural del Sur<\/title>\n<meta name=\"robots\" content=\"index, follow, max-snippet:-1, max-image-preview:large, max-video-preview:-1\" \/>\n<link rel=\"canonical\" href=\"https:\/\/fundacioncajaruraldelsur.com\/pt\/caja-rural-del-sur-asesora-a-empresas-sobre-negocio-internacional-en-la-feria-extenda-global-2021\/\" \/>\n<meta property=\"og:locale\" content=\"pt_PT\" \/>\n<meta property=\"og:type\" content=\"article\" \/>\n<meta property=\"og:title\" content=\"Caja Rural del Sur asesora a empresas sobre negocio internacional en la feria EXTENDA GLOBAL 2021 - Fundaci\u00f3n Caja Rural del Sur\" \/>\n<meta property=\"og:description\" content=\"Caja Rural del Sur est\u00e1 presente este mi\u00e9rcoles y jueves, 17 y 18 de noviembre, en \u00abEXTENDA GLOBAL 2021-Activa tu empresa en el mundo\u00bb,\u00a0la mayor feria de negocio internacional y [&hellip;]\" \/>\n<meta property=\"og:url\" content=\"https:\/\/fundacioncajaruraldelsur.com\/pt\/caja-rural-del-sur-asesora-a-empresas-sobre-negocio-internacional-en-la-feria-extenda-global-2021\/\" \/>\n<meta property=\"og:site_name\" content=\"Fundaci\u00f3n Caja Rural del Sur\" \/>\n<meta property=\"article:published_time\" content=\"2021-11-17T15:29:36+00:00\" \/>\n<meta property=\"article:modified_time\" content=\"2021-11-17T15:31:17+00:00\" \/>\n<meta property=\"og:image\" content=\"https:\/\/fundacioncajaruraldelsur.com\/wp-content\/uploads\/2021\/11\/caja-1.jpg\" \/>\n\t<meta property=\"og:image:width\" content=\"944\" \/>\n\t<meta property=\"og:image:height\" content=\"554\" \/>\n\t<meta property=\"og:image:type\" content=\"image\/jpeg\" \/>\n<meta name=\"author\" content=\"Comunicaci\u00f3n\" \/>\n<meta name=\"twitter:card\" content=\"summary_large_image\" \/>\n<meta name=\"twitter:label1\" content=\"Written by\" \/>\n\t<meta name=\"twitter:data1\" content=\"Comunicaci\u00f3n\" \/>\n\t<meta name=\"twitter:label2\" content=\"Est. reading time\" \/>\n\t<meta name=\"twitter:data2\" content=\"3 minutes\" \/>\n<script type=\"application\/ld+json\" class=\"yoast-schema-graph\">{\"@context\":\"https:\\\/\\\/schema.org\",\"@graph\":[{\"@type\":\"Article\",\"@id\":\"https:\\\/\\\/fundacioncajaruraldelsur.com\\\/caja-rural-del-sur-asesora-a-empresas-sobre-negocio-internacional-en-la-feria-extenda-global-2021\\\/#article\",\"isPartOf\":{\"@id\":\"https:\\\/\\\/fundacioncajaruraldelsur.com\\\/caja-rural-del-sur-asesora-a-empresas-sobre-negocio-internacional-en-la-feria-extenda-global-2021\\\/\"},\"author\":{\"name\":\"Comunicaci\u00f3n\",\"@id\":\"https:\\\/\\\/fundacioncajaruraldelsur.com\\\/#\\\/schema\\\/person\\\/f430da9fb783d505ff061ad8b3d44577\"},\"headline\":\"Caja Rural del Sur asesora a empresas sobre negocio internacional en la feria EXTENDA GLOBAL 2021\",\"datePublished\":\"2021-11-17T15:29:36+00:00\",\"dateModified\":\"2021-11-17T15:31:17+00:00\",\"mainEntityOfPage\":{\"@id\":\"https:\\\/\\\/fundacioncajaruraldelsur.com\\\/caja-rural-del-sur-asesora-a-empresas-sobre-negocio-internacional-en-la-feria-extenda-global-2021\\\/\"},\"wordCount\":603,\"image\":{\"@id\":\"https:\\\/\\\/fundacioncajaruraldelsur.com\\\/caja-rural-del-sur-asesora-a-empresas-sobre-negocio-internacional-en-la-feria-extenda-global-2021\\\/#primaryimage\"},\"thumbnailUrl\":\"https:\\\/\\\/fundacioncajaruraldelsur.com\\\/wp-content\\\/uploads\\\/2021\\\/11\\\/caja-1.jpg\",\"articleSection\":[\"Sin categor\u00eda\"],\"inLanguage\":\"pt-PT\"},{\"@type\":\"WebPage\",\"@id\":\"https:\\\/\\\/fundacioncajaruraldelsur.com\\\/caja-rural-del-sur-asesora-a-empresas-sobre-negocio-internacional-en-la-feria-extenda-global-2021\\\/\",\"url\":\"https:\\\/\\\/fundacioncajaruraldelsur.com\\\/caja-rural-del-sur-asesora-a-empresas-sobre-negocio-internacional-en-la-feria-extenda-global-2021\\\/\",\"name\":\"Caja Rural del Sur asesora a empresas sobre negocio internacional en la feria EXTENDA GLOBAL 2021 - Fundaci\u00f3n Caja Rural del Sur\",\"isPartOf\":{\"@id\":\"https:\\\/\\\/fundacioncajaruraldelsur.com\\\/#website\"},\"primaryImageOfPage\":{\"@id\":\"https:\\\/\\\/fundacioncajaruraldelsur.com\\\/caja-rural-del-sur-asesora-a-empresas-sobre-negocio-internacional-en-la-feria-extenda-global-2021\\\/#primaryimage\"},\"image\":{\"@id\":\"https:\\\/\\\/fundacioncajaruraldelsur.com\\\/caja-rural-del-sur-asesora-a-empresas-sobre-negocio-internacional-en-la-feria-extenda-global-2021\\\/#primaryimage\"},\"thumbnailUrl\":\"https:\\\/\\\/fundacioncajaruraldelsur.com\\\/wp-content\\\/uploads\\\/2021\\\/11\\\/caja-1.jpg\",\"datePublished\":\"2021-11-17T15:29:36+00:00\",\"dateModified\":\"2021-11-17T15:31:17+00:00\",\"author\":{\"@id\":\"https:\\\/\\\/fundacioncajaruraldelsur.com\\\/#\\\/schema\\\/person\\\/f430da9fb783d505ff061ad8b3d44577\"},\"breadcrumb\":{\"@id\":\"https:\\\/\\\/fundacioncajaruraldelsur.com\\\/caja-rural-del-sur-asesora-a-empresas-sobre-negocio-internacional-en-la-feria-extenda-global-2021\\\/#breadcrumb\"},\"inLanguage\":\"pt-PT\",\"potentialAction\":[{\"@type\":\"ReadAction\",\"target\":[\"https:\\\/\\\/fundacioncajaruraldelsur.com\\\/caja-rural-del-sur-asesora-a-empresas-sobre-negocio-internacional-en-la-feria-extenda-global-2021\\\/\"]}]},{\"@type\":\"ImageObject\",\"inLanguage\":\"pt-PT\",\"@id\":\"https:\\\/\\\/fundacioncajaruraldelsur.com\\\/caja-rural-del-sur-asesora-a-empresas-sobre-negocio-internacional-en-la-feria-extenda-global-2021\\\/#primaryimage\",\"url\":\"https:\\\/\\\/fundacioncajaruraldelsur.com\\\/wp-content\\\/uploads\\\/2021\\\/11\\\/caja-1.jpg\",\"contentUrl\":\"https:\\\/\\\/fundacioncajaruraldelsur.com\\\/wp-content\\\/uploads\\\/2021\\\/11\\\/caja-1.jpg\",\"width\":944,\"height\":554},{\"@type\":\"BreadcrumbList\",\"@id\":\"https:\\\/\\\/fundacioncajaruraldelsur.com\\\/caja-rural-del-sur-asesora-a-empresas-sobre-negocio-internacional-en-la-feria-extenda-global-2021\\\/#breadcrumb\",\"itemListElement\":[{\"@type\":\"ListItem\",\"position\":1,\"name\":\"Portada\",\"item\":\"https:\\\/\\\/fundacioncajaruraldelsur.com\\\/\"},{\"@type\":\"ListItem\",\"position\":2,\"name\":\"Caja Rural del Sur asesora a empresas sobre negocio internacional en la feria EXTENDA GLOBAL 2021\"}]},{\"@type\":\"WebSite\",\"@id\":\"https:\\\/\\\/fundacioncajaruraldelsur.com\\\/#website\",\"url\":\"https:\\\/\\\/fundacioncajaruraldelsur.com\\\/\",\"name\":\"Fundaci\u00f3n Caja Rural del Sur\",\"description\":\"\",\"potentialAction\":[{\"@type\":\"SearchAction\",\"target\":{\"@type\":\"EntryPoint\",\"urlTemplate\":\"https:\\\/\\\/fundacioncajaruraldelsur.com\\\/?s={search_term_string}\"},\"query-input\":{\"@type\":\"PropertyValueSpecification\",\"valueRequired\":true,\"valueName\":\"search_term_string\"}}],\"inLanguage\":\"pt-PT\"},{\"@type\":\"Person\",\"@id\":\"https:\\\/\\\/fundacioncajaruraldelsur.com\\\/#\\\/schema\\\/person\\\/f430da9fb783d505ff061ad8b3d44577\",\"name\":\"Comunicaci\u00f3n\",\"image\":{\"@type\":\"ImageObject\",\"inLanguage\":\"pt-PT\",\"@id\":\"https:\\\/\\\/secure.gravatar.com\\\/avatar\\\/0dca239875993680bac4603ad2de7942da018f52cc3a244578e0b3b09314a8d8?s=96&d=blank&r=g\",\"url\":\"https:\\\/\\\/secure.gravatar.com\\\/avatar\\\/0dca239875993680bac4603ad2de7942da018f52cc3a244578e0b3b09314a8d8?s=96&d=blank&r=g\",\"contentUrl\":\"https:\\\/\\\/secure.gravatar.com\\\/avatar\\\/0dca239875993680bac4603ad2de7942da018f52cc3a244578e0b3b09314a8d8?s=96&d=blank&r=g\",\"caption\":\"Comunicaci\u00f3n\"}}]}<\/script>\n<!-- \/ Yoast SEO plugin. -->","yoast_head_json":{"title":"Caja Rural del Sur asesora a empresas sobre negocio internacional en la feria EXTENDA GLOBAL 2021 - Fundaci\u00f3n Caja Rural del Sur","robots":{"index":"index","follow":"follow","max-snippet":"max-snippet:-1","max-image-preview":"max-image-preview:large","max-video-preview":"max-video-preview:-1"},"canonical":"https:\/\/fundacioncajaruraldelsur.com\/pt\/caja-rural-del-sur-asesora-a-empresas-sobre-negocio-internacional-en-la-feria-extenda-global-2021\/","og_locale":"pt_PT","og_type":"article","og_title":"Caja Rural del Sur asesora a empresas sobre negocio internacional en la feria EXTENDA GLOBAL 2021 - Fundaci\u00f3n Caja Rural del Sur","og_description":"Caja Rural del Sur est\u00e1 presente este mi\u00e9rcoles y jueves, 17 y 18 de noviembre, en \u00abEXTENDA GLOBAL 2021-Activa tu empresa en el mundo\u00bb,\u00a0la mayor feria de negocio internacional y [&hellip;]","og_url":"https:\/\/fundacioncajaruraldelsur.com\/pt\/caja-rural-del-sur-asesora-a-empresas-sobre-negocio-internacional-en-la-feria-extenda-global-2021\/","og_site_name":"Fundaci\u00f3n Caja Rural del Sur","article_published_time":"2021-11-17T15:29:36+00:00","article_modified_time":"2021-11-17T15:31:17+00:00","og_image":[{"width":944,"height":554,"url":"https:\/\/fundacioncajaruraldelsur.com\/wp-content\/uploads\/2021\/11\/caja-1.jpg","type":"image\/jpeg"}],"author":"Comunicaci\u00f3n","twitter_card":"summary_large_image","twitter_misc":{"Written by":"Comunicaci\u00f3n","Est. reading time":"3 minutes"},"schema":{"@context":"https:\/\/schema.org","@graph":[{"@type":"Article","@id":"https:\/\/fundacioncajaruraldelsur.com\/caja-rural-del-sur-asesora-a-empresas-sobre-negocio-internacional-en-la-feria-extenda-global-2021\/#article","isPartOf":{"@id":"https:\/\/fundacioncajaruraldelsur.com\/caja-rural-del-sur-asesora-a-empresas-sobre-negocio-internacional-en-la-feria-extenda-global-2021\/"},"author":{"name":"Comunicaci\u00f3n","@id":"https:\/\/fundacioncajaruraldelsur.com\/#\/schema\/person\/f430da9fb783d505ff061ad8b3d44577"},"headline":"Caja Rural del Sur asesora a empresas sobre negocio internacional en la feria EXTENDA GLOBAL 2021","datePublished":"2021-11-17T15:29:36+00:00","dateModified":"2021-11-17T15:31:17+00:00","mainEntityOfPage":{"@id":"https:\/\/fundacioncajaruraldelsur.com\/caja-rural-del-sur-asesora-a-empresas-sobre-negocio-internacional-en-la-feria-extenda-global-2021\/"},"wordCount":603,"image":{"@id":"https:\/\/fundacioncajaruraldelsur.com\/caja-rural-del-sur-asesora-a-empresas-sobre-negocio-internacional-en-la-feria-extenda-global-2021\/#primaryimage"},"thumbnailUrl":"https:\/\/fundacioncajaruraldelsur.com\/wp-content\/uploads\/2021\/11\/caja-1.jpg","articleSection":["Sin categor\u00eda"],"inLanguage":"pt-PT"},{"@type":"WebPage","@id":"https:\/\/fundacioncajaruraldelsur.com\/caja-rural-del-sur-asesora-a-empresas-sobre-negocio-internacional-en-la-feria-extenda-global-2021\/","url":"https:\/\/fundacioncajaruraldelsur.com\/caja-rural-del-sur-asesora-a-empresas-sobre-negocio-internacional-en-la-feria-extenda-global-2021\/","name":"Caja Rural del Sur asesora a empresas sobre negocio internacional en la feria EXTENDA GLOBAL 2021 - Fundaci\u00f3n Caja Rural del Sur","isPartOf":{"@id":"https:\/\/fundacioncajaruraldelsur.com\/#website"},"primaryImageOfPage":{"@id":"https:\/\/fundacioncajaruraldelsur.com\/caja-rural-del-sur-asesora-a-empresas-sobre-negocio-internacional-en-la-feria-extenda-global-2021\/#primaryimage"},"image":{"@id":"https:\/\/fundacioncajaruraldelsur.com\/caja-rural-del-sur-asesora-a-empresas-sobre-negocio-internacional-en-la-feria-extenda-global-2021\/#primaryimage"},"thumbnailUrl":"https:\/\/fundacioncajaruraldelsur.com\/wp-content\/uploads\/2021\/11\/caja-1.jpg","datePublished":"2021-11-17T15:29:36+00:00","dateModified":"2021-11-17T15:31:17+00:00","author":{"@id":"https:\/\/fundacioncajaruraldelsur.com\/#\/schema\/person\/f430da9fb783d505ff061ad8b3d44577"},"breadcrumb":{"@id":"https:\/\/fundacioncajaruraldelsur.com\/caja-rural-del-sur-asesora-a-empresas-sobre-negocio-internacional-en-la-feria-extenda-global-2021\/#breadcrumb"},"inLanguage":"pt-PT","potentialAction":[{"@type":"ReadAction","target":["https:\/\/fundacioncajaruraldelsur.com\/caja-rural-del-sur-asesora-a-empresas-sobre-negocio-internacional-en-la-feria-extenda-global-2021\/"]}]},{"@type":"ImageObject","inLanguage":"pt-PT","@id":"https:\/\/fundacioncajaruraldelsur.com\/caja-rural-del-sur-asesora-a-empresas-sobre-negocio-internacional-en-la-feria-extenda-global-2021\/#primaryimage","url":"https:\/\/fundacioncajaruraldelsur.com\/wp-content\/uploads\/2021\/11\/caja-1.jpg","contentUrl":"https:\/\/fundacioncajaruraldelsur.com\/wp-content\/uploads\/2021\/11\/caja-1.jpg","width":944,"height":554},{"@type":"BreadcrumbList","@id":"https:\/\/fundacioncajaruraldelsur.com\/caja-rural-del-sur-asesora-a-empresas-sobre-negocio-internacional-en-la-feria-extenda-global-2021\/#breadcrumb","itemListElement":[{"@type":"ListItem","position":1,"name":"Portada","item":"https:\/\/fundacioncajaruraldelsur.com\/"},{"@type":"ListItem","position":2,"name":"Caja Rural del Sur asesora a empresas sobre negocio internacional en la feria EXTENDA GLOBAL 2021"}]},{"@type":"WebSite","@id":"https:\/\/fundacioncajaruraldelsur.com\/#website","url":"https:\/\/fundacioncajaruraldelsur.com\/","name":"Funda\u00e7\u00e3o Caja Rural del Sur","description":"","potentialAction":[{"@type":"SearchAction","target":{"@type":"EntryPoint","urlTemplate":"https:\/\/fundacioncajaruraldelsur.com\/?s={search_term_string}"},"query-input":{"@type":"PropertyValueSpecification","valueRequired":true,"valueName":"search_term_string"}}],"inLanguage":"pt-PT"},{"@type":"Person","@id":"https:\/\/fundacioncajaruraldelsur.com\/#\/schema\/person\/f430da9fb783d505ff061ad8b3d44577","name":"Comunicaci\u00f3n","image":{"@type":"ImageObject","inLanguage":"pt-PT","@id":"https:\/\/secure.gravatar.com\/avatar\/0dca239875993680bac4603ad2de7942da018f52cc3a244578e0b3b09314a8d8?s=96&d=blank&r=g","url":"https:\/\/secure.gravatar.com\/avatar\/0dca239875993680bac4603ad2de7942da018f52cc3a244578e0b3b09314a8d8?s=96&d=blank&r=g","contentUrl":"https:\/\/secure.gravatar.com\/avatar\/0dca239875993680bac4603ad2de7942da018f52cc3a244578e0b3b09314a8d8?s=96&d=blank&r=g","caption":"Comunicaci\u00f3n"}}]}},"rttpg_featured_image_url":{"full":["https:\/\/fundacioncajaruraldelsur.com\/wp-content\/uploads\/2021\/11\/caja-1.jpg",944,554,false],"landscape":["https:\/\/fundacioncajaruraldelsur.com\/wp-content\/uploads\/2021\/11\/caja-1.jpg",944,554,false],"portraits":["https:\/\/fundacioncajaruraldelsur.com\/wp-content\/uploads\/2021\/11\/caja-1.jpg",944,554,false],"thumbnail":["https:\/\/fundacioncajaruraldelsur.com\/wp-content\/uploads\/2021\/11\/caja-1-150x150.jpg",150,150,true],"medium":["https:\/\/fundacioncajaruraldelsur.com\/wp-content\/uploads\/2021\/11\/caja-1-300x176.jpg",300,176,true],"large":["https:\/\/fundacioncajaruraldelsur.com\/wp-content\/uploads\/2021\/11\/caja-1.jpg",944,554,false],"1536x1536":["https:\/\/fundacioncajaruraldelsur.com\/wp-content\/uploads\/2021\/11\/caja-1.jpg",944,554,false],"2048x2048":["https:\/\/fundacioncajaruraldelsur.com\/wp-content\/uploads\/2021\/11\/caja-1.jpg",944,554,false],"trp-custom-language-flag":["https:\/\/fundacioncajaruraldelsur.com\/wp-content\/uploads\/2021\/11\/caja-1.jpg",18,12,false],"blog-thumbnail":["https:\/\/fundacioncajaruraldelsur.com\/wp-content\/uploads\/2021\/11\/caja-1-400x200.jpg",400,200,true]},"rttpg_author":{"display_name":"Comunicaci\u00f3n","author_link":"https:\/\/fundacioncajaruraldelsur.com\/pt\/author\/sevillaadmin\/"},"rttpg_comment":0,"rttpg_category":"<a href=\"https:\/\/fundacioncajaruraldelsur.com\/pt\/category\/sin-categoria\/\" rel=\"category tag\">Sin categor\u00eda<\/a>","rttpg_excerpt":"Caja Rural del Sur est\u00e1 presente este mi\u00e9rcoles y jueves, 17 y 18 de noviembre, en \u00abEXTENDA GLOBAL 2021-Activa tu empresa en el mundo\u00bb,\u00a0la mayor feria de negocio internacional y [&hellip;]","_links":{"self":[{"href":"https:\/\/fundacioncajaruraldelsur.com\/pt\/wp-json\/wp\/v2\/posts\/6898","targetHints":{"allow":["GET"]}}],"collection":[{"href":"https:\/\/fundacioncajaruraldelsur.com\/pt\/wp-json\/wp\/v2\/posts"}],"about":[{"href":"https:\/\/fundacioncajaruraldelsur.com\/pt\/wp-json\/wp\/v2\/types\/post"}],"author":[{"embeddable":true,"href":"https:\/\/fundacioncajaruraldelsur.com\/pt\/wp-json\/wp\/v2\/users\/6"}],"replies":[{"embeddable":true,"href":"https:\/\/fundacioncajaruraldelsur.com\/pt\/wp-json\/wp\/v2\/comments?post=6898"}],"version-history":[{"count":3,"href":"https:\/\/fundacioncajaruraldelsur.com\/pt\/wp-json\/wp\/v2\/posts\/6898\/revisions"}],"predecessor-version":[{"id":6902,"href":"https:\/\/fundacioncajaruraldelsur.com\/pt\/wp-json\/wp\/v2\/posts\/6898\/revisions\/6902"}],"wp:featuredmedia":[{"embeddable":true,"href":"https:\/\/fundacioncajaruraldelsur.com\/pt\/wp-json\/wp\/v2\/media\/6900"}],"wp:attachment":[{"href":"https:\/\/fundacioncajaruraldelsur.com\/pt\/wp-json\/wp\/v2\/media?parent=6898"}],"wp:term":[{"taxonomy":"category","embeddable":true,"href":"https:\/\/fundacioncajaruraldelsur.com\/pt\/wp-json\/wp\/v2\/categories?post=6898"},{"taxonomy":"post_tag","embeddable":true,"href":"https:\/\/fundacioncajaruraldelsur.com\/pt\/wp-json\/wp\/v2\/tags?post=6898"}],"curies":[{"name":"wp","href":"https:\/\/api.w.org\/{rel}","templated":true}]}}