{"id":6894,"date":"2021-11-17T01:49:37","date_gmt":"2021-11-16T23:49:37","guid":{"rendered":"\/?p=6894"},"modified":"2021-11-17T01:49:37","modified_gmt":"2021-11-16T23:49:37","slug":"inauguracion-oficial-de-sicab-2021-con-la-presencia-y-respaldo-de-caja-rural-del-sur","status":"publish","type":"post","link":"https:\/\/fundacioncajaruraldelsur.com\/pt\/inauguracion-oficial-de-sicab-2021-con-la-presencia-y-respaldo-de-caja-rural-del-sur\/","title":{"rendered":"Inauguraci\u00f3n oficial de SICAB 2021 con la presencia y respaldo de Caja Rural del Sur"},"content":{"rendered":"<p>El presidente de Caja Rural del Sur y su Fundaci\u00f3n, Jos\u00e9 Luis Garc\u00eda-Palacios, ha participado en el acto oficial de inauguraci\u00f3n de SICAB 2021, que, como es tradicional, arrancaba en la noche del martes, 16 de noviembre, rodeado de autoridades, que dieron oficialidad a este acto de apertura.<\/p>\n<p>Representantes pol\u00edticos y militares acudieron a la jornada de arranque del Sal\u00f3n Internacional del Caballo de Pura Raza Espa\u00f1ola (PRE), que cumple su 30 aniversario durante estos d\u00edas. En la foto oficial de apertura de SICAB 2021 participaban, Gonzalo Ortega Llano, Gerente de Instalaciones H\u00edpicas El Molino; Jos\u00e9 Luis Garc\u00eda-Palacios, Presidente de la Fundaci\u00f3n Caja Rural del Sur; Sonia Gay\u00e1, Teniente de Alcalde Delegada del \u00c1rea de Hacienda y Administraci\u00f3n P\u00fablica; Jos\u00e9 Juan Morales Fern\u00e1ndez, Presidente de ANCCE; Juan Mar\u00edn Lozano, Vicepresidente de la Junta de Andaluc\u00eda y Consejero de Turismo y Deporte; Juan Ram\u00f3n P\u00e9rez Sancho, CEO Grupo Eulen y Juan Carlos Cabrera Valera, Delegado del \u00c1rea de Fiestas Mayores del Ayto. de Sevilla.<\/p>\n<p>SICAB 2021 se celebra con el apoyo un a\u00f1o m\u00e1s de Caja Rural del Sur. El recinto de Fibes alberg\u00f3 la llegada de las autoridades por la tarde, minutos antes del comienzo del espect\u00e1culo inaugural, que arranc\u00f3 con los himnos de Espa\u00f1a y Andaluc\u00eda y el Escuadr\u00f3n de Caballer\u00eda de la Polic\u00eda Nacional sobre la pista, antes de los siete n\u00fameros de los que const\u00f3 la velada.<\/p>\n<p><a href=\"\/wp-content\/uploads\/2021\/11\/unnamed-1-1.jpg\" rel=\"lightbox-0\"><img loading=\"lazy\" decoding=\"async\" class=\"wp-image-6895  aligncenter\" src=\"\/wp-content\/uploads\/2021\/11\/unnamed-1-1.jpg\" alt=\"\" width=\"784\" height=\"483\" srcset=\"https:\/\/fundacioncajaruraldelsur.com\/wp-content\/uploads\/2021\/11\/unnamed-1-1.jpg 550w, https:\/\/fundacioncajaruraldelsur.com\/wp-content\/uploads\/2021\/11\/unnamed-1-1-300x185.jpg 300w\" sizes=\"auto, (max-width: 784px) 100vw, 784px\" \/><\/a><\/p>\n<p>&nbsp;<\/p>\n<p>El primero de ellos, protagonizado por Sebasti\u00e1n Fern\u00e1ndez y su hijo, fue Fantas\u00eda a la garrocha. Tras ellos, uno de los platos fuertes: el ilusionista de caballos Santi Serra y su Brisa ecuestre. La Real Escuela Andaluza del Arte Ecuestre y una parte de su ya m\u00edtico n\u00famero C\u00f3mo bailan los caballos andaluces apareci\u00f3 en tercer lugar: Son y ritmo. En cuarto orden salieron los enganches de competici\u00f3n en un duelo de cocheros. El franc\u00e9s Cl\u00e9ment Ferron con el Volteo cosaco, Rafael Arcos y su Desaf\u00edo a la vaquera fueron preludio del cierre, tambi\u00e9n protagonizado por Santi Serra, que estuvo Volando libre con sus animales.<\/p>\n<p>La primera jornada del SICAB sirvi\u00f3 adem\u00e1s para que el sector ecuestre se reencontrarse con s\u00ed mismo en todo su esplendor. Ganaderos, criadores, jinetes o aficionados se dieron cita en torno a las cuatro pistas, que funcionaron desde primera hora con la competici\u00f3n del Campeonato del Mundo y la Final de la Copa ANCCE de Doma Cl\u00e1sico y Salto. Deporte y econom\u00eda fueron de la mano un SICAB m\u00e1s en los pabellones de Fibes, por los que volvi\u00f3 a pasear el p\u00fablico entre los diversos stands. Desde productos especializados en el mundo caballar hasta tiendas de moda comparten espacio durante esta semana.<\/p>","protected":false},"excerpt":{"rendered":"<p>El presidente de Caja Rural del Sur y su Fundaci\u00f3n, Jos\u00e9 Luis Garc\u00eda-Palacios, ha participado en el acto oficial de inauguraci\u00f3n de SICAB 2021, que, como es tradicional, arrancaba en [&hellip;]<\/p>\n","protected":false},"author":6,"featured_media":6896,"comment_status":"closed","ping_status":"closed","sticky":false,"template":"","format":"standard","meta":{"footnotes":""},"categories":[66],"tags":[],"class_list":["post-6894","post","type-post","status-publish","format-standard","has-post-thumbnail","hentry","category-actos"],"yoast_head":"<!-- This site is optimized with the Yoast SEO plugin v27.3 - https:\/\/yoast.com\/product\/yoast-seo-wordpress\/ -->\n<title>Inauguraci\u00f3n oficial de SICAB 2021 con la presencia y respaldo de Caja Rural del Sur - Fundaci\u00f3n Caja Rural del Sur<\/title>\n<meta name=\"robots\" content=\"index, follow, max-snippet:-1, max-image-preview:large, max-video-preview:-1\" \/>\n<link rel=\"canonical\" href=\"https:\/\/fundacioncajaruraldelsur.com\/pt\/inauguracion-oficial-de-sicab-2021-con-la-presencia-y-respaldo-de-caja-rural-del-sur\/\" \/>\n<meta property=\"og:locale\" content=\"pt_PT\" \/>\n<meta property=\"og:type\" content=\"article\" \/>\n<meta property=\"og:title\" content=\"Inauguraci\u00f3n oficial de SICAB 2021 con la presencia y respaldo de Caja Rural del Sur - Fundaci\u00f3n Caja Rural del Sur\" \/>\n<meta property=\"og:description\" content=\"El presidente de Caja Rural del Sur y su Fundaci\u00f3n, Jos\u00e9 Luis Garc\u00eda-Palacios, ha participado en el acto oficial de inauguraci\u00f3n de SICAB 2021, que, como es tradicional, arrancaba en [&hellip;]\" \/>\n<meta property=\"og:url\" content=\"https:\/\/fundacioncajaruraldelsur.com\/pt\/inauguracion-oficial-de-sicab-2021-con-la-presencia-y-respaldo-de-caja-rural-del-sur\/\" \/>\n<meta property=\"og:site_name\" content=\"Fundaci\u00f3n Caja Rural del Sur\" \/>\n<meta property=\"article:published_time\" content=\"2021-11-16T23:49:37+00:00\" \/>\n<meta property=\"og:image\" content=\"https:\/\/fundacioncajaruraldelsur.com\/wp-content\/uploads\/2021\/11\/unnamed-3.jpg\" \/>\n\t<meta property=\"og:image:width\" content=\"550\" \/>\n\t<meta property=\"og:image:height\" content=\"313\" \/>\n\t<meta property=\"og:image:type\" content=\"image\/jpeg\" \/>\n<meta name=\"author\" content=\"Comunicaci\u00f3n\" \/>\n<meta name=\"twitter:card\" content=\"summary_large_image\" \/>\n<meta name=\"twitter:label1\" content=\"Written by\" \/>\n\t<meta name=\"twitter:data1\" content=\"Comunicaci\u00f3n\" \/>\n\t<meta name=\"twitter:label2\" content=\"Est. reading time\" \/>\n\t<meta name=\"twitter:data2\" content=\"2 minutes\" \/>\n<script type=\"application\/ld+json\" class=\"yoast-schema-graph\">{\"@context\":\"https:\\\/\\\/schema.org\",\"@graph\":[{\"@type\":\"Article\",\"@id\":\"https:\\\/\\\/fundacioncajaruraldelsur.com\\\/inauguracion-oficial-de-sicab-2021-con-la-presencia-y-respaldo-de-caja-rural-del-sur\\\/#article\",\"isPartOf\":{\"@id\":\"https:\\\/\\\/fundacioncajaruraldelsur.com\\\/inauguracion-oficial-de-sicab-2021-con-la-presencia-y-respaldo-de-caja-rural-del-sur\\\/\"},\"author\":{\"name\":\"Comunicaci\u00f3n\",\"@id\":\"https:\\\/\\\/fundacioncajaruraldelsur.com\\\/#\\\/schema\\\/person\\\/f430da9fb783d505ff061ad8b3d44577\"},\"headline\":\"Inauguraci\u00f3n oficial de SICAB 2021 con la presencia y respaldo de Caja Rural del Sur\",\"datePublished\":\"2021-11-16T23:49:37+00:00\",\"mainEntityOfPage\":{\"@id\":\"https:\\\/\\\/fundacioncajaruraldelsur.com\\\/inauguracion-oficial-de-sicab-2021-con-la-presencia-y-respaldo-de-caja-rural-del-sur\\\/\"},\"wordCount\":491,\"image\":{\"@id\":\"https:\\\/\\\/fundacioncajaruraldelsur.com\\\/inauguracion-oficial-de-sicab-2021-con-la-presencia-y-respaldo-de-caja-rural-del-sur\\\/#primaryimage\"},\"thumbnailUrl\":\"https:\\\/\\\/fundacioncajaruraldelsur.com\\\/wp-content\\\/uploads\\\/2021\\\/11\\\/unnamed-3.jpg\",\"articleSection\":[\"Actos\"],\"inLanguage\":\"pt-PT\"},{\"@type\":\"WebPage\",\"@id\":\"https:\\\/\\\/fundacioncajaruraldelsur.com\\\/inauguracion-oficial-de-sicab-2021-con-la-presencia-y-respaldo-de-caja-rural-del-sur\\\/\",\"url\":\"https:\\\/\\\/fundacioncajaruraldelsur.com\\\/inauguracion-oficial-de-sicab-2021-con-la-presencia-y-respaldo-de-caja-rural-del-sur\\\/\",\"name\":\"Inauguraci\u00f3n oficial de SICAB 2021 con la presencia y respaldo de Caja Rural del Sur - Fundaci\u00f3n Caja Rural del Sur\",\"isPartOf\":{\"@id\":\"https:\\\/\\\/fundacioncajaruraldelsur.com\\\/#website\"},\"primaryImageOfPage\":{\"@id\":\"https:\\\/\\\/fundacioncajaruraldelsur.com\\\/inauguracion-oficial-de-sicab-2021-con-la-presencia-y-respaldo-de-caja-rural-del-sur\\\/#primaryimage\"},\"image\":{\"@id\":\"https:\\\/\\\/fundacioncajaruraldelsur.com\\\/inauguracion-oficial-de-sicab-2021-con-la-presencia-y-respaldo-de-caja-rural-del-sur\\\/#primaryimage\"},\"thumbnailUrl\":\"https:\\\/\\\/fundacioncajaruraldelsur.com\\\/wp-content\\\/uploads\\\/2021\\\/11\\\/unnamed-3.jpg\",\"datePublished\":\"2021-11-16T23:49:37+00:00\",\"author\":{\"@id\":\"https:\\\/\\\/fundacioncajaruraldelsur.com\\\/#\\\/schema\\\/person\\\/f430da9fb783d505ff061ad8b3d44577\"},\"breadcrumb\":{\"@id\":\"https:\\\/\\\/fundacioncajaruraldelsur.com\\\/inauguracion-oficial-de-sicab-2021-con-la-presencia-y-respaldo-de-caja-rural-del-sur\\\/#breadcrumb\"},\"inLanguage\":\"pt-PT\",\"potentialAction\":[{\"@type\":\"ReadAction\",\"target\":[\"https:\\\/\\\/fundacioncajaruraldelsur.com\\\/inauguracion-oficial-de-sicab-2021-con-la-presencia-y-respaldo-de-caja-rural-del-sur\\\/\"]}]},{\"@type\":\"ImageObject\",\"inLanguage\":\"pt-PT\",\"@id\":\"https:\\\/\\\/fundacioncajaruraldelsur.com\\\/inauguracion-oficial-de-sicab-2021-con-la-presencia-y-respaldo-de-caja-rural-del-sur\\\/#primaryimage\",\"url\":\"https:\\\/\\\/fundacioncajaruraldelsur.com\\\/wp-content\\\/uploads\\\/2021\\\/11\\\/unnamed-3.jpg\",\"contentUrl\":\"https:\\\/\\\/fundacioncajaruraldelsur.com\\\/wp-content\\\/uploads\\\/2021\\\/11\\\/unnamed-3.jpg\",\"width\":550,\"height\":313},{\"@type\":\"BreadcrumbList\",\"@id\":\"https:\\\/\\\/fundacioncajaruraldelsur.com\\\/inauguracion-oficial-de-sicab-2021-con-la-presencia-y-respaldo-de-caja-rural-del-sur\\\/#breadcrumb\",\"itemListElement\":[{\"@type\":\"ListItem\",\"position\":1,\"name\":\"Portada\",\"item\":\"https:\\\/\\\/fundacioncajaruraldelsur.com\\\/\"},{\"@type\":\"ListItem\",\"position\":2,\"name\":\"Inauguraci\u00f3n oficial de SICAB 2021 con la presencia y respaldo de Caja Rural del Sur\"}]},{\"@type\":\"WebSite\",\"@id\":\"https:\\\/\\\/fundacioncajaruraldelsur.com\\\/#website\",\"url\":\"https:\\\/\\\/fundacioncajaruraldelsur.com\\\/\",\"name\":\"Fundaci\u00f3n Caja Rural del Sur\",\"description\":\"\",\"potentialAction\":[{\"@type\":\"SearchAction\",\"target\":{\"@type\":\"EntryPoint\",\"urlTemplate\":\"https:\\\/\\\/fundacioncajaruraldelsur.com\\\/?s={search_term_string}\"},\"query-input\":{\"@type\":\"PropertyValueSpecification\",\"valueRequired\":true,\"valueName\":\"search_term_string\"}}],\"inLanguage\":\"pt-PT\"},{\"@type\":\"Person\",\"@id\":\"https:\\\/\\\/fundacioncajaruraldelsur.com\\\/#\\\/schema\\\/person\\\/f430da9fb783d505ff061ad8b3d44577\",\"name\":\"Comunicaci\u00f3n\",\"image\":{\"@type\":\"ImageObject\",\"inLanguage\":\"pt-PT\",\"@id\":\"https:\\\/\\\/secure.gravatar.com\\\/avatar\\\/0dca239875993680bac4603ad2de7942da018f52cc3a244578e0b3b09314a8d8?s=96&d=blank&r=g\",\"url\":\"https:\\\/\\\/secure.gravatar.com\\\/avatar\\\/0dca239875993680bac4603ad2de7942da018f52cc3a244578e0b3b09314a8d8?s=96&d=blank&r=g\",\"contentUrl\":\"https:\\\/\\\/secure.gravatar.com\\\/avatar\\\/0dca239875993680bac4603ad2de7942da018f52cc3a244578e0b3b09314a8d8?s=96&d=blank&r=g\",\"caption\":\"Comunicaci\u00f3n\"}}]}<\/script>\n<!-- \/ Yoast SEO plugin. -->","yoast_head_json":{"title":"Inauguraci\u00f3n oficial de SICAB 2021 con la presencia y respaldo de Caja Rural del Sur - Fundaci\u00f3n Caja Rural del Sur","robots":{"index":"index","follow":"follow","max-snippet":"max-snippet:-1","max-image-preview":"max-image-preview:large","max-video-preview":"max-video-preview:-1"},"canonical":"https:\/\/fundacioncajaruraldelsur.com\/pt\/inauguracion-oficial-de-sicab-2021-con-la-presencia-y-respaldo-de-caja-rural-del-sur\/","og_locale":"pt_PT","og_type":"article","og_title":"Inauguraci\u00f3n oficial de SICAB 2021 con la presencia y respaldo de Caja Rural del Sur - Fundaci\u00f3n Caja Rural del Sur","og_description":"El presidente de Caja Rural del Sur y su Fundaci\u00f3n, Jos\u00e9 Luis Garc\u00eda-Palacios, ha participado en el acto oficial de inauguraci\u00f3n de SICAB 2021, que, como es tradicional, arrancaba en [&hellip;]","og_url":"https:\/\/fundacioncajaruraldelsur.com\/pt\/inauguracion-oficial-de-sicab-2021-con-la-presencia-y-respaldo-de-caja-rural-del-sur\/","og_site_name":"Fundaci\u00f3n Caja Rural del Sur","article_published_time":"2021-11-16T23:49:37+00:00","og_image":[{"width":550,"height":313,"url":"https:\/\/fundacioncajaruraldelsur.com\/wp-content\/uploads\/2021\/11\/unnamed-3.jpg","type":"image\/jpeg"}],"author":"Comunicaci\u00f3n","twitter_card":"summary_large_image","twitter_misc":{"Written by":"Comunicaci\u00f3n","Est. reading time":"2 minutes"},"schema":{"@context":"https:\/\/schema.org","@graph":[{"@type":"Article","@id":"https:\/\/fundacioncajaruraldelsur.com\/inauguracion-oficial-de-sicab-2021-con-la-presencia-y-respaldo-de-caja-rural-del-sur\/#article","isPartOf":{"@id":"https:\/\/fundacioncajaruraldelsur.com\/inauguracion-oficial-de-sicab-2021-con-la-presencia-y-respaldo-de-caja-rural-del-sur\/"},"author":{"name":"Comunicaci\u00f3n","@id":"https:\/\/fundacioncajaruraldelsur.com\/#\/schema\/person\/f430da9fb783d505ff061ad8b3d44577"},"headline":"Inauguraci\u00f3n oficial de SICAB 2021 con la presencia y respaldo de Caja Rural del Sur","datePublished":"2021-11-16T23:49:37+00:00","mainEntityOfPage":{"@id":"https:\/\/fundacioncajaruraldelsur.com\/inauguracion-oficial-de-sicab-2021-con-la-presencia-y-respaldo-de-caja-rural-del-sur\/"},"wordCount":491,"image":{"@id":"https:\/\/fundacioncajaruraldelsur.com\/inauguracion-oficial-de-sicab-2021-con-la-presencia-y-respaldo-de-caja-rural-del-sur\/#primaryimage"},"thumbnailUrl":"https:\/\/fundacioncajaruraldelsur.com\/wp-content\/uploads\/2021\/11\/unnamed-3.jpg","articleSection":["Actos"],"inLanguage":"pt-PT"},{"@type":"WebPage","@id":"https:\/\/fundacioncajaruraldelsur.com\/inauguracion-oficial-de-sicab-2021-con-la-presencia-y-respaldo-de-caja-rural-del-sur\/","url":"https:\/\/fundacioncajaruraldelsur.com\/inauguracion-oficial-de-sicab-2021-con-la-presencia-y-respaldo-de-caja-rural-del-sur\/","name":"Inauguraci\u00f3n oficial de SICAB 2021 con la presencia y respaldo de Caja Rural del Sur - Fundaci\u00f3n Caja Rural del Sur","isPartOf":{"@id":"https:\/\/fundacioncajaruraldelsur.com\/#website"},"primaryImageOfPage":{"@id":"https:\/\/fundacioncajaruraldelsur.com\/inauguracion-oficial-de-sicab-2021-con-la-presencia-y-respaldo-de-caja-rural-del-sur\/#primaryimage"},"image":{"@id":"https:\/\/fundacioncajaruraldelsur.com\/inauguracion-oficial-de-sicab-2021-con-la-presencia-y-respaldo-de-caja-rural-del-sur\/#primaryimage"},"thumbnailUrl":"https:\/\/fundacioncajaruraldelsur.com\/wp-content\/uploads\/2021\/11\/unnamed-3.jpg","datePublished":"2021-11-16T23:49:37+00:00","author":{"@id":"https:\/\/fundacioncajaruraldelsur.com\/#\/schema\/person\/f430da9fb783d505ff061ad8b3d44577"},"breadcrumb":{"@id":"https:\/\/fundacioncajaruraldelsur.com\/inauguracion-oficial-de-sicab-2021-con-la-presencia-y-respaldo-de-caja-rural-del-sur\/#breadcrumb"},"inLanguage":"pt-PT","potentialAction":[{"@type":"ReadAction","target":["https:\/\/fundacioncajaruraldelsur.com\/inauguracion-oficial-de-sicab-2021-con-la-presencia-y-respaldo-de-caja-rural-del-sur\/"]}]},{"@type":"ImageObject","inLanguage":"pt-PT","@id":"https:\/\/fundacioncajaruraldelsur.com\/inauguracion-oficial-de-sicab-2021-con-la-presencia-y-respaldo-de-caja-rural-del-sur\/#primaryimage","url":"https:\/\/fundacioncajaruraldelsur.com\/wp-content\/uploads\/2021\/11\/unnamed-3.jpg","contentUrl":"https:\/\/fundacioncajaruraldelsur.com\/wp-content\/uploads\/2021\/11\/unnamed-3.jpg","width":550,"height":313},{"@type":"BreadcrumbList","@id":"https:\/\/fundacioncajaruraldelsur.com\/inauguracion-oficial-de-sicab-2021-con-la-presencia-y-respaldo-de-caja-rural-del-sur\/#breadcrumb","itemListElement":[{"@type":"ListItem","position":1,"name":"Portada","item":"https:\/\/fundacioncajaruraldelsur.com\/"},{"@type":"ListItem","position":2,"name":"Inauguraci\u00f3n oficial de SICAB 2021 con la presencia y respaldo de Caja Rural del Sur"}]},{"@type":"WebSite","@id":"https:\/\/fundacioncajaruraldelsur.com\/#website","url":"https:\/\/fundacioncajaruraldelsur.com\/","name":"Funda\u00e7\u00e3o Caja Rural del Sur","description":"","potentialAction":[{"@type":"SearchAction","target":{"@type":"EntryPoint","urlTemplate":"https:\/\/fundacioncajaruraldelsur.com\/?s={search_term_string}"},"query-input":{"@type":"PropertyValueSpecification","valueRequired":true,"valueName":"search_term_string"}}],"inLanguage":"pt-PT"},{"@type":"Person","@id":"https:\/\/fundacioncajaruraldelsur.com\/#\/schema\/person\/f430da9fb783d505ff061ad8b3d44577","name":"Comunicaci\u00f3n","image":{"@type":"ImageObject","inLanguage":"pt-PT","@id":"https:\/\/secure.gravatar.com\/avatar\/0dca239875993680bac4603ad2de7942da018f52cc3a244578e0b3b09314a8d8?s=96&d=blank&r=g","url":"https:\/\/secure.gravatar.com\/avatar\/0dca239875993680bac4603ad2de7942da018f52cc3a244578e0b3b09314a8d8?s=96&d=blank&r=g","contentUrl":"https:\/\/secure.gravatar.com\/avatar\/0dca239875993680bac4603ad2de7942da018f52cc3a244578e0b3b09314a8d8?s=96&d=blank&r=g","caption":"Comunicaci\u00f3n"}}]}},"rttpg_featured_image_url":{"full":["https:\/\/fundacioncajaruraldelsur.com\/wp-content\/uploads\/2021\/11\/unnamed-3.jpg",550,313,false],"landscape":["https:\/\/fundacioncajaruraldelsur.com\/wp-content\/uploads\/2021\/11\/unnamed-3.jpg",550,313,false],"portraits":["https:\/\/fundacioncajaruraldelsur.com\/wp-content\/uploads\/2021\/11\/unnamed-3.jpg",550,313,false],"thumbnail":["https:\/\/fundacioncajaruraldelsur.com\/wp-content\/uploads\/2021\/11\/unnamed-3-150x150.jpg",150,150,true],"medium":["https:\/\/fundacioncajaruraldelsur.com\/wp-content\/uploads\/2021\/11\/unnamed-3-300x171.jpg",300,171,true],"large":["https:\/\/fundacioncajaruraldelsur.com\/wp-content\/uploads\/2021\/11\/unnamed-3.jpg",550,313,false],"1536x1536":["https:\/\/fundacioncajaruraldelsur.com\/wp-content\/uploads\/2021\/11\/unnamed-3.jpg",550,313,false],"2048x2048":["https:\/\/fundacioncajaruraldelsur.com\/wp-content\/uploads\/2021\/11\/unnamed-3.jpg",550,313,false],"trp-custom-language-flag":["https:\/\/fundacioncajaruraldelsur.com\/wp-content\/uploads\/2021\/11\/unnamed-3.jpg",18,10,false],"blog-thumbnail":["https:\/\/fundacioncajaruraldelsur.com\/wp-content\/uploads\/2021\/11\/unnamed-3-400x200.jpg",400,200,true]},"rttpg_author":{"display_name":"Comunicaci\u00f3n","author_link":"https:\/\/fundacioncajaruraldelsur.com\/pt\/author\/sevillaadmin\/"},"rttpg_comment":0,"rttpg_category":"<a href=\"https:\/\/fundacioncajaruraldelsur.com\/pt\/category\/actos\/\" rel=\"category tag\">Actos<\/a>","rttpg_excerpt":"El presidente de Caja Rural del Sur y su Fundaci\u00f3n, Jos\u00e9 Luis Garc\u00eda-Palacios, ha participado en el acto oficial de inauguraci\u00f3n de SICAB 2021, que, como es tradicional, arrancaba en [&hellip;]","_links":{"self":[{"href":"https:\/\/fundacioncajaruraldelsur.com\/pt\/wp-json\/wp\/v2\/posts\/6894","targetHints":{"allow":["GET"]}}],"collection":[{"href":"https:\/\/fundacioncajaruraldelsur.com\/pt\/wp-json\/wp\/v2\/posts"}],"about":[{"href":"https:\/\/fundacioncajaruraldelsur.com\/pt\/wp-json\/wp\/v2\/types\/post"}],"author":[{"embeddable":true,"href":"https:\/\/fundacioncajaruraldelsur.com\/pt\/wp-json\/wp\/v2\/users\/6"}],"replies":[{"embeddable":true,"href":"https:\/\/fundacioncajaruraldelsur.com\/pt\/wp-json\/wp\/v2\/comments?post=6894"}],"version-history":[{"count":1,"href":"https:\/\/fundacioncajaruraldelsur.com\/pt\/wp-json\/wp\/v2\/posts\/6894\/revisions"}],"predecessor-version":[{"id":6897,"href":"https:\/\/fundacioncajaruraldelsur.com\/pt\/wp-json\/wp\/v2\/posts\/6894\/revisions\/6897"}],"wp:featuredmedia":[{"embeddable":true,"href":"https:\/\/fundacioncajaruraldelsur.com\/pt\/wp-json\/wp\/v2\/media\/6896"}],"wp:attachment":[{"href":"https:\/\/fundacioncajaruraldelsur.com\/pt\/wp-json\/wp\/v2\/media?parent=6894"}],"wp:term":[{"taxonomy":"category","embeddable":true,"href":"https:\/\/fundacioncajaruraldelsur.com\/pt\/wp-json\/wp\/v2\/categories?post=6894"},{"taxonomy":"post_tag","embeddable":true,"href":"https:\/\/fundacioncajaruraldelsur.com\/pt\/wp-json\/wp\/v2\/tags?post=6894"}],"curies":[{"name":"wp","href":"https:\/\/api.w.org\/{rel}","templated":true}]}}