{"id":6864,"date":"2021-11-12T00:48:00","date_gmt":"2021-11-11T22:48:00","guid":{"rendered":"\/?p=6864"},"modified":"2021-11-12T14:16:41","modified_gmt":"2021-11-12T12:16:41","slug":"caja-rural-del-sur-y-su-fundacion-reciben-el-premio-trayectoria-empresarial-en-los-ix-premios-de-responsabilidad-social-empresarial-rse-de-la-ces","status":"publish","type":"post","link":"https:\/\/fundacioncajaruraldelsur.com\/pt\/caja-rural-del-sur-y-su-fundacion-reciben-el-premio-trayectoria-empresarial-en-los-ix-premios-de-responsabilidad-social-empresarial-rse-de-la-ces\/","title":{"rendered":"Caja Rural del Sur y su Fundaci\u00f3n reciben el premio \u2018Trayectoria Empresarial\u2019 en los IX Premios de Responsabilidad Social Empresarial (RSE) de la CES"},"content":{"rendered":"<p>Caja Rural del Sur y su Fundaci\u00f3n ha recibido el premio \u2018Trayectoria Empresarial\u2019 en los <a href=\"https:\/\/www.youtube.com\/watch?v=8Xf6xUTJnXk\">IX Premios de Responsabilidad Social Empresarial (RSE)<\/a> entregados por los presidentes de la Diputaci\u00f3n de Sevilla y de la Confederaci\u00f3n de Empresarios de Sevilla (CES), Fernando Rodr\u00edguez Villalobos y Miguel Rus Palacios, respectivamente, en un acto celebrado en la monumental iglesia de San Luis de los Franceses. Se trata de unos galardones, de car\u00e1cter anual, convocados por la CES y Prodetur, con la colaboraci\u00f3n de Endesa,\u00a0 con el fin de reconocer las mejores iniciativas y buenas pr\u00e1cticas en Responsabilidad Social y Sostenibilidad de las empresas que desarrollan su actividad en Sevilla.<\/p>\n<p>El acto se transmiti\u00f3 en streaming:<\/p>\n<p><iframe loading=\"lazy\" title=\"9\u00ba PREMIO DE RSE CES - PRODETUR\" width=\"960\" height=\"540\" src=\"https:\/\/www.youtube.com\/embed\/8Xf6xUTJnXk?feature=oembed\" frameborder=\"0\" allow=\"accelerometer; autoplay; clipboard-write; encrypted-media; gyroscope; picture-in-picture\" allowfullscreen><\/iframe><\/p>\n<p><a href=\"\/wp-content\/uploads\/2021\/11\/Premios-CES-2.jpg\" rel=\"lightbox-0\"><img loading=\"lazy\" decoding=\"async\" class=\"size-medium wp-image-6866 alignleft\" src=\"\/wp-content\/uploads\/2021\/11\/Premios-CES-2-300x225.jpg\" alt=\"\" width=\"300\" height=\"225\" srcset=\"https:\/\/fundacioncajaruraldelsur.com\/wp-content\/uploads\/2021\/11\/Premios-CES-2-300x225.jpg 300w, https:\/\/fundacioncajaruraldelsur.com\/wp-content\/uploads\/2021\/11\/Premios-CES-2-1024x768.jpg 1024w, https:\/\/fundacioncajaruraldelsur.com\/wp-content\/uploads\/2021\/11\/Premios-CES-2-768x576.jpg 768w, https:\/\/fundacioncajaruraldelsur.com\/wp-content\/uploads\/2021\/11\/Premios-CES-2-1536x1152.jpg 1536w, https:\/\/fundacioncajaruraldelsur.com\/wp-content\/uploads\/2021\/11\/Premios-CES-2.jpg 2048w\" sizes=\"auto, (max-width: 300px) 100vw, 300px\" \/><\/a>El Presidente de Caja Rural del Sur y su Fundaci\u00f3n, Jos\u00e9 Luis Garc\u00eda-Palacios \u00c1lvarez, acompa\u00f1ado de Eduardo Rodr\u00edguez Mej\u00edas, Director comercial y Subdirector General<span aria-hidden=\"true\"> de la entidad<\/span>, recogi\u00f3 el premio otorgado por la CES \u00abpor tratarse de una entidad bancaria que mantiene un 73% de sus oficinas en municipios de menos de 50.000 habitantes, en el entorno rural. Asimismo, la Fundaci\u00f3n Caja Rural desarrolla un gran n\u00famero de actividades, dedicadas a labor social, salud, cultural, investigaci\u00f3n y fomento del cooperativismo y el desarrollo rural\u00bb. Adem\u00e1s, en el acto de entrega de premios se destac\u00f3 que \u00aben este a\u00f1o 2021, Caja Rural del Sur terminar\u00e1 con un crecimiento neto de algo m\u00e1s del 4% de su plantilla, compuesta por m\u00e1s de 1.000 trabajadores, en un contexto del sector financiero de grave deterioro del empleo\u00bb.<\/p>\n<p>El Presidente de Caja Rural del Sur y su Fundaci\u00f3n, Jos\u00e9 Luis Garc\u00eda-Palacios \u00c1lvarez, agradeci\u00f3 el galard\u00f3n y subray\u00f3 \u00abel convencimiento y la vocaci\u00f3n de ser una entidad con alma, para la que los valores y la \u00e9tica es algo esencial en nuestra actividad, siempre con el objetivo de ser referentes en llevar a la pr\u00e1ctica la necesaria Responsabilidad Social Corporativa de la que hay que dar ejemplo a toda la sociedad y en el sector financiero\u00bb.<\/p>\n<p><a href=\"\/wp-content\/uploads\/2021\/11\/Premios-CES-grupo.jpg\" rel=\"lightbox-1\"><img loading=\"lazy\" decoding=\"async\" class=\"size-medium wp-image-6867 alignleft\" src=\"\/wp-content\/uploads\/2021\/11\/Premios-CES-grupo-300x225.jpg\" alt=\"\" width=\"300\" height=\"225\" srcset=\"https:\/\/fundacioncajaruraldelsur.com\/wp-content\/uploads\/2021\/11\/Premios-CES-grupo-300x225.jpg 300w, https:\/\/fundacioncajaruraldelsur.com\/wp-content\/uploads\/2021\/11\/Premios-CES-grupo-1024x768.jpg 1024w, https:\/\/fundacioncajaruraldelsur.com\/wp-content\/uploads\/2021\/11\/Premios-CES-grupo-768x576.jpg 768w, https:\/\/fundacioncajaruraldelsur.com\/wp-content\/uploads\/2021\/11\/Premios-CES-grupo-1536x1152.jpg 1536w, https:\/\/fundacioncajaruraldelsur.com\/wp-content\/uploads\/2021\/11\/Premios-CES-grupo.jpg 2048w\" sizes=\"auto, (max-width: 300px) 100vw, 300px\" \/><\/a>Adem\u00e1s de este premio, la CES ha reconocido a Oleand Cooperativa, en la categor\u00eda de \u2018Gran Empresa\u2019; y Fabrienvaf (El Milagrito); en la de \u2018Pyme\u2019,\u00a0 \u2018Forever Green\u2019 del Real Betis Balompi\u00e9 ha recibido el Premio a la \u2018Mejor Iniciativa en RSE\u2019.<\/p>\n<p>Este a\u00f1o, y debido a la situaci\u00f3n derivada de la pandemia, los galardones han incluido, adem\u00e1s, dos \u2018Menciones Honor\u00edfica por la Lucha Contra el Covid-19\u2019, distinci\u00f3n que ha reca\u00eddo en Bidafarma, por su perfecta distribuci\u00f3n de las vacunas en Andaluc\u00eda, y a la iniciativa coordinada por la Asociaci\u00f3n de Hoteles de Sevilla de \u2018Alojamientos Refugio\u2019, establecimientos que permanecieron abiertos para alojar a los profesionales que desarrollaban servicios esenciales durante la pandemia.<\/p>\n<p>Durante su intervenci\u00f3n, el presidente de la Diputaci\u00f3n aplaudi\u00f3 el esfuerzo llevado a cabo por las empresas, al enfrentar una transformaci\u00f3n de forma inmediata para ayudar a combatir la pandemia \u201cdentro de sus posibilidades\u201d, buscando en primera instancia la prevenci\u00f3n, la salud y el bienestar de su gente. \u201c<em>Sois grandes, no s\u00f3lo por vuestro desarrollo empresarial, sino tambi\u00e9n por la faceta que hoy nos re\u00fane aqu\u00ed, que es la de ense\u00f1ar el alma de vuestras corporaciones<\/em>\u201d.<\/p>\n<p>En esta l\u00ednea, el presidente de la Diputaci\u00f3n record\u00f3 que la responsabilidad de la instituci\u00f3n provincial es combatir, junto a las empresas, los \u201c<em>golpes<\/em>\u201d de esta crisis. \u201c<em>Porque como sab\u00e9is, la entidad provincial tiene en marcha dos planes extraordinarios con un montante global de 470 M\u20ac. En concreto, 370 M\u20ac a trav\u00e9s del Plan Contigo, y otros 100 M\u20ac que presentamos el pasado martes y que articularemos con el Plan Act\u00faa. Y dentro de ese generoso paquete presupuestario, hay 130 M\u20ac para acciones espec\u00edficas relacionadas con el empleo y el apoyo empresarial. Y buena parte del resto, a base de programas concretos, tambi\u00e9n servir\u00e1n para que las empresas sevillanas, de la capital y de la provincia, sean las adjudicatarias de much\u00edsimos de los proyectos que se acometan<\/em>\u201d.<\/p>\n<p><a href=\"\/wp-content\/uploads\/2021\/11\/FD8rWSnWQAcsHy4.jpg\" rel=\"lightbox-2\"><img loading=\"lazy\" decoding=\"async\" class=\"size-medium wp-image-6870 alignleft\" src=\"\/wp-content\/uploads\/2021\/11\/FD8rWSnWQAcsHy4-300x225.jpg\" alt=\"\" width=\"300\" height=\"225\" srcset=\"https:\/\/fundacioncajaruraldelsur.com\/wp-content\/uploads\/2021\/11\/FD8rWSnWQAcsHy4-300x225.jpg 300w, https:\/\/fundacioncajaruraldelsur.com\/wp-content\/uploads\/2021\/11\/FD8rWSnWQAcsHy4-1024x768.jpg 1024w, https:\/\/fundacioncajaruraldelsur.com\/wp-content\/uploads\/2021\/11\/FD8rWSnWQAcsHy4-768x576.jpg 768w, https:\/\/fundacioncajaruraldelsur.com\/wp-content\/uploads\/2021\/11\/FD8rWSnWQAcsHy4-1536x1152.jpg 1536w, https:\/\/fundacioncajaruraldelsur.com\/wp-content\/uploads\/2021\/11\/FD8rWSnWQAcsHy4.jpg 2048w\" sizes=\"auto, (max-width: 300px) 100vw, 300px\" \/><\/a>El presidente de la CES ha destacado que en los momentos dif\u00edciles de la pandemia se ha puesto en relieve el gran papel que desarrollan los empresarios en nuestra sociedad y su compromiso, as\u00ed como el gran comportamiento solidario del \u00e1mbito empresarial y de la iniciativa privada.\u00a0 Tambi\u00e9n ha explicado que la RSE no s\u00f3lo se aplica en momentos dif\u00edciles y que una empresa responsable es aquella que ha asumido y es consciente del impacto que provoca en su entorno y, sobre todo, que se esfuerza, d\u00eda a d\u00eda, en potenciar sus efectos positivos y minimizar los negativos. Por eso, ha explicado Rus, la \u201c<em>RSE tiene que ser parte del ADN de nuestras empresas\u201d, que adem\u00e1s las hace mejores y m\u00e1s competitivas, y ha afirmado que \u201cla sociedad donde desarrollamos nuestra actividad cada d\u00eda necesita m\u00e1s a sus empresarios<\/em>\u201d.<\/p>\n<p>Finamente, el presidente de los Empresarios de Sevilla ha animado a todos a seguir trabajando por una sociedad mejor, generando empleo, reivindicando, comprometidos, siendo solidarios, y, en definitiva, siendo socialmente responsables.<\/p>","protected":false},"excerpt":{"rendered":"<p>Caja Rural del Sur y su Fundaci\u00f3n ha recibido el premio \u2018Trayectoria Empresarial\u2019 en los IX Premios de Responsabilidad Social Empresarial (RSE) entregados por los presidentes de la Diputaci\u00f3n de [&hellip;]<\/p>\n","protected":false},"author":6,"featured_media":6880,"comment_status":"closed","ping_status":"closed","sticky":false,"template":"","format":"standard","meta":{"footnotes":""},"categories":[64],"tags":[],"class_list":["post-6864","post","type-post","status-publish","format-standard","has-post-thumbnail","hentry","category-premios"],"yoast_head":"<!-- This site is optimized with the Yoast SEO plugin v27.3 - https:\/\/yoast.com\/product\/yoast-seo-wordpress\/ -->\n<title>Caja Rural del Sur y su Fundaci\u00f3n reciben el premio \u2018Trayectoria Empresarial\u2019 en los IX Premios de Responsabilidad Social Empresarial (RSE) de la CES - Fundaci\u00f3n Caja Rural del Sur<\/title>\n<meta name=\"robots\" content=\"index, follow, max-snippet:-1, max-image-preview:large, max-video-preview:-1\" \/>\n<link rel=\"canonical\" href=\"https:\/\/fundacioncajaruraldelsur.com\/pt\/caja-rural-del-sur-y-su-fundacion-reciben-el-premio-trayectoria-empresarial-en-los-ix-premios-de-responsabilidad-social-empresarial-rse-de-la-ces\/\" \/>\n<meta property=\"og:locale\" content=\"pt_PT\" \/>\n<meta property=\"og:type\" content=\"article\" \/>\n<meta property=\"og:title\" content=\"Caja Rural del Sur y su Fundaci\u00f3n reciben el premio \u2018Trayectoria Empresarial\u2019 en los IX Premios de Responsabilidad Social Empresarial (RSE) de la CES - Fundaci\u00f3n Caja Rural del Sur\" \/>\n<meta property=\"og:description\" content=\"Caja Rural del Sur y su Fundaci\u00f3n ha recibido el premio \u2018Trayectoria Empresarial\u2019 en los IX Premios de Responsabilidad Social Empresarial (RSE) entregados por los presidentes de la Diputaci\u00f3n de [&hellip;]\" \/>\n<meta property=\"og:url\" content=\"https:\/\/fundacioncajaruraldelsur.com\/pt\/caja-rural-del-sur-y-su-fundacion-reciben-el-premio-trayectoria-empresarial-en-los-ix-premios-de-responsabilidad-social-empresarial-rse-de-la-ces\/\" \/>\n<meta property=\"og:site_name\" content=\"Fundaci\u00f3n Caja Rural del Sur\" \/>\n<meta property=\"article:published_time\" content=\"2021-11-11T22:48:00+00:00\" \/>\n<meta property=\"article:modified_time\" content=\"2021-11-12T12:16:41+00:00\" \/>\n<meta property=\"og:image\" content=\"https:\/\/fundacioncajaruraldelsur.com\/wp-content\/uploads\/2021\/11\/51673694831_4abc32dfff_c.jpg\" \/>\n\t<meta property=\"og:image:width\" content=\"800\" \/>\n\t<meta property=\"og:image:height\" content=\"534\" \/>\n\t<meta property=\"og:image:type\" content=\"image\/jpeg\" \/>\n<meta name=\"author\" content=\"Comunicaci\u00f3n\" \/>\n<meta name=\"twitter:card\" content=\"summary_large_image\" \/>\n<meta name=\"twitter:label1\" content=\"Written by\" \/>\n\t<meta name=\"twitter:data1\" content=\"Comunicaci\u00f3n\" \/>\n\t<meta name=\"twitter:label2\" content=\"Est. reading time\" \/>\n\t<meta name=\"twitter:data2\" content=\"4 minutes\" \/>\n<script type=\"application\/ld+json\" class=\"yoast-schema-graph\">{\"@context\":\"https:\\\/\\\/schema.org\",\"@graph\":[{\"@type\":\"Article\",\"@id\":\"https:\\\/\\\/fundacioncajaruraldelsur.com\\\/caja-rural-del-sur-y-su-fundacion-reciben-el-premio-trayectoria-empresarial-en-los-ix-premios-de-responsabilidad-social-empresarial-rse-de-la-ces\\\/#article\",\"isPartOf\":{\"@id\":\"https:\\\/\\\/fundacioncajaruraldelsur.com\\\/caja-rural-del-sur-y-su-fundacion-reciben-el-premio-trayectoria-empresarial-en-los-ix-premios-de-responsabilidad-social-empresarial-rse-de-la-ces\\\/\"},\"author\":{\"name\":\"Comunicaci\u00f3n\",\"@id\":\"https:\\\/\\\/fundacioncajaruraldelsur.com\\\/#\\\/schema\\\/person\\\/f430da9fb783d505ff061ad8b3d44577\"},\"headline\":\"Caja Rural del Sur y su Fundaci\u00f3n reciben el premio \u2018Trayectoria Empresarial\u2019 en los IX Premios de Responsabilidad Social Empresarial (RSE) de la CES\",\"datePublished\":\"2021-11-11T22:48:00+00:00\",\"dateModified\":\"2021-11-12T12:16:41+00:00\",\"mainEntityOfPage\":{\"@id\":\"https:\\\/\\\/fundacioncajaruraldelsur.com\\\/caja-rural-del-sur-y-su-fundacion-reciben-el-premio-trayectoria-empresarial-en-los-ix-premios-de-responsabilidad-social-empresarial-rse-de-la-ces\\\/\"},\"wordCount\":896,\"image\":{\"@id\":\"https:\\\/\\\/fundacioncajaruraldelsur.com\\\/caja-rural-del-sur-y-su-fundacion-reciben-el-premio-trayectoria-empresarial-en-los-ix-premios-de-responsabilidad-social-empresarial-rse-de-la-ces\\\/#primaryimage\"},\"thumbnailUrl\":\"https:\\\/\\\/fundacioncajaruraldelsur.com\\\/wp-content\\\/uploads\\\/2021\\\/11\\\/51673694831_4abc32dfff_c.jpg\",\"articleSection\":[\"Premios\"],\"inLanguage\":\"pt-PT\"},{\"@type\":\"WebPage\",\"@id\":\"https:\\\/\\\/fundacioncajaruraldelsur.com\\\/caja-rural-del-sur-y-su-fundacion-reciben-el-premio-trayectoria-empresarial-en-los-ix-premios-de-responsabilidad-social-empresarial-rse-de-la-ces\\\/\",\"url\":\"https:\\\/\\\/fundacioncajaruraldelsur.com\\\/caja-rural-del-sur-y-su-fundacion-reciben-el-premio-trayectoria-empresarial-en-los-ix-premios-de-responsabilidad-social-empresarial-rse-de-la-ces\\\/\",\"name\":\"Caja Rural del Sur y su Fundaci\u00f3n reciben el premio \u2018Trayectoria Empresarial\u2019 en los IX Premios de Responsabilidad Social Empresarial (RSE) de la CES - Fundaci\u00f3n Caja Rural del Sur\",\"isPartOf\":{\"@id\":\"https:\\\/\\\/fundacioncajaruraldelsur.com\\\/#website\"},\"primaryImageOfPage\":{\"@id\":\"https:\\\/\\\/fundacioncajaruraldelsur.com\\\/caja-rural-del-sur-y-su-fundacion-reciben-el-premio-trayectoria-empresarial-en-los-ix-premios-de-responsabilidad-social-empresarial-rse-de-la-ces\\\/#primaryimage\"},\"image\":{\"@id\":\"https:\\\/\\\/fundacioncajaruraldelsur.com\\\/caja-rural-del-sur-y-su-fundacion-reciben-el-premio-trayectoria-empresarial-en-los-ix-premios-de-responsabilidad-social-empresarial-rse-de-la-ces\\\/#primaryimage\"},\"thumbnailUrl\":\"https:\\\/\\\/fundacioncajaruraldelsur.com\\\/wp-content\\\/uploads\\\/2021\\\/11\\\/51673694831_4abc32dfff_c.jpg\",\"datePublished\":\"2021-11-11T22:48:00+00:00\",\"dateModified\":\"2021-11-12T12:16:41+00:00\",\"author\":{\"@id\":\"https:\\\/\\\/fundacioncajaruraldelsur.com\\\/#\\\/schema\\\/person\\\/f430da9fb783d505ff061ad8b3d44577\"},\"breadcrumb\":{\"@id\":\"https:\\\/\\\/fundacioncajaruraldelsur.com\\\/caja-rural-del-sur-y-su-fundacion-reciben-el-premio-trayectoria-empresarial-en-los-ix-premios-de-responsabilidad-social-empresarial-rse-de-la-ces\\\/#breadcrumb\"},\"inLanguage\":\"pt-PT\",\"potentialAction\":[{\"@type\":\"ReadAction\",\"target\":[\"https:\\\/\\\/fundacioncajaruraldelsur.com\\\/caja-rural-del-sur-y-su-fundacion-reciben-el-premio-trayectoria-empresarial-en-los-ix-premios-de-responsabilidad-social-empresarial-rse-de-la-ces\\\/\"]}]},{\"@type\":\"ImageObject\",\"inLanguage\":\"pt-PT\",\"@id\":\"https:\\\/\\\/fundacioncajaruraldelsur.com\\\/caja-rural-del-sur-y-su-fundacion-reciben-el-premio-trayectoria-empresarial-en-los-ix-premios-de-responsabilidad-social-empresarial-rse-de-la-ces\\\/#primaryimage\",\"url\":\"https:\\\/\\\/fundacioncajaruraldelsur.com\\\/wp-content\\\/uploads\\\/2021\\\/11\\\/51673694831_4abc32dfff_c.jpg\",\"contentUrl\":\"https:\\\/\\\/fundacioncajaruraldelsur.com\\\/wp-content\\\/uploads\\\/2021\\\/11\\\/51673694831_4abc32dfff_c.jpg\",\"width\":800,\"height\":534},{\"@type\":\"BreadcrumbList\",\"@id\":\"https:\\\/\\\/fundacioncajaruraldelsur.com\\\/caja-rural-del-sur-y-su-fundacion-reciben-el-premio-trayectoria-empresarial-en-los-ix-premios-de-responsabilidad-social-empresarial-rse-de-la-ces\\\/#breadcrumb\",\"itemListElement\":[{\"@type\":\"ListItem\",\"position\":1,\"name\":\"Portada\",\"item\":\"https:\\\/\\\/fundacioncajaruraldelsur.com\\\/\"},{\"@type\":\"ListItem\",\"position\":2,\"name\":\"Caja Rural del Sur y su Fundaci\u00f3n reciben el premio \u2018Trayectoria Empresarial\u2019 en los IX Premios de Responsabilidad Social Empresarial (RSE) de la CES\"}]},{\"@type\":\"WebSite\",\"@id\":\"https:\\\/\\\/fundacioncajaruraldelsur.com\\\/#website\",\"url\":\"https:\\\/\\\/fundacioncajaruraldelsur.com\\\/\",\"name\":\"Fundaci\u00f3n Caja Rural del Sur\",\"description\":\"\",\"potentialAction\":[{\"@type\":\"SearchAction\",\"target\":{\"@type\":\"EntryPoint\",\"urlTemplate\":\"https:\\\/\\\/fundacioncajaruraldelsur.com\\\/?s={search_term_string}\"},\"query-input\":{\"@type\":\"PropertyValueSpecification\",\"valueRequired\":true,\"valueName\":\"search_term_string\"}}],\"inLanguage\":\"pt-PT\"},{\"@type\":\"Person\",\"@id\":\"https:\\\/\\\/fundacioncajaruraldelsur.com\\\/#\\\/schema\\\/person\\\/f430da9fb783d505ff061ad8b3d44577\",\"name\":\"Comunicaci\u00f3n\",\"image\":{\"@type\":\"ImageObject\",\"inLanguage\":\"pt-PT\",\"@id\":\"https:\\\/\\\/secure.gravatar.com\\\/avatar\\\/0dca239875993680bac4603ad2de7942da018f52cc3a244578e0b3b09314a8d8?s=96&d=blank&r=g\",\"url\":\"https:\\\/\\\/secure.gravatar.com\\\/avatar\\\/0dca239875993680bac4603ad2de7942da018f52cc3a244578e0b3b09314a8d8?s=96&d=blank&r=g\",\"contentUrl\":\"https:\\\/\\\/secure.gravatar.com\\\/avatar\\\/0dca239875993680bac4603ad2de7942da018f52cc3a244578e0b3b09314a8d8?s=96&d=blank&r=g\",\"caption\":\"Comunicaci\u00f3n\"}}]}<\/script>\n<!-- \/ Yoast SEO plugin. -->","yoast_head_json":{"title":"Caja Rural del Sur y su Fundaci\u00f3n reciben el premio \u2018Trayectoria Empresarial\u2019 en los IX Premios de Responsabilidad Social Empresarial (RSE) de la CES - Fundaci\u00f3n Caja Rural del Sur","robots":{"index":"index","follow":"follow","max-snippet":"max-snippet:-1","max-image-preview":"max-image-preview:large","max-video-preview":"max-video-preview:-1"},"canonical":"https:\/\/fundacioncajaruraldelsur.com\/pt\/caja-rural-del-sur-y-su-fundacion-reciben-el-premio-trayectoria-empresarial-en-los-ix-premios-de-responsabilidad-social-empresarial-rse-de-la-ces\/","og_locale":"pt_PT","og_type":"article","og_title":"Caja Rural del Sur y su Fundaci\u00f3n reciben el premio \u2018Trayectoria Empresarial\u2019 en los IX Premios de Responsabilidad Social Empresarial (RSE) de la CES - Fundaci\u00f3n Caja Rural del Sur","og_description":"Caja Rural del Sur y su Fundaci\u00f3n ha recibido el premio \u2018Trayectoria Empresarial\u2019 en los IX Premios de Responsabilidad Social Empresarial (RSE) entregados por los presidentes de la Diputaci\u00f3n de [&hellip;]","og_url":"https:\/\/fundacioncajaruraldelsur.com\/pt\/caja-rural-del-sur-y-su-fundacion-reciben-el-premio-trayectoria-empresarial-en-los-ix-premios-de-responsabilidad-social-empresarial-rse-de-la-ces\/","og_site_name":"Fundaci\u00f3n Caja Rural del Sur","article_published_time":"2021-11-11T22:48:00+00:00","article_modified_time":"2021-11-12T12:16:41+00:00","og_image":[{"width":800,"height":534,"url":"https:\/\/fundacioncajaruraldelsur.com\/wp-content\/uploads\/2021\/11\/51673694831_4abc32dfff_c.jpg","type":"image\/jpeg"}],"author":"Comunicaci\u00f3n","twitter_card":"summary_large_image","twitter_misc":{"Written by":"Comunicaci\u00f3n","Est. reading time":"4 minutes"},"schema":{"@context":"https:\/\/schema.org","@graph":[{"@type":"Article","@id":"https:\/\/fundacioncajaruraldelsur.com\/caja-rural-del-sur-y-su-fundacion-reciben-el-premio-trayectoria-empresarial-en-los-ix-premios-de-responsabilidad-social-empresarial-rse-de-la-ces\/#article","isPartOf":{"@id":"https:\/\/fundacioncajaruraldelsur.com\/caja-rural-del-sur-y-su-fundacion-reciben-el-premio-trayectoria-empresarial-en-los-ix-premios-de-responsabilidad-social-empresarial-rse-de-la-ces\/"},"author":{"name":"Comunicaci\u00f3n","@id":"https:\/\/fundacioncajaruraldelsur.com\/#\/schema\/person\/f430da9fb783d505ff061ad8b3d44577"},"headline":"Caja Rural del Sur y su Fundaci\u00f3n reciben el premio \u2018Trayectoria Empresarial\u2019 en los IX Premios de Responsabilidad Social Empresarial (RSE) de la CES","datePublished":"2021-11-11T22:48:00+00:00","dateModified":"2021-11-12T12:16:41+00:00","mainEntityOfPage":{"@id":"https:\/\/fundacioncajaruraldelsur.com\/caja-rural-del-sur-y-su-fundacion-reciben-el-premio-trayectoria-empresarial-en-los-ix-premios-de-responsabilidad-social-empresarial-rse-de-la-ces\/"},"wordCount":896,"image":{"@id":"https:\/\/fundacioncajaruraldelsur.com\/caja-rural-del-sur-y-su-fundacion-reciben-el-premio-trayectoria-empresarial-en-los-ix-premios-de-responsabilidad-social-empresarial-rse-de-la-ces\/#primaryimage"},"thumbnailUrl":"https:\/\/fundacioncajaruraldelsur.com\/wp-content\/uploads\/2021\/11\/51673694831_4abc32dfff_c.jpg","articleSection":["Premios"],"inLanguage":"pt-PT"},{"@type":"WebPage","@id":"https:\/\/fundacioncajaruraldelsur.com\/caja-rural-del-sur-y-su-fundacion-reciben-el-premio-trayectoria-empresarial-en-los-ix-premios-de-responsabilidad-social-empresarial-rse-de-la-ces\/","url":"https:\/\/fundacioncajaruraldelsur.com\/caja-rural-del-sur-y-su-fundacion-reciben-el-premio-trayectoria-empresarial-en-los-ix-premios-de-responsabilidad-social-empresarial-rse-de-la-ces\/","name":"Caja Rural del Sur y su Fundaci\u00f3n reciben el premio \u2018Trayectoria Empresarial\u2019 en los IX Premios de Responsabilidad Social Empresarial (RSE) de la CES - Fundaci\u00f3n Caja Rural del Sur","isPartOf":{"@id":"https:\/\/fundacioncajaruraldelsur.com\/#website"},"primaryImageOfPage":{"@id":"https:\/\/fundacioncajaruraldelsur.com\/caja-rural-del-sur-y-su-fundacion-reciben-el-premio-trayectoria-empresarial-en-los-ix-premios-de-responsabilidad-social-empresarial-rse-de-la-ces\/#primaryimage"},"image":{"@id":"https:\/\/fundacioncajaruraldelsur.com\/caja-rural-del-sur-y-su-fundacion-reciben-el-premio-trayectoria-empresarial-en-los-ix-premios-de-responsabilidad-social-empresarial-rse-de-la-ces\/#primaryimage"},"thumbnailUrl":"https:\/\/fundacioncajaruraldelsur.com\/wp-content\/uploads\/2021\/11\/51673694831_4abc32dfff_c.jpg","datePublished":"2021-11-11T22:48:00+00:00","dateModified":"2021-11-12T12:16:41+00:00","author":{"@id":"https:\/\/fundacioncajaruraldelsur.com\/#\/schema\/person\/f430da9fb783d505ff061ad8b3d44577"},"breadcrumb":{"@id":"https:\/\/fundacioncajaruraldelsur.com\/caja-rural-del-sur-y-su-fundacion-reciben-el-premio-trayectoria-empresarial-en-los-ix-premios-de-responsabilidad-social-empresarial-rse-de-la-ces\/#breadcrumb"},"inLanguage":"pt-PT","potentialAction":[{"@type":"ReadAction","target":["https:\/\/fundacioncajaruraldelsur.com\/caja-rural-del-sur-y-su-fundacion-reciben-el-premio-trayectoria-empresarial-en-los-ix-premios-de-responsabilidad-social-empresarial-rse-de-la-ces\/"]}]},{"@type":"ImageObject","inLanguage":"pt-PT","@id":"https:\/\/fundacioncajaruraldelsur.com\/caja-rural-del-sur-y-su-fundacion-reciben-el-premio-trayectoria-empresarial-en-los-ix-premios-de-responsabilidad-social-empresarial-rse-de-la-ces\/#primaryimage","url":"https:\/\/fundacioncajaruraldelsur.com\/wp-content\/uploads\/2021\/11\/51673694831_4abc32dfff_c.jpg","contentUrl":"https:\/\/fundacioncajaruraldelsur.com\/wp-content\/uploads\/2021\/11\/51673694831_4abc32dfff_c.jpg","width":800,"height":534},{"@type":"BreadcrumbList","@id":"https:\/\/fundacioncajaruraldelsur.com\/caja-rural-del-sur-y-su-fundacion-reciben-el-premio-trayectoria-empresarial-en-los-ix-premios-de-responsabilidad-social-empresarial-rse-de-la-ces\/#breadcrumb","itemListElement":[{"@type":"ListItem","position":1,"name":"Portada","item":"https:\/\/fundacioncajaruraldelsur.com\/"},{"@type":"ListItem","position":2,"name":"Caja Rural del Sur y su Fundaci\u00f3n reciben el premio \u2018Trayectoria Empresarial\u2019 en los IX Premios de Responsabilidad Social Empresarial (RSE) de la CES"}]},{"@type":"WebSite","@id":"https:\/\/fundacioncajaruraldelsur.com\/#website","url":"https:\/\/fundacioncajaruraldelsur.com\/","name":"Funda\u00e7\u00e3o Caja Rural del Sur","description":"","potentialAction":[{"@type":"SearchAction","target":{"@type":"EntryPoint","urlTemplate":"https:\/\/fundacioncajaruraldelsur.com\/?s={search_term_string}"},"query-input":{"@type":"PropertyValueSpecification","valueRequired":true,"valueName":"search_term_string"}}],"inLanguage":"pt-PT"},{"@type":"Person","@id":"https:\/\/fundacioncajaruraldelsur.com\/#\/schema\/person\/f430da9fb783d505ff061ad8b3d44577","name":"Comunicaci\u00f3n","image":{"@type":"ImageObject","inLanguage":"pt-PT","@id":"https:\/\/secure.gravatar.com\/avatar\/0dca239875993680bac4603ad2de7942da018f52cc3a244578e0b3b09314a8d8?s=96&d=blank&r=g","url":"https:\/\/secure.gravatar.com\/avatar\/0dca239875993680bac4603ad2de7942da018f52cc3a244578e0b3b09314a8d8?s=96&d=blank&r=g","contentUrl":"https:\/\/secure.gravatar.com\/avatar\/0dca239875993680bac4603ad2de7942da018f52cc3a244578e0b3b09314a8d8?s=96&d=blank&r=g","caption":"Comunicaci\u00f3n"}}]}},"rttpg_featured_image_url":{"full":["https:\/\/fundacioncajaruraldelsur.com\/wp-content\/uploads\/2021\/11\/51673694831_4abc32dfff_c.jpg",800,534,false],"landscape":["https:\/\/fundacioncajaruraldelsur.com\/wp-content\/uploads\/2021\/11\/51673694831_4abc32dfff_c.jpg",800,534,false],"portraits":["https:\/\/fundacioncajaruraldelsur.com\/wp-content\/uploads\/2021\/11\/51673694831_4abc32dfff_c.jpg",800,534,false],"thumbnail":["https:\/\/fundacioncajaruraldelsur.com\/wp-content\/uploads\/2021\/11\/51673694831_4abc32dfff_c-150x150.jpg",150,150,true],"medium":["https:\/\/fundacioncajaruraldelsur.com\/wp-content\/uploads\/2021\/11\/51673694831_4abc32dfff_c-300x200.jpg",300,200,true],"large":["https:\/\/fundacioncajaruraldelsur.com\/wp-content\/uploads\/2021\/11\/51673694831_4abc32dfff_c.jpg",800,534,false],"1536x1536":["https:\/\/fundacioncajaruraldelsur.com\/wp-content\/uploads\/2021\/11\/51673694831_4abc32dfff_c.jpg",800,534,false],"2048x2048":["https:\/\/fundacioncajaruraldelsur.com\/wp-content\/uploads\/2021\/11\/51673694831_4abc32dfff_c.jpg",800,534,false],"trp-custom-language-flag":["https:\/\/fundacioncajaruraldelsur.com\/wp-content\/uploads\/2021\/11\/51673694831_4abc32dfff_c.jpg",18,12,false],"blog-thumbnail":["https:\/\/fundacioncajaruraldelsur.com\/wp-content\/uploads\/2021\/11\/51673694831_4abc32dfff_c-400x200.jpg",400,200,true]},"rttpg_author":{"display_name":"Comunicaci\u00f3n","author_link":"https:\/\/fundacioncajaruraldelsur.com\/pt\/author\/sevillaadmin\/"},"rttpg_comment":0,"rttpg_category":"<a href=\"https:\/\/fundacioncajaruraldelsur.com\/pt\/category\/premios\/\" rel=\"category tag\">Premios<\/a>","rttpg_excerpt":"Caja Rural del Sur y su Fundaci\u00f3n ha recibido el premio \u2018Trayectoria Empresarial\u2019 en los IX Premios de Responsabilidad Social Empresarial (RSE) entregados por los presidentes de la Diputaci\u00f3n de [&hellip;]","_links":{"self":[{"href":"https:\/\/fundacioncajaruraldelsur.com\/pt\/wp-json\/wp\/v2\/posts\/6864","targetHints":{"allow":["GET"]}}],"collection":[{"href":"https:\/\/fundacioncajaruraldelsur.com\/pt\/wp-json\/wp\/v2\/posts"}],"about":[{"href":"https:\/\/fundacioncajaruraldelsur.com\/pt\/wp-json\/wp\/v2\/types\/post"}],"author":[{"embeddable":true,"href":"https:\/\/fundacioncajaruraldelsur.com\/pt\/wp-json\/wp\/v2\/users\/6"}],"replies":[{"embeddable":true,"href":"https:\/\/fundacioncajaruraldelsur.com\/pt\/wp-json\/wp\/v2\/comments?post=6864"}],"version-history":[{"count":4,"href":"https:\/\/fundacioncajaruraldelsur.com\/pt\/wp-json\/wp\/v2\/posts\/6864\/revisions"}],"predecessor-version":[{"id":6879,"href":"https:\/\/fundacioncajaruraldelsur.com\/pt\/wp-json\/wp\/v2\/posts\/6864\/revisions\/6879"}],"wp:featuredmedia":[{"embeddable":true,"href":"https:\/\/fundacioncajaruraldelsur.com\/pt\/wp-json\/wp\/v2\/media\/6880"}],"wp:attachment":[{"href":"https:\/\/fundacioncajaruraldelsur.com\/pt\/wp-json\/wp\/v2\/media?parent=6864"}],"wp:term":[{"taxonomy":"category","embeddable":true,"href":"https:\/\/fundacioncajaruraldelsur.com\/pt\/wp-json\/wp\/v2\/categories?post=6864"},{"taxonomy":"post_tag","embeddable":true,"href":"https:\/\/fundacioncajaruraldelsur.com\/pt\/wp-json\/wp\/v2\/tags?post=6864"}],"curies":[{"name":"wp","href":"https:\/\/api.w.org\/{rel}","templated":true}]}}