{"id":6840,"date":"2021-11-05T15:47:22","date_gmt":"2021-11-05T13:47:22","guid":{"rendered":"\/?p=6840"},"modified":"2021-11-05T15:48:09","modified_gmt":"2021-11-05T13:48:09","slug":"presentacion-oficialmente-el-salon-internacional-del-caballo-sicab-2021-que-cumple-su-30-aniversario","status":"publish","type":"post","link":"https:\/\/fundacioncajaruraldelsur.com\/pt\/presentacion-oficialmente-el-salon-internacional-del-caballo-sicab-2021-que-cumple-su-30-aniversario\/","title":{"rendered":"Presentaci\u00f3n del Sal\u00f3n Internacional del Caballo, SICAB 2021, que cumple su 30 aniversario"},"content":{"rendered":"<p>La sede de\u00a0<strong>Caja Rural del Sur en Sevilla<\/strong> ha acogido la <strong>presentaci\u00f3n oficial del 30 aniversario del Sal\u00f3n Internacional del Caballo, SICAB 2021<\/strong>, que tendr\u00e1 lugar del 1<u>6 al 21 de noviembre<\/u>\u00a0en el Palacio de Congresos y Exposiciones de Sevilla (Fibes). En el acto han intervenido,\u00a0<strong>Jos\u00e9 Juan Morales<\/strong>, presidente de la Asociaci\u00f3n Nacional de Criadores de Caballos de Pura Raza Espa\u00f1ola (<strong>ANCCE<\/strong>), entidad organizadora de SICAB;\u00a0<strong>Jos\u00e9 Luis Garc\u00eda-Palacios<\/strong>, presidente de\u00a0<strong>Caja Rural del Sur<\/strong>\u00a0y su Fundaci\u00f3n;\u00a0<strong>Manuel Alejandro Cardenete<\/strong>, viceconsejero de Turismo, Regeneraci\u00f3n, Justicia y Administraci\u00f3n Local de la J<strong>unta de Andaluc\u00eda<\/strong>; y\u00a0<strong>Juan Carlos Cabrera<\/strong>, teniente de alcalde y delegado del \u00c1rea de Gobernaci\u00f3n y Fiestas Mayores del\u00a0<strong>Ayuntamiento de Sevilla<\/strong>.<\/p>\n<p><strong>SICAB<\/strong>, cuyo principal patrocinador es Caja Rural del Sur, el \u00fanico certamen monogr\u00e1fico dedicado al caballo de Pura Raza Espa\u00f1ola en el mundo, que se celebra en <strong>Sevilla<\/strong>\u00a0cada oto\u00f1o, vuelve a su formato habitual tras la edici\u00f3n a puerta cerrada de 2020. La Asociaci\u00f3n Nacional de Criadores de Caballo de Pura Raza Espa\u00f1ola,\u00a0<strong>ANCCE<\/strong>, vuelve con m\u00e1s fuerza e ilusi\u00f3n que nunca, tratando de convertir esta edici\u00f3n en una \u2018vacuna econ\u00f3mica\u2019 contra esta pandemia.<\/p>\n<p>Cada a\u00f1o SICAB se traduce en riqueza para varios sectores, ya que no s\u00f3lo revierte en el crecimiento de los criadores equinos, sino que es fen\u00f3meno econ\u00f3mico y tur\u00edstico de primer orden que acumula tres d\u00e9cadas de ediciones de manera ininterrumpida. Algo que qued\u00f3 refrendado hace un par de a\u00f1os con la concesi\u00f3n de la\u00a0<strong>Medalla de Oro de la ciudad de Sevilla en 2011 y la de Andaluc\u00eda el pasado 2020<\/strong>.<\/p>\n<p><strong>Jos\u00e9 Juan Morales, presidente de ANCCE<\/strong>, ha mostrado en su discurso ilusi\u00f3n por este 30 aniversario en el que asegura estar constatando el enorme inter\u00e9s que esta edici\u00f3n est\u00e1 suscitando: \u201cAunque a\u00fan est\u00e1n abiertos los plazos de inscripci\u00f3n de las competiciones deportivas, estoy en condiciones de adelantar, que el incremento de participaci\u00f3n, si tomamos como referencia el a\u00f1o 2019, se sit\u00faa en torno al 18%, teniendo que aplicarse n\u00famero limitado de plazas a fin de no exceder la capacidad de FIBES. Por otro lado, a d\u00eda de hoy la venta de entradas anticipada en\u00a0<a href=\"http:\/\/sicabentradas.com\/\" target=\"_blank\" rel=\"noopener noreferrer\" data-saferedirecturl=\"https:\/\/www.google.com\/url?q=http:\/\/sicabentradas.com&amp;source=gmail&amp;ust=1636206094765000&amp;usg=AFQjCNGRTKvU7nqysOpnoktpFbao37Ap-Q\">sicabentradas.com<\/a>\u00a0supera en un 2% a la venta de la edici\u00f3n de 2019, teniendo en cuenta que por motivos de seguridad y confirmaci\u00f3n del evento,\u00a0esta venta se ha activado un mes m\u00e1s tarde que en ediciones anteriores\u201d.<\/p>\n<p style=\"text-align: left;\"><a href=\"\/wp-content\/uploads\/2021\/11\/unnamed-2.jpg\" rel=\"lightbox-0\"><img loading=\"lazy\" decoding=\"async\" class=\"size-medium wp-image-6843 alignleft\" src=\"\/wp-content\/uploads\/2021\/11\/unnamed-2-300x201.jpg\" alt=\"\" width=\"300\" height=\"201\" srcset=\"https:\/\/fundacioncajaruraldelsur.com\/wp-content\/uploads\/2021\/11\/unnamed-2-300x201.jpg 300w, https:\/\/fundacioncajaruraldelsur.com\/wp-content\/uploads\/2021\/11\/unnamed-2.jpg 580w\" sizes=\"auto, (max-width: 300px) 100vw, 300px\" \/><\/a>Por su parte,\u00a0<strong>Jos\u00e9 Luis Garc\u00eda-Palacios, presidente de la Fundaci\u00f3n Caja Rural del Sur<\/strong>, entidad patrocinadora de SICAB, afirm\u00f3 que\u00a0<em>\u201cSICAB es una fecha se\u00f1alada\u00bb<\/em>\u00a0y resalt\u00f3 el\u00a0<em>\u201cm\u00e9rito de los ganaderos, que en su d\u00eda, decidieron organizar el sal\u00f3n m\u00e1s importante del mundo\u201d<\/em>. Garc\u00eda-Palacios refrend\u00f3 un\u00a0<em>\u201ccompromiso absolutamente fiel\u201d<\/em>\u00a0con el evento. Adem\u00e1s, quiso remarcar que la fundaci\u00f3n que preside pone toda su\u00a0<strong>\u201cilusi\u00f3n y esperanza\u201d<\/strong>\u00a0en esta colaboraci\u00f3n con la cita ecuestre.<\/p>\n<p><strong>Alejandro Cardenete, Viceconsejero de Turismo, Regeneraci\u00f3n, Justicias y Administraci\u00f3n Local de la Junta de Andaluc\u00eda,<\/strong>\u00a0puso en valor la celebraci\u00f3n de SICAB en 2020, cuando pocos eventos se celebraron. Cardenete se mostr\u00f3\u00a0<em>\u201cemocionado\u201d<\/em>\u00a0por esta nueva edici\u00f3n, en la que espera que se d\u00e9\u00a0<em>\u201crienda suelta a la marca Andaluc\u00eda\u201d<\/em>, alrededor de la que vers\u00f3 su intervenci\u00f3n en la presentaci\u00f3n. Uno de los ejemplos fue la menci\u00f3n al lema\u00a0<strong><em>\u2018Andaluc\u00eda deja huella\u2019<\/em><\/strong>, promoci\u00f3n tur\u00edstica que alberga instituciones como la\u00a0<strong>Fundaci\u00f3n de la Real Escuela Andaluza del Arte Ecuestre (REAAE)<\/strong>\u00a0de Jerez de la Frontera, que estar\u00e1 presente en\u00a0<strong>SICAB 2021<\/strong>.<\/p>\n<p>Finalmente,\u00a0<strong>Juan Carlos Cabrera, teniente de alcalde y delegado del \u00c1rea de Gobernaci\u00f3n y Fiestas Mayores del Ayuntamiento de Sevilla<\/strong>, se mostr\u00f3 ilusionado con el Sal\u00f3n, ya que es de los primeros eventos que se va a retomar sin restricciones en la ciudad tras la suspensi\u00f3n de la Semana Santa y la Feria de Abril. Por ello, expres\u00f3 su agradecimiento con ANCCE y su\u00a0<em>\u201csentimiento de alegr\u00eda porque por fin podamos celebrar algo tan importante para la ciudad de Sevilla\u201d<\/em>. Cabrera destac\u00f3 como SICAB permite el\u00a0<em>\u201cavance de la econom\u00eda\u201d<\/em>\u00a0y que la ciudad\u00a0<em>\u201cabandere la esperanza\u201d<\/em>, refiri\u00e9ndose a la recuperaci\u00f3n de la normalidad social en\u00a0<strong>Sevilla<\/strong>. Por \u00faltimo, habl\u00f3 sobre la\u00a0<strong><em>\u201cidentificaci\u00f3n del caballo con la tierra de Andaluc\u00eda y Espa\u00f1a a trav\u00e9s de Sevilla con SICAB\u201d<\/em><\/strong>.<\/p>\n<p><strong>ANCCE<\/strong>\u00a0ser\u00e1 respetuosa con los protocolos de actuaci\u00f3n para conseguir cerrar una exitosa edici\u00f3n en la que sector,\u00a0<strong>Sevilla y Andaluc\u00eda<\/strong>, una vez m\u00e1s,\u00a0<strong><u>se conviertan en referencia mundial del comercio del caballo aut\u00f3ctono de nuestro pa\u00eds<\/u><\/strong>.<\/p>\n<p><a href=\"\/wp-content\/uploads\/2021\/11\/unnamed.jpg\" rel=\"lightbox-1\"><img loading=\"lazy\" decoding=\"async\" class=\"wp-image-6842 aligncenter\" src=\"\/wp-content\/uploads\/2021\/11\/unnamed.jpg\" alt=\"\" width=\"679\" height=\"454\" srcset=\"https:\/\/fundacioncajaruraldelsur.com\/wp-content\/uploads\/2021\/11\/unnamed.jpg 580w, https:\/\/fundacioncajaruraldelsur.com\/wp-content\/uploads\/2021\/11\/unnamed-300x201.jpg 300w\" sizes=\"auto, (max-width: 679px) 100vw, 679px\" \/><\/a><\/p>","protected":false},"excerpt":{"rendered":"<p>La sede de\u00a0Caja Rural del Sur en Sevilla ha acogido la presentaci\u00f3n oficial del 30 aniversario del Sal\u00f3n Internacional del Caballo, SICAB 2021, que tendr\u00e1 lugar del 16 al 21 [&hellip;]<\/p>\n","protected":false},"author":6,"featured_media":6841,"comment_status":"closed","ping_status":"closed","sticky":false,"template":"","format":"standard","meta":{"footnotes":""},"categories":[84],"tags":[],"class_list":["post-6840","post","type-post","status-publish","format-standard","has-post-thumbnail","hentry","category-presentaciones"],"yoast_head":"<!-- This site is optimized with the Yoast SEO plugin v27.3 - https:\/\/yoast.com\/product\/yoast-seo-wordpress\/ -->\n<title>Presentaci\u00f3n del Sal\u00f3n Internacional del Caballo, SICAB 2021, que cumple su 30 aniversario - Fundaci\u00f3n Caja Rural del Sur<\/title>\n<meta name=\"robots\" content=\"index, follow, max-snippet:-1, max-image-preview:large, max-video-preview:-1\" \/>\n<link rel=\"canonical\" href=\"https:\/\/fundacioncajaruraldelsur.com\/pt\/presentacion-oficialmente-el-salon-internacional-del-caballo-sicab-2021-que-cumple-su-30-aniversario\/\" \/>\n<meta property=\"og:locale\" content=\"pt_PT\" \/>\n<meta property=\"og:type\" content=\"article\" \/>\n<meta property=\"og:title\" content=\"Presentaci\u00f3n del Sal\u00f3n Internacional del Caballo, SICAB 2021, que cumple su 30 aniversario - Fundaci\u00f3n Caja Rural del Sur\" \/>\n<meta property=\"og:description\" content=\"La sede de\u00a0Caja Rural del Sur en Sevilla ha acogido la presentaci\u00f3n oficial del 30 aniversario del Sal\u00f3n Internacional del Caballo, SICAB 2021, que tendr\u00e1 lugar del 16 al 21 [&hellip;]\" \/>\n<meta property=\"og:url\" content=\"https:\/\/fundacioncajaruraldelsur.com\/pt\/presentacion-oficialmente-el-salon-internacional-del-caballo-sicab-2021-que-cumple-su-30-aniversario\/\" \/>\n<meta property=\"og:site_name\" content=\"Fundaci\u00f3n Caja Rural del Sur\" \/>\n<meta property=\"article:published_time\" content=\"2021-11-05T13:47:22+00:00\" \/>\n<meta property=\"article:modified_time\" content=\"2021-11-05T13:48:09+00:00\" \/>\n<meta property=\"og:image\" content=\"https:\/\/fundacioncajaruraldelsur.com\/wp-content\/uploads\/2021\/11\/unnamed-1.jpg\" \/>\n\t<meta property=\"og:image:width\" content=\"580\" \/>\n\t<meta property=\"og:image:height\" content=\"388\" \/>\n\t<meta property=\"og:image:type\" content=\"image\/jpeg\" \/>\n<meta name=\"author\" content=\"Comunicaci\u00f3n\" \/>\n<meta name=\"twitter:card\" content=\"summary_large_image\" \/>\n<meta name=\"twitter:label1\" content=\"Written by\" \/>\n\t<meta name=\"twitter:data1\" content=\"Comunicaci\u00f3n\" \/>\n\t<meta name=\"twitter:label2\" content=\"Est. reading time\" \/>\n\t<meta name=\"twitter:data2\" content=\"4 minutes\" \/>\n<script type=\"application\/ld+json\" class=\"yoast-schema-graph\">{\"@context\":\"https:\\\/\\\/schema.org\",\"@graph\":[{\"@type\":\"Article\",\"@id\":\"https:\\\/\\\/fundacioncajaruraldelsur.com\\\/presentacion-oficialmente-el-salon-internacional-del-caballo-sicab-2021-que-cumple-su-30-aniversario\\\/#article\",\"isPartOf\":{\"@id\":\"https:\\\/\\\/fundacioncajaruraldelsur.com\\\/presentacion-oficialmente-el-salon-internacional-del-caballo-sicab-2021-que-cumple-su-30-aniversario\\\/\"},\"author\":{\"name\":\"Comunicaci\u00f3n\",\"@id\":\"https:\\\/\\\/fundacioncajaruraldelsur.com\\\/#\\\/schema\\\/person\\\/f430da9fb783d505ff061ad8b3d44577\"},\"headline\":\"Presentaci\u00f3n del Sal\u00f3n Internacional del Caballo, SICAB 2021, que cumple su 30 aniversario\",\"datePublished\":\"2021-11-05T13:47:22+00:00\",\"dateModified\":\"2021-11-05T13:48:09+00:00\",\"mainEntityOfPage\":{\"@id\":\"https:\\\/\\\/fundacioncajaruraldelsur.com\\\/presentacion-oficialmente-el-salon-internacional-del-caballo-sicab-2021-que-cumple-su-30-aniversario\\\/\"},\"wordCount\":820,\"image\":{\"@id\":\"https:\\\/\\\/fundacioncajaruraldelsur.com\\\/presentacion-oficialmente-el-salon-internacional-del-caballo-sicab-2021-que-cumple-su-30-aniversario\\\/#primaryimage\"},\"thumbnailUrl\":\"https:\\\/\\\/fundacioncajaruraldelsur.com\\\/wp-content\\\/uploads\\\/2021\\\/11\\\/unnamed-1.jpg\",\"articleSection\":[\"Presentaciones\"],\"inLanguage\":\"pt-PT\"},{\"@type\":\"WebPage\",\"@id\":\"https:\\\/\\\/fundacioncajaruraldelsur.com\\\/presentacion-oficialmente-el-salon-internacional-del-caballo-sicab-2021-que-cumple-su-30-aniversario\\\/\",\"url\":\"https:\\\/\\\/fundacioncajaruraldelsur.com\\\/presentacion-oficialmente-el-salon-internacional-del-caballo-sicab-2021-que-cumple-su-30-aniversario\\\/\",\"name\":\"Presentaci\u00f3n del Sal\u00f3n Internacional del Caballo, SICAB 2021, que cumple su 30 aniversario - Fundaci\u00f3n Caja Rural del Sur\",\"isPartOf\":{\"@id\":\"https:\\\/\\\/fundacioncajaruraldelsur.com\\\/#website\"},\"primaryImageOfPage\":{\"@id\":\"https:\\\/\\\/fundacioncajaruraldelsur.com\\\/presentacion-oficialmente-el-salon-internacional-del-caballo-sicab-2021-que-cumple-su-30-aniversario\\\/#primaryimage\"},\"image\":{\"@id\":\"https:\\\/\\\/fundacioncajaruraldelsur.com\\\/presentacion-oficialmente-el-salon-internacional-del-caballo-sicab-2021-que-cumple-su-30-aniversario\\\/#primaryimage\"},\"thumbnailUrl\":\"https:\\\/\\\/fundacioncajaruraldelsur.com\\\/wp-content\\\/uploads\\\/2021\\\/11\\\/unnamed-1.jpg\",\"datePublished\":\"2021-11-05T13:47:22+00:00\",\"dateModified\":\"2021-11-05T13:48:09+00:00\",\"author\":{\"@id\":\"https:\\\/\\\/fundacioncajaruraldelsur.com\\\/#\\\/schema\\\/person\\\/f430da9fb783d505ff061ad8b3d44577\"},\"breadcrumb\":{\"@id\":\"https:\\\/\\\/fundacioncajaruraldelsur.com\\\/presentacion-oficialmente-el-salon-internacional-del-caballo-sicab-2021-que-cumple-su-30-aniversario\\\/#breadcrumb\"},\"inLanguage\":\"pt-PT\",\"potentialAction\":[{\"@type\":\"ReadAction\",\"target\":[\"https:\\\/\\\/fundacioncajaruraldelsur.com\\\/presentacion-oficialmente-el-salon-internacional-del-caballo-sicab-2021-que-cumple-su-30-aniversario\\\/\"]}]},{\"@type\":\"ImageObject\",\"inLanguage\":\"pt-PT\",\"@id\":\"https:\\\/\\\/fundacioncajaruraldelsur.com\\\/presentacion-oficialmente-el-salon-internacional-del-caballo-sicab-2021-que-cumple-su-30-aniversario\\\/#primaryimage\",\"url\":\"https:\\\/\\\/fundacioncajaruraldelsur.com\\\/wp-content\\\/uploads\\\/2021\\\/11\\\/unnamed-1.jpg\",\"contentUrl\":\"https:\\\/\\\/fundacioncajaruraldelsur.com\\\/wp-content\\\/uploads\\\/2021\\\/11\\\/unnamed-1.jpg\",\"width\":580,\"height\":388},{\"@type\":\"BreadcrumbList\",\"@id\":\"https:\\\/\\\/fundacioncajaruraldelsur.com\\\/presentacion-oficialmente-el-salon-internacional-del-caballo-sicab-2021-que-cumple-su-30-aniversario\\\/#breadcrumb\",\"itemListElement\":[{\"@type\":\"ListItem\",\"position\":1,\"name\":\"Portada\",\"item\":\"https:\\\/\\\/fundacioncajaruraldelsur.com\\\/\"},{\"@type\":\"ListItem\",\"position\":2,\"name\":\"Presentaci\u00f3n del Sal\u00f3n Internacional del Caballo, SICAB 2021, que cumple su 30 aniversario\"}]},{\"@type\":\"WebSite\",\"@id\":\"https:\\\/\\\/fundacioncajaruraldelsur.com\\\/#website\",\"url\":\"https:\\\/\\\/fundacioncajaruraldelsur.com\\\/\",\"name\":\"Fundaci\u00f3n Caja Rural del Sur\",\"description\":\"\",\"potentialAction\":[{\"@type\":\"SearchAction\",\"target\":{\"@type\":\"EntryPoint\",\"urlTemplate\":\"https:\\\/\\\/fundacioncajaruraldelsur.com\\\/?s={search_term_string}\"},\"query-input\":{\"@type\":\"PropertyValueSpecification\",\"valueRequired\":true,\"valueName\":\"search_term_string\"}}],\"inLanguage\":\"pt-PT\"},{\"@type\":\"Person\",\"@id\":\"https:\\\/\\\/fundacioncajaruraldelsur.com\\\/#\\\/schema\\\/person\\\/f430da9fb783d505ff061ad8b3d44577\",\"name\":\"Comunicaci\u00f3n\",\"image\":{\"@type\":\"ImageObject\",\"inLanguage\":\"pt-PT\",\"@id\":\"https:\\\/\\\/secure.gravatar.com\\\/avatar\\\/0dca239875993680bac4603ad2de7942da018f52cc3a244578e0b3b09314a8d8?s=96&d=blank&r=g\",\"url\":\"https:\\\/\\\/secure.gravatar.com\\\/avatar\\\/0dca239875993680bac4603ad2de7942da018f52cc3a244578e0b3b09314a8d8?s=96&d=blank&r=g\",\"contentUrl\":\"https:\\\/\\\/secure.gravatar.com\\\/avatar\\\/0dca239875993680bac4603ad2de7942da018f52cc3a244578e0b3b09314a8d8?s=96&d=blank&r=g\",\"caption\":\"Comunicaci\u00f3n\"}}]}<\/script>\n<!-- \/ Yoast SEO plugin. -->","yoast_head_json":{"title":"Presentaci\u00f3n del Sal\u00f3n Internacional del Caballo, SICAB 2021, que cumple su 30 aniversario - Fundaci\u00f3n Caja Rural del Sur","robots":{"index":"index","follow":"follow","max-snippet":"max-snippet:-1","max-image-preview":"max-image-preview:large","max-video-preview":"max-video-preview:-1"},"canonical":"https:\/\/fundacioncajaruraldelsur.com\/pt\/presentacion-oficialmente-el-salon-internacional-del-caballo-sicab-2021-que-cumple-su-30-aniversario\/","og_locale":"pt_PT","og_type":"article","og_title":"Presentaci\u00f3n del Sal\u00f3n Internacional del Caballo, SICAB 2021, que cumple su 30 aniversario - Fundaci\u00f3n Caja Rural del Sur","og_description":"La sede de\u00a0Caja Rural del Sur en Sevilla ha acogido la presentaci\u00f3n oficial del 30 aniversario del Sal\u00f3n Internacional del Caballo, SICAB 2021, que tendr\u00e1 lugar del 16 al 21 [&hellip;]","og_url":"https:\/\/fundacioncajaruraldelsur.com\/pt\/presentacion-oficialmente-el-salon-internacional-del-caballo-sicab-2021-que-cumple-su-30-aniversario\/","og_site_name":"Fundaci\u00f3n Caja Rural del Sur","article_published_time":"2021-11-05T13:47:22+00:00","article_modified_time":"2021-11-05T13:48:09+00:00","og_image":[{"width":580,"height":388,"url":"https:\/\/fundacioncajaruraldelsur.com\/wp-content\/uploads\/2021\/11\/unnamed-1.jpg","type":"image\/jpeg"}],"author":"Comunicaci\u00f3n","twitter_card":"summary_large_image","twitter_misc":{"Written by":"Comunicaci\u00f3n","Est. reading time":"4 minutes"},"schema":{"@context":"https:\/\/schema.org","@graph":[{"@type":"Article","@id":"https:\/\/fundacioncajaruraldelsur.com\/presentacion-oficialmente-el-salon-internacional-del-caballo-sicab-2021-que-cumple-su-30-aniversario\/#article","isPartOf":{"@id":"https:\/\/fundacioncajaruraldelsur.com\/presentacion-oficialmente-el-salon-internacional-del-caballo-sicab-2021-que-cumple-su-30-aniversario\/"},"author":{"name":"Comunicaci\u00f3n","@id":"https:\/\/fundacioncajaruraldelsur.com\/#\/schema\/person\/f430da9fb783d505ff061ad8b3d44577"},"headline":"Presentaci\u00f3n del Sal\u00f3n Internacional del Caballo, SICAB 2021, que cumple su 30 aniversario","datePublished":"2021-11-05T13:47:22+00:00","dateModified":"2021-11-05T13:48:09+00:00","mainEntityOfPage":{"@id":"https:\/\/fundacioncajaruraldelsur.com\/presentacion-oficialmente-el-salon-internacional-del-caballo-sicab-2021-que-cumple-su-30-aniversario\/"},"wordCount":820,"image":{"@id":"https:\/\/fundacioncajaruraldelsur.com\/presentacion-oficialmente-el-salon-internacional-del-caballo-sicab-2021-que-cumple-su-30-aniversario\/#primaryimage"},"thumbnailUrl":"https:\/\/fundacioncajaruraldelsur.com\/wp-content\/uploads\/2021\/11\/unnamed-1.jpg","articleSection":["Presentaciones"],"inLanguage":"pt-PT"},{"@type":"WebPage","@id":"https:\/\/fundacioncajaruraldelsur.com\/presentacion-oficialmente-el-salon-internacional-del-caballo-sicab-2021-que-cumple-su-30-aniversario\/","url":"https:\/\/fundacioncajaruraldelsur.com\/presentacion-oficialmente-el-salon-internacional-del-caballo-sicab-2021-que-cumple-su-30-aniversario\/","name":"Presentaci\u00f3n del Sal\u00f3n Internacional del Caballo, SICAB 2021, que cumple su 30 aniversario - Fundaci\u00f3n Caja Rural del Sur","isPartOf":{"@id":"https:\/\/fundacioncajaruraldelsur.com\/#website"},"primaryImageOfPage":{"@id":"https:\/\/fundacioncajaruraldelsur.com\/presentacion-oficialmente-el-salon-internacional-del-caballo-sicab-2021-que-cumple-su-30-aniversario\/#primaryimage"},"image":{"@id":"https:\/\/fundacioncajaruraldelsur.com\/presentacion-oficialmente-el-salon-internacional-del-caballo-sicab-2021-que-cumple-su-30-aniversario\/#primaryimage"},"thumbnailUrl":"https:\/\/fundacioncajaruraldelsur.com\/wp-content\/uploads\/2021\/11\/unnamed-1.jpg","datePublished":"2021-11-05T13:47:22+00:00","dateModified":"2021-11-05T13:48:09+00:00","author":{"@id":"https:\/\/fundacioncajaruraldelsur.com\/#\/schema\/person\/f430da9fb783d505ff061ad8b3d44577"},"breadcrumb":{"@id":"https:\/\/fundacioncajaruraldelsur.com\/presentacion-oficialmente-el-salon-internacional-del-caballo-sicab-2021-que-cumple-su-30-aniversario\/#breadcrumb"},"inLanguage":"pt-PT","potentialAction":[{"@type":"ReadAction","target":["https:\/\/fundacioncajaruraldelsur.com\/presentacion-oficialmente-el-salon-internacional-del-caballo-sicab-2021-que-cumple-su-30-aniversario\/"]}]},{"@type":"ImageObject","inLanguage":"pt-PT","@id":"https:\/\/fundacioncajaruraldelsur.com\/presentacion-oficialmente-el-salon-internacional-del-caballo-sicab-2021-que-cumple-su-30-aniversario\/#primaryimage","url":"https:\/\/fundacioncajaruraldelsur.com\/wp-content\/uploads\/2021\/11\/unnamed-1.jpg","contentUrl":"https:\/\/fundacioncajaruraldelsur.com\/wp-content\/uploads\/2021\/11\/unnamed-1.jpg","width":580,"height":388},{"@type":"BreadcrumbList","@id":"https:\/\/fundacioncajaruraldelsur.com\/presentacion-oficialmente-el-salon-internacional-del-caballo-sicab-2021-que-cumple-su-30-aniversario\/#breadcrumb","itemListElement":[{"@type":"ListItem","position":1,"name":"Portada","item":"https:\/\/fundacioncajaruraldelsur.com\/"},{"@type":"ListItem","position":2,"name":"Presentaci\u00f3n del Sal\u00f3n Internacional del Caballo, SICAB 2021, que cumple su 30 aniversario"}]},{"@type":"WebSite","@id":"https:\/\/fundacioncajaruraldelsur.com\/#website","url":"https:\/\/fundacioncajaruraldelsur.com\/","name":"Funda\u00e7\u00e3o Caja Rural del Sur","description":"","potentialAction":[{"@type":"SearchAction","target":{"@type":"EntryPoint","urlTemplate":"https:\/\/fundacioncajaruraldelsur.com\/?s={search_term_string}"},"query-input":{"@type":"PropertyValueSpecification","valueRequired":true,"valueName":"search_term_string"}}],"inLanguage":"pt-PT"},{"@type":"Person","@id":"https:\/\/fundacioncajaruraldelsur.com\/#\/schema\/person\/f430da9fb783d505ff061ad8b3d44577","name":"Comunicaci\u00f3n","image":{"@type":"ImageObject","inLanguage":"pt-PT","@id":"https:\/\/secure.gravatar.com\/avatar\/0dca239875993680bac4603ad2de7942da018f52cc3a244578e0b3b09314a8d8?s=96&d=blank&r=g","url":"https:\/\/secure.gravatar.com\/avatar\/0dca239875993680bac4603ad2de7942da018f52cc3a244578e0b3b09314a8d8?s=96&d=blank&r=g","contentUrl":"https:\/\/secure.gravatar.com\/avatar\/0dca239875993680bac4603ad2de7942da018f52cc3a244578e0b3b09314a8d8?s=96&d=blank&r=g","caption":"Comunicaci\u00f3n"}}]}},"rttpg_featured_image_url":{"full":["https:\/\/fundacioncajaruraldelsur.com\/wp-content\/uploads\/2021\/11\/unnamed-1.jpg",580,388,false],"landscape":["https:\/\/fundacioncajaruraldelsur.com\/wp-content\/uploads\/2021\/11\/unnamed-1.jpg",580,388,false],"portraits":["https:\/\/fundacioncajaruraldelsur.com\/wp-content\/uploads\/2021\/11\/unnamed-1.jpg",580,388,false],"thumbnail":["https:\/\/fundacioncajaruraldelsur.com\/wp-content\/uploads\/2021\/11\/unnamed-1-150x150.jpg",150,150,true],"medium":["https:\/\/fundacioncajaruraldelsur.com\/wp-content\/uploads\/2021\/11\/unnamed-1-300x201.jpg",300,201,true],"large":["https:\/\/fundacioncajaruraldelsur.com\/wp-content\/uploads\/2021\/11\/unnamed-1.jpg",580,388,false],"1536x1536":["https:\/\/fundacioncajaruraldelsur.com\/wp-content\/uploads\/2021\/11\/unnamed-1.jpg",580,388,false],"2048x2048":["https:\/\/fundacioncajaruraldelsur.com\/wp-content\/uploads\/2021\/11\/unnamed-1.jpg",580,388,false],"trp-custom-language-flag":["https:\/\/fundacioncajaruraldelsur.com\/wp-content\/uploads\/2021\/11\/unnamed-1.jpg",18,12,false],"blog-thumbnail":["https:\/\/fundacioncajaruraldelsur.com\/wp-content\/uploads\/2021\/11\/unnamed-1-400x200.jpg",400,200,true]},"rttpg_author":{"display_name":"Comunicaci\u00f3n","author_link":"https:\/\/fundacioncajaruraldelsur.com\/pt\/author\/sevillaadmin\/"},"rttpg_comment":0,"rttpg_category":"<a href=\"https:\/\/fundacioncajaruraldelsur.com\/pt\/category\/presentaciones\/\" rel=\"category tag\">Presentaciones<\/a>","rttpg_excerpt":"La sede de\u00a0Caja Rural del Sur en Sevilla ha acogido la presentaci\u00f3n oficial del 30 aniversario del Sal\u00f3n Internacional del Caballo, SICAB 2021, que tendr\u00e1 lugar del 16 al 21 [&hellip;]","_links":{"self":[{"href":"https:\/\/fundacioncajaruraldelsur.com\/pt\/wp-json\/wp\/v2\/posts\/6840","targetHints":{"allow":["GET"]}}],"collection":[{"href":"https:\/\/fundacioncajaruraldelsur.com\/pt\/wp-json\/wp\/v2\/posts"}],"about":[{"href":"https:\/\/fundacioncajaruraldelsur.com\/pt\/wp-json\/wp\/v2\/types\/post"}],"author":[{"embeddable":true,"href":"https:\/\/fundacioncajaruraldelsur.com\/pt\/wp-json\/wp\/v2\/users\/6"}],"replies":[{"embeddable":true,"href":"https:\/\/fundacioncajaruraldelsur.com\/pt\/wp-json\/wp\/v2\/comments?post=6840"}],"version-history":[{"count":2,"href":"https:\/\/fundacioncajaruraldelsur.com\/pt\/wp-json\/wp\/v2\/posts\/6840\/revisions"}],"predecessor-version":[{"id":6845,"href":"https:\/\/fundacioncajaruraldelsur.com\/pt\/wp-json\/wp\/v2\/posts\/6840\/revisions\/6845"}],"wp:featuredmedia":[{"embeddable":true,"href":"https:\/\/fundacioncajaruraldelsur.com\/pt\/wp-json\/wp\/v2\/media\/6841"}],"wp:attachment":[{"href":"https:\/\/fundacioncajaruraldelsur.com\/pt\/wp-json\/wp\/v2\/media?parent=6840"}],"wp:term":[{"taxonomy":"category","embeddable":true,"href":"https:\/\/fundacioncajaruraldelsur.com\/pt\/wp-json\/wp\/v2\/categories?post=6840"},{"taxonomy":"post_tag","embeddable":true,"href":"https:\/\/fundacioncajaruraldelsur.com\/pt\/wp-json\/wp\/v2\/tags?post=6840"}],"curies":[{"name":"wp","href":"https:\/\/api.w.org\/{rel}","templated":true}]}}