{"id":6806,"date":"2021-10-29T16:54:05","date_gmt":"2021-10-29T14:54:05","guid":{"rendered":"\/?p=6806"},"modified":"2021-10-29T16:55:34","modified_gmt":"2021-10-29T14:55:34","slug":"otorgados-los-premios-felipe-gonzalez-de-canales-en-reconocimiento-al-sector-agrario","status":"publish","type":"post","link":"https:\/\/fundacioncajaruraldelsur.com\/pt\/otorgados-los-premios-felipe-gonzalez-de-canales-en-reconocimiento-al-sector-agrario\/","title":{"rendered":"Otorgados los premios \u00abFelipe Gonz\u00e1lez de Canales\u00bb en reconocimiento al sector agrario"},"content":{"rendered":"<p>Asaja C\u00f3rdoba, La Voz de C\u00f3rdoba y el Cabildo Catedral han hecho entrega de los galardones de la cuarta edici\u00f3n de los premios \u2018Felipe Gonz\u00e1lez de Canales\u2019 al sector agrario, en reconocimiento a \u201cla fundamental labor y el encomiable trabajo que realizan cada d\u00eda muchas personas y entidades vinculadas a este sector econ\u00f3mico\u201d y que han recibido el reconocido \u2018Sant\u00f3n\u2019 en se\u00f1al de reconocimiento. Los premios han contado con el patrocinio principal de la Fundaci\u00f3n Caja Rural del Sur representada con la asistencia del Director General de la misma, \u00a0Emilio Ponce, y Manuel Ruiz Rojas.<\/p>\n<p>Este galard\u00f3n reconoce la labor que realizan a diario muchas personas, empresas, entidades e instituciones vinculadas de forma directa e indirecta al sector agrario y al mundo rural. En esta ocasi\u00f3n los siete premiados han sido el Centro de investigaci\u00f3n y calidad agroalimentaria del Valle de los Pedroches (CICAP), Aserradores de Villaviciosa, Lorena Guerra, Kisco Garc\u00eda, el Foro Interalimentario, Cristina Lobillo Borrero y el Plan Infoca.<\/p>\n<p>El acto comenz\u00f3 dando la bienvenida por parte del alcalde de C\u00f3rdoba, Jos\u00e9 Mar\u00eda Bellido, el presidente de Asaja C\u00f3rdoba, Ignacio Fern\u00e1ndez de Mesa; el director de La Voz de C\u00f3rdoba, Antonio Prieto; el vicepresidente de Caja Rural del Sur, Ricardo L\u00f3pez-Crespo y Felipe Gonz\u00e1lez de Canales, pionero en el asociacionismo agrario y fundador de J\u00f3venes Agricultores, hoy Asaja Nacional.<\/p>\n<div id=\"divVideoStepAdTop\" class=\"divVideoStep\">\n<div id=\"infeed_script\">\n<div id=\"divMosaic+[HtmlId]\" class=\"ivbsGeneral\">\n<div>\n<div class=\"ivTrigger\">Seguidamente, se dio paso a la entrega de premios, el primero de ellos, a la Innovaci\u00f3n e Investigaci\u00f3n y\/o Proyecci\u00f3n Internacional, que recay\u00f3 en el Centro de Investigaci\u00f3n y Calidad Agroalimentaria (CICAP) del Valle de los Pedroches, una fundaci\u00f3n que est\u00e1 proyectando internacionalmente a Espa\u00f1a, Andaluc\u00eda y C\u00f3rdoba a trav\u00e9s de la innovaci\u00f3n e investigaci\u00f3n en la agroindustria.<\/div>\n<\/div>\n<\/div>\n<\/div>\n<\/div>\n<div class=\"ad-slot oat oat-visible oat-top \" data-mark=\"Publicidad\">\n<div id=\"sas_65040\"><\/div>\n<\/div>\n<div id=\"oa-360-1635518817018_hbshefd0w\" class=\"oa_am\">\n<div id=\"oa-360-1635518817018_ha8yxgxo6\">\n<div id=\"oa-360-1635518817018_7t9285avx\">La siguiente categor\u00eda, al Joven Emprendedor\/a, fue Lorena Guerra, instagramer e ingeniera agr\u00edcola divulgadora de la actividad agraria, siendo un gran referente en el mundo de las redes sociales con m\u00e1s de 23.000 seguidores en Instagram.<\/div>\n<\/div>\n<\/div>\n<p>En el premio a la Gastronom\u00eda, se reconoci\u00f3 a Kisko Garc\u00eda, chef cordob\u00e9s galardonado con la Estrella Michel\u00edn y referente en la puesta en valor del campo y sus productos desde la gastronom\u00eda. Representa la nueva y ya s\u00f3lida hornada de j\u00f3venes chefs andaluces que est\u00e1n impregnando de imaginaci\u00f3n el milenario recetario de la tierra.<\/p>\n<p>Asimismo, en la categor\u00eda a los Valores del Asociacionismo, se reconoci\u00f3 al Foro Interalimentario, una asociaci\u00f3n de empresas l\u00edderes de la industria y distribuci\u00f3n alimentaria espa\u00f1ola. Constituida en 2006, representa a 37 empresas y cooperativas del sector agroalimentario.<\/p>\n<p>Seguidamente, la categor\u00eda de Econom\u00eda Circular fue para Aserraderos de Villaviciosa, que comercializa los subproductos generados en sus instalaciones, tales como la corteza, la astilla y el serr\u00edn.<\/p>\n<div id=\"oa-360-1635518817018_nldomfpgs\" class=\"oa_am\">\n<div id=\"oa-360-1635518817018_cu0106nwy\">\n<div id=\"oa-360-1635518817018_oag4o31kv\">Por su parte, el premio \u2018Felipe Gonz\u00e1lez de Canales\u2019 a una Trayectoria Ejemplar fue para Cristina Lobillo, directora de Pol\u00edtica Energ\u00e9tica en la Direcci\u00f3n General de Energ\u00eda de la Uni\u00f3n Europea, habiendo trabajado tambi\u00e9n en los gabinetes de los exministros de Agricultura Loyola de Palacio y Miguel Arias Ca\u00f1ete, adem\u00e1s de en las direcciones generales de Agricultura y Comercio de la Comisi\u00f3n Europea.<\/div>\n<\/div>\n<\/div>\n<p>Finalmente, se hizo tambi\u00e9n un reconocimiento especial al Plan Infoca, galard\u00f3n que fue recogido por la consejera de Agricultura de la Junta de Andaluc\u00eda, Carmen Crespo, en reconocimiento a la labor tan importante de limpieza que realizan de montes y control de pastos en explotaciones agr\u00edcolas, ganaderas, cineg\u00e9ticas y forestales que realizan sus efectivos, siendo garant\u00eda de la conservaci\u00f3n de los ecosistemas y de la econom\u00eda del mundo rural.<\/p>\n<p>Para concluir, tras la entrega de premios, la clausura del acto corri\u00f3 a cargo del Obispo de C\u00f3rdoba, Demetrio Fern\u00e1ndez y el alcalde de C\u00f3rdoba, Jos\u00e9 Mar\u00eda Bellido.<\/p>\n<p><a href=\"\/wp-content\/uploads\/2021\/10\/MG_8330.jpg\" rel=\"lightbox-0\"><img loading=\"lazy\" decoding=\"async\" class=\"alignnone wp-image-6810 size-full\" src=\"\/wp-content\/uploads\/2021\/10\/MG_8330.jpg\" alt=\"\" width=\"900\" height=\"600\" srcset=\"https:\/\/fundacioncajaruraldelsur.com\/wp-content\/uploads\/2021\/10\/MG_8330.jpg 900w, https:\/\/fundacioncajaruraldelsur.com\/wp-content\/uploads\/2021\/10\/MG_8330-300x200.jpg 300w, https:\/\/fundacioncajaruraldelsur.com\/wp-content\/uploads\/2021\/10\/MG_8330-768x512.jpg 768w\" sizes=\"auto, (max-width: 900px) 100vw, 900px\" \/><\/a><\/p>\n","protected":false},"excerpt":{"rendered":"<p>Asaja C\u00f3rdoba, La Voz de C\u00f3rdoba y el Cabildo Catedral han hecho entrega de los galardones de la cuarta edici\u00f3n de los premios \u2018Felipe Gonz\u00e1lez de Canales\u2019 al sector agrario, [&hellip;]<\/p>\n","protected":false},"author":6,"featured_media":6807,"comment_status":"closed","ping_status":"closed","sticky":false,"template":"","format":"standard","meta":{"footnotes":""},"categories":[64],"tags":[],"class_list":["post-6806","post","type-post","status-publish","format-standard","has-post-thumbnail","hentry","category-premios"],"yoast_head":"<!-- This site is optimized with the Yoast SEO plugin v27.3 - https:\/\/yoast.com\/product\/yoast-seo-wordpress\/ -->\n<title>Otorgados los premios &quot;Felipe Gonz\u00e1lez de Canales&quot; en reconocimiento al sector agrario - Fundaci\u00f3n Caja Rural del Sur<\/title>\n<meta name=\"robots\" content=\"index, follow, max-snippet:-1, max-image-preview:large, max-video-preview:-1\" \/>\n<link rel=\"canonical\" href=\"https:\/\/fundacioncajaruraldelsur.com\/pt\/otorgados-los-premios-felipe-gonzalez-de-canales-en-reconocimiento-al-sector-agrario\/\" \/>\n<meta property=\"og:locale\" content=\"pt_PT\" \/>\n<meta property=\"og:type\" content=\"article\" \/>\n<meta property=\"og:title\" content=\"Otorgados los premios &quot;Felipe Gonz\u00e1lez de Canales&quot; en reconocimiento al sector agrario - Fundaci\u00f3n Caja Rural del Sur\" \/>\n<meta property=\"og:description\" content=\"Asaja C\u00f3rdoba, La Voz de C\u00f3rdoba y el Cabildo Catedral han hecho entrega de los galardones de la cuarta edici\u00f3n de los premios \u2018Felipe Gonz\u00e1lez de Canales\u2019 al sector agrario, [&hellip;]\" \/>\n<meta property=\"og:url\" content=\"https:\/\/fundacioncajaruraldelsur.com\/pt\/otorgados-los-premios-felipe-gonzalez-de-canales-en-reconocimiento-al-sector-agrario\/\" \/>\n<meta property=\"og:site_name\" content=\"Fundaci\u00f3n Caja Rural del Sur\" \/>\n<meta property=\"article:published_time\" content=\"2021-10-29T14:54:05+00:00\" \/>\n<meta property=\"article:modified_time\" content=\"2021-10-29T14:55:34+00:00\" \/>\n<meta property=\"og:image\" content=\"https:\/\/fundacioncajaruraldelsur.com\/wp-content\/uploads\/2021\/10\/premios-glez-canales.jpg\" \/>\n\t<meta property=\"og:image:width\" content=\"1280\" \/>\n\t<meta property=\"og:image:height\" content=\"960\" \/>\n\t<meta property=\"og:image:type\" content=\"image\/jpeg\" \/>\n<meta name=\"author\" content=\"Comunicaci\u00f3n\" \/>\n<meta name=\"twitter:card\" content=\"summary_large_image\" \/>\n<meta name=\"twitter:label1\" content=\"Written by\" \/>\n\t<meta name=\"twitter:data1\" content=\"Comunicaci\u00f3n\" \/>\n\t<meta name=\"twitter:label2\" content=\"Est. reading time\" \/>\n\t<meta name=\"twitter:data2\" content=\"3 minutes\" \/>\n<script type=\"application\/ld+json\" class=\"yoast-schema-graph\">{\"@context\":\"https:\\\/\\\/schema.org\",\"@graph\":[{\"@type\":\"Article\",\"@id\":\"https:\\\/\\\/fundacioncajaruraldelsur.com\\\/otorgados-los-premios-felipe-gonzalez-de-canales-en-reconocimiento-al-sector-agrario\\\/#article\",\"isPartOf\":{\"@id\":\"https:\\\/\\\/fundacioncajaruraldelsur.com\\\/otorgados-los-premios-felipe-gonzalez-de-canales-en-reconocimiento-al-sector-agrario\\\/\"},\"author\":{\"name\":\"Comunicaci\u00f3n\",\"@id\":\"https:\\\/\\\/fundacioncajaruraldelsur.com\\\/#\\\/schema\\\/person\\\/f430da9fb783d505ff061ad8b3d44577\"},\"headline\":\"Otorgados los premios \u00abFelipe Gonz\u00e1lez de Canales\u00bb en reconocimiento al sector agrario\",\"datePublished\":\"2021-10-29T14:54:05+00:00\",\"dateModified\":\"2021-10-29T14:55:34+00:00\",\"mainEntityOfPage\":{\"@id\":\"https:\\\/\\\/fundacioncajaruraldelsur.com\\\/otorgados-los-premios-felipe-gonzalez-de-canales-en-reconocimiento-al-sector-agrario\\\/\"},\"wordCount\":682,\"image\":{\"@id\":\"https:\\\/\\\/fundacioncajaruraldelsur.com\\\/otorgados-los-premios-felipe-gonzalez-de-canales-en-reconocimiento-al-sector-agrario\\\/#primaryimage\"},\"thumbnailUrl\":\"https:\\\/\\\/fundacioncajaruraldelsur.com\\\/wp-content\\\/uploads\\\/2021\\\/10\\\/premios-glez-canales.jpg\",\"articleSection\":[\"Premios\"],\"inLanguage\":\"pt-PT\"},{\"@type\":\"WebPage\",\"@id\":\"https:\\\/\\\/fundacioncajaruraldelsur.com\\\/otorgados-los-premios-felipe-gonzalez-de-canales-en-reconocimiento-al-sector-agrario\\\/\",\"url\":\"https:\\\/\\\/fundacioncajaruraldelsur.com\\\/otorgados-los-premios-felipe-gonzalez-de-canales-en-reconocimiento-al-sector-agrario\\\/\",\"name\":\"Otorgados los premios \\\"Felipe Gonz\u00e1lez de Canales\\\" en reconocimiento al sector agrario - Fundaci\u00f3n Caja Rural del Sur\",\"isPartOf\":{\"@id\":\"https:\\\/\\\/fundacioncajaruraldelsur.com\\\/#website\"},\"primaryImageOfPage\":{\"@id\":\"https:\\\/\\\/fundacioncajaruraldelsur.com\\\/otorgados-los-premios-felipe-gonzalez-de-canales-en-reconocimiento-al-sector-agrario\\\/#primaryimage\"},\"image\":{\"@id\":\"https:\\\/\\\/fundacioncajaruraldelsur.com\\\/otorgados-los-premios-felipe-gonzalez-de-canales-en-reconocimiento-al-sector-agrario\\\/#primaryimage\"},\"thumbnailUrl\":\"https:\\\/\\\/fundacioncajaruraldelsur.com\\\/wp-content\\\/uploads\\\/2021\\\/10\\\/premios-glez-canales.jpg\",\"datePublished\":\"2021-10-29T14:54:05+00:00\",\"dateModified\":\"2021-10-29T14:55:34+00:00\",\"author\":{\"@id\":\"https:\\\/\\\/fundacioncajaruraldelsur.com\\\/#\\\/schema\\\/person\\\/f430da9fb783d505ff061ad8b3d44577\"},\"breadcrumb\":{\"@id\":\"https:\\\/\\\/fundacioncajaruraldelsur.com\\\/otorgados-los-premios-felipe-gonzalez-de-canales-en-reconocimiento-al-sector-agrario\\\/#breadcrumb\"},\"inLanguage\":\"pt-PT\",\"potentialAction\":[{\"@type\":\"ReadAction\",\"target\":[\"https:\\\/\\\/fundacioncajaruraldelsur.com\\\/otorgados-los-premios-felipe-gonzalez-de-canales-en-reconocimiento-al-sector-agrario\\\/\"]}]},{\"@type\":\"ImageObject\",\"inLanguage\":\"pt-PT\",\"@id\":\"https:\\\/\\\/fundacioncajaruraldelsur.com\\\/otorgados-los-premios-felipe-gonzalez-de-canales-en-reconocimiento-al-sector-agrario\\\/#primaryimage\",\"url\":\"https:\\\/\\\/fundacioncajaruraldelsur.com\\\/wp-content\\\/uploads\\\/2021\\\/10\\\/premios-glez-canales.jpg\",\"contentUrl\":\"https:\\\/\\\/fundacioncajaruraldelsur.com\\\/wp-content\\\/uploads\\\/2021\\\/10\\\/premios-glez-canales.jpg\",\"width\":1280,\"height\":960},{\"@type\":\"BreadcrumbList\",\"@id\":\"https:\\\/\\\/fundacioncajaruraldelsur.com\\\/otorgados-los-premios-felipe-gonzalez-de-canales-en-reconocimiento-al-sector-agrario\\\/#breadcrumb\",\"itemListElement\":[{\"@type\":\"ListItem\",\"position\":1,\"name\":\"Portada\",\"item\":\"https:\\\/\\\/fundacioncajaruraldelsur.com\\\/\"},{\"@type\":\"ListItem\",\"position\":2,\"name\":\"Otorgados los premios \u00abFelipe Gonz\u00e1lez de Canales\u00bb en reconocimiento al sector agrario\"}]},{\"@type\":\"WebSite\",\"@id\":\"https:\\\/\\\/fundacioncajaruraldelsur.com\\\/#website\",\"url\":\"https:\\\/\\\/fundacioncajaruraldelsur.com\\\/\",\"name\":\"Fundaci\u00f3n Caja Rural del Sur\",\"description\":\"\",\"potentialAction\":[{\"@type\":\"SearchAction\",\"target\":{\"@type\":\"EntryPoint\",\"urlTemplate\":\"https:\\\/\\\/fundacioncajaruraldelsur.com\\\/?s={search_term_string}\"},\"query-input\":{\"@type\":\"PropertyValueSpecification\",\"valueRequired\":true,\"valueName\":\"search_term_string\"}}],\"inLanguage\":\"pt-PT\"},{\"@type\":\"Person\",\"@id\":\"https:\\\/\\\/fundacioncajaruraldelsur.com\\\/#\\\/schema\\\/person\\\/f430da9fb783d505ff061ad8b3d44577\",\"name\":\"Comunicaci\u00f3n\",\"image\":{\"@type\":\"ImageObject\",\"inLanguage\":\"pt-PT\",\"@id\":\"https:\\\/\\\/secure.gravatar.com\\\/avatar\\\/0dca239875993680bac4603ad2de7942da018f52cc3a244578e0b3b09314a8d8?s=96&d=blank&r=g\",\"url\":\"https:\\\/\\\/secure.gravatar.com\\\/avatar\\\/0dca239875993680bac4603ad2de7942da018f52cc3a244578e0b3b09314a8d8?s=96&d=blank&r=g\",\"contentUrl\":\"https:\\\/\\\/secure.gravatar.com\\\/avatar\\\/0dca239875993680bac4603ad2de7942da018f52cc3a244578e0b3b09314a8d8?s=96&d=blank&r=g\",\"caption\":\"Comunicaci\u00f3n\"}}]}<\/script>\n<!-- \/ Yoast SEO plugin. -->","yoast_head_json":{"title":"Otorgados los premios \"Felipe Gonz\u00e1lez de Canales\" en reconocimiento al sector agrario - Fundaci\u00f3n Caja Rural del Sur","robots":{"index":"index","follow":"follow","max-snippet":"max-snippet:-1","max-image-preview":"max-image-preview:large","max-video-preview":"max-video-preview:-1"},"canonical":"https:\/\/fundacioncajaruraldelsur.com\/pt\/otorgados-los-premios-felipe-gonzalez-de-canales-en-reconocimiento-al-sector-agrario\/","og_locale":"pt_PT","og_type":"article","og_title":"Otorgados los premios \"Felipe Gonz\u00e1lez de Canales\" en reconocimiento al sector agrario - Fundaci\u00f3n Caja Rural del Sur","og_description":"Asaja C\u00f3rdoba, La Voz de C\u00f3rdoba y el Cabildo Catedral han hecho entrega de los galardones de la cuarta edici\u00f3n de los premios \u2018Felipe Gonz\u00e1lez de Canales\u2019 al sector agrario, [&hellip;]","og_url":"https:\/\/fundacioncajaruraldelsur.com\/pt\/otorgados-los-premios-felipe-gonzalez-de-canales-en-reconocimiento-al-sector-agrario\/","og_site_name":"Fundaci\u00f3n Caja Rural del Sur","article_published_time":"2021-10-29T14:54:05+00:00","article_modified_time":"2021-10-29T14:55:34+00:00","og_image":[{"width":1280,"height":960,"url":"https:\/\/fundacioncajaruraldelsur.com\/wp-content\/uploads\/2021\/10\/premios-glez-canales.jpg","type":"image\/jpeg"}],"author":"Comunicaci\u00f3n","twitter_card":"summary_large_image","twitter_misc":{"Written by":"Comunicaci\u00f3n","Est. reading time":"3 minutes"},"schema":{"@context":"https:\/\/schema.org","@graph":[{"@type":"Article","@id":"https:\/\/fundacioncajaruraldelsur.com\/otorgados-los-premios-felipe-gonzalez-de-canales-en-reconocimiento-al-sector-agrario\/#article","isPartOf":{"@id":"https:\/\/fundacioncajaruraldelsur.com\/otorgados-los-premios-felipe-gonzalez-de-canales-en-reconocimiento-al-sector-agrario\/"},"author":{"name":"Comunicaci\u00f3n","@id":"https:\/\/fundacioncajaruraldelsur.com\/#\/schema\/person\/f430da9fb783d505ff061ad8b3d44577"},"headline":"Otorgados los premios \u00abFelipe Gonz\u00e1lez de Canales\u00bb en reconocimiento al sector agrario","datePublished":"2021-10-29T14:54:05+00:00","dateModified":"2021-10-29T14:55:34+00:00","mainEntityOfPage":{"@id":"https:\/\/fundacioncajaruraldelsur.com\/otorgados-los-premios-felipe-gonzalez-de-canales-en-reconocimiento-al-sector-agrario\/"},"wordCount":682,"image":{"@id":"https:\/\/fundacioncajaruraldelsur.com\/otorgados-los-premios-felipe-gonzalez-de-canales-en-reconocimiento-al-sector-agrario\/#primaryimage"},"thumbnailUrl":"https:\/\/fundacioncajaruraldelsur.com\/wp-content\/uploads\/2021\/10\/premios-glez-canales.jpg","articleSection":["Premios"],"inLanguage":"pt-PT"},{"@type":"WebPage","@id":"https:\/\/fundacioncajaruraldelsur.com\/otorgados-los-premios-felipe-gonzalez-de-canales-en-reconocimiento-al-sector-agrario\/","url":"https:\/\/fundacioncajaruraldelsur.com\/otorgados-los-premios-felipe-gonzalez-de-canales-en-reconocimiento-al-sector-agrario\/","name":"Otorgados los premios \"Felipe Gonz\u00e1lez de Canales\" en reconocimiento al sector agrario - Fundaci\u00f3n Caja Rural del Sur","isPartOf":{"@id":"https:\/\/fundacioncajaruraldelsur.com\/#website"},"primaryImageOfPage":{"@id":"https:\/\/fundacioncajaruraldelsur.com\/otorgados-los-premios-felipe-gonzalez-de-canales-en-reconocimiento-al-sector-agrario\/#primaryimage"},"image":{"@id":"https:\/\/fundacioncajaruraldelsur.com\/otorgados-los-premios-felipe-gonzalez-de-canales-en-reconocimiento-al-sector-agrario\/#primaryimage"},"thumbnailUrl":"https:\/\/fundacioncajaruraldelsur.com\/wp-content\/uploads\/2021\/10\/premios-glez-canales.jpg","datePublished":"2021-10-29T14:54:05+00:00","dateModified":"2021-10-29T14:55:34+00:00","author":{"@id":"https:\/\/fundacioncajaruraldelsur.com\/#\/schema\/person\/f430da9fb783d505ff061ad8b3d44577"},"breadcrumb":{"@id":"https:\/\/fundacioncajaruraldelsur.com\/otorgados-los-premios-felipe-gonzalez-de-canales-en-reconocimiento-al-sector-agrario\/#breadcrumb"},"inLanguage":"pt-PT","potentialAction":[{"@type":"ReadAction","target":["https:\/\/fundacioncajaruraldelsur.com\/otorgados-los-premios-felipe-gonzalez-de-canales-en-reconocimiento-al-sector-agrario\/"]}]},{"@type":"ImageObject","inLanguage":"pt-PT","@id":"https:\/\/fundacioncajaruraldelsur.com\/otorgados-los-premios-felipe-gonzalez-de-canales-en-reconocimiento-al-sector-agrario\/#primaryimage","url":"https:\/\/fundacioncajaruraldelsur.com\/wp-content\/uploads\/2021\/10\/premios-glez-canales.jpg","contentUrl":"https:\/\/fundacioncajaruraldelsur.com\/wp-content\/uploads\/2021\/10\/premios-glez-canales.jpg","width":1280,"height":960},{"@type":"BreadcrumbList","@id":"https:\/\/fundacioncajaruraldelsur.com\/otorgados-los-premios-felipe-gonzalez-de-canales-en-reconocimiento-al-sector-agrario\/#breadcrumb","itemListElement":[{"@type":"ListItem","position":1,"name":"Portada","item":"https:\/\/fundacioncajaruraldelsur.com\/"},{"@type":"ListItem","position":2,"name":"Otorgados los premios \u00abFelipe Gonz\u00e1lez de Canales\u00bb en reconocimiento al sector agrario"}]},{"@type":"WebSite","@id":"https:\/\/fundacioncajaruraldelsur.com\/#website","url":"https:\/\/fundacioncajaruraldelsur.com\/","name":"Funda\u00e7\u00e3o Caja Rural del Sur","description":"","potentialAction":[{"@type":"SearchAction","target":{"@type":"EntryPoint","urlTemplate":"https:\/\/fundacioncajaruraldelsur.com\/?s={search_term_string}"},"query-input":{"@type":"PropertyValueSpecification","valueRequired":true,"valueName":"search_term_string"}}],"inLanguage":"pt-PT"},{"@type":"Person","@id":"https:\/\/fundacioncajaruraldelsur.com\/#\/schema\/person\/f430da9fb783d505ff061ad8b3d44577","name":"Comunicaci\u00f3n","image":{"@type":"ImageObject","inLanguage":"pt-PT","@id":"https:\/\/secure.gravatar.com\/avatar\/0dca239875993680bac4603ad2de7942da018f52cc3a244578e0b3b09314a8d8?s=96&d=blank&r=g","url":"https:\/\/secure.gravatar.com\/avatar\/0dca239875993680bac4603ad2de7942da018f52cc3a244578e0b3b09314a8d8?s=96&d=blank&r=g","contentUrl":"https:\/\/secure.gravatar.com\/avatar\/0dca239875993680bac4603ad2de7942da018f52cc3a244578e0b3b09314a8d8?s=96&d=blank&r=g","caption":"Comunicaci\u00f3n"}}]}},"rttpg_featured_image_url":{"full":["https:\/\/fundacioncajaruraldelsur.com\/wp-content\/uploads\/2021\/10\/premios-glez-canales.jpg",1280,960,false],"landscape":["https:\/\/fundacioncajaruraldelsur.com\/wp-content\/uploads\/2021\/10\/premios-glez-canales.jpg",1280,960,false],"portraits":["https:\/\/fundacioncajaruraldelsur.com\/wp-content\/uploads\/2021\/10\/premios-glez-canales.jpg",1280,960,false],"thumbnail":["https:\/\/fundacioncajaruraldelsur.com\/wp-content\/uploads\/2021\/10\/premios-glez-canales-150x150.jpg",150,150,true],"medium":["https:\/\/fundacioncajaruraldelsur.com\/wp-content\/uploads\/2021\/10\/premios-glez-canales-300x225.jpg",300,225,true],"large":["https:\/\/fundacioncajaruraldelsur.com\/wp-content\/uploads\/2021\/10\/premios-glez-canales-1024x768.jpg",960,720,true],"1536x1536":["https:\/\/fundacioncajaruraldelsur.com\/wp-content\/uploads\/2021\/10\/premios-glez-canales.jpg",1280,960,false],"2048x2048":["https:\/\/fundacioncajaruraldelsur.com\/wp-content\/uploads\/2021\/10\/premios-glez-canales.jpg",1280,960,false],"trp-custom-language-flag":["https:\/\/fundacioncajaruraldelsur.com\/wp-content\/uploads\/2021\/10\/premios-glez-canales.jpg",16,12,false],"blog-thumbnail":["https:\/\/fundacioncajaruraldelsur.com\/wp-content\/uploads\/2021\/10\/premios-glez-canales-400x200.jpg",400,200,true]},"rttpg_author":{"display_name":"Comunicaci\u00f3n","author_link":"https:\/\/fundacioncajaruraldelsur.com\/pt\/author\/sevillaadmin\/"},"rttpg_comment":0,"rttpg_category":"<a href=\"https:\/\/fundacioncajaruraldelsur.com\/pt\/category\/premios\/\" rel=\"category tag\">Premios<\/a>","rttpg_excerpt":"Asaja C\u00f3rdoba, La Voz de C\u00f3rdoba y el Cabildo Catedral han hecho entrega de los galardones de la cuarta edici\u00f3n de los premios \u2018Felipe Gonz\u00e1lez de Canales\u2019 al sector agrario, [&hellip;]","_links":{"self":[{"href":"https:\/\/fundacioncajaruraldelsur.com\/pt\/wp-json\/wp\/v2\/posts\/6806","targetHints":{"allow":["GET"]}}],"collection":[{"href":"https:\/\/fundacioncajaruraldelsur.com\/pt\/wp-json\/wp\/v2\/posts"}],"about":[{"href":"https:\/\/fundacioncajaruraldelsur.com\/pt\/wp-json\/wp\/v2\/types\/post"}],"author":[{"embeddable":true,"href":"https:\/\/fundacioncajaruraldelsur.com\/pt\/wp-json\/wp\/v2\/users\/6"}],"replies":[{"embeddable":true,"href":"https:\/\/fundacioncajaruraldelsur.com\/pt\/wp-json\/wp\/v2\/comments?post=6806"}],"version-history":[{"count":3,"href":"https:\/\/fundacioncajaruraldelsur.com\/pt\/wp-json\/wp\/v2\/posts\/6806\/revisions"}],"predecessor-version":[{"id":6811,"href":"https:\/\/fundacioncajaruraldelsur.com\/pt\/wp-json\/wp\/v2\/posts\/6806\/revisions\/6811"}],"wp:featuredmedia":[{"embeddable":true,"href":"https:\/\/fundacioncajaruraldelsur.com\/pt\/wp-json\/wp\/v2\/media\/6807"}],"wp:attachment":[{"href":"https:\/\/fundacioncajaruraldelsur.com\/pt\/wp-json\/wp\/v2\/media?parent=6806"}],"wp:term":[{"taxonomy":"category","embeddable":true,"href":"https:\/\/fundacioncajaruraldelsur.com\/pt\/wp-json\/wp\/v2\/categories?post=6806"},{"taxonomy":"post_tag","embeddable":true,"href":"https:\/\/fundacioncajaruraldelsur.com\/pt\/wp-json\/wp\/v2\/tags?post=6806"}],"curies":[{"name":"wp","href":"https:\/\/api.w.org\/{rel}","templated":true}]}}