{"id":6779,"date":"2021-10-22T14:25:37","date_gmt":"2021-10-22T12:25:37","guid":{"rendered":"\/?p=6779"},"modified":"2021-10-22T14:25:37","modified_gmt":"2021-10-22T12:25:37","slug":"fundacion-caja-rural-del-sur-y-la-camara-de-comercio-de-sevilla-respaldan-la-recuperacion-de-la-economia-local","status":"publish","type":"post","link":"https:\/\/fundacioncajaruraldelsur.com\/pt\/fundacion-caja-rural-del-sur-y-la-camara-de-comercio-de-sevilla-respaldan-la-recuperacion-de-la-economia-local\/","title":{"rendered":"Fundaci\u00f3n Caja Rural del Sur y la C\u00e1mara de Comercio de Sevilla respaldan la recuperaci\u00f3n de la econom\u00eda local"},"content":{"rendered":"<p>La Fundaci\u00f3n Caja del Sur y la C\u00e1mara de Comercio de Sevilla han acordado impulsar la alianza que mantienen desde hace a\u00f1os con el fin de contribuir a la recuperaci\u00f3n de la econom\u00eda sevillana.<\/p>\n<p>En el marco de este objetivo com\u00fan ambas entidades continuar\u00e1n sumando sus esfuerzos para reactivar todos los sectores empresariales tal y como han ratificado en la firma del convenio de colaboraci\u00f3n el presidente de la Fundaci\u00f3n Caja Rural del Sur, Jos\u00e9 Luis Garc\u00eda-Palacios \u00c1lvarez, y el presidente de la C\u00e1mara de Comercio de Sevilla, Francisco Herrero.<\/p>\n<p>Entre otras acciones, la Caja Rural del Sur y la C\u00e1mara de Comercio de Sevilla llevar\u00e1n a cabo distintas acciones de formaci\u00f3n destinadas a mejorar la cualificaci\u00f3n de las pymes y aut\u00f3nomos sevillanos.<\/p>\n<p>Adem\u00e1s, la C\u00e1mara de Comercio mediante este convenio seguir\u00e1 desarrollando la actividad de la Lonja de Cereales, con la vicepresidencia de la Caja Rural del Sur, con el fin de facilitar precios orientativos de las distintas variedades de cereales y oleaginosas y, de esta forma, contribuir a que exista una mayor claridad y transparencia en el mercado.<\/p>\n<p>El convenio recoge asimismo continuar desarrollando la colaboraci\u00f3n para el desarrollo de encuentros empresariales en el Club C\u00e1mara y la participaci\u00f3n en todos los estudios promovidos por la instituci\u00f3n cameral y su fundaci\u00f3n.<\/p>\n<p><a href=\"\/wp-content\/uploads\/2021\/10\/211022.-Firma-del-convenio-entre-la-Fundacion-Caja-Rural-del-Sur-y-Camara-de-Comercio-de-Sevilla..jpg\" rel=\"lightbox-0\"><img loading=\"lazy\" decoding=\"async\" class=\"alignnone wp-image-6780 size-full\" src=\"\/wp-content\/uploads\/2021\/10\/211022.-Firma-del-convenio-entre-la-Fundacion-Caja-Rural-del-Sur-y-Camara-de-Comercio-de-Sevilla..jpg\" alt=\"\" width=\"1024\" height=\"768\" srcset=\"https:\/\/fundacioncajaruraldelsur.com\/wp-content\/uploads\/2021\/10\/211022.-Firma-del-convenio-entre-la-Fundacion-Caja-Rural-del-Sur-y-Camara-de-Comercio-de-Sevilla..jpg 1024w, https:\/\/fundacioncajaruraldelsur.com\/wp-content\/uploads\/2021\/10\/211022.-Firma-del-convenio-entre-la-Fundacion-Caja-Rural-del-Sur-y-Camara-de-Comercio-de-Sevilla.-300x225.jpg 300w, https:\/\/fundacioncajaruraldelsur.com\/wp-content\/uploads\/2021\/10\/211022.-Firma-del-convenio-entre-la-Fundacion-Caja-Rural-del-Sur-y-Camara-de-Comercio-de-Sevilla.-768x576.jpg 768w\" sizes=\"auto, (max-width: 1024px) 100vw, 1024px\" \/><\/a><\/p>\n<p>&nbsp;<\/p>","protected":false},"excerpt":{"rendered":"<p>La Fundaci\u00f3n Caja del Sur y la C\u00e1mara de Comercio de Sevilla han acordado impulsar la alianza que mantienen desde hace a\u00f1os con el fin de contribuir a la recuperaci\u00f3n [&hellip;]<\/p>\n","protected":false},"author":6,"featured_media":6781,"comment_status":"closed","ping_status":"closed","sticky":false,"template":"","format":"standard","meta":{"footnotes":""},"categories":[67],"tags":[],"class_list":["post-6779","post","type-post","status-publish","format-standard","has-post-thumbnail","hentry","category-convenios"],"yoast_head":"<!-- This site is optimized with the Yoast SEO plugin v27.3 - https:\/\/yoast.com\/product\/yoast-seo-wordpress\/ -->\n<title>Fundaci\u00f3n Caja Rural del Sur y la C\u00e1mara de Comercio de Sevilla respaldan la recuperaci\u00f3n de la econom\u00eda local - Fundaci\u00f3n Caja Rural del Sur<\/title>\n<meta name=\"robots\" content=\"index, follow, max-snippet:-1, max-image-preview:large, max-video-preview:-1\" \/>\n<link rel=\"canonical\" href=\"https:\/\/fundacioncajaruraldelsur.com\/pt\/fundacion-caja-rural-del-sur-y-la-camara-de-comercio-de-sevilla-respaldan-la-recuperacion-de-la-economia-local\/\" \/>\n<meta property=\"og:locale\" content=\"pt_PT\" \/>\n<meta property=\"og:type\" content=\"article\" \/>\n<meta property=\"og:title\" content=\"Fundaci\u00f3n Caja Rural del Sur y la C\u00e1mara de Comercio de Sevilla respaldan la recuperaci\u00f3n de la econom\u00eda local - Fundaci\u00f3n Caja Rural del Sur\" \/>\n<meta property=\"og:description\" content=\"La Fundaci\u00f3n Caja del Sur y la C\u00e1mara de Comercio de Sevilla han acordado impulsar la alianza que mantienen desde hace a\u00f1os con el fin de contribuir a la recuperaci\u00f3n [&hellip;]\" \/>\n<meta property=\"og:url\" content=\"https:\/\/fundacioncajaruraldelsur.com\/pt\/fundacion-caja-rural-del-sur-y-la-camara-de-comercio-de-sevilla-respaldan-la-recuperacion-de-la-economia-local\/\" \/>\n<meta property=\"og:site_name\" content=\"Fundaci\u00f3n Caja Rural del Sur\" \/>\n<meta property=\"article:published_time\" content=\"2021-10-22T12:25:37+00:00\" \/>\n<meta property=\"og:image\" content=\"https:\/\/fundacioncajaruraldelsur.com\/wp-content\/uploads\/2021\/10\/211022.-Los-presidentes-de-la-Camara-y-de-la-Fundacion-Caja-Rural-del-Sur-Francisco-Herrero-y-Jose-Luis-Garcia-Palacios-Alvarez..jpg\" \/>\n\t<meta property=\"og:image:width\" content=\"1024\" \/>\n\t<meta property=\"og:image:height\" content=\"768\" \/>\n\t<meta property=\"og:image:type\" content=\"image\/jpeg\" \/>\n<meta name=\"author\" content=\"Comunicaci\u00f3n\" \/>\n<meta name=\"twitter:card\" content=\"summary_large_image\" \/>\n<meta name=\"twitter:label1\" content=\"Written by\" \/>\n\t<meta name=\"twitter:data1\" content=\"Comunicaci\u00f3n\" \/>\n\t<meta name=\"twitter:label2\" content=\"Est. reading time\" \/>\n\t<meta name=\"twitter:data2\" content=\"1 minute\" \/>\n<script type=\"application\/ld+json\" class=\"yoast-schema-graph\">{\"@context\":\"https:\\\/\\\/schema.org\",\"@graph\":[{\"@type\":\"Article\",\"@id\":\"https:\\\/\\\/fundacioncajaruraldelsur.com\\\/fundacion-caja-rural-del-sur-y-la-camara-de-comercio-de-sevilla-respaldan-la-recuperacion-de-la-economia-local\\\/#article\",\"isPartOf\":{\"@id\":\"https:\\\/\\\/fundacioncajaruraldelsur.com\\\/fundacion-caja-rural-del-sur-y-la-camara-de-comercio-de-sevilla-respaldan-la-recuperacion-de-la-economia-local\\\/\"},\"author\":{\"name\":\"Comunicaci\u00f3n\",\"@id\":\"https:\\\/\\\/fundacioncajaruraldelsur.com\\\/#\\\/schema\\\/person\\\/f430da9fb783d505ff061ad8b3d44577\"},\"headline\":\"Fundaci\u00f3n Caja Rural del Sur y la C\u00e1mara de Comercio de Sevilla respaldan la recuperaci\u00f3n de la econom\u00eda local\",\"datePublished\":\"2021-10-22T12:25:37+00:00\",\"mainEntityOfPage\":{\"@id\":\"https:\\\/\\\/fundacioncajaruraldelsur.com\\\/fundacion-caja-rural-del-sur-y-la-camara-de-comercio-de-sevilla-respaldan-la-recuperacion-de-la-economia-local\\\/\"},\"wordCount\":260,\"image\":{\"@id\":\"https:\\\/\\\/fundacioncajaruraldelsur.com\\\/fundacion-caja-rural-del-sur-y-la-camara-de-comercio-de-sevilla-respaldan-la-recuperacion-de-la-economia-local\\\/#primaryimage\"},\"thumbnailUrl\":\"https:\\\/\\\/fundacioncajaruraldelsur.com\\\/wp-content\\\/uploads\\\/2021\\\/10\\\/211022.-Los-presidentes-de-la-Camara-y-de-la-Fundacion-Caja-Rural-del-Sur-Francisco-Herrero-y-Jose-Luis-Garcia-Palacios-Alvarez..jpg\",\"articleSection\":[\"Convenios\"],\"inLanguage\":\"pt-PT\"},{\"@type\":\"WebPage\",\"@id\":\"https:\\\/\\\/fundacioncajaruraldelsur.com\\\/fundacion-caja-rural-del-sur-y-la-camara-de-comercio-de-sevilla-respaldan-la-recuperacion-de-la-economia-local\\\/\",\"url\":\"https:\\\/\\\/fundacioncajaruraldelsur.com\\\/fundacion-caja-rural-del-sur-y-la-camara-de-comercio-de-sevilla-respaldan-la-recuperacion-de-la-economia-local\\\/\",\"name\":\"Fundaci\u00f3n Caja Rural del Sur y la C\u00e1mara de Comercio de Sevilla respaldan la recuperaci\u00f3n de la econom\u00eda local - Fundaci\u00f3n Caja Rural del Sur\",\"isPartOf\":{\"@id\":\"https:\\\/\\\/fundacioncajaruraldelsur.com\\\/#website\"},\"primaryImageOfPage\":{\"@id\":\"https:\\\/\\\/fundacioncajaruraldelsur.com\\\/fundacion-caja-rural-del-sur-y-la-camara-de-comercio-de-sevilla-respaldan-la-recuperacion-de-la-economia-local\\\/#primaryimage\"},\"image\":{\"@id\":\"https:\\\/\\\/fundacioncajaruraldelsur.com\\\/fundacion-caja-rural-del-sur-y-la-camara-de-comercio-de-sevilla-respaldan-la-recuperacion-de-la-economia-local\\\/#primaryimage\"},\"thumbnailUrl\":\"https:\\\/\\\/fundacioncajaruraldelsur.com\\\/wp-content\\\/uploads\\\/2021\\\/10\\\/211022.-Los-presidentes-de-la-Camara-y-de-la-Fundacion-Caja-Rural-del-Sur-Francisco-Herrero-y-Jose-Luis-Garcia-Palacios-Alvarez..jpg\",\"datePublished\":\"2021-10-22T12:25:37+00:00\",\"author\":{\"@id\":\"https:\\\/\\\/fundacioncajaruraldelsur.com\\\/#\\\/schema\\\/person\\\/f430da9fb783d505ff061ad8b3d44577\"},\"breadcrumb\":{\"@id\":\"https:\\\/\\\/fundacioncajaruraldelsur.com\\\/fundacion-caja-rural-del-sur-y-la-camara-de-comercio-de-sevilla-respaldan-la-recuperacion-de-la-economia-local\\\/#breadcrumb\"},\"inLanguage\":\"pt-PT\",\"potentialAction\":[{\"@type\":\"ReadAction\",\"target\":[\"https:\\\/\\\/fundacioncajaruraldelsur.com\\\/fundacion-caja-rural-del-sur-y-la-camara-de-comercio-de-sevilla-respaldan-la-recuperacion-de-la-economia-local\\\/\"]}]},{\"@type\":\"ImageObject\",\"inLanguage\":\"pt-PT\",\"@id\":\"https:\\\/\\\/fundacioncajaruraldelsur.com\\\/fundacion-caja-rural-del-sur-y-la-camara-de-comercio-de-sevilla-respaldan-la-recuperacion-de-la-economia-local\\\/#primaryimage\",\"url\":\"https:\\\/\\\/fundacioncajaruraldelsur.com\\\/wp-content\\\/uploads\\\/2021\\\/10\\\/211022.-Los-presidentes-de-la-Camara-y-de-la-Fundacion-Caja-Rural-del-Sur-Francisco-Herrero-y-Jose-Luis-Garcia-Palacios-Alvarez..jpg\",\"contentUrl\":\"https:\\\/\\\/fundacioncajaruraldelsur.com\\\/wp-content\\\/uploads\\\/2021\\\/10\\\/211022.-Los-presidentes-de-la-Camara-y-de-la-Fundacion-Caja-Rural-del-Sur-Francisco-Herrero-y-Jose-Luis-Garcia-Palacios-Alvarez..jpg\",\"width\":1024,\"height\":768},{\"@type\":\"BreadcrumbList\",\"@id\":\"https:\\\/\\\/fundacioncajaruraldelsur.com\\\/fundacion-caja-rural-del-sur-y-la-camara-de-comercio-de-sevilla-respaldan-la-recuperacion-de-la-economia-local\\\/#breadcrumb\",\"itemListElement\":[{\"@type\":\"ListItem\",\"position\":1,\"name\":\"Portada\",\"item\":\"https:\\\/\\\/fundacioncajaruraldelsur.com\\\/\"},{\"@type\":\"ListItem\",\"position\":2,\"name\":\"Fundaci\u00f3n Caja Rural del Sur y la C\u00e1mara de Comercio de Sevilla respaldan la recuperaci\u00f3n de la econom\u00eda local\"}]},{\"@type\":\"WebSite\",\"@id\":\"https:\\\/\\\/fundacioncajaruraldelsur.com\\\/#website\",\"url\":\"https:\\\/\\\/fundacioncajaruraldelsur.com\\\/\",\"name\":\"Fundaci\u00f3n Caja Rural del Sur\",\"description\":\"\",\"potentialAction\":[{\"@type\":\"SearchAction\",\"target\":{\"@type\":\"EntryPoint\",\"urlTemplate\":\"https:\\\/\\\/fundacioncajaruraldelsur.com\\\/?s={search_term_string}\"},\"query-input\":{\"@type\":\"PropertyValueSpecification\",\"valueRequired\":true,\"valueName\":\"search_term_string\"}}],\"inLanguage\":\"pt-PT\"},{\"@type\":\"Person\",\"@id\":\"https:\\\/\\\/fundacioncajaruraldelsur.com\\\/#\\\/schema\\\/person\\\/f430da9fb783d505ff061ad8b3d44577\",\"name\":\"Comunicaci\u00f3n\",\"image\":{\"@type\":\"ImageObject\",\"inLanguage\":\"pt-PT\",\"@id\":\"https:\\\/\\\/secure.gravatar.com\\\/avatar\\\/0dca239875993680bac4603ad2de7942da018f52cc3a244578e0b3b09314a8d8?s=96&d=blank&r=g\",\"url\":\"https:\\\/\\\/secure.gravatar.com\\\/avatar\\\/0dca239875993680bac4603ad2de7942da018f52cc3a244578e0b3b09314a8d8?s=96&d=blank&r=g\",\"contentUrl\":\"https:\\\/\\\/secure.gravatar.com\\\/avatar\\\/0dca239875993680bac4603ad2de7942da018f52cc3a244578e0b3b09314a8d8?s=96&d=blank&r=g\",\"caption\":\"Comunicaci\u00f3n\"}}]}<\/script>\n<!-- \/ Yoast SEO plugin. -->","yoast_head_json":{"title":"Fundaci\u00f3n Caja Rural del Sur y la C\u00e1mara de Comercio de Sevilla respaldan la recuperaci\u00f3n de la econom\u00eda local - Fundaci\u00f3n Caja Rural del Sur","robots":{"index":"index","follow":"follow","max-snippet":"max-snippet:-1","max-image-preview":"max-image-preview:large","max-video-preview":"max-video-preview:-1"},"canonical":"https:\/\/fundacioncajaruraldelsur.com\/pt\/fundacion-caja-rural-del-sur-y-la-camara-de-comercio-de-sevilla-respaldan-la-recuperacion-de-la-economia-local\/","og_locale":"pt_PT","og_type":"article","og_title":"Fundaci\u00f3n Caja Rural del Sur y la C\u00e1mara de Comercio de Sevilla respaldan la recuperaci\u00f3n de la econom\u00eda local - Fundaci\u00f3n Caja Rural del Sur","og_description":"La Fundaci\u00f3n Caja del Sur y la C\u00e1mara de Comercio de Sevilla han acordado impulsar la alianza que mantienen desde hace a\u00f1os con el fin de contribuir a la recuperaci\u00f3n [&hellip;]","og_url":"https:\/\/fundacioncajaruraldelsur.com\/pt\/fundacion-caja-rural-del-sur-y-la-camara-de-comercio-de-sevilla-respaldan-la-recuperacion-de-la-economia-local\/","og_site_name":"Fundaci\u00f3n Caja Rural del Sur","article_published_time":"2021-10-22T12:25:37+00:00","og_image":[{"width":1024,"height":768,"url":"https:\/\/fundacioncajaruraldelsur.com\/wp-content\/uploads\/2021\/10\/211022.-Los-presidentes-de-la-Camara-y-de-la-Fundacion-Caja-Rural-del-Sur-Francisco-Herrero-y-Jose-Luis-Garcia-Palacios-Alvarez..jpg","type":"image\/jpeg"}],"author":"Comunicaci\u00f3n","twitter_card":"summary_large_image","twitter_misc":{"Written by":"Comunicaci\u00f3n","Est. reading time":"1 minute"},"schema":{"@context":"https:\/\/schema.org","@graph":[{"@type":"Article","@id":"https:\/\/fundacioncajaruraldelsur.com\/fundacion-caja-rural-del-sur-y-la-camara-de-comercio-de-sevilla-respaldan-la-recuperacion-de-la-economia-local\/#article","isPartOf":{"@id":"https:\/\/fundacioncajaruraldelsur.com\/fundacion-caja-rural-del-sur-y-la-camara-de-comercio-de-sevilla-respaldan-la-recuperacion-de-la-economia-local\/"},"author":{"name":"Comunicaci\u00f3n","@id":"https:\/\/fundacioncajaruraldelsur.com\/#\/schema\/person\/f430da9fb783d505ff061ad8b3d44577"},"headline":"Fundaci\u00f3n Caja Rural del Sur y la C\u00e1mara de Comercio de Sevilla respaldan la recuperaci\u00f3n de la econom\u00eda local","datePublished":"2021-10-22T12:25:37+00:00","mainEntityOfPage":{"@id":"https:\/\/fundacioncajaruraldelsur.com\/fundacion-caja-rural-del-sur-y-la-camara-de-comercio-de-sevilla-respaldan-la-recuperacion-de-la-economia-local\/"},"wordCount":260,"image":{"@id":"https:\/\/fundacioncajaruraldelsur.com\/fundacion-caja-rural-del-sur-y-la-camara-de-comercio-de-sevilla-respaldan-la-recuperacion-de-la-economia-local\/#primaryimage"},"thumbnailUrl":"https:\/\/fundacioncajaruraldelsur.com\/wp-content\/uploads\/2021\/10\/211022.-Los-presidentes-de-la-Camara-y-de-la-Fundacion-Caja-Rural-del-Sur-Francisco-Herrero-y-Jose-Luis-Garcia-Palacios-Alvarez..jpg","articleSection":["Convenios"],"inLanguage":"pt-PT"},{"@type":"WebPage","@id":"https:\/\/fundacioncajaruraldelsur.com\/fundacion-caja-rural-del-sur-y-la-camara-de-comercio-de-sevilla-respaldan-la-recuperacion-de-la-economia-local\/","url":"https:\/\/fundacioncajaruraldelsur.com\/fundacion-caja-rural-del-sur-y-la-camara-de-comercio-de-sevilla-respaldan-la-recuperacion-de-la-economia-local\/","name":"Fundaci\u00f3n Caja Rural del Sur y la C\u00e1mara de Comercio de Sevilla respaldan la recuperaci\u00f3n de la econom\u00eda local - Fundaci\u00f3n Caja Rural del Sur","isPartOf":{"@id":"https:\/\/fundacioncajaruraldelsur.com\/#website"},"primaryImageOfPage":{"@id":"https:\/\/fundacioncajaruraldelsur.com\/fundacion-caja-rural-del-sur-y-la-camara-de-comercio-de-sevilla-respaldan-la-recuperacion-de-la-economia-local\/#primaryimage"},"image":{"@id":"https:\/\/fundacioncajaruraldelsur.com\/fundacion-caja-rural-del-sur-y-la-camara-de-comercio-de-sevilla-respaldan-la-recuperacion-de-la-economia-local\/#primaryimage"},"thumbnailUrl":"https:\/\/fundacioncajaruraldelsur.com\/wp-content\/uploads\/2021\/10\/211022.-Los-presidentes-de-la-Camara-y-de-la-Fundacion-Caja-Rural-del-Sur-Francisco-Herrero-y-Jose-Luis-Garcia-Palacios-Alvarez..jpg","datePublished":"2021-10-22T12:25:37+00:00","author":{"@id":"https:\/\/fundacioncajaruraldelsur.com\/#\/schema\/person\/f430da9fb783d505ff061ad8b3d44577"},"breadcrumb":{"@id":"https:\/\/fundacioncajaruraldelsur.com\/fundacion-caja-rural-del-sur-y-la-camara-de-comercio-de-sevilla-respaldan-la-recuperacion-de-la-economia-local\/#breadcrumb"},"inLanguage":"pt-PT","potentialAction":[{"@type":"ReadAction","target":["https:\/\/fundacioncajaruraldelsur.com\/fundacion-caja-rural-del-sur-y-la-camara-de-comercio-de-sevilla-respaldan-la-recuperacion-de-la-economia-local\/"]}]},{"@type":"ImageObject","inLanguage":"pt-PT","@id":"https:\/\/fundacioncajaruraldelsur.com\/fundacion-caja-rural-del-sur-y-la-camara-de-comercio-de-sevilla-respaldan-la-recuperacion-de-la-economia-local\/#primaryimage","url":"https:\/\/fundacioncajaruraldelsur.com\/wp-content\/uploads\/2021\/10\/211022.-Los-presidentes-de-la-Camara-y-de-la-Fundacion-Caja-Rural-del-Sur-Francisco-Herrero-y-Jose-Luis-Garcia-Palacios-Alvarez..jpg","contentUrl":"https:\/\/fundacioncajaruraldelsur.com\/wp-content\/uploads\/2021\/10\/211022.-Los-presidentes-de-la-Camara-y-de-la-Fundacion-Caja-Rural-del-Sur-Francisco-Herrero-y-Jose-Luis-Garcia-Palacios-Alvarez..jpg","width":1024,"height":768},{"@type":"BreadcrumbList","@id":"https:\/\/fundacioncajaruraldelsur.com\/fundacion-caja-rural-del-sur-y-la-camara-de-comercio-de-sevilla-respaldan-la-recuperacion-de-la-economia-local\/#breadcrumb","itemListElement":[{"@type":"ListItem","position":1,"name":"Portada","item":"https:\/\/fundacioncajaruraldelsur.com\/"},{"@type":"ListItem","position":2,"name":"Fundaci\u00f3n Caja Rural del Sur y la C\u00e1mara de Comercio de Sevilla respaldan la recuperaci\u00f3n de la econom\u00eda local"}]},{"@type":"WebSite","@id":"https:\/\/fundacioncajaruraldelsur.com\/#website","url":"https:\/\/fundacioncajaruraldelsur.com\/","name":"Funda\u00e7\u00e3o Caja Rural del Sur","description":"","potentialAction":[{"@type":"SearchAction","target":{"@type":"EntryPoint","urlTemplate":"https:\/\/fundacioncajaruraldelsur.com\/?s={search_term_string}"},"query-input":{"@type":"PropertyValueSpecification","valueRequired":true,"valueName":"search_term_string"}}],"inLanguage":"pt-PT"},{"@type":"Person","@id":"https:\/\/fundacioncajaruraldelsur.com\/#\/schema\/person\/f430da9fb783d505ff061ad8b3d44577","name":"Comunicaci\u00f3n","image":{"@type":"ImageObject","inLanguage":"pt-PT","@id":"https:\/\/secure.gravatar.com\/avatar\/0dca239875993680bac4603ad2de7942da018f52cc3a244578e0b3b09314a8d8?s=96&d=blank&r=g","url":"https:\/\/secure.gravatar.com\/avatar\/0dca239875993680bac4603ad2de7942da018f52cc3a244578e0b3b09314a8d8?s=96&d=blank&r=g","contentUrl":"https:\/\/secure.gravatar.com\/avatar\/0dca239875993680bac4603ad2de7942da018f52cc3a244578e0b3b09314a8d8?s=96&d=blank&r=g","caption":"Comunicaci\u00f3n"}}]}},"rttpg_featured_image_url":{"full":["https:\/\/fundacioncajaruraldelsur.com\/wp-content\/uploads\/2021\/10\/211022.-Los-presidentes-de-la-Camara-y-de-la-Fundacion-Caja-Rural-del-Sur-Francisco-Herrero-y-Jose-Luis-Garcia-Palacios-Alvarez..jpg",1024,768,false],"landscape":["https:\/\/fundacioncajaruraldelsur.com\/wp-content\/uploads\/2021\/10\/211022.-Los-presidentes-de-la-Camara-y-de-la-Fundacion-Caja-Rural-del-Sur-Francisco-Herrero-y-Jose-Luis-Garcia-Palacios-Alvarez..jpg",1024,768,false],"portraits":["https:\/\/fundacioncajaruraldelsur.com\/wp-content\/uploads\/2021\/10\/211022.-Los-presidentes-de-la-Camara-y-de-la-Fundacion-Caja-Rural-del-Sur-Francisco-Herrero-y-Jose-Luis-Garcia-Palacios-Alvarez..jpg",1024,768,false],"thumbnail":["https:\/\/fundacioncajaruraldelsur.com\/wp-content\/uploads\/2021\/10\/211022.-Los-presidentes-de-la-Camara-y-de-la-Fundacion-Caja-Rural-del-Sur-Francisco-Herrero-y-Jose-Luis-Garcia-Palacios-Alvarez.-150x150.jpg",150,150,true],"medium":["https:\/\/fundacioncajaruraldelsur.com\/wp-content\/uploads\/2021\/10\/211022.-Los-presidentes-de-la-Camara-y-de-la-Fundacion-Caja-Rural-del-Sur-Francisco-Herrero-y-Jose-Luis-Garcia-Palacios-Alvarez.-300x225.jpg",300,225,true],"large":["https:\/\/fundacioncajaruraldelsur.com\/wp-content\/uploads\/2021\/10\/211022.-Los-presidentes-de-la-Camara-y-de-la-Fundacion-Caja-Rural-del-Sur-Francisco-Herrero-y-Jose-Luis-Garcia-Palacios-Alvarez..jpg",960,720,false],"1536x1536":["https:\/\/fundacioncajaruraldelsur.com\/wp-content\/uploads\/2021\/10\/211022.-Los-presidentes-de-la-Camara-y-de-la-Fundacion-Caja-Rural-del-Sur-Francisco-Herrero-y-Jose-Luis-Garcia-Palacios-Alvarez..jpg",1024,768,false],"2048x2048":["https:\/\/fundacioncajaruraldelsur.com\/wp-content\/uploads\/2021\/10\/211022.-Los-presidentes-de-la-Camara-y-de-la-Fundacion-Caja-Rural-del-Sur-Francisco-Herrero-y-Jose-Luis-Garcia-Palacios-Alvarez..jpg",1024,768,false],"trp-custom-language-flag":["https:\/\/fundacioncajaruraldelsur.com\/wp-content\/uploads\/2021\/10\/211022.-Los-presidentes-de-la-Camara-y-de-la-Fundacion-Caja-Rural-del-Sur-Francisco-Herrero-y-Jose-Luis-Garcia-Palacios-Alvarez..jpg",16,12,false],"blog-thumbnail":["https:\/\/fundacioncajaruraldelsur.com\/wp-content\/uploads\/2021\/10\/211022.-Los-presidentes-de-la-Camara-y-de-la-Fundacion-Caja-Rural-del-Sur-Francisco-Herrero-y-Jose-Luis-Garcia-Palacios-Alvarez.-400x200.jpg",400,200,true]},"rttpg_author":{"display_name":"Comunicaci\u00f3n","author_link":"https:\/\/fundacioncajaruraldelsur.com\/pt\/author\/sevillaadmin\/"},"rttpg_comment":0,"rttpg_category":"<a href=\"https:\/\/fundacioncajaruraldelsur.com\/pt\/category\/convenios\/\" rel=\"category tag\">Convenios<\/a>","rttpg_excerpt":"La Fundaci\u00f3n Caja del Sur y la C\u00e1mara de Comercio de Sevilla han acordado impulsar la alianza que mantienen desde hace a\u00f1os con el fin de contribuir a la recuperaci\u00f3n [&hellip;]","_links":{"self":[{"href":"https:\/\/fundacioncajaruraldelsur.com\/pt\/wp-json\/wp\/v2\/posts\/6779","targetHints":{"allow":["GET"]}}],"collection":[{"href":"https:\/\/fundacioncajaruraldelsur.com\/pt\/wp-json\/wp\/v2\/posts"}],"about":[{"href":"https:\/\/fundacioncajaruraldelsur.com\/pt\/wp-json\/wp\/v2\/types\/post"}],"author":[{"embeddable":true,"href":"https:\/\/fundacioncajaruraldelsur.com\/pt\/wp-json\/wp\/v2\/users\/6"}],"replies":[{"embeddable":true,"href":"https:\/\/fundacioncajaruraldelsur.com\/pt\/wp-json\/wp\/v2\/comments?post=6779"}],"version-history":[{"count":1,"href":"https:\/\/fundacioncajaruraldelsur.com\/pt\/wp-json\/wp\/v2\/posts\/6779\/revisions"}],"predecessor-version":[{"id":6782,"href":"https:\/\/fundacioncajaruraldelsur.com\/pt\/wp-json\/wp\/v2\/posts\/6779\/revisions\/6782"}],"wp:featuredmedia":[{"embeddable":true,"href":"https:\/\/fundacioncajaruraldelsur.com\/pt\/wp-json\/wp\/v2\/media\/6781"}],"wp:attachment":[{"href":"https:\/\/fundacioncajaruraldelsur.com\/pt\/wp-json\/wp\/v2\/media?parent=6779"}],"wp:term":[{"taxonomy":"category","embeddable":true,"href":"https:\/\/fundacioncajaruraldelsur.com\/pt\/wp-json\/wp\/v2\/categories?post=6779"},{"taxonomy":"post_tag","embeddable":true,"href":"https:\/\/fundacioncajaruraldelsur.com\/pt\/wp-json\/wp\/v2\/tags?post=6779"}],"curies":[{"name":"wp","href":"https:\/\/api.w.org\/{rel}","templated":true}]}}