{"id":6716,"date":"2021-10-06T15:35:30","date_gmt":"2021-10-06T13:35:30","guid":{"rendered":"\/?p=6716"},"modified":"2021-10-06T15:35:30","modified_gmt":"2021-10-06T13:35:30","slug":"la-fundacion-caja-rural-del-sur-apoya-el-evento-cordoba-califato-gourmet","status":"publish","type":"post","link":"https:\/\/fundacioncajaruraldelsur.com\/pt\/la-fundacion-caja-rural-del-sur-apoya-el-evento-cordoba-califato-gourmet\/","title":{"rendered":"La Fundaci\u00f3n Caja Rural del Sur apoya el evento \u00abC\u00f3rdoba Califato Gourmet\u00bb"},"content":{"rendered":"<p>Con la firma de un convenio de colaboraci\u00f3n, Fundaci\u00f3n Caja Rural del Sur quiere apostar por la nueva edici\u00f3n del evento gastron\u00f3mico C\u00f3rdoba Califato Gourmet que se inicia el pr\u00f3ximo 18 de octubre con una webinar y tendr\u00e1 sus d\u00edas presenciales desde el 14 al 16 de noviembre, con el objetivo de la promoci\u00f3n gastron\u00f3mica del Destino C\u00f3rdoba.<\/p>\n<p>El acuerdo lo han firmado, en representaci\u00f3n de la Fundaci\u00f3n Caja Rural del Sur su vicepresidente Ricardo L\u00f3pez-Crespo, quien estuvo acompa\u00f1ado de Pedro Mart\u00ednez, director de Unidad de Negocio en Caja Rural del Sur, y los organizadores del evento, Antonio Ca\u00f1o y Enrique Merino.<\/p>\n<p>La webinar del 18 de octubre, con el lema \u2018Apostando por la gastronom\u00eda cordobesa\u2019, es una acci\u00f3n virtual de promoci\u00f3n gastron\u00f3mica del Destino C\u00f3rdoba, desde la perspectiva de los chefs Estrella Michelin participantes en ediciones anteriores. Durante 4 horas los asistentes, especialmente los comunicadores gastron\u00f3micos, tendr\u00e1n la oportunidad de escuchar a importantes chefs del panorama nacional hablar sobre su experiencia en C\u00f3rdoba Califato Gourmet y su opini\u00f3n sobre la gastronom\u00eda de C\u00f3rdoba. Tambi\u00e9n est\u00e1 prevista la asistencia de Agentes de Viajes y tour operadores tur\u00edsticos de toda Espa\u00f1a.<\/p>","protected":false},"excerpt":{"rendered":"<p>Con la firma de un convenio de colaboraci\u00f3n, Fundaci\u00f3n Caja Rural del Sur quiere apostar por la nueva edici\u00f3n del evento gastron\u00f3mico C\u00f3rdoba Califato Gourmet que se inicia el pr\u00f3ximo [&hellip;]<\/p>\n","protected":false},"author":6,"featured_media":6717,"comment_status":"closed","ping_status":"closed","sticky":false,"template":"","format":"standard","meta":{"footnotes":""},"categories":[67],"tags":[],"class_list":["post-6716","post","type-post","status-publish","format-standard","has-post-thumbnail","hentry","category-convenios"],"yoast_head":"<!-- This site is optimized with the Yoast SEO plugin v27.3 - https:\/\/yoast.com\/product\/yoast-seo-wordpress\/ -->\n<title>La Fundaci\u00f3n Caja Rural del Sur apoya el evento &quot;C\u00f3rdoba Califato Gourmet&quot; - Fundaci\u00f3n Caja Rural del Sur<\/title>\n<meta name=\"robots\" content=\"index, follow, max-snippet:-1, max-image-preview:large, max-video-preview:-1\" \/>\n<link rel=\"canonical\" href=\"https:\/\/fundacioncajaruraldelsur.com\/pt\/la-fundacion-caja-rural-del-sur-apoya-el-evento-cordoba-califato-gourmet\/\" \/>\n<meta property=\"og:locale\" content=\"pt_PT\" \/>\n<meta property=\"og:type\" content=\"article\" \/>\n<meta property=\"og:title\" content=\"La Fundaci\u00f3n Caja Rural del Sur apoya el evento &quot;C\u00f3rdoba Califato Gourmet&quot; - Fundaci\u00f3n Caja Rural del Sur\" \/>\n<meta property=\"og:description\" content=\"Con la firma de un convenio de colaboraci\u00f3n, Fundaci\u00f3n Caja Rural del Sur quiere apostar por la nueva edici\u00f3n del evento gastron\u00f3mico C\u00f3rdoba Califato Gourmet que se inicia el pr\u00f3ximo [&hellip;]\" \/>\n<meta property=\"og:url\" content=\"https:\/\/fundacioncajaruraldelsur.com\/pt\/la-fundacion-caja-rural-del-sur-apoya-el-evento-cordoba-califato-gourmet\/\" \/>\n<meta property=\"og:site_name\" content=\"Fundaci\u00f3n Caja Rural del Sur\" \/>\n<meta property=\"article:published_time\" content=\"2021-10-06T13:35:30+00:00\" \/>\n<meta property=\"og:image\" content=\"https:\/\/fundacioncajaruraldelsur.com\/wp-content\/uploads\/2021\/10\/211006.-Representantes-de-la-Fundacion-Caja-Rural-del-Sur-con-los-organizadores-del-Califato-Gourmet.-scaled.jpg\" \/>\n\t<meta property=\"og:image:width\" content=\"2560\" \/>\n\t<meta property=\"og:image:height\" content=\"1714\" \/>\n\t<meta property=\"og:image:type\" content=\"image\/jpeg\" \/>\n<meta name=\"author\" content=\"Comunicaci\u00f3n\" \/>\n<meta name=\"twitter:card\" content=\"summary_large_image\" \/>\n<meta name=\"twitter:label1\" content=\"Written by\" \/>\n\t<meta name=\"twitter:data1\" content=\"Comunicaci\u00f3n\" \/>\n\t<meta name=\"twitter:label2\" content=\"Est. reading time\" \/>\n\t<meta name=\"twitter:data2\" content=\"1 minute\" \/>\n<script type=\"application\/ld+json\" class=\"yoast-schema-graph\">{\"@context\":\"https:\\\/\\\/schema.org\",\"@graph\":[{\"@type\":\"Article\",\"@id\":\"https:\\\/\\\/fundacioncajaruraldelsur.com\\\/la-fundacion-caja-rural-del-sur-apoya-el-evento-cordoba-califato-gourmet\\\/#article\",\"isPartOf\":{\"@id\":\"https:\\\/\\\/fundacioncajaruraldelsur.com\\\/la-fundacion-caja-rural-del-sur-apoya-el-evento-cordoba-califato-gourmet\\\/\"},\"author\":{\"name\":\"Comunicaci\u00f3n\",\"@id\":\"https:\\\/\\\/fundacioncajaruraldelsur.com\\\/#\\\/schema\\\/person\\\/f430da9fb783d505ff061ad8b3d44577\"},\"headline\":\"La Fundaci\u00f3n Caja Rural del Sur apoya el evento \u00abC\u00f3rdoba Califato Gourmet\u00bb\",\"datePublished\":\"2021-10-06T13:35:30+00:00\",\"mainEntityOfPage\":{\"@id\":\"https:\\\/\\\/fundacioncajaruraldelsur.com\\\/la-fundacion-caja-rural-del-sur-apoya-el-evento-cordoba-califato-gourmet\\\/\"},\"wordCount\":229,\"image\":{\"@id\":\"https:\\\/\\\/fundacioncajaruraldelsur.com\\\/la-fundacion-caja-rural-del-sur-apoya-el-evento-cordoba-califato-gourmet\\\/#primaryimage\"},\"thumbnailUrl\":\"https:\\\/\\\/fundacioncajaruraldelsur.com\\\/wp-content\\\/uploads\\\/2021\\\/10\\\/211006.-Representantes-de-la-Fundacion-Caja-Rural-del-Sur-con-los-organizadores-del-Califato-Gourmet.-scaled.jpg\",\"articleSection\":[\"Convenios\"],\"inLanguage\":\"pt-PT\"},{\"@type\":\"WebPage\",\"@id\":\"https:\\\/\\\/fundacioncajaruraldelsur.com\\\/la-fundacion-caja-rural-del-sur-apoya-el-evento-cordoba-califato-gourmet\\\/\",\"url\":\"https:\\\/\\\/fundacioncajaruraldelsur.com\\\/la-fundacion-caja-rural-del-sur-apoya-el-evento-cordoba-califato-gourmet\\\/\",\"name\":\"La Fundaci\u00f3n Caja Rural del Sur apoya el evento \\\"C\u00f3rdoba Califato Gourmet\\\" - Fundaci\u00f3n Caja Rural del Sur\",\"isPartOf\":{\"@id\":\"https:\\\/\\\/fundacioncajaruraldelsur.com\\\/#website\"},\"primaryImageOfPage\":{\"@id\":\"https:\\\/\\\/fundacioncajaruraldelsur.com\\\/la-fundacion-caja-rural-del-sur-apoya-el-evento-cordoba-califato-gourmet\\\/#primaryimage\"},\"image\":{\"@id\":\"https:\\\/\\\/fundacioncajaruraldelsur.com\\\/la-fundacion-caja-rural-del-sur-apoya-el-evento-cordoba-califato-gourmet\\\/#primaryimage\"},\"thumbnailUrl\":\"https:\\\/\\\/fundacioncajaruraldelsur.com\\\/wp-content\\\/uploads\\\/2021\\\/10\\\/211006.-Representantes-de-la-Fundacion-Caja-Rural-del-Sur-con-los-organizadores-del-Califato-Gourmet.-scaled.jpg\",\"datePublished\":\"2021-10-06T13:35:30+00:00\",\"author\":{\"@id\":\"https:\\\/\\\/fundacioncajaruraldelsur.com\\\/#\\\/schema\\\/person\\\/f430da9fb783d505ff061ad8b3d44577\"},\"breadcrumb\":{\"@id\":\"https:\\\/\\\/fundacioncajaruraldelsur.com\\\/la-fundacion-caja-rural-del-sur-apoya-el-evento-cordoba-califato-gourmet\\\/#breadcrumb\"},\"inLanguage\":\"pt-PT\",\"potentialAction\":[{\"@type\":\"ReadAction\",\"target\":[\"https:\\\/\\\/fundacioncajaruraldelsur.com\\\/la-fundacion-caja-rural-del-sur-apoya-el-evento-cordoba-califato-gourmet\\\/\"]}]},{\"@type\":\"ImageObject\",\"inLanguage\":\"pt-PT\",\"@id\":\"https:\\\/\\\/fundacioncajaruraldelsur.com\\\/la-fundacion-caja-rural-del-sur-apoya-el-evento-cordoba-califato-gourmet\\\/#primaryimage\",\"url\":\"https:\\\/\\\/fundacioncajaruraldelsur.com\\\/wp-content\\\/uploads\\\/2021\\\/10\\\/211006.-Representantes-de-la-Fundacion-Caja-Rural-del-Sur-con-los-organizadores-del-Califato-Gourmet.-scaled.jpg\",\"contentUrl\":\"https:\\\/\\\/fundacioncajaruraldelsur.com\\\/wp-content\\\/uploads\\\/2021\\\/10\\\/211006.-Representantes-de-la-Fundacion-Caja-Rural-del-Sur-con-los-organizadores-del-Califato-Gourmet.-scaled.jpg\",\"width\":2560,\"height\":1714},{\"@type\":\"BreadcrumbList\",\"@id\":\"https:\\\/\\\/fundacioncajaruraldelsur.com\\\/la-fundacion-caja-rural-del-sur-apoya-el-evento-cordoba-califato-gourmet\\\/#breadcrumb\",\"itemListElement\":[{\"@type\":\"ListItem\",\"position\":1,\"name\":\"Portada\",\"item\":\"https:\\\/\\\/fundacioncajaruraldelsur.com\\\/\"},{\"@type\":\"ListItem\",\"position\":2,\"name\":\"La Fundaci\u00f3n Caja Rural del Sur apoya el evento \u00abC\u00f3rdoba Califato Gourmet\u00bb\"}]},{\"@type\":\"WebSite\",\"@id\":\"https:\\\/\\\/fundacioncajaruraldelsur.com\\\/#website\",\"url\":\"https:\\\/\\\/fundacioncajaruraldelsur.com\\\/\",\"name\":\"Fundaci\u00f3n Caja Rural del Sur\",\"description\":\"\",\"potentialAction\":[{\"@type\":\"SearchAction\",\"target\":{\"@type\":\"EntryPoint\",\"urlTemplate\":\"https:\\\/\\\/fundacioncajaruraldelsur.com\\\/?s={search_term_string}\"},\"query-input\":{\"@type\":\"PropertyValueSpecification\",\"valueRequired\":true,\"valueName\":\"search_term_string\"}}],\"inLanguage\":\"pt-PT\"},{\"@type\":\"Person\",\"@id\":\"https:\\\/\\\/fundacioncajaruraldelsur.com\\\/#\\\/schema\\\/person\\\/f430da9fb783d505ff061ad8b3d44577\",\"name\":\"Comunicaci\u00f3n\",\"image\":{\"@type\":\"ImageObject\",\"inLanguage\":\"pt-PT\",\"@id\":\"https:\\\/\\\/secure.gravatar.com\\\/avatar\\\/0dca239875993680bac4603ad2de7942da018f52cc3a244578e0b3b09314a8d8?s=96&d=blank&r=g\",\"url\":\"https:\\\/\\\/secure.gravatar.com\\\/avatar\\\/0dca239875993680bac4603ad2de7942da018f52cc3a244578e0b3b09314a8d8?s=96&d=blank&r=g\",\"contentUrl\":\"https:\\\/\\\/secure.gravatar.com\\\/avatar\\\/0dca239875993680bac4603ad2de7942da018f52cc3a244578e0b3b09314a8d8?s=96&d=blank&r=g\",\"caption\":\"Comunicaci\u00f3n\"}}]}<\/script>\n<!-- \/ Yoast SEO plugin. -->","yoast_head_json":{"title":"La Fundaci\u00f3n Caja Rural del Sur apoya el evento \"C\u00f3rdoba Califato Gourmet\" - Fundaci\u00f3n Caja Rural del Sur","robots":{"index":"index","follow":"follow","max-snippet":"max-snippet:-1","max-image-preview":"max-image-preview:large","max-video-preview":"max-video-preview:-1"},"canonical":"https:\/\/fundacioncajaruraldelsur.com\/pt\/la-fundacion-caja-rural-del-sur-apoya-el-evento-cordoba-califato-gourmet\/","og_locale":"pt_PT","og_type":"article","og_title":"La Fundaci\u00f3n Caja Rural del Sur apoya el evento \"C\u00f3rdoba Califato Gourmet\" - Fundaci\u00f3n Caja Rural del Sur","og_description":"Con la firma de un convenio de colaboraci\u00f3n, Fundaci\u00f3n Caja Rural del Sur quiere apostar por la nueva edici\u00f3n del evento gastron\u00f3mico C\u00f3rdoba Califato Gourmet que se inicia el pr\u00f3ximo [&hellip;]","og_url":"https:\/\/fundacioncajaruraldelsur.com\/pt\/la-fundacion-caja-rural-del-sur-apoya-el-evento-cordoba-califato-gourmet\/","og_site_name":"Fundaci\u00f3n Caja Rural del Sur","article_published_time":"2021-10-06T13:35:30+00:00","og_image":[{"width":2560,"height":1714,"url":"https:\/\/fundacioncajaruraldelsur.com\/wp-content\/uploads\/2021\/10\/211006.-Representantes-de-la-Fundacion-Caja-Rural-del-Sur-con-los-organizadores-del-Califato-Gourmet.-scaled.jpg","type":"image\/jpeg"}],"author":"Comunicaci\u00f3n","twitter_card":"summary_large_image","twitter_misc":{"Written by":"Comunicaci\u00f3n","Est. reading time":"1 minute"},"schema":{"@context":"https:\/\/schema.org","@graph":[{"@type":"Article","@id":"https:\/\/fundacioncajaruraldelsur.com\/la-fundacion-caja-rural-del-sur-apoya-el-evento-cordoba-califato-gourmet\/#article","isPartOf":{"@id":"https:\/\/fundacioncajaruraldelsur.com\/la-fundacion-caja-rural-del-sur-apoya-el-evento-cordoba-califato-gourmet\/"},"author":{"name":"Comunicaci\u00f3n","@id":"https:\/\/fundacioncajaruraldelsur.com\/#\/schema\/person\/f430da9fb783d505ff061ad8b3d44577"},"headline":"La Fundaci\u00f3n Caja Rural del Sur apoya el evento \u00abC\u00f3rdoba Califato Gourmet\u00bb","datePublished":"2021-10-06T13:35:30+00:00","mainEntityOfPage":{"@id":"https:\/\/fundacioncajaruraldelsur.com\/la-fundacion-caja-rural-del-sur-apoya-el-evento-cordoba-califato-gourmet\/"},"wordCount":229,"image":{"@id":"https:\/\/fundacioncajaruraldelsur.com\/la-fundacion-caja-rural-del-sur-apoya-el-evento-cordoba-califato-gourmet\/#primaryimage"},"thumbnailUrl":"https:\/\/fundacioncajaruraldelsur.com\/wp-content\/uploads\/2021\/10\/211006.-Representantes-de-la-Fundacion-Caja-Rural-del-Sur-con-los-organizadores-del-Califato-Gourmet.-scaled.jpg","articleSection":["Convenios"],"inLanguage":"pt-PT"},{"@type":"WebPage","@id":"https:\/\/fundacioncajaruraldelsur.com\/la-fundacion-caja-rural-del-sur-apoya-el-evento-cordoba-califato-gourmet\/","url":"https:\/\/fundacioncajaruraldelsur.com\/la-fundacion-caja-rural-del-sur-apoya-el-evento-cordoba-califato-gourmet\/","name":"La Fundaci\u00f3n Caja Rural del Sur apoya el evento \"C\u00f3rdoba Califato Gourmet\" - Fundaci\u00f3n Caja Rural del Sur","isPartOf":{"@id":"https:\/\/fundacioncajaruraldelsur.com\/#website"},"primaryImageOfPage":{"@id":"https:\/\/fundacioncajaruraldelsur.com\/la-fundacion-caja-rural-del-sur-apoya-el-evento-cordoba-califato-gourmet\/#primaryimage"},"image":{"@id":"https:\/\/fundacioncajaruraldelsur.com\/la-fundacion-caja-rural-del-sur-apoya-el-evento-cordoba-califato-gourmet\/#primaryimage"},"thumbnailUrl":"https:\/\/fundacioncajaruraldelsur.com\/wp-content\/uploads\/2021\/10\/211006.-Representantes-de-la-Fundacion-Caja-Rural-del-Sur-con-los-organizadores-del-Califato-Gourmet.-scaled.jpg","datePublished":"2021-10-06T13:35:30+00:00","author":{"@id":"https:\/\/fundacioncajaruraldelsur.com\/#\/schema\/person\/f430da9fb783d505ff061ad8b3d44577"},"breadcrumb":{"@id":"https:\/\/fundacioncajaruraldelsur.com\/la-fundacion-caja-rural-del-sur-apoya-el-evento-cordoba-califato-gourmet\/#breadcrumb"},"inLanguage":"pt-PT","potentialAction":[{"@type":"ReadAction","target":["https:\/\/fundacioncajaruraldelsur.com\/la-fundacion-caja-rural-del-sur-apoya-el-evento-cordoba-califato-gourmet\/"]}]},{"@type":"ImageObject","inLanguage":"pt-PT","@id":"https:\/\/fundacioncajaruraldelsur.com\/la-fundacion-caja-rural-del-sur-apoya-el-evento-cordoba-califato-gourmet\/#primaryimage","url":"https:\/\/fundacioncajaruraldelsur.com\/wp-content\/uploads\/2021\/10\/211006.-Representantes-de-la-Fundacion-Caja-Rural-del-Sur-con-los-organizadores-del-Califato-Gourmet.-scaled.jpg","contentUrl":"https:\/\/fundacioncajaruraldelsur.com\/wp-content\/uploads\/2021\/10\/211006.-Representantes-de-la-Fundacion-Caja-Rural-del-Sur-con-los-organizadores-del-Califato-Gourmet.-scaled.jpg","width":2560,"height":1714},{"@type":"BreadcrumbList","@id":"https:\/\/fundacioncajaruraldelsur.com\/la-fundacion-caja-rural-del-sur-apoya-el-evento-cordoba-califato-gourmet\/#breadcrumb","itemListElement":[{"@type":"ListItem","position":1,"name":"Portada","item":"https:\/\/fundacioncajaruraldelsur.com\/"},{"@type":"ListItem","position":2,"name":"La Fundaci\u00f3n Caja Rural del Sur apoya el evento \u00abC\u00f3rdoba Califato Gourmet\u00bb"}]},{"@type":"WebSite","@id":"https:\/\/fundacioncajaruraldelsur.com\/#website","url":"https:\/\/fundacioncajaruraldelsur.com\/","name":"Funda\u00e7\u00e3o Caja Rural del Sur","description":"","potentialAction":[{"@type":"SearchAction","target":{"@type":"EntryPoint","urlTemplate":"https:\/\/fundacioncajaruraldelsur.com\/?s={search_term_string}"},"query-input":{"@type":"PropertyValueSpecification","valueRequired":true,"valueName":"search_term_string"}}],"inLanguage":"pt-PT"},{"@type":"Person","@id":"https:\/\/fundacioncajaruraldelsur.com\/#\/schema\/person\/f430da9fb783d505ff061ad8b3d44577","name":"Comunicaci\u00f3n","image":{"@type":"ImageObject","inLanguage":"pt-PT","@id":"https:\/\/secure.gravatar.com\/avatar\/0dca239875993680bac4603ad2de7942da018f52cc3a244578e0b3b09314a8d8?s=96&d=blank&r=g","url":"https:\/\/secure.gravatar.com\/avatar\/0dca239875993680bac4603ad2de7942da018f52cc3a244578e0b3b09314a8d8?s=96&d=blank&r=g","contentUrl":"https:\/\/secure.gravatar.com\/avatar\/0dca239875993680bac4603ad2de7942da018f52cc3a244578e0b3b09314a8d8?s=96&d=blank&r=g","caption":"Comunicaci\u00f3n"}}]}},"rttpg_featured_image_url":{"full":["https:\/\/fundacioncajaruraldelsur.com\/wp-content\/uploads\/2021\/10\/211006.-Representantes-de-la-Fundacion-Caja-Rural-del-Sur-con-los-organizadores-del-Califato-Gourmet.-scaled.jpg",2560,1714,false],"landscape":["https:\/\/fundacioncajaruraldelsur.com\/wp-content\/uploads\/2021\/10\/211006.-Representantes-de-la-Fundacion-Caja-Rural-del-Sur-con-los-organizadores-del-Califato-Gourmet.-scaled.jpg",2560,1714,false],"portraits":["https:\/\/fundacioncajaruraldelsur.com\/wp-content\/uploads\/2021\/10\/211006.-Representantes-de-la-Fundacion-Caja-Rural-del-Sur-con-los-organizadores-del-Califato-Gourmet.-scaled.jpg",2560,1714,false],"thumbnail":["https:\/\/fundacioncajaruraldelsur.com\/wp-content\/uploads\/2021\/10\/211006.-Representantes-de-la-Fundacion-Caja-Rural-del-Sur-con-los-organizadores-del-Califato-Gourmet.-150x150.jpg",150,150,true],"medium":["https:\/\/fundacioncajaruraldelsur.com\/wp-content\/uploads\/2021\/10\/211006.-Representantes-de-la-Fundacion-Caja-Rural-del-Sur-con-los-organizadores-del-Califato-Gourmet.-300x201.jpg",300,201,true],"large":["https:\/\/fundacioncajaruraldelsur.com\/wp-content\/uploads\/2021\/10\/211006.-Representantes-de-la-Fundacion-Caja-Rural-del-Sur-con-los-organizadores-del-Califato-Gourmet.-1024x685.jpg",960,642,true],"1536x1536":["https:\/\/fundacioncajaruraldelsur.com\/wp-content\/uploads\/2021\/10\/211006.-Representantes-de-la-Fundacion-Caja-Rural-del-Sur-con-los-organizadores-del-Califato-Gourmet.-1536x1028.jpg",1536,1028,true],"2048x2048":["https:\/\/fundacioncajaruraldelsur.com\/wp-content\/uploads\/2021\/10\/211006.-Representantes-de-la-Fundacion-Caja-Rural-del-Sur-con-los-organizadores-del-Califato-Gourmet.-2048x1371.jpg",2048,1371,true],"trp-custom-language-flag":["https:\/\/fundacioncajaruraldelsur.com\/wp-content\/uploads\/2021\/10\/211006.-Representantes-de-la-Fundacion-Caja-Rural-del-Sur-con-los-organizadores-del-Califato-Gourmet.-scaled.jpg",18,12,false],"blog-thumbnail":["https:\/\/fundacioncajaruraldelsur.com\/wp-content\/uploads\/2021\/10\/211006.-Representantes-de-la-Fundacion-Caja-Rural-del-Sur-con-los-organizadores-del-Califato-Gourmet.-400x200.jpg",400,200,true]},"rttpg_author":{"display_name":"Comunicaci\u00f3n","author_link":"https:\/\/fundacioncajaruraldelsur.com\/pt\/author\/sevillaadmin\/"},"rttpg_comment":0,"rttpg_category":"<a href=\"https:\/\/fundacioncajaruraldelsur.com\/pt\/category\/convenios\/\" rel=\"category tag\">Convenios<\/a>","rttpg_excerpt":"Con la firma de un convenio de colaboraci\u00f3n, Fundaci\u00f3n Caja Rural del Sur quiere apostar por la nueva edici\u00f3n del evento gastron\u00f3mico C\u00f3rdoba Califato Gourmet que se inicia el pr\u00f3ximo [&hellip;]","_links":{"self":[{"href":"https:\/\/fundacioncajaruraldelsur.com\/pt\/wp-json\/wp\/v2\/posts\/6716","targetHints":{"allow":["GET"]}}],"collection":[{"href":"https:\/\/fundacioncajaruraldelsur.com\/pt\/wp-json\/wp\/v2\/posts"}],"about":[{"href":"https:\/\/fundacioncajaruraldelsur.com\/pt\/wp-json\/wp\/v2\/types\/post"}],"author":[{"embeddable":true,"href":"https:\/\/fundacioncajaruraldelsur.com\/pt\/wp-json\/wp\/v2\/users\/6"}],"replies":[{"embeddable":true,"href":"https:\/\/fundacioncajaruraldelsur.com\/pt\/wp-json\/wp\/v2\/comments?post=6716"}],"version-history":[{"count":1,"href":"https:\/\/fundacioncajaruraldelsur.com\/pt\/wp-json\/wp\/v2\/posts\/6716\/revisions"}],"predecessor-version":[{"id":6718,"href":"https:\/\/fundacioncajaruraldelsur.com\/pt\/wp-json\/wp\/v2\/posts\/6716\/revisions\/6718"}],"wp:featuredmedia":[{"embeddable":true,"href":"https:\/\/fundacioncajaruraldelsur.com\/pt\/wp-json\/wp\/v2\/media\/6717"}],"wp:attachment":[{"href":"https:\/\/fundacioncajaruraldelsur.com\/pt\/wp-json\/wp\/v2\/media?parent=6716"}],"wp:term":[{"taxonomy":"category","embeddable":true,"href":"https:\/\/fundacioncajaruraldelsur.com\/pt\/wp-json\/wp\/v2\/categories?post=6716"},{"taxonomy":"post_tag","embeddable":true,"href":"https:\/\/fundacioncajaruraldelsur.com\/pt\/wp-json\/wp\/v2\/tags?post=6716"}],"curies":[{"name":"wp","href":"https:\/\/api.w.org\/{rel}","templated":true}]}}