{"id":6700,"date":"2021-09-29T10:44:57","date_gmt":"2021-09-29T08:44:57","guid":{"rendered":"\/?p=6700"},"modified":"2021-09-29T10:44:57","modified_gmt":"2021-09-29T08:44:57","slug":"colaboramos-con-el-coah-en-los-actos-del-dia-mundial-de-la-arquitectura-el-30-de-septiembre-y-4-de-octubre","status":"publish","type":"post","link":"https:\/\/fundacioncajaruraldelsur.com\/pt\/colaboramos-con-el-coah-en-los-actos-del-dia-mundial-de-la-arquitectura-el-30-de-septiembre-y-4-de-octubre\/","title":{"rendered":"Colaboramos con el COAH en los actos del \u00abD\u00eda Mundial de la Arquitectura\u00bb el 30 de septiembre y 4 de octubre"},"content":{"rendered":"<p>La Fundaci\u00f3n Caja Rural deL Sur colabora con el Colegio Oficial de Arquitectos de Huelva -COAH- en la celebraci\u00f3n especial del D\u00eda Mundial de la Arquitectura de 2021.\u00a0El\u00a0<b>D\u00eda Mundial de la Arquitectura<\/b>\u00a0(World Architecture Day) es una celebraci\u00f3n dedicada a todos los Colegios Oficiales de\u00a0<b>Arquitectos<\/b> y a los profesionales que los integran.\u00a0 Los actos programados, y en los que colabora la entidad, son los siguientes:<\/p>\n<p><strong>PROGRAMACI\u00d3N DE ACTOS EN TORNO AL D\u00cdA MUNDIAL DE LA ARQUITECTURA\u00a0<\/strong><\/p>\n<p><strong>\u00a0\u00abCOAH 20 A\u00d1OS+ ARQUITECTURA PARA LA SOCIEDAD\u00bb<\/strong><\/p>\n<p><span class=\"_5mfr\"><span class=\"_6qdm\">&#x1f4c6;<\/span><\/span>\u00a030 DE SEPTIEMBRE<br \/>\n<span class=\"_5mfr\"><span class=\"_6qdm\">&#x1f4cd;<\/span><\/span>\u00a0Cocheras del Puerto, Avda. Hispano\u00e1merica s\/n.<br \/>\n<span class=\"_5mfr\"><span class=\"_6qdm\">&#x27a1;&#xfe0f;<\/span><\/span>\u00a019.00 h. Acto central Premio Arquitectura COAH 2021.<span class=\"text_exposed_show\"><br \/>\n&#8211; Conferencia de Arquitectura \u201cGABRIEL VERD 20 a\u00f1os\u201d<br \/>\n&#8211; Entrega del XXVIII Premio de Arquitectura 2021<\/span><\/p>\n<div class=\"text_exposed_show\">\n<p><span class=\"_5mfr\"><span class=\"_6qdm\">&#x1f4c6;<\/span><\/span>\u00a04 DE OCTUBRE. D\u00cdA MUNDIAL DE LA ARQUITECTURA.<br \/>\n<span class=\"_5mfr\"><span class=\"_6qdm\">&#x1f4cd;<\/span><\/span>\u00a0Sede COAH, C\/ Puerto, 37<br \/>\n<span class=\"_5mfr\"><span class=\"_6qdm\">&#x27a1;&#xfe0f;<\/span><\/span>\u00a010.00 h. Programa de televisi\u00f3n en directo desde la Sede del COAH donde en distintas entrevistas se hablar\u00e1 de<br \/>\nArquitectura de la provincia de Huelva.<br \/>\n<span class=\"_5mfr\"><span class=\"_6qdm\">&#x27a1;&#xfe0f;<\/span><\/span>\u00a012:00h. Inauguraci\u00f3n Exposici\u00f3n XXVIII Premio de Arquitectura 2021.<\/p>\n<p><a href=\"https:\/\/docs.google.com\/forms\/d\/e\/1FAIpQLScPiajqNsGS84Xx93dg5Z2u4vQQAxz4YCBk3KmpxDQBD2HcAA\/viewform\">Inscripci\u00f3n aqu\u00ed.\u00a0<\/a><\/p>\n<\/div>","protected":false},"excerpt":{"rendered":"<p>La Fundaci\u00f3n Caja Rural deL Sur colabora con el Colegio Oficial de Arquitectos de Huelva -COAH- en la celebraci\u00f3n especial del D\u00eda Mundial de la Arquitectura de 2021.\u00a0El\u00a0D\u00eda Mundial de [&hellip;]<\/p>\n","protected":false},"author":6,"featured_media":6701,"comment_status":"closed","ping_status":"closed","sticky":false,"template":"","format":"standard","meta":{"footnotes":""},"categories":[66],"tags":[],"class_list":["post-6700","post","type-post","status-publish","format-standard","has-post-thumbnail","hentry","category-actos"],"yoast_head":"<!-- This site is optimized with the Yoast SEO plugin v27.3 - https:\/\/yoast.com\/product\/yoast-seo-wordpress\/ -->\n<title>Colaboramos con el COAH en los actos del &quot;D\u00eda Mundial de la Arquitectura&quot; el 30 de septiembre y 4 de octubre - Fundaci\u00f3n Caja Rural del Sur<\/title>\n<meta name=\"robots\" content=\"index, follow, max-snippet:-1, max-image-preview:large, max-video-preview:-1\" \/>\n<link rel=\"canonical\" href=\"https:\/\/fundacioncajaruraldelsur.com\/pt\/colaboramos-con-el-coah-en-los-actos-del-dia-mundial-de-la-arquitectura-el-30-de-septiembre-y-4-de-octubre\/\" \/>\n<meta property=\"og:locale\" content=\"pt_PT\" \/>\n<meta property=\"og:type\" content=\"article\" \/>\n<meta property=\"og:title\" content=\"Colaboramos con el COAH en los actos del &quot;D\u00eda Mundial de la Arquitectura&quot; el 30 de septiembre y 4 de octubre - Fundaci\u00f3n Caja Rural del Sur\" \/>\n<meta property=\"og:description\" content=\"La Fundaci\u00f3n Caja Rural deL Sur colabora con el Colegio Oficial de Arquitectos de Huelva -COAH- en la celebraci\u00f3n especial del D\u00eda Mundial de la Arquitectura de 2021.\u00a0El\u00a0D\u00eda Mundial de [&hellip;]\" \/>\n<meta property=\"og:url\" content=\"https:\/\/fundacioncajaruraldelsur.com\/pt\/colaboramos-con-el-coah-en-los-actos-del-dia-mundial-de-la-arquitectura-el-30-de-septiembre-y-4-de-octubre\/\" \/>\n<meta property=\"og:site_name\" content=\"Fundaci\u00f3n Caja Rural del Sur\" \/>\n<meta property=\"article:published_time\" content=\"2021-09-29T08:44:57+00:00\" \/>\n<meta property=\"og:image\" content=\"https:\/\/fundacioncajaruraldelsur.com\/wp-content\/uploads\/2021\/09\/COAH.jpg\" \/>\n\t<meta property=\"og:image:width\" content=\"668\" \/>\n\t<meta property=\"og:image:height\" content=\"413\" \/>\n\t<meta property=\"og:image:type\" content=\"image\/jpeg\" \/>\n<meta name=\"author\" content=\"Comunicaci\u00f3n\" \/>\n<meta name=\"twitter:card\" content=\"summary_large_image\" \/>\n<meta name=\"twitter:label1\" content=\"Written by\" \/>\n\t<meta name=\"twitter:data1\" content=\"Comunicaci\u00f3n\" \/>\n\t<meta name=\"twitter:label2\" content=\"Est. reading time\" \/>\n\t<meta name=\"twitter:data2\" content=\"1 minute\" \/>\n<script type=\"application\/ld+json\" class=\"yoast-schema-graph\">{\"@context\":\"https:\\\/\\\/schema.org\",\"@graph\":[{\"@type\":\"Article\",\"@id\":\"https:\\\/\\\/fundacioncajaruraldelsur.com\\\/colaboramos-con-el-coah-en-los-actos-del-dia-mundial-de-la-arquitectura-el-30-de-septiembre-y-4-de-octubre\\\/#article\",\"isPartOf\":{\"@id\":\"https:\\\/\\\/fundacioncajaruraldelsur.com\\\/colaboramos-con-el-coah-en-los-actos-del-dia-mundial-de-la-arquitectura-el-30-de-septiembre-y-4-de-octubre\\\/\"},\"author\":{\"name\":\"Comunicaci\u00f3n\",\"@id\":\"https:\\\/\\\/fundacioncajaruraldelsur.com\\\/#\\\/schema\\\/person\\\/f430da9fb783d505ff061ad8b3d44577\"},\"headline\":\"Colaboramos con el COAH en los actos del \u00abD\u00eda Mundial de la Arquitectura\u00bb el 30 de septiembre y 4 de octubre\",\"datePublished\":\"2021-09-29T08:44:57+00:00\",\"mainEntityOfPage\":{\"@id\":\"https:\\\/\\\/fundacioncajaruraldelsur.com\\\/colaboramos-con-el-coah-en-los-actos-del-dia-mundial-de-la-arquitectura-el-30-de-septiembre-y-4-de-octubre\\\/\"},\"wordCount\":216,\"image\":{\"@id\":\"https:\\\/\\\/fundacioncajaruraldelsur.com\\\/colaboramos-con-el-coah-en-los-actos-del-dia-mundial-de-la-arquitectura-el-30-de-septiembre-y-4-de-octubre\\\/#primaryimage\"},\"thumbnailUrl\":\"https:\\\/\\\/fundacioncajaruraldelsur.com\\\/wp-content\\\/uploads\\\/2021\\\/09\\\/COAH.jpg\",\"articleSection\":[\"Actos\"],\"inLanguage\":\"pt-PT\"},{\"@type\":\"WebPage\",\"@id\":\"https:\\\/\\\/fundacioncajaruraldelsur.com\\\/colaboramos-con-el-coah-en-los-actos-del-dia-mundial-de-la-arquitectura-el-30-de-septiembre-y-4-de-octubre\\\/\",\"url\":\"https:\\\/\\\/fundacioncajaruraldelsur.com\\\/colaboramos-con-el-coah-en-los-actos-del-dia-mundial-de-la-arquitectura-el-30-de-septiembre-y-4-de-octubre\\\/\",\"name\":\"Colaboramos con el COAH en los actos del \\\"D\u00eda Mundial de la Arquitectura\\\" el 30 de septiembre y 4 de octubre - Fundaci\u00f3n Caja Rural del Sur\",\"isPartOf\":{\"@id\":\"https:\\\/\\\/fundacioncajaruraldelsur.com\\\/#website\"},\"primaryImageOfPage\":{\"@id\":\"https:\\\/\\\/fundacioncajaruraldelsur.com\\\/colaboramos-con-el-coah-en-los-actos-del-dia-mundial-de-la-arquitectura-el-30-de-septiembre-y-4-de-octubre\\\/#primaryimage\"},\"image\":{\"@id\":\"https:\\\/\\\/fundacioncajaruraldelsur.com\\\/colaboramos-con-el-coah-en-los-actos-del-dia-mundial-de-la-arquitectura-el-30-de-septiembre-y-4-de-octubre\\\/#primaryimage\"},\"thumbnailUrl\":\"https:\\\/\\\/fundacioncajaruraldelsur.com\\\/wp-content\\\/uploads\\\/2021\\\/09\\\/COAH.jpg\",\"datePublished\":\"2021-09-29T08:44:57+00:00\",\"author\":{\"@id\":\"https:\\\/\\\/fundacioncajaruraldelsur.com\\\/#\\\/schema\\\/person\\\/f430da9fb783d505ff061ad8b3d44577\"},\"breadcrumb\":{\"@id\":\"https:\\\/\\\/fundacioncajaruraldelsur.com\\\/colaboramos-con-el-coah-en-los-actos-del-dia-mundial-de-la-arquitectura-el-30-de-septiembre-y-4-de-octubre\\\/#breadcrumb\"},\"inLanguage\":\"pt-PT\",\"potentialAction\":[{\"@type\":\"ReadAction\",\"target\":[\"https:\\\/\\\/fundacioncajaruraldelsur.com\\\/colaboramos-con-el-coah-en-los-actos-del-dia-mundial-de-la-arquitectura-el-30-de-septiembre-y-4-de-octubre\\\/\"]}]},{\"@type\":\"ImageObject\",\"inLanguage\":\"pt-PT\",\"@id\":\"https:\\\/\\\/fundacioncajaruraldelsur.com\\\/colaboramos-con-el-coah-en-los-actos-del-dia-mundial-de-la-arquitectura-el-30-de-septiembre-y-4-de-octubre\\\/#primaryimage\",\"url\":\"https:\\\/\\\/fundacioncajaruraldelsur.com\\\/wp-content\\\/uploads\\\/2021\\\/09\\\/COAH.jpg\",\"contentUrl\":\"https:\\\/\\\/fundacioncajaruraldelsur.com\\\/wp-content\\\/uploads\\\/2021\\\/09\\\/COAH.jpg\",\"width\":668,\"height\":413},{\"@type\":\"BreadcrumbList\",\"@id\":\"https:\\\/\\\/fundacioncajaruraldelsur.com\\\/colaboramos-con-el-coah-en-los-actos-del-dia-mundial-de-la-arquitectura-el-30-de-septiembre-y-4-de-octubre\\\/#breadcrumb\",\"itemListElement\":[{\"@type\":\"ListItem\",\"position\":1,\"name\":\"Portada\",\"item\":\"https:\\\/\\\/fundacioncajaruraldelsur.com\\\/\"},{\"@type\":\"ListItem\",\"position\":2,\"name\":\"Colaboramos con el COAH en los actos del \u00abD\u00eda Mundial de la Arquitectura\u00bb el 30 de septiembre y 4 de octubre\"}]},{\"@type\":\"WebSite\",\"@id\":\"https:\\\/\\\/fundacioncajaruraldelsur.com\\\/#website\",\"url\":\"https:\\\/\\\/fundacioncajaruraldelsur.com\\\/\",\"name\":\"Fundaci\u00f3n Caja Rural del Sur\",\"description\":\"\",\"potentialAction\":[{\"@type\":\"SearchAction\",\"target\":{\"@type\":\"EntryPoint\",\"urlTemplate\":\"https:\\\/\\\/fundacioncajaruraldelsur.com\\\/?s={search_term_string}\"},\"query-input\":{\"@type\":\"PropertyValueSpecification\",\"valueRequired\":true,\"valueName\":\"search_term_string\"}}],\"inLanguage\":\"pt-PT\"},{\"@type\":\"Person\",\"@id\":\"https:\\\/\\\/fundacioncajaruraldelsur.com\\\/#\\\/schema\\\/person\\\/f430da9fb783d505ff061ad8b3d44577\",\"name\":\"Comunicaci\u00f3n\",\"image\":{\"@type\":\"ImageObject\",\"inLanguage\":\"pt-PT\",\"@id\":\"https:\\\/\\\/secure.gravatar.com\\\/avatar\\\/0dca239875993680bac4603ad2de7942da018f52cc3a244578e0b3b09314a8d8?s=96&d=blank&r=g\",\"url\":\"https:\\\/\\\/secure.gravatar.com\\\/avatar\\\/0dca239875993680bac4603ad2de7942da018f52cc3a244578e0b3b09314a8d8?s=96&d=blank&r=g\",\"contentUrl\":\"https:\\\/\\\/secure.gravatar.com\\\/avatar\\\/0dca239875993680bac4603ad2de7942da018f52cc3a244578e0b3b09314a8d8?s=96&d=blank&r=g\",\"caption\":\"Comunicaci\u00f3n\"}}]}<\/script>\n<!-- \/ Yoast SEO plugin. -->","yoast_head_json":{"title":"Colaboramos con el COAH en los actos del \"D\u00eda Mundial de la Arquitectura\" el 30 de septiembre y 4 de octubre - Fundaci\u00f3n Caja Rural del Sur","robots":{"index":"index","follow":"follow","max-snippet":"max-snippet:-1","max-image-preview":"max-image-preview:large","max-video-preview":"max-video-preview:-1"},"canonical":"https:\/\/fundacioncajaruraldelsur.com\/pt\/colaboramos-con-el-coah-en-los-actos-del-dia-mundial-de-la-arquitectura-el-30-de-septiembre-y-4-de-octubre\/","og_locale":"pt_PT","og_type":"article","og_title":"Colaboramos con el COAH en los actos del \"D\u00eda Mundial de la Arquitectura\" el 30 de septiembre y 4 de octubre - Fundaci\u00f3n Caja Rural del Sur","og_description":"La Fundaci\u00f3n Caja Rural deL Sur colabora con el Colegio Oficial de Arquitectos de Huelva -COAH- en la celebraci\u00f3n especial del D\u00eda Mundial de la Arquitectura de 2021.\u00a0El\u00a0D\u00eda Mundial de [&hellip;]","og_url":"https:\/\/fundacioncajaruraldelsur.com\/pt\/colaboramos-con-el-coah-en-los-actos-del-dia-mundial-de-la-arquitectura-el-30-de-septiembre-y-4-de-octubre\/","og_site_name":"Fundaci\u00f3n Caja Rural del Sur","article_published_time":"2021-09-29T08:44:57+00:00","og_image":[{"width":668,"height":413,"url":"https:\/\/fundacioncajaruraldelsur.com\/wp-content\/uploads\/2021\/09\/COAH.jpg","type":"image\/jpeg"}],"author":"Comunicaci\u00f3n","twitter_card":"summary_large_image","twitter_misc":{"Written by":"Comunicaci\u00f3n","Est. reading time":"1 minute"},"schema":{"@context":"https:\/\/schema.org","@graph":[{"@type":"Article","@id":"https:\/\/fundacioncajaruraldelsur.com\/colaboramos-con-el-coah-en-los-actos-del-dia-mundial-de-la-arquitectura-el-30-de-septiembre-y-4-de-octubre\/#article","isPartOf":{"@id":"https:\/\/fundacioncajaruraldelsur.com\/colaboramos-con-el-coah-en-los-actos-del-dia-mundial-de-la-arquitectura-el-30-de-septiembre-y-4-de-octubre\/"},"author":{"name":"Comunicaci\u00f3n","@id":"https:\/\/fundacioncajaruraldelsur.com\/#\/schema\/person\/f430da9fb783d505ff061ad8b3d44577"},"headline":"Colaboramos con el COAH en los actos del \u00abD\u00eda Mundial de la Arquitectura\u00bb el 30 de septiembre y 4 de octubre","datePublished":"2021-09-29T08:44:57+00:00","mainEntityOfPage":{"@id":"https:\/\/fundacioncajaruraldelsur.com\/colaboramos-con-el-coah-en-los-actos-del-dia-mundial-de-la-arquitectura-el-30-de-septiembre-y-4-de-octubre\/"},"wordCount":216,"image":{"@id":"https:\/\/fundacioncajaruraldelsur.com\/colaboramos-con-el-coah-en-los-actos-del-dia-mundial-de-la-arquitectura-el-30-de-septiembre-y-4-de-octubre\/#primaryimage"},"thumbnailUrl":"https:\/\/fundacioncajaruraldelsur.com\/wp-content\/uploads\/2021\/09\/COAH.jpg","articleSection":["Actos"],"inLanguage":"pt-PT"},{"@type":"WebPage","@id":"https:\/\/fundacioncajaruraldelsur.com\/colaboramos-con-el-coah-en-los-actos-del-dia-mundial-de-la-arquitectura-el-30-de-septiembre-y-4-de-octubre\/","url":"https:\/\/fundacioncajaruraldelsur.com\/colaboramos-con-el-coah-en-los-actos-del-dia-mundial-de-la-arquitectura-el-30-de-septiembre-y-4-de-octubre\/","name":"Colaboramos con el COAH en los actos del \"D\u00eda Mundial de la Arquitectura\" el 30 de septiembre y 4 de octubre - Fundaci\u00f3n Caja Rural del Sur","isPartOf":{"@id":"https:\/\/fundacioncajaruraldelsur.com\/#website"},"primaryImageOfPage":{"@id":"https:\/\/fundacioncajaruraldelsur.com\/colaboramos-con-el-coah-en-los-actos-del-dia-mundial-de-la-arquitectura-el-30-de-septiembre-y-4-de-octubre\/#primaryimage"},"image":{"@id":"https:\/\/fundacioncajaruraldelsur.com\/colaboramos-con-el-coah-en-los-actos-del-dia-mundial-de-la-arquitectura-el-30-de-septiembre-y-4-de-octubre\/#primaryimage"},"thumbnailUrl":"https:\/\/fundacioncajaruraldelsur.com\/wp-content\/uploads\/2021\/09\/COAH.jpg","datePublished":"2021-09-29T08:44:57+00:00","author":{"@id":"https:\/\/fundacioncajaruraldelsur.com\/#\/schema\/person\/f430da9fb783d505ff061ad8b3d44577"},"breadcrumb":{"@id":"https:\/\/fundacioncajaruraldelsur.com\/colaboramos-con-el-coah-en-los-actos-del-dia-mundial-de-la-arquitectura-el-30-de-septiembre-y-4-de-octubre\/#breadcrumb"},"inLanguage":"pt-PT","potentialAction":[{"@type":"ReadAction","target":["https:\/\/fundacioncajaruraldelsur.com\/colaboramos-con-el-coah-en-los-actos-del-dia-mundial-de-la-arquitectura-el-30-de-septiembre-y-4-de-octubre\/"]}]},{"@type":"ImageObject","inLanguage":"pt-PT","@id":"https:\/\/fundacioncajaruraldelsur.com\/colaboramos-con-el-coah-en-los-actos-del-dia-mundial-de-la-arquitectura-el-30-de-septiembre-y-4-de-octubre\/#primaryimage","url":"https:\/\/fundacioncajaruraldelsur.com\/wp-content\/uploads\/2021\/09\/COAH.jpg","contentUrl":"https:\/\/fundacioncajaruraldelsur.com\/wp-content\/uploads\/2021\/09\/COAH.jpg","width":668,"height":413},{"@type":"BreadcrumbList","@id":"https:\/\/fundacioncajaruraldelsur.com\/colaboramos-con-el-coah-en-los-actos-del-dia-mundial-de-la-arquitectura-el-30-de-septiembre-y-4-de-octubre\/#breadcrumb","itemListElement":[{"@type":"ListItem","position":1,"name":"Portada","item":"https:\/\/fundacioncajaruraldelsur.com\/"},{"@type":"ListItem","position":2,"name":"Colaboramos con el COAH en los actos del \u00abD\u00eda Mundial de la Arquitectura\u00bb el 30 de septiembre y 4 de octubre"}]},{"@type":"WebSite","@id":"https:\/\/fundacioncajaruraldelsur.com\/#website","url":"https:\/\/fundacioncajaruraldelsur.com\/","name":"Funda\u00e7\u00e3o Caja Rural del Sur","description":"","potentialAction":[{"@type":"SearchAction","target":{"@type":"EntryPoint","urlTemplate":"https:\/\/fundacioncajaruraldelsur.com\/?s={search_term_string}"},"query-input":{"@type":"PropertyValueSpecification","valueRequired":true,"valueName":"search_term_string"}}],"inLanguage":"pt-PT"},{"@type":"Person","@id":"https:\/\/fundacioncajaruraldelsur.com\/#\/schema\/person\/f430da9fb783d505ff061ad8b3d44577","name":"Comunicaci\u00f3n","image":{"@type":"ImageObject","inLanguage":"pt-PT","@id":"https:\/\/secure.gravatar.com\/avatar\/0dca239875993680bac4603ad2de7942da018f52cc3a244578e0b3b09314a8d8?s=96&d=blank&r=g","url":"https:\/\/secure.gravatar.com\/avatar\/0dca239875993680bac4603ad2de7942da018f52cc3a244578e0b3b09314a8d8?s=96&d=blank&r=g","contentUrl":"https:\/\/secure.gravatar.com\/avatar\/0dca239875993680bac4603ad2de7942da018f52cc3a244578e0b3b09314a8d8?s=96&d=blank&r=g","caption":"Comunicaci\u00f3n"}}]}},"rttpg_featured_image_url":{"full":["https:\/\/fundacioncajaruraldelsur.com\/wp-content\/uploads\/2021\/09\/COAH.jpg",668,413,false],"landscape":["https:\/\/fundacioncajaruraldelsur.com\/wp-content\/uploads\/2021\/09\/COAH.jpg",668,413,false],"portraits":["https:\/\/fundacioncajaruraldelsur.com\/wp-content\/uploads\/2021\/09\/COAH.jpg",668,413,false],"thumbnail":["https:\/\/fundacioncajaruraldelsur.com\/wp-content\/uploads\/2021\/09\/COAH-150x150.jpg",150,150,true],"medium":["https:\/\/fundacioncajaruraldelsur.com\/wp-content\/uploads\/2021\/09\/COAH-300x185.jpg",300,185,true],"large":["https:\/\/fundacioncajaruraldelsur.com\/wp-content\/uploads\/2021\/09\/COAH.jpg",668,413,false],"1536x1536":["https:\/\/fundacioncajaruraldelsur.com\/wp-content\/uploads\/2021\/09\/COAH.jpg",668,413,false],"2048x2048":["https:\/\/fundacioncajaruraldelsur.com\/wp-content\/uploads\/2021\/09\/COAH.jpg",668,413,false],"trp-custom-language-flag":["https:\/\/fundacioncajaruraldelsur.com\/wp-content\/uploads\/2021\/09\/COAH.jpg",18,12,false],"blog-thumbnail":["https:\/\/fundacioncajaruraldelsur.com\/wp-content\/uploads\/2021\/09\/COAH-400x200.jpg",400,200,true]},"rttpg_author":{"display_name":"Comunicaci\u00f3n","author_link":"https:\/\/fundacioncajaruraldelsur.com\/pt\/author\/sevillaadmin\/"},"rttpg_comment":0,"rttpg_category":"<a href=\"https:\/\/fundacioncajaruraldelsur.com\/pt\/category\/actos\/\" rel=\"category tag\">Actos<\/a>","rttpg_excerpt":"La Fundaci\u00f3n Caja Rural deL Sur colabora con el Colegio Oficial de Arquitectos de Huelva -COAH- en la celebraci\u00f3n especial del D\u00eda Mundial de la Arquitectura de 2021.\u00a0El\u00a0D\u00eda Mundial de [&hellip;]","_links":{"self":[{"href":"https:\/\/fundacioncajaruraldelsur.com\/pt\/wp-json\/wp\/v2\/posts\/6700","targetHints":{"allow":["GET"]}}],"collection":[{"href":"https:\/\/fundacioncajaruraldelsur.com\/pt\/wp-json\/wp\/v2\/posts"}],"about":[{"href":"https:\/\/fundacioncajaruraldelsur.com\/pt\/wp-json\/wp\/v2\/types\/post"}],"author":[{"embeddable":true,"href":"https:\/\/fundacioncajaruraldelsur.com\/pt\/wp-json\/wp\/v2\/users\/6"}],"replies":[{"embeddable":true,"href":"https:\/\/fundacioncajaruraldelsur.com\/pt\/wp-json\/wp\/v2\/comments?post=6700"}],"version-history":[{"count":1,"href":"https:\/\/fundacioncajaruraldelsur.com\/pt\/wp-json\/wp\/v2\/posts\/6700\/revisions"}],"predecessor-version":[{"id":6702,"href":"https:\/\/fundacioncajaruraldelsur.com\/pt\/wp-json\/wp\/v2\/posts\/6700\/revisions\/6702"}],"wp:featuredmedia":[{"embeddable":true,"href":"https:\/\/fundacioncajaruraldelsur.com\/pt\/wp-json\/wp\/v2\/media\/6701"}],"wp:attachment":[{"href":"https:\/\/fundacioncajaruraldelsur.com\/pt\/wp-json\/wp\/v2\/media?parent=6700"}],"wp:term":[{"taxonomy":"category","embeddable":true,"href":"https:\/\/fundacioncajaruraldelsur.com\/pt\/wp-json\/wp\/v2\/categories?post=6700"},{"taxonomy":"post_tag","embeddable":true,"href":"https:\/\/fundacioncajaruraldelsur.com\/pt\/wp-json\/wp\/v2\/tags?post=6700"}],"curies":[{"name":"wp","href":"https:\/\/api.w.org\/{rel}","templated":true}]}}