{"id":6693,"date":"2021-09-26T10:52:03","date_gmt":"2021-09-26T08:52:03","guid":{"rendered":"\/?p=6693"},"modified":"2021-09-26T10:56:07","modified_gmt":"2021-09-26T08:56:07","slug":"presentacion-en-sevilla-de-las-huellas-de-azzam-del-profesor-cristobal-cobo","status":"publish","type":"post","link":"https:\/\/fundacioncajaruraldelsur.com\/pt\/presentacion-en-sevilla-de-las-huellas-de-azzam-del-profesor-cristobal-cobo\/","title":{"rendered":"Presentaci\u00f3n en Sevilla de \u00abLas huellas de Azz\u00e2m\u00bb del profesor Crist\u00f3bal Cobo"},"content":{"rendered":"<div class=\"x_gmail_quote\">\n<div dir=\"ltr\" style=\"text-align: left;\">\n<p>La sede de la Fundaci\u00f3n Caja Rural del Sur en Sevilla ha acogido este jueves, 23 de septiembre,\u00a0 la presentaci\u00f3n del libro \u00ab<b>Las huellas de Azz\u00e2m\u00bb, <\/b>del que es autor el profesor Crist\u00f3bal Cobo Mart\u00ednez, Canciller-Vicepresidente del Cabildo Alfonso X El Sabio.<\/p>\n<p>El acto se enmarc\u00f3 dentro del Programa del VIII Centenario del nacimiento de Alfonso X el Sabio, que celebramos este a\u00f1o.<\/p>\n<p>La novela \u00ab<b>Las huellas de Azz\u00e2m\u00bb<\/b> est\u00e1 centrada en la \u00e9poca del reinado de Alfonso X, figura sobre cuyo estudio y an\u00e1lisis se centra la actividad del Cabildo como fin principal. De este modo se ocupa del estudio de la figura hist\u00f3rica del Rey Alfonso X, como refundador y constructor de la nueva Sevilla que surge en el siglo XIII.<\/p>\n<p>Adem\u00e1s el Cabildo tiene entre otros fines estudiar y divulgar la historia y tradiciones del Reino de Sevilla y practicar y promover la tolerancia de las culturas.<\/p>\n<\/div>\n<div dir=\"ltr\"><\/div>\n<div dir=\"ltr\" style=\"text-align: left;\"><a href=\"\/wp-content\/uploads\/2021\/09\/libro-2.jpg\" rel=\"lightbox-0\"><img loading=\"lazy\" decoding=\"async\" class=\"alignnone wp-image-6690 size-full\" src=\"\/wp-content\/uploads\/2021\/09\/libro-2.jpg\" alt=\"\" width=\"2000\" height=\"1500\" srcset=\"https:\/\/fundacioncajaruraldelsur.com\/wp-content\/uploads\/2021\/09\/libro-2.jpg 2000w, https:\/\/fundacioncajaruraldelsur.com\/wp-content\/uploads\/2021\/09\/libro-2-300x225.jpg 300w, https:\/\/fundacioncajaruraldelsur.com\/wp-content\/uploads\/2021\/09\/libro-2-1024x768.jpg 1024w, https:\/\/fundacioncajaruraldelsur.com\/wp-content\/uploads\/2021\/09\/libro-2-768x576.jpg 768w, https:\/\/fundacioncajaruraldelsur.com\/wp-content\/uploads\/2021\/09\/libro-2-1536x1152.jpg 1536w\" sizes=\"auto, (max-width: 2000px) 100vw, 2000px\" \/><\/a><\/div>\n<div dir=\"ltr\"><\/div>\n<\/div>\n<div dir=\"ltr\"><\/div>","protected":false},"excerpt":{"rendered":"<p>La sede de la Fundaci\u00f3n Caja Rural del Sur en Sevilla ha acogido este jueves, 23 de septiembre,\u00a0 la presentaci\u00f3n del libro \u00abLas huellas de Azz\u00e2m\u00bb, del que es autor [&hellip;]<\/p>\n","protected":false},"author":6,"featured_media":6691,"comment_status":"closed","ping_status":"closed","sticky":false,"template":"","format":"standard","meta":{"footnotes":""},"categories":[84],"tags":[],"class_list":["post-6693","post","type-post","status-publish","format-standard","has-post-thumbnail","hentry","category-presentaciones"],"yoast_head":"<!-- This site is optimized with the Yoast SEO plugin v27.3 - https:\/\/yoast.com\/product\/yoast-seo-wordpress\/ -->\n<title>Presentaci\u00f3n en Sevilla de &quot;Las huellas de Azz\u00e2m&quot; del profesor Crist\u00f3bal Cobo - Fundaci\u00f3n Caja Rural del Sur<\/title>\n<meta name=\"robots\" content=\"index, follow, max-snippet:-1, max-image-preview:large, max-video-preview:-1\" \/>\n<link rel=\"canonical\" href=\"https:\/\/fundacioncajaruraldelsur.com\/pt\/presentacion-en-sevilla-de-las-huellas-de-azzam-del-profesor-cristobal-cobo\/\" \/>\n<meta property=\"og:locale\" content=\"pt_PT\" \/>\n<meta property=\"og:type\" content=\"article\" \/>\n<meta property=\"og:title\" content=\"Presentaci\u00f3n en Sevilla de &quot;Las huellas de Azz\u00e2m&quot; del profesor Crist\u00f3bal Cobo - Fundaci\u00f3n Caja Rural del Sur\" \/>\n<meta property=\"og:description\" content=\"La sede de la Fundaci\u00f3n Caja Rural del Sur en Sevilla ha acogido este jueves, 23 de septiembre,\u00a0 la presentaci\u00f3n del libro \u00abLas huellas de Azz\u00e2m\u00bb, del que es autor [&hellip;]\" \/>\n<meta property=\"og:url\" content=\"https:\/\/fundacioncajaruraldelsur.com\/pt\/presentacion-en-sevilla-de-las-huellas-de-azzam-del-profesor-cristobal-cobo\/\" \/>\n<meta property=\"og:site_name\" content=\"Fundaci\u00f3n Caja Rural del Sur\" \/>\n<meta property=\"article:published_time\" content=\"2021-09-26T08:52:03+00:00\" \/>\n<meta property=\"article:modified_time\" content=\"2021-09-26T08:56:07+00:00\" \/>\n<meta property=\"og:image\" content=\"https:\/\/fundacioncajaruraldelsur.com\/wp-content\/uploads\/2021\/09\/libro.jpg\" \/>\n\t<meta property=\"og:image:width\" content=\"2016\" \/>\n\t<meta property=\"og:image:height\" content=\"954\" \/>\n\t<meta property=\"og:image:type\" content=\"image\/jpeg\" \/>\n<meta name=\"author\" content=\"Comunicaci\u00f3n\" \/>\n<meta name=\"twitter:card\" content=\"summary_large_image\" \/>\n<meta name=\"twitter:label1\" content=\"Written by\" \/>\n\t<meta name=\"twitter:data1\" content=\"Comunicaci\u00f3n\" \/>\n\t<meta name=\"twitter:label2\" content=\"Est. reading time\" \/>\n\t<meta name=\"twitter:data2\" content=\"1 minute\" \/>\n<script type=\"application\/ld+json\" class=\"yoast-schema-graph\">{\"@context\":\"https:\\\/\\\/schema.org\",\"@graph\":[{\"@type\":\"Article\",\"@id\":\"https:\\\/\\\/fundacioncajaruraldelsur.com\\\/presentacion-en-sevilla-de-las-huellas-de-azzam-del-profesor-cristobal-cobo\\\/#article\",\"isPartOf\":{\"@id\":\"https:\\\/\\\/fundacioncajaruraldelsur.com\\\/presentacion-en-sevilla-de-las-huellas-de-azzam-del-profesor-cristobal-cobo\\\/\"},\"author\":{\"name\":\"Comunicaci\u00f3n\",\"@id\":\"https:\\\/\\\/fundacioncajaruraldelsur.com\\\/#\\\/schema\\\/person\\\/f430da9fb783d505ff061ad8b3d44577\"},\"headline\":\"Presentaci\u00f3n en Sevilla de \u00abLas huellas de Azz\u00e2m\u00bb del profesor Crist\u00f3bal Cobo\",\"datePublished\":\"2021-09-26T08:52:03+00:00\",\"dateModified\":\"2021-09-26T08:56:07+00:00\",\"mainEntityOfPage\":{\"@id\":\"https:\\\/\\\/fundacioncajaruraldelsur.com\\\/presentacion-en-sevilla-de-las-huellas-de-azzam-del-profesor-cristobal-cobo\\\/\"},\"wordCount\":174,\"image\":{\"@id\":\"https:\\\/\\\/fundacioncajaruraldelsur.com\\\/presentacion-en-sevilla-de-las-huellas-de-azzam-del-profesor-cristobal-cobo\\\/#primaryimage\"},\"thumbnailUrl\":\"https:\\\/\\\/fundacioncajaruraldelsur.com\\\/wp-content\\\/uploads\\\/2021\\\/09\\\/libro.jpg\",\"articleSection\":[\"Presentaciones\"],\"inLanguage\":\"pt-PT\"},{\"@type\":\"WebPage\",\"@id\":\"https:\\\/\\\/fundacioncajaruraldelsur.com\\\/presentacion-en-sevilla-de-las-huellas-de-azzam-del-profesor-cristobal-cobo\\\/\",\"url\":\"https:\\\/\\\/fundacioncajaruraldelsur.com\\\/presentacion-en-sevilla-de-las-huellas-de-azzam-del-profesor-cristobal-cobo\\\/\",\"name\":\"Presentaci\u00f3n en Sevilla de \\\"Las huellas de Azz\u00e2m\\\" del profesor Crist\u00f3bal Cobo - Fundaci\u00f3n Caja Rural del Sur\",\"isPartOf\":{\"@id\":\"https:\\\/\\\/fundacioncajaruraldelsur.com\\\/#website\"},\"primaryImageOfPage\":{\"@id\":\"https:\\\/\\\/fundacioncajaruraldelsur.com\\\/presentacion-en-sevilla-de-las-huellas-de-azzam-del-profesor-cristobal-cobo\\\/#primaryimage\"},\"image\":{\"@id\":\"https:\\\/\\\/fundacioncajaruraldelsur.com\\\/presentacion-en-sevilla-de-las-huellas-de-azzam-del-profesor-cristobal-cobo\\\/#primaryimage\"},\"thumbnailUrl\":\"https:\\\/\\\/fundacioncajaruraldelsur.com\\\/wp-content\\\/uploads\\\/2021\\\/09\\\/libro.jpg\",\"datePublished\":\"2021-09-26T08:52:03+00:00\",\"dateModified\":\"2021-09-26T08:56:07+00:00\",\"author\":{\"@id\":\"https:\\\/\\\/fundacioncajaruraldelsur.com\\\/#\\\/schema\\\/person\\\/f430da9fb783d505ff061ad8b3d44577\"},\"breadcrumb\":{\"@id\":\"https:\\\/\\\/fundacioncajaruraldelsur.com\\\/presentacion-en-sevilla-de-las-huellas-de-azzam-del-profesor-cristobal-cobo\\\/#breadcrumb\"},\"inLanguage\":\"pt-PT\",\"potentialAction\":[{\"@type\":\"ReadAction\",\"target\":[\"https:\\\/\\\/fundacioncajaruraldelsur.com\\\/presentacion-en-sevilla-de-las-huellas-de-azzam-del-profesor-cristobal-cobo\\\/\"]}]},{\"@type\":\"ImageObject\",\"inLanguage\":\"pt-PT\",\"@id\":\"https:\\\/\\\/fundacioncajaruraldelsur.com\\\/presentacion-en-sevilla-de-las-huellas-de-azzam-del-profesor-cristobal-cobo\\\/#primaryimage\",\"url\":\"https:\\\/\\\/fundacioncajaruraldelsur.com\\\/wp-content\\\/uploads\\\/2021\\\/09\\\/libro.jpg\",\"contentUrl\":\"https:\\\/\\\/fundacioncajaruraldelsur.com\\\/wp-content\\\/uploads\\\/2021\\\/09\\\/libro.jpg\",\"width\":2016,\"height\":954},{\"@type\":\"BreadcrumbList\",\"@id\":\"https:\\\/\\\/fundacioncajaruraldelsur.com\\\/presentacion-en-sevilla-de-las-huellas-de-azzam-del-profesor-cristobal-cobo\\\/#breadcrumb\",\"itemListElement\":[{\"@type\":\"ListItem\",\"position\":1,\"name\":\"Portada\",\"item\":\"https:\\\/\\\/fundacioncajaruraldelsur.com\\\/\"},{\"@type\":\"ListItem\",\"position\":2,\"name\":\"Presentaci\u00f3n en Sevilla de \u00abLas huellas de Azz\u00e2m\u00bb del profesor Crist\u00f3bal Cobo\"}]},{\"@type\":\"WebSite\",\"@id\":\"https:\\\/\\\/fundacioncajaruraldelsur.com\\\/#website\",\"url\":\"https:\\\/\\\/fundacioncajaruraldelsur.com\\\/\",\"name\":\"Fundaci\u00f3n Caja Rural del Sur\",\"description\":\"\",\"potentialAction\":[{\"@type\":\"SearchAction\",\"target\":{\"@type\":\"EntryPoint\",\"urlTemplate\":\"https:\\\/\\\/fundacioncajaruraldelsur.com\\\/?s={search_term_string}\"},\"query-input\":{\"@type\":\"PropertyValueSpecification\",\"valueRequired\":true,\"valueName\":\"search_term_string\"}}],\"inLanguage\":\"pt-PT\"},{\"@type\":\"Person\",\"@id\":\"https:\\\/\\\/fundacioncajaruraldelsur.com\\\/#\\\/schema\\\/person\\\/f430da9fb783d505ff061ad8b3d44577\",\"name\":\"Comunicaci\u00f3n\",\"image\":{\"@type\":\"ImageObject\",\"inLanguage\":\"pt-PT\",\"@id\":\"https:\\\/\\\/secure.gravatar.com\\\/avatar\\\/0dca239875993680bac4603ad2de7942da018f52cc3a244578e0b3b09314a8d8?s=96&d=blank&r=g\",\"url\":\"https:\\\/\\\/secure.gravatar.com\\\/avatar\\\/0dca239875993680bac4603ad2de7942da018f52cc3a244578e0b3b09314a8d8?s=96&d=blank&r=g\",\"contentUrl\":\"https:\\\/\\\/secure.gravatar.com\\\/avatar\\\/0dca239875993680bac4603ad2de7942da018f52cc3a244578e0b3b09314a8d8?s=96&d=blank&r=g\",\"caption\":\"Comunicaci\u00f3n\"}}]}<\/script>\n<!-- \/ Yoast SEO plugin. -->","yoast_head_json":{"title":"Presentaci\u00f3n en Sevilla de \"Las huellas de Azz\u00e2m\" del profesor Crist\u00f3bal Cobo - Fundaci\u00f3n Caja Rural del Sur","robots":{"index":"index","follow":"follow","max-snippet":"max-snippet:-1","max-image-preview":"max-image-preview:large","max-video-preview":"max-video-preview:-1"},"canonical":"https:\/\/fundacioncajaruraldelsur.com\/pt\/presentacion-en-sevilla-de-las-huellas-de-azzam-del-profesor-cristobal-cobo\/","og_locale":"pt_PT","og_type":"article","og_title":"Presentaci\u00f3n en Sevilla de \"Las huellas de Azz\u00e2m\" del profesor Crist\u00f3bal Cobo - Fundaci\u00f3n Caja Rural del Sur","og_description":"La sede de la Fundaci\u00f3n Caja Rural del Sur en Sevilla ha acogido este jueves, 23 de septiembre,\u00a0 la presentaci\u00f3n del libro \u00abLas huellas de Azz\u00e2m\u00bb, del que es autor [&hellip;]","og_url":"https:\/\/fundacioncajaruraldelsur.com\/pt\/presentacion-en-sevilla-de-las-huellas-de-azzam-del-profesor-cristobal-cobo\/","og_site_name":"Fundaci\u00f3n Caja Rural del Sur","article_published_time":"2021-09-26T08:52:03+00:00","article_modified_time":"2021-09-26T08:56:07+00:00","og_image":[{"width":2016,"height":954,"url":"https:\/\/fundacioncajaruraldelsur.com\/wp-content\/uploads\/2021\/09\/libro.jpg","type":"image\/jpeg"}],"author":"Comunicaci\u00f3n","twitter_card":"summary_large_image","twitter_misc":{"Written by":"Comunicaci\u00f3n","Est. reading time":"1 minute"},"schema":{"@context":"https:\/\/schema.org","@graph":[{"@type":"Article","@id":"https:\/\/fundacioncajaruraldelsur.com\/presentacion-en-sevilla-de-las-huellas-de-azzam-del-profesor-cristobal-cobo\/#article","isPartOf":{"@id":"https:\/\/fundacioncajaruraldelsur.com\/presentacion-en-sevilla-de-las-huellas-de-azzam-del-profesor-cristobal-cobo\/"},"author":{"name":"Comunicaci\u00f3n","@id":"https:\/\/fundacioncajaruraldelsur.com\/#\/schema\/person\/f430da9fb783d505ff061ad8b3d44577"},"headline":"Presentaci\u00f3n en Sevilla de \u00abLas huellas de Azz\u00e2m\u00bb del profesor Crist\u00f3bal Cobo","datePublished":"2021-09-26T08:52:03+00:00","dateModified":"2021-09-26T08:56:07+00:00","mainEntityOfPage":{"@id":"https:\/\/fundacioncajaruraldelsur.com\/presentacion-en-sevilla-de-las-huellas-de-azzam-del-profesor-cristobal-cobo\/"},"wordCount":174,"image":{"@id":"https:\/\/fundacioncajaruraldelsur.com\/presentacion-en-sevilla-de-las-huellas-de-azzam-del-profesor-cristobal-cobo\/#primaryimage"},"thumbnailUrl":"https:\/\/fundacioncajaruraldelsur.com\/wp-content\/uploads\/2021\/09\/libro.jpg","articleSection":["Presentaciones"],"inLanguage":"pt-PT"},{"@type":"WebPage","@id":"https:\/\/fundacioncajaruraldelsur.com\/presentacion-en-sevilla-de-las-huellas-de-azzam-del-profesor-cristobal-cobo\/","url":"https:\/\/fundacioncajaruraldelsur.com\/presentacion-en-sevilla-de-las-huellas-de-azzam-del-profesor-cristobal-cobo\/","name":"Presentaci\u00f3n en Sevilla de \"Las huellas de Azz\u00e2m\" del profesor Crist\u00f3bal Cobo - Fundaci\u00f3n Caja Rural del Sur","isPartOf":{"@id":"https:\/\/fundacioncajaruraldelsur.com\/#website"},"primaryImageOfPage":{"@id":"https:\/\/fundacioncajaruraldelsur.com\/presentacion-en-sevilla-de-las-huellas-de-azzam-del-profesor-cristobal-cobo\/#primaryimage"},"image":{"@id":"https:\/\/fundacioncajaruraldelsur.com\/presentacion-en-sevilla-de-las-huellas-de-azzam-del-profesor-cristobal-cobo\/#primaryimage"},"thumbnailUrl":"https:\/\/fundacioncajaruraldelsur.com\/wp-content\/uploads\/2021\/09\/libro.jpg","datePublished":"2021-09-26T08:52:03+00:00","dateModified":"2021-09-26T08:56:07+00:00","author":{"@id":"https:\/\/fundacioncajaruraldelsur.com\/#\/schema\/person\/f430da9fb783d505ff061ad8b3d44577"},"breadcrumb":{"@id":"https:\/\/fundacioncajaruraldelsur.com\/presentacion-en-sevilla-de-las-huellas-de-azzam-del-profesor-cristobal-cobo\/#breadcrumb"},"inLanguage":"pt-PT","potentialAction":[{"@type":"ReadAction","target":["https:\/\/fundacioncajaruraldelsur.com\/presentacion-en-sevilla-de-las-huellas-de-azzam-del-profesor-cristobal-cobo\/"]}]},{"@type":"ImageObject","inLanguage":"pt-PT","@id":"https:\/\/fundacioncajaruraldelsur.com\/presentacion-en-sevilla-de-las-huellas-de-azzam-del-profesor-cristobal-cobo\/#primaryimage","url":"https:\/\/fundacioncajaruraldelsur.com\/wp-content\/uploads\/2021\/09\/libro.jpg","contentUrl":"https:\/\/fundacioncajaruraldelsur.com\/wp-content\/uploads\/2021\/09\/libro.jpg","width":2016,"height":954},{"@type":"BreadcrumbList","@id":"https:\/\/fundacioncajaruraldelsur.com\/presentacion-en-sevilla-de-las-huellas-de-azzam-del-profesor-cristobal-cobo\/#breadcrumb","itemListElement":[{"@type":"ListItem","position":1,"name":"Portada","item":"https:\/\/fundacioncajaruraldelsur.com\/"},{"@type":"ListItem","position":2,"name":"Presentaci\u00f3n en Sevilla de \u00abLas huellas de Azz\u00e2m\u00bb del profesor Crist\u00f3bal Cobo"}]},{"@type":"WebSite","@id":"https:\/\/fundacioncajaruraldelsur.com\/#website","url":"https:\/\/fundacioncajaruraldelsur.com\/","name":"Funda\u00e7\u00e3o Caja Rural del Sur","description":"","potentialAction":[{"@type":"SearchAction","target":{"@type":"EntryPoint","urlTemplate":"https:\/\/fundacioncajaruraldelsur.com\/?s={search_term_string}"},"query-input":{"@type":"PropertyValueSpecification","valueRequired":true,"valueName":"search_term_string"}}],"inLanguage":"pt-PT"},{"@type":"Person","@id":"https:\/\/fundacioncajaruraldelsur.com\/#\/schema\/person\/f430da9fb783d505ff061ad8b3d44577","name":"Comunicaci\u00f3n","image":{"@type":"ImageObject","inLanguage":"pt-PT","@id":"https:\/\/secure.gravatar.com\/avatar\/0dca239875993680bac4603ad2de7942da018f52cc3a244578e0b3b09314a8d8?s=96&d=blank&r=g","url":"https:\/\/secure.gravatar.com\/avatar\/0dca239875993680bac4603ad2de7942da018f52cc3a244578e0b3b09314a8d8?s=96&d=blank&r=g","contentUrl":"https:\/\/secure.gravatar.com\/avatar\/0dca239875993680bac4603ad2de7942da018f52cc3a244578e0b3b09314a8d8?s=96&d=blank&r=g","caption":"Comunicaci\u00f3n"}}]}},"rttpg_featured_image_url":{"full":["https:\/\/fundacioncajaruraldelsur.com\/wp-content\/uploads\/2021\/09\/libro.jpg",2016,954,false],"landscape":["https:\/\/fundacioncajaruraldelsur.com\/wp-content\/uploads\/2021\/09\/libro.jpg",2016,954,false],"portraits":["https:\/\/fundacioncajaruraldelsur.com\/wp-content\/uploads\/2021\/09\/libro.jpg",2016,954,false],"thumbnail":["https:\/\/fundacioncajaruraldelsur.com\/wp-content\/uploads\/2021\/09\/libro-150x150.jpg",150,150,true],"medium":["https:\/\/fundacioncajaruraldelsur.com\/wp-content\/uploads\/2021\/09\/libro-300x142.jpg",300,142,true],"large":["https:\/\/fundacioncajaruraldelsur.com\/wp-content\/uploads\/2021\/09\/libro-1024x485.jpg",960,455,true],"1536x1536":["https:\/\/fundacioncajaruraldelsur.com\/wp-content\/uploads\/2021\/09\/libro-1536x727.jpg",1536,727,true],"2048x2048":["https:\/\/fundacioncajaruraldelsur.com\/wp-content\/uploads\/2021\/09\/libro.jpg",2016,954,false],"trp-custom-language-flag":["https:\/\/fundacioncajaruraldelsur.com\/wp-content\/uploads\/2021\/09\/libro.jpg",18,9,false],"blog-thumbnail":["https:\/\/fundacioncajaruraldelsur.com\/wp-content\/uploads\/2021\/09\/libro-400x200.jpg",400,200,true]},"rttpg_author":{"display_name":"Comunicaci\u00f3n","author_link":"https:\/\/fundacioncajaruraldelsur.com\/pt\/author\/sevillaadmin\/"},"rttpg_comment":0,"rttpg_category":"<a href=\"https:\/\/fundacioncajaruraldelsur.com\/pt\/category\/presentaciones\/\" rel=\"category tag\">Presentaciones<\/a>","rttpg_excerpt":"La sede de la Fundaci\u00f3n Caja Rural del Sur en Sevilla ha acogido este jueves, 23 de septiembre,\u00a0 la presentaci\u00f3n del libro \u00abLas huellas de Azz\u00e2m\u00bb, del que es autor [&hellip;]","_links":{"self":[{"href":"https:\/\/fundacioncajaruraldelsur.com\/pt\/wp-json\/wp\/v2\/posts\/6693","targetHints":{"allow":["GET"]}}],"collection":[{"href":"https:\/\/fundacioncajaruraldelsur.com\/pt\/wp-json\/wp\/v2\/posts"}],"about":[{"href":"https:\/\/fundacioncajaruraldelsur.com\/pt\/wp-json\/wp\/v2\/types\/post"}],"author":[{"embeddable":true,"href":"https:\/\/fundacioncajaruraldelsur.com\/pt\/wp-json\/wp\/v2\/users\/6"}],"replies":[{"embeddable":true,"href":"https:\/\/fundacioncajaruraldelsur.com\/pt\/wp-json\/wp\/v2\/comments?post=6693"}],"version-history":[{"count":6,"href":"https:\/\/fundacioncajaruraldelsur.com\/pt\/wp-json\/wp\/v2\/posts\/6693\/revisions"}],"predecessor-version":[{"id":6699,"href":"https:\/\/fundacioncajaruraldelsur.com\/pt\/wp-json\/wp\/v2\/posts\/6693\/revisions\/6699"}],"wp:featuredmedia":[{"embeddable":true,"href":"https:\/\/fundacioncajaruraldelsur.com\/pt\/wp-json\/wp\/v2\/media\/6691"}],"wp:attachment":[{"href":"https:\/\/fundacioncajaruraldelsur.com\/pt\/wp-json\/wp\/v2\/media?parent=6693"}],"wp:term":[{"taxonomy":"category","embeddable":true,"href":"https:\/\/fundacioncajaruraldelsur.com\/pt\/wp-json\/wp\/v2\/categories?post=6693"},{"taxonomy":"post_tag","embeddable":true,"href":"https:\/\/fundacioncajaruraldelsur.com\/pt\/wp-json\/wp\/v2\/tags?post=6693"}],"curies":[{"name":"wp","href":"https:\/\/api.w.org\/{rel}","templated":true}]}}