{"id":6600,"date":"2021-09-04T12:42:43","date_gmt":"2021-09-04T10:42:43","guid":{"rendered":"\/?p=6600"},"modified":"2021-09-04T12:42:43","modified_gmt":"2021-09-04T10:42:43","slug":"fundacion-caja-rural-del-sur-apoyara-a-proyecto-hombre-en-sus-actividades","status":"publish","type":"post","link":"https:\/\/fundacioncajaruraldelsur.com\/pt\/fundacion-caja-rural-del-sur-apoyara-a-proyecto-hombre-en-sus-actividades\/","title":{"rendered":"Fundaci\u00f3n Caja Rural del Sur apoyar\u00e1 a Proyecto Hombre en sus actividades"},"content":{"rendered":"<p>El vicepresidente de Fundaci\u00f3n CES Proyecto Hombre, Diego de la Villa, y el presidente de Fundaci\u00f3n Caja Rural del Sur, Jos\u00e9 Luis Garc\u00eda-Palacios \u00c1lvarez, han firmado un convenio de colaboraci\u00f3n por el que la entidad apoyar\u00e1 sus actividades llevadas a cabo con fines eminentemente solidarios. En el acto estuvieron tambi\u00e9n presentes, Victor Rodriguez, como director en Huelva, y Gerardo S\u00e1nchez Mac\u00edas, de la Fundaci\u00f3n CES Proyecto Hombre.<\/p>\n<p>Fundaci\u00f3n Caja Rural del Sur, que tiene entre sus fines la promoci\u00f3n cultural, profesional y asistencial del entorno local y de la comunidad en general, y la mejora de la calidad de vida de las personas, es una entidad fuertemente vinculada desde su creaci\u00f3n con la sociedad andaluza y viene colaborando y apoyando las actividades de distintos colectivos, con lo que \u00a0gracias a este acuerdo con \u00a0Proyecto Hombre se pueden multiplicar las acciones que viene desarrollando desde su creaci\u00f3n<\/p>\n<p>Fundaci\u00f3n CES Proyecto Hombre es una entidad especializada en la\u00a0atenci\u00f3n integral a personas con problemas de adicciones, promoviendo su autonom\u00eda, desarrollo personal y su adecuada integraci\u00f3n en la sociedad. Asimismo, desarrollan acciones para prevenir las adicciones. Cumple este 4 de septiembre 27 a\u00f1os de andadura en Huelva, habiendo atendido estos a\u00f1os han a m\u00e1s de 40.000 personas en sus diferentes programas y recursos.<\/p>\n<p>Por su parte, Fundaci\u00f3n Caja Rural del Sur fue constituida el 29 de octubre de 2002 y a partir de este momento asumi\u00f3 funciones que hasta entonces ven\u00eda realizando directamente la Caja Rural del Sur para gestionar aquellas actividades de car\u00e1cter no financiero relacionadas con los aspectos culturales, sociales y formativos que puedan generar mejoras y progreso social en las zonas urbanas y rurales donde est\u00e1 implantada la entidad, sumando esfuerzos y sinergias, mediante acuerdos de colaboraci\u00f3n con distintos colectivos, y siempre en beneficio de la sociedad.<\/p>","protected":false},"excerpt":{"rendered":"<p>El vicepresidente de Fundaci\u00f3n CES Proyecto Hombre, Diego de la Villa, y el presidente de Fundaci\u00f3n Caja Rural del Sur, Jos\u00e9 Luis Garc\u00eda-Palacios \u00c1lvarez, han firmado un convenio de colaboraci\u00f3n [&hellip;]<\/p>\n","protected":false},"author":6,"featured_media":6601,"comment_status":"closed","ping_status":"closed","sticky":false,"template":"","format":"standard","meta":{"footnotes":""},"categories":[67],"tags":[],"class_list":["post-6600","post","type-post","status-publish","format-standard","has-post-thumbnail","hentry","category-convenios"],"yoast_head":"<!-- This site is optimized with the Yoast SEO plugin v27.3 - https:\/\/yoast.com\/product\/yoast-seo-wordpress\/ -->\n<title>Fundaci\u00f3n Caja Rural del Sur apoyar\u00e1 a Proyecto Hombre en sus actividades - Fundaci\u00f3n Caja Rural del Sur<\/title>\n<meta name=\"robots\" content=\"index, follow, max-snippet:-1, max-image-preview:large, max-video-preview:-1\" \/>\n<link rel=\"canonical\" href=\"https:\/\/fundacioncajaruraldelsur.com\/pt\/fundacion-caja-rural-del-sur-apoyara-a-proyecto-hombre-en-sus-actividades\/\" \/>\n<meta property=\"og:locale\" content=\"pt_PT\" \/>\n<meta property=\"og:type\" content=\"article\" \/>\n<meta property=\"og:title\" content=\"Fundaci\u00f3n Caja Rural del Sur apoyar\u00e1 a Proyecto Hombre en sus actividades - Fundaci\u00f3n Caja Rural del Sur\" \/>\n<meta property=\"og:description\" content=\"El vicepresidente de Fundaci\u00f3n CES Proyecto Hombre, Diego de la Villa, y el presidente de Fundaci\u00f3n Caja Rural del Sur, Jos\u00e9 Luis Garc\u00eda-Palacios \u00c1lvarez, han firmado un convenio de colaboraci\u00f3n [&hellip;]\" \/>\n<meta property=\"og:url\" content=\"https:\/\/fundacioncajaruraldelsur.com\/pt\/fundacion-caja-rural-del-sur-apoyara-a-proyecto-hombre-en-sus-actividades\/\" \/>\n<meta property=\"og:site_name\" content=\"Fundaci\u00f3n Caja Rural del Sur\" \/>\n<meta property=\"article:published_time\" content=\"2021-09-04T10:42:43+00:00\" \/>\n<meta property=\"og:image\" content=\"https:\/\/fundacioncajaruraldelsur.com\/wp-content\/uploads\/2021\/09\/210904.-Representantes-de-Proyecto-Hombre-con-el-presidente-de-Fundacion-Caja-Rural-del-Sur..jpg\" \/>\n\t<meta property=\"og:image:width\" content=\"1483\" \/>\n\t<meta property=\"og:image:height\" content=\"909\" \/>\n\t<meta property=\"og:image:type\" content=\"image\/jpeg\" \/>\n<meta name=\"author\" content=\"Comunicaci\u00f3n\" \/>\n<meta name=\"twitter:card\" content=\"summary_large_image\" \/>\n<meta name=\"twitter:label1\" content=\"Written by\" \/>\n\t<meta name=\"twitter:data1\" content=\"Comunicaci\u00f3n\" \/>\n\t<meta name=\"twitter:label2\" content=\"Est. reading time\" \/>\n\t<meta name=\"twitter:data2\" content=\"2 minutes\" \/>\n<script type=\"application\/ld+json\" class=\"yoast-schema-graph\">{\"@context\":\"https:\\\/\\\/schema.org\",\"@graph\":[{\"@type\":\"Article\",\"@id\":\"https:\\\/\\\/fundacioncajaruraldelsur.com\\\/fundacion-caja-rural-del-sur-apoyara-a-proyecto-hombre-en-sus-actividades\\\/#article\",\"isPartOf\":{\"@id\":\"https:\\\/\\\/fundacioncajaruraldelsur.com\\\/fundacion-caja-rural-del-sur-apoyara-a-proyecto-hombre-en-sus-actividades\\\/\"},\"author\":{\"name\":\"Comunicaci\u00f3n\",\"@id\":\"https:\\\/\\\/fundacioncajaruraldelsur.com\\\/#\\\/schema\\\/person\\\/f430da9fb783d505ff061ad8b3d44577\"},\"headline\":\"Fundaci\u00f3n Caja Rural del Sur apoyar\u00e1 a Proyecto Hombre en sus actividades\",\"datePublished\":\"2021-09-04T10:42:43+00:00\",\"mainEntityOfPage\":{\"@id\":\"https:\\\/\\\/fundacioncajaruraldelsur.com\\\/fundacion-caja-rural-del-sur-apoyara-a-proyecto-hombre-en-sus-actividades\\\/\"},\"wordCount\":328,\"image\":{\"@id\":\"https:\\\/\\\/fundacioncajaruraldelsur.com\\\/fundacion-caja-rural-del-sur-apoyara-a-proyecto-hombre-en-sus-actividades\\\/#primaryimage\"},\"thumbnailUrl\":\"https:\\\/\\\/fundacioncajaruraldelsur.com\\\/wp-content\\\/uploads\\\/2021\\\/09\\\/210904.-Representantes-de-Proyecto-Hombre-con-el-presidente-de-Fundacion-Caja-Rural-del-Sur..jpg\",\"articleSection\":[\"Convenios\"],\"inLanguage\":\"pt-PT\"},{\"@type\":\"WebPage\",\"@id\":\"https:\\\/\\\/fundacioncajaruraldelsur.com\\\/fundacion-caja-rural-del-sur-apoyara-a-proyecto-hombre-en-sus-actividades\\\/\",\"url\":\"https:\\\/\\\/fundacioncajaruraldelsur.com\\\/fundacion-caja-rural-del-sur-apoyara-a-proyecto-hombre-en-sus-actividades\\\/\",\"name\":\"Fundaci\u00f3n Caja Rural del Sur apoyar\u00e1 a Proyecto Hombre en sus actividades - Fundaci\u00f3n Caja Rural del Sur\",\"isPartOf\":{\"@id\":\"https:\\\/\\\/fundacioncajaruraldelsur.com\\\/#website\"},\"primaryImageOfPage\":{\"@id\":\"https:\\\/\\\/fundacioncajaruraldelsur.com\\\/fundacion-caja-rural-del-sur-apoyara-a-proyecto-hombre-en-sus-actividades\\\/#primaryimage\"},\"image\":{\"@id\":\"https:\\\/\\\/fundacioncajaruraldelsur.com\\\/fundacion-caja-rural-del-sur-apoyara-a-proyecto-hombre-en-sus-actividades\\\/#primaryimage\"},\"thumbnailUrl\":\"https:\\\/\\\/fundacioncajaruraldelsur.com\\\/wp-content\\\/uploads\\\/2021\\\/09\\\/210904.-Representantes-de-Proyecto-Hombre-con-el-presidente-de-Fundacion-Caja-Rural-del-Sur..jpg\",\"datePublished\":\"2021-09-04T10:42:43+00:00\",\"author\":{\"@id\":\"https:\\\/\\\/fundacioncajaruraldelsur.com\\\/#\\\/schema\\\/person\\\/f430da9fb783d505ff061ad8b3d44577\"},\"breadcrumb\":{\"@id\":\"https:\\\/\\\/fundacioncajaruraldelsur.com\\\/fundacion-caja-rural-del-sur-apoyara-a-proyecto-hombre-en-sus-actividades\\\/#breadcrumb\"},\"inLanguage\":\"pt-PT\",\"potentialAction\":[{\"@type\":\"ReadAction\",\"target\":[\"https:\\\/\\\/fundacioncajaruraldelsur.com\\\/fundacion-caja-rural-del-sur-apoyara-a-proyecto-hombre-en-sus-actividades\\\/\"]}]},{\"@type\":\"ImageObject\",\"inLanguage\":\"pt-PT\",\"@id\":\"https:\\\/\\\/fundacioncajaruraldelsur.com\\\/fundacion-caja-rural-del-sur-apoyara-a-proyecto-hombre-en-sus-actividades\\\/#primaryimage\",\"url\":\"https:\\\/\\\/fundacioncajaruraldelsur.com\\\/wp-content\\\/uploads\\\/2021\\\/09\\\/210904.-Representantes-de-Proyecto-Hombre-con-el-presidente-de-Fundacion-Caja-Rural-del-Sur..jpg\",\"contentUrl\":\"https:\\\/\\\/fundacioncajaruraldelsur.com\\\/wp-content\\\/uploads\\\/2021\\\/09\\\/210904.-Representantes-de-Proyecto-Hombre-con-el-presidente-de-Fundacion-Caja-Rural-del-Sur..jpg\",\"width\":1483,\"height\":909},{\"@type\":\"BreadcrumbList\",\"@id\":\"https:\\\/\\\/fundacioncajaruraldelsur.com\\\/fundacion-caja-rural-del-sur-apoyara-a-proyecto-hombre-en-sus-actividades\\\/#breadcrumb\",\"itemListElement\":[{\"@type\":\"ListItem\",\"position\":1,\"name\":\"Portada\",\"item\":\"https:\\\/\\\/fundacioncajaruraldelsur.com\\\/\"},{\"@type\":\"ListItem\",\"position\":2,\"name\":\"Fundaci\u00f3n Caja Rural del Sur apoyar\u00e1 a Proyecto Hombre en sus actividades\"}]},{\"@type\":\"WebSite\",\"@id\":\"https:\\\/\\\/fundacioncajaruraldelsur.com\\\/#website\",\"url\":\"https:\\\/\\\/fundacioncajaruraldelsur.com\\\/\",\"name\":\"Fundaci\u00f3n Caja Rural del Sur\",\"description\":\"\",\"potentialAction\":[{\"@type\":\"SearchAction\",\"target\":{\"@type\":\"EntryPoint\",\"urlTemplate\":\"https:\\\/\\\/fundacioncajaruraldelsur.com\\\/?s={search_term_string}\"},\"query-input\":{\"@type\":\"PropertyValueSpecification\",\"valueRequired\":true,\"valueName\":\"search_term_string\"}}],\"inLanguage\":\"pt-PT\"},{\"@type\":\"Person\",\"@id\":\"https:\\\/\\\/fundacioncajaruraldelsur.com\\\/#\\\/schema\\\/person\\\/f430da9fb783d505ff061ad8b3d44577\",\"name\":\"Comunicaci\u00f3n\",\"image\":{\"@type\":\"ImageObject\",\"inLanguage\":\"pt-PT\",\"@id\":\"https:\\\/\\\/secure.gravatar.com\\\/avatar\\\/0dca239875993680bac4603ad2de7942da018f52cc3a244578e0b3b09314a8d8?s=96&d=blank&r=g\",\"url\":\"https:\\\/\\\/secure.gravatar.com\\\/avatar\\\/0dca239875993680bac4603ad2de7942da018f52cc3a244578e0b3b09314a8d8?s=96&d=blank&r=g\",\"contentUrl\":\"https:\\\/\\\/secure.gravatar.com\\\/avatar\\\/0dca239875993680bac4603ad2de7942da018f52cc3a244578e0b3b09314a8d8?s=96&d=blank&r=g\",\"caption\":\"Comunicaci\u00f3n\"}}]}<\/script>\n<!-- \/ Yoast SEO plugin. -->","yoast_head_json":{"title":"Fundaci\u00f3n Caja Rural del Sur apoyar\u00e1 a Proyecto Hombre en sus actividades - Fundaci\u00f3n Caja Rural del Sur","robots":{"index":"index","follow":"follow","max-snippet":"max-snippet:-1","max-image-preview":"max-image-preview:large","max-video-preview":"max-video-preview:-1"},"canonical":"https:\/\/fundacioncajaruraldelsur.com\/pt\/fundacion-caja-rural-del-sur-apoyara-a-proyecto-hombre-en-sus-actividades\/","og_locale":"pt_PT","og_type":"article","og_title":"Fundaci\u00f3n Caja Rural del Sur apoyar\u00e1 a Proyecto Hombre en sus actividades - Fundaci\u00f3n Caja Rural del Sur","og_description":"El vicepresidente de Fundaci\u00f3n CES Proyecto Hombre, Diego de la Villa, y el presidente de Fundaci\u00f3n Caja Rural del Sur, Jos\u00e9 Luis Garc\u00eda-Palacios \u00c1lvarez, han firmado un convenio de colaboraci\u00f3n [&hellip;]","og_url":"https:\/\/fundacioncajaruraldelsur.com\/pt\/fundacion-caja-rural-del-sur-apoyara-a-proyecto-hombre-en-sus-actividades\/","og_site_name":"Fundaci\u00f3n Caja Rural del Sur","article_published_time":"2021-09-04T10:42:43+00:00","og_image":[{"width":1483,"height":909,"url":"https:\/\/fundacioncajaruraldelsur.com\/wp-content\/uploads\/2021\/09\/210904.-Representantes-de-Proyecto-Hombre-con-el-presidente-de-Fundacion-Caja-Rural-del-Sur..jpg","type":"image\/jpeg"}],"author":"Comunicaci\u00f3n","twitter_card":"summary_large_image","twitter_misc":{"Written by":"Comunicaci\u00f3n","Est. reading time":"2 minutes"},"schema":{"@context":"https:\/\/schema.org","@graph":[{"@type":"Article","@id":"https:\/\/fundacioncajaruraldelsur.com\/fundacion-caja-rural-del-sur-apoyara-a-proyecto-hombre-en-sus-actividades\/#article","isPartOf":{"@id":"https:\/\/fundacioncajaruraldelsur.com\/fundacion-caja-rural-del-sur-apoyara-a-proyecto-hombre-en-sus-actividades\/"},"author":{"name":"Comunicaci\u00f3n","@id":"https:\/\/fundacioncajaruraldelsur.com\/#\/schema\/person\/f430da9fb783d505ff061ad8b3d44577"},"headline":"Fundaci\u00f3n Caja Rural del Sur apoyar\u00e1 a Proyecto Hombre en sus actividades","datePublished":"2021-09-04T10:42:43+00:00","mainEntityOfPage":{"@id":"https:\/\/fundacioncajaruraldelsur.com\/fundacion-caja-rural-del-sur-apoyara-a-proyecto-hombre-en-sus-actividades\/"},"wordCount":328,"image":{"@id":"https:\/\/fundacioncajaruraldelsur.com\/fundacion-caja-rural-del-sur-apoyara-a-proyecto-hombre-en-sus-actividades\/#primaryimage"},"thumbnailUrl":"https:\/\/fundacioncajaruraldelsur.com\/wp-content\/uploads\/2021\/09\/210904.-Representantes-de-Proyecto-Hombre-con-el-presidente-de-Fundacion-Caja-Rural-del-Sur..jpg","articleSection":["Convenios"],"inLanguage":"pt-PT"},{"@type":"WebPage","@id":"https:\/\/fundacioncajaruraldelsur.com\/fundacion-caja-rural-del-sur-apoyara-a-proyecto-hombre-en-sus-actividades\/","url":"https:\/\/fundacioncajaruraldelsur.com\/fundacion-caja-rural-del-sur-apoyara-a-proyecto-hombre-en-sus-actividades\/","name":"Fundaci\u00f3n Caja Rural del Sur apoyar\u00e1 a Proyecto Hombre en sus actividades - Fundaci\u00f3n Caja Rural del Sur","isPartOf":{"@id":"https:\/\/fundacioncajaruraldelsur.com\/#website"},"primaryImageOfPage":{"@id":"https:\/\/fundacioncajaruraldelsur.com\/fundacion-caja-rural-del-sur-apoyara-a-proyecto-hombre-en-sus-actividades\/#primaryimage"},"image":{"@id":"https:\/\/fundacioncajaruraldelsur.com\/fundacion-caja-rural-del-sur-apoyara-a-proyecto-hombre-en-sus-actividades\/#primaryimage"},"thumbnailUrl":"https:\/\/fundacioncajaruraldelsur.com\/wp-content\/uploads\/2021\/09\/210904.-Representantes-de-Proyecto-Hombre-con-el-presidente-de-Fundacion-Caja-Rural-del-Sur..jpg","datePublished":"2021-09-04T10:42:43+00:00","author":{"@id":"https:\/\/fundacioncajaruraldelsur.com\/#\/schema\/person\/f430da9fb783d505ff061ad8b3d44577"},"breadcrumb":{"@id":"https:\/\/fundacioncajaruraldelsur.com\/fundacion-caja-rural-del-sur-apoyara-a-proyecto-hombre-en-sus-actividades\/#breadcrumb"},"inLanguage":"pt-PT","potentialAction":[{"@type":"ReadAction","target":["https:\/\/fundacioncajaruraldelsur.com\/fundacion-caja-rural-del-sur-apoyara-a-proyecto-hombre-en-sus-actividades\/"]}]},{"@type":"ImageObject","inLanguage":"pt-PT","@id":"https:\/\/fundacioncajaruraldelsur.com\/fundacion-caja-rural-del-sur-apoyara-a-proyecto-hombre-en-sus-actividades\/#primaryimage","url":"https:\/\/fundacioncajaruraldelsur.com\/wp-content\/uploads\/2021\/09\/210904.-Representantes-de-Proyecto-Hombre-con-el-presidente-de-Fundacion-Caja-Rural-del-Sur..jpg","contentUrl":"https:\/\/fundacioncajaruraldelsur.com\/wp-content\/uploads\/2021\/09\/210904.-Representantes-de-Proyecto-Hombre-con-el-presidente-de-Fundacion-Caja-Rural-del-Sur..jpg","width":1483,"height":909},{"@type":"BreadcrumbList","@id":"https:\/\/fundacioncajaruraldelsur.com\/fundacion-caja-rural-del-sur-apoyara-a-proyecto-hombre-en-sus-actividades\/#breadcrumb","itemListElement":[{"@type":"ListItem","position":1,"name":"Portada","item":"https:\/\/fundacioncajaruraldelsur.com\/"},{"@type":"ListItem","position":2,"name":"Fundaci\u00f3n Caja Rural del Sur apoyar\u00e1 a Proyecto Hombre en sus actividades"}]},{"@type":"WebSite","@id":"https:\/\/fundacioncajaruraldelsur.com\/#website","url":"https:\/\/fundacioncajaruraldelsur.com\/","name":"Funda\u00e7\u00e3o Caja Rural del Sur","description":"","potentialAction":[{"@type":"SearchAction","target":{"@type":"EntryPoint","urlTemplate":"https:\/\/fundacioncajaruraldelsur.com\/?s={search_term_string}"},"query-input":{"@type":"PropertyValueSpecification","valueRequired":true,"valueName":"search_term_string"}}],"inLanguage":"pt-PT"},{"@type":"Person","@id":"https:\/\/fundacioncajaruraldelsur.com\/#\/schema\/person\/f430da9fb783d505ff061ad8b3d44577","name":"Comunicaci\u00f3n","image":{"@type":"ImageObject","inLanguage":"pt-PT","@id":"https:\/\/secure.gravatar.com\/avatar\/0dca239875993680bac4603ad2de7942da018f52cc3a244578e0b3b09314a8d8?s=96&d=blank&r=g","url":"https:\/\/secure.gravatar.com\/avatar\/0dca239875993680bac4603ad2de7942da018f52cc3a244578e0b3b09314a8d8?s=96&d=blank&r=g","contentUrl":"https:\/\/secure.gravatar.com\/avatar\/0dca239875993680bac4603ad2de7942da018f52cc3a244578e0b3b09314a8d8?s=96&d=blank&r=g","caption":"Comunicaci\u00f3n"}}]}},"rttpg_featured_image_url":{"full":["https:\/\/fundacioncajaruraldelsur.com\/wp-content\/uploads\/2021\/09\/210904.-Representantes-de-Proyecto-Hombre-con-el-presidente-de-Fundacion-Caja-Rural-del-Sur..jpg",1483,909,false],"landscape":["https:\/\/fundacioncajaruraldelsur.com\/wp-content\/uploads\/2021\/09\/210904.-Representantes-de-Proyecto-Hombre-con-el-presidente-de-Fundacion-Caja-Rural-del-Sur..jpg",1483,909,false],"portraits":["https:\/\/fundacioncajaruraldelsur.com\/wp-content\/uploads\/2021\/09\/210904.-Representantes-de-Proyecto-Hombre-con-el-presidente-de-Fundacion-Caja-Rural-del-Sur..jpg",1483,909,false],"thumbnail":["https:\/\/fundacioncajaruraldelsur.com\/wp-content\/uploads\/2021\/09\/210904.-Representantes-de-Proyecto-Hombre-con-el-presidente-de-Fundacion-Caja-Rural-del-Sur.-150x150.jpg",150,150,true],"medium":["https:\/\/fundacioncajaruraldelsur.com\/wp-content\/uploads\/2021\/09\/210904.-Representantes-de-Proyecto-Hombre-con-el-presidente-de-Fundacion-Caja-Rural-del-Sur.-300x184.jpg",300,184,true],"large":["https:\/\/fundacioncajaruraldelsur.com\/wp-content\/uploads\/2021\/09\/210904.-Representantes-de-Proyecto-Hombre-con-el-presidente-de-Fundacion-Caja-Rural-del-Sur.-1024x628.jpg",960,589,true],"1536x1536":["https:\/\/fundacioncajaruraldelsur.com\/wp-content\/uploads\/2021\/09\/210904.-Representantes-de-Proyecto-Hombre-con-el-presidente-de-Fundacion-Caja-Rural-del-Sur..jpg",1483,909,false],"2048x2048":["https:\/\/fundacioncajaruraldelsur.com\/wp-content\/uploads\/2021\/09\/210904.-Representantes-de-Proyecto-Hombre-con-el-presidente-de-Fundacion-Caja-Rural-del-Sur..jpg",1483,909,false],"trp-custom-language-flag":["https:\/\/fundacioncajaruraldelsur.com\/wp-content\/uploads\/2021\/09\/210904.-Representantes-de-Proyecto-Hombre-con-el-presidente-de-Fundacion-Caja-Rural-del-Sur..jpg",18,12,false],"blog-thumbnail":["https:\/\/fundacioncajaruraldelsur.com\/wp-content\/uploads\/2021\/09\/210904.-Representantes-de-Proyecto-Hombre-con-el-presidente-de-Fundacion-Caja-Rural-del-Sur.-400x200.jpg",400,200,true]},"rttpg_author":{"display_name":"Comunicaci\u00f3n","author_link":"https:\/\/fundacioncajaruraldelsur.com\/pt\/author\/sevillaadmin\/"},"rttpg_comment":0,"rttpg_category":"<a href=\"https:\/\/fundacioncajaruraldelsur.com\/pt\/category\/convenios\/\" rel=\"category tag\">Convenios<\/a>","rttpg_excerpt":"El vicepresidente de Fundaci\u00f3n CES Proyecto Hombre, Diego de la Villa, y el presidente de Fundaci\u00f3n Caja Rural del Sur, Jos\u00e9 Luis Garc\u00eda-Palacios \u00c1lvarez, han firmado un convenio de colaboraci\u00f3n [&hellip;]","_links":{"self":[{"href":"https:\/\/fundacioncajaruraldelsur.com\/pt\/wp-json\/wp\/v2\/posts\/6600","targetHints":{"allow":["GET"]}}],"collection":[{"href":"https:\/\/fundacioncajaruraldelsur.com\/pt\/wp-json\/wp\/v2\/posts"}],"about":[{"href":"https:\/\/fundacioncajaruraldelsur.com\/pt\/wp-json\/wp\/v2\/types\/post"}],"author":[{"embeddable":true,"href":"https:\/\/fundacioncajaruraldelsur.com\/pt\/wp-json\/wp\/v2\/users\/6"}],"replies":[{"embeddable":true,"href":"https:\/\/fundacioncajaruraldelsur.com\/pt\/wp-json\/wp\/v2\/comments?post=6600"}],"version-history":[{"count":1,"href":"https:\/\/fundacioncajaruraldelsur.com\/pt\/wp-json\/wp\/v2\/posts\/6600\/revisions"}],"predecessor-version":[{"id":6602,"href":"https:\/\/fundacioncajaruraldelsur.com\/pt\/wp-json\/wp\/v2\/posts\/6600\/revisions\/6602"}],"wp:featuredmedia":[{"embeddable":true,"href":"https:\/\/fundacioncajaruraldelsur.com\/pt\/wp-json\/wp\/v2\/media\/6601"}],"wp:attachment":[{"href":"https:\/\/fundacioncajaruraldelsur.com\/pt\/wp-json\/wp\/v2\/media?parent=6600"}],"wp:term":[{"taxonomy":"category","embeddable":true,"href":"https:\/\/fundacioncajaruraldelsur.com\/pt\/wp-json\/wp\/v2\/categories?post=6600"},{"taxonomy":"post_tag","embeddable":true,"href":"https:\/\/fundacioncajaruraldelsur.com\/pt\/wp-json\/wp\/v2\/tags?post=6600"}],"curies":[{"name":"wp","href":"https:\/\/api.w.org\/{rel}","templated":true}]}}