{"id":6532,"date":"2021-06-23T14:31:14","date_gmt":"2021-06-23T12:31:14","guid":{"rendered":"\/?p=6532"},"modified":"2021-06-29T09:31:42","modified_gmt":"2021-06-29T07:31:42","slug":"fundacion-caja-rural-del-sur-colabora-con-la-gala-premios-ejercito-2021","status":"publish","type":"post","link":"https:\/\/fundacioncajaruraldelsur.com\/pt\/fundacion-caja-rural-del-sur-colabora-con-la-gala-premios-ejercito-2021\/","title":{"rendered":"Colaboramos desde la Fundaci\u00f3n Caja Rural del Sur con la \u2018Gala Premios Ej\u00e9rcito 2021\u2019\u00a0"},"content":{"rendered":"<p>La Fundaci\u00f3n Caja Rural del ha estado presente junto al Ej\u00e9rcito de Tierra en la <strong>\u2018Gala Premios Ej\u00e9rcito 2021\u2019<\/strong>\u00a0en su 58 edici\u00f3n, que por vez primera ha cambiado su ubicaci\u00f3n tradicional en Madrid para celebrarse en la Plaza de Espa\u00f1a de Sevilla, donde se ubica el Cuartel General de la Fuerza Terrestre y cuyo tema central de los premios para este a\u00f1o ha sido la\u00a0<strong>\u2018Campa\u00f1a de Melilla de 1921\u2019<\/strong>\u00a0y\u00a0<strong>\u2018El Centenario de la Legi\u00f3n\u2019<\/strong>.<\/p>\n<p>Como entidad colaboradora de la Gala, el Presidente de Caja Rural del Sur y su Fundaci\u00f3n, Jos\u00e9 Luis Garc\u00eda-Palacios \u00c1lvarez, entreg\u00f3 el Premio a <strong>Pedro Pablo Moreno\u00a0<\/strong> en la categor\u00eda de <strong>Investigaci\u00f3n en Humanidades y Ciencias Sociales), <\/strong>en un acto que cont\u00f3 con la presencia de la secretaria de Estado de Defensa,<strong>\u00a0Esperanza Casteleiro Llamazares<\/strong>, el jefe del Estado Mayor del Ej\u00e9rcito de Tierra (JEME),\u00a0<strong>Francisco Javier Varela Salas<\/strong>\u00a0y diversas autoridades de la Junta de Andaluc\u00eda y el Ayuntamiento de Sevilla.<\/p>\n<h3 class=\"ladillo\">Premiados<\/h3>\n<p>Los Premiados han sido: Reduan Ahmed Dris-regragui e Imanol rimada<strong>\u00a0(Fotograf\u00eda)<\/strong>; Mar\u00eda Mercedes Gavald\u00e1 e Isabel \u00c1vila<strong>\u00a0(Pintura)<\/strong>; Lucas Molina, Pablo Sagarra, \u00d3scar Gonz\u00e1lez y Pedro Pablo Moreno\u00a0<strong>(Investigaci\u00f3n en Humanidades y Ciencias Sociales)<\/strong>; Miguel Gonz\u00e1lez y Ricardo Alberto P\u00e9rez\u00a0<strong>(V\u00eddeo)<\/strong>; Dami\u00e1n Primo de Rivera, Pedro Miguel Paniagua, dos premios para El\u00edas R\u00edos, Francisco Javier Cantarero, Antonio Zapatero y Jos\u00e9 Manuel Flores, V\u00edctor Castillo y Juan Miguel Fern\u00e1ndez\u00a0<strong>(Miniaturas)<\/strong>; Dos premios para el Colegio Buen Pastor y CEIP San Pedro Cris\u00f3logo de San Juan de Aznalfarache\u00a0<strong>(Ense\u00f1anza escolar)<\/strong>; Juan Carlos Baeza, Joseph Bachhofer, Mar\u00eda Mac\u00edas y Colegio St. Mary\u2019s School\u00a0<strong>(Dibujo)<\/strong>. Este a\u00f1o la concesi\u00f3n de la\u00a0<strong>Distinci\u00f3n Especial\u00a0<\/strong>de los Premios fue para la Fundaci\u00f3n\u00a0<strong>\u2018Tercio de Extranjeros\u2019<\/strong>, galard\u00f3n recogido por el coronel Juan Antonio D\u00edaz.<\/p>","protected":false},"excerpt":{"rendered":"<p>La Fundaci\u00f3n Caja Rural del ha estado presente junto al Ej\u00e9rcito de Tierra en la \u2018Gala Premios Ej\u00e9rcito 2021\u2019\u00a0en su 58 edici\u00f3n, que por vez primera ha cambiado su ubicaci\u00f3n [&hellip;]<\/p>\n","protected":false},"author":6,"featured_media":6533,"comment_status":"closed","ping_status":"closed","sticky":false,"template":"","format":"standard","meta":{"footnotes":""},"categories":[64],"tags":[],"class_list":["post-6532","post","type-post","status-publish","format-standard","has-post-thumbnail","hentry","category-premios"],"yoast_head":"<!-- This site is optimized with the Yoast SEO plugin v27.3 - https:\/\/yoast.com\/product\/yoast-seo-wordpress\/ -->\n<title>Colaboramos desde la Fundaci\u00f3n Caja Rural del Sur con la \u2018Gala Premios Ej\u00e9rcito 2021\u2019\u00a0 - Fundaci\u00f3n Caja Rural del Sur<\/title>\n<meta name=\"robots\" content=\"index, follow, max-snippet:-1, max-image-preview:large, max-video-preview:-1\" \/>\n<link rel=\"canonical\" href=\"https:\/\/fundacioncajaruraldelsur.com\/pt\/fundacion-caja-rural-del-sur-colabora-con-la-gala-premios-ejercito-2021\/\" \/>\n<meta property=\"og:locale\" content=\"pt_PT\" \/>\n<meta property=\"og:type\" content=\"article\" \/>\n<meta property=\"og:title\" content=\"Colaboramos desde la Fundaci\u00f3n Caja Rural del Sur con la \u2018Gala Premios Ej\u00e9rcito 2021\u2019\u00a0 - Fundaci\u00f3n Caja Rural del Sur\" \/>\n<meta property=\"og:description\" content=\"La Fundaci\u00f3n Caja Rural del ha estado presente junto al Ej\u00e9rcito de Tierra en la \u2018Gala Premios Ej\u00e9rcito 2021\u2019\u00a0en su 58 edici\u00f3n, que por vez primera ha cambiado su ubicaci\u00f3n [&hellip;]\" \/>\n<meta property=\"og:url\" content=\"https:\/\/fundacioncajaruraldelsur.com\/pt\/fundacion-caja-rural-del-sur-colabora-con-la-gala-premios-ejercito-2021\/\" \/>\n<meta property=\"og:site_name\" content=\"Fundaci\u00f3n Caja Rural del Sur\" \/>\n<meta property=\"article:published_time\" content=\"2021-06-23T12:31:14+00:00\" \/>\n<meta property=\"article:modified_time\" content=\"2021-06-29T07:31:42+00:00\" \/>\n<meta property=\"og:image\" content=\"https:\/\/fundacioncajaruraldelsur.com\/wp-content\/uploads\/2021\/06\/premios-ejercito-1.jpg\" \/>\n\t<meta property=\"og:image:width\" content=\"1280\" \/>\n\t<meta property=\"og:image:height\" content=\"786\" \/>\n\t<meta property=\"og:image:type\" content=\"image\/jpeg\" \/>\n<meta name=\"author\" content=\"Comunicaci\u00f3n\" \/>\n<meta name=\"twitter:card\" content=\"summary_large_image\" \/>\n<meta name=\"twitter:label1\" content=\"Written by\" \/>\n\t<meta name=\"twitter:data1\" content=\"Comunicaci\u00f3n\" \/>\n\t<meta name=\"twitter:label2\" content=\"Est. reading time\" \/>\n\t<meta name=\"twitter:data2\" content=\"2 minutes\" \/>\n<script type=\"application\/ld+json\" class=\"yoast-schema-graph\">{\"@context\":\"https:\\\/\\\/schema.org\",\"@graph\":[{\"@type\":\"Article\",\"@id\":\"https:\\\/\\\/fundacioncajaruraldelsur.com\\\/fundacion-caja-rural-del-sur-colabora-con-la-gala-premios-ejercito-2021\\\/#article\",\"isPartOf\":{\"@id\":\"https:\\\/\\\/fundacioncajaruraldelsur.com\\\/fundacion-caja-rural-del-sur-colabora-con-la-gala-premios-ejercito-2021\\\/\"},\"author\":{\"name\":\"Comunicaci\u00f3n\",\"@id\":\"https:\\\/\\\/fundacioncajaruraldelsur.com\\\/#\\\/schema\\\/person\\\/f430da9fb783d505ff061ad8b3d44577\"},\"headline\":\"Colaboramos desde la Fundaci\u00f3n Caja Rural del Sur con la \u2018Gala Premios Ej\u00e9rcito 2021\u2019\u00a0\",\"datePublished\":\"2021-06-23T12:31:14+00:00\",\"dateModified\":\"2021-06-29T07:31:42+00:00\",\"mainEntityOfPage\":{\"@id\":\"https:\\\/\\\/fundacioncajaruraldelsur.com\\\/fundacion-caja-rural-del-sur-colabora-con-la-gala-premios-ejercito-2021\\\/\"},\"wordCount\":337,\"image\":{\"@id\":\"https:\\\/\\\/fundacioncajaruraldelsur.com\\\/fundacion-caja-rural-del-sur-colabora-con-la-gala-premios-ejercito-2021\\\/#primaryimage\"},\"thumbnailUrl\":\"https:\\\/\\\/fundacioncajaruraldelsur.com\\\/wp-content\\\/uploads\\\/2021\\\/06\\\/premios-ejercito-1.jpg\",\"articleSection\":[\"Premios\"],\"inLanguage\":\"pt-PT\"},{\"@type\":\"WebPage\",\"@id\":\"https:\\\/\\\/fundacioncajaruraldelsur.com\\\/fundacion-caja-rural-del-sur-colabora-con-la-gala-premios-ejercito-2021\\\/\",\"url\":\"https:\\\/\\\/fundacioncajaruraldelsur.com\\\/fundacion-caja-rural-del-sur-colabora-con-la-gala-premios-ejercito-2021\\\/\",\"name\":\"Colaboramos desde la Fundaci\u00f3n Caja Rural del Sur con la \u2018Gala Premios Ej\u00e9rcito 2021\u2019\u00a0 - Fundaci\u00f3n Caja Rural del Sur\",\"isPartOf\":{\"@id\":\"https:\\\/\\\/fundacioncajaruraldelsur.com\\\/#website\"},\"primaryImageOfPage\":{\"@id\":\"https:\\\/\\\/fundacioncajaruraldelsur.com\\\/fundacion-caja-rural-del-sur-colabora-con-la-gala-premios-ejercito-2021\\\/#primaryimage\"},\"image\":{\"@id\":\"https:\\\/\\\/fundacioncajaruraldelsur.com\\\/fundacion-caja-rural-del-sur-colabora-con-la-gala-premios-ejercito-2021\\\/#primaryimage\"},\"thumbnailUrl\":\"https:\\\/\\\/fundacioncajaruraldelsur.com\\\/wp-content\\\/uploads\\\/2021\\\/06\\\/premios-ejercito-1.jpg\",\"datePublished\":\"2021-06-23T12:31:14+00:00\",\"dateModified\":\"2021-06-29T07:31:42+00:00\",\"author\":{\"@id\":\"https:\\\/\\\/fundacioncajaruraldelsur.com\\\/#\\\/schema\\\/person\\\/f430da9fb783d505ff061ad8b3d44577\"},\"breadcrumb\":{\"@id\":\"https:\\\/\\\/fundacioncajaruraldelsur.com\\\/fundacion-caja-rural-del-sur-colabora-con-la-gala-premios-ejercito-2021\\\/#breadcrumb\"},\"inLanguage\":\"pt-PT\",\"potentialAction\":[{\"@type\":\"ReadAction\",\"target\":[\"https:\\\/\\\/fundacioncajaruraldelsur.com\\\/fundacion-caja-rural-del-sur-colabora-con-la-gala-premios-ejercito-2021\\\/\"]}]},{\"@type\":\"ImageObject\",\"inLanguage\":\"pt-PT\",\"@id\":\"https:\\\/\\\/fundacioncajaruraldelsur.com\\\/fundacion-caja-rural-del-sur-colabora-con-la-gala-premios-ejercito-2021\\\/#primaryimage\",\"url\":\"https:\\\/\\\/fundacioncajaruraldelsur.com\\\/wp-content\\\/uploads\\\/2021\\\/06\\\/premios-ejercito-1.jpg\",\"contentUrl\":\"https:\\\/\\\/fundacioncajaruraldelsur.com\\\/wp-content\\\/uploads\\\/2021\\\/06\\\/premios-ejercito-1.jpg\",\"width\":1280,\"height\":786},{\"@type\":\"BreadcrumbList\",\"@id\":\"https:\\\/\\\/fundacioncajaruraldelsur.com\\\/fundacion-caja-rural-del-sur-colabora-con-la-gala-premios-ejercito-2021\\\/#breadcrumb\",\"itemListElement\":[{\"@type\":\"ListItem\",\"position\":1,\"name\":\"Portada\",\"item\":\"https:\\\/\\\/fundacioncajaruraldelsur.com\\\/\"},{\"@type\":\"ListItem\",\"position\":2,\"name\":\"Colaboramos desde la Fundaci\u00f3n Caja Rural del Sur con la \u2018Gala Premios Ej\u00e9rcito 2021\u2019\u00a0\"}]},{\"@type\":\"WebSite\",\"@id\":\"https:\\\/\\\/fundacioncajaruraldelsur.com\\\/#website\",\"url\":\"https:\\\/\\\/fundacioncajaruraldelsur.com\\\/\",\"name\":\"Fundaci\u00f3n Caja Rural del Sur\",\"description\":\"\",\"potentialAction\":[{\"@type\":\"SearchAction\",\"target\":{\"@type\":\"EntryPoint\",\"urlTemplate\":\"https:\\\/\\\/fundacioncajaruraldelsur.com\\\/?s={search_term_string}\"},\"query-input\":{\"@type\":\"PropertyValueSpecification\",\"valueRequired\":true,\"valueName\":\"search_term_string\"}}],\"inLanguage\":\"pt-PT\"},{\"@type\":\"Person\",\"@id\":\"https:\\\/\\\/fundacioncajaruraldelsur.com\\\/#\\\/schema\\\/person\\\/f430da9fb783d505ff061ad8b3d44577\",\"name\":\"Comunicaci\u00f3n\",\"image\":{\"@type\":\"ImageObject\",\"inLanguage\":\"pt-PT\",\"@id\":\"https:\\\/\\\/secure.gravatar.com\\\/avatar\\\/0dca239875993680bac4603ad2de7942da018f52cc3a244578e0b3b09314a8d8?s=96&d=blank&r=g\",\"url\":\"https:\\\/\\\/secure.gravatar.com\\\/avatar\\\/0dca239875993680bac4603ad2de7942da018f52cc3a244578e0b3b09314a8d8?s=96&d=blank&r=g\",\"contentUrl\":\"https:\\\/\\\/secure.gravatar.com\\\/avatar\\\/0dca239875993680bac4603ad2de7942da018f52cc3a244578e0b3b09314a8d8?s=96&d=blank&r=g\",\"caption\":\"Comunicaci\u00f3n\"}}]}<\/script>\n<!-- \/ Yoast SEO plugin. -->","yoast_head_json":{"title":"Colaboramos desde la Fundaci\u00f3n Caja Rural del Sur con la \u2018Gala Premios Ej\u00e9rcito 2021\u2019\u00a0 - Fundaci\u00f3n Caja Rural del Sur","robots":{"index":"index","follow":"follow","max-snippet":"max-snippet:-1","max-image-preview":"max-image-preview:large","max-video-preview":"max-video-preview:-1"},"canonical":"https:\/\/fundacioncajaruraldelsur.com\/pt\/fundacion-caja-rural-del-sur-colabora-con-la-gala-premios-ejercito-2021\/","og_locale":"pt_PT","og_type":"article","og_title":"Colaboramos desde la Fundaci\u00f3n Caja Rural del Sur con la \u2018Gala Premios Ej\u00e9rcito 2021\u2019\u00a0 - Fundaci\u00f3n Caja Rural del Sur","og_description":"La Fundaci\u00f3n Caja Rural del ha estado presente junto al Ej\u00e9rcito de Tierra en la \u2018Gala Premios Ej\u00e9rcito 2021\u2019\u00a0en su 58 edici\u00f3n, que por vez primera ha cambiado su ubicaci\u00f3n [&hellip;]","og_url":"https:\/\/fundacioncajaruraldelsur.com\/pt\/fundacion-caja-rural-del-sur-colabora-con-la-gala-premios-ejercito-2021\/","og_site_name":"Fundaci\u00f3n Caja Rural del Sur","article_published_time":"2021-06-23T12:31:14+00:00","article_modified_time":"2021-06-29T07:31:42+00:00","og_image":[{"width":1280,"height":786,"url":"https:\/\/fundacioncajaruraldelsur.com\/wp-content\/uploads\/2021\/06\/premios-ejercito-1.jpg","type":"image\/jpeg"}],"author":"Comunicaci\u00f3n","twitter_card":"summary_large_image","twitter_misc":{"Written by":"Comunicaci\u00f3n","Est. reading time":"2 minutes"},"schema":{"@context":"https:\/\/schema.org","@graph":[{"@type":"Article","@id":"https:\/\/fundacioncajaruraldelsur.com\/fundacion-caja-rural-del-sur-colabora-con-la-gala-premios-ejercito-2021\/#article","isPartOf":{"@id":"https:\/\/fundacioncajaruraldelsur.com\/fundacion-caja-rural-del-sur-colabora-con-la-gala-premios-ejercito-2021\/"},"author":{"name":"Comunicaci\u00f3n","@id":"https:\/\/fundacioncajaruraldelsur.com\/#\/schema\/person\/f430da9fb783d505ff061ad8b3d44577"},"headline":"Colaboramos desde la Fundaci\u00f3n Caja Rural del Sur con la \u2018Gala Premios Ej\u00e9rcito 2021\u2019\u00a0","datePublished":"2021-06-23T12:31:14+00:00","dateModified":"2021-06-29T07:31:42+00:00","mainEntityOfPage":{"@id":"https:\/\/fundacioncajaruraldelsur.com\/fundacion-caja-rural-del-sur-colabora-con-la-gala-premios-ejercito-2021\/"},"wordCount":337,"image":{"@id":"https:\/\/fundacioncajaruraldelsur.com\/fundacion-caja-rural-del-sur-colabora-con-la-gala-premios-ejercito-2021\/#primaryimage"},"thumbnailUrl":"https:\/\/fundacioncajaruraldelsur.com\/wp-content\/uploads\/2021\/06\/premios-ejercito-1.jpg","articleSection":["Premios"],"inLanguage":"pt-PT"},{"@type":"WebPage","@id":"https:\/\/fundacioncajaruraldelsur.com\/fundacion-caja-rural-del-sur-colabora-con-la-gala-premios-ejercito-2021\/","url":"https:\/\/fundacioncajaruraldelsur.com\/fundacion-caja-rural-del-sur-colabora-con-la-gala-premios-ejercito-2021\/","name":"Colaboramos desde la Fundaci\u00f3n Caja Rural del Sur con la \u2018Gala Premios Ej\u00e9rcito 2021\u2019\u00a0 - Fundaci\u00f3n Caja Rural del Sur","isPartOf":{"@id":"https:\/\/fundacioncajaruraldelsur.com\/#website"},"primaryImageOfPage":{"@id":"https:\/\/fundacioncajaruraldelsur.com\/fundacion-caja-rural-del-sur-colabora-con-la-gala-premios-ejercito-2021\/#primaryimage"},"image":{"@id":"https:\/\/fundacioncajaruraldelsur.com\/fundacion-caja-rural-del-sur-colabora-con-la-gala-premios-ejercito-2021\/#primaryimage"},"thumbnailUrl":"https:\/\/fundacioncajaruraldelsur.com\/wp-content\/uploads\/2021\/06\/premios-ejercito-1.jpg","datePublished":"2021-06-23T12:31:14+00:00","dateModified":"2021-06-29T07:31:42+00:00","author":{"@id":"https:\/\/fundacioncajaruraldelsur.com\/#\/schema\/person\/f430da9fb783d505ff061ad8b3d44577"},"breadcrumb":{"@id":"https:\/\/fundacioncajaruraldelsur.com\/fundacion-caja-rural-del-sur-colabora-con-la-gala-premios-ejercito-2021\/#breadcrumb"},"inLanguage":"pt-PT","potentialAction":[{"@type":"ReadAction","target":["https:\/\/fundacioncajaruraldelsur.com\/fundacion-caja-rural-del-sur-colabora-con-la-gala-premios-ejercito-2021\/"]}]},{"@type":"ImageObject","inLanguage":"pt-PT","@id":"https:\/\/fundacioncajaruraldelsur.com\/fundacion-caja-rural-del-sur-colabora-con-la-gala-premios-ejercito-2021\/#primaryimage","url":"https:\/\/fundacioncajaruraldelsur.com\/wp-content\/uploads\/2021\/06\/premios-ejercito-1.jpg","contentUrl":"https:\/\/fundacioncajaruraldelsur.com\/wp-content\/uploads\/2021\/06\/premios-ejercito-1.jpg","width":1280,"height":786},{"@type":"BreadcrumbList","@id":"https:\/\/fundacioncajaruraldelsur.com\/fundacion-caja-rural-del-sur-colabora-con-la-gala-premios-ejercito-2021\/#breadcrumb","itemListElement":[{"@type":"ListItem","position":1,"name":"Portada","item":"https:\/\/fundacioncajaruraldelsur.com\/"},{"@type":"ListItem","position":2,"name":"Colaboramos desde la Fundaci\u00f3n Caja Rural del Sur con la \u2018Gala Premios Ej\u00e9rcito 2021\u2019\u00a0"}]},{"@type":"WebSite","@id":"https:\/\/fundacioncajaruraldelsur.com\/#website","url":"https:\/\/fundacioncajaruraldelsur.com\/","name":"Funda\u00e7\u00e3o Caja Rural del Sur","description":"","potentialAction":[{"@type":"SearchAction","target":{"@type":"EntryPoint","urlTemplate":"https:\/\/fundacioncajaruraldelsur.com\/?s={search_term_string}"},"query-input":{"@type":"PropertyValueSpecification","valueRequired":true,"valueName":"search_term_string"}}],"inLanguage":"pt-PT"},{"@type":"Person","@id":"https:\/\/fundacioncajaruraldelsur.com\/#\/schema\/person\/f430da9fb783d505ff061ad8b3d44577","name":"Comunicaci\u00f3n","image":{"@type":"ImageObject","inLanguage":"pt-PT","@id":"https:\/\/secure.gravatar.com\/avatar\/0dca239875993680bac4603ad2de7942da018f52cc3a244578e0b3b09314a8d8?s=96&d=blank&r=g","url":"https:\/\/secure.gravatar.com\/avatar\/0dca239875993680bac4603ad2de7942da018f52cc3a244578e0b3b09314a8d8?s=96&d=blank&r=g","contentUrl":"https:\/\/secure.gravatar.com\/avatar\/0dca239875993680bac4603ad2de7942da018f52cc3a244578e0b3b09314a8d8?s=96&d=blank&r=g","caption":"Comunicaci\u00f3n"}}]}},"rttpg_featured_image_url":{"full":["https:\/\/fundacioncajaruraldelsur.com\/wp-content\/uploads\/2021\/06\/premios-ejercito-1.jpg",1280,786,false],"landscape":["https:\/\/fundacioncajaruraldelsur.com\/wp-content\/uploads\/2021\/06\/premios-ejercito-1.jpg",1280,786,false],"portraits":["https:\/\/fundacioncajaruraldelsur.com\/wp-content\/uploads\/2021\/06\/premios-ejercito-1.jpg",1280,786,false],"thumbnail":["https:\/\/fundacioncajaruraldelsur.com\/wp-content\/uploads\/2021\/06\/premios-ejercito-1-150x150.jpg",150,150,true],"medium":["https:\/\/fundacioncajaruraldelsur.com\/wp-content\/uploads\/2021\/06\/premios-ejercito-1-300x184.jpg",300,184,true],"large":["https:\/\/fundacioncajaruraldelsur.com\/wp-content\/uploads\/2021\/06\/premios-ejercito-1-1024x629.jpg",960,590,true],"1536x1536":["https:\/\/fundacioncajaruraldelsur.com\/wp-content\/uploads\/2021\/06\/premios-ejercito-1.jpg",1280,786,false],"2048x2048":["https:\/\/fundacioncajaruraldelsur.com\/wp-content\/uploads\/2021\/06\/premios-ejercito-1.jpg",1280,786,false],"trp-custom-language-flag":["https:\/\/fundacioncajaruraldelsur.com\/wp-content\/uploads\/2021\/06\/premios-ejercito-1.jpg",18,12,false],"blog-thumbnail":["https:\/\/fundacioncajaruraldelsur.com\/wp-content\/uploads\/2021\/06\/premios-ejercito-1-400x200.jpg",400,200,true]},"rttpg_author":{"display_name":"Comunicaci\u00f3n","author_link":"https:\/\/fundacioncajaruraldelsur.com\/pt\/author\/sevillaadmin\/"},"rttpg_comment":0,"rttpg_category":"<a href=\"https:\/\/fundacioncajaruraldelsur.com\/pt\/category\/premios\/\" rel=\"category tag\">Premios<\/a>","rttpg_excerpt":"La Fundaci\u00f3n Caja Rural del ha estado presente junto al Ej\u00e9rcito de Tierra en la \u2018Gala Premios Ej\u00e9rcito 2021\u2019\u00a0en su 58 edici\u00f3n, que por vez primera ha cambiado su ubicaci\u00f3n [&hellip;]","_links":{"self":[{"href":"https:\/\/fundacioncajaruraldelsur.com\/pt\/wp-json\/wp\/v2\/posts\/6532","targetHints":{"allow":["GET"]}}],"collection":[{"href":"https:\/\/fundacioncajaruraldelsur.com\/pt\/wp-json\/wp\/v2\/posts"}],"about":[{"href":"https:\/\/fundacioncajaruraldelsur.com\/pt\/wp-json\/wp\/v2\/types\/post"}],"author":[{"embeddable":true,"href":"https:\/\/fundacioncajaruraldelsur.com\/pt\/wp-json\/wp\/v2\/users\/6"}],"replies":[{"embeddable":true,"href":"https:\/\/fundacioncajaruraldelsur.com\/pt\/wp-json\/wp\/v2\/comments?post=6532"}],"version-history":[{"count":4,"href":"https:\/\/fundacioncajaruraldelsur.com\/pt\/wp-json\/wp\/v2\/posts\/6532\/revisions"}],"predecessor-version":[{"id":6541,"href":"https:\/\/fundacioncajaruraldelsur.com\/pt\/wp-json\/wp\/v2\/posts\/6532\/revisions\/6541"}],"wp:featuredmedia":[{"embeddable":true,"href":"https:\/\/fundacioncajaruraldelsur.com\/pt\/wp-json\/wp\/v2\/media\/6533"}],"wp:attachment":[{"href":"https:\/\/fundacioncajaruraldelsur.com\/pt\/wp-json\/wp\/v2\/media?parent=6532"}],"wp:term":[{"taxonomy":"category","embeddable":true,"href":"https:\/\/fundacioncajaruraldelsur.com\/pt\/wp-json\/wp\/v2\/categories?post=6532"},{"taxonomy":"post_tag","embeddable":true,"href":"https:\/\/fundacioncajaruraldelsur.com\/pt\/wp-json\/wp\/v2\/tags?post=6532"}],"curies":[{"name":"wp","href":"https:\/\/api.w.org\/{rel}","templated":true}]}}