{"id":6506,"date":"2021-06-22T09:17:02","date_gmt":"2021-06-22T07:17:02","guid":{"rendered":"\/?p=6506"},"modified":"2021-06-22T09:24:16","modified_gmt":"2021-06-22T07:24:16","slug":"presentacion-informe-del-agua-de-cesur-en-la-fundacion-caja-rural-del-sur-de-huelva","status":"publish","type":"post","link":"https:\/\/fundacioncajaruraldelsur.com\/pt\/presentacion-informe-del-agua-de-cesur-en-la-fundacion-caja-rural-del-sur-de-huelva\/","title":{"rendered":"Presentaci\u00f3n del \u00abInforme sobre las necesidades de agua en Andaluc\u00eda\u00bb de Cesur en la Fundaci\u00f3n Caja Rural del Sur de Huelva"},"content":{"rendered":"<p>El pr\u00f3ximo mi\u00e9rcoles, 30 de junio, Cesur celebra en la Fundaci\u00f3n de Caja Rural del Sur en Huelva, la presentaci\u00f3n del informe\u00a0 <a href=\"https:\/\/www.cesur.org.es\/presentacion-informe-del-agua-de-cesur-en-huelva\">\u00abDiagn\u00f3stico sobre las necesidades del agua en Andaluc\u00eda y propuestas de actuaciones\u00bb<\/a> en esta materia, elaborado por esta asociaci\u00f3n empresarial.<\/p>\n<p>El evento tendr\u00e1 lugar en el Centro Cultural Jos\u00e9 Luis Garc\u00eda Palacios, sal\u00f3n de actos de la Fundaci\u00f3n, a las 11.00 horas .<\/p>\n<p>El programa de la presentaci\u00f3n de Cesur es el siguiente:<\/p>\n<p><a href=\"\/wp-content\/uploads\/2021\/06\/thumbnail_Presentacion-Informe-de-Agua-Huelva-300621.jpg\" rel=\"lightbox-0\"><img loading=\"lazy\" decoding=\"async\" class=\"wp-image-6507 aligncenter\" src=\"\/wp-content\/uploads\/2021\/06\/thumbnail_Presentacion-Informe-de-Agua-Huelva-300621.jpg\" alt=\"\" width=\"694\" height=\"1598\" srcset=\"https:\/\/fundacioncajaruraldelsur.com\/wp-content\/uploads\/2021\/06\/thumbnail_Presentacion-Informe-de-Agua-Huelva-300621.jpg 556w, https:\/\/fundacioncajaruraldelsur.com\/wp-content\/uploads\/2021\/06\/thumbnail_Presentacion-Informe-de-Agua-Huelva-300621-130x300.jpg 130w, https:\/\/fundacioncajaruraldelsur.com\/wp-content\/uploads\/2021\/06\/thumbnail_Presentacion-Informe-de-Agua-Huelva-300621-445x1024.jpg 445w\" sizes=\"auto, (max-width: 694px) 100vw, 694px\" \/><\/a><\/p>","protected":false},"excerpt":{"rendered":"<p>El pr\u00f3ximo mi\u00e9rcoles, 30 de junio, Cesur celebra en la Fundaci\u00f3n de Caja Rural del Sur en Huelva, la presentaci\u00f3n del informe\u00a0 \u00abDiagn\u00f3stico sobre las necesidades del agua en Andaluc\u00eda [&hellip;]<\/p>\n","protected":false},"author":6,"featured_media":6509,"comment_status":"closed","ping_status":"closed","sticky":false,"template":"","format":"standard","meta":{"footnotes":""},"categories":[1],"tags":[],"class_list":["post-6506","post","type-post","status-publish","format-standard","has-post-thumbnail","hentry","category-sin-categoria"],"yoast_head":"<!-- This site is optimized with the Yoast SEO plugin v27.3 - https:\/\/yoast.com\/product\/yoast-seo-wordpress\/ -->\n<title>Presentaci\u00f3n del &quot;Informe sobre las necesidades de agua en Andaluc\u00eda&quot; de Cesur en la Fundaci\u00f3n Caja Rural del Sur de Huelva - Fundaci\u00f3n Caja Rural del Sur<\/title>\n<meta name=\"robots\" content=\"index, follow, max-snippet:-1, max-image-preview:large, max-video-preview:-1\" \/>\n<link rel=\"canonical\" href=\"https:\/\/fundacioncajaruraldelsur.com\/pt\/presentacion-informe-del-agua-de-cesur-en-la-fundacion-caja-rural-del-sur-de-huelva\/\" \/>\n<meta property=\"og:locale\" content=\"pt_PT\" \/>\n<meta property=\"og:type\" content=\"article\" \/>\n<meta property=\"og:title\" content=\"Presentaci\u00f3n del &quot;Informe sobre las necesidades de agua en Andaluc\u00eda&quot; de Cesur en la Fundaci\u00f3n Caja Rural del Sur de Huelva - Fundaci\u00f3n Caja Rural del Sur\" \/>\n<meta property=\"og:description\" content=\"El pr\u00f3ximo mi\u00e9rcoles, 30 de junio, Cesur celebra en la Fundaci\u00f3n de Caja Rural del Sur en Huelva, la presentaci\u00f3n del informe\u00a0 \u00abDiagn\u00f3stico sobre las necesidades del agua en Andaluc\u00eda [&hellip;]\" \/>\n<meta property=\"og:url\" content=\"https:\/\/fundacioncajaruraldelsur.com\/pt\/presentacion-informe-del-agua-de-cesur-en-la-fundacion-caja-rural-del-sur-de-huelva\/\" \/>\n<meta property=\"og:site_name\" content=\"Fundaci\u00f3n Caja Rural del Sur\" \/>\n<meta property=\"article:published_time\" content=\"2021-06-22T07:17:02+00:00\" \/>\n<meta property=\"article:modified_time\" content=\"2021-06-22T07:24:16+00:00\" \/>\n<meta property=\"og:image\" content=\"https:\/\/fundacioncajaruraldelsur.com\/wp-content\/uploads\/2021\/06\/cesur.jpg\" \/>\n\t<meta property=\"og:image:width\" content=\"703\" \/>\n\t<meta property=\"og:image:height\" content=\"363\" \/>\n\t<meta property=\"og:image:type\" content=\"image\/jpeg\" \/>\n<meta name=\"author\" content=\"Comunicaci\u00f3n\" \/>\n<meta name=\"twitter:card\" content=\"summary_large_image\" \/>\n<meta name=\"twitter:label1\" content=\"Written by\" \/>\n\t<meta name=\"twitter:data1\" content=\"Comunicaci\u00f3n\" \/>\n<script type=\"application\/ld+json\" class=\"yoast-schema-graph\">{\"@context\":\"https:\\\/\\\/schema.org\",\"@graph\":[{\"@type\":\"Article\",\"@id\":\"https:\\\/\\\/fundacioncajaruraldelsur.com\\\/presentacion-informe-del-agua-de-cesur-en-la-fundacion-caja-rural-del-sur-de-huelva\\\/#article\",\"isPartOf\":{\"@id\":\"https:\\\/\\\/fundacioncajaruraldelsur.com\\\/presentacion-informe-del-agua-de-cesur-en-la-fundacion-caja-rural-del-sur-de-huelva\\\/\"},\"author\":{\"name\":\"Comunicaci\u00f3n\",\"@id\":\"https:\\\/\\\/fundacioncajaruraldelsur.com\\\/#\\\/schema\\\/person\\\/f430da9fb783d505ff061ad8b3d44577\"},\"headline\":\"Presentaci\u00f3n del \u00abInforme sobre las necesidades de agua en Andaluc\u00eda\u00bb de Cesur en la Fundaci\u00f3n Caja Rural del Sur de Huelva\",\"datePublished\":\"2021-06-22T07:17:02+00:00\",\"dateModified\":\"2021-06-22T07:24:16+00:00\",\"mainEntityOfPage\":{\"@id\":\"https:\\\/\\\/fundacioncajaruraldelsur.com\\\/presentacion-informe-del-agua-de-cesur-en-la-fundacion-caja-rural-del-sur-de-huelva\\\/\"},\"wordCount\":107,\"image\":{\"@id\":\"https:\\\/\\\/fundacioncajaruraldelsur.com\\\/presentacion-informe-del-agua-de-cesur-en-la-fundacion-caja-rural-del-sur-de-huelva\\\/#primaryimage\"},\"thumbnailUrl\":\"https:\\\/\\\/fundacioncajaruraldelsur.com\\\/wp-content\\\/uploads\\\/2021\\\/06\\\/cesur.jpg\",\"articleSection\":[\"Sin categor\u00eda\"],\"inLanguage\":\"pt-PT\"},{\"@type\":\"WebPage\",\"@id\":\"https:\\\/\\\/fundacioncajaruraldelsur.com\\\/presentacion-informe-del-agua-de-cesur-en-la-fundacion-caja-rural-del-sur-de-huelva\\\/\",\"url\":\"https:\\\/\\\/fundacioncajaruraldelsur.com\\\/presentacion-informe-del-agua-de-cesur-en-la-fundacion-caja-rural-del-sur-de-huelva\\\/\",\"name\":\"Presentaci\u00f3n del \\\"Informe sobre las necesidades de agua en Andaluc\u00eda\\\" de Cesur en la Fundaci\u00f3n Caja Rural del Sur de Huelva - Fundaci\u00f3n Caja Rural del Sur\",\"isPartOf\":{\"@id\":\"https:\\\/\\\/fundacioncajaruraldelsur.com\\\/#website\"},\"primaryImageOfPage\":{\"@id\":\"https:\\\/\\\/fundacioncajaruraldelsur.com\\\/presentacion-informe-del-agua-de-cesur-en-la-fundacion-caja-rural-del-sur-de-huelva\\\/#primaryimage\"},\"image\":{\"@id\":\"https:\\\/\\\/fundacioncajaruraldelsur.com\\\/presentacion-informe-del-agua-de-cesur-en-la-fundacion-caja-rural-del-sur-de-huelva\\\/#primaryimage\"},\"thumbnailUrl\":\"https:\\\/\\\/fundacioncajaruraldelsur.com\\\/wp-content\\\/uploads\\\/2021\\\/06\\\/cesur.jpg\",\"datePublished\":\"2021-06-22T07:17:02+00:00\",\"dateModified\":\"2021-06-22T07:24:16+00:00\",\"author\":{\"@id\":\"https:\\\/\\\/fundacioncajaruraldelsur.com\\\/#\\\/schema\\\/person\\\/f430da9fb783d505ff061ad8b3d44577\"},\"breadcrumb\":{\"@id\":\"https:\\\/\\\/fundacioncajaruraldelsur.com\\\/presentacion-informe-del-agua-de-cesur-en-la-fundacion-caja-rural-del-sur-de-huelva\\\/#breadcrumb\"},\"inLanguage\":\"pt-PT\",\"potentialAction\":[{\"@type\":\"ReadAction\",\"target\":[\"https:\\\/\\\/fundacioncajaruraldelsur.com\\\/presentacion-informe-del-agua-de-cesur-en-la-fundacion-caja-rural-del-sur-de-huelva\\\/\"]}]},{\"@type\":\"ImageObject\",\"inLanguage\":\"pt-PT\",\"@id\":\"https:\\\/\\\/fundacioncajaruraldelsur.com\\\/presentacion-informe-del-agua-de-cesur-en-la-fundacion-caja-rural-del-sur-de-huelva\\\/#primaryimage\",\"url\":\"https:\\\/\\\/fundacioncajaruraldelsur.com\\\/wp-content\\\/uploads\\\/2021\\\/06\\\/cesur.jpg\",\"contentUrl\":\"https:\\\/\\\/fundacioncajaruraldelsur.com\\\/wp-content\\\/uploads\\\/2021\\\/06\\\/cesur.jpg\",\"width\":703,\"height\":363},{\"@type\":\"BreadcrumbList\",\"@id\":\"https:\\\/\\\/fundacioncajaruraldelsur.com\\\/presentacion-informe-del-agua-de-cesur-en-la-fundacion-caja-rural-del-sur-de-huelva\\\/#breadcrumb\",\"itemListElement\":[{\"@type\":\"ListItem\",\"position\":1,\"name\":\"Portada\",\"item\":\"https:\\\/\\\/fundacioncajaruraldelsur.com\\\/\"},{\"@type\":\"ListItem\",\"position\":2,\"name\":\"Presentaci\u00f3n del \u00abInforme sobre las necesidades de agua en Andaluc\u00eda\u00bb de Cesur en la Fundaci\u00f3n Caja Rural del Sur de Huelva\"}]},{\"@type\":\"WebSite\",\"@id\":\"https:\\\/\\\/fundacioncajaruraldelsur.com\\\/#website\",\"url\":\"https:\\\/\\\/fundacioncajaruraldelsur.com\\\/\",\"name\":\"Fundaci\u00f3n Caja Rural del Sur\",\"description\":\"\",\"potentialAction\":[{\"@type\":\"SearchAction\",\"target\":{\"@type\":\"EntryPoint\",\"urlTemplate\":\"https:\\\/\\\/fundacioncajaruraldelsur.com\\\/?s={search_term_string}\"},\"query-input\":{\"@type\":\"PropertyValueSpecification\",\"valueRequired\":true,\"valueName\":\"search_term_string\"}}],\"inLanguage\":\"pt-PT\"},{\"@type\":\"Person\",\"@id\":\"https:\\\/\\\/fundacioncajaruraldelsur.com\\\/#\\\/schema\\\/person\\\/f430da9fb783d505ff061ad8b3d44577\",\"name\":\"Comunicaci\u00f3n\",\"image\":{\"@type\":\"ImageObject\",\"inLanguage\":\"pt-PT\",\"@id\":\"https:\\\/\\\/secure.gravatar.com\\\/avatar\\\/0dca239875993680bac4603ad2de7942da018f52cc3a244578e0b3b09314a8d8?s=96&d=blank&r=g\",\"url\":\"https:\\\/\\\/secure.gravatar.com\\\/avatar\\\/0dca239875993680bac4603ad2de7942da018f52cc3a244578e0b3b09314a8d8?s=96&d=blank&r=g\",\"contentUrl\":\"https:\\\/\\\/secure.gravatar.com\\\/avatar\\\/0dca239875993680bac4603ad2de7942da018f52cc3a244578e0b3b09314a8d8?s=96&d=blank&r=g\",\"caption\":\"Comunicaci\u00f3n\"}}]}<\/script>\n<!-- \/ Yoast SEO plugin. -->","yoast_head_json":{"title":"Presentaci\u00f3n del \"Informe sobre las necesidades de agua en Andaluc\u00eda\" de Cesur en la Fundaci\u00f3n Caja Rural del Sur de Huelva - Fundaci\u00f3n Caja Rural del Sur","robots":{"index":"index","follow":"follow","max-snippet":"max-snippet:-1","max-image-preview":"max-image-preview:large","max-video-preview":"max-video-preview:-1"},"canonical":"https:\/\/fundacioncajaruraldelsur.com\/pt\/presentacion-informe-del-agua-de-cesur-en-la-fundacion-caja-rural-del-sur-de-huelva\/","og_locale":"pt_PT","og_type":"article","og_title":"Presentaci\u00f3n del \"Informe sobre las necesidades de agua en Andaluc\u00eda\" de Cesur en la Fundaci\u00f3n Caja Rural del Sur de Huelva - Fundaci\u00f3n Caja Rural del Sur","og_description":"El pr\u00f3ximo mi\u00e9rcoles, 30 de junio, Cesur celebra en la Fundaci\u00f3n de Caja Rural del Sur en Huelva, la presentaci\u00f3n del informe\u00a0 \u00abDiagn\u00f3stico sobre las necesidades del agua en Andaluc\u00eda [&hellip;]","og_url":"https:\/\/fundacioncajaruraldelsur.com\/pt\/presentacion-informe-del-agua-de-cesur-en-la-fundacion-caja-rural-del-sur-de-huelva\/","og_site_name":"Fundaci\u00f3n Caja Rural del Sur","article_published_time":"2021-06-22T07:17:02+00:00","article_modified_time":"2021-06-22T07:24:16+00:00","og_image":[{"width":703,"height":363,"url":"https:\/\/fundacioncajaruraldelsur.com\/wp-content\/uploads\/2021\/06\/cesur.jpg","type":"image\/jpeg"}],"author":"Comunicaci\u00f3n","twitter_card":"summary_large_image","twitter_misc":{"Written by":"Comunicaci\u00f3n"},"schema":{"@context":"https:\/\/schema.org","@graph":[{"@type":"Article","@id":"https:\/\/fundacioncajaruraldelsur.com\/presentacion-informe-del-agua-de-cesur-en-la-fundacion-caja-rural-del-sur-de-huelva\/#article","isPartOf":{"@id":"https:\/\/fundacioncajaruraldelsur.com\/presentacion-informe-del-agua-de-cesur-en-la-fundacion-caja-rural-del-sur-de-huelva\/"},"author":{"name":"Comunicaci\u00f3n","@id":"https:\/\/fundacioncajaruraldelsur.com\/#\/schema\/person\/f430da9fb783d505ff061ad8b3d44577"},"headline":"Presentaci\u00f3n del \u00abInforme sobre las necesidades de agua en Andaluc\u00eda\u00bb de Cesur en la Fundaci\u00f3n Caja Rural del Sur de Huelva","datePublished":"2021-06-22T07:17:02+00:00","dateModified":"2021-06-22T07:24:16+00:00","mainEntityOfPage":{"@id":"https:\/\/fundacioncajaruraldelsur.com\/presentacion-informe-del-agua-de-cesur-en-la-fundacion-caja-rural-del-sur-de-huelva\/"},"wordCount":107,"image":{"@id":"https:\/\/fundacioncajaruraldelsur.com\/presentacion-informe-del-agua-de-cesur-en-la-fundacion-caja-rural-del-sur-de-huelva\/#primaryimage"},"thumbnailUrl":"https:\/\/fundacioncajaruraldelsur.com\/wp-content\/uploads\/2021\/06\/cesur.jpg","articleSection":["Sin categor\u00eda"],"inLanguage":"pt-PT"},{"@type":"WebPage","@id":"https:\/\/fundacioncajaruraldelsur.com\/presentacion-informe-del-agua-de-cesur-en-la-fundacion-caja-rural-del-sur-de-huelva\/","url":"https:\/\/fundacioncajaruraldelsur.com\/presentacion-informe-del-agua-de-cesur-en-la-fundacion-caja-rural-del-sur-de-huelva\/","name":"Presentaci\u00f3n del \"Informe sobre las necesidades de agua en Andaluc\u00eda\" de Cesur en la Fundaci\u00f3n Caja Rural del Sur de Huelva - Fundaci\u00f3n Caja Rural del Sur","isPartOf":{"@id":"https:\/\/fundacioncajaruraldelsur.com\/#website"},"primaryImageOfPage":{"@id":"https:\/\/fundacioncajaruraldelsur.com\/presentacion-informe-del-agua-de-cesur-en-la-fundacion-caja-rural-del-sur-de-huelva\/#primaryimage"},"image":{"@id":"https:\/\/fundacioncajaruraldelsur.com\/presentacion-informe-del-agua-de-cesur-en-la-fundacion-caja-rural-del-sur-de-huelva\/#primaryimage"},"thumbnailUrl":"https:\/\/fundacioncajaruraldelsur.com\/wp-content\/uploads\/2021\/06\/cesur.jpg","datePublished":"2021-06-22T07:17:02+00:00","dateModified":"2021-06-22T07:24:16+00:00","author":{"@id":"https:\/\/fundacioncajaruraldelsur.com\/#\/schema\/person\/f430da9fb783d505ff061ad8b3d44577"},"breadcrumb":{"@id":"https:\/\/fundacioncajaruraldelsur.com\/presentacion-informe-del-agua-de-cesur-en-la-fundacion-caja-rural-del-sur-de-huelva\/#breadcrumb"},"inLanguage":"pt-PT","potentialAction":[{"@type":"ReadAction","target":["https:\/\/fundacioncajaruraldelsur.com\/presentacion-informe-del-agua-de-cesur-en-la-fundacion-caja-rural-del-sur-de-huelva\/"]}]},{"@type":"ImageObject","inLanguage":"pt-PT","@id":"https:\/\/fundacioncajaruraldelsur.com\/presentacion-informe-del-agua-de-cesur-en-la-fundacion-caja-rural-del-sur-de-huelva\/#primaryimage","url":"https:\/\/fundacioncajaruraldelsur.com\/wp-content\/uploads\/2021\/06\/cesur.jpg","contentUrl":"https:\/\/fundacioncajaruraldelsur.com\/wp-content\/uploads\/2021\/06\/cesur.jpg","width":703,"height":363},{"@type":"BreadcrumbList","@id":"https:\/\/fundacioncajaruraldelsur.com\/presentacion-informe-del-agua-de-cesur-en-la-fundacion-caja-rural-del-sur-de-huelva\/#breadcrumb","itemListElement":[{"@type":"ListItem","position":1,"name":"Portada","item":"https:\/\/fundacioncajaruraldelsur.com\/"},{"@type":"ListItem","position":2,"name":"Presentaci\u00f3n del \u00abInforme sobre las necesidades de agua en Andaluc\u00eda\u00bb de Cesur en la Fundaci\u00f3n Caja Rural del Sur de Huelva"}]},{"@type":"WebSite","@id":"https:\/\/fundacioncajaruraldelsur.com\/#website","url":"https:\/\/fundacioncajaruraldelsur.com\/","name":"Funda\u00e7\u00e3o Caja Rural del Sur","description":"","potentialAction":[{"@type":"SearchAction","target":{"@type":"EntryPoint","urlTemplate":"https:\/\/fundacioncajaruraldelsur.com\/?s={search_term_string}"},"query-input":{"@type":"PropertyValueSpecification","valueRequired":true,"valueName":"search_term_string"}}],"inLanguage":"pt-PT"},{"@type":"Person","@id":"https:\/\/fundacioncajaruraldelsur.com\/#\/schema\/person\/f430da9fb783d505ff061ad8b3d44577","name":"Comunicaci\u00f3n","image":{"@type":"ImageObject","inLanguage":"pt-PT","@id":"https:\/\/secure.gravatar.com\/avatar\/0dca239875993680bac4603ad2de7942da018f52cc3a244578e0b3b09314a8d8?s=96&d=blank&r=g","url":"https:\/\/secure.gravatar.com\/avatar\/0dca239875993680bac4603ad2de7942da018f52cc3a244578e0b3b09314a8d8?s=96&d=blank&r=g","contentUrl":"https:\/\/secure.gravatar.com\/avatar\/0dca239875993680bac4603ad2de7942da018f52cc3a244578e0b3b09314a8d8?s=96&d=blank&r=g","caption":"Comunicaci\u00f3n"}}]}},"rttpg_featured_image_url":{"full":["https:\/\/fundacioncajaruraldelsur.com\/wp-content\/uploads\/2021\/06\/cesur.jpg",703,363,false],"landscape":["https:\/\/fundacioncajaruraldelsur.com\/wp-content\/uploads\/2021\/06\/cesur.jpg",703,363,false],"portraits":["https:\/\/fundacioncajaruraldelsur.com\/wp-content\/uploads\/2021\/06\/cesur.jpg",703,363,false],"thumbnail":["https:\/\/fundacioncajaruraldelsur.com\/wp-content\/uploads\/2021\/06\/cesur-150x150.jpg",150,150,true],"medium":["https:\/\/fundacioncajaruraldelsur.com\/wp-content\/uploads\/2021\/06\/cesur-300x155.jpg",300,155,true],"large":["https:\/\/fundacioncajaruraldelsur.com\/wp-content\/uploads\/2021\/06\/cesur.jpg",703,363,false],"1536x1536":["https:\/\/fundacioncajaruraldelsur.com\/wp-content\/uploads\/2021\/06\/cesur.jpg",703,363,false],"2048x2048":["https:\/\/fundacioncajaruraldelsur.com\/wp-content\/uploads\/2021\/06\/cesur.jpg",703,363,false],"trp-custom-language-flag":["https:\/\/fundacioncajaruraldelsur.com\/wp-content\/uploads\/2021\/06\/cesur.jpg",18,9,false],"blog-thumbnail":["https:\/\/fundacioncajaruraldelsur.com\/wp-content\/uploads\/2021\/06\/cesur-400x200.jpg",400,200,true]},"rttpg_author":{"display_name":"Comunicaci\u00f3n","author_link":"https:\/\/fundacioncajaruraldelsur.com\/pt\/author\/sevillaadmin\/"},"rttpg_comment":0,"rttpg_category":"<a href=\"https:\/\/fundacioncajaruraldelsur.com\/pt\/category\/sin-categoria\/\" rel=\"category tag\">Sin categor\u00eda<\/a>","rttpg_excerpt":"El pr\u00f3ximo mi\u00e9rcoles, 30 de junio, Cesur celebra en la Fundaci\u00f3n de Caja Rural del Sur en Huelva, la presentaci\u00f3n del informe\u00a0 \u00abDiagn\u00f3stico sobre las necesidades del agua en Andaluc\u00eda [&hellip;]","_links":{"self":[{"href":"https:\/\/fundacioncajaruraldelsur.com\/pt\/wp-json\/wp\/v2\/posts\/6506","targetHints":{"allow":["GET"]}}],"collection":[{"href":"https:\/\/fundacioncajaruraldelsur.com\/pt\/wp-json\/wp\/v2\/posts"}],"about":[{"href":"https:\/\/fundacioncajaruraldelsur.com\/pt\/wp-json\/wp\/v2\/types\/post"}],"author":[{"embeddable":true,"href":"https:\/\/fundacioncajaruraldelsur.com\/pt\/wp-json\/wp\/v2\/users\/6"}],"replies":[{"embeddable":true,"href":"https:\/\/fundacioncajaruraldelsur.com\/pt\/wp-json\/wp\/v2\/comments?post=6506"}],"version-history":[{"count":6,"href":"https:\/\/fundacioncajaruraldelsur.com\/pt\/wp-json\/wp\/v2\/posts\/6506\/revisions"}],"predecessor-version":[{"id":6514,"href":"https:\/\/fundacioncajaruraldelsur.com\/pt\/wp-json\/wp\/v2\/posts\/6506\/revisions\/6514"}],"wp:featuredmedia":[{"embeddable":true,"href":"https:\/\/fundacioncajaruraldelsur.com\/pt\/wp-json\/wp\/v2\/media\/6509"}],"wp:attachment":[{"href":"https:\/\/fundacioncajaruraldelsur.com\/pt\/wp-json\/wp\/v2\/media?parent=6506"}],"wp:term":[{"taxonomy":"category","embeddable":true,"href":"https:\/\/fundacioncajaruraldelsur.com\/pt\/wp-json\/wp\/v2\/categories?post=6506"},{"taxonomy":"post_tag","embeddable":true,"href":"https:\/\/fundacioncajaruraldelsur.com\/pt\/wp-json\/wp\/v2\/tags?post=6506"}],"curies":[{"name":"wp","href":"https:\/\/api.w.org\/{rel}","templated":true}]}}