{"id":6493,"date":"2021-06-18T14:26:40","date_gmt":"2021-06-18T12:26:40","guid":{"rendered":"\/?p=6493"},"modified":"2021-06-18T14:26:40","modified_gmt":"2021-06-18T12:26:40","slug":"apoyo-de-fundacion-caja-rural-del-sur-a-la-asociacion-feafes-huelva","status":"publish","type":"post","link":"https:\/\/fundacioncajaruraldelsur.com\/pt\/apoyo-de-fundacion-caja-rural-del-sur-a-la-asociacion-feafes-huelva\/","title":{"rendered":"Apoyo de Fundaci\u00f3n Caja Rural del Sur a la Asociaci\u00f3n FEAFES-HUELVA"},"content":{"rendered":"<p>En el transcurso de una reuni\u00f3n de directivas de la Asociaci\u00f3n de Familiares y Personas con Enfermedad mental, FEAFES-HUELVA, con el presidente y director de la Fundaci\u00f3n Caja Rural del Sur se ha acordado el apoyo de esta \u00faltima a las actividades y objetivos de la misma, en especial el proyecto denominado la \u2018Casita Blanca\u2019 para tratamiento y atenci\u00f3n de enfermos con esta dolencia.<\/p>\n<p>La propia presidenta de FEAFES-Huelva, Mar\u00eda Dom\u00ednguez, explic\u00f3 a Jos\u00e9 Luis Garc\u00eda-Palacios \u00c1lvarez y Emilio Ponce, presidente y director, respectivamente, de la Fundaci\u00f3n Caja Rural del Sur explic\u00f3 que la Asociaci\u00f3n tiene como finalidad gen\u00e9rica la adopci\u00f3n de todas las medidas que contribuyan a la mejora de la calidad de vida de las personas con enfermedad mental, sus familiares y allegados\/as, as\u00ed como la defensa de sus derechos y libertades, dentro del concepto legal de atenci\u00f3n a la comunidad. Y tienen claro que \u201cla salud mental -en palabras de la directiva de FEAFES-Huelva- ha estado oculta tras una cortina de estigma y discriminaci\u00f3n durante largo tiempo por lo que ha llegado la hora de que salga a la luz ya que la magnitud, el sufrimiento y la carga en t\u00e9rminos de discapacidad y costos para los individuos, las familias y las sociedades son abrumadores\u201d.<\/p>\n<p>Entre los proyectos que contemplan, y al que la Fundaci\u00f3n Caja Rural del Sur va a aportar su ayuda para sacarlo adelante, est\u00e1 la \u2018Casita Blanca\u2019, un edificio ubicado en la calle Diego Vel\u00e1zquez que se le ha cedido de forma gratuita hasta 2042, y que permitir\u00e1 dar mejor servicio a las casi 30.000 personas que se estima est\u00e9n sufriendo alg\u00fan tipo de problema relacionado con la Salud Mental en la provincia onubense en lo que ser\u00eda el primer Centro Terap\u00e9utico de Rehabilitaci\u00f3n para este colectivo.<\/p>\n<p>&nbsp;<\/p>","protected":false},"excerpt":{"rendered":"<p>En el transcurso de una reuni\u00f3n de directivas de la Asociaci\u00f3n de Familiares y Personas con Enfermedad mental, FEAFES-HUELVA, con el presidente y director de la Fundaci\u00f3n Caja Rural del [&hellip;]<\/p>\n","protected":false},"author":6,"featured_media":6494,"comment_status":"closed","ping_status":"closed","sticky":false,"template":"","format":"standard","meta":{"footnotes":""},"categories":[67],"tags":[],"class_list":["post-6493","post","type-post","status-publish","format-standard","has-post-thumbnail","hentry","category-convenios"],"yoast_head":"<!-- This site is optimized with the Yoast SEO plugin v27.3 - https:\/\/yoast.com\/product\/yoast-seo-wordpress\/ -->\n<title>Apoyo de Fundaci\u00f3n Caja Rural del Sur a la Asociaci\u00f3n FEAFES-HUELVA - Fundaci\u00f3n Caja Rural del Sur<\/title>\n<meta name=\"robots\" content=\"index, follow, max-snippet:-1, max-image-preview:large, max-video-preview:-1\" \/>\n<link rel=\"canonical\" href=\"https:\/\/fundacioncajaruraldelsur.com\/pt\/apoyo-de-fundacion-caja-rural-del-sur-a-la-asociacion-feafes-huelva\/\" \/>\n<meta property=\"og:locale\" content=\"pt_PT\" \/>\n<meta property=\"og:type\" content=\"article\" \/>\n<meta property=\"og:title\" content=\"Apoyo de Fundaci\u00f3n Caja Rural del Sur a la Asociaci\u00f3n FEAFES-HUELVA - Fundaci\u00f3n Caja Rural del Sur\" \/>\n<meta property=\"og:description\" content=\"En el transcurso de una reuni\u00f3n de directivas de la Asociaci\u00f3n de Familiares y Personas con Enfermedad mental, FEAFES-HUELVA, con el presidente y director de la Fundaci\u00f3n Caja Rural del [&hellip;]\" \/>\n<meta property=\"og:url\" content=\"https:\/\/fundacioncajaruraldelsur.com\/pt\/apoyo-de-fundacion-caja-rural-del-sur-a-la-asociacion-feafes-huelva\/\" \/>\n<meta property=\"og:site_name\" content=\"Fundaci\u00f3n Caja Rural del Sur\" \/>\n<meta property=\"article:published_time\" content=\"2021-06-18T12:26:40+00:00\" \/>\n<meta property=\"og:image\" content=\"https:\/\/fundacioncajaruraldelsur.com\/wp-content\/uploads\/2021\/06\/210618.-Encuentro-de-directivas-de-la-Federacion-con-el-presidente-de-la-Fundacion-Caja-Rural-del-Sur..jpg\" \/>\n\t<meta property=\"og:image:width\" content=\"640\" \/>\n\t<meta property=\"og:image:height\" content=\"480\" \/>\n\t<meta property=\"og:image:type\" content=\"image\/jpeg\" \/>\n<meta name=\"author\" content=\"Comunicaci\u00f3n\" \/>\n<meta name=\"twitter:card\" content=\"summary_large_image\" \/>\n<meta name=\"twitter:label1\" content=\"Written by\" \/>\n\t<meta name=\"twitter:data1\" content=\"Comunicaci\u00f3n\" \/>\n\t<meta name=\"twitter:label2\" content=\"Est. reading time\" \/>\n\t<meta name=\"twitter:data2\" content=\"2 minutes\" \/>\n<script type=\"application\/ld+json\" class=\"yoast-schema-graph\">{\"@context\":\"https:\\\/\\\/schema.org\",\"@graph\":[{\"@type\":\"Article\",\"@id\":\"https:\\\/\\\/fundacioncajaruraldelsur.com\\\/apoyo-de-fundacion-caja-rural-del-sur-a-la-asociacion-feafes-huelva\\\/#article\",\"isPartOf\":{\"@id\":\"https:\\\/\\\/fundacioncajaruraldelsur.com\\\/apoyo-de-fundacion-caja-rural-del-sur-a-la-asociacion-feafes-huelva\\\/\"},\"author\":{\"name\":\"Comunicaci\u00f3n\",\"@id\":\"https:\\\/\\\/fundacioncajaruraldelsur.com\\\/#\\\/schema\\\/person\\\/f430da9fb783d505ff061ad8b3d44577\"},\"headline\":\"Apoyo de Fundaci\u00f3n Caja Rural del Sur a la Asociaci\u00f3n FEAFES-HUELVA\",\"datePublished\":\"2021-06-18T12:26:40+00:00\",\"mainEntityOfPage\":{\"@id\":\"https:\\\/\\\/fundacioncajaruraldelsur.com\\\/apoyo-de-fundacion-caja-rural-del-sur-a-la-asociacion-feafes-huelva\\\/\"},\"wordCount\":328,\"image\":{\"@id\":\"https:\\\/\\\/fundacioncajaruraldelsur.com\\\/apoyo-de-fundacion-caja-rural-del-sur-a-la-asociacion-feafes-huelva\\\/#primaryimage\"},\"thumbnailUrl\":\"https:\\\/\\\/fundacioncajaruraldelsur.com\\\/wp-content\\\/uploads\\\/2021\\\/06\\\/210618.-Encuentro-de-directivas-de-la-Federacion-con-el-presidente-de-la-Fundacion-Caja-Rural-del-Sur..jpg\",\"articleSection\":[\"Convenios\"],\"inLanguage\":\"pt-PT\"},{\"@type\":\"WebPage\",\"@id\":\"https:\\\/\\\/fundacioncajaruraldelsur.com\\\/apoyo-de-fundacion-caja-rural-del-sur-a-la-asociacion-feafes-huelva\\\/\",\"url\":\"https:\\\/\\\/fundacioncajaruraldelsur.com\\\/apoyo-de-fundacion-caja-rural-del-sur-a-la-asociacion-feafes-huelva\\\/\",\"name\":\"Apoyo de Fundaci\u00f3n Caja Rural del Sur a la Asociaci\u00f3n FEAFES-HUELVA - Fundaci\u00f3n Caja Rural del Sur\",\"isPartOf\":{\"@id\":\"https:\\\/\\\/fundacioncajaruraldelsur.com\\\/#website\"},\"primaryImageOfPage\":{\"@id\":\"https:\\\/\\\/fundacioncajaruraldelsur.com\\\/apoyo-de-fundacion-caja-rural-del-sur-a-la-asociacion-feafes-huelva\\\/#primaryimage\"},\"image\":{\"@id\":\"https:\\\/\\\/fundacioncajaruraldelsur.com\\\/apoyo-de-fundacion-caja-rural-del-sur-a-la-asociacion-feafes-huelva\\\/#primaryimage\"},\"thumbnailUrl\":\"https:\\\/\\\/fundacioncajaruraldelsur.com\\\/wp-content\\\/uploads\\\/2021\\\/06\\\/210618.-Encuentro-de-directivas-de-la-Federacion-con-el-presidente-de-la-Fundacion-Caja-Rural-del-Sur..jpg\",\"datePublished\":\"2021-06-18T12:26:40+00:00\",\"author\":{\"@id\":\"https:\\\/\\\/fundacioncajaruraldelsur.com\\\/#\\\/schema\\\/person\\\/f430da9fb783d505ff061ad8b3d44577\"},\"breadcrumb\":{\"@id\":\"https:\\\/\\\/fundacioncajaruraldelsur.com\\\/apoyo-de-fundacion-caja-rural-del-sur-a-la-asociacion-feafes-huelva\\\/#breadcrumb\"},\"inLanguage\":\"pt-PT\",\"potentialAction\":[{\"@type\":\"ReadAction\",\"target\":[\"https:\\\/\\\/fundacioncajaruraldelsur.com\\\/apoyo-de-fundacion-caja-rural-del-sur-a-la-asociacion-feafes-huelva\\\/\"]}]},{\"@type\":\"ImageObject\",\"inLanguage\":\"pt-PT\",\"@id\":\"https:\\\/\\\/fundacioncajaruraldelsur.com\\\/apoyo-de-fundacion-caja-rural-del-sur-a-la-asociacion-feafes-huelva\\\/#primaryimage\",\"url\":\"https:\\\/\\\/fundacioncajaruraldelsur.com\\\/wp-content\\\/uploads\\\/2021\\\/06\\\/210618.-Encuentro-de-directivas-de-la-Federacion-con-el-presidente-de-la-Fundacion-Caja-Rural-del-Sur..jpg\",\"contentUrl\":\"https:\\\/\\\/fundacioncajaruraldelsur.com\\\/wp-content\\\/uploads\\\/2021\\\/06\\\/210618.-Encuentro-de-directivas-de-la-Federacion-con-el-presidente-de-la-Fundacion-Caja-Rural-del-Sur..jpg\",\"width\":640,\"height\":480},{\"@type\":\"BreadcrumbList\",\"@id\":\"https:\\\/\\\/fundacioncajaruraldelsur.com\\\/apoyo-de-fundacion-caja-rural-del-sur-a-la-asociacion-feafes-huelva\\\/#breadcrumb\",\"itemListElement\":[{\"@type\":\"ListItem\",\"position\":1,\"name\":\"Portada\",\"item\":\"https:\\\/\\\/fundacioncajaruraldelsur.com\\\/\"},{\"@type\":\"ListItem\",\"position\":2,\"name\":\"Apoyo de Fundaci\u00f3n Caja Rural del Sur a la Asociaci\u00f3n FEAFES-HUELVA\"}]},{\"@type\":\"WebSite\",\"@id\":\"https:\\\/\\\/fundacioncajaruraldelsur.com\\\/#website\",\"url\":\"https:\\\/\\\/fundacioncajaruraldelsur.com\\\/\",\"name\":\"Fundaci\u00f3n Caja Rural del Sur\",\"description\":\"\",\"potentialAction\":[{\"@type\":\"SearchAction\",\"target\":{\"@type\":\"EntryPoint\",\"urlTemplate\":\"https:\\\/\\\/fundacioncajaruraldelsur.com\\\/?s={search_term_string}\"},\"query-input\":{\"@type\":\"PropertyValueSpecification\",\"valueRequired\":true,\"valueName\":\"search_term_string\"}}],\"inLanguage\":\"pt-PT\"},{\"@type\":\"Person\",\"@id\":\"https:\\\/\\\/fundacioncajaruraldelsur.com\\\/#\\\/schema\\\/person\\\/f430da9fb783d505ff061ad8b3d44577\",\"name\":\"Comunicaci\u00f3n\",\"image\":{\"@type\":\"ImageObject\",\"inLanguage\":\"pt-PT\",\"@id\":\"https:\\\/\\\/secure.gravatar.com\\\/avatar\\\/0dca239875993680bac4603ad2de7942da018f52cc3a244578e0b3b09314a8d8?s=96&d=blank&r=g\",\"url\":\"https:\\\/\\\/secure.gravatar.com\\\/avatar\\\/0dca239875993680bac4603ad2de7942da018f52cc3a244578e0b3b09314a8d8?s=96&d=blank&r=g\",\"contentUrl\":\"https:\\\/\\\/secure.gravatar.com\\\/avatar\\\/0dca239875993680bac4603ad2de7942da018f52cc3a244578e0b3b09314a8d8?s=96&d=blank&r=g\",\"caption\":\"Comunicaci\u00f3n\"}}]}<\/script>\n<!-- \/ Yoast SEO plugin. -->","yoast_head_json":{"title":"Apoyo de Fundaci\u00f3n Caja Rural del Sur a la Asociaci\u00f3n FEAFES-HUELVA - Fundaci\u00f3n Caja Rural del Sur","robots":{"index":"index","follow":"follow","max-snippet":"max-snippet:-1","max-image-preview":"max-image-preview:large","max-video-preview":"max-video-preview:-1"},"canonical":"https:\/\/fundacioncajaruraldelsur.com\/pt\/apoyo-de-fundacion-caja-rural-del-sur-a-la-asociacion-feafes-huelva\/","og_locale":"pt_PT","og_type":"article","og_title":"Apoyo de Fundaci\u00f3n Caja Rural del Sur a la Asociaci\u00f3n FEAFES-HUELVA - Fundaci\u00f3n Caja Rural del Sur","og_description":"En el transcurso de una reuni\u00f3n de directivas de la Asociaci\u00f3n de Familiares y Personas con Enfermedad mental, FEAFES-HUELVA, con el presidente y director de la Fundaci\u00f3n Caja Rural del [&hellip;]","og_url":"https:\/\/fundacioncajaruraldelsur.com\/pt\/apoyo-de-fundacion-caja-rural-del-sur-a-la-asociacion-feafes-huelva\/","og_site_name":"Fundaci\u00f3n Caja Rural del Sur","article_published_time":"2021-06-18T12:26:40+00:00","og_image":[{"width":640,"height":480,"url":"https:\/\/fundacioncajaruraldelsur.com\/wp-content\/uploads\/2021\/06\/210618.-Encuentro-de-directivas-de-la-Federacion-con-el-presidente-de-la-Fundacion-Caja-Rural-del-Sur..jpg","type":"image\/jpeg"}],"author":"Comunicaci\u00f3n","twitter_card":"summary_large_image","twitter_misc":{"Written by":"Comunicaci\u00f3n","Est. reading time":"2 minutes"},"schema":{"@context":"https:\/\/schema.org","@graph":[{"@type":"Article","@id":"https:\/\/fundacioncajaruraldelsur.com\/apoyo-de-fundacion-caja-rural-del-sur-a-la-asociacion-feafes-huelva\/#article","isPartOf":{"@id":"https:\/\/fundacioncajaruraldelsur.com\/apoyo-de-fundacion-caja-rural-del-sur-a-la-asociacion-feafes-huelva\/"},"author":{"name":"Comunicaci\u00f3n","@id":"https:\/\/fundacioncajaruraldelsur.com\/#\/schema\/person\/f430da9fb783d505ff061ad8b3d44577"},"headline":"Apoyo de Fundaci\u00f3n Caja Rural del Sur a la Asociaci\u00f3n FEAFES-HUELVA","datePublished":"2021-06-18T12:26:40+00:00","mainEntityOfPage":{"@id":"https:\/\/fundacioncajaruraldelsur.com\/apoyo-de-fundacion-caja-rural-del-sur-a-la-asociacion-feafes-huelva\/"},"wordCount":328,"image":{"@id":"https:\/\/fundacioncajaruraldelsur.com\/apoyo-de-fundacion-caja-rural-del-sur-a-la-asociacion-feafes-huelva\/#primaryimage"},"thumbnailUrl":"https:\/\/fundacioncajaruraldelsur.com\/wp-content\/uploads\/2021\/06\/210618.-Encuentro-de-directivas-de-la-Federacion-con-el-presidente-de-la-Fundacion-Caja-Rural-del-Sur..jpg","articleSection":["Convenios"],"inLanguage":"pt-PT"},{"@type":"WebPage","@id":"https:\/\/fundacioncajaruraldelsur.com\/apoyo-de-fundacion-caja-rural-del-sur-a-la-asociacion-feafes-huelva\/","url":"https:\/\/fundacioncajaruraldelsur.com\/apoyo-de-fundacion-caja-rural-del-sur-a-la-asociacion-feafes-huelva\/","name":"Apoyo de Fundaci\u00f3n Caja Rural del Sur a la Asociaci\u00f3n FEAFES-HUELVA - Fundaci\u00f3n Caja Rural del Sur","isPartOf":{"@id":"https:\/\/fundacioncajaruraldelsur.com\/#website"},"primaryImageOfPage":{"@id":"https:\/\/fundacioncajaruraldelsur.com\/apoyo-de-fundacion-caja-rural-del-sur-a-la-asociacion-feafes-huelva\/#primaryimage"},"image":{"@id":"https:\/\/fundacioncajaruraldelsur.com\/apoyo-de-fundacion-caja-rural-del-sur-a-la-asociacion-feafes-huelva\/#primaryimage"},"thumbnailUrl":"https:\/\/fundacioncajaruraldelsur.com\/wp-content\/uploads\/2021\/06\/210618.-Encuentro-de-directivas-de-la-Federacion-con-el-presidente-de-la-Fundacion-Caja-Rural-del-Sur..jpg","datePublished":"2021-06-18T12:26:40+00:00","author":{"@id":"https:\/\/fundacioncajaruraldelsur.com\/#\/schema\/person\/f430da9fb783d505ff061ad8b3d44577"},"breadcrumb":{"@id":"https:\/\/fundacioncajaruraldelsur.com\/apoyo-de-fundacion-caja-rural-del-sur-a-la-asociacion-feafes-huelva\/#breadcrumb"},"inLanguage":"pt-PT","potentialAction":[{"@type":"ReadAction","target":["https:\/\/fundacioncajaruraldelsur.com\/apoyo-de-fundacion-caja-rural-del-sur-a-la-asociacion-feafes-huelva\/"]}]},{"@type":"ImageObject","inLanguage":"pt-PT","@id":"https:\/\/fundacioncajaruraldelsur.com\/apoyo-de-fundacion-caja-rural-del-sur-a-la-asociacion-feafes-huelva\/#primaryimage","url":"https:\/\/fundacioncajaruraldelsur.com\/wp-content\/uploads\/2021\/06\/210618.-Encuentro-de-directivas-de-la-Federacion-con-el-presidente-de-la-Fundacion-Caja-Rural-del-Sur..jpg","contentUrl":"https:\/\/fundacioncajaruraldelsur.com\/wp-content\/uploads\/2021\/06\/210618.-Encuentro-de-directivas-de-la-Federacion-con-el-presidente-de-la-Fundacion-Caja-Rural-del-Sur..jpg","width":640,"height":480},{"@type":"BreadcrumbList","@id":"https:\/\/fundacioncajaruraldelsur.com\/apoyo-de-fundacion-caja-rural-del-sur-a-la-asociacion-feafes-huelva\/#breadcrumb","itemListElement":[{"@type":"ListItem","position":1,"name":"Portada","item":"https:\/\/fundacioncajaruraldelsur.com\/"},{"@type":"ListItem","position":2,"name":"Apoyo de Fundaci\u00f3n Caja Rural del Sur a la Asociaci\u00f3n FEAFES-HUELVA"}]},{"@type":"WebSite","@id":"https:\/\/fundacioncajaruraldelsur.com\/#website","url":"https:\/\/fundacioncajaruraldelsur.com\/","name":"Funda\u00e7\u00e3o Caja Rural del Sur","description":"","potentialAction":[{"@type":"SearchAction","target":{"@type":"EntryPoint","urlTemplate":"https:\/\/fundacioncajaruraldelsur.com\/?s={search_term_string}"},"query-input":{"@type":"PropertyValueSpecification","valueRequired":true,"valueName":"search_term_string"}}],"inLanguage":"pt-PT"},{"@type":"Person","@id":"https:\/\/fundacioncajaruraldelsur.com\/#\/schema\/person\/f430da9fb783d505ff061ad8b3d44577","name":"Comunicaci\u00f3n","image":{"@type":"ImageObject","inLanguage":"pt-PT","@id":"https:\/\/secure.gravatar.com\/avatar\/0dca239875993680bac4603ad2de7942da018f52cc3a244578e0b3b09314a8d8?s=96&d=blank&r=g","url":"https:\/\/secure.gravatar.com\/avatar\/0dca239875993680bac4603ad2de7942da018f52cc3a244578e0b3b09314a8d8?s=96&d=blank&r=g","contentUrl":"https:\/\/secure.gravatar.com\/avatar\/0dca239875993680bac4603ad2de7942da018f52cc3a244578e0b3b09314a8d8?s=96&d=blank&r=g","caption":"Comunicaci\u00f3n"}}]}},"rttpg_featured_image_url":{"full":["https:\/\/fundacioncajaruraldelsur.com\/wp-content\/uploads\/2021\/06\/210618.-Encuentro-de-directivas-de-la-Federacion-con-el-presidente-de-la-Fundacion-Caja-Rural-del-Sur..jpg",640,480,false],"landscape":["https:\/\/fundacioncajaruraldelsur.com\/wp-content\/uploads\/2021\/06\/210618.-Encuentro-de-directivas-de-la-Federacion-con-el-presidente-de-la-Fundacion-Caja-Rural-del-Sur..jpg",640,480,false],"portraits":["https:\/\/fundacioncajaruraldelsur.com\/wp-content\/uploads\/2021\/06\/210618.-Encuentro-de-directivas-de-la-Federacion-con-el-presidente-de-la-Fundacion-Caja-Rural-del-Sur..jpg",640,480,false],"thumbnail":["https:\/\/fundacioncajaruraldelsur.com\/wp-content\/uploads\/2021\/06\/210618.-Encuentro-de-directivas-de-la-Federacion-con-el-presidente-de-la-Fundacion-Caja-Rural-del-Sur.-150x150.jpg",150,150,true],"medium":["https:\/\/fundacioncajaruraldelsur.com\/wp-content\/uploads\/2021\/06\/210618.-Encuentro-de-directivas-de-la-Federacion-con-el-presidente-de-la-Fundacion-Caja-Rural-del-Sur.-300x225.jpg",300,225,true],"large":["https:\/\/fundacioncajaruraldelsur.com\/wp-content\/uploads\/2021\/06\/210618.-Encuentro-de-directivas-de-la-Federacion-con-el-presidente-de-la-Fundacion-Caja-Rural-del-Sur..jpg",640,480,false],"1536x1536":["https:\/\/fundacioncajaruraldelsur.com\/wp-content\/uploads\/2021\/06\/210618.-Encuentro-de-directivas-de-la-Federacion-con-el-presidente-de-la-Fundacion-Caja-Rural-del-Sur..jpg",640,480,false],"2048x2048":["https:\/\/fundacioncajaruraldelsur.com\/wp-content\/uploads\/2021\/06\/210618.-Encuentro-de-directivas-de-la-Federacion-con-el-presidente-de-la-Fundacion-Caja-Rural-del-Sur..jpg",640,480,false],"trp-custom-language-flag":["https:\/\/fundacioncajaruraldelsur.com\/wp-content\/uploads\/2021\/06\/210618.-Encuentro-de-directivas-de-la-Federacion-con-el-presidente-de-la-Fundacion-Caja-Rural-del-Sur..jpg",16,12,false],"blog-thumbnail":["https:\/\/fundacioncajaruraldelsur.com\/wp-content\/uploads\/2021\/06\/210618.-Encuentro-de-directivas-de-la-Federacion-con-el-presidente-de-la-Fundacion-Caja-Rural-del-Sur.-400x200.jpg",400,200,true]},"rttpg_author":{"display_name":"Comunicaci\u00f3n","author_link":"https:\/\/fundacioncajaruraldelsur.com\/pt\/author\/sevillaadmin\/"},"rttpg_comment":0,"rttpg_category":"<a href=\"https:\/\/fundacioncajaruraldelsur.com\/pt\/category\/convenios\/\" rel=\"category tag\">Convenios<\/a>","rttpg_excerpt":"En el transcurso de una reuni\u00f3n de directivas de la Asociaci\u00f3n de Familiares y Personas con Enfermedad mental, FEAFES-HUELVA, con el presidente y director de la Fundaci\u00f3n Caja Rural del [&hellip;]","_links":{"self":[{"href":"https:\/\/fundacioncajaruraldelsur.com\/pt\/wp-json\/wp\/v2\/posts\/6493","targetHints":{"allow":["GET"]}}],"collection":[{"href":"https:\/\/fundacioncajaruraldelsur.com\/pt\/wp-json\/wp\/v2\/posts"}],"about":[{"href":"https:\/\/fundacioncajaruraldelsur.com\/pt\/wp-json\/wp\/v2\/types\/post"}],"author":[{"embeddable":true,"href":"https:\/\/fundacioncajaruraldelsur.com\/pt\/wp-json\/wp\/v2\/users\/6"}],"replies":[{"embeddable":true,"href":"https:\/\/fundacioncajaruraldelsur.com\/pt\/wp-json\/wp\/v2\/comments?post=6493"}],"version-history":[{"count":1,"href":"https:\/\/fundacioncajaruraldelsur.com\/pt\/wp-json\/wp\/v2\/posts\/6493\/revisions"}],"predecessor-version":[{"id":6495,"href":"https:\/\/fundacioncajaruraldelsur.com\/pt\/wp-json\/wp\/v2\/posts\/6493\/revisions\/6495"}],"wp:featuredmedia":[{"embeddable":true,"href":"https:\/\/fundacioncajaruraldelsur.com\/pt\/wp-json\/wp\/v2\/media\/6494"}],"wp:attachment":[{"href":"https:\/\/fundacioncajaruraldelsur.com\/pt\/wp-json\/wp\/v2\/media?parent=6493"}],"wp:term":[{"taxonomy":"category","embeddable":true,"href":"https:\/\/fundacioncajaruraldelsur.com\/pt\/wp-json\/wp\/v2\/categories?post=6493"},{"taxonomy":"post_tag","embeddable":true,"href":"https:\/\/fundacioncajaruraldelsur.com\/pt\/wp-json\/wp\/v2\/tags?post=6493"}],"curies":[{"name":"wp","href":"https:\/\/api.w.org\/{rel}","templated":true}]}}