{"id":6470,"date":"2021-06-09T19:24:11","date_gmt":"2021-06-09T17:24:11","guid":{"rendered":"\/?p=6470"},"modified":"2021-06-09T19:49:00","modified_gmt":"2021-06-09T17:49:00","slug":"presentacion-del-libro-inspiracion-trabajo-y-constancia-trayectoria-personal-y-profesional-del-arquitecto-anibal-gonzalez-alvarez-ossorio","status":"publish","type":"post","link":"https:\/\/fundacioncajaruraldelsur.com\/pt\/presentacion-del-libro-inspiracion-trabajo-y-constancia-trayectoria-personal-y-profesional-del-arquitecto-anibal-gonzalez-alvarez-ossorio\/","title":{"rendered":"Presentaci\u00f3n del libro \u201cInspiraci\u00f3n, Trabajo y Constancia, Trayectoria personal y profesional del arquitecto An\u00edbal Gonz\u00e1lez \u00c1lvarez-Ossorio\u201d"},"content":{"rendered":"<p>La sede de la Capitan\u00eda General de Sevilla, en la Plaza de Espa\u00f1a, ha acogido esta ma\u00f1ana la presentaci\u00f3n del libro \u201cInspiraci\u00f3n, Trabajo y Constancia-Trayectoria personal y profesional del arquitecto An\u00edbal Gonz\u00e1lez \u00c1lvarez-Ossorio\u201d, cuyo autor es An\u00edbal Gonz\u00e1lez Serrano, nieto del insigne arquitecto sevillano, en el que da a conocer y analiza la vida y obra arquitect\u00f3nica de su abuelo.<\/p>\n<p>An\u00edbal Gonz\u00e1lez Serrano, doctor en Medicina y Cirug\u00eda, especializado en Estomatolog\u00eda, ha sentido siempre una gran admiraci\u00f3n por toda la prol\u00edfica obra de su abuelo, de ah\u00ed su voluntad de reflejarla en este libro a modo de homenaje a la figura de quien protagoniz\u00f3 a lo largo de su recorrido profesional de arquitecto, como indica el t\u00edtulo, un permanente ejemplo de \u201cInspiraci\u00f3n, Trabajo y Constancia\u201d hasta convertirse en un referente hist\u00f3rico de Sevilla.<\/p>\n<p>La publicaci\u00f3n, editada con la colaboraci\u00f3n de la Junta de Andaluc\u00eda y de la Fundaci\u00f3n Caja Rural del Sur, ve la luz repleta de testimonios gr\u00e1ficos, fotograf\u00edas, dibujos y planos que aportan una profunda y cercana mirada de la rica obra arquitect\u00f3nica de An\u00edbal Gonz\u00e1lez \u00c1lvarez-Ossorio (Sevilla,1876-1929), como referente y padre de la arquitectura regionalista sevillana.<\/p>\n<p>En el acto de presentaci\u00f3n del libro, han intervenido, por parte de las entidades colaboradoras en la edici\u00f3n de la obra, la consejera de Cultura y Patrimonio Hist\u00f3rico de la Junta de Andaluc\u00eda, Patricia del Pozo, el presidente de la Fundaci\u00f3n Caja Rural del Sur, Jos\u00e9 Luis Garc\u00eda-Palacios \u00c1lvarez, adem\u00e1s de Jos\u00e9 Rodr\u00edguez Garc\u00eda, Teniente General Jefe de la Fuerza Terrestre, y Daniel Bilbao Pe\u00f1a, decano de la Facultad de Bellas Artes de la Universidad de Sevilla.<\/p>\n<p>El Presidente de la Fundaci\u00f3n Caja Rural del Sur, Jos\u00e9 Luis Garc\u00eda-Palacios \u00c1lvarez, ha se\u00f1alado que \u00abeste libro es un gran testimonio de la obra de An\u00edbal Gonz\u00e1lez, es un merecido homenaje al arquitecto, para poner de manifiesto de forma p\u00fablica y notoria la grandeza de nuestra tierra, con personalidades de la relevancia del arquitecto sevillano, es por tanto un acto de justicia ante la sociedad andaluza por la enorme magnitud de la vida y obra del protagonista del libro escrito magistralmente con un gran esfuerzo por su nieto\u00bb.<\/p>\n<p>El pr\u00f3logo del libro ha sido escrito por el profesor V\u00edctor P\u00e9rez Escolano, Doctor Arquitecto y Catedr\u00e1tico Em\u00e9rito de Historia de la Arquitectura y del Urbanismo en la ETS de Arquitectura de Sevilla.<\/p>\n<p>\u201cInspiraci\u00f3n, Trabajo y Constancia\u201d hace un amplio recorrido por la extensa trayectoria profesional del arquitecto sevillano An\u00edbal Gonz\u00e1lez \u00c1lvarez-Ossorio a trav\u00e9s de las distintas etapas en las que se desarrollaron sus proyectos: desde el periodo Modernista (1902-06), el Regionalismo Andaluz (1910-29), especialmente sevillano, as\u00ed como por el Historicismo que lo llevar\u00eda al Eclecticismo (Regionalismo). 27 a\u00f1os de arquitecto en los que realiz\u00f3 todo tipo de construcciones, desde casas particulares a palacios, pasando por naves industriales o iglesias.<\/p>\n<p>Una de las principales aportaciones de la obra, seg\u00fan destaca el autor, es el conjunto de dibujos in\u00e9ditos de An\u00edbal Gonz\u00e1lez realizados en su infancia, juventud y especialmente en su etapa profesional, todos ellos de gran valor e inter\u00e9s como elemento divulgativo para los investigadores interesados en profundizar en su arquitectura.<\/p>\n<p>Adem\u00e1s, la publicaci\u00f3n dedica varios cap\u00edtulos a una serie de personas que tuvieron una profunda relaci\u00f3n y mucho que ver con el arquitecto con el objetivo de aportar una visi\u00f3n directa de su personalidad y evoluci\u00f3n a lo largo de sus a\u00f1os de vida profesional.<\/p>\n<p>Estos cap\u00edtulos se complementan con los que abordan sus distintas intervenciones tanto en el \u00e1mbito de construcciones privadas como por su implicaci\u00f3n en la concepci\u00f3n de edificios para la Exposici\u00f3n Iberoamericana de 1929, de la que An\u00edbal Gonz\u00e1lez fue arquitecto director desde septiembre de 1911 hasta su dimisi\u00f3n en agosto de 1926.<\/p>\n<p>Especialmente, el libro se centra en la mayor producci\u00f3n de An\u00edbal Gonz\u00e1lez, que fue ejecutada en Sevilla capital, con cerca de 500 intervenciones, exceptuando las obras de la Exposici\u00f3n Iberoamericana, de las cuales hizo 8 anteproyectos y un total de 16 proyectos, entre los cuales destacan la excepcional Plaza de Espa\u00f1a y la espl\u00e9ndida Plaza de Am\u00e9rica.<\/p>\n<p>Tambi\u00e9n incluye los pabellones Mud\u00e9jar, de las Bellas Artes (Museo Arqueol\u00f3gico), de estilo Renacimiento espa\u00f1ol, y Casa Real, de estilo G\u00f3tico Flam\u00edgero, destacando la urbanizaci\u00f3n integral de la plaza, adem\u00e1s de las diferentes glorietas repartidas por el Parque de Mar\u00eda Luisa y en la Plaza de Am\u00e9rica.<\/p>\n<p>Adem\u00e1s, el libro recoge numerosas obras de la arquitectura religiosa, funeraria, edificios p\u00fablicos, as\u00ed como de <a href=\"\/wp-content\/uploads\/2021\/06\/Portada-libro-Anibal-Gonzalez_1581752297_139771058_1200x1673.jpg\" rel=\"lightbox-0\"><img loading=\"lazy\" decoding=\"async\" class=\"wp-image-6482 alignleft\" src=\"\/wp-content\/uploads\/2021\/06\/Portada-libro-Anibal-Gonzalez_1581752297_139771058_1200x1673-215x300.jpg\" alt=\"\" width=\"248\" height=\"346\" srcset=\"https:\/\/fundacioncajaruraldelsur.com\/wp-content\/uploads\/2021\/06\/Portada-libro-Anibal-Gonzalez_1581752297_139771058_1200x1673-215x300.jpg 215w, https:\/\/fundacioncajaruraldelsur.com\/wp-content\/uploads\/2021\/06\/Portada-libro-Anibal-Gonzalez_1581752297_139771058_1200x1673-735x1024.jpg 735w, https:\/\/fundacioncajaruraldelsur.com\/wp-content\/uploads\/2021\/06\/Portada-libro-Anibal-Gonzalez_1581752297_139771058_1200x1673-768x1070.jpg 768w, https:\/\/fundacioncajaruraldelsur.com\/wp-content\/uploads\/2021\/06\/Portada-libro-Anibal-Gonzalez_1581752297_139771058_1200x1673-1102x1536.jpg 1102w, https:\/\/fundacioncajaruraldelsur.com\/wp-content\/uploads\/2021\/06\/Portada-libro-Anibal-Gonzalez_1581752297_139771058_1200x1673.jpg 1200w\" sizes=\"auto, (max-width: 248px) 100vw, 248px\" \/><\/a>intervenciones profesionales que realiz\u00f3 en cortijos, haciendas y fincas particulares. Adem\u00e1s, pone en valor una serie de proyectos totalmente desconocidos, como es la Plaza de Toros de Osuna proyectada por An\u00edbal Gonz\u00e1lez.<\/p>\n<p>La publicaci\u00f3n destaca algunos de los trabajos arquitect\u00f3nicos ejecutados en todas las provincias andaluzas, excepto en la de Almer\u00eda, aunque fueron Sevilla, Huelva y C\u00e1diz las de mayor producci\u00f3n en cuanto a proyectos de m\u00e1s inter\u00e9s. Fuera de Andaluc\u00eda, aparecen trabajos realizados en la provincia de Badajoz y en Madrid capital.<\/p>\n<p>Del mismo modo, el libro aborda el permanente compromiso y la preocupaci\u00f3n humana y social que caracteriz\u00f3 a An\u00edbal Gonz\u00e1lez, la cual demostr\u00f3 a lo largo del desarrollo y ejecuci\u00f3n de las obras con los operarios que trabajaban en las mismas y que le llev\u00f3, como recoge la obra, a desarrollar quince proyectos de cooperativas de viviendas para quienes trabajaban en la construcci\u00f3n.<\/p>\n<p>Video del streaming de la presentaci\u00f3n del libro de An\u00edbal Gonz\u00e1lez:<\/p>\n<p><iframe loading=\"lazy\" title=\"Anibal Gonzalez\" width=\"960\" height=\"540\" src=\"https:\/\/www.youtube.com\/embed\/tAr-FsPq8aQ?feature=oembed\" frameborder=\"0\" allow=\"accelerometer; autoplay; clipboard-write; encrypted-media; gyroscope; picture-in-picture\" allowfullscreen><\/iframe><\/p>\n<p><img loading=\"lazy\" decoding=\"async\" class=\"alignleft wp-image-6475 size-full\" src=\"\/wp-content\/uploads\/2021\/06\/E3cYGA7X0AEYFnp.jpg\" alt=\"\" width=\"2304\" height=\"1536\" srcset=\"https:\/\/fundacioncajaruraldelsur.com\/wp-content\/uploads\/2021\/06\/E3cYGA7X0AEYFnp.jpg 2304w, https:\/\/fundacioncajaruraldelsur.com\/wp-content\/uploads\/2021\/06\/E3cYGA7X0AEYFnp-300x200.jpg 300w, https:\/\/fundacioncajaruraldelsur.com\/wp-content\/uploads\/2021\/06\/E3cYGA7X0AEYFnp-1024x683.jpg 1024w, https:\/\/fundacioncajaruraldelsur.com\/wp-content\/uploads\/2021\/06\/E3cYGA7X0AEYFnp-768x512.jpg 768w, https:\/\/fundacioncajaruraldelsur.com\/wp-content\/uploads\/2021\/06\/E3cYGA7X0AEYFnp-1536x1024.jpg 1536w, https:\/\/fundacioncajaruraldelsur.com\/wp-content\/uploads\/2021\/06\/E3cYGA7X0AEYFnp-2048x1365.jpg 2048w\" sizes=\"auto, (max-width: 2304px) 100vw, 2304px\" \/><\/p>\n<p>&nbsp;<\/p>","protected":false},"excerpt":{"rendered":"<p>La sede de la Capitan\u00eda General de Sevilla, en la Plaza de Espa\u00f1a, ha acogido esta ma\u00f1ana la presentaci\u00f3n del libro \u201cInspiraci\u00f3n, Trabajo y Constancia-Trayectoria personal y profesional del arquitecto [&hellip;]<\/p>\n","protected":false},"author":6,"featured_media":6472,"comment_status":"closed","ping_status":"closed","sticky":false,"template":"","format":"standard","meta":{"footnotes":""},"categories":[66],"tags":[],"class_list":["post-6470","post","type-post","status-publish","format-standard","has-post-thumbnail","hentry","category-actos"],"yoast_head":"<!-- This site is optimized with the Yoast SEO plugin v27.3 - https:\/\/yoast.com\/product\/yoast-seo-wordpress\/ -->\n<title>Presentaci\u00f3n del libro \u201cInspiraci\u00f3n, Trabajo y Constancia, Trayectoria personal y profesional del arquitecto An\u00edbal Gonz\u00e1lez \u00c1lvarez-Ossorio\u201d - Fundaci\u00f3n Caja Rural del Sur<\/title>\n<meta name=\"robots\" content=\"index, follow, max-snippet:-1, max-image-preview:large, max-video-preview:-1\" \/>\n<link rel=\"canonical\" href=\"https:\/\/fundacioncajaruraldelsur.com\/pt\/presentacion-del-libro-inspiracion-trabajo-y-constancia-trayectoria-personal-y-profesional-del-arquitecto-anibal-gonzalez-alvarez-ossorio\/\" \/>\n<meta property=\"og:locale\" content=\"pt_PT\" \/>\n<meta property=\"og:type\" content=\"article\" \/>\n<meta property=\"og:title\" content=\"Presentaci\u00f3n del libro \u201cInspiraci\u00f3n, Trabajo y Constancia, Trayectoria personal y profesional del arquitecto An\u00edbal Gonz\u00e1lez \u00c1lvarez-Ossorio\u201d - Fundaci\u00f3n Caja Rural del Sur\" \/>\n<meta property=\"og:description\" content=\"La sede de la Capitan\u00eda General de Sevilla, en la Plaza de Espa\u00f1a, ha acogido esta ma\u00f1ana la presentaci\u00f3n del libro \u201cInspiraci\u00f3n, Trabajo y Constancia-Trayectoria personal y profesional del arquitecto [&hellip;]\" \/>\n<meta property=\"og:url\" content=\"https:\/\/fundacioncajaruraldelsur.com\/pt\/presentacion-del-libro-inspiracion-trabajo-y-constancia-trayectoria-personal-y-profesional-del-arquitecto-anibal-gonzalez-alvarez-ossorio\/\" \/>\n<meta property=\"og:site_name\" content=\"Fundaci\u00f3n Caja Rural del Sur\" \/>\n<meta property=\"article:published_time\" content=\"2021-06-09T17:24:11+00:00\" \/>\n<meta property=\"article:modified_time\" content=\"2021-06-09T17:49:00+00:00\" \/>\n<meta property=\"og:image\" content=\"https:\/\/fundacioncajaruraldelsur.com\/wp-content\/uploads\/2021\/06\/thumbnail_2W7I0059.jpg\" \/>\n\t<meta property=\"og:image:width\" content=\"1280\" \/>\n\t<meta property=\"og:image:height\" content=\"832\" \/>\n\t<meta property=\"og:image:type\" content=\"image\/jpeg\" \/>\n<meta name=\"author\" content=\"Comunicaci\u00f3n\" \/>\n<meta name=\"twitter:card\" content=\"summary_large_image\" \/>\n<meta name=\"twitter:label1\" content=\"Written by\" \/>\n\t<meta name=\"twitter:data1\" content=\"Comunicaci\u00f3n\" \/>\n\t<meta name=\"twitter:label2\" content=\"Est. reading time\" \/>\n\t<meta name=\"twitter:data2\" content=\"5 minutes\" \/>\n<script type=\"application\/ld+json\" class=\"yoast-schema-graph\">{\"@context\":\"https:\\\/\\\/schema.org\",\"@graph\":[{\"@type\":\"Article\",\"@id\":\"https:\\\/\\\/fundacioncajaruraldelsur.com\\\/presentacion-del-libro-inspiracion-trabajo-y-constancia-trayectoria-personal-y-profesional-del-arquitecto-anibal-gonzalez-alvarez-ossorio\\\/#article\",\"isPartOf\":{\"@id\":\"https:\\\/\\\/fundacioncajaruraldelsur.com\\\/presentacion-del-libro-inspiracion-trabajo-y-constancia-trayectoria-personal-y-profesional-del-arquitecto-anibal-gonzalez-alvarez-ossorio\\\/\"},\"author\":{\"name\":\"Comunicaci\u00f3n\",\"@id\":\"https:\\\/\\\/fundacioncajaruraldelsur.com\\\/#\\\/schema\\\/person\\\/f430da9fb783d505ff061ad8b3d44577\"},\"headline\":\"Presentaci\u00f3n del libro \u201cInspiraci\u00f3n, Trabajo y Constancia, Trayectoria personal y profesional del arquitecto An\u00edbal Gonz\u00e1lez \u00c1lvarez-Ossorio\u201d\",\"datePublished\":\"2021-06-09T17:24:11+00:00\",\"dateModified\":\"2021-06-09T17:49:00+00:00\",\"mainEntityOfPage\":{\"@id\":\"https:\\\/\\\/fundacioncajaruraldelsur.com\\\/presentacion-del-libro-inspiracion-trabajo-y-constancia-trayectoria-personal-y-profesional-del-arquitecto-anibal-gonzalez-alvarez-ossorio\\\/\"},\"wordCount\":1027,\"image\":{\"@id\":\"https:\\\/\\\/fundacioncajaruraldelsur.com\\\/presentacion-del-libro-inspiracion-trabajo-y-constancia-trayectoria-personal-y-profesional-del-arquitecto-anibal-gonzalez-alvarez-ossorio\\\/#primaryimage\"},\"thumbnailUrl\":\"https:\\\/\\\/fundacioncajaruraldelsur.com\\\/wp-content\\\/uploads\\\/2021\\\/06\\\/thumbnail_2W7I0059.jpg\",\"articleSection\":[\"Actos\"],\"inLanguage\":\"pt-PT\"},{\"@type\":\"WebPage\",\"@id\":\"https:\\\/\\\/fundacioncajaruraldelsur.com\\\/presentacion-del-libro-inspiracion-trabajo-y-constancia-trayectoria-personal-y-profesional-del-arquitecto-anibal-gonzalez-alvarez-ossorio\\\/\",\"url\":\"https:\\\/\\\/fundacioncajaruraldelsur.com\\\/presentacion-del-libro-inspiracion-trabajo-y-constancia-trayectoria-personal-y-profesional-del-arquitecto-anibal-gonzalez-alvarez-ossorio\\\/\",\"name\":\"Presentaci\u00f3n del libro \u201cInspiraci\u00f3n, Trabajo y Constancia, Trayectoria personal y profesional del arquitecto An\u00edbal Gonz\u00e1lez \u00c1lvarez-Ossorio\u201d - Fundaci\u00f3n Caja Rural del Sur\",\"isPartOf\":{\"@id\":\"https:\\\/\\\/fundacioncajaruraldelsur.com\\\/#website\"},\"primaryImageOfPage\":{\"@id\":\"https:\\\/\\\/fundacioncajaruraldelsur.com\\\/presentacion-del-libro-inspiracion-trabajo-y-constancia-trayectoria-personal-y-profesional-del-arquitecto-anibal-gonzalez-alvarez-ossorio\\\/#primaryimage\"},\"image\":{\"@id\":\"https:\\\/\\\/fundacioncajaruraldelsur.com\\\/presentacion-del-libro-inspiracion-trabajo-y-constancia-trayectoria-personal-y-profesional-del-arquitecto-anibal-gonzalez-alvarez-ossorio\\\/#primaryimage\"},\"thumbnailUrl\":\"https:\\\/\\\/fundacioncajaruraldelsur.com\\\/wp-content\\\/uploads\\\/2021\\\/06\\\/thumbnail_2W7I0059.jpg\",\"datePublished\":\"2021-06-09T17:24:11+00:00\",\"dateModified\":\"2021-06-09T17:49:00+00:00\",\"author\":{\"@id\":\"https:\\\/\\\/fundacioncajaruraldelsur.com\\\/#\\\/schema\\\/person\\\/f430da9fb783d505ff061ad8b3d44577\"},\"breadcrumb\":{\"@id\":\"https:\\\/\\\/fundacioncajaruraldelsur.com\\\/presentacion-del-libro-inspiracion-trabajo-y-constancia-trayectoria-personal-y-profesional-del-arquitecto-anibal-gonzalez-alvarez-ossorio\\\/#breadcrumb\"},\"inLanguage\":\"pt-PT\",\"potentialAction\":[{\"@type\":\"ReadAction\",\"target\":[\"https:\\\/\\\/fundacioncajaruraldelsur.com\\\/presentacion-del-libro-inspiracion-trabajo-y-constancia-trayectoria-personal-y-profesional-del-arquitecto-anibal-gonzalez-alvarez-ossorio\\\/\"]}]},{\"@type\":\"ImageObject\",\"inLanguage\":\"pt-PT\",\"@id\":\"https:\\\/\\\/fundacioncajaruraldelsur.com\\\/presentacion-del-libro-inspiracion-trabajo-y-constancia-trayectoria-personal-y-profesional-del-arquitecto-anibal-gonzalez-alvarez-ossorio\\\/#primaryimage\",\"url\":\"https:\\\/\\\/fundacioncajaruraldelsur.com\\\/wp-content\\\/uploads\\\/2021\\\/06\\\/thumbnail_2W7I0059.jpg\",\"contentUrl\":\"https:\\\/\\\/fundacioncajaruraldelsur.com\\\/wp-content\\\/uploads\\\/2021\\\/06\\\/thumbnail_2W7I0059.jpg\",\"width\":1280,\"height\":832},{\"@type\":\"BreadcrumbList\",\"@id\":\"https:\\\/\\\/fundacioncajaruraldelsur.com\\\/presentacion-del-libro-inspiracion-trabajo-y-constancia-trayectoria-personal-y-profesional-del-arquitecto-anibal-gonzalez-alvarez-ossorio\\\/#breadcrumb\",\"itemListElement\":[{\"@type\":\"ListItem\",\"position\":1,\"name\":\"Portada\",\"item\":\"https:\\\/\\\/fundacioncajaruraldelsur.com\\\/\"},{\"@type\":\"ListItem\",\"position\":2,\"name\":\"Presentaci\u00f3n del libro \u201cInspiraci\u00f3n, Trabajo y Constancia, Trayectoria personal y profesional del arquitecto An\u00edbal Gonz\u00e1lez \u00c1lvarez-Ossorio\u201d\"}]},{\"@type\":\"WebSite\",\"@id\":\"https:\\\/\\\/fundacioncajaruraldelsur.com\\\/#website\",\"url\":\"https:\\\/\\\/fundacioncajaruraldelsur.com\\\/\",\"name\":\"Fundaci\u00f3n Caja Rural del Sur\",\"description\":\"\",\"potentialAction\":[{\"@type\":\"SearchAction\",\"target\":{\"@type\":\"EntryPoint\",\"urlTemplate\":\"https:\\\/\\\/fundacioncajaruraldelsur.com\\\/?s={search_term_string}\"},\"query-input\":{\"@type\":\"PropertyValueSpecification\",\"valueRequired\":true,\"valueName\":\"search_term_string\"}}],\"inLanguage\":\"pt-PT\"},{\"@type\":\"Person\",\"@id\":\"https:\\\/\\\/fundacioncajaruraldelsur.com\\\/#\\\/schema\\\/person\\\/f430da9fb783d505ff061ad8b3d44577\",\"name\":\"Comunicaci\u00f3n\",\"image\":{\"@type\":\"ImageObject\",\"inLanguage\":\"pt-PT\",\"@id\":\"https:\\\/\\\/secure.gravatar.com\\\/avatar\\\/0dca239875993680bac4603ad2de7942da018f52cc3a244578e0b3b09314a8d8?s=96&d=blank&r=g\",\"url\":\"https:\\\/\\\/secure.gravatar.com\\\/avatar\\\/0dca239875993680bac4603ad2de7942da018f52cc3a244578e0b3b09314a8d8?s=96&d=blank&r=g\",\"contentUrl\":\"https:\\\/\\\/secure.gravatar.com\\\/avatar\\\/0dca239875993680bac4603ad2de7942da018f52cc3a244578e0b3b09314a8d8?s=96&d=blank&r=g\",\"caption\":\"Comunicaci\u00f3n\"}}]}<\/script>\n<!-- \/ Yoast SEO plugin. -->","yoast_head_json":{"title":"Presentaci\u00f3n del libro \u201cInspiraci\u00f3n, Trabajo y Constancia, Trayectoria personal y profesional del arquitecto An\u00edbal Gonz\u00e1lez \u00c1lvarez-Ossorio\u201d - Fundaci\u00f3n Caja Rural del Sur","robots":{"index":"index","follow":"follow","max-snippet":"max-snippet:-1","max-image-preview":"max-image-preview:large","max-video-preview":"max-video-preview:-1"},"canonical":"https:\/\/fundacioncajaruraldelsur.com\/pt\/presentacion-del-libro-inspiracion-trabajo-y-constancia-trayectoria-personal-y-profesional-del-arquitecto-anibal-gonzalez-alvarez-ossorio\/","og_locale":"pt_PT","og_type":"article","og_title":"Presentaci\u00f3n del libro \u201cInspiraci\u00f3n, Trabajo y Constancia, Trayectoria personal y profesional del arquitecto An\u00edbal Gonz\u00e1lez \u00c1lvarez-Ossorio\u201d - Fundaci\u00f3n Caja Rural del Sur","og_description":"La sede de la Capitan\u00eda General de Sevilla, en la Plaza de Espa\u00f1a, ha acogido esta ma\u00f1ana la presentaci\u00f3n del libro \u201cInspiraci\u00f3n, Trabajo y Constancia-Trayectoria personal y profesional del arquitecto [&hellip;]","og_url":"https:\/\/fundacioncajaruraldelsur.com\/pt\/presentacion-del-libro-inspiracion-trabajo-y-constancia-trayectoria-personal-y-profesional-del-arquitecto-anibal-gonzalez-alvarez-ossorio\/","og_site_name":"Fundaci\u00f3n Caja Rural del Sur","article_published_time":"2021-06-09T17:24:11+00:00","article_modified_time":"2021-06-09T17:49:00+00:00","og_image":[{"width":1280,"height":832,"url":"https:\/\/fundacioncajaruraldelsur.com\/wp-content\/uploads\/2021\/06\/thumbnail_2W7I0059.jpg","type":"image\/jpeg"}],"author":"Comunicaci\u00f3n","twitter_card":"summary_large_image","twitter_misc":{"Written by":"Comunicaci\u00f3n","Est. reading time":"5 minutes"},"schema":{"@context":"https:\/\/schema.org","@graph":[{"@type":"Article","@id":"https:\/\/fundacioncajaruraldelsur.com\/presentacion-del-libro-inspiracion-trabajo-y-constancia-trayectoria-personal-y-profesional-del-arquitecto-anibal-gonzalez-alvarez-ossorio\/#article","isPartOf":{"@id":"https:\/\/fundacioncajaruraldelsur.com\/presentacion-del-libro-inspiracion-trabajo-y-constancia-trayectoria-personal-y-profesional-del-arquitecto-anibal-gonzalez-alvarez-ossorio\/"},"author":{"name":"Comunicaci\u00f3n","@id":"https:\/\/fundacioncajaruraldelsur.com\/#\/schema\/person\/f430da9fb783d505ff061ad8b3d44577"},"headline":"Presentaci\u00f3n del libro \u201cInspiraci\u00f3n, Trabajo y Constancia, Trayectoria personal y profesional del arquitecto An\u00edbal Gonz\u00e1lez \u00c1lvarez-Ossorio\u201d","datePublished":"2021-06-09T17:24:11+00:00","dateModified":"2021-06-09T17:49:00+00:00","mainEntityOfPage":{"@id":"https:\/\/fundacioncajaruraldelsur.com\/presentacion-del-libro-inspiracion-trabajo-y-constancia-trayectoria-personal-y-profesional-del-arquitecto-anibal-gonzalez-alvarez-ossorio\/"},"wordCount":1027,"image":{"@id":"https:\/\/fundacioncajaruraldelsur.com\/presentacion-del-libro-inspiracion-trabajo-y-constancia-trayectoria-personal-y-profesional-del-arquitecto-anibal-gonzalez-alvarez-ossorio\/#primaryimage"},"thumbnailUrl":"https:\/\/fundacioncajaruraldelsur.com\/wp-content\/uploads\/2021\/06\/thumbnail_2W7I0059.jpg","articleSection":["Actos"],"inLanguage":"pt-PT"},{"@type":"WebPage","@id":"https:\/\/fundacioncajaruraldelsur.com\/presentacion-del-libro-inspiracion-trabajo-y-constancia-trayectoria-personal-y-profesional-del-arquitecto-anibal-gonzalez-alvarez-ossorio\/","url":"https:\/\/fundacioncajaruraldelsur.com\/presentacion-del-libro-inspiracion-trabajo-y-constancia-trayectoria-personal-y-profesional-del-arquitecto-anibal-gonzalez-alvarez-ossorio\/","name":"Presentaci\u00f3n del libro \u201cInspiraci\u00f3n, Trabajo y Constancia, Trayectoria personal y profesional del arquitecto An\u00edbal Gonz\u00e1lez \u00c1lvarez-Ossorio\u201d - Fundaci\u00f3n Caja Rural del Sur","isPartOf":{"@id":"https:\/\/fundacioncajaruraldelsur.com\/#website"},"primaryImageOfPage":{"@id":"https:\/\/fundacioncajaruraldelsur.com\/presentacion-del-libro-inspiracion-trabajo-y-constancia-trayectoria-personal-y-profesional-del-arquitecto-anibal-gonzalez-alvarez-ossorio\/#primaryimage"},"image":{"@id":"https:\/\/fundacioncajaruraldelsur.com\/presentacion-del-libro-inspiracion-trabajo-y-constancia-trayectoria-personal-y-profesional-del-arquitecto-anibal-gonzalez-alvarez-ossorio\/#primaryimage"},"thumbnailUrl":"https:\/\/fundacioncajaruraldelsur.com\/wp-content\/uploads\/2021\/06\/thumbnail_2W7I0059.jpg","datePublished":"2021-06-09T17:24:11+00:00","dateModified":"2021-06-09T17:49:00+00:00","author":{"@id":"https:\/\/fundacioncajaruraldelsur.com\/#\/schema\/person\/f430da9fb783d505ff061ad8b3d44577"},"breadcrumb":{"@id":"https:\/\/fundacioncajaruraldelsur.com\/presentacion-del-libro-inspiracion-trabajo-y-constancia-trayectoria-personal-y-profesional-del-arquitecto-anibal-gonzalez-alvarez-ossorio\/#breadcrumb"},"inLanguage":"pt-PT","potentialAction":[{"@type":"ReadAction","target":["https:\/\/fundacioncajaruraldelsur.com\/presentacion-del-libro-inspiracion-trabajo-y-constancia-trayectoria-personal-y-profesional-del-arquitecto-anibal-gonzalez-alvarez-ossorio\/"]}]},{"@type":"ImageObject","inLanguage":"pt-PT","@id":"https:\/\/fundacioncajaruraldelsur.com\/presentacion-del-libro-inspiracion-trabajo-y-constancia-trayectoria-personal-y-profesional-del-arquitecto-anibal-gonzalez-alvarez-ossorio\/#primaryimage","url":"https:\/\/fundacioncajaruraldelsur.com\/wp-content\/uploads\/2021\/06\/thumbnail_2W7I0059.jpg","contentUrl":"https:\/\/fundacioncajaruraldelsur.com\/wp-content\/uploads\/2021\/06\/thumbnail_2W7I0059.jpg","width":1280,"height":832},{"@type":"BreadcrumbList","@id":"https:\/\/fundacioncajaruraldelsur.com\/presentacion-del-libro-inspiracion-trabajo-y-constancia-trayectoria-personal-y-profesional-del-arquitecto-anibal-gonzalez-alvarez-ossorio\/#breadcrumb","itemListElement":[{"@type":"ListItem","position":1,"name":"Portada","item":"https:\/\/fundacioncajaruraldelsur.com\/"},{"@type":"ListItem","position":2,"name":"Presentaci\u00f3n del libro \u201cInspiraci\u00f3n, Trabajo y Constancia, Trayectoria personal y profesional del arquitecto An\u00edbal Gonz\u00e1lez \u00c1lvarez-Ossorio\u201d"}]},{"@type":"WebSite","@id":"https:\/\/fundacioncajaruraldelsur.com\/#website","url":"https:\/\/fundacioncajaruraldelsur.com\/","name":"Funda\u00e7\u00e3o Caja Rural del Sur","description":"","potentialAction":[{"@type":"SearchAction","target":{"@type":"EntryPoint","urlTemplate":"https:\/\/fundacioncajaruraldelsur.com\/?s={search_term_string}"},"query-input":{"@type":"PropertyValueSpecification","valueRequired":true,"valueName":"search_term_string"}}],"inLanguage":"pt-PT"},{"@type":"Person","@id":"https:\/\/fundacioncajaruraldelsur.com\/#\/schema\/person\/f430da9fb783d505ff061ad8b3d44577","name":"Comunicaci\u00f3n","image":{"@type":"ImageObject","inLanguage":"pt-PT","@id":"https:\/\/secure.gravatar.com\/avatar\/0dca239875993680bac4603ad2de7942da018f52cc3a244578e0b3b09314a8d8?s=96&d=blank&r=g","url":"https:\/\/secure.gravatar.com\/avatar\/0dca239875993680bac4603ad2de7942da018f52cc3a244578e0b3b09314a8d8?s=96&d=blank&r=g","contentUrl":"https:\/\/secure.gravatar.com\/avatar\/0dca239875993680bac4603ad2de7942da018f52cc3a244578e0b3b09314a8d8?s=96&d=blank&r=g","caption":"Comunicaci\u00f3n"}}]}},"rttpg_featured_image_url":{"full":["https:\/\/fundacioncajaruraldelsur.com\/wp-content\/uploads\/2021\/06\/thumbnail_2W7I0059.jpg",1280,832,false],"landscape":["https:\/\/fundacioncajaruraldelsur.com\/wp-content\/uploads\/2021\/06\/thumbnail_2W7I0059.jpg",1280,832,false],"portraits":["https:\/\/fundacioncajaruraldelsur.com\/wp-content\/uploads\/2021\/06\/thumbnail_2W7I0059.jpg",1280,832,false],"thumbnail":["https:\/\/fundacioncajaruraldelsur.com\/wp-content\/uploads\/2021\/06\/thumbnail_2W7I0059-150x150.jpg",150,150,true],"medium":["https:\/\/fundacioncajaruraldelsur.com\/wp-content\/uploads\/2021\/06\/thumbnail_2W7I0059-300x195.jpg",300,195,true],"large":["https:\/\/fundacioncajaruraldelsur.com\/wp-content\/uploads\/2021\/06\/thumbnail_2W7I0059-1024x666.jpg",960,624,true],"1536x1536":["https:\/\/fundacioncajaruraldelsur.com\/wp-content\/uploads\/2021\/06\/thumbnail_2W7I0059.jpg",1280,832,false],"2048x2048":["https:\/\/fundacioncajaruraldelsur.com\/wp-content\/uploads\/2021\/06\/thumbnail_2W7I0059.jpg",1280,832,false],"trp-custom-language-flag":["https:\/\/fundacioncajaruraldelsur.com\/wp-content\/uploads\/2021\/06\/thumbnail_2W7I0059.jpg",18,12,false],"blog-thumbnail":["https:\/\/fundacioncajaruraldelsur.com\/wp-content\/uploads\/2021\/06\/thumbnail_2W7I0059-400x200.jpg",400,200,true]},"rttpg_author":{"display_name":"Comunicaci\u00f3n","author_link":"https:\/\/fundacioncajaruraldelsur.com\/pt\/author\/sevillaadmin\/"},"rttpg_comment":0,"rttpg_category":"<a href=\"https:\/\/fundacioncajaruraldelsur.com\/pt\/category\/actos\/\" rel=\"category tag\">Actos<\/a>","rttpg_excerpt":"La sede de la Capitan\u00eda General de Sevilla, en la Plaza de Espa\u00f1a, ha acogido esta ma\u00f1ana la presentaci\u00f3n del libro \u201cInspiraci\u00f3n, Trabajo y Constancia-Trayectoria personal y profesional del arquitecto [&hellip;]","_links":{"self":[{"href":"https:\/\/fundacioncajaruraldelsur.com\/pt\/wp-json\/wp\/v2\/posts\/6470","targetHints":{"allow":["GET"]}}],"collection":[{"href":"https:\/\/fundacioncajaruraldelsur.com\/pt\/wp-json\/wp\/v2\/posts"}],"about":[{"href":"https:\/\/fundacioncajaruraldelsur.com\/pt\/wp-json\/wp\/v2\/types\/post"}],"author":[{"embeddable":true,"href":"https:\/\/fundacioncajaruraldelsur.com\/pt\/wp-json\/wp\/v2\/users\/6"}],"replies":[{"embeddable":true,"href":"https:\/\/fundacioncajaruraldelsur.com\/pt\/wp-json\/wp\/v2\/comments?post=6470"}],"version-history":[{"count":13,"href":"https:\/\/fundacioncajaruraldelsur.com\/pt\/wp-json\/wp\/v2\/posts\/6470\/revisions"}],"predecessor-version":[{"id":6486,"href":"https:\/\/fundacioncajaruraldelsur.com\/pt\/wp-json\/wp\/v2\/posts\/6470\/revisions\/6486"}],"wp:featuredmedia":[{"embeddable":true,"href":"https:\/\/fundacioncajaruraldelsur.com\/pt\/wp-json\/wp\/v2\/media\/6472"}],"wp:attachment":[{"href":"https:\/\/fundacioncajaruraldelsur.com\/pt\/wp-json\/wp\/v2\/media?parent=6470"}],"wp:term":[{"taxonomy":"category","embeddable":true,"href":"https:\/\/fundacioncajaruraldelsur.com\/pt\/wp-json\/wp\/v2\/categories?post=6470"},{"taxonomy":"post_tag","embeddable":true,"href":"https:\/\/fundacioncajaruraldelsur.com\/pt\/wp-json\/wp\/v2\/tags?post=6470"}],"curies":[{"name":"wp","href":"https:\/\/api.w.org\/{rel}","templated":true}]}}