{"id":6430,"date":"2021-06-04T13:16:48","date_gmt":"2021-06-04T11:16:48","guid":{"rendered":"\/?p=6430"},"modified":"2021-06-04T13:49:36","modified_gmt":"2021-06-04T11:49:36","slug":"el-callejero-cordobes-reflejo-de-nuestra-historia-del-1-al-8-de-junio-en-el-salon-de-actos-de-la-entidad","status":"publish","type":"post","link":"https:\/\/fundacioncajaruraldelsur.com\/pt\/el-callejero-cordobes-reflejo-de-nuestra-historia-del-1-al-8-de-junio-en-el-salon-de-actos-de-la-entidad\/","title":{"rendered":"\u201cEl callejero cordob\u00e9s, reflejo de nuestra Historia\u201d, del 1 al 8 de junio, en el sal\u00f3n de actos de la entidad"},"content":{"rendered":"<p>La Fundaci\u00f3n Pro Real Academia de C\u00f3rdoba, con el patrocinio de la Fundaci\u00f3n Caja Rural del Sur, ha organizado un programa de conferencias sobre \u201cEl callejero cordob\u00e9s, reflejo de nuestra Historia\u201d, cuyo primer ciclo de los tres proyectados se desarrollar\u00e1 del 1 al 8 de junio en el sal\u00f3n de actos de la entidad patrocinadora, Ronda de los Tejares 36. Ser\u00e1n un total de diez ponencias, dos por jornada, que impartir\u00e1n acad\u00e9micos, profesores, investigadores y periodistas por este orden: Bartolom\u00e9 Valle Buenestado, Jos\u00e9 Manuel Escobar Camacho, Francisco Solano M\u00e1rquez, Fernando L\u00f3pez Mora, Jes\u00fas Cabrera Jim\u00e9nez, Manuel Garc\u00eda Parody, Francisco Rom\u00e1n Morales, Juan Gal\u00e1n Ruiz de Adana, Antonio Varo Pineda y Mar\u00eda Jos\u00e9 Porro Herrera.<\/p>\n<div id=\"oa-360-1622805202656_vi6qdjwv6\" class=\"oa_am\">\n<div id=\"oa-360-1622805202657_l75yewang\">\n<div id=\"oa-360-1622805202657_68e6bei7g\" data-google-query-id=\"CNOsnMHs_fACFVQUBgAdLiQK7A\">\n<div id=\"google_ads_iframe_\/121764058\/cordobabn.com_am_S1_0__container__\">Este nuevo ciclo sobre el callejero trata de explorar, desde una perspectiva multidisciplinar, el origen y significado de los innumerables personajes, hechos hist\u00f3ricos y circunstancias que han ido inspirando a lo largo de los siglos y hasta la actualidad los nombres de las calles y plazas del casco urbano de C\u00f3rdoba, que hoy se aproximan a los dos mil y reflejan la evoluci\u00f3n del callejero a trav\u00e9s de la sociedad que ha ido nombr\u00e1ndolo; en resumen, unos paseos por C\u00f3rdoba a trav\u00e9s de sus top\u00f3nimos.<\/div>\n<\/div>\n<\/div>\n<\/div>\n<p>En esta primera aproximaci\u00f3n al callejero se abordar\u00e1n aspectos como su origen, referentes geogr\u00e1ficos, legados hist\u00f3ricos, curiosidades o la creciente presencia de la mujer, sin olvidar referencias a los archivos como fuentes de documentaci\u00f3n o la normativa municipal para nombrar calles.<\/p>\n<p>En la presentaci\u00f3n del ciclo, que ha tenido lugar en la sede de la Caja Rural del Sur, el presidente de la Real Academia y de su Fundaci\u00f3n, Jos\u00e9 Cosano Moyano, ha subrayado la dedicaci\u00f3n de la docta instituci\u00f3n a trabajar por C\u00f3rdoba y su provincia, y ha destacado la importancia del callejero para hacer historia y acercarla al ciudadano a trav\u00e9s de una visi\u00f3n distinta de la misma.<\/p>\n<div id=\"sas_65040\">La representante de Caja Rural del Sur, Mar\u00eda Dolores Moreno Guerrero, ha agradecido a la Academia la oportunidad de patrocinar y acoger este ciclo en sus instalaciones. Por su parte el coordinador general de estas actividades y secretario de la Real Academia, Jos\u00e9 Manuel Escobar Camacho, ha resumido los ciclos tem\u00e1ticos que se vienen celebrando los \u00faltimos a\u00f1os \u2013la ciudad y sus legados, los barrios en la historia de C\u00f3rdoba y ahora el callejero\u2013, trabajos que se van recopilando en libros de la colecci\u00f3n \u201cTeodomiro Ram\u00edrez de Arellano\u201d, dedicada a ofrecer una nueva visi\u00f3n de la Historia de C\u00f3rdoba desde distintos aspectos.<\/div>\n<div><\/div>\n<div>Finalmente, el coordinador del ciclo, Francisco Solano M\u00e1rquez, ha detallado el programa de conferencias y ha subrayado el nivel de los participantes, que trazar\u00e1n un acercamiento multidisciplinar a un callejero que es \u201creflejo de nuestra Historia\u201d y que brinda m\u00faltiples perspectivas de an\u00e1lisis y reflexi\u00f3n.<\/div>\n<p>Las conferencias comenzar\u00e1n a las 20,00 horas y al final de las mismas se entablar\u00e1n coloquios. La normativa sanitaria limita el aforo a 40 personas, por lo que ser\u00e1 necesaria la inscripci\u00f3n previa en el tel\u00e9fono de la Real Academia: 957413168.<\/p>\n<p><a href=\"\/wp-content\/uploads\/2021\/06\/20210526-programa-callejero-cordobes.jpg\" rel=\"lightbox-0\"><img loading=\"lazy\" decoding=\"async\" class=\"wp-image-6432 size-full aligncenter\" src=\"\/wp-content\/uploads\/2021\/06\/20210526-programa-callejero-cordobes.jpg\" alt=\"\" width=\"595\" height=\"842\" srcset=\"https:\/\/fundacioncajaruraldelsur.com\/wp-content\/uploads\/2021\/06\/20210526-programa-callejero-cordobes.jpg 595w, https:\/\/fundacioncajaruraldelsur.com\/wp-content\/uploads\/2021\/06\/20210526-programa-callejero-cordobes-212x300.jpg 212w\" sizes=\"auto, (max-width: 595px) 100vw, 595px\" \/><\/a><\/p>","protected":false},"excerpt":{"rendered":"<p>La Fundaci\u00f3n Pro Real Academia de C\u00f3rdoba, con el patrocinio de la Fundaci\u00f3n Caja Rural del Sur, ha organizado un programa de conferencias sobre \u201cEl callejero cordob\u00e9s, reflejo de nuestra [&hellip;]<\/p>\n","protected":false},"author":6,"featured_media":6439,"comment_status":"closed","ping_status":"closed","sticky":false,"template":"","format":"standard","meta":{"footnotes":""},"categories":[66],"tags":[],"class_list":["post-6430","post","type-post","status-publish","format-standard","has-post-thumbnail","hentry","category-actos"],"yoast_head":"<!-- This site is optimized with the Yoast SEO plugin v27.3 - https:\/\/yoast.com\/product\/yoast-seo-wordpress\/ -->\n<title>\u201cEl callejero cordob\u00e9s, reflejo de nuestra Historia\u201d, del 1 al 8 de junio, en el sal\u00f3n de actos de la entidad - Fundaci\u00f3n Caja Rural del Sur<\/title>\n<meta name=\"robots\" content=\"index, follow, max-snippet:-1, max-image-preview:large, max-video-preview:-1\" \/>\n<link rel=\"canonical\" href=\"https:\/\/fundacioncajaruraldelsur.com\/pt\/el-callejero-cordobes-reflejo-de-nuestra-historia-del-1-al-8-de-junio-en-el-salon-de-actos-de-la-entidad\/\" \/>\n<meta property=\"og:locale\" content=\"pt_PT\" \/>\n<meta property=\"og:type\" content=\"article\" \/>\n<meta property=\"og:title\" content=\"\u201cEl callejero cordob\u00e9s, reflejo de nuestra Historia\u201d, del 1 al 8 de junio, en el sal\u00f3n de actos de la entidad - Fundaci\u00f3n Caja Rural del Sur\" \/>\n<meta property=\"og:description\" content=\"La Fundaci\u00f3n Pro Real Academia de C\u00f3rdoba, con el patrocinio de la Fundaci\u00f3n Caja Rural del Sur, ha organizado un programa de conferencias sobre \u201cEl callejero cordob\u00e9s, reflejo de nuestra [&hellip;]\" \/>\n<meta property=\"og:url\" content=\"https:\/\/fundacioncajaruraldelsur.com\/pt\/el-callejero-cordobes-reflejo-de-nuestra-historia-del-1-al-8-de-junio-en-el-salon-de-actos-de-la-entidad\/\" \/>\n<meta property=\"og:site_name\" content=\"Fundaci\u00f3n Caja Rural del Sur\" \/>\n<meta property=\"article:published_time\" content=\"2021-06-04T11:16:48+00:00\" \/>\n<meta property=\"article:modified_time\" content=\"2021-06-04T11:49:36+00:00\" \/>\n<meta property=\"og:image\" content=\"https:\/\/fundacioncajaruraldelsur.com\/wp-content\/uploads\/2021\/06\/callejero-1.jpg\" \/>\n\t<meta property=\"og:image:width\" content=\"525\" \/>\n\t<meta property=\"og:image:height\" content=\"267\" \/>\n\t<meta property=\"og:image:type\" content=\"image\/jpeg\" \/>\n<meta name=\"author\" content=\"Comunicaci\u00f3n\" \/>\n<meta name=\"twitter:card\" content=\"summary_large_image\" \/>\n<meta name=\"twitter:label1\" content=\"Written by\" \/>\n\t<meta name=\"twitter:data1\" content=\"Comunicaci\u00f3n\" \/>\n\t<meta name=\"twitter:label2\" content=\"Est. reading time\" \/>\n\t<meta name=\"twitter:data2\" content=\"3 minutes\" \/>\n<script type=\"application\/ld+json\" class=\"yoast-schema-graph\">{\"@context\":\"https:\\\/\\\/schema.org\",\"@graph\":[{\"@type\":\"Article\",\"@id\":\"https:\\\/\\\/fundacioncajaruraldelsur.com\\\/el-callejero-cordobes-reflejo-de-nuestra-historia-del-1-al-8-de-junio-en-el-salon-de-actos-de-la-entidad\\\/#article\",\"isPartOf\":{\"@id\":\"https:\\\/\\\/fundacioncajaruraldelsur.com\\\/el-callejero-cordobes-reflejo-de-nuestra-historia-del-1-al-8-de-junio-en-el-salon-de-actos-de-la-entidad\\\/\"},\"author\":{\"name\":\"Comunicaci\u00f3n\",\"@id\":\"https:\\\/\\\/fundacioncajaruraldelsur.com\\\/#\\\/schema\\\/person\\\/f430da9fb783d505ff061ad8b3d44577\"},\"headline\":\"\u201cEl callejero cordob\u00e9s, reflejo de nuestra Historia\u201d, del 1 al 8 de junio, en el sal\u00f3n de actos de la entidad\",\"datePublished\":\"2021-06-04T11:16:48+00:00\",\"dateModified\":\"2021-06-04T11:49:36+00:00\",\"mainEntityOfPage\":{\"@id\":\"https:\\\/\\\/fundacioncajaruraldelsur.com\\\/el-callejero-cordobes-reflejo-de-nuestra-historia-del-1-al-8-de-junio-en-el-salon-de-actos-de-la-entidad\\\/\"},\"wordCount\":565,\"image\":{\"@id\":\"https:\\\/\\\/fundacioncajaruraldelsur.com\\\/el-callejero-cordobes-reflejo-de-nuestra-historia-del-1-al-8-de-junio-en-el-salon-de-actos-de-la-entidad\\\/#primaryimage\"},\"thumbnailUrl\":\"https:\\\/\\\/fundacioncajaruraldelsur.com\\\/wp-content\\\/uploads\\\/2021\\\/06\\\/callejero-1.jpg\",\"articleSection\":[\"Actos\"],\"inLanguage\":\"pt-PT\"},{\"@type\":\"WebPage\",\"@id\":\"https:\\\/\\\/fundacioncajaruraldelsur.com\\\/el-callejero-cordobes-reflejo-de-nuestra-historia-del-1-al-8-de-junio-en-el-salon-de-actos-de-la-entidad\\\/\",\"url\":\"https:\\\/\\\/fundacioncajaruraldelsur.com\\\/el-callejero-cordobes-reflejo-de-nuestra-historia-del-1-al-8-de-junio-en-el-salon-de-actos-de-la-entidad\\\/\",\"name\":\"\u201cEl callejero cordob\u00e9s, reflejo de nuestra Historia\u201d, del 1 al 8 de junio, en el sal\u00f3n de actos de la entidad - Fundaci\u00f3n Caja Rural del Sur\",\"isPartOf\":{\"@id\":\"https:\\\/\\\/fundacioncajaruraldelsur.com\\\/#website\"},\"primaryImageOfPage\":{\"@id\":\"https:\\\/\\\/fundacioncajaruraldelsur.com\\\/el-callejero-cordobes-reflejo-de-nuestra-historia-del-1-al-8-de-junio-en-el-salon-de-actos-de-la-entidad\\\/#primaryimage\"},\"image\":{\"@id\":\"https:\\\/\\\/fundacioncajaruraldelsur.com\\\/el-callejero-cordobes-reflejo-de-nuestra-historia-del-1-al-8-de-junio-en-el-salon-de-actos-de-la-entidad\\\/#primaryimage\"},\"thumbnailUrl\":\"https:\\\/\\\/fundacioncajaruraldelsur.com\\\/wp-content\\\/uploads\\\/2021\\\/06\\\/callejero-1.jpg\",\"datePublished\":\"2021-06-04T11:16:48+00:00\",\"dateModified\":\"2021-06-04T11:49:36+00:00\",\"author\":{\"@id\":\"https:\\\/\\\/fundacioncajaruraldelsur.com\\\/#\\\/schema\\\/person\\\/f430da9fb783d505ff061ad8b3d44577\"},\"breadcrumb\":{\"@id\":\"https:\\\/\\\/fundacioncajaruraldelsur.com\\\/el-callejero-cordobes-reflejo-de-nuestra-historia-del-1-al-8-de-junio-en-el-salon-de-actos-de-la-entidad\\\/#breadcrumb\"},\"inLanguage\":\"pt-PT\",\"potentialAction\":[{\"@type\":\"ReadAction\",\"target\":[\"https:\\\/\\\/fundacioncajaruraldelsur.com\\\/el-callejero-cordobes-reflejo-de-nuestra-historia-del-1-al-8-de-junio-en-el-salon-de-actos-de-la-entidad\\\/\"]}]},{\"@type\":\"ImageObject\",\"inLanguage\":\"pt-PT\",\"@id\":\"https:\\\/\\\/fundacioncajaruraldelsur.com\\\/el-callejero-cordobes-reflejo-de-nuestra-historia-del-1-al-8-de-junio-en-el-salon-de-actos-de-la-entidad\\\/#primaryimage\",\"url\":\"https:\\\/\\\/fundacioncajaruraldelsur.com\\\/wp-content\\\/uploads\\\/2021\\\/06\\\/callejero-1.jpg\",\"contentUrl\":\"https:\\\/\\\/fundacioncajaruraldelsur.com\\\/wp-content\\\/uploads\\\/2021\\\/06\\\/callejero-1.jpg\",\"width\":525,\"height\":267},{\"@type\":\"BreadcrumbList\",\"@id\":\"https:\\\/\\\/fundacioncajaruraldelsur.com\\\/el-callejero-cordobes-reflejo-de-nuestra-historia-del-1-al-8-de-junio-en-el-salon-de-actos-de-la-entidad\\\/#breadcrumb\",\"itemListElement\":[{\"@type\":\"ListItem\",\"position\":1,\"name\":\"Portada\",\"item\":\"https:\\\/\\\/fundacioncajaruraldelsur.com\\\/\"},{\"@type\":\"ListItem\",\"position\":2,\"name\":\"\u201cEl callejero cordob\u00e9s, reflejo de nuestra Historia\u201d, del 1 al 8 de junio, en el sal\u00f3n de actos de la entidad\"}]},{\"@type\":\"WebSite\",\"@id\":\"https:\\\/\\\/fundacioncajaruraldelsur.com\\\/#website\",\"url\":\"https:\\\/\\\/fundacioncajaruraldelsur.com\\\/\",\"name\":\"Fundaci\u00f3n Caja Rural del Sur\",\"description\":\"\",\"potentialAction\":[{\"@type\":\"SearchAction\",\"target\":{\"@type\":\"EntryPoint\",\"urlTemplate\":\"https:\\\/\\\/fundacioncajaruraldelsur.com\\\/?s={search_term_string}\"},\"query-input\":{\"@type\":\"PropertyValueSpecification\",\"valueRequired\":true,\"valueName\":\"search_term_string\"}}],\"inLanguage\":\"pt-PT\"},{\"@type\":\"Person\",\"@id\":\"https:\\\/\\\/fundacioncajaruraldelsur.com\\\/#\\\/schema\\\/person\\\/f430da9fb783d505ff061ad8b3d44577\",\"name\":\"Comunicaci\u00f3n\",\"image\":{\"@type\":\"ImageObject\",\"inLanguage\":\"pt-PT\",\"@id\":\"https:\\\/\\\/secure.gravatar.com\\\/avatar\\\/0dca239875993680bac4603ad2de7942da018f52cc3a244578e0b3b09314a8d8?s=96&d=blank&r=g\",\"url\":\"https:\\\/\\\/secure.gravatar.com\\\/avatar\\\/0dca239875993680bac4603ad2de7942da018f52cc3a244578e0b3b09314a8d8?s=96&d=blank&r=g\",\"contentUrl\":\"https:\\\/\\\/secure.gravatar.com\\\/avatar\\\/0dca239875993680bac4603ad2de7942da018f52cc3a244578e0b3b09314a8d8?s=96&d=blank&r=g\",\"caption\":\"Comunicaci\u00f3n\"}}]}<\/script>\n<!-- \/ Yoast SEO plugin. -->","yoast_head_json":{"title":"\u201cEl callejero cordob\u00e9s, reflejo de nuestra Historia\u201d, del 1 al 8 de junio, en el sal\u00f3n de actos de la entidad - Fundaci\u00f3n Caja Rural del Sur","robots":{"index":"index","follow":"follow","max-snippet":"max-snippet:-1","max-image-preview":"max-image-preview:large","max-video-preview":"max-video-preview:-1"},"canonical":"https:\/\/fundacioncajaruraldelsur.com\/pt\/el-callejero-cordobes-reflejo-de-nuestra-historia-del-1-al-8-de-junio-en-el-salon-de-actos-de-la-entidad\/","og_locale":"pt_PT","og_type":"article","og_title":"\u201cEl callejero cordob\u00e9s, reflejo de nuestra Historia\u201d, del 1 al 8 de junio, en el sal\u00f3n de actos de la entidad - Fundaci\u00f3n Caja Rural del Sur","og_description":"La Fundaci\u00f3n Pro Real Academia de C\u00f3rdoba, con el patrocinio de la Fundaci\u00f3n Caja Rural del Sur, ha organizado un programa de conferencias sobre \u201cEl callejero cordob\u00e9s, reflejo de nuestra [&hellip;]","og_url":"https:\/\/fundacioncajaruraldelsur.com\/pt\/el-callejero-cordobes-reflejo-de-nuestra-historia-del-1-al-8-de-junio-en-el-salon-de-actos-de-la-entidad\/","og_site_name":"Fundaci\u00f3n Caja Rural del Sur","article_published_time":"2021-06-04T11:16:48+00:00","article_modified_time":"2021-06-04T11:49:36+00:00","og_image":[{"width":525,"height":267,"url":"https:\/\/fundacioncajaruraldelsur.com\/wp-content\/uploads\/2021\/06\/callejero-1.jpg","type":"image\/jpeg"}],"author":"Comunicaci\u00f3n","twitter_card":"summary_large_image","twitter_misc":{"Written by":"Comunicaci\u00f3n","Est. reading time":"3 minutes"},"schema":{"@context":"https:\/\/schema.org","@graph":[{"@type":"Article","@id":"https:\/\/fundacioncajaruraldelsur.com\/el-callejero-cordobes-reflejo-de-nuestra-historia-del-1-al-8-de-junio-en-el-salon-de-actos-de-la-entidad\/#article","isPartOf":{"@id":"https:\/\/fundacioncajaruraldelsur.com\/el-callejero-cordobes-reflejo-de-nuestra-historia-del-1-al-8-de-junio-en-el-salon-de-actos-de-la-entidad\/"},"author":{"name":"Comunicaci\u00f3n","@id":"https:\/\/fundacioncajaruraldelsur.com\/#\/schema\/person\/f430da9fb783d505ff061ad8b3d44577"},"headline":"\u201cEl callejero cordob\u00e9s, reflejo de nuestra Historia\u201d, del 1 al 8 de junio, en el sal\u00f3n de actos de la entidad","datePublished":"2021-06-04T11:16:48+00:00","dateModified":"2021-06-04T11:49:36+00:00","mainEntityOfPage":{"@id":"https:\/\/fundacioncajaruraldelsur.com\/el-callejero-cordobes-reflejo-de-nuestra-historia-del-1-al-8-de-junio-en-el-salon-de-actos-de-la-entidad\/"},"wordCount":565,"image":{"@id":"https:\/\/fundacioncajaruraldelsur.com\/el-callejero-cordobes-reflejo-de-nuestra-historia-del-1-al-8-de-junio-en-el-salon-de-actos-de-la-entidad\/#primaryimage"},"thumbnailUrl":"https:\/\/fundacioncajaruraldelsur.com\/wp-content\/uploads\/2021\/06\/callejero-1.jpg","articleSection":["Actos"],"inLanguage":"pt-PT"},{"@type":"WebPage","@id":"https:\/\/fundacioncajaruraldelsur.com\/el-callejero-cordobes-reflejo-de-nuestra-historia-del-1-al-8-de-junio-en-el-salon-de-actos-de-la-entidad\/","url":"https:\/\/fundacioncajaruraldelsur.com\/el-callejero-cordobes-reflejo-de-nuestra-historia-del-1-al-8-de-junio-en-el-salon-de-actos-de-la-entidad\/","name":"\u201cEl callejero cordob\u00e9s, reflejo de nuestra Historia\u201d, del 1 al 8 de junio, en el sal\u00f3n de actos de la entidad - Fundaci\u00f3n Caja Rural del Sur","isPartOf":{"@id":"https:\/\/fundacioncajaruraldelsur.com\/#website"},"primaryImageOfPage":{"@id":"https:\/\/fundacioncajaruraldelsur.com\/el-callejero-cordobes-reflejo-de-nuestra-historia-del-1-al-8-de-junio-en-el-salon-de-actos-de-la-entidad\/#primaryimage"},"image":{"@id":"https:\/\/fundacioncajaruraldelsur.com\/el-callejero-cordobes-reflejo-de-nuestra-historia-del-1-al-8-de-junio-en-el-salon-de-actos-de-la-entidad\/#primaryimage"},"thumbnailUrl":"https:\/\/fundacioncajaruraldelsur.com\/wp-content\/uploads\/2021\/06\/callejero-1.jpg","datePublished":"2021-06-04T11:16:48+00:00","dateModified":"2021-06-04T11:49:36+00:00","author":{"@id":"https:\/\/fundacioncajaruraldelsur.com\/#\/schema\/person\/f430da9fb783d505ff061ad8b3d44577"},"breadcrumb":{"@id":"https:\/\/fundacioncajaruraldelsur.com\/el-callejero-cordobes-reflejo-de-nuestra-historia-del-1-al-8-de-junio-en-el-salon-de-actos-de-la-entidad\/#breadcrumb"},"inLanguage":"pt-PT","potentialAction":[{"@type":"ReadAction","target":["https:\/\/fundacioncajaruraldelsur.com\/el-callejero-cordobes-reflejo-de-nuestra-historia-del-1-al-8-de-junio-en-el-salon-de-actos-de-la-entidad\/"]}]},{"@type":"ImageObject","inLanguage":"pt-PT","@id":"https:\/\/fundacioncajaruraldelsur.com\/el-callejero-cordobes-reflejo-de-nuestra-historia-del-1-al-8-de-junio-en-el-salon-de-actos-de-la-entidad\/#primaryimage","url":"https:\/\/fundacioncajaruraldelsur.com\/wp-content\/uploads\/2021\/06\/callejero-1.jpg","contentUrl":"https:\/\/fundacioncajaruraldelsur.com\/wp-content\/uploads\/2021\/06\/callejero-1.jpg","width":525,"height":267},{"@type":"BreadcrumbList","@id":"https:\/\/fundacioncajaruraldelsur.com\/el-callejero-cordobes-reflejo-de-nuestra-historia-del-1-al-8-de-junio-en-el-salon-de-actos-de-la-entidad\/#breadcrumb","itemListElement":[{"@type":"ListItem","position":1,"name":"Portada","item":"https:\/\/fundacioncajaruraldelsur.com\/"},{"@type":"ListItem","position":2,"name":"\u201cEl callejero cordob\u00e9s, reflejo de nuestra Historia\u201d, del 1 al 8 de junio, en el sal\u00f3n de actos de la entidad"}]},{"@type":"WebSite","@id":"https:\/\/fundacioncajaruraldelsur.com\/#website","url":"https:\/\/fundacioncajaruraldelsur.com\/","name":"Funda\u00e7\u00e3o Caja Rural del Sur","description":"","potentialAction":[{"@type":"SearchAction","target":{"@type":"EntryPoint","urlTemplate":"https:\/\/fundacioncajaruraldelsur.com\/?s={search_term_string}"},"query-input":{"@type":"PropertyValueSpecification","valueRequired":true,"valueName":"search_term_string"}}],"inLanguage":"pt-PT"},{"@type":"Person","@id":"https:\/\/fundacioncajaruraldelsur.com\/#\/schema\/person\/f430da9fb783d505ff061ad8b3d44577","name":"Comunicaci\u00f3n","image":{"@type":"ImageObject","inLanguage":"pt-PT","@id":"https:\/\/secure.gravatar.com\/avatar\/0dca239875993680bac4603ad2de7942da018f52cc3a244578e0b3b09314a8d8?s=96&d=blank&r=g","url":"https:\/\/secure.gravatar.com\/avatar\/0dca239875993680bac4603ad2de7942da018f52cc3a244578e0b3b09314a8d8?s=96&d=blank&r=g","contentUrl":"https:\/\/secure.gravatar.com\/avatar\/0dca239875993680bac4603ad2de7942da018f52cc3a244578e0b3b09314a8d8?s=96&d=blank&r=g","caption":"Comunicaci\u00f3n"}}]}},"rttpg_featured_image_url":{"full":["https:\/\/fundacioncajaruraldelsur.com\/wp-content\/uploads\/2021\/06\/callejero-1.jpg",525,267,false],"landscape":["https:\/\/fundacioncajaruraldelsur.com\/wp-content\/uploads\/2021\/06\/callejero-1.jpg",525,267,false],"portraits":["https:\/\/fundacioncajaruraldelsur.com\/wp-content\/uploads\/2021\/06\/callejero-1.jpg",525,267,false],"thumbnail":["https:\/\/fundacioncajaruraldelsur.com\/wp-content\/uploads\/2021\/06\/callejero-1-150x150.jpg",150,150,true],"medium":["https:\/\/fundacioncajaruraldelsur.com\/wp-content\/uploads\/2021\/06\/callejero-1-300x153.jpg",300,153,true],"large":["https:\/\/fundacioncajaruraldelsur.com\/wp-content\/uploads\/2021\/06\/callejero-1.jpg",525,267,false],"1536x1536":["https:\/\/fundacioncajaruraldelsur.com\/wp-content\/uploads\/2021\/06\/callejero-1.jpg",525,267,false],"2048x2048":["https:\/\/fundacioncajaruraldelsur.com\/wp-content\/uploads\/2021\/06\/callejero-1.jpg",525,267,false],"trp-custom-language-flag":["https:\/\/fundacioncajaruraldelsur.com\/wp-content\/uploads\/2021\/06\/callejero-1.jpg",18,9,false],"blog-thumbnail":["https:\/\/fundacioncajaruraldelsur.com\/wp-content\/uploads\/2021\/06\/callejero-1-400x200.jpg",400,200,true]},"rttpg_author":{"display_name":"Comunicaci\u00f3n","author_link":"https:\/\/fundacioncajaruraldelsur.com\/pt\/author\/sevillaadmin\/"},"rttpg_comment":0,"rttpg_category":"<a href=\"https:\/\/fundacioncajaruraldelsur.com\/pt\/category\/actos\/\" rel=\"category tag\">Actos<\/a>","rttpg_excerpt":"La Fundaci\u00f3n Pro Real Academia de C\u00f3rdoba, con el patrocinio de la Fundaci\u00f3n Caja Rural del Sur, ha organizado un programa de conferencias sobre \u201cEl callejero cordob\u00e9s, reflejo de nuestra [&hellip;]","_links":{"self":[{"href":"https:\/\/fundacioncajaruraldelsur.com\/pt\/wp-json\/wp\/v2\/posts\/6430","targetHints":{"allow":["GET"]}}],"collection":[{"href":"https:\/\/fundacioncajaruraldelsur.com\/pt\/wp-json\/wp\/v2\/posts"}],"about":[{"href":"https:\/\/fundacioncajaruraldelsur.com\/pt\/wp-json\/wp\/v2\/types\/post"}],"author":[{"embeddable":true,"href":"https:\/\/fundacioncajaruraldelsur.com\/pt\/wp-json\/wp\/v2\/users\/6"}],"replies":[{"embeddable":true,"href":"https:\/\/fundacioncajaruraldelsur.com\/pt\/wp-json\/wp\/v2\/comments?post=6430"}],"version-history":[{"count":3,"href":"https:\/\/fundacioncajaruraldelsur.com\/pt\/wp-json\/wp\/v2\/posts\/6430\/revisions"}],"predecessor-version":[{"id":6440,"href":"https:\/\/fundacioncajaruraldelsur.com\/pt\/wp-json\/wp\/v2\/posts\/6430\/revisions\/6440"}],"wp:featuredmedia":[{"embeddable":true,"href":"https:\/\/fundacioncajaruraldelsur.com\/pt\/wp-json\/wp\/v2\/media\/6439"}],"wp:attachment":[{"href":"https:\/\/fundacioncajaruraldelsur.com\/pt\/wp-json\/wp\/v2\/media?parent=6430"}],"wp:term":[{"taxonomy":"category","embeddable":true,"href":"https:\/\/fundacioncajaruraldelsur.com\/pt\/wp-json\/wp\/v2\/categories?post=6430"},{"taxonomy":"post_tag","embeddable":true,"href":"https:\/\/fundacioncajaruraldelsur.com\/pt\/wp-json\/wp\/v2\/tags?post=6430"}],"curies":[{"name":"wp","href":"https:\/\/api.w.org\/{rel}","templated":true}]}}