{"id":6406,"date":"2021-05-26T13:11:53","date_gmt":"2021-05-26T11:11:53","guid":{"rendered":"\/?p=6406"},"modified":"2021-05-26T13:11:53","modified_gmt":"2021-05-26T11:11:53","slug":"la-situacion-de-la-ganaderia-del-toro-bravo-analizada-en-una-jornada-el-8-de-junio-de-asaja-sevilla-en-colaboracion-con-la-fundacion-caja-rural-del-sur","status":"publish","type":"post","link":"https:\/\/fundacioncajaruraldelsur.com\/pt\/la-situacion-de-la-ganaderia-del-toro-bravo-analizada-en-una-jornada-el-8-de-junio-de-asaja-sevilla-en-colaboracion-con-la-fundacion-caja-rural-del-sur\/","title":{"rendered":"La situaci\u00f3n de la ganader\u00eda del toro bravo, analizada en una jornada el 8 de junio de Asaja Sevilla en colaboraci\u00f3n con la Fundaci\u00f3n Caja Rural del Sur"},"content":{"rendered":"<p>ASAJA-Sevilla en colaboraci\u00f3n con Fundaci\u00f3n Caja Rural del Sur celebrar\u00e1 el 8 de junio una jornada monogr\u00e1fica centrada en el ganado vacuno de lidia en la que se analizar\u00e1 su situaci\u00f3n, las l\u00edneas de ayuda (en vigor y futuras) y el Plan integral estrat\u00e9gico para un sector ganadero que seguir\u00e1 siendo clave en el campo andaluz en la nueva etapa post-pandemia.<\/p>\n<p>Para centrar el debate y analizar con detalle cu\u00e1l es la\u00a0<strong>situaci\u00f3n actual del toro bravo<\/strong>,\u00a0<strong>con qu\u00e9 cuenta\u00a0<\/strong>en este momento el sector y\u00a0<strong>qu\u00e9 est\u00e1 a\u00fan pendiente de desarrollo<\/strong>, \u00a0en la jornada intervendr\u00e1n el presidente de ASAJA-Sevilla, <strong>Ricardo Serra;<\/strong>\u00a0el portavoz de la Plataforma del Toro Bravo Andaluz,\u00a0<strong>Rafael Guti\u00e9rrez;<\/strong>\u00a0el secretario general de la Consejer\u00eda de Agricultura,<strong>\u00a0Vicente P\u00e9rez;<\/strong>\u00a0el jefe de secci\u00f3n del Servicio de Seguimiento de la PAC,\u00a0<strong>Agust\u00edn Garc\u00eda de Tena<\/strong>, y el secretario general de Interior y Espect\u00e1culos P\u00fablicos de la Consejer\u00eda de la Presidencia de la Junta de Andaluc\u00eda,\u00a0<strong>Miguel Briones.<\/strong><em>\u00a0<\/em><\/p>\n<p><em>(Puedes descargar el programa en el siguiente enlace:<a href=\"https:\/\/www.asajasevilla.es\/images\/Jornada_Asaja-Sevilla_Toro_de_lidia-v3.pdf\">\u00a0Programa_Jornada_Ganader\u00eda_Bravo_Andaluc\u00eda<\/a>).<\/em><\/p>\n<p><a href=\"\/wp-content\/uploads\/2021\/05\/Sin-titulo.jpg\" rel=\"lightbox-0\"><img loading=\"lazy\" decoding=\"async\" class=\"wp-image-6408 size-full aligncenter\" src=\"\/wp-content\/uploads\/2021\/05\/Sin-titulo.jpg\" alt=\"\" width=\"334\" height=\"473\" srcset=\"https:\/\/fundacioncajaruraldelsur.com\/wp-content\/uploads\/2021\/05\/Sin-titulo.jpg 334w, https:\/\/fundacioncajaruraldelsur.com\/wp-content\/uploads\/2021\/05\/Sin-titulo-212x300.jpg 212w\" sizes=\"auto, (max-width: 334px) 100vw, 334px\" \/><\/a><\/p>\n<p>&nbsp;<\/p>","protected":false},"excerpt":{"rendered":"<p>ASAJA-Sevilla en colaboraci\u00f3n con Fundaci\u00f3n Caja Rural del Sur celebrar\u00e1 el 8 de junio una jornada monogr\u00e1fica centrada en el ganado vacuno de lidia en la que se analizar\u00e1 su [&hellip;]<\/p>\n","protected":false},"author":6,"featured_media":6407,"comment_status":"closed","ping_status":"closed","sticky":false,"template":"","format":"standard","meta":{"footnotes":""},"categories":[66],"tags":[],"class_list":["post-6406","post","type-post","status-publish","format-standard","has-post-thumbnail","hentry","category-actos"],"yoast_head":"<!-- This site is optimized with the Yoast SEO plugin v27.3 - https:\/\/yoast.com\/product\/yoast-seo-wordpress\/ -->\n<title>La situaci\u00f3n de la ganader\u00eda del toro bravo, analizada en una jornada el 8 de junio de Asaja Sevilla en colaboraci\u00f3n con la Fundaci\u00f3n Caja Rural del Sur - Fundaci\u00f3n Caja Rural del Sur<\/title>\n<meta name=\"robots\" content=\"index, follow, max-snippet:-1, max-image-preview:large, max-video-preview:-1\" \/>\n<link rel=\"canonical\" href=\"https:\/\/fundacioncajaruraldelsur.com\/pt\/la-situacion-de-la-ganaderia-del-toro-bravo-analizada-en-una-jornada-el-8-de-junio-de-asaja-sevilla-en-colaboracion-con-la-fundacion-caja-rural-del-sur\/\" \/>\n<meta property=\"og:locale\" content=\"pt_PT\" \/>\n<meta property=\"og:type\" content=\"article\" \/>\n<meta property=\"og:title\" content=\"La situaci\u00f3n de la ganader\u00eda del toro bravo, analizada en una jornada el 8 de junio de Asaja Sevilla en colaboraci\u00f3n con la Fundaci\u00f3n Caja Rural del Sur - Fundaci\u00f3n Caja Rural del Sur\" \/>\n<meta property=\"og:description\" content=\"ASAJA-Sevilla en colaboraci\u00f3n con Fundaci\u00f3n Caja Rural del Sur celebrar\u00e1 el 8 de junio una jornada monogr\u00e1fica centrada en el ganado vacuno de lidia en la que se analizar\u00e1 su [&hellip;]\" \/>\n<meta property=\"og:url\" content=\"https:\/\/fundacioncajaruraldelsur.com\/pt\/la-situacion-de-la-ganaderia-del-toro-bravo-analizada-en-una-jornada-el-8-de-junio-de-asaja-sevilla-en-colaboracion-con-la-fundacion-caja-rural-del-sur\/\" \/>\n<meta property=\"og:site_name\" content=\"Fundaci\u00f3n Caja Rural del Sur\" \/>\n<meta property=\"article:published_time\" content=\"2021-05-26T11:11:53+00:00\" \/>\n<meta property=\"og:image\" content=\"https:\/\/fundacioncajaruraldelsur.com\/wp-content\/uploads\/2021\/05\/jornada-ganaderia.jpg\" \/>\n\t<meta property=\"og:image:width\" content=\"948\" \/>\n\t<meta property=\"og:image:height\" content=\"420\" \/>\n\t<meta property=\"og:image:type\" content=\"image\/jpeg\" \/>\n<meta name=\"author\" content=\"Comunicaci\u00f3n\" \/>\n<meta name=\"twitter:card\" content=\"summary_large_image\" \/>\n<meta name=\"twitter:label1\" content=\"Written by\" \/>\n\t<meta name=\"twitter:data1\" content=\"Comunicaci\u00f3n\" \/>\n\t<meta name=\"twitter:label2\" content=\"Est. reading time\" \/>\n\t<meta name=\"twitter:data2\" content=\"1 minute\" \/>\n<script type=\"application\/ld+json\" class=\"yoast-schema-graph\">{\"@context\":\"https:\\\/\\\/schema.org\",\"@graph\":[{\"@type\":\"Article\",\"@id\":\"https:\\\/\\\/fundacioncajaruraldelsur.com\\\/la-situacion-de-la-ganaderia-del-toro-bravo-analizada-en-una-jornada-el-8-de-junio-de-asaja-sevilla-en-colaboracion-con-la-fundacion-caja-rural-del-sur\\\/#article\",\"isPartOf\":{\"@id\":\"https:\\\/\\\/fundacioncajaruraldelsur.com\\\/la-situacion-de-la-ganaderia-del-toro-bravo-analizada-en-una-jornada-el-8-de-junio-de-asaja-sevilla-en-colaboracion-con-la-fundacion-caja-rural-del-sur\\\/\"},\"author\":{\"name\":\"Comunicaci\u00f3n\",\"@id\":\"https:\\\/\\\/fundacioncajaruraldelsur.com\\\/#\\\/schema\\\/person\\\/f430da9fb783d505ff061ad8b3d44577\"},\"headline\":\"La situaci\u00f3n de la ganader\u00eda del toro bravo, analizada en una jornada el 8 de junio de Asaja Sevilla en colaboraci\u00f3n con la Fundaci\u00f3n Caja Rural del Sur\",\"datePublished\":\"2021-05-26T11:11:53+00:00\",\"mainEntityOfPage\":{\"@id\":\"https:\\\/\\\/fundacioncajaruraldelsur.com\\\/la-situacion-de-la-ganaderia-del-toro-bravo-analizada-en-una-jornada-el-8-de-junio-de-asaja-sevilla-en-colaboracion-con-la-fundacion-caja-rural-del-sur\\\/\"},\"wordCount\":226,\"image\":{\"@id\":\"https:\\\/\\\/fundacioncajaruraldelsur.com\\\/la-situacion-de-la-ganaderia-del-toro-bravo-analizada-en-una-jornada-el-8-de-junio-de-asaja-sevilla-en-colaboracion-con-la-fundacion-caja-rural-del-sur\\\/#primaryimage\"},\"thumbnailUrl\":\"https:\\\/\\\/fundacioncajaruraldelsur.com\\\/wp-content\\\/uploads\\\/2021\\\/05\\\/jornada-ganaderia.jpg\",\"articleSection\":[\"Actos\"],\"inLanguage\":\"pt-PT\"},{\"@type\":\"WebPage\",\"@id\":\"https:\\\/\\\/fundacioncajaruraldelsur.com\\\/la-situacion-de-la-ganaderia-del-toro-bravo-analizada-en-una-jornada-el-8-de-junio-de-asaja-sevilla-en-colaboracion-con-la-fundacion-caja-rural-del-sur\\\/\",\"url\":\"https:\\\/\\\/fundacioncajaruraldelsur.com\\\/la-situacion-de-la-ganaderia-del-toro-bravo-analizada-en-una-jornada-el-8-de-junio-de-asaja-sevilla-en-colaboracion-con-la-fundacion-caja-rural-del-sur\\\/\",\"name\":\"La situaci\u00f3n de la ganader\u00eda del toro bravo, analizada en una jornada el 8 de junio de Asaja Sevilla en colaboraci\u00f3n con la Fundaci\u00f3n Caja Rural del Sur - Fundaci\u00f3n Caja Rural del Sur\",\"isPartOf\":{\"@id\":\"https:\\\/\\\/fundacioncajaruraldelsur.com\\\/#website\"},\"primaryImageOfPage\":{\"@id\":\"https:\\\/\\\/fundacioncajaruraldelsur.com\\\/la-situacion-de-la-ganaderia-del-toro-bravo-analizada-en-una-jornada-el-8-de-junio-de-asaja-sevilla-en-colaboracion-con-la-fundacion-caja-rural-del-sur\\\/#primaryimage\"},\"image\":{\"@id\":\"https:\\\/\\\/fundacioncajaruraldelsur.com\\\/la-situacion-de-la-ganaderia-del-toro-bravo-analizada-en-una-jornada-el-8-de-junio-de-asaja-sevilla-en-colaboracion-con-la-fundacion-caja-rural-del-sur\\\/#primaryimage\"},\"thumbnailUrl\":\"https:\\\/\\\/fundacioncajaruraldelsur.com\\\/wp-content\\\/uploads\\\/2021\\\/05\\\/jornada-ganaderia.jpg\",\"datePublished\":\"2021-05-26T11:11:53+00:00\",\"author\":{\"@id\":\"https:\\\/\\\/fundacioncajaruraldelsur.com\\\/#\\\/schema\\\/person\\\/f430da9fb783d505ff061ad8b3d44577\"},\"breadcrumb\":{\"@id\":\"https:\\\/\\\/fundacioncajaruraldelsur.com\\\/la-situacion-de-la-ganaderia-del-toro-bravo-analizada-en-una-jornada-el-8-de-junio-de-asaja-sevilla-en-colaboracion-con-la-fundacion-caja-rural-del-sur\\\/#breadcrumb\"},\"inLanguage\":\"pt-PT\",\"potentialAction\":[{\"@type\":\"ReadAction\",\"target\":[\"https:\\\/\\\/fundacioncajaruraldelsur.com\\\/la-situacion-de-la-ganaderia-del-toro-bravo-analizada-en-una-jornada-el-8-de-junio-de-asaja-sevilla-en-colaboracion-con-la-fundacion-caja-rural-del-sur\\\/\"]}]},{\"@type\":\"ImageObject\",\"inLanguage\":\"pt-PT\",\"@id\":\"https:\\\/\\\/fundacioncajaruraldelsur.com\\\/la-situacion-de-la-ganaderia-del-toro-bravo-analizada-en-una-jornada-el-8-de-junio-de-asaja-sevilla-en-colaboracion-con-la-fundacion-caja-rural-del-sur\\\/#primaryimage\",\"url\":\"https:\\\/\\\/fundacioncajaruraldelsur.com\\\/wp-content\\\/uploads\\\/2021\\\/05\\\/jornada-ganaderia.jpg\",\"contentUrl\":\"https:\\\/\\\/fundacioncajaruraldelsur.com\\\/wp-content\\\/uploads\\\/2021\\\/05\\\/jornada-ganaderia.jpg\",\"width\":948,\"height\":420},{\"@type\":\"BreadcrumbList\",\"@id\":\"https:\\\/\\\/fundacioncajaruraldelsur.com\\\/la-situacion-de-la-ganaderia-del-toro-bravo-analizada-en-una-jornada-el-8-de-junio-de-asaja-sevilla-en-colaboracion-con-la-fundacion-caja-rural-del-sur\\\/#breadcrumb\",\"itemListElement\":[{\"@type\":\"ListItem\",\"position\":1,\"name\":\"Portada\",\"item\":\"https:\\\/\\\/fundacioncajaruraldelsur.com\\\/\"},{\"@type\":\"ListItem\",\"position\":2,\"name\":\"La situaci\u00f3n de la ganader\u00eda del toro bravo, analizada en una jornada el 8 de junio de Asaja Sevilla en colaboraci\u00f3n con la Fundaci\u00f3n Caja Rural del Sur\"}]},{\"@type\":\"WebSite\",\"@id\":\"https:\\\/\\\/fundacioncajaruraldelsur.com\\\/#website\",\"url\":\"https:\\\/\\\/fundacioncajaruraldelsur.com\\\/\",\"name\":\"Fundaci\u00f3n Caja Rural del Sur\",\"description\":\"\",\"potentialAction\":[{\"@type\":\"SearchAction\",\"target\":{\"@type\":\"EntryPoint\",\"urlTemplate\":\"https:\\\/\\\/fundacioncajaruraldelsur.com\\\/?s={search_term_string}\"},\"query-input\":{\"@type\":\"PropertyValueSpecification\",\"valueRequired\":true,\"valueName\":\"search_term_string\"}}],\"inLanguage\":\"pt-PT\"},{\"@type\":\"Person\",\"@id\":\"https:\\\/\\\/fundacioncajaruraldelsur.com\\\/#\\\/schema\\\/person\\\/f430da9fb783d505ff061ad8b3d44577\",\"name\":\"Comunicaci\u00f3n\",\"image\":{\"@type\":\"ImageObject\",\"inLanguage\":\"pt-PT\",\"@id\":\"https:\\\/\\\/secure.gravatar.com\\\/avatar\\\/0dca239875993680bac4603ad2de7942da018f52cc3a244578e0b3b09314a8d8?s=96&d=blank&r=g\",\"url\":\"https:\\\/\\\/secure.gravatar.com\\\/avatar\\\/0dca239875993680bac4603ad2de7942da018f52cc3a244578e0b3b09314a8d8?s=96&d=blank&r=g\",\"contentUrl\":\"https:\\\/\\\/secure.gravatar.com\\\/avatar\\\/0dca239875993680bac4603ad2de7942da018f52cc3a244578e0b3b09314a8d8?s=96&d=blank&r=g\",\"caption\":\"Comunicaci\u00f3n\"}}]}<\/script>\n<!-- \/ Yoast SEO plugin. -->","yoast_head_json":{"title":"La situaci\u00f3n de la ganader\u00eda del toro bravo, analizada en una jornada el 8 de junio de Asaja Sevilla en colaboraci\u00f3n con la Fundaci\u00f3n Caja Rural del Sur - Fundaci\u00f3n Caja Rural del Sur","robots":{"index":"index","follow":"follow","max-snippet":"max-snippet:-1","max-image-preview":"max-image-preview:large","max-video-preview":"max-video-preview:-1"},"canonical":"https:\/\/fundacioncajaruraldelsur.com\/pt\/la-situacion-de-la-ganaderia-del-toro-bravo-analizada-en-una-jornada-el-8-de-junio-de-asaja-sevilla-en-colaboracion-con-la-fundacion-caja-rural-del-sur\/","og_locale":"pt_PT","og_type":"article","og_title":"La situaci\u00f3n de la ganader\u00eda del toro bravo, analizada en una jornada el 8 de junio de Asaja Sevilla en colaboraci\u00f3n con la Fundaci\u00f3n Caja Rural del Sur - Fundaci\u00f3n Caja Rural del Sur","og_description":"ASAJA-Sevilla en colaboraci\u00f3n con Fundaci\u00f3n Caja Rural del Sur celebrar\u00e1 el 8 de junio una jornada monogr\u00e1fica centrada en el ganado vacuno de lidia en la que se analizar\u00e1 su [&hellip;]","og_url":"https:\/\/fundacioncajaruraldelsur.com\/pt\/la-situacion-de-la-ganaderia-del-toro-bravo-analizada-en-una-jornada-el-8-de-junio-de-asaja-sevilla-en-colaboracion-con-la-fundacion-caja-rural-del-sur\/","og_site_name":"Fundaci\u00f3n Caja Rural del Sur","article_published_time":"2021-05-26T11:11:53+00:00","og_image":[{"width":948,"height":420,"url":"https:\/\/fundacioncajaruraldelsur.com\/wp-content\/uploads\/2021\/05\/jornada-ganaderia.jpg","type":"image\/jpeg"}],"author":"Comunicaci\u00f3n","twitter_card":"summary_large_image","twitter_misc":{"Written by":"Comunicaci\u00f3n","Est. reading time":"1 minute"},"schema":{"@context":"https:\/\/schema.org","@graph":[{"@type":"Article","@id":"https:\/\/fundacioncajaruraldelsur.com\/la-situacion-de-la-ganaderia-del-toro-bravo-analizada-en-una-jornada-el-8-de-junio-de-asaja-sevilla-en-colaboracion-con-la-fundacion-caja-rural-del-sur\/#article","isPartOf":{"@id":"https:\/\/fundacioncajaruraldelsur.com\/la-situacion-de-la-ganaderia-del-toro-bravo-analizada-en-una-jornada-el-8-de-junio-de-asaja-sevilla-en-colaboracion-con-la-fundacion-caja-rural-del-sur\/"},"author":{"name":"Comunicaci\u00f3n","@id":"https:\/\/fundacioncajaruraldelsur.com\/#\/schema\/person\/f430da9fb783d505ff061ad8b3d44577"},"headline":"La situaci\u00f3n de la ganader\u00eda del toro bravo, analizada en una jornada el 8 de junio de Asaja Sevilla en colaboraci\u00f3n con la Fundaci\u00f3n Caja Rural del Sur","datePublished":"2021-05-26T11:11:53+00:00","mainEntityOfPage":{"@id":"https:\/\/fundacioncajaruraldelsur.com\/la-situacion-de-la-ganaderia-del-toro-bravo-analizada-en-una-jornada-el-8-de-junio-de-asaja-sevilla-en-colaboracion-con-la-fundacion-caja-rural-del-sur\/"},"wordCount":226,"image":{"@id":"https:\/\/fundacioncajaruraldelsur.com\/la-situacion-de-la-ganaderia-del-toro-bravo-analizada-en-una-jornada-el-8-de-junio-de-asaja-sevilla-en-colaboracion-con-la-fundacion-caja-rural-del-sur\/#primaryimage"},"thumbnailUrl":"https:\/\/fundacioncajaruraldelsur.com\/wp-content\/uploads\/2021\/05\/jornada-ganaderia.jpg","articleSection":["Actos"],"inLanguage":"pt-PT"},{"@type":"WebPage","@id":"https:\/\/fundacioncajaruraldelsur.com\/la-situacion-de-la-ganaderia-del-toro-bravo-analizada-en-una-jornada-el-8-de-junio-de-asaja-sevilla-en-colaboracion-con-la-fundacion-caja-rural-del-sur\/","url":"https:\/\/fundacioncajaruraldelsur.com\/la-situacion-de-la-ganaderia-del-toro-bravo-analizada-en-una-jornada-el-8-de-junio-de-asaja-sevilla-en-colaboracion-con-la-fundacion-caja-rural-del-sur\/","name":"La situaci\u00f3n de la ganader\u00eda del toro bravo, analizada en una jornada el 8 de junio de Asaja Sevilla en colaboraci\u00f3n con la Fundaci\u00f3n Caja Rural del Sur - Fundaci\u00f3n Caja Rural del Sur","isPartOf":{"@id":"https:\/\/fundacioncajaruraldelsur.com\/#website"},"primaryImageOfPage":{"@id":"https:\/\/fundacioncajaruraldelsur.com\/la-situacion-de-la-ganaderia-del-toro-bravo-analizada-en-una-jornada-el-8-de-junio-de-asaja-sevilla-en-colaboracion-con-la-fundacion-caja-rural-del-sur\/#primaryimage"},"image":{"@id":"https:\/\/fundacioncajaruraldelsur.com\/la-situacion-de-la-ganaderia-del-toro-bravo-analizada-en-una-jornada-el-8-de-junio-de-asaja-sevilla-en-colaboracion-con-la-fundacion-caja-rural-del-sur\/#primaryimage"},"thumbnailUrl":"https:\/\/fundacioncajaruraldelsur.com\/wp-content\/uploads\/2021\/05\/jornada-ganaderia.jpg","datePublished":"2021-05-26T11:11:53+00:00","author":{"@id":"https:\/\/fundacioncajaruraldelsur.com\/#\/schema\/person\/f430da9fb783d505ff061ad8b3d44577"},"breadcrumb":{"@id":"https:\/\/fundacioncajaruraldelsur.com\/la-situacion-de-la-ganaderia-del-toro-bravo-analizada-en-una-jornada-el-8-de-junio-de-asaja-sevilla-en-colaboracion-con-la-fundacion-caja-rural-del-sur\/#breadcrumb"},"inLanguage":"pt-PT","potentialAction":[{"@type":"ReadAction","target":["https:\/\/fundacioncajaruraldelsur.com\/la-situacion-de-la-ganaderia-del-toro-bravo-analizada-en-una-jornada-el-8-de-junio-de-asaja-sevilla-en-colaboracion-con-la-fundacion-caja-rural-del-sur\/"]}]},{"@type":"ImageObject","inLanguage":"pt-PT","@id":"https:\/\/fundacioncajaruraldelsur.com\/la-situacion-de-la-ganaderia-del-toro-bravo-analizada-en-una-jornada-el-8-de-junio-de-asaja-sevilla-en-colaboracion-con-la-fundacion-caja-rural-del-sur\/#primaryimage","url":"https:\/\/fundacioncajaruraldelsur.com\/wp-content\/uploads\/2021\/05\/jornada-ganaderia.jpg","contentUrl":"https:\/\/fundacioncajaruraldelsur.com\/wp-content\/uploads\/2021\/05\/jornada-ganaderia.jpg","width":948,"height":420},{"@type":"BreadcrumbList","@id":"https:\/\/fundacioncajaruraldelsur.com\/la-situacion-de-la-ganaderia-del-toro-bravo-analizada-en-una-jornada-el-8-de-junio-de-asaja-sevilla-en-colaboracion-con-la-fundacion-caja-rural-del-sur\/#breadcrumb","itemListElement":[{"@type":"ListItem","position":1,"name":"Portada","item":"https:\/\/fundacioncajaruraldelsur.com\/"},{"@type":"ListItem","position":2,"name":"La situaci\u00f3n de la ganader\u00eda del toro bravo, analizada en una jornada el 8 de junio de Asaja Sevilla en colaboraci\u00f3n con la Fundaci\u00f3n Caja Rural del Sur"}]},{"@type":"WebSite","@id":"https:\/\/fundacioncajaruraldelsur.com\/#website","url":"https:\/\/fundacioncajaruraldelsur.com\/","name":"Funda\u00e7\u00e3o Caja Rural del Sur","description":"","potentialAction":[{"@type":"SearchAction","target":{"@type":"EntryPoint","urlTemplate":"https:\/\/fundacioncajaruraldelsur.com\/?s={search_term_string}"},"query-input":{"@type":"PropertyValueSpecification","valueRequired":true,"valueName":"search_term_string"}}],"inLanguage":"pt-PT"},{"@type":"Person","@id":"https:\/\/fundacioncajaruraldelsur.com\/#\/schema\/person\/f430da9fb783d505ff061ad8b3d44577","name":"Comunicaci\u00f3n","image":{"@type":"ImageObject","inLanguage":"pt-PT","@id":"https:\/\/secure.gravatar.com\/avatar\/0dca239875993680bac4603ad2de7942da018f52cc3a244578e0b3b09314a8d8?s=96&d=blank&r=g","url":"https:\/\/secure.gravatar.com\/avatar\/0dca239875993680bac4603ad2de7942da018f52cc3a244578e0b3b09314a8d8?s=96&d=blank&r=g","contentUrl":"https:\/\/secure.gravatar.com\/avatar\/0dca239875993680bac4603ad2de7942da018f52cc3a244578e0b3b09314a8d8?s=96&d=blank&r=g","caption":"Comunicaci\u00f3n"}}]}},"rttpg_featured_image_url":{"full":["https:\/\/fundacioncajaruraldelsur.com\/wp-content\/uploads\/2021\/05\/jornada-ganaderia.jpg",948,420,false],"landscape":["https:\/\/fundacioncajaruraldelsur.com\/wp-content\/uploads\/2021\/05\/jornada-ganaderia.jpg",948,420,false],"portraits":["https:\/\/fundacioncajaruraldelsur.com\/wp-content\/uploads\/2021\/05\/jornada-ganaderia.jpg",948,420,false],"thumbnail":["https:\/\/fundacioncajaruraldelsur.com\/wp-content\/uploads\/2021\/05\/jornada-ganaderia-150x150.jpg",150,150,true],"medium":["https:\/\/fundacioncajaruraldelsur.com\/wp-content\/uploads\/2021\/05\/jornada-ganaderia-300x133.jpg",300,133,true],"large":["https:\/\/fundacioncajaruraldelsur.com\/wp-content\/uploads\/2021\/05\/jornada-ganaderia.jpg",948,420,false],"1536x1536":["https:\/\/fundacioncajaruraldelsur.com\/wp-content\/uploads\/2021\/05\/jornada-ganaderia.jpg",948,420,false],"2048x2048":["https:\/\/fundacioncajaruraldelsur.com\/wp-content\/uploads\/2021\/05\/jornada-ganaderia.jpg",948,420,false],"trp-custom-language-flag":["https:\/\/fundacioncajaruraldelsur.com\/wp-content\/uploads\/2021\/05\/jornada-ganaderia.jpg",18,8,false],"blog-thumbnail":["https:\/\/fundacioncajaruraldelsur.com\/wp-content\/uploads\/2021\/05\/jornada-ganaderia-400x200.jpg",400,200,true]},"rttpg_author":{"display_name":"Comunicaci\u00f3n","author_link":"https:\/\/fundacioncajaruraldelsur.com\/pt\/author\/sevillaadmin\/"},"rttpg_comment":0,"rttpg_category":"<a href=\"https:\/\/fundacioncajaruraldelsur.com\/pt\/category\/actos\/\" rel=\"category tag\">Actos<\/a>","rttpg_excerpt":"ASAJA-Sevilla en colaboraci\u00f3n con Fundaci\u00f3n Caja Rural del Sur celebrar\u00e1 el 8 de junio una jornada monogr\u00e1fica centrada en el ganado vacuno de lidia en la que se analizar\u00e1 su [&hellip;]","_links":{"self":[{"href":"https:\/\/fundacioncajaruraldelsur.com\/pt\/wp-json\/wp\/v2\/posts\/6406","targetHints":{"allow":["GET"]}}],"collection":[{"href":"https:\/\/fundacioncajaruraldelsur.com\/pt\/wp-json\/wp\/v2\/posts"}],"about":[{"href":"https:\/\/fundacioncajaruraldelsur.com\/pt\/wp-json\/wp\/v2\/types\/post"}],"author":[{"embeddable":true,"href":"https:\/\/fundacioncajaruraldelsur.com\/pt\/wp-json\/wp\/v2\/users\/6"}],"replies":[{"embeddable":true,"href":"https:\/\/fundacioncajaruraldelsur.com\/pt\/wp-json\/wp\/v2\/comments?post=6406"}],"version-history":[{"count":1,"href":"https:\/\/fundacioncajaruraldelsur.com\/pt\/wp-json\/wp\/v2\/posts\/6406\/revisions"}],"predecessor-version":[{"id":6409,"href":"https:\/\/fundacioncajaruraldelsur.com\/pt\/wp-json\/wp\/v2\/posts\/6406\/revisions\/6409"}],"wp:featuredmedia":[{"embeddable":true,"href":"https:\/\/fundacioncajaruraldelsur.com\/pt\/wp-json\/wp\/v2\/media\/6407"}],"wp:attachment":[{"href":"https:\/\/fundacioncajaruraldelsur.com\/pt\/wp-json\/wp\/v2\/media?parent=6406"}],"wp:term":[{"taxonomy":"category","embeddable":true,"href":"https:\/\/fundacioncajaruraldelsur.com\/pt\/wp-json\/wp\/v2\/categories?post=6406"},{"taxonomy":"post_tag","embeddable":true,"href":"https:\/\/fundacioncajaruraldelsur.com\/pt\/wp-json\/wp\/v2\/tags?post=6406"}],"curies":[{"name":"wp","href":"https:\/\/api.w.org\/{rel}","templated":true}]}}