{"id":6400,"date":"2021-05-24T13:28:00","date_gmt":"2021-05-24T11:28:00","guid":{"rendered":"\/?p=6400"},"modified":"2021-05-24T13:31:08","modified_gmt":"2021-05-24T11:31:08","slug":"mesa-redonda-de-la-exposicion-donde-hay-arte-hay-corazon-de-victor-pulido-en-la-fundacion-caja-rural-del-sur-en-huelva","status":"publish","type":"post","link":"https:\/\/fundacioncajaruraldelsur.com\/pt\/mesa-redonda-de-la-exposicion-donde-hay-arte-hay-corazon-de-victor-pulido-en-la-fundacion-caja-rural-del-sur-en-huelva\/","title":{"rendered":"Mesa redonda de la exposici\u00f3n \u00abDonde hay arte, hay coraz\u00f3n\u00bb de V\u00edctor Pulido en la Fundaci\u00f3n Caja Rural del Sur en Huelva"},"content":{"rendered":"<p>El pr\u00f3ximo d\u00eda 26 de mayo a las 19:00 horas tendr\u00e1 lugar en el sal\u00f3n de actos de la Fundaci\u00f3n Caja Rural del Sur en Huelva, una mesa redonda dentro de las actividades de la exposici\u00f3n <strong>\u201c DONDE HAY ARTE, HAY CORAZ\u00d3N\u201d<\/strong> de V\u00edctor Pulido, que se expone en este mismo centro cultural.<\/p>\n<p>El acto ser\u00e1 presentado por el director de la Fundaci\u00f3n, Emilio Ponce e intervendr\u00e1n Magdalena Haurie, directora de la Galeria Haurie, Jos\u00e9 Luis Cano, Gerente de Clorofila Digital y Jes\u00fas Velasco, doctor en Historia del Arte. La entrada ser\u00e1 libre hasta completar aforo seg\u00fan normativa COVID 19.<\/p>\n<p><a href=\"\/wp-content\/uploads\/2021\/05\/WhatsApp-Image-2021-05-24-at-13.22.57-1.jpeg\" rel=\"lightbox-0\"><img loading=\"lazy\" decoding=\"async\" class=\"wp-image-6401 size-large aligncenter\" src=\"\/wp-content\/uploads\/2021\/05\/WhatsApp-Image-2021-05-24-at-13.22.57-1-615x1024.jpeg\" alt=\"\" width=\"615\" height=\"1024\" srcset=\"https:\/\/fundacioncajaruraldelsur.com\/wp-content\/uploads\/2021\/05\/WhatsApp-Image-2021-05-24-at-13.22.57-1-615x1024.jpeg 615w, https:\/\/fundacioncajaruraldelsur.com\/wp-content\/uploads\/2021\/05\/WhatsApp-Image-2021-05-24-at-13.22.57-1-180x300.jpeg 180w, https:\/\/fundacioncajaruraldelsur.com\/wp-content\/uploads\/2021\/05\/WhatsApp-Image-2021-05-24-at-13.22.57-1-768x1280.jpeg 768w, https:\/\/fundacioncajaruraldelsur.com\/wp-content\/uploads\/2021\/05\/WhatsApp-Image-2021-05-24-at-13.22.57-1-922x1536.jpeg 922w, https:\/\/fundacioncajaruraldelsur.com\/wp-content\/uploads\/2021\/05\/WhatsApp-Image-2021-05-24-at-13.22.57-1.jpeg 1229w\" sizes=\"auto, (max-width: 615px) 100vw, 615px\" \/><\/a><\/p>\n<h3>EL ARTISTA<\/h3>\n<p><strong>V\u00edctor Pulido<\/strong>\u00a0nace en Huelva el 16 de Mayo de 1968, cursa estudios de Bellas Artes en la Facultad Santa Isabel de Hungr\u00eda de Sevilla, licenci\u00e1ndose en Pintura y Escultura.\u00a0Su labor se centra en estas dos \u00faltimas tendencias, trabajando igualmente el grabado y el dise\u00f1o gr\u00e1fico; forma parte del Departamento de Dise\u00f1o de la Diputaci\u00f3n de Huelva desde 1997.<\/p>\n<p>El dibujo es su gran pasi\u00f3n e hilo conductor de su trabajo.\u00a0Parte de su obra versa sobre la naturaleza, destacando series dedicadas al estudio del agua y al mundo de los insectos. Actualmente trabaja sobre el Hombre y la realidad social.<\/p>\n<p>Ha realizado exposiciones individuales en Huelva, Sevilla, C\u00e1diz, Almer\u00eda, Cuenca, Cambados, Madrid, Lisboa, Paris, Bruselas, Estrasburgo, Chicago\u2026 y ha obtenido premios como el Penagos de Dibujo y otros muchos provinciales y nacionales de carteles, dibujo, pintura y escultura.<\/p>","protected":false},"excerpt":{"rendered":"<p>El pr\u00f3ximo d\u00eda 26 de mayo a las 19:00 horas tendr\u00e1 lugar en el sal\u00f3n de actos de la Fundaci\u00f3n Caja Rural del Sur en Huelva, una mesa redonda dentro [&hellip;]<\/p>\n","protected":false},"author":6,"featured_media":6403,"comment_status":"closed","ping_status":"closed","sticky":false,"template":"","format":"standard","meta":{"footnotes":""},"categories":[82],"tags":[],"class_list":["post-6400","post","type-post","status-publish","format-standard","has-post-thumbnail","hentry","category-exposiciones"],"yoast_head":"<!-- This site is optimized with the Yoast SEO plugin v27.3 - https:\/\/yoast.com\/product\/yoast-seo-wordpress\/ -->\n<title>Mesa redonda de la exposici\u00f3n &quot;Donde hay arte, hay coraz\u00f3n&quot; de V\u00edctor Pulido en la Fundaci\u00f3n Caja Rural del Sur en Huelva - Fundaci\u00f3n Caja Rural del Sur<\/title>\n<meta name=\"robots\" content=\"index, follow, max-snippet:-1, max-image-preview:large, max-video-preview:-1\" \/>\n<link rel=\"canonical\" href=\"https:\/\/fundacioncajaruraldelsur.com\/pt\/mesa-redonda-de-la-exposicion-donde-hay-arte-hay-corazon-de-victor-pulido-en-la-fundacion-caja-rural-del-sur-en-huelva\/\" \/>\n<meta property=\"og:locale\" content=\"pt_PT\" \/>\n<meta property=\"og:type\" content=\"article\" \/>\n<meta property=\"og:title\" content=\"Mesa redonda de la exposici\u00f3n &quot;Donde hay arte, hay coraz\u00f3n&quot; de V\u00edctor Pulido en la Fundaci\u00f3n Caja Rural del Sur en Huelva - Fundaci\u00f3n Caja Rural del Sur\" \/>\n<meta property=\"og:description\" content=\"El pr\u00f3ximo d\u00eda 26 de mayo a las 19:00 horas tendr\u00e1 lugar en el sal\u00f3n de actos de la Fundaci\u00f3n Caja Rural del Sur en Huelva, una mesa redonda dentro [&hellip;]\" \/>\n<meta property=\"og:url\" content=\"https:\/\/fundacioncajaruraldelsur.com\/pt\/mesa-redonda-de-la-exposicion-donde-hay-arte-hay-corazon-de-victor-pulido-en-la-fundacion-caja-rural-del-sur-en-huelva\/\" \/>\n<meta property=\"og:site_name\" content=\"Fundaci\u00f3n Caja Rural del Sur\" \/>\n<meta property=\"article:published_time\" content=\"2021-05-24T11:28:00+00:00\" \/>\n<meta property=\"article:modified_time\" content=\"2021-05-24T11:31:08+00:00\" \/>\n<meta property=\"og:image\" content=\"https:\/\/fundacioncajaruraldelsur.com\/wp-content\/uploads\/2021\/05\/pulido.jpg\" \/>\n\t<meta property=\"og:image:width\" content=\"736\" \/>\n\t<meta property=\"og:image:height\" content=\"417\" \/>\n\t<meta property=\"og:image:type\" content=\"image\/jpeg\" \/>\n<meta name=\"author\" content=\"Comunicaci\u00f3n\" \/>\n<meta name=\"twitter:card\" content=\"summary_large_image\" \/>\n<meta name=\"twitter:label1\" content=\"Written by\" \/>\n\t<meta name=\"twitter:data1\" content=\"Comunicaci\u00f3n\" \/>\n\t<meta name=\"twitter:label2\" content=\"Est. reading time\" \/>\n\t<meta name=\"twitter:data2\" content=\"1 minute\" \/>\n<script type=\"application\/ld+json\" class=\"yoast-schema-graph\">{\"@context\":\"https:\\\/\\\/schema.org\",\"@graph\":[{\"@type\":\"Article\",\"@id\":\"https:\\\/\\\/fundacioncajaruraldelsur.com\\\/mesa-redonda-de-la-exposicion-donde-hay-arte-hay-corazon-de-victor-pulido-en-la-fundacion-caja-rural-del-sur-en-huelva\\\/#article\",\"isPartOf\":{\"@id\":\"https:\\\/\\\/fundacioncajaruraldelsur.com\\\/mesa-redonda-de-la-exposicion-donde-hay-arte-hay-corazon-de-victor-pulido-en-la-fundacion-caja-rural-del-sur-en-huelva\\\/\"},\"author\":{\"name\":\"Comunicaci\u00f3n\",\"@id\":\"https:\\\/\\\/fundacioncajaruraldelsur.com\\\/#\\\/schema\\\/person\\\/f430da9fb783d505ff061ad8b3d44577\"},\"headline\":\"Mesa redonda de la exposici\u00f3n \u00abDonde hay arte, hay coraz\u00f3n\u00bb de V\u00edctor Pulido en la Fundaci\u00f3n Caja Rural del Sur en Huelva\",\"datePublished\":\"2021-05-24T11:28:00+00:00\",\"dateModified\":\"2021-05-24T11:31:08+00:00\",\"mainEntityOfPage\":{\"@id\":\"https:\\\/\\\/fundacioncajaruraldelsur.com\\\/mesa-redonda-de-la-exposicion-donde-hay-arte-hay-corazon-de-victor-pulido-en-la-fundacion-caja-rural-del-sur-en-huelva\\\/\"},\"wordCount\":282,\"image\":{\"@id\":\"https:\\\/\\\/fundacioncajaruraldelsur.com\\\/mesa-redonda-de-la-exposicion-donde-hay-arte-hay-corazon-de-victor-pulido-en-la-fundacion-caja-rural-del-sur-en-huelva\\\/#primaryimage\"},\"thumbnailUrl\":\"https:\\\/\\\/fundacioncajaruraldelsur.com\\\/wp-content\\\/uploads\\\/2021\\\/05\\\/pulido.jpg\",\"articleSection\":[\"Exposiciones\"],\"inLanguage\":\"pt-PT\"},{\"@type\":\"WebPage\",\"@id\":\"https:\\\/\\\/fundacioncajaruraldelsur.com\\\/mesa-redonda-de-la-exposicion-donde-hay-arte-hay-corazon-de-victor-pulido-en-la-fundacion-caja-rural-del-sur-en-huelva\\\/\",\"url\":\"https:\\\/\\\/fundacioncajaruraldelsur.com\\\/mesa-redonda-de-la-exposicion-donde-hay-arte-hay-corazon-de-victor-pulido-en-la-fundacion-caja-rural-del-sur-en-huelva\\\/\",\"name\":\"Mesa redonda de la exposici\u00f3n \\\"Donde hay arte, hay coraz\u00f3n\\\" de V\u00edctor Pulido en la Fundaci\u00f3n Caja Rural del Sur en Huelva - Fundaci\u00f3n Caja Rural del Sur\",\"isPartOf\":{\"@id\":\"https:\\\/\\\/fundacioncajaruraldelsur.com\\\/#website\"},\"primaryImageOfPage\":{\"@id\":\"https:\\\/\\\/fundacioncajaruraldelsur.com\\\/mesa-redonda-de-la-exposicion-donde-hay-arte-hay-corazon-de-victor-pulido-en-la-fundacion-caja-rural-del-sur-en-huelva\\\/#primaryimage\"},\"image\":{\"@id\":\"https:\\\/\\\/fundacioncajaruraldelsur.com\\\/mesa-redonda-de-la-exposicion-donde-hay-arte-hay-corazon-de-victor-pulido-en-la-fundacion-caja-rural-del-sur-en-huelva\\\/#primaryimage\"},\"thumbnailUrl\":\"https:\\\/\\\/fundacioncajaruraldelsur.com\\\/wp-content\\\/uploads\\\/2021\\\/05\\\/pulido.jpg\",\"datePublished\":\"2021-05-24T11:28:00+00:00\",\"dateModified\":\"2021-05-24T11:31:08+00:00\",\"author\":{\"@id\":\"https:\\\/\\\/fundacioncajaruraldelsur.com\\\/#\\\/schema\\\/person\\\/f430da9fb783d505ff061ad8b3d44577\"},\"breadcrumb\":{\"@id\":\"https:\\\/\\\/fundacioncajaruraldelsur.com\\\/mesa-redonda-de-la-exposicion-donde-hay-arte-hay-corazon-de-victor-pulido-en-la-fundacion-caja-rural-del-sur-en-huelva\\\/#breadcrumb\"},\"inLanguage\":\"pt-PT\",\"potentialAction\":[{\"@type\":\"ReadAction\",\"target\":[\"https:\\\/\\\/fundacioncajaruraldelsur.com\\\/mesa-redonda-de-la-exposicion-donde-hay-arte-hay-corazon-de-victor-pulido-en-la-fundacion-caja-rural-del-sur-en-huelva\\\/\"]}]},{\"@type\":\"ImageObject\",\"inLanguage\":\"pt-PT\",\"@id\":\"https:\\\/\\\/fundacioncajaruraldelsur.com\\\/mesa-redonda-de-la-exposicion-donde-hay-arte-hay-corazon-de-victor-pulido-en-la-fundacion-caja-rural-del-sur-en-huelva\\\/#primaryimage\",\"url\":\"https:\\\/\\\/fundacioncajaruraldelsur.com\\\/wp-content\\\/uploads\\\/2021\\\/05\\\/pulido.jpg\",\"contentUrl\":\"https:\\\/\\\/fundacioncajaruraldelsur.com\\\/wp-content\\\/uploads\\\/2021\\\/05\\\/pulido.jpg\",\"width\":736,\"height\":417},{\"@type\":\"BreadcrumbList\",\"@id\":\"https:\\\/\\\/fundacioncajaruraldelsur.com\\\/mesa-redonda-de-la-exposicion-donde-hay-arte-hay-corazon-de-victor-pulido-en-la-fundacion-caja-rural-del-sur-en-huelva\\\/#breadcrumb\",\"itemListElement\":[{\"@type\":\"ListItem\",\"position\":1,\"name\":\"Portada\",\"item\":\"https:\\\/\\\/fundacioncajaruraldelsur.com\\\/\"},{\"@type\":\"ListItem\",\"position\":2,\"name\":\"Mesa redonda de la exposici\u00f3n \u00abDonde hay arte, hay coraz\u00f3n\u00bb de V\u00edctor Pulido en la Fundaci\u00f3n Caja Rural del Sur en Huelva\"}]},{\"@type\":\"WebSite\",\"@id\":\"https:\\\/\\\/fundacioncajaruraldelsur.com\\\/#website\",\"url\":\"https:\\\/\\\/fundacioncajaruraldelsur.com\\\/\",\"name\":\"Fundaci\u00f3n Caja Rural del Sur\",\"description\":\"\",\"potentialAction\":[{\"@type\":\"SearchAction\",\"target\":{\"@type\":\"EntryPoint\",\"urlTemplate\":\"https:\\\/\\\/fundacioncajaruraldelsur.com\\\/?s={search_term_string}\"},\"query-input\":{\"@type\":\"PropertyValueSpecification\",\"valueRequired\":true,\"valueName\":\"search_term_string\"}}],\"inLanguage\":\"pt-PT\"},{\"@type\":\"Person\",\"@id\":\"https:\\\/\\\/fundacioncajaruraldelsur.com\\\/#\\\/schema\\\/person\\\/f430da9fb783d505ff061ad8b3d44577\",\"name\":\"Comunicaci\u00f3n\",\"image\":{\"@type\":\"ImageObject\",\"inLanguage\":\"pt-PT\",\"@id\":\"https:\\\/\\\/secure.gravatar.com\\\/avatar\\\/0dca239875993680bac4603ad2de7942da018f52cc3a244578e0b3b09314a8d8?s=96&d=blank&r=g\",\"url\":\"https:\\\/\\\/secure.gravatar.com\\\/avatar\\\/0dca239875993680bac4603ad2de7942da018f52cc3a244578e0b3b09314a8d8?s=96&d=blank&r=g\",\"contentUrl\":\"https:\\\/\\\/secure.gravatar.com\\\/avatar\\\/0dca239875993680bac4603ad2de7942da018f52cc3a244578e0b3b09314a8d8?s=96&d=blank&r=g\",\"caption\":\"Comunicaci\u00f3n\"}}]}<\/script>\n<!-- \/ Yoast SEO plugin. -->","yoast_head_json":{"title":"Mesa redonda de la exposici\u00f3n \"Donde hay arte, hay coraz\u00f3n\" de V\u00edctor Pulido en la Fundaci\u00f3n Caja Rural del Sur en Huelva - Fundaci\u00f3n Caja Rural del Sur","robots":{"index":"index","follow":"follow","max-snippet":"max-snippet:-1","max-image-preview":"max-image-preview:large","max-video-preview":"max-video-preview:-1"},"canonical":"https:\/\/fundacioncajaruraldelsur.com\/pt\/mesa-redonda-de-la-exposicion-donde-hay-arte-hay-corazon-de-victor-pulido-en-la-fundacion-caja-rural-del-sur-en-huelva\/","og_locale":"pt_PT","og_type":"article","og_title":"Mesa redonda de la exposici\u00f3n \"Donde hay arte, hay coraz\u00f3n\" de V\u00edctor Pulido en la Fundaci\u00f3n Caja Rural del Sur en Huelva - Fundaci\u00f3n Caja Rural del Sur","og_description":"El pr\u00f3ximo d\u00eda 26 de mayo a las 19:00 horas tendr\u00e1 lugar en el sal\u00f3n de actos de la Fundaci\u00f3n Caja Rural del Sur en Huelva, una mesa redonda dentro [&hellip;]","og_url":"https:\/\/fundacioncajaruraldelsur.com\/pt\/mesa-redonda-de-la-exposicion-donde-hay-arte-hay-corazon-de-victor-pulido-en-la-fundacion-caja-rural-del-sur-en-huelva\/","og_site_name":"Fundaci\u00f3n Caja Rural del Sur","article_published_time":"2021-05-24T11:28:00+00:00","article_modified_time":"2021-05-24T11:31:08+00:00","og_image":[{"width":736,"height":417,"url":"https:\/\/fundacioncajaruraldelsur.com\/wp-content\/uploads\/2021\/05\/pulido.jpg","type":"image\/jpeg"}],"author":"Comunicaci\u00f3n","twitter_card":"summary_large_image","twitter_misc":{"Written by":"Comunicaci\u00f3n","Est. reading time":"1 minute"},"schema":{"@context":"https:\/\/schema.org","@graph":[{"@type":"Article","@id":"https:\/\/fundacioncajaruraldelsur.com\/mesa-redonda-de-la-exposicion-donde-hay-arte-hay-corazon-de-victor-pulido-en-la-fundacion-caja-rural-del-sur-en-huelva\/#article","isPartOf":{"@id":"https:\/\/fundacioncajaruraldelsur.com\/mesa-redonda-de-la-exposicion-donde-hay-arte-hay-corazon-de-victor-pulido-en-la-fundacion-caja-rural-del-sur-en-huelva\/"},"author":{"name":"Comunicaci\u00f3n","@id":"https:\/\/fundacioncajaruraldelsur.com\/#\/schema\/person\/f430da9fb783d505ff061ad8b3d44577"},"headline":"Mesa redonda de la exposici\u00f3n \u00abDonde hay arte, hay coraz\u00f3n\u00bb de V\u00edctor Pulido en la Fundaci\u00f3n Caja Rural del Sur en Huelva","datePublished":"2021-05-24T11:28:00+00:00","dateModified":"2021-05-24T11:31:08+00:00","mainEntityOfPage":{"@id":"https:\/\/fundacioncajaruraldelsur.com\/mesa-redonda-de-la-exposicion-donde-hay-arte-hay-corazon-de-victor-pulido-en-la-fundacion-caja-rural-del-sur-en-huelva\/"},"wordCount":282,"image":{"@id":"https:\/\/fundacioncajaruraldelsur.com\/mesa-redonda-de-la-exposicion-donde-hay-arte-hay-corazon-de-victor-pulido-en-la-fundacion-caja-rural-del-sur-en-huelva\/#primaryimage"},"thumbnailUrl":"https:\/\/fundacioncajaruraldelsur.com\/wp-content\/uploads\/2021\/05\/pulido.jpg","articleSection":["Exposiciones"],"inLanguage":"pt-PT"},{"@type":"WebPage","@id":"https:\/\/fundacioncajaruraldelsur.com\/mesa-redonda-de-la-exposicion-donde-hay-arte-hay-corazon-de-victor-pulido-en-la-fundacion-caja-rural-del-sur-en-huelva\/","url":"https:\/\/fundacioncajaruraldelsur.com\/mesa-redonda-de-la-exposicion-donde-hay-arte-hay-corazon-de-victor-pulido-en-la-fundacion-caja-rural-del-sur-en-huelva\/","name":"Mesa redonda de la exposici\u00f3n \"Donde hay arte, hay coraz\u00f3n\" de V\u00edctor Pulido en la Fundaci\u00f3n Caja Rural del Sur en Huelva - Fundaci\u00f3n Caja Rural del Sur","isPartOf":{"@id":"https:\/\/fundacioncajaruraldelsur.com\/#website"},"primaryImageOfPage":{"@id":"https:\/\/fundacioncajaruraldelsur.com\/mesa-redonda-de-la-exposicion-donde-hay-arte-hay-corazon-de-victor-pulido-en-la-fundacion-caja-rural-del-sur-en-huelva\/#primaryimage"},"image":{"@id":"https:\/\/fundacioncajaruraldelsur.com\/mesa-redonda-de-la-exposicion-donde-hay-arte-hay-corazon-de-victor-pulido-en-la-fundacion-caja-rural-del-sur-en-huelva\/#primaryimage"},"thumbnailUrl":"https:\/\/fundacioncajaruraldelsur.com\/wp-content\/uploads\/2021\/05\/pulido.jpg","datePublished":"2021-05-24T11:28:00+00:00","dateModified":"2021-05-24T11:31:08+00:00","author":{"@id":"https:\/\/fundacioncajaruraldelsur.com\/#\/schema\/person\/f430da9fb783d505ff061ad8b3d44577"},"breadcrumb":{"@id":"https:\/\/fundacioncajaruraldelsur.com\/mesa-redonda-de-la-exposicion-donde-hay-arte-hay-corazon-de-victor-pulido-en-la-fundacion-caja-rural-del-sur-en-huelva\/#breadcrumb"},"inLanguage":"pt-PT","potentialAction":[{"@type":"ReadAction","target":["https:\/\/fundacioncajaruraldelsur.com\/mesa-redonda-de-la-exposicion-donde-hay-arte-hay-corazon-de-victor-pulido-en-la-fundacion-caja-rural-del-sur-en-huelva\/"]}]},{"@type":"ImageObject","inLanguage":"pt-PT","@id":"https:\/\/fundacioncajaruraldelsur.com\/mesa-redonda-de-la-exposicion-donde-hay-arte-hay-corazon-de-victor-pulido-en-la-fundacion-caja-rural-del-sur-en-huelva\/#primaryimage","url":"https:\/\/fundacioncajaruraldelsur.com\/wp-content\/uploads\/2021\/05\/pulido.jpg","contentUrl":"https:\/\/fundacioncajaruraldelsur.com\/wp-content\/uploads\/2021\/05\/pulido.jpg","width":736,"height":417},{"@type":"BreadcrumbList","@id":"https:\/\/fundacioncajaruraldelsur.com\/mesa-redonda-de-la-exposicion-donde-hay-arte-hay-corazon-de-victor-pulido-en-la-fundacion-caja-rural-del-sur-en-huelva\/#breadcrumb","itemListElement":[{"@type":"ListItem","position":1,"name":"Portada","item":"https:\/\/fundacioncajaruraldelsur.com\/"},{"@type":"ListItem","position":2,"name":"Mesa redonda de la exposici\u00f3n \u00abDonde hay arte, hay coraz\u00f3n\u00bb de V\u00edctor Pulido en la Fundaci\u00f3n Caja Rural del Sur en Huelva"}]},{"@type":"WebSite","@id":"https:\/\/fundacioncajaruraldelsur.com\/#website","url":"https:\/\/fundacioncajaruraldelsur.com\/","name":"Funda\u00e7\u00e3o Caja Rural del Sur","description":"","potentialAction":[{"@type":"SearchAction","target":{"@type":"EntryPoint","urlTemplate":"https:\/\/fundacioncajaruraldelsur.com\/?s={search_term_string}"},"query-input":{"@type":"PropertyValueSpecification","valueRequired":true,"valueName":"search_term_string"}}],"inLanguage":"pt-PT"},{"@type":"Person","@id":"https:\/\/fundacioncajaruraldelsur.com\/#\/schema\/person\/f430da9fb783d505ff061ad8b3d44577","name":"Comunicaci\u00f3n","image":{"@type":"ImageObject","inLanguage":"pt-PT","@id":"https:\/\/secure.gravatar.com\/avatar\/0dca239875993680bac4603ad2de7942da018f52cc3a244578e0b3b09314a8d8?s=96&d=blank&r=g","url":"https:\/\/secure.gravatar.com\/avatar\/0dca239875993680bac4603ad2de7942da018f52cc3a244578e0b3b09314a8d8?s=96&d=blank&r=g","contentUrl":"https:\/\/secure.gravatar.com\/avatar\/0dca239875993680bac4603ad2de7942da018f52cc3a244578e0b3b09314a8d8?s=96&d=blank&r=g","caption":"Comunicaci\u00f3n"}}]}},"rttpg_featured_image_url":{"full":["https:\/\/fundacioncajaruraldelsur.com\/wp-content\/uploads\/2021\/05\/pulido.jpg",736,417,false],"landscape":["https:\/\/fundacioncajaruraldelsur.com\/wp-content\/uploads\/2021\/05\/pulido.jpg",736,417,false],"portraits":["https:\/\/fundacioncajaruraldelsur.com\/wp-content\/uploads\/2021\/05\/pulido.jpg",736,417,false],"thumbnail":["https:\/\/fundacioncajaruraldelsur.com\/wp-content\/uploads\/2021\/05\/pulido-150x150.jpg",150,150,true],"medium":["https:\/\/fundacioncajaruraldelsur.com\/wp-content\/uploads\/2021\/05\/pulido-300x170.jpg",300,170,true],"large":["https:\/\/fundacioncajaruraldelsur.com\/wp-content\/uploads\/2021\/05\/pulido.jpg",736,417,false],"1536x1536":["https:\/\/fundacioncajaruraldelsur.com\/wp-content\/uploads\/2021\/05\/pulido.jpg",736,417,false],"2048x2048":["https:\/\/fundacioncajaruraldelsur.com\/wp-content\/uploads\/2021\/05\/pulido.jpg",736,417,false],"trp-custom-language-flag":["https:\/\/fundacioncajaruraldelsur.com\/wp-content\/uploads\/2021\/05\/pulido.jpg",18,10,false],"blog-thumbnail":["https:\/\/fundacioncajaruraldelsur.com\/wp-content\/uploads\/2021\/05\/pulido-400x200.jpg",400,200,true]},"rttpg_author":{"display_name":"Comunicaci\u00f3n","author_link":"https:\/\/fundacioncajaruraldelsur.com\/pt\/author\/sevillaadmin\/"},"rttpg_comment":0,"rttpg_category":"<a href=\"https:\/\/fundacioncajaruraldelsur.com\/pt\/category\/exposiciones\/\" rel=\"category tag\">Exposiciones<\/a>","rttpg_excerpt":"El pr\u00f3ximo d\u00eda 26 de mayo a las 19:00 horas tendr\u00e1 lugar en el sal\u00f3n de actos de la Fundaci\u00f3n Caja Rural del Sur en Huelva, una mesa redonda dentro [&hellip;]","_links":{"self":[{"href":"https:\/\/fundacioncajaruraldelsur.com\/pt\/wp-json\/wp\/v2\/posts\/6400","targetHints":{"allow":["GET"]}}],"collection":[{"href":"https:\/\/fundacioncajaruraldelsur.com\/pt\/wp-json\/wp\/v2\/posts"}],"about":[{"href":"https:\/\/fundacioncajaruraldelsur.com\/pt\/wp-json\/wp\/v2\/types\/post"}],"author":[{"embeddable":true,"href":"https:\/\/fundacioncajaruraldelsur.com\/pt\/wp-json\/wp\/v2\/users\/6"}],"replies":[{"embeddable":true,"href":"https:\/\/fundacioncajaruraldelsur.com\/pt\/wp-json\/wp\/v2\/comments?post=6400"}],"version-history":[{"count":3,"href":"https:\/\/fundacioncajaruraldelsur.com\/pt\/wp-json\/wp\/v2\/posts\/6400\/revisions"}],"predecessor-version":[{"id":6405,"href":"https:\/\/fundacioncajaruraldelsur.com\/pt\/wp-json\/wp\/v2\/posts\/6400\/revisions\/6405"}],"wp:featuredmedia":[{"embeddable":true,"href":"https:\/\/fundacioncajaruraldelsur.com\/pt\/wp-json\/wp\/v2\/media\/6403"}],"wp:attachment":[{"href":"https:\/\/fundacioncajaruraldelsur.com\/pt\/wp-json\/wp\/v2\/media?parent=6400"}],"wp:term":[{"taxonomy":"category","embeddable":true,"href":"https:\/\/fundacioncajaruraldelsur.com\/pt\/wp-json\/wp\/v2\/categories?post=6400"},{"taxonomy":"post_tag","embeddable":true,"href":"https:\/\/fundacioncajaruraldelsur.com\/pt\/wp-json\/wp\/v2\/tags?post=6400"}],"curies":[{"name":"wp","href":"https:\/\/api.w.org\/{rel}","templated":true}]}}