{"id":6395,"date":"2021-05-21T13:24:37","date_gmt":"2021-05-21T11:24:37","guid":{"rendered":"\/?p=6395"},"modified":"2021-05-21T13:24:37","modified_gmt":"2021-05-21T11:24:37","slug":"la-fundacion-caja-rural-del-sur-renueva-su-apoyo-al-circuito-de-novilladas-de-andalucia","status":"publish","type":"post","link":"https:\/\/fundacioncajaruraldelsur.com\/pt\/la-fundacion-caja-rural-del-sur-renueva-su-apoyo-al-circuito-de-novilladas-de-andalucia\/","title":{"rendered":"La Fundaci\u00f3n Caja Rural del Sur renueva su apoyo al Circuito de Novilladas de Andaluc\u00eda"},"content":{"rendered":"<p>El presidente de la Fundaci\u00f3n Caja Rural del Sur, Jos\u00e9 Luis Garc\u00eda-Palacios \u00c1lvarez, y Victorino Mart\u00edn, presidente de la Fundaci\u00f3n Toro de Lidia, han renovado, por segundo a\u00f1o consecutivo, un acuerdo de colaboraci\u00f3n para el fomento de la tauromaquia a trav\u00e9s de la FTL.<\/p>\n<p>Victorino Mart\u00edn, muy satisfecho ante el impulso y el recorrido que est\u00e1 alcanzando la FTL gracias a la Fundaci\u00f3n Caja Rural del Sur, ha declarado que \u201cgracias al apoyo, la Fundaci\u00f3n ha podido presentar la segunda edici\u00f3n del Circuito de Novilladas de Andaluc\u00eda, un certamen que ha pasado de celebrar 4 a 7 novilladas picadas, que tendr\u00e1 lugar en 7 localidades andaluzas, en el que van a poder lidiar 15 ganader\u00edas de Andaluc\u00eda y van a participar 9 novilleros que luchar\u00e1n por ser el triunfador del certamen\u201d.<\/p>\n<p>En este sentido, el presidente de la Fundaci\u00f3n Caja Rural del Sur, ha querido resaltar que: \u201cEl mundo del toro es un sector estrat\u00e9gico econ\u00f3micamente en Andaluc\u00eda, generando puestos de trabajo y siendo fundamental en la conservaci\u00f3n de un ecosistema tan singular y \u00fanico como es la dehesa. La Fundaci\u00f3n siempre va a apoyar acciones que respalden el desarrollo econ\u00f3mico de nuestra comunidad, en este caso, lo hacemos a trav\u00e9s de la FTL\u201d.<\/p>\n<p>As\u00ed lo han ratificado ambos presidentes que pudieron encontrarse en la presentaci\u00f3n del Circuito de Novilladas de Andaluc\u00eda, celebrado el pasado mi\u00e9rcoles, 21 de mayo, en la Casa Rosa de la Junta de Andaluc\u00eda, y al que tambi\u00e9n acudieron representando a la Fundaci\u00f3n Caja Rural del Sur, Manuel Ruiz Rojas, director financiero de la entidad, y Roc\u00edo Faure, responsable de comunicaci\u00f3n.<\/p>\n<p>El convenio entre ambas instituciones persigue el fomento del mundo del toro en Andaluc\u00eda.<\/p>\n<p><a href=\"\/wp-content\/uploads\/2021\/05\/PHOTO-2021-05-21-12-51-04.jpg\" rel=\"lightbox-0\"><img loading=\"lazy\" decoding=\"async\" class=\"alignnone wp-image-6397 size-full\" src=\"\/wp-content\/uploads\/2021\/05\/PHOTO-2021-05-21-12-51-04.jpg\" alt=\"\" width=\"1600\" height=\"1066\" srcset=\"https:\/\/fundacioncajaruraldelsur.com\/wp-content\/uploads\/2021\/05\/PHOTO-2021-05-21-12-51-04.jpg 1600w, https:\/\/fundacioncajaruraldelsur.com\/wp-content\/uploads\/2021\/05\/PHOTO-2021-05-21-12-51-04-300x200.jpg 300w, https:\/\/fundacioncajaruraldelsur.com\/wp-content\/uploads\/2021\/05\/PHOTO-2021-05-21-12-51-04-1024x682.jpg 1024w, https:\/\/fundacioncajaruraldelsur.com\/wp-content\/uploads\/2021\/05\/PHOTO-2021-05-21-12-51-04-768x512.jpg 768w, https:\/\/fundacioncajaruraldelsur.com\/wp-content\/uploads\/2021\/05\/PHOTO-2021-05-21-12-51-04-1536x1023.jpg 1536w\" sizes=\"auto, (max-width: 1600px) 100vw, 1600px\" \/><\/a><\/p>","protected":false},"excerpt":{"rendered":"<p>El presidente de la Fundaci\u00f3n Caja Rural del Sur, Jos\u00e9 Luis Garc\u00eda-Palacios \u00c1lvarez, y Victorino Mart\u00edn, presidente de la Fundaci\u00f3n Toro de Lidia, han renovado, por segundo a\u00f1o consecutivo, un [&hellip;]<\/p>\n","protected":false},"author":6,"featured_media":6396,"comment_status":"closed","ping_status":"closed","sticky":false,"template":"","format":"standard","meta":{"footnotes":""},"categories":[67],"tags":[],"class_list":["post-6395","post","type-post","status-publish","format-standard","has-post-thumbnail","hentry","category-convenios"],"yoast_head":"<!-- This site is optimized with the Yoast SEO plugin v27.3 - https:\/\/yoast.com\/product\/yoast-seo-wordpress\/ -->\n<title>La Fundaci\u00f3n Caja Rural del Sur renueva su apoyo al Circuito de Novilladas de Andaluc\u00eda - Fundaci\u00f3n Caja Rural del Sur<\/title>\n<meta name=\"robots\" content=\"index, follow, max-snippet:-1, max-image-preview:large, max-video-preview:-1\" \/>\n<link rel=\"canonical\" href=\"https:\/\/fundacioncajaruraldelsur.com\/pt\/la-fundacion-caja-rural-del-sur-renueva-su-apoyo-al-circuito-de-novilladas-de-andalucia\/\" \/>\n<meta property=\"og:locale\" content=\"pt_PT\" \/>\n<meta property=\"og:type\" content=\"article\" \/>\n<meta property=\"og:title\" content=\"La Fundaci\u00f3n Caja Rural del Sur renueva su apoyo al Circuito de Novilladas de Andaluc\u00eda - Fundaci\u00f3n Caja Rural del Sur\" \/>\n<meta property=\"og:description\" content=\"El presidente de la Fundaci\u00f3n Caja Rural del Sur, Jos\u00e9 Luis Garc\u00eda-Palacios \u00c1lvarez, y Victorino Mart\u00edn, presidente de la Fundaci\u00f3n Toro de Lidia, han renovado, por segundo a\u00f1o consecutivo, un [&hellip;]\" \/>\n<meta property=\"og:url\" content=\"https:\/\/fundacioncajaruraldelsur.com\/pt\/la-fundacion-caja-rural-del-sur-renueva-su-apoyo-al-circuito-de-novilladas-de-andalucia\/\" \/>\n<meta property=\"og:site_name\" content=\"Fundaci\u00f3n Caja Rural del Sur\" \/>\n<meta property=\"article:published_time\" content=\"2021-05-21T11:24:37+00:00\" \/>\n<meta property=\"og:image\" content=\"https:\/\/fundacioncajaruraldelsur.com\/wp-content\/uploads\/2021\/05\/PHOTO-2021-05-21-12-51-03.jpg\" \/>\n\t<meta property=\"og:image:width\" content=\"1600\" \/>\n\t<meta property=\"og:image:height\" content=\"1066\" \/>\n\t<meta property=\"og:image:type\" content=\"image\/jpeg\" \/>\n<meta name=\"author\" content=\"Comunicaci\u00f3n\" \/>\n<meta name=\"twitter:card\" content=\"summary_large_image\" \/>\n<meta name=\"twitter:label1\" content=\"Written by\" \/>\n\t<meta name=\"twitter:data1\" content=\"Comunicaci\u00f3n\" \/>\n\t<meta name=\"twitter:label2\" content=\"Est. reading time\" \/>\n\t<meta name=\"twitter:data2\" content=\"2 minutes\" \/>\n<script type=\"application\/ld+json\" class=\"yoast-schema-graph\">{\"@context\":\"https:\\\/\\\/schema.org\",\"@graph\":[{\"@type\":\"Article\",\"@id\":\"https:\\\/\\\/fundacioncajaruraldelsur.com\\\/la-fundacion-caja-rural-del-sur-renueva-su-apoyo-al-circuito-de-novilladas-de-andalucia\\\/#article\",\"isPartOf\":{\"@id\":\"https:\\\/\\\/fundacioncajaruraldelsur.com\\\/la-fundacion-caja-rural-del-sur-renueva-su-apoyo-al-circuito-de-novilladas-de-andalucia\\\/\"},\"author\":{\"name\":\"Comunicaci\u00f3n\",\"@id\":\"https:\\\/\\\/fundacioncajaruraldelsur.com\\\/#\\\/schema\\\/person\\\/f430da9fb783d505ff061ad8b3d44577\"},\"headline\":\"La Fundaci\u00f3n Caja Rural del Sur renueva su apoyo al Circuito de Novilladas de Andaluc\u00eda\",\"datePublished\":\"2021-05-21T11:24:37+00:00\",\"mainEntityOfPage\":{\"@id\":\"https:\\\/\\\/fundacioncajaruraldelsur.com\\\/la-fundacion-caja-rural-del-sur-renueva-su-apoyo-al-circuito-de-novilladas-de-andalucia\\\/\"},\"wordCount\":322,\"image\":{\"@id\":\"https:\\\/\\\/fundacioncajaruraldelsur.com\\\/la-fundacion-caja-rural-del-sur-renueva-su-apoyo-al-circuito-de-novilladas-de-andalucia\\\/#primaryimage\"},\"thumbnailUrl\":\"https:\\\/\\\/fundacioncajaruraldelsur.com\\\/wp-content\\\/uploads\\\/2021\\\/05\\\/PHOTO-2021-05-21-12-51-03.jpg\",\"articleSection\":[\"Convenios\"],\"inLanguage\":\"pt-PT\"},{\"@type\":\"WebPage\",\"@id\":\"https:\\\/\\\/fundacioncajaruraldelsur.com\\\/la-fundacion-caja-rural-del-sur-renueva-su-apoyo-al-circuito-de-novilladas-de-andalucia\\\/\",\"url\":\"https:\\\/\\\/fundacioncajaruraldelsur.com\\\/la-fundacion-caja-rural-del-sur-renueva-su-apoyo-al-circuito-de-novilladas-de-andalucia\\\/\",\"name\":\"La Fundaci\u00f3n Caja Rural del Sur renueva su apoyo al Circuito de Novilladas de Andaluc\u00eda - Fundaci\u00f3n Caja Rural del Sur\",\"isPartOf\":{\"@id\":\"https:\\\/\\\/fundacioncajaruraldelsur.com\\\/#website\"},\"primaryImageOfPage\":{\"@id\":\"https:\\\/\\\/fundacioncajaruraldelsur.com\\\/la-fundacion-caja-rural-del-sur-renueva-su-apoyo-al-circuito-de-novilladas-de-andalucia\\\/#primaryimage\"},\"image\":{\"@id\":\"https:\\\/\\\/fundacioncajaruraldelsur.com\\\/la-fundacion-caja-rural-del-sur-renueva-su-apoyo-al-circuito-de-novilladas-de-andalucia\\\/#primaryimage\"},\"thumbnailUrl\":\"https:\\\/\\\/fundacioncajaruraldelsur.com\\\/wp-content\\\/uploads\\\/2021\\\/05\\\/PHOTO-2021-05-21-12-51-03.jpg\",\"datePublished\":\"2021-05-21T11:24:37+00:00\",\"author\":{\"@id\":\"https:\\\/\\\/fundacioncajaruraldelsur.com\\\/#\\\/schema\\\/person\\\/f430da9fb783d505ff061ad8b3d44577\"},\"breadcrumb\":{\"@id\":\"https:\\\/\\\/fundacioncajaruraldelsur.com\\\/la-fundacion-caja-rural-del-sur-renueva-su-apoyo-al-circuito-de-novilladas-de-andalucia\\\/#breadcrumb\"},\"inLanguage\":\"pt-PT\",\"potentialAction\":[{\"@type\":\"ReadAction\",\"target\":[\"https:\\\/\\\/fundacioncajaruraldelsur.com\\\/la-fundacion-caja-rural-del-sur-renueva-su-apoyo-al-circuito-de-novilladas-de-andalucia\\\/\"]}]},{\"@type\":\"ImageObject\",\"inLanguage\":\"pt-PT\",\"@id\":\"https:\\\/\\\/fundacioncajaruraldelsur.com\\\/la-fundacion-caja-rural-del-sur-renueva-su-apoyo-al-circuito-de-novilladas-de-andalucia\\\/#primaryimage\",\"url\":\"https:\\\/\\\/fundacioncajaruraldelsur.com\\\/wp-content\\\/uploads\\\/2021\\\/05\\\/PHOTO-2021-05-21-12-51-03.jpg\",\"contentUrl\":\"https:\\\/\\\/fundacioncajaruraldelsur.com\\\/wp-content\\\/uploads\\\/2021\\\/05\\\/PHOTO-2021-05-21-12-51-03.jpg\",\"width\":1600,\"height\":1066},{\"@type\":\"BreadcrumbList\",\"@id\":\"https:\\\/\\\/fundacioncajaruraldelsur.com\\\/la-fundacion-caja-rural-del-sur-renueva-su-apoyo-al-circuito-de-novilladas-de-andalucia\\\/#breadcrumb\",\"itemListElement\":[{\"@type\":\"ListItem\",\"position\":1,\"name\":\"Portada\",\"item\":\"https:\\\/\\\/fundacioncajaruraldelsur.com\\\/\"},{\"@type\":\"ListItem\",\"position\":2,\"name\":\"La Fundaci\u00f3n Caja Rural del Sur renueva su apoyo al Circuito de Novilladas de Andaluc\u00eda\"}]},{\"@type\":\"WebSite\",\"@id\":\"https:\\\/\\\/fundacioncajaruraldelsur.com\\\/#website\",\"url\":\"https:\\\/\\\/fundacioncajaruraldelsur.com\\\/\",\"name\":\"Fundaci\u00f3n Caja Rural del Sur\",\"description\":\"\",\"potentialAction\":[{\"@type\":\"SearchAction\",\"target\":{\"@type\":\"EntryPoint\",\"urlTemplate\":\"https:\\\/\\\/fundacioncajaruraldelsur.com\\\/?s={search_term_string}\"},\"query-input\":{\"@type\":\"PropertyValueSpecification\",\"valueRequired\":true,\"valueName\":\"search_term_string\"}}],\"inLanguage\":\"pt-PT\"},{\"@type\":\"Person\",\"@id\":\"https:\\\/\\\/fundacioncajaruraldelsur.com\\\/#\\\/schema\\\/person\\\/f430da9fb783d505ff061ad8b3d44577\",\"name\":\"Comunicaci\u00f3n\",\"image\":{\"@type\":\"ImageObject\",\"inLanguage\":\"pt-PT\",\"@id\":\"https:\\\/\\\/secure.gravatar.com\\\/avatar\\\/0dca239875993680bac4603ad2de7942da018f52cc3a244578e0b3b09314a8d8?s=96&d=blank&r=g\",\"url\":\"https:\\\/\\\/secure.gravatar.com\\\/avatar\\\/0dca239875993680bac4603ad2de7942da018f52cc3a244578e0b3b09314a8d8?s=96&d=blank&r=g\",\"contentUrl\":\"https:\\\/\\\/secure.gravatar.com\\\/avatar\\\/0dca239875993680bac4603ad2de7942da018f52cc3a244578e0b3b09314a8d8?s=96&d=blank&r=g\",\"caption\":\"Comunicaci\u00f3n\"}}]}<\/script>\n<!-- \/ Yoast SEO plugin. -->","yoast_head_json":{"title":"La Fundaci\u00f3n Caja Rural del Sur renueva su apoyo al Circuito de Novilladas de Andaluc\u00eda - Fundaci\u00f3n Caja Rural del Sur","robots":{"index":"index","follow":"follow","max-snippet":"max-snippet:-1","max-image-preview":"max-image-preview:large","max-video-preview":"max-video-preview:-1"},"canonical":"https:\/\/fundacioncajaruraldelsur.com\/pt\/la-fundacion-caja-rural-del-sur-renueva-su-apoyo-al-circuito-de-novilladas-de-andalucia\/","og_locale":"pt_PT","og_type":"article","og_title":"La Fundaci\u00f3n Caja Rural del Sur renueva su apoyo al Circuito de Novilladas de Andaluc\u00eda - Fundaci\u00f3n Caja Rural del Sur","og_description":"El presidente de la Fundaci\u00f3n Caja Rural del Sur, Jos\u00e9 Luis Garc\u00eda-Palacios \u00c1lvarez, y Victorino Mart\u00edn, presidente de la Fundaci\u00f3n Toro de Lidia, han renovado, por segundo a\u00f1o consecutivo, un [&hellip;]","og_url":"https:\/\/fundacioncajaruraldelsur.com\/pt\/la-fundacion-caja-rural-del-sur-renueva-su-apoyo-al-circuito-de-novilladas-de-andalucia\/","og_site_name":"Fundaci\u00f3n Caja Rural del Sur","article_published_time":"2021-05-21T11:24:37+00:00","og_image":[{"width":1600,"height":1066,"url":"https:\/\/fundacioncajaruraldelsur.com\/wp-content\/uploads\/2021\/05\/PHOTO-2021-05-21-12-51-03.jpg","type":"image\/jpeg"}],"author":"Comunicaci\u00f3n","twitter_card":"summary_large_image","twitter_misc":{"Written by":"Comunicaci\u00f3n","Est. reading time":"2 minutes"},"schema":{"@context":"https:\/\/schema.org","@graph":[{"@type":"Article","@id":"https:\/\/fundacioncajaruraldelsur.com\/la-fundacion-caja-rural-del-sur-renueva-su-apoyo-al-circuito-de-novilladas-de-andalucia\/#article","isPartOf":{"@id":"https:\/\/fundacioncajaruraldelsur.com\/la-fundacion-caja-rural-del-sur-renueva-su-apoyo-al-circuito-de-novilladas-de-andalucia\/"},"author":{"name":"Comunicaci\u00f3n","@id":"https:\/\/fundacioncajaruraldelsur.com\/#\/schema\/person\/f430da9fb783d505ff061ad8b3d44577"},"headline":"La Fundaci\u00f3n Caja Rural del Sur renueva su apoyo al Circuito de Novilladas de Andaluc\u00eda","datePublished":"2021-05-21T11:24:37+00:00","mainEntityOfPage":{"@id":"https:\/\/fundacioncajaruraldelsur.com\/la-fundacion-caja-rural-del-sur-renueva-su-apoyo-al-circuito-de-novilladas-de-andalucia\/"},"wordCount":322,"image":{"@id":"https:\/\/fundacioncajaruraldelsur.com\/la-fundacion-caja-rural-del-sur-renueva-su-apoyo-al-circuito-de-novilladas-de-andalucia\/#primaryimage"},"thumbnailUrl":"https:\/\/fundacioncajaruraldelsur.com\/wp-content\/uploads\/2021\/05\/PHOTO-2021-05-21-12-51-03.jpg","articleSection":["Convenios"],"inLanguage":"pt-PT"},{"@type":"WebPage","@id":"https:\/\/fundacioncajaruraldelsur.com\/la-fundacion-caja-rural-del-sur-renueva-su-apoyo-al-circuito-de-novilladas-de-andalucia\/","url":"https:\/\/fundacioncajaruraldelsur.com\/la-fundacion-caja-rural-del-sur-renueva-su-apoyo-al-circuito-de-novilladas-de-andalucia\/","name":"La Fundaci\u00f3n Caja Rural del Sur renueva su apoyo al Circuito de Novilladas de Andaluc\u00eda - Fundaci\u00f3n Caja Rural del Sur","isPartOf":{"@id":"https:\/\/fundacioncajaruraldelsur.com\/#website"},"primaryImageOfPage":{"@id":"https:\/\/fundacioncajaruraldelsur.com\/la-fundacion-caja-rural-del-sur-renueva-su-apoyo-al-circuito-de-novilladas-de-andalucia\/#primaryimage"},"image":{"@id":"https:\/\/fundacioncajaruraldelsur.com\/la-fundacion-caja-rural-del-sur-renueva-su-apoyo-al-circuito-de-novilladas-de-andalucia\/#primaryimage"},"thumbnailUrl":"https:\/\/fundacioncajaruraldelsur.com\/wp-content\/uploads\/2021\/05\/PHOTO-2021-05-21-12-51-03.jpg","datePublished":"2021-05-21T11:24:37+00:00","author":{"@id":"https:\/\/fundacioncajaruraldelsur.com\/#\/schema\/person\/f430da9fb783d505ff061ad8b3d44577"},"breadcrumb":{"@id":"https:\/\/fundacioncajaruraldelsur.com\/la-fundacion-caja-rural-del-sur-renueva-su-apoyo-al-circuito-de-novilladas-de-andalucia\/#breadcrumb"},"inLanguage":"pt-PT","potentialAction":[{"@type":"ReadAction","target":["https:\/\/fundacioncajaruraldelsur.com\/la-fundacion-caja-rural-del-sur-renueva-su-apoyo-al-circuito-de-novilladas-de-andalucia\/"]}]},{"@type":"ImageObject","inLanguage":"pt-PT","@id":"https:\/\/fundacioncajaruraldelsur.com\/la-fundacion-caja-rural-del-sur-renueva-su-apoyo-al-circuito-de-novilladas-de-andalucia\/#primaryimage","url":"https:\/\/fundacioncajaruraldelsur.com\/wp-content\/uploads\/2021\/05\/PHOTO-2021-05-21-12-51-03.jpg","contentUrl":"https:\/\/fundacioncajaruraldelsur.com\/wp-content\/uploads\/2021\/05\/PHOTO-2021-05-21-12-51-03.jpg","width":1600,"height":1066},{"@type":"BreadcrumbList","@id":"https:\/\/fundacioncajaruraldelsur.com\/la-fundacion-caja-rural-del-sur-renueva-su-apoyo-al-circuito-de-novilladas-de-andalucia\/#breadcrumb","itemListElement":[{"@type":"ListItem","position":1,"name":"Portada","item":"https:\/\/fundacioncajaruraldelsur.com\/"},{"@type":"ListItem","position":2,"name":"La Fundaci\u00f3n Caja Rural del Sur renueva su apoyo al Circuito de Novilladas de Andaluc\u00eda"}]},{"@type":"WebSite","@id":"https:\/\/fundacioncajaruraldelsur.com\/#website","url":"https:\/\/fundacioncajaruraldelsur.com\/","name":"Funda\u00e7\u00e3o Caja Rural del Sur","description":"","potentialAction":[{"@type":"SearchAction","target":{"@type":"EntryPoint","urlTemplate":"https:\/\/fundacioncajaruraldelsur.com\/?s={search_term_string}"},"query-input":{"@type":"PropertyValueSpecification","valueRequired":true,"valueName":"search_term_string"}}],"inLanguage":"pt-PT"},{"@type":"Person","@id":"https:\/\/fundacioncajaruraldelsur.com\/#\/schema\/person\/f430da9fb783d505ff061ad8b3d44577","name":"Comunicaci\u00f3n","image":{"@type":"ImageObject","inLanguage":"pt-PT","@id":"https:\/\/secure.gravatar.com\/avatar\/0dca239875993680bac4603ad2de7942da018f52cc3a244578e0b3b09314a8d8?s=96&d=blank&r=g","url":"https:\/\/secure.gravatar.com\/avatar\/0dca239875993680bac4603ad2de7942da018f52cc3a244578e0b3b09314a8d8?s=96&d=blank&r=g","contentUrl":"https:\/\/secure.gravatar.com\/avatar\/0dca239875993680bac4603ad2de7942da018f52cc3a244578e0b3b09314a8d8?s=96&d=blank&r=g","caption":"Comunicaci\u00f3n"}}]}},"rttpg_featured_image_url":{"full":["https:\/\/fundacioncajaruraldelsur.com\/wp-content\/uploads\/2021\/05\/PHOTO-2021-05-21-12-51-03.jpg",1600,1066,false],"landscape":["https:\/\/fundacioncajaruraldelsur.com\/wp-content\/uploads\/2021\/05\/PHOTO-2021-05-21-12-51-03.jpg",1600,1066,false],"portraits":["https:\/\/fundacioncajaruraldelsur.com\/wp-content\/uploads\/2021\/05\/PHOTO-2021-05-21-12-51-03.jpg",1600,1066,false],"thumbnail":["https:\/\/fundacioncajaruraldelsur.com\/wp-content\/uploads\/2021\/05\/PHOTO-2021-05-21-12-51-03-150x150.jpg",150,150,true],"medium":["https:\/\/fundacioncajaruraldelsur.com\/wp-content\/uploads\/2021\/05\/PHOTO-2021-05-21-12-51-03-300x200.jpg",300,200,true],"large":["https:\/\/fundacioncajaruraldelsur.com\/wp-content\/uploads\/2021\/05\/PHOTO-2021-05-21-12-51-03-1024x682.jpg",960,639,true],"1536x1536":["https:\/\/fundacioncajaruraldelsur.com\/wp-content\/uploads\/2021\/05\/PHOTO-2021-05-21-12-51-03-1536x1023.jpg",1536,1023,true],"2048x2048":["https:\/\/fundacioncajaruraldelsur.com\/wp-content\/uploads\/2021\/05\/PHOTO-2021-05-21-12-51-03.jpg",1600,1066,false],"trp-custom-language-flag":["https:\/\/fundacioncajaruraldelsur.com\/wp-content\/uploads\/2021\/05\/PHOTO-2021-05-21-12-51-03.jpg",18,12,false],"blog-thumbnail":["https:\/\/fundacioncajaruraldelsur.com\/wp-content\/uploads\/2021\/05\/PHOTO-2021-05-21-12-51-03-400x200.jpg",400,200,true]},"rttpg_author":{"display_name":"Comunicaci\u00f3n","author_link":"https:\/\/fundacioncajaruraldelsur.com\/pt\/author\/sevillaadmin\/"},"rttpg_comment":0,"rttpg_category":"<a href=\"https:\/\/fundacioncajaruraldelsur.com\/pt\/category\/convenios\/\" rel=\"category tag\">Convenios<\/a>","rttpg_excerpt":"El presidente de la Fundaci\u00f3n Caja Rural del Sur, Jos\u00e9 Luis Garc\u00eda-Palacios \u00c1lvarez, y Victorino Mart\u00edn, presidente de la Fundaci\u00f3n Toro de Lidia, han renovado, por segundo a\u00f1o consecutivo, un [&hellip;]","_links":{"self":[{"href":"https:\/\/fundacioncajaruraldelsur.com\/pt\/wp-json\/wp\/v2\/posts\/6395","targetHints":{"allow":["GET"]}}],"collection":[{"href":"https:\/\/fundacioncajaruraldelsur.com\/pt\/wp-json\/wp\/v2\/posts"}],"about":[{"href":"https:\/\/fundacioncajaruraldelsur.com\/pt\/wp-json\/wp\/v2\/types\/post"}],"author":[{"embeddable":true,"href":"https:\/\/fundacioncajaruraldelsur.com\/pt\/wp-json\/wp\/v2\/users\/6"}],"replies":[{"embeddable":true,"href":"https:\/\/fundacioncajaruraldelsur.com\/pt\/wp-json\/wp\/v2\/comments?post=6395"}],"version-history":[{"count":1,"href":"https:\/\/fundacioncajaruraldelsur.com\/pt\/wp-json\/wp\/v2\/posts\/6395\/revisions"}],"predecessor-version":[{"id":6398,"href":"https:\/\/fundacioncajaruraldelsur.com\/pt\/wp-json\/wp\/v2\/posts\/6395\/revisions\/6398"}],"wp:featuredmedia":[{"embeddable":true,"href":"https:\/\/fundacioncajaruraldelsur.com\/pt\/wp-json\/wp\/v2\/media\/6396"}],"wp:attachment":[{"href":"https:\/\/fundacioncajaruraldelsur.com\/pt\/wp-json\/wp\/v2\/media?parent=6395"}],"wp:term":[{"taxonomy":"category","embeddable":true,"href":"https:\/\/fundacioncajaruraldelsur.com\/pt\/wp-json\/wp\/v2\/categories?post=6395"},{"taxonomy":"post_tag","embeddable":true,"href":"https:\/\/fundacioncajaruraldelsur.com\/pt\/wp-json\/wp\/v2\/tags?post=6395"}],"curies":[{"name":"wp","href":"https:\/\/api.w.org\/{rel}","templated":true}]}}