{"id":6392,"date":"2021-05-21T10:41:19","date_gmt":"2021-05-21T08:41:19","guid":{"rendered":"\/?p=6392"},"modified":"2021-05-21T10:41:19","modified_gmt":"2021-05-21T08:41:19","slug":"acto-conmemorativo-de-la-coronacion-de-alfonso-x-el-sabio-1-de-junio-a-las-1930-horas","status":"publish","type":"post","link":"https:\/\/fundacioncajaruraldelsur.com\/pt\/acto-conmemorativo-de-la-coronacion-de-alfonso-x-el-sabio-1-de-junio-a-las-1930-horas\/","title":{"rendered":"Acto conmemorativo de la coronaci\u00f3n de Alfonso X el Sabio, 1 de junio a las 19:30 horas"},"content":{"rendered":"<p><u>El pr\u00f3ximo 1 de junio a las 19.30 horas en el <\/u>Centro Cultural Jos\u00e9 Luis Garc\u00eda Palacios Sal\u00f3n de la Fundaci\u00f3n Caja Rural del Sur se celebra un acto conmemorativo de la <b>CORONACI\u00d3N DE ALFONSO X EL SABIO. <\/b>A la muerte de su padre Fernando III el Santo, Alfonso X se coron\u00f3 Rey de Castilla en la Catedral de Sevilla, el d\u00eda 1 de junio de 1252.<\/p>\n<p>Ante esta fecha tendr\u00e1 lugar la Conferencia\u00a0 <b>\u201cLOS ENEMIGOS DE ALFONSO X\u201d<\/b> a cargo del Profesor don CRIST\u00d3BAL COBO MART\u00cdNEZ, Canciller del Cabildo. Y a la presentaci\u00f3n del libro\u00a0\u00a0<b>\u201cLA FIESTA DEL CORPUS CHRISTI DE SEVILLA\u201d<\/b>, del que es autor Pedro Rodr\u00edguez Bueno.<\/p>\n<p class=\"x_MsoNormal\">El Cabildo Alfonso X el Sabio es una instituci\u00f3n cultural sin fin de lucro fundada en 1995. Sus objetivos son: estudiar y divulgar la vida y obra de Alfonso X el Sabio (refundador y constructor de la nueva Sevilla que surge en el siglo XIII), la historia y tradiciones del Reino de Sevilla, y practicar la solidaridad y tolerancia entre las culturas.<\/p>\n<p>Presidente de Honor: <strong>Excmo. Sr. Don Manuel Gonz\u00e1lez Jim\u00e9nez.<\/strong> Catedr\u00e1tico de Historia Medieval de la Universidad de Sevilla, acad\u00e9mico de la Historia y exdirector de la Real Academia Sevillana de Buenas Letras.<\/p>\n<p>Maestre-Presidente: <strong>Don Pedro Rodr\u00edguez Bueno.<\/strong> (Abogado y Profesor de Derecho P\u00fablico). El Consejo de Gobierno es su \u00f3rgano rector.<\/p>\n<p>Entre sus miembros se cuentan personas de muy diversas profesiones: abogados, catedr\u00e1ticos y profesores, notario, comerciantes, m\u00e9dicos, amas de casa, funcionarios, ingenieros, abogados, arquitectos, empresarios, etc., con el denominador com\u00fan de su vocaci\u00f3n por la historia, ra\u00edces y se\u00f1as de identidad del Reino de Sevilla, considerando que el avance y el progreso social son compatibles con el respeto y conservaci\u00f3n de la historia y tradiciones culturales de la ciudad.<\/p>\n<p>A lo largo del curso organiza actos, jornadas, conciertos, publicaciones, conferencias hist\u00f3ricas, visitas culturales a monumentos y viajes por los territorios alfons\u00edes.<\/p>","protected":false},"excerpt":{"rendered":"<p>El pr\u00f3ximo 1 de junio a las 19.30 horas en el Centro Cultural Jos\u00e9 Luis Garc\u00eda Palacios Sal\u00f3n de la Fundaci\u00f3n Caja Rural del Sur se celebra un acto conmemorativo [&hellip;]<\/p>\n","protected":false},"author":6,"featured_media":6393,"comment_status":"closed","ping_status":"closed","sticky":false,"template":"","format":"standard","meta":{"footnotes":""},"categories":[1],"tags":[],"class_list":["post-6392","post","type-post","status-publish","format-standard","has-post-thumbnail","hentry","category-sin-categoria"],"yoast_head":"<!-- This site is optimized with the Yoast SEO plugin v27.3 - https:\/\/yoast.com\/product\/yoast-seo-wordpress\/ -->\n<title>Acto conmemorativo de la coronaci\u00f3n de Alfonso X el Sabio, 1 de junio a las 19:30 horas - Fundaci\u00f3n Caja Rural del Sur<\/title>\n<meta name=\"robots\" content=\"index, follow, max-snippet:-1, max-image-preview:large, max-video-preview:-1\" \/>\n<link rel=\"canonical\" href=\"https:\/\/fundacioncajaruraldelsur.com\/pt\/acto-conmemorativo-de-la-coronacion-de-alfonso-x-el-sabio-1-de-junio-a-las-1930-horas\/\" \/>\n<meta property=\"og:locale\" content=\"pt_PT\" \/>\n<meta property=\"og:type\" content=\"article\" \/>\n<meta property=\"og:title\" content=\"Acto conmemorativo de la coronaci\u00f3n de Alfonso X el Sabio, 1 de junio a las 19:30 horas - Fundaci\u00f3n Caja Rural del Sur\" \/>\n<meta property=\"og:description\" content=\"El pr\u00f3ximo 1 de junio a las 19.30 horas en el Centro Cultural Jos\u00e9 Luis Garc\u00eda Palacios Sal\u00f3n de la Fundaci\u00f3n Caja Rural del Sur se celebra un acto conmemorativo [&hellip;]\" \/>\n<meta property=\"og:url\" content=\"https:\/\/fundacioncajaruraldelsur.com\/pt\/acto-conmemorativo-de-la-coronacion-de-alfonso-x-el-sabio-1-de-junio-a-las-1930-horas\/\" \/>\n<meta property=\"og:site_name\" content=\"Fundaci\u00f3n Caja Rural del Sur\" \/>\n<meta property=\"article:published_time\" content=\"2021-05-21T08:41:19+00:00\" \/>\n<meta property=\"og:image\" content=\"https:\/\/fundacioncajaruraldelsur.com\/wp-content\/uploads\/2021\/05\/cabildo-alfonso-x-el-sabio.jpg\" \/>\n\t<meta property=\"og:image:width\" content=\"669\" \/>\n\t<meta property=\"og:image:height\" content=\"415\" \/>\n\t<meta property=\"og:image:type\" content=\"image\/jpeg\" \/>\n<meta name=\"author\" content=\"Comunicaci\u00f3n\" \/>\n<meta name=\"twitter:card\" content=\"summary_large_image\" \/>\n<meta name=\"twitter:label1\" content=\"Written by\" \/>\n\t<meta name=\"twitter:data1\" content=\"Comunicaci\u00f3n\" \/>\n\t<meta name=\"twitter:label2\" content=\"Est. reading time\" \/>\n\t<meta name=\"twitter:data2\" content=\"2 minutes\" \/>\n<script type=\"application\/ld+json\" class=\"yoast-schema-graph\">{\"@context\":\"https:\\\/\\\/schema.org\",\"@graph\":[{\"@type\":\"Article\",\"@id\":\"https:\\\/\\\/fundacioncajaruraldelsur.com\\\/acto-conmemorativo-de-la-coronacion-de-alfonso-x-el-sabio-1-de-junio-a-las-1930-horas\\\/#article\",\"isPartOf\":{\"@id\":\"https:\\\/\\\/fundacioncajaruraldelsur.com\\\/acto-conmemorativo-de-la-coronacion-de-alfonso-x-el-sabio-1-de-junio-a-las-1930-horas\\\/\"},\"author\":{\"name\":\"Comunicaci\u00f3n\",\"@id\":\"https:\\\/\\\/fundacioncajaruraldelsur.com\\\/#\\\/schema\\\/person\\\/f430da9fb783d505ff061ad8b3d44577\"},\"headline\":\"Acto conmemorativo de la coronaci\u00f3n de Alfonso X el Sabio, 1 de junio a las 19:30 horas\",\"datePublished\":\"2021-05-21T08:41:19+00:00\",\"mainEntityOfPage\":{\"@id\":\"https:\\\/\\\/fundacioncajaruraldelsur.com\\\/acto-conmemorativo-de-la-coronacion-de-alfonso-x-el-sabio-1-de-junio-a-las-1930-horas\\\/\"},\"wordCount\":351,\"image\":{\"@id\":\"https:\\\/\\\/fundacioncajaruraldelsur.com\\\/acto-conmemorativo-de-la-coronacion-de-alfonso-x-el-sabio-1-de-junio-a-las-1930-horas\\\/#primaryimage\"},\"thumbnailUrl\":\"https:\\\/\\\/fundacioncajaruraldelsur.com\\\/wp-content\\\/uploads\\\/2021\\\/05\\\/cabildo-alfonso-x-el-sabio.jpg\",\"articleSection\":[\"Sin categor\u00eda\"],\"inLanguage\":\"pt-PT\"},{\"@type\":\"WebPage\",\"@id\":\"https:\\\/\\\/fundacioncajaruraldelsur.com\\\/acto-conmemorativo-de-la-coronacion-de-alfonso-x-el-sabio-1-de-junio-a-las-1930-horas\\\/\",\"url\":\"https:\\\/\\\/fundacioncajaruraldelsur.com\\\/acto-conmemorativo-de-la-coronacion-de-alfonso-x-el-sabio-1-de-junio-a-las-1930-horas\\\/\",\"name\":\"Acto conmemorativo de la coronaci\u00f3n de Alfonso X el Sabio, 1 de junio a las 19:30 horas - Fundaci\u00f3n Caja Rural del Sur\",\"isPartOf\":{\"@id\":\"https:\\\/\\\/fundacioncajaruraldelsur.com\\\/#website\"},\"primaryImageOfPage\":{\"@id\":\"https:\\\/\\\/fundacioncajaruraldelsur.com\\\/acto-conmemorativo-de-la-coronacion-de-alfonso-x-el-sabio-1-de-junio-a-las-1930-horas\\\/#primaryimage\"},\"image\":{\"@id\":\"https:\\\/\\\/fundacioncajaruraldelsur.com\\\/acto-conmemorativo-de-la-coronacion-de-alfonso-x-el-sabio-1-de-junio-a-las-1930-horas\\\/#primaryimage\"},\"thumbnailUrl\":\"https:\\\/\\\/fundacioncajaruraldelsur.com\\\/wp-content\\\/uploads\\\/2021\\\/05\\\/cabildo-alfonso-x-el-sabio.jpg\",\"datePublished\":\"2021-05-21T08:41:19+00:00\",\"author\":{\"@id\":\"https:\\\/\\\/fundacioncajaruraldelsur.com\\\/#\\\/schema\\\/person\\\/f430da9fb783d505ff061ad8b3d44577\"},\"breadcrumb\":{\"@id\":\"https:\\\/\\\/fundacioncajaruraldelsur.com\\\/acto-conmemorativo-de-la-coronacion-de-alfonso-x-el-sabio-1-de-junio-a-las-1930-horas\\\/#breadcrumb\"},\"inLanguage\":\"pt-PT\",\"potentialAction\":[{\"@type\":\"ReadAction\",\"target\":[\"https:\\\/\\\/fundacioncajaruraldelsur.com\\\/acto-conmemorativo-de-la-coronacion-de-alfonso-x-el-sabio-1-de-junio-a-las-1930-horas\\\/\"]}]},{\"@type\":\"ImageObject\",\"inLanguage\":\"pt-PT\",\"@id\":\"https:\\\/\\\/fundacioncajaruraldelsur.com\\\/acto-conmemorativo-de-la-coronacion-de-alfonso-x-el-sabio-1-de-junio-a-las-1930-horas\\\/#primaryimage\",\"url\":\"https:\\\/\\\/fundacioncajaruraldelsur.com\\\/wp-content\\\/uploads\\\/2021\\\/05\\\/cabildo-alfonso-x-el-sabio.jpg\",\"contentUrl\":\"https:\\\/\\\/fundacioncajaruraldelsur.com\\\/wp-content\\\/uploads\\\/2021\\\/05\\\/cabildo-alfonso-x-el-sabio.jpg\",\"width\":669,\"height\":415},{\"@type\":\"BreadcrumbList\",\"@id\":\"https:\\\/\\\/fundacioncajaruraldelsur.com\\\/acto-conmemorativo-de-la-coronacion-de-alfonso-x-el-sabio-1-de-junio-a-las-1930-horas\\\/#breadcrumb\",\"itemListElement\":[{\"@type\":\"ListItem\",\"position\":1,\"name\":\"Portada\",\"item\":\"https:\\\/\\\/fundacioncajaruraldelsur.com\\\/\"},{\"@type\":\"ListItem\",\"position\":2,\"name\":\"Acto conmemorativo de la coronaci\u00f3n de Alfonso X el Sabio, 1 de junio a las 19:30 horas\"}]},{\"@type\":\"WebSite\",\"@id\":\"https:\\\/\\\/fundacioncajaruraldelsur.com\\\/#website\",\"url\":\"https:\\\/\\\/fundacioncajaruraldelsur.com\\\/\",\"name\":\"Fundaci\u00f3n Caja Rural del Sur\",\"description\":\"\",\"potentialAction\":[{\"@type\":\"SearchAction\",\"target\":{\"@type\":\"EntryPoint\",\"urlTemplate\":\"https:\\\/\\\/fundacioncajaruraldelsur.com\\\/?s={search_term_string}\"},\"query-input\":{\"@type\":\"PropertyValueSpecification\",\"valueRequired\":true,\"valueName\":\"search_term_string\"}}],\"inLanguage\":\"pt-PT\"},{\"@type\":\"Person\",\"@id\":\"https:\\\/\\\/fundacioncajaruraldelsur.com\\\/#\\\/schema\\\/person\\\/f430da9fb783d505ff061ad8b3d44577\",\"name\":\"Comunicaci\u00f3n\",\"image\":{\"@type\":\"ImageObject\",\"inLanguage\":\"pt-PT\",\"@id\":\"https:\\\/\\\/secure.gravatar.com\\\/avatar\\\/0dca239875993680bac4603ad2de7942da018f52cc3a244578e0b3b09314a8d8?s=96&d=blank&r=g\",\"url\":\"https:\\\/\\\/secure.gravatar.com\\\/avatar\\\/0dca239875993680bac4603ad2de7942da018f52cc3a244578e0b3b09314a8d8?s=96&d=blank&r=g\",\"contentUrl\":\"https:\\\/\\\/secure.gravatar.com\\\/avatar\\\/0dca239875993680bac4603ad2de7942da018f52cc3a244578e0b3b09314a8d8?s=96&d=blank&r=g\",\"caption\":\"Comunicaci\u00f3n\"}}]}<\/script>\n<!-- \/ Yoast SEO plugin. -->","yoast_head_json":{"title":"Acto conmemorativo de la coronaci\u00f3n de Alfonso X el Sabio, 1 de junio a las 19:30 horas - Fundaci\u00f3n Caja Rural del Sur","robots":{"index":"index","follow":"follow","max-snippet":"max-snippet:-1","max-image-preview":"max-image-preview:large","max-video-preview":"max-video-preview:-1"},"canonical":"https:\/\/fundacioncajaruraldelsur.com\/pt\/acto-conmemorativo-de-la-coronacion-de-alfonso-x-el-sabio-1-de-junio-a-las-1930-horas\/","og_locale":"pt_PT","og_type":"article","og_title":"Acto conmemorativo de la coronaci\u00f3n de Alfonso X el Sabio, 1 de junio a las 19:30 horas - Fundaci\u00f3n Caja Rural del Sur","og_description":"El pr\u00f3ximo 1 de junio a las 19.30 horas en el Centro Cultural Jos\u00e9 Luis Garc\u00eda Palacios Sal\u00f3n de la Fundaci\u00f3n Caja Rural del Sur se celebra un acto conmemorativo [&hellip;]","og_url":"https:\/\/fundacioncajaruraldelsur.com\/pt\/acto-conmemorativo-de-la-coronacion-de-alfonso-x-el-sabio-1-de-junio-a-las-1930-horas\/","og_site_name":"Fundaci\u00f3n Caja Rural del Sur","article_published_time":"2021-05-21T08:41:19+00:00","og_image":[{"width":669,"height":415,"url":"https:\/\/fundacioncajaruraldelsur.com\/wp-content\/uploads\/2021\/05\/cabildo-alfonso-x-el-sabio.jpg","type":"image\/jpeg"}],"author":"Comunicaci\u00f3n","twitter_card":"summary_large_image","twitter_misc":{"Written by":"Comunicaci\u00f3n","Est. reading time":"2 minutes"},"schema":{"@context":"https:\/\/schema.org","@graph":[{"@type":"Article","@id":"https:\/\/fundacioncajaruraldelsur.com\/acto-conmemorativo-de-la-coronacion-de-alfonso-x-el-sabio-1-de-junio-a-las-1930-horas\/#article","isPartOf":{"@id":"https:\/\/fundacioncajaruraldelsur.com\/acto-conmemorativo-de-la-coronacion-de-alfonso-x-el-sabio-1-de-junio-a-las-1930-horas\/"},"author":{"name":"Comunicaci\u00f3n","@id":"https:\/\/fundacioncajaruraldelsur.com\/#\/schema\/person\/f430da9fb783d505ff061ad8b3d44577"},"headline":"Acto conmemorativo de la coronaci\u00f3n de Alfonso X el Sabio, 1 de junio a las 19:30 horas","datePublished":"2021-05-21T08:41:19+00:00","mainEntityOfPage":{"@id":"https:\/\/fundacioncajaruraldelsur.com\/acto-conmemorativo-de-la-coronacion-de-alfonso-x-el-sabio-1-de-junio-a-las-1930-horas\/"},"wordCount":351,"image":{"@id":"https:\/\/fundacioncajaruraldelsur.com\/acto-conmemorativo-de-la-coronacion-de-alfonso-x-el-sabio-1-de-junio-a-las-1930-horas\/#primaryimage"},"thumbnailUrl":"https:\/\/fundacioncajaruraldelsur.com\/wp-content\/uploads\/2021\/05\/cabildo-alfonso-x-el-sabio.jpg","articleSection":["Sin categor\u00eda"],"inLanguage":"pt-PT"},{"@type":"WebPage","@id":"https:\/\/fundacioncajaruraldelsur.com\/acto-conmemorativo-de-la-coronacion-de-alfonso-x-el-sabio-1-de-junio-a-las-1930-horas\/","url":"https:\/\/fundacioncajaruraldelsur.com\/acto-conmemorativo-de-la-coronacion-de-alfonso-x-el-sabio-1-de-junio-a-las-1930-horas\/","name":"Acto conmemorativo de la coronaci\u00f3n de Alfonso X el Sabio, 1 de junio a las 19:30 horas - Fundaci\u00f3n Caja Rural del Sur","isPartOf":{"@id":"https:\/\/fundacioncajaruraldelsur.com\/#website"},"primaryImageOfPage":{"@id":"https:\/\/fundacioncajaruraldelsur.com\/acto-conmemorativo-de-la-coronacion-de-alfonso-x-el-sabio-1-de-junio-a-las-1930-horas\/#primaryimage"},"image":{"@id":"https:\/\/fundacioncajaruraldelsur.com\/acto-conmemorativo-de-la-coronacion-de-alfonso-x-el-sabio-1-de-junio-a-las-1930-horas\/#primaryimage"},"thumbnailUrl":"https:\/\/fundacioncajaruraldelsur.com\/wp-content\/uploads\/2021\/05\/cabildo-alfonso-x-el-sabio.jpg","datePublished":"2021-05-21T08:41:19+00:00","author":{"@id":"https:\/\/fundacioncajaruraldelsur.com\/#\/schema\/person\/f430da9fb783d505ff061ad8b3d44577"},"breadcrumb":{"@id":"https:\/\/fundacioncajaruraldelsur.com\/acto-conmemorativo-de-la-coronacion-de-alfonso-x-el-sabio-1-de-junio-a-las-1930-horas\/#breadcrumb"},"inLanguage":"pt-PT","potentialAction":[{"@type":"ReadAction","target":["https:\/\/fundacioncajaruraldelsur.com\/acto-conmemorativo-de-la-coronacion-de-alfonso-x-el-sabio-1-de-junio-a-las-1930-horas\/"]}]},{"@type":"ImageObject","inLanguage":"pt-PT","@id":"https:\/\/fundacioncajaruraldelsur.com\/acto-conmemorativo-de-la-coronacion-de-alfonso-x-el-sabio-1-de-junio-a-las-1930-horas\/#primaryimage","url":"https:\/\/fundacioncajaruraldelsur.com\/wp-content\/uploads\/2021\/05\/cabildo-alfonso-x-el-sabio.jpg","contentUrl":"https:\/\/fundacioncajaruraldelsur.com\/wp-content\/uploads\/2021\/05\/cabildo-alfonso-x-el-sabio.jpg","width":669,"height":415},{"@type":"BreadcrumbList","@id":"https:\/\/fundacioncajaruraldelsur.com\/acto-conmemorativo-de-la-coronacion-de-alfonso-x-el-sabio-1-de-junio-a-las-1930-horas\/#breadcrumb","itemListElement":[{"@type":"ListItem","position":1,"name":"Portada","item":"https:\/\/fundacioncajaruraldelsur.com\/"},{"@type":"ListItem","position":2,"name":"Acto conmemorativo de la coronaci\u00f3n de Alfonso X el Sabio, 1 de junio a las 19:30 horas"}]},{"@type":"WebSite","@id":"https:\/\/fundacioncajaruraldelsur.com\/#website","url":"https:\/\/fundacioncajaruraldelsur.com\/","name":"Funda\u00e7\u00e3o Caja Rural del Sur","description":"","potentialAction":[{"@type":"SearchAction","target":{"@type":"EntryPoint","urlTemplate":"https:\/\/fundacioncajaruraldelsur.com\/?s={search_term_string}"},"query-input":{"@type":"PropertyValueSpecification","valueRequired":true,"valueName":"search_term_string"}}],"inLanguage":"pt-PT"},{"@type":"Person","@id":"https:\/\/fundacioncajaruraldelsur.com\/#\/schema\/person\/f430da9fb783d505ff061ad8b3d44577","name":"Comunicaci\u00f3n","image":{"@type":"ImageObject","inLanguage":"pt-PT","@id":"https:\/\/secure.gravatar.com\/avatar\/0dca239875993680bac4603ad2de7942da018f52cc3a244578e0b3b09314a8d8?s=96&d=blank&r=g","url":"https:\/\/secure.gravatar.com\/avatar\/0dca239875993680bac4603ad2de7942da018f52cc3a244578e0b3b09314a8d8?s=96&d=blank&r=g","contentUrl":"https:\/\/secure.gravatar.com\/avatar\/0dca239875993680bac4603ad2de7942da018f52cc3a244578e0b3b09314a8d8?s=96&d=blank&r=g","caption":"Comunicaci\u00f3n"}}]}},"rttpg_featured_image_url":{"full":["https:\/\/fundacioncajaruraldelsur.com\/wp-content\/uploads\/2021\/05\/cabildo-alfonso-x-el-sabio.jpg",669,415,false],"landscape":["https:\/\/fundacioncajaruraldelsur.com\/wp-content\/uploads\/2021\/05\/cabildo-alfonso-x-el-sabio.jpg",669,415,false],"portraits":["https:\/\/fundacioncajaruraldelsur.com\/wp-content\/uploads\/2021\/05\/cabildo-alfonso-x-el-sabio.jpg",669,415,false],"thumbnail":["https:\/\/fundacioncajaruraldelsur.com\/wp-content\/uploads\/2021\/05\/cabildo-alfonso-x-el-sabio-150x150.jpg",150,150,true],"medium":["https:\/\/fundacioncajaruraldelsur.com\/wp-content\/uploads\/2021\/05\/cabildo-alfonso-x-el-sabio-300x186.jpg",300,186,true],"large":["https:\/\/fundacioncajaruraldelsur.com\/wp-content\/uploads\/2021\/05\/cabildo-alfonso-x-el-sabio.jpg",669,415,false],"1536x1536":["https:\/\/fundacioncajaruraldelsur.com\/wp-content\/uploads\/2021\/05\/cabildo-alfonso-x-el-sabio.jpg",669,415,false],"2048x2048":["https:\/\/fundacioncajaruraldelsur.com\/wp-content\/uploads\/2021\/05\/cabildo-alfonso-x-el-sabio.jpg",669,415,false],"trp-custom-language-flag":["https:\/\/fundacioncajaruraldelsur.com\/wp-content\/uploads\/2021\/05\/cabildo-alfonso-x-el-sabio.jpg",18,12,false],"blog-thumbnail":["https:\/\/fundacioncajaruraldelsur.com\/wp-content\/uploads\/2021\/05\/cabildo-alfonso-x-el-sabio-400x200.jpg",400,200,true]},"rttpg_author":{"display_name":"Comunicaci\u00f3n","author_link":"https:\/\/fundacioncajaruraldelsur.com\/pt\/author\/sevillaadmin\/"},"rttpg_comment":0,"rttpg_category":"<a href=\"https:\/\/fundacioncajaruraldelsur.com\/pt\/category\/sin-categoria\/\" rel=\"category tag\">Sin categor\u00eda<\/a>","rttpg_excerpt":"El pr\u00f3ximo 1 de junio a las 19.30 horas en el Centro Cultural Jos\u00e9 Luis Garc\u00eda Palacios Sal\u00f3n de la Fundaci\u00f3n Caja Rural del Sur se celebra un acto conmemorativo [&hellip;]","_links":{"self":[{"href":"https:\/\/fundacioncajaruraldelsur.com\/pt\/wp-json\/wp\/v2\/posts\/6392","targetHints":{"allow":["GET"]}}],"collection":[{"href":"https:\/\/fundacioncajaruraldelsur.com\/pt\/wp-json\/wp\/v2\/posts"}],"about":[{"href":"https:\/\/fundacioncajaruraldelsur.com\/pt\/wp-json\/wp\/v2\/types\/post"}],"author":[{"embeddable":true,"href":"https:\/\/fundacioncajaruraldelsur.com\/pt\/wp-json\/wp\/v2\/users\/6"}],"replies":[{"embeddable":true,"href":"https:\/\/fundacioncajaruraldelsur.com\/pt\/wp-json\/wp\/v2\/comments?post=6392"}],"version-history":[{"count":1,"href":"https:\/\/fundacioncajaruraldelsur.com\/pt\/wp-json\/wp\/v2\/posts\/6392\/revisions"}],"predecessor-version":[{"id":6394,"href":"https:\/\/fundacioncajaruraldelsur.com\/pt\/wp-json\/wp\/v2\/posts\/6392\/revisions\/6394"}],"wp:featuredmedia":[{"embeddable":true,"href":"https:\/\/fundacioncajaruraldelsur.com\/pt\/wp-json\/wp\/v2\/media\/6393"}],"wp:attachment":[{"href":"https:\/\/fundacioncajaruraldelsur.com\/pt\/wp-json\/wp\/v2\/media?parent=6392"}],"wp:term":[{"taxonomy":"category","embeddable":true,"href":"https:\/\/fundacioncajaruraldelsur.com\/pt\/wp-json\/wp\/v2\/categories?post=6392"},{"taxonomy":"post_tag","embeddable":true,"href":"https:\/\/fundacioncajaruraldelsur.com\/pt\/wp-json\/wp\/v2\/tags?post=6392"}],"curies":[{"name":"wp","href":"https:\/\/api.w.org\/{rel}","templated":true}]}}