{"id":6384,"date":"2021-05-10T13:50:57","date_gmt":"2021-05-10T11:50:57","guid":{"rendered":"\/?p=6384"},"modified":"2021-05-10T13:50:57","modified_gmt":"2021-05-10T11:50:57","slug":"accede-a-la-exposicion-virtual-de-victor-pulido-en-fundacion-caja-rural-del-sur","status":"publish","type":"post","link":"https:\/\/fundacioncajaruraldelsur.com\/pt\/accede-a-la-exposicion-virtual-de-victor-pulido-en-fundacion-caja-rural-del-sur\/","title":{"rendered":"Accede a la exposici\u00f3n virtual de V\u00edctor Pulido en Fundaci\u00f3n Caja Rural del Sur"},"content":{"rendered":"<p>Ya puedes visitar de modo virtual en la sala de exposiciones de Centro Cultural \u2018Jos\u00e9 Luis Garc\u00eda Palacios\u2019 en Huelva de Fundaci\u00f3n Caja Rural del Sur las obras que se exponen en la actualidad de <a href=\"\/pt\/el-espiritu-inquieto-de-victor-pulido-llena-de-arte-la-sala-de-exposiciones-en-huelva-de-fundacion-caja-rural-del-sur\/\">V\u00edctor Pulido, con la tem\u00e1tica \u2018Donde hay arte, hay coraz\u00f3n\u2019.<\/a><\/p>\n<p>Los trabajos creativos de de V\u00edctor Pulido, se pondr\u00e1n ver hasta el 28 de mayo.<\/p>\n<p style=\"text-align: center;\"><a href=\"https:\/\/emea01.safelinks.protection.outlook.com\/?url=https%3A%2F%2Fmy.matterport.com%2Fshow%2F%3Fm%3D1KDz5KbR5Ta&amp;amp;data=04%7C01%7C%7C314c875173a94df65ae308d913a439d5%7C84df9e7fe9f640afb435aaaaaaaaaaaa%7C1%7C0%7C637562418328811856%7CUnknown%7CTWFpbGZsb3d8eyJWIjoiMC4wLjAwMDAiLCJQIjoiV2luMzIiLCJBTiI6Ik1haWwiLCJXVCI6Mn0%3D%7C1000&amp;amp;sdata=%2BBnMeJXWzhicJV0G4zgozOiDySsDXJjVrat%2FTboSK6k%3D&amp;amp;reserved=0\"><strong>Haz click aqu\u00ed y accede directamente a la sala virtual de la Exposici\u00f3n de V\u00edctor Pulido.\u00a0<\/strong><\/a><\/p>","protected":false},"excerpt":{"rendered":"<p>Ya puedes visitar de modo virtual en la sala de exposiciones de Centro Cultural \u2018Jos\u00e9 Luis Garc\u00eda Palacios\u2019 en Huelva de Fundaci\u00f3n Caja Rural del Sur las obras que se [&hellip;]<\/p>\n","protected":false},"author":6,"featured_media":6385,"comment_status":"closed","ping_status":"closed","sticky":false,"template":"","format":"standard","meta":{"footnotes":""},"categories":[82],"tags":[],"class_list":["post-6384","post","type-post","status-publish","format-standard","has-post-thumbnail","hentry","category-exposiciones"],"yoast_head":"<!-- This site is optimized with the Yoast SEO plugin v27.3 - https:\/\/yoast.com\/product\/yoast-seo-wordpress\/ -->\n<title>Accede a la exposici\u00f3n virtual de V\u00edctor Pulido en Fundaci\u00f3n Caja Rural del Sur - Fundaci\u00f3n Caja Rural del Sur<\/title>\n<meta name=\"robots\" content=\"index, follow, max-snippet:-1, max-image-preview:large, max-video-preview:-1\" \/>\n<link rel=\"canonical\" href=\"https:\/\/fundacioncajaruraldelsur.com\/pt\/accede-a-la-exposicion-virtual-de-victor-pulido-en-fundacion-caja-rural-del-sur\/\" \/>\n<meta property=\"og:locale\" content=\"pt_PT\" \/>\n<meta property=\"og:type\" content=\"article\" \/>\n<meta property=\"og:title\" content=\"Accede a la exposici\u00f3n virtual de V\u00edctor Pulido en Fundaci\u00f3n Caja Rural del Sur - Fundaci\u00f3n Caja Rural del Sur\" \/>\n<meta property=\"og:description\" content=\"Ya puedes visitar de modo virtual en la sala de exposiciones de Centro Cultural \u2018Jos\u00e9 Luis Garc\u00eda Palacios\u2019 en Huelva de Fundaci\u00f3n Caja Rural del Sur las obras que se [&hellip;]\" \/>\n<meta property=\"og:url\" content=\"https:\/\/fundacioncajaruraldelsur.com\/pt\/accede-a-la-exposicion-virtual-de-victor-pulido-en-fundacion-caja-rural-del-sur\/\" \/>\n<meta property=\"og:site_name\" content=\"Fundaci\u00f3n Caja Rural del Sur\" \/>\n<meta property=\"article:published_time\" content=\"2021-05-10T11:50:57+00:00\" \/>\n<meta property=\"og:image\" content=\"https:\/\/fundacioncajaruraldelsur.com\/wp-content\/uploads\/2021\/05\/virtual-pulido.jpg\" \/>\n\t<meta property=\"og:image:width\" content=\"738\" \/>\n\t<meta property=\"og:image:height\" content=\"455\" \/>\n\t<meta property=\"og:image:type\" content=\"image\/jpeg\" \/>\n<meta name=\"author\" content=\"Comunicaci\u00f3n\" \/>\n<meta name=\"twitter:card\" content=\"summary_large_image\" \/>\n<meta name=\"twitter:label1\" content=\"Written by\" \/>\n\t<meta name=\"twitter:data1\" content=\"Comunicaci\u00f3n\" \/>\n<script type=\"application\/ld+json\" class=\"yoast-schema-graph\">{\"@context\":\"https:\\\/\\\/schema.org\",\"@graph\":[{\"@type\":\"Article\",\"@id\":\"https:\\\/\\\/fundacioncajaruraldelsur.com\\\/accede-a-la-exposicion-virtual-de-victor-pulido-en-fundacion-caja-rural-del-sur\\\/#article\",\"isPartOf\":{\"@id\":\"https:\\\/\\\/fundacioncajaruraldelsur.com\\\/accede-a-la-exposicion-virtual-de-victor-pulido-en-fundacion-caja-rural-del-sur\\\/\"},\"author\":{\"name\":\"Comunicaci\u00f3n\",\"@id\":\"https:\\\/\\\/fundacioncajaruraldelsur.com\\\/#\\\/schema\\\/person\\\/f430da9fb783d505ff061ad8b3d44577\"},\"headline\":\"Accede a la exposici\u00f3n virtual de V\u00edctor Pulido en Fundaci\u00f3n Caja Rural del Sur\",\"datePublished\":\"2021-05-10T11:50:57+00:00\",\"mainEntityOfPage\":{\"@id\":\"https:\\\/\\\/fundacioncajaruraldelsur.com\\\/accede-a-la-exposicion-virtual-de-victor-pulido-en-fundacion-caja-rural-del-sur\\\/\"},\"wordCount\":101,\"image\":{\"@id\":\"https:\\\/\\\/fundacioncajaruraldelsur.com\\\/accede-a-la-exposicion-virtual-de-victor-pulido-en-fundacion-caja-rural-del-sur\\\/#primaryimage\"},\"thumbnailUrl\":\"https:\\\/\\\/fundacioncajaruraldelsur.com\\\/wp-content\\\/uploads\\\/2021\\\/05\\\/virtual-pulido.jpg\",\"articleSection\":[\"Exposiciones\"],\"inLanguage\":\"pt-PT\"},{\"@type\":\"WebPage\",\"@id\":\"https:\\\/\\\/fundacioncajaruraldelsur.com\\\/accede-a-la-exposicion-virtual-de-victor-pulido-en-fundacion-caja-rural-del-sur\\\/\",\"url\":\"https:\\\/\\\/fundacioncajaruraldelsur.com\\\/accede-a-la-exposicion-virtual-de-victor-pulido-en-fundacion-caja-rural-del-sur\\\/\",\"name\":\"Accede a la exposici\u00f3n virtual de V\u00edctor Pulido en Fundaci\u00f3n Caja Rural del Sur - Fundaci\u00f3n Caja Rural del Sur\",\"isPartOf\":{\"@id\":\"https:\\\/\\\/fundacioncajaruraldelsur.com\\\/#website\"},\"primaryImageOfPage\":{\"@id\":\"https:\\\/\\\/fundacioncajaruraldelsur.com\\\/accede-a-la-exposicion-virtual-de-victor-pulido-en-fundacion-caja-rural-del-sur\\\/#primaryimage\"},\"image\":{\"@id\":\"https:\\\/\\\/fundacioncajaruraldelsur.com\\\/accede-a-la-exposicion-virtual-de-victor-pulido-en-fundacion-caja-rural-del-sur\\\/#primaryimage\"},\"thumbnailUrl\":\"https:\\\/\\\/fundacioncajaruraldelsur.com\\\/wp-content\\\/uploads\\\/2021\\\/05\\\/virtual-pulido.jpg\",\"datePublished\":\"2021-05-10T11:50:57+00:00\",\"author\":{\"@id\":\"https:\\\/\\\/fundacioncajaruraldelsur.com\\\/#\\\/schema\\\/person\\\/f430da9fb783d505ff061ad8b3d44577\"},\"breadcrumb\":{\"@id\":\"https:\\\/\\\/fundacioncajaruraldelsur.com\\\/accede-a-la-exposicion-virtual-de-victor-pulido-en-fundacion-caja-rural-del-sur\\\/#breadcrumb\"},\"inLanguage\":\"pt-PT\",\"potentialAction\":[{\"@type\":\"ReadAction\",\"target\":[\"https:\\\/\\\/fundacioncajaruraldelsur.com\\\/accede-a-la-exposicion-virtual-de-victor-pulido-en-fundacion-caja-rural-del-sur\\\/\"]}]},{\"@type\":\"ImageObject\",\"inLanguage\":\"pt-PT\",\"@id\":\"https:\\\/\\\/fundacioncajaruraldelsur.com\\\/accede-a-la-exposicion-virtual-de-victor-pulido-en-fundacion-caja-rural-del-sur\\\/#primaryimage\",\"url\":\"https:\\\/\\\/fundacioncajaruraldelsur.com\\\/wp-content\\\/uploads\\\/2021\\\/05\\\/virtual-pulido.jpg\",\"contentUrl\":\"https:\\\/\\\/fundacioncajaruraldelsur.com\\\/wp-content\\\/uploads\\\/2021\\\/05\\\/virtual-pulido.jpg\",\"width\":738,\"height\":455},{\"@type\":\"BreadcrumbList\",\"@id\":\"https:\\\/\\\/fundacioncajaruraldelsur.com\\\/accede-a-la-exposicion-virtual-de-victor-pulido-en-fundacion-caja-rural-del-sur\\\/#breadcrumb\",\"itemListElement\":[{\"@type\":\"ListItem\",\"position\":1,\"name\":\"Portada\",\"item\":\"https:\\\/\\\/fundacioncajaruraldelsur.com\\\/\"},{\"@type\":\"ListItem\",\"position\":2,\"name\":\"Accede a la exposici\u00f3n virtual de V\u00edctor Pulido en Fundaci\u00f3n Caja Rural del Sur\"}]},{\"@type\":\"WebSite\",\"@id\":\"https:\\\/\\\/fundacioncajaruraldelsur.com\\\/#website\",\"url\":\"https:\\\/\\\/fundacioncajaruraldelsur.com\\\/\",\"name\":\"Fundaci\u00f3n Caja Rural del Sur\",\"description\":\"\",\"potentialAction\":[{\"@type\":\"SearchAction\",\"target\":{\"@type\":\"EntryPoint\",\"urlTemplate\":\"https:\\\/\\\/fundacioncajaruraldelsur.com\\\/?s={search_term_string}\"},\"query-input\":{\"@type\":\"PropertyValueSpecification\",\"valueRequired\":true,\"valueName\":\"search_term_string\"}}],\"inLanguage\":\"pt-PT\"},{\"@type\":\"Person\",\"@id\":\"https:\\\/\\\/fundacioncajaruraldelsur.com\\\/#\\\/schema\\\/person\\\/f430da9fb783d505ff061ad8b3d44577\",\"name\":\"Comunicaci\u00f3n\",\"image\":{\"@type\":\"ImageObject\",\"inLanguage\":\"pt-PT\",\"@id\":\"https:\\\/\\\/secure.gravatar.com\\\/avatar\\\/0dca239875993680bac4603ad2de7942da018f52cc3a244578e0b3b09314a8d8?s=96&d=blank&r=g\",\"url\":\"https:\\\/\\\/secure.gravatar.com\\\/avatar\\\/0dca239875993680bac4603ad2de7942da018f52cc3a244578e0b3b09314a8d8?s=96&d=blank&r=g\",\"contentUrl\":\"https:\\\/\\\/secure.gravatar.com\\\/avatar\\\/0dca239875993680bac4603ad2de7942da018f52cc3a244578e0b3b09314a8d8?s=96&d=blank&r=g\",\"caption\":\"Comunicaci\u00f3n\"}}]}<\/script>\n<!-- \/ Yoast SEO plugin. -->","yoast_head_json":{"title":"Accede a la exposici\u00f3n virtual de V\u00edctor Pulido en Fundaci\u00f3n Caja Rural del Sur - Fundaci\u00f3n Caja Rural del Sur","robots":{"index":"index","follow":"follow","max-snippet":"max-snippet:-1","max-image-preview":"max-image-preview:large","max-video-preview":"max-video-preview:-1"},"canonical":"https:\/\/fundacioncajaruraldelsur.com\/pt\/accede-a-la-exposicion-virtual-de-victor-pulido-en-fundacion-caja-rural-del-sur\/","og_locale":"pt_PT","og_type":"article","og_title":"Accede a la exposici\u00f3n virtual de V\u00edctor Pulido en Fundaci\u00f3n Caja Rural del Sur - Fundaci\u00f3n Caja Rural del Sur","og_description":"Ya puedes visitar de modo virtual en la sala de exposiciones de Centro Cultural \u2018Jos\u00e9 Luis Garc\u00eda Palacios\u2019 en Huelva de Fundaci\u00f3n Caja Rural del Sur las obras que se [&hellip;]","og_url":"https:\/\/fundacioncajaruraldelsur.com\/pt\/accede-a-la-exposicion-virtual-de-victor-pulido-en-fundacion-caja-rural-del-sur\/","og_site_name":"Fundaci\u00f3n Caja Rural del Sur","article_published_time":"2021-05-10T11:50:57+00:00","og_image":[{"width":738,"height":455,"url":"https:\/\/fundacioncajaruraldelsur.com\/wp-content\/uploads\/2021\/05\/virtual-pulido.jpg","type":"image\/jpeg"}],"author":"Comunicaci\u00f3n","twitter_card":"summary_large_image","twitter_misc":{"Written by":"Comunicaci\u00f3n"},"schema":{"@context":"https:\/\/schema.org","@graph":[{"@type":"Article","@id":"https:\/\/fundacioncajaruraldelsur.com\/accede-a-la-exposicion-virtual-de-victor-pulido-en-fundacion-caja-rural-del-sur\/#article","isPartOf":{"@id":"https:\/\/fundacioncajaruraldelsur.com\/accede-a-la-exposicion-virtual-de-victor-pulido-en-fundacion-caja-rural-del-sur\/"},"author":{"name":"Comunicaci\u00f3n","@id":"https:\/\/fundacioncajaruraldelsur.com\/#\/schema\/person\/f430da9fb783d505ff061ad8b3d44577"},"headline":"Accede a la exposici\u00f3n virtual de V\u00edctor Pulido en Fundaci\u00f3n Caja Rural del Sur","datePublished":"2021-05-10T11:50:57+00:00","mainEntityOfPage":{"@id":"https:\/\/fundacioncajaruraldelsur.com\/accede-a-la-exposicion-virtual-de-victor-pulido-en-fundacion-caja-rural-del-sur\/"},"wordCount":101,"image":{"@id":"https:\/\/fundacioncajaruraldelsur.com\/accede-a-la-exposicion-virtual-de-victor-pulido-en-fundacion-caja-rural-del-sur\/#primaryimage"},"thumbnailUrl":"https:\/\/fundacioncajaruraldelsur.com\/wp-content\/uploads\/2021\/05\/virtual-pulido.jpg","articleSection":["Exposiciones"],"inLanguage":"pt-PT"},{"@type":"WebPage","@id":"https:\/\/fundacioncajaruraldelsur.com\/accede-a-la-exposicion-virtual-de-victor-pulido-en-fundacion-caja-rural-del-sur\/","url":"https:\/\/fundacioncajaruraldelsur.com\/accede-a-la-exposicion-virtual-de-victor-pulido-en-fundacion-caja-rural-del-sur\/","name":"Accede a la exposici\u00f3n virtual de V\u00edctor Pulido en Fundaci\u00f3n Caja Rural del Sur - Fundaci\u00f3n Caja Rural del Sur","isPartOf":{"@id":"https:\/\/fundacioncajaruraldelsur.com\/#website"},"primaryImageOfPage":{"@id":"https:\/\/fundacioncajaruraldelsur.com\/accede-a-la-exposicion-virtual-de-victor-pulido-en-fundacion-caja-rural-del-sur\/#primaryimage"},"image":{"@id":"https:\/\/fundacioncajaruraldelsur.com\/accede-a-la-exposicion-virtual-de-victor-pulido-en-fundacion-caja-rural-del-sur\/#primaryimage"},"thumbnailUrl":"https:\/\/fundacioncajaruraldelsur.com\/wp-content\/uploads\/2021\/05\/virtual-pulido.jpg","datePublished":"2021-05-10T11:50:57+00:00","author":{"@id":"https:\/\/fundacioncajaruraldelsur.com\/#\/schema\/person\/f430da9fb783d505ff061ad8b3d44577"},"breadcrumb":{"@id":"https:\/\/fundacioncajaruraldelsur.com\/accede-a-la-exposicion-virtual-de-victor-pulido-en-fundacion-caja-rural-del-sur\/#breadcrumb"},"inLanguage":"pt-PT","potentialAction":[{"@type":"ReadAction","target":["https:\/\/fundacioncajaruraldelsur.com\/accede-a-la-exposicion-virtual-de-victor-pulido-en-fundacion-caja-rural-del-sur\/"]}]},{"@type":"ImageObject","inLanguage":"pt-PT","@id":"https:\/\/fundacioncajaruraldelsur.com\/accede-a-la-exposicion-virtual-de-victor-pulido-en-fundacion-caja-rural-del-sur\/#primaryimage","url":"https:\/\/fundacioncajaruraldelsur.com\/wp-content\/uploads\/2021\/05\/virtual-pulido.jpg","contentUrl":"https:\/\/fundacioncajaruraldelsur.com\/wp-content\/uploads\/2021\/05\/virtual-pulido.jpg","width":738,"height":455},{"@type":"BreadcrumbList","@id":"https:\/\/fundacioncajaruraldelsur.com\/accede-a-la-exposicion-virtual-de-victor-pulido-en-fundacion-caja-rural-del-sur\/#breadcrumb","itemListElement":[{"@type":"ListItem","position":1,"name":"Portada","item":"https:\/\/fundacioncajaruraldelsur.com\/"},{"@type":"ListItem","position":2,"name":"Accede a la exposici\u00f3n virtual de V\u00edctor Pulido en Fundaci\u00f3n Caja Rural del Sur"}]},{"@type":"WebSite","@id":"https:\/\/fundacioncajaruraldelsur.com\/#website","url":"https:\/\/fundacioncajaruraldelsur.com\/","name":"Funda\u00e7\u00e3o Caja Rural del Sur","description":"","potentialAction":[{"@type":"SearchAction","target":{"@type":"EntryPoint","urlTemplate":"https:\/\/fundacioncajaruraldelsur.com\/?s={search_term_string}"},"query-input":{"@type":"PropertyValueSpecification","valueRequired":true,"valueName":"search_term_string"}}],"inLanguage":"pt-PT"},{"@type":"Person","@id":"https:\/\/fundacioncajaruraldelsur.com\/#\/schema\/person\/f430da9fb783d505ff061ad8b3d44577","name":"Comunicaci\u00f3n","image":{"@type":"ImageObject","inLanguage":"pt-PT","@id":"https:\/\/secure.gravatar.com\/avatar\/0dca239875993680bac4603ad2de7942da018f52cc3a244578e0b3b09314a8d8?s=96&d=blank&r=g","url":"https:\/\/secure.gravatar.com\/avatar\/0dca239875993680bac4603ad2de7942da018f52cc3a244578e0b3b09314a8d8?s=96&d=blank&r=g","contentUrl":"https:\/\/secure.gravatar.com\/avatar\/0dca239875993680bac4603ad2de7942da018f52cc3a244578e0b3b09314a8d8?s=96&d=blank&r=g","caption":"Comunicaci\u00f3n"}}]}},"rttpg_featured_image_url":{"full":["https:\/\/fundacioncajaruraldelsur.com\/wp-content\/uploads\/2021\/05\/virtual-pulido.jpg",738,455,false],"landscape":["https:\/\/fundacioncajaruraldelsur.com\/wp-content\/uploads\/2021\/05\/virtual-pulido.jpg",738,455,false],"portraits":["https:\/\/fundacioncajaruraldelsur.com\/wp-content\/uploads\/2021\/05\/virtual-pulido.jpg",738,455,false],"thumbnail":["https:\/\/fundacioncajaruraldelsur.com\/wp-content\/uploads\/2021\/05\/virtual-pulido-150x150.jpg",150,150,true],"medium":["https:\/\/fundacioncajaruraldelsur.com\/wp-content\/uploads\/2021\/05\/virtual-pulido-300x185.jpg",300,185,true],"large":["https:\/\/fundacioncajaruraldelsur.com\/wp-content\/uploads\/2021\/05\/virtual-pulido.jpg",738,455,false],"1536x1536":["https:\/\/fundacioncajaruraldelsur.com\/wp-content\/uploads\/2021\/05\/virtual-pulido.jpg",738,455,false],"2048x2048":["https:\/\/fundacioncajaruraldelsur.com\/wp-content\/uploads\/2021\/05\/virtual-pulido.jpg",738,455,false],"trp-custom-language-flag":["https:\/\/fundacioncajaruraldelsur.com\/wp-content\/uploads\/2021\/05\/virtual-pulido.jpg",18,12,false],"blog-thumbnail":["https:\/\/fundacioncajaruraldelsur.com\/wp-content\/uploads\/2021\/05\/virtual-pulido-400x200.jpg",400,200,true]},"rttpg_author":{"display_name":"Comunicaci\u00f3n","author_link":"https:\/\/fundacioncajaruraldelsur.com\/pt\/author\/sevillaadmin\/"},"rttpg_comment":0,"rttpg_category":"<a href=\"https:\/\/fundacioncajaruraldelsur.com\/pt\/category\/exposiciones\/\" rel=\"category tag\">Exposiciones<\/a>","rttpg_excerpt":"Ya puedes visitar de modo virtual en la sala de exposiciones de Centro Cultural \u2018Jos\u00e9 Luis Garc\u00eda Palacios\u2019 en Huelva de Fundaci\u00f3n Caja Rural del Sur las obras que se [&hellip;]","_links":{"self":[{"href":"https:\/\/fundacioncajaruraldelsur.com\/pt\/wp-json\/wp\/v2\/posts\/6384","targetHints":{"allow":["GET"]}}],"collection":[{"href":"https:\/\/fundacioncajaruraldelsur.com\/pt\/wp-json\/wp\/v2\/posts"}],"about":[{"href":"https:\/\/fundacioncajaruraldelsur.com\/pt\/wp-json\/wp\/v2\/types\/post"}],"author":[{"embeddable":true,"href":"https:\/\/fundacioncajaruraldelsur.com\/pt\/wp-json\/wp\/v2\/users\/6"}],"replies":[{"embeddable":true,"href":"https:\/\/fundacioncajaruraldelsur.com\/pt\/wp-json\/wp\/v2\/comments?post=6384"}],"version-history":[{"count":1,"href":"https:\/\/fundacioncajaruraldelsur.com\/pt\/wp-json\/wp\/v2\/posts\/6384\/revisions"}],"predecessor-version":[{"id":6386,"href":"https:\/\/fundacioncajaruraldelsur.com\/pt\/wp-json\/wp\/v2\/posts\/6384\/revisions\/6386"}],"wp:featuredmedia":[{"embeddable":true,"href":"https:\/\/fundacioncajaruraldelsur.com\/pt\/wp-json\/wp\/v2\/media\/6385"}],"wp:attachment":[{"href":"https:\/\/fundacioncajaruraldelsur.com\/pt\/wp-json\/wp\/v2\/media?parent=6384"}],"wp:term":[{"taxonomy":"category","embeddable":true,"href":"https:\/\/fundacioncajaruraldelsur.com\/pt\/wp-json\/wp\/v2\/categories?post=6384"},{"taxonomy":"post_tag","embeddable":true,"href":"https:\/\/fundacioncajaruraldelsur.com\/pt\/wp-json\/wp\/v2\/tags?post=6384"}],"curies":[{"name":"wp","href":"https:\/\/api.w.org\/{rel}","templated":true}]}}