{"id":6358,"date":"2021-04-29T09:22:28","date_gmt":"2021-04-29T07:22:28","guid":{"rendered":"\/?p=6358"},"modified":"2021-04-29T13:59:59","modified_gmt":"2021-04-29T11:59:59","slug":"la-fundacion-caja-rural-del-sur-entrega-en-cordoba-los-premios-ricardo-lopez-crespo-2021","status":"publish","type":"post","link":"https:\/\/fundacioncajaruraldelsur.com\/pt\/la-fundacion-caja-rural-del-sur-entrega-en-cordoba-los-premios-ricardo-lopez-crespo-2021\/","title":{"rendered":"La Fundaci\u00f3n Caja Rural del Sur entrega en C\u00f3rdoba los premios \u00abRicardo L\u00f3pez Crespo\u00bb 2021"},"content":{"rendered":"<p>En el transcurso de la entrega por la Fundaci\u00f3n Caja Rural del Sur de los X premios anuales \u2018Ricardo L\u00f3pez Crespo\u2019, en la tarde de este mi\u00e9rcoles en el C\u00edrculo de la Amistad de C\u00f3rdoba, se ha rendido tambi\u00e9n por parte del presidente de la entidad, Jos\u00e9 Luis Garc\u00eda-Palacios, un homenaje guardando un minuto de silencio a quien da nombre a los mismos y que durante muchos a\u00f1os fue presidente de Caja Rural de C\u00f3rdoba, fallecido el pasado 30 de enero. Unos galardones que anualmente se convocan con el fin de distinguir y reconocer las mejores iniciativas en materias como proyectos de I+D+i en el \u00e1mbito de la actividad agroalimentaria, acci\u00f3n social solidaria, recuperaci\u00f3n del patrimonio hist\u00f3rico-art\u00edstico provincial, iniciativas empresariales promovidas por j\u00f3venes emprendedores, as\u00ed como el mejor expediente acad\u00e9mico de grado en los alumnos de la Universidad de C\u00f3rdoba.<\/p>\n<p>Acompa\u00f1aron en la mesa presidencial al alcalde de C\u00f3rdoba, Jos\u00e9 Mar\u00eda Bellido, tanto el presidente de Caja Rural del Sur y su Fundaci\u00f3n, Jos\u00e9 Luis Garc\u00eda-Palacios \u00c1lvarez como el vicepresidente, Ricardo L\u00f3pez Crespo y el director de la misma, Emilio Ponce, en un acto que se celebr\u00f3 con las m\u00e1ximas medidas anti-covid y que cont\u00f3 con la presencia de una representaci\u00f3n de instituciones y entidades pol\u00edticas, econ\u00f3micas, sociales y solidarias de la provincia de C\u00f3rdoba.<\/p>\n<p>Ya en sus primeras palabras de bienvenida, el presidente de la Fundaci\u00f3n Caja Rural del Sur, Jos\u00e9 Luis Garc\u00eda-Palacios, explicaba la trayectoria de los premios y glos\u00f3 tras su fallecimiento la figura de Ricardo L\u00f3pez Crespo, \u00abque es una de esas personas a las que vamos a echar de menos por su humildad, por su esfuerzo, por su modestia, por su inter\u00e9s por hacer siempre el bien a los dem\u00e1s\u00bb Destac\u00f3 la importancia de estos premios anuales, que rinde homenaje a dicha personalidad y puso de manifiesto que en la Fundaci\u00f3n \u00abseguimos manteniendo nuestros objetivos, que son la mejora de la vida com\u00fan, la formaci\u00f3n, la investigaci\u00f3n, la divulgaci\u00f3n y la conservaci\u00f3n de nuestras tradiciones\u00bb que tambi\u00e9n se ven reflejados en los propios m\u00e9ritos que concurren un a\u00f1o m\u00e1s en todos los galardonados como son \u201cla excelencia personificada en trabajos de investigaci\u00f3n, en esfuerzo acad\u00e9mico, en emprendimiento, en acci\u00f3n social y, evidentemente, en ese compromiso que se debe tener con el entorno, en este caso con la restauraci\u00f3n del patrimonio\u201d. Concluy\u00f3 su intervenci\u00f3n poniendo a disposici\u00f3n de la sociedad cordobesa el Centro Cultural \u2018Jos\u00e9 Luis Garc\u00eda Palacios\u2019 que ya el pasado s\u00e1bado acogi\u00f3 el programa Agropopular de la Cadena Cope, y que ser\u00e1 inaugurado pr\u00f3ximamente, una vez que las condiciones socio sanitarias provocadas por la pandemia lo permitan.<\/p>\n<p><strong>Premiados en 2021<\/strong><\/p>\n<p>Antes de las palabras del alcalde de C\u00f3rdoba, que glos\u00f3 la labor y los m\u00e9ritos de cada uno de los premiados, fueron entregados las estatuillas a la empresa Events San Crist\u00f3bal S.L.U.; la Federaci\u00f3n Madinat (Federaci\u00f3n Provincial Cordobesa de Drogodependencias y SIDA); la recuperaci\u00f3n del Camino Moz\u00e1rabe a Santiago a su paso por Alcaracejos, promovida por el Ayuntamiento de la localidad; el estudio \u201cInnovaci\u00f3n en la sanidad del olivar a trav\u00e9s de tratamientos al suelo con hongos entomopat\u00f3genos frente a la mosca del olivo y sus beneficios adicionales sobre la planta\u201d, llevado a cabo por los doctores Enrique Quesada, Inmaculada Garrido y Meelad Yousef, de la UCO; y la graduada Elisa Vega Mart\u00ednez, de la ETSIAM. Asimismo, en esta convocatoria, se han otorgado tres acc\u00e9sits, uno en la categor\u00eda de Iniciativas Empresariales promovidas por j\u00f3venes emprendedores a la empresa Visiona Producciones Audiovisuales S.L., con su proyecto Droning, y otros dos en la categor\u00eda de Acci\u00f3n Social Solidaria, a la Fundaci\u00f3n La Arruzafa y la Fundaci\u00f3n Magtel.<\/p>\n<p>Los premios est\u00e1n dotados econ\u00f3micamente con 4.000 euros en cada una de las categor\u00edas, adem\u00e1s de recibir cada premiado tambi\u00e9n una estatuilla dise\u00f1ada en especial para estos galardones por la Fundaci\u00f3n Caja Rural del Sur.<\/p>\n<p><a href=\"\/wp-content\/uploads\/2021\/04\/210428.-Foto-de-familia-de-los-pemiados-alcalde-de-Cordoba-y-representantes-de-Fundacion-Caja-Rural-del-Sur.-scaled.jpeg\" rel=\"lightbox-0\"><img loading=\"lazy\" decoding=\"async\" class=\"alignnone wp-image-6359 size-full\" src=\"\/wp-content\/uploads\/2021\/04\/210428.-Foto-de-familia-de-los-pemiados-alcalde-de-Cordoba-y-representantes-de-Fundacion-Caja-Rural-del-Sur.-scaled.jpeg\" alt=\"\" width=\"2560\" height=\"1707\" srcset=\"https:\/\/fundacioncajaruraldelsur.com\/wp-content\/uploads\/2021\/04\/210428.-Foto-de-familia-de-los-pemiados-alcalde-de-Cordoba-y-representantes-de-Fundacion-Caja-Rural-del-Sur.-scaled.jpeg 2560w, https:\/\/fundacioncajaruraldelsur.com\/wp-content\/uploads\/2021\/04\/210428.-Foto-de-familia-de-los-pemiados-alcalde-de-Cordoba-y-representantes-de-Fundacion-Caja-Rural-del-Sur.-300x200.jpeg 300w, https:\/\/fundacioncajaruraldelsur.com\/wp-content\/uploads\/2021\/04\/210428.-Foto-de-familia-de-los-pemiados-alcalde-de-Cordoba-y-representantes-de-Fundacion-Caja-Rural-del-Sur.-1024x683.jpeg 1024w, https:\/\/fundacioncajaruraldelsur.com\/wp-content\/uploads\/2021\/04\/210428.-Foto-de-familia-de-los-pemiados-alcalde-de-Cordoba-y-representantes-de-Fundacion-Caja-Rural-del-Sur.-768x512.jpeg 768w, https:\/\/fundacioncajaruraldelsur.com\/wp-content\/uploads\/2021\/04\/210428.-Foto-de-familia-de-los-pemiados-alcalde-de-Cordoba-y-representantes-de-Fundacion-Caja-Rural-del-Sur.-1536x1024.jpeg 1536w, https:\/\/fundacioncajaruraldelsur.com\/wp-content\/uploads\/2021\/04\/210428.-Foto-de-familia-de-los-pemiados-alcalde-de-Cordoba-y-representantes-de-Fundacion-Caja-Rural-del-Sur.-2048x1365.jpeg 2048w\" sizes=\"auto, (max-width: 2560px) 100vw, 2560px\" \/><\/a><\/p>\n<p><strong>\u00a0<\/strong><\/p>","protected":false},"excerpt":{"rendered":"<p>En el transcurso de la entrega por la Fundaci\u00f3n Caja Rural del Sur de los X premios anuales \u2018Ricardo L\u00f3pez Crespo\u2019, en la tarde de este mi\u00e9rcoles en el C\u00edrculo [&hellip;]<\/p>\n","protected":false},"author":6,"featured_media":6360,"comment_status":"closed","ping_status":"closed","sticky":false,"template":"","format":"standard","meta":{"footnotes":""},"categories":[64],"tags":[],"class_list":["post-6358","post","type-post","status-publish","format-standard","has-post-thumbnail","hentry","category-premios"],"yoast_head":"<!-- This site is optimized with the Yoast SEO plugin v27.3 - https:\/\/yoast.com\/product\/yoast-seo-wordpress\/ -->\n<title>La Fundaci\u00f3n Caja Rural del Sur entrega en C\u00f3rdoba los premios \u00abRicardo L\u00f3pez Crespo\u00bb 2021 - Fundaci\u00f3n Caja Rural del Sur<\/title>\n<meta name=\"robots\" content=\"index, follow, max-snippet:-1, max-image-preview:large, max-video-preview:-1\" \/>\n<link rel=\"canonical\" href=\"https:\/\/fundacioncajaruraldelsur.com\/pt\/la-fundacion-caja-rural-del-sur-entrega-en-cordoba-los-premios-ricardo-lopez-crespo-2021\/\" \/>\n<meta property=\"og:locale\" content=\"pt_PT\" \/>\n<meta property=\"og:type\" content=\"article\" \/>\n<meta property=\"og:title\" content=\"La Fundaci\u00f3n Caja Rural del Sur entrega en C\u00f3rdoba los premios \u00abRicardo L\u00f3pez Crespo\u00bb 2021 - Fundaci\u00f3n Caja Rural del Sur\" \/>\n<meta property=\"og:description\" content=\"En el transcurso de la entrega por la Fundaci\u00f3n Caja Rural del Sur de los X premios anuales \u2018Ricardo L\u00f3pez Crespo\u2019, en la tarde de este mi\u00e9rcoles en el C\u00edrculo [&hellip;]\" \/>\n<meta property=\"og:url\" content=\"https:\/\/fundacioncajaruraldelsur.com\/pt\/la-fundacion-caja-rural-del-sur-entrega-en-cordoba-los-premios-ricardo-lopez-crespo-2021\/\" \/>\n<meta property=\"og:site_name\" content=\"Fundaci\u00f3n Caja Rural del Sur\" \/>\n<meta property=\"article:published_time\" content=\"2021-04-29T07:22:28+00:00\" \/>\n<meta property=\"article:modified_time\" content=\"2021-04-29T11:59:59+00:00\" \/>\n<meta property=\"og:image\" content=\"https:\/\/fundacioncajaruraldelsur.com\/wp-content\/uploads\/2021\/04\/210428.-Intervencion-del-presidente-de-Caja-Rural-del-Sur-y-sun-Fundacion.-scaled.jpg\" \/>\n\t<meta property=\"og:image:width\" content=\"2560\" \/>\n\t<meta property=\"og:image:height\" content=\"1707\" \/>\n\t<meta property=\"og:image:type\" content=\"image\/jpeg\" \/>\n<meta name=\"author\" content=\"Comunicaci\u00f3n\" \/>\n<meta name=\"twitter:card\" content=\"summary_large_image\" \/>\n<meta name=\"twitter:label1\" content=\"Written by\" \/>\n\t<meta name=\"twitter:data1\" content=\"Comunicaci\u00f3n\" \/>\n\t<meta name=\"twitter:label2\" content=\"Est. reading time\" \/>\n\t<meta name=\"twitter:data2\" content=\"4 minutes\" \/>\n<script type=\"application\/ld+json\" class=\"yoast-schema-graph\">{\"@context\":\"https:\\\/\\\/schema.org\",\"@graph\":[{\"@type\":\"Article\",\"@id\":\"https:\\\/\\\/fundacioncajaruraldelsur.com\\\/la-fundacion-caja-rural-del-sur-entrega-en-cordoba-los-premios-ricardo-lopez-crespo-2021\\\/#article\",\"isPartOf\":{\"@id\":\"https:\\\/\\\/fundacioncajaruraldelsur.com\\\/la-fundacion-caja-rural-del-sur-entrega-en-cordoba-los-premios-ricardo-lopez-crespo-2021\\\/\"},\"author\":{\"name\":\"Comunicaci\u00f3n\",\"@id\":\"https:\\\/\\\/fundacioncajaruraldelsur.com\\\/#\\\/schema\\\/person\\\/f430da9fb783d505ff061ad8b3d44577\"},\"headline\":\"La Fundaci\u00f3n Caja Rural del Sur entrega en C\u00f3rdoba los premios \u00abRicardo L\u00f3pez Crespo\u00bb 2021\",\"datePublished\":\"2021-04-29T07:22:28+00:00\",\"dateModified\":\"2021-04-29T11:59:59+00:00\",\"mainEntityOfPage\":{\"@id\":\"https:\\\/\\\/fundacioncajaruraldelsur.com\\\/la-fundacion-caja-rural-del-sur-entrega-en-cordoba-los-premios-ricardo-lopez-crespo-2021\\\/\"},\"wordCount\":732,\"image\":{\"@id\":\"https:\\\/\\\/fundacioncajaruraldelsur.com\\\/la-fundacion-caja-rural-del-sur-entrega-en-cordoba-los-premios-ricardo-lopez-crespo-2021\\\/#primaryimage\"},\"thumbnailUrl\":\"https:\\\/\\\/fundacioncajaruraldelsur.com\\\/wp-content\\\/uploads\\\/2021\\\/04\\\/210428.-Intervencion-del-presidente-de-Caja-Rural-del-Sur-y-sun-Fundacion.-scaled.jpg\",\"articleSection\":[\"Premios\"],\"inLanguage\":\"pt-PT\"},{\"@type\":\"WebPage\",\"@id\":\"https:\\\/\\\/fundacioncajaruraldelsur.com\\\/la-fundacion-caja-rural-del-sur-entrega-en-cordoba-los-premios-ricardo-lopez-crespo-2021\\\/\",\"url\":\"https:\\\/\\\/fundacioncajaruraldelsur.com\\\/la-fundacion-caja-rural-del-sur-entrega-en-cordoba-los-premios-ricardo-lopez-crespo-2021\\\/\",\"name\":\"La Fundaci\u00f3n Caja Rural del Sur entrega en C\u00f3rdoba los premios \u00abRicardo L\u00f3pez Crespo\u00bb 2021 - Fundaci\u00f3n Caja Rural del Sur\",\"isPartOf\":{\"@id\":\"https:\\\/\\\/fundacioncajaruraldelsur.com\\\/#website\"},\"primaryImageOfPage\":{\"@id\":\"https:\\\/\\\/fundacioncajaruraldelsur.com\\\/la-fundacion-caja-rural-del-sur-entrega-en-cordoba-los-premios-ricardo-lopez-crespo-2021\\\/#primaryimage\"},\"image\":{\"@id\":\"https:\\\/\\\/fundacioncajaruraldelsur.com\\\/la-fundacion-caja-rural-del-sur-entrega-en-cordoba-los-premios-ricardo-lopez-crespo-2021\\\/#primaryimage\"},\"thumbnailUrl\":\"https:\\\/\\\/fundacioncajaruraldelsur.com\\\/wp-content\\\/uploads\\\/2021\\\/04\\\/210428.-Intervencion-del-presidente-de-Caja-Rural-del-Sur-y-sun-Fundacion.-scaled.jpg\",\"datePublished\":\"2021-04-29T07:22:28+00:00\",\"dateModified\":\"2021-04-29T11:59:59+00:00\",\"author\":{\"@id\":\"https:\\\/\\\/fundacioncajaruraldelsur.com\\\/#\\\/schema\\\/person\\\/f430da9fb783d505ff061ad8b3d44577\"},\"breadcrumb\":{\"@id\":\"https:\\\/\\\/fundacioncajaruraldelsur.com\\\/la-fundacion-caja-rural-del-sur-entrega-en-cordoba-los-premios-ricardo-lopez-crespo-2021\\\/#breadcrumb\"},\"inLanguage\":\"pt-PT\",\"potentialAction\":[{\"@type\":\"ReadAction\",\"target\":[\"https:\\\/\\\/fundacioncajaruraldelsur.com\\\/la-fundacion-caja-rural-del-sur-entrega-en-cordoba-los-premios-ricardo-lopez-crespo-2021\\\/\"]}]},{\"@type\":\"ImageObject\",\"inLanguage\":\"pt-PT\",\"@id\":\"https:\\\/\\\/fundacioncajaruraldelsur.com\\\/la-fundacion-caja-rural-del-sur-entrega-en-cordoba-los-premios-ricardo-lopez-crespo-2021\\\/#primaryimage\",\"url\":\"https:\\\/\\\/fundacioncajaruraldelsur.com\\\/wp-content\\\/uploads\\\/2021\\\/04\\\/210428.-Intervencion-del-presidente-de-Caja-Rural-del-Sur-y-sun-Fundacion.-scaled.jpg\",\"contentUrl\":\"https:\\\/\\\/fundacioncajaruraldelsur.com\\\/wp-content\\\/uploads\\\/2021\\\/04\\\/210428.-Intervencion-del-presidente-de-Caja-Rural-del-Sur-y-sun-Fundacion.-scaled.jpg\",\"width\":2560,\"height\":1707},{\"@type\":\"BreadcrumbList\",\"@id\":\"https:\\\/\\\/fundacioncajaruraldelsur.com\\\/la-fundacion-caja-rural-del-sur-entrega-en-cordoba-los-premios-ricardo-lopez-crespo-2021\\\/#breadcrumb\",\"itemListElement\":[{\"@type\":\"ListItem\",\"position\":1,\"name\":\"Portada\",\"item\":\"https:\\\/\\\/fundacioncajaruraldelsur.com\\\/\"},{\"@type\":\"ListItem\",\"position\":2,\"name\":\"La Fundaci\u00f3n Caja Rural del Sur entrega en C\u00f3rdoba los premios \u00abRicardo L\u00f3pez Crespo\u00bb 2021\"}]},{\"@type\":\"WebSite\",\"@id\":\"https:\\\/\\\/fundacioncajaruraldelsur.com\\\/#website\",\"url\":\"https:\\\/\\\/fundacioncajaruraldelsur.com\\\/\",\"name\":\"Fundaci\u00f3n Caja Rural del Sur\",\"description\":\"\",\"potentialAction\":[{\"@type\":\"SearchAction\",\"target\":{\"@type\":\"EntryPoint\",\"urlTemplate\":\"https:\\\/\\\/fundacioncajaruraldelsur.com\\\/?s={search_term_string}\"},\"query-input\":{\"@type\":\"PropertyValueSpecification\",\"valueRequired\":true,\"valueName\":\"search_term_string\"}}],\"inLanguage\":\"pt-PT\"},{\"@type\":\"Person\",\"@id\":\"https:\\\/\\\/fundacioncajaruraldelsur.com\\\/#\\\/schema\\\/person\\\/f430da9fb783d505ff061ad8b3d44577\",\"name\":\"Comunicaci\u00f3n\",\"image\":{\"@type\":\"ImageObject\",\"inLanguage\":\"pt-PT\",\"@id\":\"https:\\\/\\\/secure.gravatar.com\\\/avatar\\\/0dca239875993680bac4603ad2de7942da018f52cc3a244578e0b3b09314a8d8?s=96&d=blank&r=g\",\"url\":\"https:\\\/\\\/secure.gravatar.com\\\/avatar\\\/0dca239875993680bac4603ad2de7942da018f52cc3a244578e0b3b09314a8d8?s=96&d=blank&r=g\",\"contentUrl\":\"https:\\\/\\\/secure.gravatar.com\\\/avatar\\\/0dca239875993680bac4603ad2de7942da018f52cc3a244578e0b3b09314a8d8?s=96&d=blank&r=g\",\"caption\":\"Comunicaci\u00f3n\"}}]}<\/script>\n<!-- \/ Yoast SEO plugin. -->","yoast_head_json":{"title":"La Fundaci\u00f3n Caja Rural del Sur entrega en C\u00f3rdoba los premios \u00abRicardo L\u00f3pez Crespo\u00bb 2021 - Fundaci\u00f3n Caja Rural del Sur","robots":{"index":"index","follow":"follow","max-snippet":"max-snippet:-1","max-image-preview":"max-image-preview:large","max-video-preview":"max-video-preview:-1"},"canonical":"https:\/\/fundacioncajaruraldelsur.com\/pt\/la-fundacion-caja-rural-del-sur-entrega-en-cordoba-los-premios-ricardo-lopez-crespo-2021\/","og_locale":"pt_PT","og_type":"article","og_title":"La Fundaci\u00f3n Caja Rural del Sur entrega en C\u00f3rdoba los premios \u00abRicardo L\u00f3pez Crespo\u00bb 2021 - Fundaci\u00f3n Caja Rural del Sur","og_description":"En el transcurso de la entrega por la Fundaci\u00f3n Caja Rural del Sur de los X premios anuales \u2018Ricardo L\u00f3pez Crespo\u2019, en la tarde de este mi\u00e9rcoles en el C\u00edrculo [&hellip;]","og_url":"https:\/\/fundacioncajaruraldelsur.com\/pt\/la-fundacion-caja-rural-del-sur-entrega-en-cordoba-los-premios-ricardo-lopez-crespo-2021\/","og_site_name":"Fundaci\u00f3n Caja Rural del Sur","article_published_time":"2021-04-29T07:22:28+00:00","article_modified_time":"2021-04-29T11:59:59+00:00","og_image":[{"width":2560,"height":1707,"url":"https:\/\/fundacioncajaruraldelsur.com\/wp-content\/uploads\/2021\/04\/210428.-Intervencion-del-presidente-de-Caja-Rural-del-Sur-y-sun-Fundacion.-scaled.jpg","type":"image\/jpeg"}],"author":"Comunicaci\u00f3n","twitter_card":"summary_large_image","twitter_misc":{"Written by":"Comunicaci\u00f3n","Est. reading time":"4 minutes"},"schema":{"@context":"https:\/\/schema.org","@graph":[{"@type":"Article","@id":"https:\/\/fundacioncajaruraldelsur.com\/la-fundacion-caja-rural-del-sur-entrega-en-cordoba-los-premios-ricardo-lopez-crespo-2021\/#article","isPartOf":{"@id":"https:\/\/fundacioncajaruraldelsur.com\/la-fundacion-caja-rural-del-sur-entrega-en-cordoba-los-premios-ricardo-lopez-crespo-2021\/"},"author":{"name":"Comunicaci\u00f3n","@id":"https:\/\/fundacioncajaruraldelsur.com\/#\/schema\/person\/f430da9fb783d505ff061ad8b3d44577"},"headline":"La Fundaci\u00f3n Caja Rural del Sur entrega en C\u00f3rdoba los premios \u00abRicardo L\u00f3pez Crespo\u00bb 2021","datePublished":"2021-04-29T07:22:28+00:00","dateModified":"2021-04-29T11:59:59+00:00","mainEntityOfPage":{"@id":"https:\/\/fundacioncajaruraldelsur.com\/la-fundacion-caja-rural-del-sur-entrega-en-cordoba-los-premios-ricardo-lopez-crespo-2021\/"},"wordCount":732,"image":{"@id":"https:\/\/fundacioncajaruraldelsur.com\/la-fundacion-caja-rural-del-sur-entrega-en-cordoba-los-premios-ricardo-lopez-crespo-2021\/#primaryimage"},"thumbnailUrl":"https:\/\/fundacioncajaruraldelsur.com\/wp-content\/uploads\/2021\/04\/210428.-Intervencion-del-presidente-de-Caja-Rural-del-Sur-y-sun-Fundacion.-scaled.jpg","articleSection":["Premios"],"inLanguage":"pt-PT"},{"@type":"WebPage","@id":"https:\/\/fundacioncajaruraldelsur.com\/la-fundacion-caja-rural-del-sur-entrega-en-cordoba-los-premios-ricardo-lopez-crespo-2021\/","url":"https:\/\/fundacioncajaruraldelsur.com\/la-fundacion-caja-rural-del-sur-entrega-en-cordoba-los-premios-ricardo-lopez-crespo-2021\/","name":"La Fundaci\u00f3n Caja Rural del Sur entrega en C\u00f3rdoba los premios \u00abRicardo L\u00f3pez Crespo\u00bb 2021 - Fundaci\u00f3n Caja Rural del Sur","isPartOf":{"@id":"https:\/\/fundacioncajaruraldelsur.com\/#website"},"primaryImageOfPage":{"@id":"https:\/\/fundacioncajaruraldelsur.com\/la-fundacion-caja-rural-del-sur-entrega-en-cordoba-los-premios-ricardo-lopez-crespo-2021\/#primaryimage"},"image":{"@id":"https:\/\/fundacioncajaruraldelsur.com\/la-fundacion-caja-rural-del-sur-entrega-en-cordoba-los-premios-ricardo-lopez-crespo-2021\/#primaryimage"},"thumbnailUrl":"https:\/\/fundacioncajaruraldelsur.com\/wp-content\/uploads\/2021\/04\/210428.-Intervencion-del-presidente-de-Caja-Rural-del-Sur-y-sun-Fundacion.-scaled.jpg","datePublished":"2021-04-29T07:22:28+00:00","dateModified":"2021-04-29T11:59:59+00:00","author":{"@id":"https:\/\/fundacioncajaruraldelsur.com\/#\/schema\/person\/f430da9fb783d505ff061ad8b3d44577"},"breadcrumb":{"@id":"https:\/\/fundacioncajaruraldelsur.com\/la-fundacion-caja-rural-del-sur-entrega-en-cordoba-los-premios-ricardo-lopez-crespo-2021\/#breadcrumb"},"inLanguage":"pt-PT","potentialAction":[{"@type":"ReadAction","target":["https:\/\/fundacioncajaruraldelsur.com\/la-fundacion-caja-rural-del-sur-entrega-en-cordoba-los-premios-ricardo-lopez-crespo-2021\/"]}]},{"@type":"ImageObject","inLanguage":"pt-PT","@id":"https:\/\/fundacioncajaruraldelsur.com\/la-fundacion-caja-rural-del-sur-entrega-en-cordoba-los-premios-ricardo-lopez-crespo-2021\/#primaryimage","url":"https:\/\/fundacioncajaruraldelsur.com\/wp-content\/uploads\/2021\/04\/210428.-Intervencion-del-presidente-de-Caja-Rural-del-Sur-y-sun-Fundacion.-scaled.jpg","contentUrl":"https:\/\/fundacioncajaruraldelsur.com\/wp-content\/uploads\/2021\/04\/210428.-Intervencion-del-presidente-de-Caja-Rural-del-Sur-y-sun-Fundacion.-scaled.jpg","width":2560,"height":1707},{"@type":"BreadcrumbList","@id":"https:\/\/fundacioncajaruraldelsur.com\/la-fundacion-caja-rural-del-sur-entrega-en-cordoba-los-premios-ricardo-lopez-crespo-2021\/#breadcrumb","itemListElement":[{"@type":"ListItem","position":1,"name":"Portada","item":"https:\/\/fundacioncajaruraldelsur.com\/"},{"@type":"ListItem","position":2,"name":"La Fundaci\u00f3n Caja Rural del Sur entrega en C\u00f3rdoba los premios \u00abRicardo L\u00f3pez Crespo\u00bb 2021"}]},{"@type":"WebSite","@id":"https:\/\/fundacioncajaruraldelsur.com\/#website","url":"https:\/\/fundacioncajaruraldelsur.com\/","name":"Funda\u00e7\u00e3o Caja Rural del Sur","description":"","potentialAction":[{"@type":"SearchAction","target":{"@type":"EntryPoint","urlTemplate":"https:\/\/fundacioncajaruraldelsur.com\/?s={search_term_string}"},"query-input":{"@type":"PropertyValueSpecification","valueRequired":true,"valueName":"search_term_string"}}],"inLanguage":"pt-PT"},{"@type":"Person","@id":"https:\/\/fundacioncajaruraldelsur.com\/#\/schema\/person\/f430da9fb783d505ff061ad8b3d44577","name":"Comunicaci\u00f3n","image":{"@type":"ImageObject","inLanguage":"pt-PT","@id":"https:\/\/secure.gravatar.com\/avatar\/0dca239875993680bac4603ad2de7942da018f52cc3a244578e0b3b09314a8d8?s=96&d=blank&r=g","url":"https:\/\/secure.gravatar.com\/avatar\/0dca239875993680bac4603ad2de7942da018f52cc3a244578e0b3b09314a8d8?s=96&d=blank&r=g","contentUrl":"https:\/\/secure.gravatar.com\/avatar\/0dca239875993680bac4603ad2de7942da018f52cc3a244578e0b3b09314a8d8?s=96&d=blank&r=g","caption":"Comunicaci\u00f3n"}}]}},"rttpg_featured_image_url":{"full":["https:\/\/fundacioncajaruraldelsur.com\/wp-content\/uploads\/2021\/04\/210428.-Intervencion-del-presidente-de-Caja-Rural-del-Sur-y-sun-Fundacion.-scaled.jpg",2560,1707,false],"landscape":["https:\/\/fundacioncajaruraldelsur.com\/wp-content\/uploads\/2021\/04\/210428.-Intervencion-del-presidente-de-Caja-Rural-del-Sur-y-sun-Fundacion.-scaled.jpg",2560,1707,false],"portraits":["https:\/\/fundacioncajaruraldelsur.com\/wp-content\/uploads\/2021\/04\/210428.-Intervencion-del-presidente-de-Caja-Rural-del-Sur-y-sun-Fundacion.-scaled.jpg",2560,1707,false],"thumbnail":["https:\/\/fundacioncajaruraldelsur.com\/wp-content\/uploads\/2021\/04\/210428.-Intervencion-del-presidente-de-Caja-Rural-del-Sur-y-sun-Fundacion.-150x150.jpg",150,150,true],"medium":["https:\/\/fundacioncajaruraldelsur.com\/wp-content\/uploads\/2021\/04\/210428.-Intervencion-del-presidente-de-Caja-Rural-del-Sur-y-sun-Fundacion.-300x200.jpg",300,200,true],"large":["https:\/\/fundacioncajaruraldelsur.com\/wp-content\/uploads\/2021\/04\/210428.-Intervencion-del-presidente-de-Caja-Rural-del-Sur-y-sun-Fundacion.-1024x683.jpg",960,640,true],"1536x1536":["https:\/\/fundacioncajaruraldelsur.com\/wp-content\/uploads\/2021\/04\/210428.-Intervencion-del-presidente-de-Caja-Rural-del-Sur-y-sun-Fundacion.-1536x1024.jpg",1536,1024,true],"2048x2048":["https:\/\/fundacioncajaruraldelsur.com\/wp-content\/uploads\/2021\/04\/210428.-Intervencion-del-presidente-de-Caja-Rural-del-Sur-y-sun-Fundacion.-2048x1365.jpg",2048,1365,true],"trp-custom-language-flag":["https:\/\/fundacioncajaruraldelsur.com\/wp-content\/uploads\/2021\/04\/210428.-Intervencion-del-presidente-de-Caja-Rural-del-Sur-y-sun-Fundacion.-scaled.jpg",18,12,false],"blog-thumbnail":["https:\/\/fundacioncajaruraldelsur.com\/wp-content\/uploads\/2021\/04\/210428.-Intervencion-del-presidente-de-Caja-Rural-del-Sur-y-sun-Fundacion.-400x200.jpg",400,200,true]},"rttpg_author":{"display_name":"Comunicaci\u00f3n","author_link":"https:\/\/fundacioncajaruraldelsur.com\/pt\/author\/sevillaadmin\/"},"rttpg_comment":0,"rttpg_category":"<a href=\"https:\/\/fundacioncajaruraldelsur.com\/pt\/category\/premios\/\" rel=\"category tag\">Premios<\/a>","rttpg_excerpt":"En el transcurso de la entrega por la Fundaci\u00f3n Caja Rural del Sur de los X premios anuales \u2018Ricardo L\u00f3pez Crespo\u2019, en la tarde de este mi\u00e9rcoles en el C\u00edrculo [&hellip;]","_links":{"self":[{"href":"https:\/\/fundacioncajaruraldelsur.com\/pt\/wp-json\/wp\/v2\/posts\/6358","targetHints":{"allow":["GET"]}}],"collection":[{"href":"https:\/\/fundacioncajaruraldelsur.com\/pt\/wp-json\/wp\/v2\/posts"}],"about":[{"href":"https:\/\/fundacioncajaruraldelsur.com\/pt\/wp-json\/wp\/v2\/types\/post"}],"author":[{"embeddable":true,"href":"https:\/\/fundacioncajaruraldelsur.com\/pt\/wp-json\/wp\/v2\/users\/6"}],"replies":[{"embeddable":true,"href":"https:\/\/fundacioncajaruraldelsur.com\/pt\/wp-json\/wp\/v2\/comments?post=6358"}],"version-history":[{"count":5,"href":"https:\/\/fundacioncajaruraldelsur.com\/pt\/wp-json\/wp\/v2\/posts\/6358\/revisions"}],"predecessor-version":[{"id":6365,"href":"https:\/\/fundacioncajaruraldelsur.com\/pt\/wp-json\/wp\/v2\/posts\/6358\/revisions\/6365"}],"wp:featuredmedia":[{"embeddable":true,"href":"https:\/\/fundacioncajaruraldelsur.com\/pt\/wp-json\/wp\/v2\/media\/6360"}],"wp:attachment":[{"href":"https:\/\/fundacioncajaruraldelsur.com\/pt\/wp-json\/wp\/v2\/media?parent=6358"}],"wp:term":[{"taxonomy":"category","embeddable":true,"href":"https:\/\/fundacioncajaruraldelsur.com\/pt\/wp-json\/wp\/v2\/categories?post=6358"},{"taxonomy":"post_tag","embeddable":true,"href":"https:\/\/fundacioncajaruraldelsur.com\/pt\/wp-json\/wp\/v2\/tags?post=6358"}],"curies":[{"name":"wp","href":"https:\/\/api.w.org\/{rel}","templated":true}]}}