{"id":6352,"date":"2021-04-26T16:37:09","date_gmt":"2021-04-26T14:37:09","guid":{"rendered":"\/?p=6352"},"modified":"2021-04-26T16:38:57","modified_gmt":"2021-04-26T14:38:57","slug":"acto-de-entrega-de-la-x-edicion-de-los-premios-ricardo-lopez-crespo-de-fundacion-caja-rural-del-sur","status":"publish","type":"post","link":"https:\/\/fundacioncajaruraldelsur.com\/pt\/acto-de-entrega-de-la-x-edicion-de-los-premios-ricardo-lopez-crespo-de-fundacion-caja-rural-del-sur\/","title":{"rendered":"Acto de entrega de la X Edici\u00f3n de los Premios Ricardo L\u00f3pez Crespo de Fundaci\u00f3n Caja Rural del Sur"},"content":{"rendered":"<p>El C\u00edrculo de la Amistad de C\u00f3rdoba acoge este mi\u00e9rcoles, d\u00eda 28 de abril, a las 18.00 horas, el acto de entrega de los X Premios Ricardo L\u00f3pez Crespo que anualmente convoca la Fundaci\u00f3n Caja Rural del Sur con el fin de distinguir a las mejores iniciativas cordobesas de car\u00e1cter empresarial, social, cultural y en materia de innovaci\u00f3n. Al acto asistir\u00e1 el presidente de Caja Rural del Sur y de su Fundaci\u00f3n, adem\u00e1s de distintas autoridades pol\u00edticas, econ\u00f3micas y sociales de la provincia.<\/p>\n<p>La empresa Events San Crist\u00f3bal S.L.U.; la Federaci\u00f3n Madinat (Federaci\u00f3n Provincial Cordobesa de Drogodependencias y SIDA); la recuperaci\u00f3n del Camino Moz\u00e1rabe a Santiago a su paso por Alcaracejos, promovida por el Ayuntamiento de la localidad; el estudio \u201cInnovaci\u00f3n en la sanidad del olivar a trav\u00e9s de tratamientos al suelo con hongos entomopat\u00f3genos frente a la mosca del olivo y sus beneficios adicionales sobre la planta\u201d, llevado a cabo por los doctores Enrique Quesada, Inmaculada Garrido y Meelad Yousef, de la UCO; y la graduada Elisa Vega Mart\u00ednez, de la ETSIAM, han sido los elegidos por los distintos jurados para recibir los premios \u2018Ricardo L\u00f3pez Crespo\u2019 de Fundaci\u00f3n Caja Rural del Sur en su X edici\u00f3n.<\/p>\n<p>Asimismo, en esta convocatoria, se han otorgado tres acc\u00e9sits, uno en la categor\u00eda de Iniciativas Empresariales promovidas por j\u00f3venes emprendedores a la empresa Visiona Producciones Audiovisuales S.L., con su proyecto Droning, y otros dos en la categor\u00eda de Acci\u00f3n Social Solidaria, a la Fundaci\u00f3n La Arruzafa y la Fundaci\u00f3n Magtel.<\/p>\n<p>En todos los jurados ha estado presente M.\u00aa Dolores Moreno, de Fundaci\u00f3n Caja Rural del Sur, actuando como secretaria, y los siguientes miembros por categor\u00edas:<\/p>\n<p>&#8211;\u00a0\u00a0\u00a0\u00a0\u00a0\u00a0\u00a0 \u2018Proyectos de I+D+i en el \u00e1mbito de la actividad agroalimentaria\u2019. Ricardo L\u00f3pez-Crespo, vicepresidente de Caja Rural del Sur; Rosa Mar\u00eda Gallardo, directora de la ETSIAM; Rosario Moyano Salvado, decana de la facultad de Veterinaria; e Ignacio Fern\u00e1ndez de Mesa, presidente de Asaja C\u00f3rdoba.<\/p>\n<p>&#8211;\u00a0\u00a0\u00a0\u00a0\u00a0\u00a0\u00a0 \u2018Acci\u00f3n Social Solidaria\u2019. Francisco de Paula S\u00e1nchez, presidente de la Audiencia Provincial de C\u00f3rdoba; Eva Timoteo, delegada de Servicios Sociales del Ayuntamiento de C\u00f3rdoba; Alfonso Fern\u00e1ndez, director de la Fundaci\u00f3n Emet Arco Iris; Francisco Mu\u00f1oz, presidente del Consejo Social UCO; y Pedro Mart\u00ednez, director de Unidad de Negocio en Caja Rural del Sur.<\/p>\n<p>&#8211;\u00a0\u00a0\u00a0\u00a0\u00a0\u00a0\u00a0 \u2018Recuperaci\u00f3n del Patrimonio Hist\u00f3rico-Art\u00edstico Provincial\u2019. Jos\u00e9 Cosano, director de la Real Academia de C\u00f3rdoba, Ana Verd\u00fa, directora del Archivo Municipal; Antonio Vallejo, director del Conjunto Arqueol\u00f3gico de Medina Azahara; y Eva Delgado, coordinadora general de Cultura y Patrimonio Hist\u00f3rico del Ayuntamiento de C\u00f3rdoba.<\/p>\n<p>&#8211;\u00a0\u00a0\u00a0\u00a0\u00a0\u00a0\u00a0 \u2018Iniciativas Empresariales promovidas por j\u00f3venes emprendedores\u2019. Antonio D\u00edaz, presidente de CECO y la C\u00e1mara de Comercio; F\u00e9lix Almagro, presidente de AJE C\u00f3rdoba; Isabel Alb\u00e1s, delegada de Desarrollo Econ\u00f3mico del Ayuntamiento de C\u00f3rdoba, D. Francisco Poyato, director de ABC C\u00f3rdoba; y Jes\u00fas Coca, presidente de Asfaco.<\/p>\n<p>&#8211;\u00a0\u00a0\u00a0\u00a0\u00a0\u00a0\u00a0 \u2018Mejor expediente acad\u00e9mico de los alumnos de Grado de la Universidad de C\u00f3rdoba\u2019. Lorenzo Salas, vicerrector de Universidad Digital y Planificaci\u00f3n Estrat\u00e9gica, en representaci\u00f3n del rector; Salvador L\u00f3pez, catedr\u00e1tico de Lengua Espa\u00f1ola; Loreto Lunar, catedr\u00e1tica de Qu\u00edmica Anal\u00edtica; Carmen Tarradas, catedr\u00e1tica de Sanidad Vegetal; M.\u00aa Carmen del Campillo, catedr\u00e1tica de Producci\u00f3n Vegetal; y Juan Antonio Moriana, profesor titular de Personalidad, Evaluaci\u00f3n y Tratamiento Psicol\u00f3gico.<\/p>\n<p>Estos premios est\u00e1n dotados econ\u00f3micamente con 4.000 euros en cada una de las categor\u00edas, recibiendo cada premiado tambi\u00e9n una estatuilla aleg\u00f3rica de Fundaci\u00f3n Caja Rural del Sur. En la foto, miembros del jurado de Patrimonio de los Premios Ricardo L\u00f3pez Crespo de Fundaci\u00f3n Caja Rural del Sur.<\/p>","protected":false},"excerpt":{"rendered":"<p>El C\u00edrculo de la Amistad de C\u00f3rdoba acoge este mi\u00e9rcoles, d\u00eda 28 de abril, a las 18.00 horas, el acto de entrega de los X Premios Ricardo L\u00f3pez Crespo que [&hellip;]<\/p>\n","protected":false},"author":6,"featured_media":6353,"comment_status":"closed","ping_status":"closed","sticky":false,"template":"","format":"standard","meta":{"footnotes":""},"categories":[1],"tags":[],"class_list":["post-6352","post","type-post","status-publish","format-standard","has-post-thumbnail","hentry","category-sin-categoria"],"yoast_head":"<!-- This site is optimized with the Yoast SEO plugin v27.3 - https:\/\/yoast.com\/product\/yoast-seo-wordpress\/ -->\n<title>Acto de entrega de la X Edici\u00f3n de los Premios Ricardo L\u00f3pez Crespo de Fundaci\u00f3n Caja Rural del Sur - Fundaci\u00f3n Caja Rural del Sur<\/title>\n<meta name=\"robots\" content=\"index, follow, max-snippet:-1, max-image-preview:large, max-video-preview:-1\" \/>\n<link rel=\"canonical\" href=\"https:\/\/fundacioncajaruraldelsur.com\/pt\/acto-de-entrega-de-la-x-edicion-de-los-premios-ricardo-lopez-crespo-de-fundacion-caja-rural-del-sur\/\" \/>\n<meta property=\"og:locale\" content=\"pt_PT\" \/>\n<meta property=\"og:type\" content=\"article\" \/>\n<meta property=\"og:title\" content=\"Acto de entrega de la X Edici\u00f3n de los Premios Ricardo L\u00f3pez Crespo de Fundaci\u00f3n Caja Rural del Sur - Fundaci\u00f3n Caja Rural del Sur\" \/>\n<meta property=\"og:description\" content=\"El C\u00edrculo de la Amistad de C\u00f3rdoba acoge este mi\u00e9rcoles, d\u00eda 28 de abril, a las 18.00 horas, el acto de entrega de los X Premios Ricardo L\u00f3pez Crespo que [&hellip;]\" \/>\n<meta property=\"og:url\" content=\"https:\/\/fundacioncajaruraldelsur.com\/pt\/acto-de-entrega-de-la-x-edicion-de-los-premios-ricardo-lopez-crespo-de-fundacion-caja-rural-del-sur\/\" \/>\n<meta property=\"og:site_name\" content=\"Fundaci\u00f3n Caja Rural del Sur\" \/>\n<meta property=\"article:published_time\" content=\"2021-04-26T14:37:09+00:00\" \/>\n<meta property=\"article:modified_time\" content=\"2021-04-26T14:38:57+00:00\" \/>\n<meta property=\"og:image\" content=\"https:\/\/fundacioncajaruraldelsur.com\/wp-content\/uploads\/2021\/04\/210426.-En-la-foto-los-miembros-del-jurado-de-Patrimonio-de-los-Premios-Ricardo-Lopez-Crespo-de-Fundacion-Caja-Rual-del-Sur.jpg\" \/>\n\t<meta property=\"og:image:width\" content=\"1280\" \/>\n\t<meta property=\"og:image:height\" content=\"960\" \/>\n\t<meta property=\"og:image:type\" content=\"image\/jpeg\" \/>\n<meta name=\"author\" content=\"Comunicaci\u00f3n\" \/>\n<meta name=\"twitter:card\" content=\"summary_large_image\" \/>\n<meta name=\"twitter:label1\" content=\"Written by\" \/>\n\t<meta name=\"twitter:data1\" content=\"Comunicaci\u00f3n\" \/>\n\t<meta name=\"twitter:label2\" content=\"Est. reading time\" \/>\n\t<meta name=\"twitter:data2\" content=\"3 minutes\" \/>\n<script type=\"application\/ld+json\" class=\"yoast-schema-graph\">{\"@context\":\"https:\\\/\\\/schema.org\",\"@graph\":[{\"@type\":\"Article\",\"@id\":\"https:\\\/\\\/fundacioncajaruraldelsur.com\\\/acto-de-entrega-de-la-x-edicion-de-los-premios-ricardo-lopez-crespo-de-fundacion-caja-rural-del-sur\\\/#article\",\"isPartOf\":{\"@id\":\"https:\\\/\\\/fundacioncajaruraldelsur.com\\\/acto-de-entrega-de-la-x-edicion-de-los-premios-ricardo-lopez-crespo-de-fundacion-caja-rural-del-sur\\\/\"},\"author\":{\"name\":\"Comunicaci\u00f3n\",\"@id\":\"https:\\\/\\\/fundacioncajaruraldelsur.com\\\/#\\\/schema\\\/person\\\/f430da9fb783d505ff061ad8b3d44577\"},\"headline\":\"Acto de entrega de la X Edici\u00f3n de los Premios Ricardo L\u00f3pez Crespo de Fundaci\u00f3n Caja Rural del Sur\",\"datePublished\":\"2021-04-26T14:37:09+00:00\",\"dateModified\":\"2021-04-26T14:38:57+00:00\",\"mainEntityOfPage\":{\"@id\":\"https:\\\/\\\/fundacioncajaruraldelsur.com\\\/acto-de-entrega-de-la-x-edicion-de-los-premios-ricardo-lopez-crespo-de-fundacion-caja-rural-del-sur\\\/\"},\"wordCount\":683,\"image\":{\"@id\":\"https:\\\/\\\/fundacioncajaruraldelsur.com\\\/acto-de-entrega-de-la-x-edicion-de-los-premios-ricardo-lopez-crespo-de-fundacion-caja-rural-del-sur\\\/#primaryimage\"},\"thumbnailUrl\":\"https:\\\/\\\/fundacioncajaruraldelsur.com\\\/wp-content\\\/uploads\\\/2021\\\/04\\\/210426.-En-la-foto-los-miembros-del-jurado-de-Patrimonio-de-los-Premios-Ricardo-Lopez-Crespo-de-Fundacion-Caja-Rual-del-Sur.jpg\",\"articleSection\":[\"Sin categor\u00eda\"],\"inLanguage\":\"pt-PT\"},{\"@type\":\"WebPage\",\"@id\":\"https:\\\/\\\/fundacioncajaruraldelsur.com\\\/acto-de-entrega-de-la-x-edicion-de-los-premios-ricardo-lopez-crespo-de-fundacion-caja-rural-del-sur\\\/\",\"url\":\"https:\\\/\\\/fundacioncajaruraldelsur.com\\\/acto-de-entrega-de-la-x-edicion-de-los-premios-ricardo-lopez-crespo-de-fundacion-caja-rural-del-sur\\\/\",\"name\":\"Acto de entrega de la X Edici\u00f3n de los Premios Ricardo L\u00f3pez Crespo de Fundaci\u00f3n Caja Rural del Sur - Fundaci\u00f3n Caja Rural del Sur\",\"isPartOf\":{\"@id\":\"https:\\\/\\\/fundacioncajaruraldelsur.com\\\/#website\"},\"primaryImageOfPage\":{\"@id\":\"https:\\\/\\\/fundacioncajaruraldelsur.com\\\/acto-de-entrega-de-la-x-edicion-de-los-premios-ricardo-lopez-crespo-de-fundacion-caja-rural-del-sur\\\/#primaryimage\"},\"image\":{\"@id\":\"https:\\\/\\\/fundacioncajaruraldelsur.com\\\/acto-de-entrega-de-la-x-edicion-de-los-premios-ricardo-lopez-crespo-de-fundacion-caja-rural-del-sur\\\/#primaryimage\"},\"thumbnailUrl\":\"https:\\\/\\\/fundacioncajaruraldelsur.com\\\/wp-content\\\/uploads\\\/2021\\\/04\\\/210426.-En-la-foto-los-miembros-del-jurado-de-Patrimonio-de-los-Premios-Ricardo-Lopez-Crespo-de-Fundacion-Caja-Rual-del-Sur.jpg\",\"datePublished\":\"2021-04-26T14:37:09+00:00\",\"dateModified\":\"2021-04-26T14:38:57+00:00\",\"author\":{\"@id\":\"https:\\\/\\\/fundacioncajaruraldelsur.com\\\/#\\\/schema\\\/person\\\/f430da9fb783d505ff061ad8b3d44577\"},\"breadcrumb\":{\"@id\":\"https:\\\/\\\/fundacioncajaruraldelsur.com\\\/acto-de-entrega-de-la-x-edicion-de-los-premios-ricardo-lopez-crespo-de-fundacion-caja-rural-del-sur\\\/#breadcrumb\"},\"inLanguage\":\"pt-PT\",\"potentialAction\":[{\"@type\":\"ReadAction\",\"target\":[\"https:\\\/\\\/fundacioncajaruraldelsur.com\\\/acto-de-entrega-de-la-x-edicion-de-los-premios-ricardo-lopez-crespo-de-fundacion-caja-rural-del-sur\\\/\"]}]},{\"@type\":\"ImageObject\",\"inLanguage\":\"pt-PT\",\"@id\":\"https:\\\/\\\/fundacioncajaruraldelsur.com\\\/acto-de-entrega-de-la-x-edicion-de-los-premios-ricardo-lopez-crespo-de-fundacion-caja-rural-del-sur\\\/#primaryimage\",\"url\":\"https:\\\/\\\/fundacioncajaruraldelsur.com\\\/wp-content\\\/uploads\\\/2021\\\/04\\\/210426.-En-la-foto-los-miembros-del-jurado-de-Patrimonio-de-los-Premios-Ricardo-Lopez-Crespo-de-Fundacion-Caja-Rual-del-Sur.jpg\",\"contentUrl\":\"https:\\\/\\\/fundacioncajaruraldelsur.com\\\/wp-content\\\/uploads\\\/2021\\\/04\\\/210426.-En-la-foto-los-miembros-del-jurado-de-Patrimonio-de-los-Premios-Ricardo-Lopez-Crespo-de-Fundacion-Caja-Rual-del-Sur.jpg\",\"width\":1280,\"height\":960,\"caption\":\"Miembros-del-jurado-de-Patrimonio-de-los-Premios-Ricardo-Lopez-Crespo-de-Fundacion-Caja-Rual-del-Sur.\"},{\"@type\":\"BreadcrumbList\",\"@id\":\"https:\\\/\\\/fundacioncajaruraldelsur.com\\\/acto-de-entrega-de-la-x-edicion-de-los-premios-ricardo-lopez-crespo-de-fundacion-caja-rural-del-sur\\\/#breadcrumb\",\"itemListElement\":[{\"@type\":\"ListItem\",\"position\":1,\"name\":\"Portada\",\"item\":\"https:\\\/\\\/fundacioncajaruraldelsur.com\\\/\"},{\"@type\":\"ListItem\",\"position\":2,\"name\":\"Acto de entrega de la X Edici\u00f3n de los Premios Ricardo L\u00f3pez Crespo de Fundaci\u00f3n Caja Rural del Sur\"}]},{\"@type\":\"WebSite\",\"@id\":\"https:\\\/\\\/fundacioncajaruraldelsur.com\\\/#website\",\"url\":\"https:\\\/\\\/fundacioncajaruraldelsur.com\\\/\",\"name\":\"Fundaci\u00f3n Caja Rural del Sur\",\"description\":\"\",\"potentialAction\":[{\"@type\":\"SearchAction\",\"target\":{\"@type\":\"EntryPoint\",\"urlTemplate\":\"https:\\\/\\\/fundacioncajaruraldelsur.com\\\/?s={search_term_string}\"},\"query-input\":{\"@type\":\"PropertyValueSpecification\",\"valueRequired\":true,\"valueName\":\"search_term_string\"}}],\"inLanguage\":\"pt-PT\"},{\"@type\":\"Person\",\"@id\":\"https:\\\/\\\/fundacioncajaruraldelsur.com\\\/#\\\/schema\\\/person\\\/f430da9fb783d505ff061ad8b3d44577\",\"name\":\"Comunicaci\u00f3n\",\"image\":{\"@type\":\"ImageObject\",\"inLanguage\":\"pt-PT\",\"@id\":\"https:\\\/\\\/secure.gravatar.com\\\/avatar\\\/0dca239875993680bac4603ad2de7942da018f52cc3a244578e0b3b09314a8d8?s=96&d=blank&r=g\",\"url\":\"https:\\\/\\\/secure.gravatar.com\\\/avatar\\\/0dca239875993680bac4603ad2de7942da018f52cc3a244578e0b3b09314a8d8?s=96&d=blank&r=g\",\"contentUrl\":\"https:\\\/\\\/secure.gravatar.com\\\/avatar\\\/0dca239875993680bac4603ad2de7942da018f52cc3a244578e0b3b09314a8d8?s=96&d=blank&r=g\",\"caption\":\"Comunicaci\u00f3n\"}}]}<\/script>\n<!-- \/ Yoast SEO plugin. -->","yoast_head_json":{"title":"Acto de entrega de la X Edici\u00f3n de los Premios Ricardo L\u00f3pez Crespo de Fundaci\u00f3n Caja Rural del Sur - Fundaci\u00f3n Caja Rural del Sur","robots":{"index":"index","follow":"follow","max-snippet":"max-snippet:-1","max-image-preview":"max-image-preview:large","max-video-preview":"max-video-preview:-1"},"canonical":"https:\/\/fundacioncajaruraldelsur.com\/pt\/acto-de-entrega-de-la-x-edicion-de-los-premios-ricardo-lopez-crespo-de-fundacion-caja-rural-del-sur\/","og_locale":"pt_PT","og_type":"article","og_title":"Acto de entrega de la X Edici\u00f3n de los Premios Ricardo L\u00f3pez Crespo de Fundaci\u00f3n Caja Rural del Sur - Fundaci\u00f3n Caja Rural del Sur","og_description":"El C\u00edrculo de la Amistad de C\u00f3rdoba acoge este mi\u00e9rcoles, d\u00eda 28 de abril, a las 18.00 horas, el acto de entrega de los X Premios Ricardo L\u00f3pez Crespo que [&hellip;]","og_url":"https:\/\/fundacioncajaruraldelsur.com\/pt\/acto-de-entrega-de-la-x-edicion-de-los-premios-ricardo-lopez-crespo-de-fundacion-caja-rural-del-sur\/","og_site_name":"Fundaci\u00f3n Caja Rural del Sur","article_published_time":"2021-04-26T14:37:09+00:00","article_modified_time":"2021-04-26T14:38:57+00:00","og_image":[{"width":1280,"height":960,"url":"https:\/\/fundacioncajaruraldelsur.com\/wp-content\/uploads\/2021\/04\/210426.-En-la-foto-los-miembros-del-jurado-de-Patrimonio-de-los-Premios-Ricardo-Lopez-Crespo-de-Fundacion-Caja-Rual-del-Sur.jpg","type":"image\/jpeg"}],"author":"Comunicaci\u00f3n","twitter_card":"summary_large_image","twitter_misc":{"Written by":"Comunicaci\u00f3n","Est. reading time":"3 minutes"},"schema":{"@context":"https:\/\/schema.org","@graph":[{"@type":"Article","@id":"https:\/\/fundacioncajaruraldelsur.com\/acto-de-entrega-de-la-x-edicion-de-los-premios-ricardo-lopez-crespo-de-fundacion-caja-rural-del-sur\/#article","isPartOf":{"@id":"https:\/\/fundacioncajaruraldelsur.com\/acto-de-entrega-de-la-x-edicion-de-los-premios-ricardo-lopez-crespo-de-fundacion-caja-rural-del-sur\/"},"author":{"name":"Comunicaci\u00f3n","@id":"https:\/\/fundacioncajaruraldelsur.com\/#\/schema\/person\/f430da9fb783d505ff061ad8b3d44577"},"headline":"Acto de entrega de la X Edici\u00f3n de los Premios Ricardo L\u00f3pez Crespo de Fundaci\u00f3n Caja Rural del Sur","datePublished":"2021-04-26T14:37:09+00:00","dateModified":"2021-04-26T14:38:57+00:00","mainEntityOfPage":{"@id":"https:\/\/fundacioncajaruraldelsur.com\/acto-de-entrega-de-la-x-edicion-de-los-premios-ricardo-lopez-crespo-de-fundacion-caja-rural-del-sur\/"},"wordCount":683,"image":{"@id":"https:\/\/fundacioncajaruraldelsur.com\/acto-de-entrega-de-la-x-edicion-de-los-premios-ricardo-lopez-crespo-de-fundacion-caja-rural-del-sur\/#primaryimage"},"thumbnailUrl":"https:\/\/fundacioncajaruraldelsur.com\/wp-content\/uploads\/2021\/04\/210426.-En-la-foto-los-miembros-del-jurado-de-Patrimonio-de-los-Premios-Ricardo-Lopez-Crespo-de-Fundacion-Caja-Rual-del-Sur.jpg","articleSection":["Sin categor\u00eda"],"inLanguage":"pt-PT"},{"@type":"WebPage","@id":"https:\/\/fundacioncajaruraldelsur.com\/acto-de-entrega-de-la-x-edicion-de-los-premios-ricardo-lopez-crespo-de-fundacion-caja-rural-del-sur\/","url":"https:\/\/fundacioncajaruraldelsur.com\/acto-de-entrega-de-la-x-edicion-de-los-premios-ricardo-lopez-crespo-de-fundacion-caja-rural-del-sur\/","name":"Acto de entrega de la X Edici\u00f3n de los Premios Ricardo L\u00f3pez Crespo de Fundaci\u00f3n Caja Rural del Sur - Fundaci\u00f3n Caja Rural del Sur","isPartOf":{"@id":"https:\/\/fundacioncajaruraldelsur.com\/#website"},"primaryImageOfPage":{"@id":"https:\/\/fundacioncajaruraldelsur.com\/acto-de-entrega-de-la-x-edicion-de-los-premios-ricardo-lopez-crespo-de-fundacion-caja-rural-del-sur\/#primaryimage"},"image":{"@id":"https:\/\/fundacioncajaruraldelsur.com\/acto-de-entrega-de-la-x-edicion-de-los-premios-ricardo-lopez-crespo-de-fundacion-caja-rural-del-sur\/#primaryimage"},"thumbnailUrl":"https:\/\/fundacioncajaruraldelsur.com\/wp-content\/uploads\/2021\/04\/210426.-En-la-foto-los-miembros-del-jurado-de-Patrimonio-de-los-Premios-Ricardo-Lopez-Crespo-de-Fundacion-Caja-Rual-del-Sur.jpg","datePublished":"2021-04-26T14:37:09+00:00","dateModified":"2021-04-26T14:38:57+00:00","author":{"@id":"https:\/\/fundacioncajaruraldelsur.com\/#\/schema\/person\/f430da9fb783d505ff061ad8b3d44577"},"breadcrumb":{"@id":"https:\/\/fundacioncajaruraldelsur.com\/acto-de-entrega-de-la-x-edicion-de-los-premios-ricardo-lopez-crespo-de-fundacion-caja-rural-del-sur\/#breadcrumb"},"inLanguage":"pt-PT","potentialAction":[{"@type":"ReadAction","target":["https:\/\/fundacioncajaruraldelsur.com\/acto-de-entrega-de-la-x-edicion-de-los-premios-ricardo-lopez-crespo-de-fundacion-caja-rural-del-sur\/"]}]},{"@type":"ImageObject","inLanguage":"pt-PT","@id":"https:\/\/fundacioncajaruraldelsur.com\/acto-de-entrega-de-la-x-edicion-de-los-premios-ricardo-lopez-crespo-de-fundacion-caja-rural-del-sur\/#primaryimage","url":"https:\/\/fundacioncajaruraldelsur.com\/wp-content\/uploads\/2021\/04\/210426.-En-la-foto-los-miembros-del-jurado-de-Patrimonio-de-los-Premios-Ricardo-Lopez-Crespo-de-Fundacion-Caja-Rual-del-Sur.jpg","contentUrl":"https:\/\/fundacioncajaruraldelsur.com\/wp-content\/uploads\/2021\/04\/210426.-En-la-foto-los-miembros-del-jurado-de-Patrimonio-de-los-Premios-Ricardo-Lopez-Crespo-de-Fundacion-Caja-Rual-del-Sur.jpg","width":1280,"height":960,"caption":"Miembros-del-jurado-de-Patrimonio-de-los-Premios-Ricardo-Lopez-Crespo-de-Fundacion-Caja-Rual-del-Sur."},{"@type":"BreadcrumbList","@id":"https:\/\/fundacioncajaruraldelsur.com\/acto-de-entrega-de-la-x-edicion-de-los-premios-ricardo-lopez-crespo-de-fundacion-caja-rural-del-sur\/#breadcrumb","itemListElement":[{"@type":"ListItem","position":1,"name":"Portada","item":"https:\/\/fundacioncajaruraldelsur.com\/"},{"@type":"ListItem","position":2,"name":"Acto de entrega de la X Edici\u00f3n de los Premios Ricardo L\u00f3pez Crespo de Fundaci\u00f3n Caja Rural del Sur"}]},{"@type":"WebSite","@id":"https:\/\/fundacioncajaruraldelsur.com\/#website","url":"https:\/\/fundacioncajaruraldelsur.com\/","name":"Funda\u00e7\u00e3o Caja Rural del Sur","description":"","potentialAction":[{"@type":"SearchAction","target":{"@type":"EntryPoint","urlTemplate":"https:\/\/fundacioncajaruraldelsur.com\/?s={search_term_string}"},"query-input":{"@type":"PropertyValueSpecification","valueRequired":true,"valueName":"search_term_string"}}],"inLanguage":"pt-PT"},{"@type":"Person","@id":"https:\/\/fundacioncajaruraldelsur.com\/#\/schema\/person\/f430da9fb783d505ff061ad8b3d44577","name":"Comunicaci\u00f3n","image":{"@type":"ImageObject","inLanguage":"pt-PT","@id":"https:\/\/secure.gravatar.com\/avatar\/0dca239875993680bac4603ad2de7942da018f52cc3a244578e0b3b09314a8d8?s=96&d=blank&r=g","url":"https:\/\/secure.gravatar.com\/avatar\/0dca239875993680bac4603ad2de7942da018f52cc3a244578e0b3b09314a8d8?s=96&d=blank&r=g","contentUrl":"https:\/\/secure.gravatar.com\/avatar\/0dca239875993680bac4603ad2de7942da018f52cc3a244578e0b3b09314a8d8?s=96&d=blank&r=g","caption":"Comunicaci\u00f3n"}}]}},"rttpg_featured_image_url":{"full":["https:\/\/fundacioncajaruraldelsur.com\/wp-content\/uploads\/2021\/04\/210426.-En-la-foto-los-miembros-del-jurado-de-Patrimonio-de-los-Premios-Ricardo-Lopez-Crespo-de-Fundacion-Caja-Rual-del-Sur.jpg",1280,960,false],"landscape":["https:\/\/fundacioncajaruraldelsur.com\/wp-content\/uploads\/2021\/04\/210426.-En-la-foto-los-miembros-del-jurado-de-Patrimonio-de-los-Premios-Ricardo-Lopez-Crespo-de-Fundacion-Caja-Rual-del-Sur.jpg",1280,960,false],"portraits":["https:\/\/fundacioncajaruraldelsur.com\/wp-content\/uploads\/2021\/04\/210426.-En-la-foto-los-miembros-del-jurado-de-Patrimonio-de-los-Premios-Ricardo-Lopez-Crespo-de-Fundacion-Caja-Rual-del-Sur.jpg",1280,960,false],"thumbnail":["https:\/\/fundacioncajaruraldelsur.com\/wp-content\/uploads\/2021\/04\/210426.-En-la-foto-los-miembros-del-jurado-de-Patrimonio-de-los-Premios-Ricardo-Lopez-Crespo-de-Fundacion-Caja-Rual-del-Sur-150x150.jpg",150,150,true],"medium":["https:\/\/fundacioncajaruraldelsur.com\/wp-content\/uploads\/2021\/04\/210426.-En-la-foto-los-miembros-del-jurado-de-Patrimonio-de-los-Premios-Ricardo-Lopez-Crespo-de-Fundacion-Caja-Rual-del-Sur-300x225.jpg",300,225,true],"large":["https:\/\/fundacioncajaruraldelsur.com\/wp-content\/uploads\/2021\/04\/210426.-En-la-foto-los-miembros-del-jurado-de-Patrimonio-de-los-Premios-Ricardo-Lopez-Crespo-de-Fundacion-Caja-Rual-del-Sur-1024x768.jpg",960,720,true],"1536x1536":["https:\/\/fundacioncajaruraldelsur.com\/wp-content\/uploads\/2021\/04\/210426.-En-la-foto-los-miembros-del-jurado-de-Patrimonio-de-los-Premios-Ricardo-Lopez-Crespo-de-Fundacion-Caja-Rual-del-Sur.jpg",1280,960,false],"2048x2048":["https:\/\/fundacioncajaruraldelsur.com\/wp-content\/uploads\/2021\/04\/210426.-En-la-foto-los-miembros-del-jurado-de-Patrimonio-de-los-Premios-Ricardo-Lopez-Crespo-de-Fundacion-Caja-Rual-del-Sur.jpg",1280,960,false],"trp-custom-language-flag":["https:\/\/fundacioncajaruraldelsur.com\/wp-content\/uploads\/2021\/04\/210426.-En-la-foto-los-miembros-del-jurado-de-Patrimonio-de-los-Premios-Ricardo-Lopez-Crespo-de-Fundacion-Caja-Rual-del-Sur.jpg",16,12,false],"blog-thumbnail":["https:\/\/fundacioncajaruraldelsur.com\/wp-content\/uploads\/2021\/04\/210426.-En-la-foto-los-miembros-del-jurado-de-Patrimonio-de-los-Premios-Ricardo-Lopez-Crespo-de-Fundacion-Caja-Rual-del-Sur-400x200.jpg",400,200,true]},"rttpg_author":{"display_name":"Comunicaci\u00f3n","author_link":"https:\/\/fundacioncajaruraldelsur.com\/pt\/author\/sevillaadmin\/"},"rttpg_comment":0,"rttpg_category":"<a href=\"https:\/\/fundacioncajaruraldelsur.com\/pt\/category\/sin-categoria\/\" rel=\"category tag\">Sin categor\u00eda<\/a>","rttpg_excerpt":"El C\u00edrculo de la Amistad de C\u00f3rdoba acoge este mi\u00e9rcoles, d\u00eda 28 de abril, a las 18.00 horas, el acto de entrega de los X Premios Ricardo L\u00f3pez Crespo que [&hellip;]","_links":{"self":[{"href":"https:\/\/fundacioncajaruraldelsur.com\/pt\/wp-json\/wp\/v2\/posts\/6352","targetHints":{"allow":["GET"]}}],"collection":[{"href":"https:\/\/fundacioncajaruraldelsur.com\/pt\/wp-json\/wp\/v2\/posts"}],"about":[{"href":"https:\/\/fundacioncajaruraldelsur.com\/pt\/wp-json\/wp\/v2\/types\/post"}],"author":[{"embeddable":true,"href":"https:\/\/fundacioncajaruraldelsur.com\/pt\/wp-json\/wp\/v2\/users\/6"}],"replies":[{"embeddable":true,"href":"https:\/\/fundacioncajaruraldelsur.com\/pt\/wp-json\/wp\/v2\/comments?post=6352"}],"version-history":[{"count":3,"href":"https:\/\/fundacioncajaruraldelsur.com\/pt\/wp-json\/wp\/v2\/posts\/6352\/revisions"}],"predecessor-version":[{"id":6356,"href":"https:\/\/fundacioncajaruraldelsur.com\/pt\/wp-json\/wp\/v2\/posts\/6352\/revisions\/6356"}],"wp:featuredmedia":[{"embeddable":true,"href":"https:\/\/fundacioncajaruraldelsur.com\/pt\/wp-json\/wp\/v2\/media\/6353"}],"wp:attachment":[{"href":"https:\/\/fundacioncajaruraldelsur.com\/pt\/wp-json\/wp\/v2\/media?parent=6352"}],"wp:term":[{"taxonomy":"category","embeddable":true,"href":"https:\/\/fundacioncajaruraldelsur.com\/pt\/wp-json\/wp\/v2\/categories?post=6352"},{"taxonomy":"post_tag","embeddable":true,"href":"https:\/\/fundacioncajaruraldelsur.com\/pt\/wp-json\/wp\/v2\/tags?post=6352"}],"curies":[{"name":"wp","href":"https:\/\/api.w.org\/{rel}","templated":true}]}}