{"id":6277,"date":"2021-04-01T14:57:25","date_gmt":"2021-04-01T12:57:25","guid":{"rendered":"\/?p=6277"},"modified":"2021-04-01T14:57:25","modified_gmt":"2021-04-01T12:57:25","slug":"fundacion-caja-rural-del-sur-y-la-academia-iberoamericana-de-la-rabida-estrechan-lazos-para-sus-actividades","status":"publish","type":"post","link":"https:\/\/fundacioncajaruraldelsur.com\/pt\/fundacion-caja-rural-del-sur-y-la-academia-iberoamericana-de-la-rabida-estrechan-lazos-para-sus-actividades\/","title":{"rendered":"Fundaci\u00f3n Caja Rural del Sur y la Academia Iberoamericana de La R\u00e1bida estrechan lazos para sus actividades"},"content":{"rendered":"<p>Tanto desde la Fundaci\u00f3n Caja Rural del Sur como desde la Academia Iberoamericana de La R\u00e1bida, que viene celebrando sus actos en el Centro Cultural \u2018Jos\u00e9 Luis Garc\u00eda Palacios\u2019 de Huelva, se trabaja en estrechar lazos en sus objetivos comunes, dada la importancia que ambas entidades otorgan al contexto cultural y de investigaci\u00f3n en Huelva.<\/p>\n<p>Por tal motivo, los presidentes de Fundaci\u00f3n Caja Rural del Sur, Jos\u00e9 Luis Garc\u00eda-Palacios \u00c1lvarez, y de la Academia Iberoamericana de La R\u00e1bida, Sixto Romero S\u00e1nchez, han firmado un acuerdo de colaboraci\u00f3n para el a\u00f1o 2021 con el fin de impulsar el programa de actividades elaborado por la Academia.<\/p>\n<p>Desde su creaci\u00f3n, la Academia Iberoamericana de La R\u00e1bida, como asociaci\u00f3n sin \u00e1nimo de lucro, tiene como fin impulsar y desarrollar actividades que redunden en la mejora de nuestro entorno cultural y social y en este contexto ha elaborado un proyecto consistente en reflejar, a trav\u00e9s de reconocidos especialistas y en la voz de sus propios autores, el estado actual de la literatura en Huelva, as\u00ed como rescatar del olvido aquellas voces relevantes que permanecen injustamente relegadas por propios y extra\u00f1os proponiendo para ello su programa de actividades.<\/p>\n<p>Por su parte, la Fundaci\u00f3n Caja Rural del Sur tiene entre sus objetivos contribuir al desarrollo en su zona de actuaci\u00f3n y por ello quiere sumarse al esfuerzo de divulgar, analizar y debatir sobre las principales cuestiones que busca la Academia Iberoamericana de La R\u00e1bida al organizar sus eventos peri\u00f3dicos.<\/p>","protected":false},"excerpt":{"rendered":"<p>Tanto desde la Fundaci\u00f3n Caja Rural del Sur como desde la Academia Iberoamericana de La R\u00e1bida, que viene celebrando sus actos en el Centro Cultural \u2018Jos\u00e9 Luis Garc\u00eda Palacios\u2019 de [&hellip;]<\/p>\n","protected":false},"author":6,"featured_media":6278,"comment_status":"closed","ping_status":"closed","sticky":false,"template":"","format":"standard","meta":{"footnotes":""},"categories":[70,69],"tags":[],"class_list":["post-6277","post","type-post","status-publish","format-standard","has-post-thumbnail","hentry","category-accion-social","category-colaboracion"],"yoast_head":"<!-- This site is optimized with the Yoast SEO plugin v27.3 - https:\/\/yoast.com\/product\/yoast-seo-wordpress\/ -->\n<title>Fundaci\u00f3n Caja Rural del Sur y la Academia Iberoamericana de La R\u00e1bida estrechan lazos para sus actividades - Fundaci\u00f3n Caja Rural del Sur<\/title>\n<meta name=\"robots\" content=\"index, follow, max-snippet:-1, max-image-preview:large, max-video-preview:-1\" \/>\n<link rel=\"canonical\" href=\"https:\/\/fundacioncajaruraldelsur.com\/pt\/fundacion-caja-rural-del-sur-y-la-academia-iberoamericana-de-la-rabida-estrechan-lazos-para-sus-actividades\/\" \/>\n<meta property=\"og:locale\" content=\"pt_PT\" \/>\n<meta property=\"og:type\" content=\"article\" \/>\n<meta property=\"og:title\" content=\"Fundaci\u00f3n Caja Rural del Sur y la Academia Iberoamericana de La R\u00e1bida estrechan lazos para sus actividades - Fundaci\u00f3n Caja Rural del Sur\" \/>\n<meta property=\"og:description\" content=\"Tanto desde la Fundaci\u00f3n Caja Rural del Sur como desde la Academia Iberoamericana de La R\u00e1bida, que viene celebrando sus actos en el Centro Cultural \u2018Jos\u00e9 Luis Garc\u00eda Palacios\u2019 de [&hellip;]\" \/>\n<meta property=\"og:url\" content=\"https:\/\/fundacioncajaruraldelsur.com\/pt\/fundacion-caja-rural-del-sur-y-la-academia-iberoamericana-de-la-rabida-estrechan-lazos-para-sus-actividades\/\" \/>\n<meta property=\"og:site_name\" content=\"Fundaci\u00f3n Caja Rural del Sur\" \/>\n<meta property=\"article:published_time\" content=\"2021-04-01T12:57:25+00:00\" \/>\n<meta property=\"og:image\" content=\"https:\/\/fundacioncajaruraldelsur.com\/wp-content\/uploads\/2021\/04\/210331.-Sixto-Romero-y-Jose-Luis-Garcia-Palacios-tras-la-firma-del-convenio..jpg\" \/>\n\t<meta property=\"og:image:width\" content=\"1024\" \/>\n\t<meta property=\"og:image:height\" content=\"768\" \/>\n\t<meta property=\"og:image:type\" content=\"image\/jpeg\" \/>\n<meta name=\"author\" content=\"Comunicaci\u00f3n\" \/>\n<meta name=\"twitter:card\" content=\"summary_large_image\" \/>\n<meta name=\"twitter:label1\" content=\"Written by\" \/>\n\t<meta name=\"twitter:data1\" content=\"Comunicaci\u00f3n\" \/>\n\t<meta name=\"twitter:label2\" content=\"Est. reading time\" \/>\n\t<meta name=\"twitter:data2\" content=\"1 minute\" \/>\n<script type=\"application\/ld+json\" class=\"yoast-schema-graph\">{\"@context\":\"https:\\\/\\\/schema.org\",\"@graph\":[{\"@type\":\"Article\",\"@id\":\"https:\\\/\\\/fundacioncajaruraldelsur.com\\\/fundacion-caja-rural-del-sur-y-la-academia-iberoamericana-de-la-rabida-estrechan-lazos-para-sus-actividades\\\/#article\",\"isPartOf\":{\"@id\":\"https:\\\/\\\/fundacioncajaruraldelsur.com\\\/fundacion-caja-rural-del-sur-y-la-academia-iberoamericana-de-la-rabida-estrechan-lazos-para-sus-actividades\\\/\"},\"author\":{\"name\":\"Comunicaci\u00f3n\",\"@id\":\"https:\\\/\\\/fundacioncajaruraldelsur.com\\\/#\\\/schema\\\/person\\\/f430da9fb783d505ff061ad8b3d44577\"},\"headline\":\"Fundaci\u00f3n Caja Rural del Sur y la Academia Iberoamericana de La R\u00e1bida estrechan lazos para sus actividades\",\"datePublished\":\"2021-04-01T12:57:25+00:00\",\"mainEntityOfPage\":{\"@id\":\"https:\\\/\\\/fundacioncajaruraldelsur.com\\\/fundacion-caja-rural-del-sur-y-la-academia-iberoamericana-de-la-rabida-estrechan-lazos-para-sus-actividades\\\/\"},\"wordCount\":279,\"image\":{\"@id\":\"https:\\\/\\\/fundacioncajaruraldelsur.com\\\/fundacion-caja-rural-del-sur-y-la-academia-iberoamericana-de-la-rabida-estrechan-lazos-para-sus-actividades\\\/#primaryimage\"},\"thumbnailUrl\":\"https:\\\/\\\/fundacioncajaruraldelsur.com\\\/wp-content\\\/uploads\\\/2021\\\/04\\\/210331.-Sixto-Romero-y-Jose-Luis-Garcia-Palacios-tras-la-firma-del-convenio..jpg\",\"articleSection\":[\"Acci\u00f3n social\",\"Colaboraci\u00f3n\"],\"inLanguage\":\"pt-PT\"},{\"@type\":\"WebPage\",\"@id\":\"https:\\\/\\\/fundacioncajaruraldelsur.com\\\/fundacion-caja-rural-del-sur-y-la-academia-iberoamericana-de-la-rabida-estrechan-lazos-para-sus-actividades\\\/\",\"url\":\"https:\\\/\\\/fundacioncajaruraldelsur.com\\\/fundacion-caja-rural-del-sur-y-la-academia-iberoamericana-de-la-rabida-estrechan-lazos-para-sus-actividades\\\/\",\"name\":\"Fundaci\u00f3n Caja Rural del Sur y la Academia Iberoamericana de La R\u00e1bida estrechan lazos para sus actividades - Fundaci\u00f3n Caja Rural del Sur\",\"isPartOf\":{\"@id\":\"https:\\\/\\\/fundacioncajaruraldelsur.com\\\/#website\"},\"primaryImageOfPage\":{\"@id\":\"https:\\\/\\\/fundacioncajaruraldelsur.com\\\/fundacion-caja-rural-del-sur-y-la-academia-iberoamericana-de-la-rabida-estrechan-lazos-para-sus-actividades\\\/#primaryimage\"},\"image\":{\"@id\":\"https:\\\/\\\/fundacioncajaruraldelsur.com\\\/fundacion-caja-rural-del-sur-y-la-academia-iberoamericana-de-la-rabida-estrechan-lazos-para-sus-actividades\\\/#primaryimage\"},\"thumbnailUrl\":\"https:\\\/\\\/fundacioncajaruraldelsur.com\\\/wp-content\\\/uploads\\\/2021\\\/04\\\/210331.-Sixto-Romero-y-Jose-Luis-Garcia-Palacios-tras-la-firma-del-convenio..jpg\",\"datePublished\":\"2021-04-01T12:57:25+00:00\",\"author\":{\"@id\":\"https:\\\/\\\/fundacioncajaruraldelsur.com\\\/#\\\/schema\\\/person\\\/f430da9fb783d505ff061ad8b3d44577\"},\"breadcrumb\":{\"@id\":\"https:\\\/\\\/fundacioncajaruraldelsur.com\\\/fundacion-caja-rural-del-sur-y-la-academia-iberoamericana-de-la-rabida-estrechan-lazos-para-sus-actividades\\\/#breadcrumb\"},\"inLanguage\":\"pt-PT\",\"potentialAction\":[{\"@type\":\"ReadAction\",\"target\":[\"https:\\\/\\\/fundacioncajaruraldelsur.com\\\/fundacion-caja-rural-del-sur-y-la-academia-iberoamericana-de-la-rabida-estrechan-lazos-para-sus-actividades\\\/\"]}]},{\"@type\":\"ImageObject\",\"inLanguage\":\"pt-PT\",\"@id\":\"https:\\\/\\\/fundacioncajaruraldelsur.com\\\/fundacion-caja-rural-del-sur-y-la-academia-iberoamericana-de-la-rabida-estrechan-lazos-para-sus-actividades\\\/#primaryimage\",\"url\":\"https:\\\/\\\/fundacioncajaruraldelsur.com\\\/wp-content\\\/uploads\\\/2021\\\/04\\\/210331.-Sixto-Romero-y-Jose-Luis-Garcia-Palacios-tras-la-firma-del-convenio..jpg\",\"contentUrl\":\"https:\\\/\\\/fundacioncajaruraldelsur.com\\\/wp-content\\\/uploads\\\/2021\\\/04\\\/210331.-Sixto-Romero-y-Jose-Luis-Garcia-Palacios-tras-la-firma-del-convenio..jpg\",\"width\":1024,\"height\":768},{\"@type\":\"BreadcrumbList\",\"@id\":\"https:\\\/\\\/fundacioncajaruraldelsur.com\\\/fundacion-caja-rural-del-sur-y-la-academia-iberoamericana-de-la-rabida-estrechan-lazos-para-sus-actividades\\\/#breadcrumb\",\"itemListElement\":[{\"@type\":\"ListItem\",\"position\":1,\"name\":\"Portada\",\"item\":\"https:\\\/\\\/fundacioncajaruraldelsur.com\\\/\"},{\"@type\":\"ListItem\",\"position\":2,\"name\":\"Fundaci\u00f3n Caja Rural del Sur y la Academia Iberoamericana de La R\u00e1bida estrechan lazos para sus actividades\"}]},{\"@type\":\"WebSite\",\"@id\":\"https:\\\/\\\/fundacioncajaruraldelsur.com\\\/#website\",\"url\":\"https:\\\/\\\/fundacioncajaruraldelsur.com\\\/\",\"name\":\"Fundaci\u00f3n Caja Rural del Sur\",\"description\":\"\",\"potentialAction\":[{\"@type\":\"SearchAction\",\"target\":{\"@type\":\"EntryPoint\",\"urlTemplate\":\"https:\\\/\\\/fundacioncajaruraldelsur.com\\\/?s={search_term_string}\"},\"query-input\":{\"@type\":\"PropertyValueSpecification\",\"valueRequired\":true,\"valueName\":\"search_term_string\"}}],\"inLanguage\":\"pt-PT\"},{\"@type\":\"Person\",\"@id\":\"https:\\\/\\\/fundacioncajaruraldelsur.com\\\/#\\\/schema\\\/person\\\/f430da9fb783d505ff061ad8b3d44577\",\"name\":\"Comunicaci\u00f3n\",\"image\":{\"@type\":\"ImageObject\",\"inLanguage\":\"pt-PT\",\"@id\":\"https:\\\/\\\/secure.gravatar.com\\\/avatar\\\/0dca239875993680bac4603ad2de7942da018f52cc3a244578e0b3b09314a8d8?s=96&d=blank&r=g\",\"url\":\"https:\\\/\\\/secure.gravatar.com\\\/avatar\\\/0dca239875993680bac4603ad2de7942da018f52cc3a244578e0b3b09314a8d8?s=96&d=blank&r=g\",\"contentUrl\":\"https:\\\/\\\/secure.gravatar.com\\\/avatar\\\/0dca239875993680bac4603ad2de7942da018f52cc3a244578e0b3b09314a8d8?s=96&d=blank&r=g\",\"caption\":\"Comunicaci\u00f3n\"}}]}<\/script>\n<!-- \/ Yoast SEO plugin. -->","yoast_head_json":{"title":"Fundaci\u00f3n Caja Rural del Sur y la Academia Iberoamericana de La R\u00e1bida estrechan lazos para sus actividades - Fundaci\u00f3n Caja Rural del Sur","robots":{"index":"index","follow":"follow","max-snippet":"max-snippet:-1","max-image-preview":"max-image-preview:large","max-video-preview":"max-video-preview:-1"},"canonical":"https:\/\/fundacioncajaruraldelsur.com\/pt\/fundacion-caja-rural-del-sur-y-la-academia-iberoamericana-de-la-rabida-estrechan-lazos-para-sus-actividades\/","og_locale":"pt_PT","og_type":"article","og_title":"Fundaci\u00f3n Caja Rural del Sur y la Academia Iberoamericana de La R\u00e1bida estrechan lazos para sus actividades - Fundaci\u00f3n Caja Rural del Sur","og_description":"Tanto desde la Fundaci\u00f3n Caja Rural del Sur como desde la Academia Iberoamericana de La R\u00e1bida, que viene celebrando sus actos en el Centro Cultural \u2018Jos\u00e9 Luis Garc\u00eda Palacios\u2019 de [&hellip;]","og_url":"https:\/\/fundacioncajaruraldelsur.com\/pt\/fundacion-caja-rural-del-sur-y-la-academia-iberoamericana-de-la-rabida-estrechan-lazos-para-sus-actividades\/","og_site_name":"Fundaci\u00f3n Caja Rural del Sur","article_published_time":"2021-04-01T12:57:25+00:00","og_image":[{"width":1024,"height":768,"url":"https:\/\/fundacioncajaruraldelsur.com\/wp-content\/uploads\/2021\/04\/210331.-Sixto-Romero-y-Jose-Luis-Garcia-Palacios-tras-la-firma-del-convenio..jpg","type":"image\/jpeg"}],"author":"Comunicaci\u00f3n","twitter_card":"summary_large_image","twitter_misc":{"Written by":"Comunicaci\u00f3n","Est. reading time":"1 minute"},"schema":{"@context":"https:\/\/schema.org","@graph":[{"@type":"Article","@id":"https:\/\/fundacioncajaruraldelsur.com\/fundacion-caja-rural-del-sur-y-la-academia-iberoamericana-de-la-rabida-estrechan-lazos-para-sus-actividades\/#article","isPartOf":{"@id":"https:\/\/fundacioncajaruraldelsur.com\/fundacion-caja-rural-del-sur-y-la-academia-iberoamericana-de-la-rabida-estrechan-lazos-para-sus-actividades\/"},"author":{"name":"Comunicaci\u00f3n","@id":"https:\/\/fundacioncajaruraldelsur.com\/#\/schema\/person\/f430da9fb783d505ff061ad8b3d44577"},"headline":"Fundaci\u00f3n Caja Rural del Sur y la Academia Iberoamericana de La R\u00e1bida estrechan lazos para sus actividades","datePublished":"2021-04-01T12:57:25+00:00","mainEntityOfPage":{"@id":"https:\/\/fundacioncajaruraldelsur.com\/fundacion-caja-rural-del-sur-y-la-academia-iberoamericana-de-la-rabida-estrechan-lazos-para-sus-actividades\/"},"wordCount":279,"image":{"@id":"https:\/\/fundacioncajaruraldelsur.com\/fundacion-caja-rural-del-sur-y-la-academia-iberoamericana-de-la-rabida-estrechan-lazos-para-sus-actividades\/#primaryimage"},"thumbnailUrl":"https:\/\/fundacioncajaruraldelsur.com\/wp-content\/uploads\/2021\/04\/210331.-Sixto-Romero-y-Jose-Luis-Garcia-Palacios-tras-la-firma-del-convenio..jpg","articleSection":["Acci\u00f3n social","Colaboraci\u00f3n"],"inLanguage":"pt-PT"},{"@type":"WebPage","@id":"https:\/\/fundacioncajaruraldelsur.com\/fundacion-caja-rural-del-sur-y-la-academia-iberoamericana-de-la-rabida-estrechan-lazos-para-sus-actividades\/","url":"https:\/\/fundacioncajaruraldelsur.com\/fundacion-caja-rural-del-sur-y-la-academia-iberoamericana-de-la-rabida-estrechan-lazos-para-sus-actividades\/","name":"Fundaci\u00f3n Caja Rural del Sur y la Academia Iberoamericana de La R\u00e1bida estrechan lazos para sus actividades - Fundaci\u00f3n Caja Rural del Sur","isPartOf":{"@id":"https:\/\/fundacioncajaruraldelsur.com\/#website"},"primaryImageOfPage":{"@id":"https:\/\/fundacioncajaruraldelsur.com\/fundacion-caja-rural-del-sur-y-la-academia-iberoamericana-de-la-rabida-estrechan-lazos-para-sus-actividades\/#primaryimage"},"image":{"@id":"https:\/\/fundacioncajaruraldelsur.com\/fundacion-caja-rural-del-sur-y-la-academia-iberoamericana-de-la-rabida-estrechan-lazos-para-sus-actividades\/#primaryimage"},"thumbnailUrl":"https:\/\/fundacioncajaruraldelsur.com\/wp-content\/uploads\/2021\/04\/210331.-Sixto-Romero-y-Jose-Luis-Garcia-Palacios-tras-la-firma-del-convenio..jpg","datePublished":"2021-04-01T12:57:25+00:00","author":{"@id":"https:\/\/fundacioncajaruraldelsur.com\/#\/schema\/person\/f430da9fb783d505ff061ad8b3d44577"},"breadcrumb":{"@id":"https:\/\/fundacioncajaruraldelsur.com\/fundacion-caja-rural-del-sur-y-la-academia-iberoamericana-de-la-rabida-estrechan-lazos-para-sus-actividades\/#breadcrumb"},"inLanguage":"pt-PT","potentialAction":[{"@type":"ReadAction","target":["https:\/\/fundacioncajaruraldelsur.com\/fundacion-caja-rural-del-sur-y-la-academia-iberoamericana-de-la-rabida-estrechan-lazos-para-sus-actividades\/"]}]},{"@type":"ImageObject","inLanguage":"pt-PT","@id":"https:\/\/fundacioncajaruraldelsur.com\/fundacion-caja-rural-del-sur-y-la-academia-iberoamericana-de-la-rabida-estrechan-lazos-para-sus-actividades\/#primaryimage","url":"https:\/\/fundacioncajaruraldelsur.com\/wp-content\/uploads\/2021\/04\/210331.-Sixto-Romero-y-Jose-Luis-Garcia-Palacios-tras-la-firma-del-convenio..jpg","contentUrl":"https:\/\/fundacioncajaruraldelsur.com\/wp-content\/uploads\/2021\/04\/210331.-Sixto-Romero-y-Jose-Luis-Garcia-Palacios-tras-la-firma-del-convenio..jpg","width":1024,"height":768},{"@type":"BreadcrumbList","@id":"https:\/\/fundacioncajaruraldelsur.com\/fundacion-caja-rural-del-sur-y-la-academia-iberoamericana-de-la-rabida-estrechan-lazos-para-sus-actividades\/#breadcrumb","itemListElement":[{"@type":"ListItem","position":1,"name":"Portada","item":"https:\/\/fundacioncajaruraldelsur.com\/"},{"@type":"ListItem","position":2,"name":"Fundaci\u00f3n Caja Rural del Sur y la Academia Iberoamericana de La R\u00e1bida estrechan lazos para sus actividades"}]},{"@type":"WebSite","@id":"https:\/\/fundacioncajaruraldelsur.com\/#website","url":"https:\/\/fundacioncajaruraldelsur.com\/","name":"Funda\u00e7\u00e3o Caja Rural del Sur","description":"","potentialAction":[{"@type":"SearchAction","target":{"@type":"EntryPoint","urlTemplate":"https:\/\/fundacioncajaruraldelsur.com\/?s={search_term_string}"},"query-input":{"@type":"PropertyValueSpecification","valueRequired":true,"valueName":"search_term_string"}}],"inLanguage":"pt-PT"},{"@type":"Person","@id":"https:\/\/fundacioncajaruraldelsur.com\/#\/schema\/person\/f430da9fb783d505ff061ad8b3d44577","name":"Comunicaci\u00f3n","image":{"@type":"ImageObject","inLanguage":"pt-PT","@id":"https:\/\/secure.gravatar.com\/avatar\/0dca239875993680bac4603ad2de7942da018f52cc3a244578e0b3b09314a8d8?s=96&d=blank&r=g","url":"https:\/\/secure.gravatar.com\/avatar\/0dca239875993680bac4603ad2de7942da018f52cc3a244578e0b3b09314a8d8?s=96&d=blank&r=g","contentUrl":"https:\/\/secure.gravatar.com\/avatar\/0dca239875993680bac4603ad2de7942da018f52cc3a244578e0b3b09314a8d8?s=96&d=blank&r=g","caption":"Comunicaci\u00f3n"}}]}},"rttpg_featured_image_url":{"full":["https:\/\/fundacioncajaruraldelsur.com\/wp-content\/uploads\/2021\/04\/210331.-Sixto-Romero-y-Jose-Luis-Garcia-Palacios-tras-la-firma-del-convenio..jpg",1024,768,false],"landscape":["https:\/\/fundacioncajaruraldelsur.com\/wp-content\/uploads\/2021\/04\/210331.-Sixto-Romero-y-Jose-Luis-Garcia-Palacios-tras-la-firma-del-convenio..jpg",1024,768,false],"portraits":["https:\/\/fundacioncajaruraldelsur.com\/wp-content\/uploads\/2021\/04\/210331.-Sixto-Romero-y-Jose-Luis-Garcia-Palacios-tras-la-firma-del-convenio..jpg",1024,768,false],"thumbnail":["https:\/\/fundacioncajaruraldelsur.com\/wp-content\/uploads\/2021\/04\/210331.-Sixto-Romero-y-Jose-Luis-Garcia-Palacios-tras-la-firma-del-convenio.-150x150.jpg",150,150,true],"medium":["https:\/\/fundacioncajaruraldelsur.com\/wp-content\/uploads\/2021\/04\/210331.-Sixto-Romero-y-Jose-Luis-Garcia-Palacios-tras-la-firma-del-convenio.-300x225.jpg",300,225,true],"large":["https:\/\/fundacioncajaruraldelsur.com\/wp-content\/uploads\/2021\/04\/210331.-Sixto-Romero-y-Jose-Luis-Garcia-Palacios-tras-la-firma-del-convenio..jpg",960,720,false],"1536x1536":["https:\/\/fundacioncajaruraldelsur.com\/wp-content\/uploads\/2021\/04\/210331.-Sixto-Romero-y-Jose-Luis-Garcia-Palacios-tras-la-firma-del-convenio..jpg",1024,768,false],"2048x2048":["https:\/\/fundacioncajaruraldelsur.com\/wp-content\/uploads\/2021\/04\/210331.-Sixto-Romero-y-Jose-Luis-Garcia-Palacios-tras-la-firma-del-convenio..jpg",1024,768,false],"trp-custom-language-flag":["https:\/\/fundacioncajaruraldelsur.com\/wp-content\/uploads\/2021\/04\/210331.-Sixto-Romero-y-Jose-Luis-Garcia-Palacios-tras-la-firma-del-convenio..jpg",16,12,false],"blog-thumbnail":["https:\/\/fundacioncajaruraldelsur.com\/wp-content\/uploads\/2021\/04\/210331.-Sixto-Romero-y-Jose-Luis-Garcia-Palacios-tras-la-firma-del-convenio.-400x200.jpg",400,200,true]},"rttpg_author":{"display_name":"Comunicaci\u00f3n","author_link":"https:\/\/fundacioncajaruraldelsur.com\/pt\/author\/sevillaadmin\/"},"rttpg_comment":0,"rttpg_category":"<a href=\"https:\/\/fundacioncajaruraldelsur.com\/pt\/category\/accion-social\/\" rel=\"category tag\">Acci\u00f3n social<\/a> <a href=\"https:\/\/fundacioncajaruraldelsur.com\/pt\/category\/colaboracion\/\" rel=\"category tag\">Colaboraci\u00f3n<\/a>","rttpg_excerpt":"Tanto desde la Fundaci\u00f3n Caja Rural del Sur como desde la Academia Iberoamericana de La R\u00e1bida, que viene celebrando sus actos en el Centro Cultural \u2018Jos\u00e9 Luis Garc\u00eda Palacios\u2019 de [&hellip;]","_links":{"self":[{"href":"https:\/\/fundacioncajaruraldelsur.com\/pt\/wp-json\/wp\/v2\/posts\/6277","targetHints":{"allow":["GET"]}}],"collection":[{"href":"https:\/\/fundacioncajaruraldelsur.com\/pt\/wp-json\/wp\/v2\/posts"}],"about":[{"href":"https:\/\/fundacioncajaruraldelsur.com\/pt\/wp-json\/wp\/v2\/types\/post"}],"author":[{"embeddable":true,"href":"https:\/\/fundacioncajaruraldelsur.com\/pt\/wp-json\/wp\/v2\/users\/6"}],"replies":[{"embeddable":true,"href":"https:\/\/fundacioncajaruraldelsur.com\/pt\/wp-json\/wp\/v2\/comments?post=6277"}],"version-history":[{"count":1,"href":"https:\/\/fundacioncajaruraldelsur.com\/pt\/wp-json\/wp\/v2\/posts\/6277\/revisions"}],"predecessor-version":[{"id":6279,"href":"https:\/\/fundacioncajaruraldelsur.com\/pt\/wp-json\/wp\/v2\/posts\/6277\/revisions\/6279"}],"wp:featuredmedia":[{"embeddable":true,"href":"https:\/\/fundacioncajaruraldelsur.com\/pt\/wp-json\/wp\/v2\/media\/6278"}],"wp:attachment":[{"href":"https:\/\/fundacioncajaruraldelsur.com\/pt\/wp-json\/wp\/v2\/media?parent=6277"}],"wp:term":[{"taxonomy":"category","embeddable":true,"href":"https:\/\/fundacioncajaruraldelsur.com\/pt\/wp-json\/wp\/v2\/categories?post=6277"},{"taxonomy":"post_tag","embeddable":true,"href":"https:\/\/fundacioncajaruraldelsur.com\/pt\/wp-json\/wp\/v2\/tags?post=6277"}],"curies":[{"name":"wp","href":"https:\/\/api.w.org\/{rel}","templated":true}]}}