{"id":6264,"date":"2021-03-19T19:48:04","date_gmt":"2021-03-19T17:48:04","guid":{"rendered":"\/?p=6264"},"modified":"2021-03-20T09:03:32","modified_gmt":"2021-03-20T07:03:32","slug":"exposicion-de-fotografias-de-miguel-temprano-hasta-el-31-de-marzo-en-fundacion-caja-rural-del-sur-de-huelva","status":"publish","type":"post","link":"https:\/\/fundacioncajaruraldelsur.com\/pt\/exposicion-de-fotografias-de-miguel-temprano-hasta-el-31-de-marzo-en-fundacion-caja-rural-del-sur-de-huelva\/","title":{"rendered":"Exposici\u00f3n de fotograf\u00edas de Miguel Temprano hasta el 31 de marzo en Fundaci\u00f3n Caja Rural del Sur de Huelva"},"content":{"rendered":"<p>Hasta el d\u00eda 31 de marzo, y en horario de ma\u00f1ana y tarde, estar\u00e1 abierta en el Centro Cultural \u2018Jos\u00e9 Luis Garc\u00eda Palacios\u2019 de Fundaci\u00f3n Caja Rural del Sur la exposici\u00f3n de fotograf\u00edas del periodista y fot\u00f3grafo gr\u00e1fico Miguel Temprano, que recoge la presencia de la Legi\u00f3n en Huelva el s\u00e1bado de Pasi\u00f3n del 2019 para procesionar al Cristo de la Veracruz de la Hermandad de la Oraci\u00f3n en el Huerto por primera vez despu\u00e9s de un siglo de espera.<\/p>\n<p>En el acto de inauguraci\u00f3n de la muestra, al que asisti\u00f3 una amplia representaci\u00f3n de mandos de la Legi\u00f3n, delegado de Defensa en Huelva, coronel jefe de la Guardia Civil, comandante de Marina y jefe de la Polic\u00eda Local de Huelva capital, el presidente de Caja Rural del Sur y su Fundaci\u00f3n, Jos\u00e9 Luis Garc\u00eda-Palacios \u00c1lvarez, elogi\u00f3 el trabajo de Miguel Temprano, a la vez que recordaba la vinculaci\u00f3n de la Legi\u00f3n con la Semana Santa, como el caso del Cristo de Mena en M\u00e1laga, y se sinti\u00f3 satisfecho de ejercer de \u2018embajador del Ej\u00e9rcito espa\u00f1ol\u2019 como le hab\u00eda solicitado el capit\u00e1n general de la Regi\u00f3n Sur en una reciente reuni\u00f3n.<\/p>\n<p>El hermano mayor de la Archicofrad\u00eda de la Vera Cruz y Oraci\u00f3n en el Huerto, Jos\u00e9 Carlos Garc\u00eda record\u00f3 la llegada a Huelva el Viernes de Dolores del 2019 de Grupo de Caballer\u00eda Ligero Acorazado \u201cReyes Cat\u00f3licos\u201d de la Brigada de la Legi\u00f3n \u201cRey Alfonso XIII\u201d , con sede en Ronda, para aceptar el nombramiento de manera oficial como hermano honorario \u00a0y participar en una celebraci\u00f3n dedicada al Cristo de la Vera Cruz, donde los miembros de la Legi\u00f3n -100 efectivos incluyendo una Escuadra de Gastadores y su Banda de Guerra y Honores &#8211; velaron y procesionaron a la sagrada imagen por las calles de Huelva, por primera vez despu\u00e9s de 100 a\u00f1os.<\/p>\n<p>El propio Miguel Temprano explic\u00f3 porque se quer\u00eda dejar constancia de dicho acontecimiento en Huelva y confesaba que la exposici\u00f3n de fotograf\u00edas ten\u00eda \u2018cierta trampa\u2019 ya que ahora, que se est\u00e1 conmemorando los 100 a\u00f1os de la fundaci\u00f3n de la Legi\u00f3n, hab\u00eda que recordar tambi\u00e9n al primer legionario ca\u00eddo muerto en combate el 7 de enero de 1921, Baltasar Queija Vega, nacido en Minas de Riotinto el 29 de marzo de 1900. Adem\u00e1s, en la destiler\u00eda \u2018Martes Santo\u2019, de la provincia de Huelva, se fabrica la famosa \u2018leche de pantera\u2019, el m\u00edtico c\u00f3ctel que beben los legionarios.<\/p>\n<p>Explic\u00f3 tambi\u00e9n la labor que hace la Fundaci\u00f3n \u2018Tercio de Extranjeros\u2019, que es quien hab\u00eda promovido la exposici\u00f3n que se inauguraba, que fue complementada por su presidente, el coronel Juan Antonio D\u00edaz, \u00a0para explicar que, como \u00a0entidad sin \u00e1nimo de lucro, su actuaci\u00f3n se inspiran en los valores de compa\u00f1erismo, lealtad, y solidaridad que forman parte de la esencia de las Fuerzas Armadas en general y de La Legi\u00f3n en particular y muestra de ello son las distintas casas de acogida que se han ido abriendo.<\/p>\n<p>El alcalde de Huelva, Gabriel Cruz, agradeci\u00f3 al presidente de Caja Rural del Sur y su Fundaci\u00f3n la labor que se desarrolla en el centro cultural que acoge la exposici\u00f3n y record\u00f3 la presencia de las fuerzas de la Legi\u00f3n en Huelva como un d\u00eda entra\u00f1able que \u201cquedara en la historia de la Semana Santa de Huelva\u201d y confiaba en que pronto se puede recuperar esta iniciativa de la Hermandad de la Oraci\u00f3n en el Huerto. Fue el p\u00e1rroco de la Concepci\u00f3n, sede can\u00f3niga de la cofrad\u00eda, quien se encarg\u00f3 de cerrar el acto invitando a visitar la muestra de fotograf\u00eda porque en cada una de ellas hay un \u201cmensaje evangelizador\u201d.<\/p>\n<p>&nbsp;<\/p>","protected":false},"excerpt":{"rendered":"<p>Hasta el d\u00eda 31 de marzo, y en horario de ma\u00f1ana y tarde, estar\u00e1 abierta en el Centro Cultural \u2018Jos\u00e9 Luis Garc\u00eda Palacios\u2019 de Fundaci\u00f3n Caja Rural del Sur la [&hellip;]<\/p>\n","protected":false},"author":6,"featured_media":6265,"comment_status":"closed","ping_status":"closed","sticky":false,"template":"","format":"standard","meta":{"footnotes":""},"categories":[82,1],"tags":[],"class_list":["post-6264","post","type-post","status-publish","format-standard","has-post-thumbnail","hentry","category-exposiciones","category-sin-categoria"],"yoast_head":"<!-- This site is optimized with the Yoast SEO plugin v27.3 - https:\/\/yoast.com\/product\/yoast-seo-wordpress\/ -->\n<title>Exposici\u00f3n de fotograf\u00edas de Miguel Temprano hasta el 31 de marzo en Fundaci\u00f3n Caja Rural del Sur de Huelva - Fundaci\u00f3n Caja Rural del Sur<\/title>\n<meta name=\"robots\" content=\"index, follow, max-snippet:-1, max-image-preview:large, max-video-preview:-1\" \/>\n<link rel=\"canonical\" href=\"https:\/\/fundacioncajaruraldelsur.com\/pt\/exposicion-de-fotografias-de-miguel-temprano-hasta-el-31-de-marzo-en-fundacion-caja-rural-del-sur-de-huelva\/\" \/>\n<meta property=\"og:locale\" content=\"pt_PT\" \/>\n<meta property=\"og:type\" content=\"article\" \/>\n<meta property=\"og:title\" content=\"Exposici\u00f3n de fotograf\u00edas de Miguel Temprano hasta el 31 de marzo en Fundaci\u00f3n Caja Rural del Sur de Huelva - Fundaci\u00f3n Caja Rural del Sur\" \/>\n<meta property=\"og:description\" content=\"Hasta el d\u00eda 31 de marzo, y en horario de ma\u00f1ana y tarde, estar\u00e1 abierta en el Centro Cultural \u2018Jos\u00e9 Luis Garc\u00eda Palacios\u2019 de Fundaci\u00f3n Caja Rural del Sur la [&hellip;]\" \/>\n<meta property=\"og:url\" content=\"https:\/\/fundacioncajaruraldelsur.com\/pt\/exposicion-de-fotografias-de-miguel-temprano-hasta-el-31-de-marzo-en-fundacion-caja-rural-del-sur-de-huelva\/\" \/>\n<meta property=\"og:site_name\" content=\"Fundaci\u00f3n Caja Rural del Sur\" \/>\n<meta property=\"article:published_time\" content=\"2021-03-19T17:48:04+00:00\" \/>\n<meta property=\"article:modified_time\" content=\"2021-03-20T07:03:32+00:00\" \/>\n<meta property=\"og:image\" content=\"https:\/\/fundacioncajaruraldelsur.com\/wp-content\/uploads\/2021\/03\/210319.-El-presidente-de-Caja-Rural-del-Sur-y-su-Fundacion-interviniendo-en-el-acto.37920-scaled.jpg\" \/>\n\t<meta property=\"og:image:width\" content=\"2560\" \/>\n\t<meta property=\"og:image:height\" content=\"1920\" \/>\n\t<meta property=\"og:image:type\" content=\"image\/jpeg\" \/>\n<meta name=\"author\" content=\"Comunicaci\u00f3n\" \/>\n<meta name=\"twitter:card\" content=\"summary_large_image\" \/>\n<meta name=\"twitter:label1\" content=\"Written by\" \/>\n\t<meta name=\"twitter:data1\" content=\"Comunicaci\u00f3n\" \/>\n\t<meta name=\"twitter:label2\" content=\"Est. reading time\" \/>\n\t<meta name=\"twitter:data2\" content=\"3 minutes\" \/>\n<script type=\"application\/ld+json\" class=\"yoast-schema-graph\">{\"@context\":\"https:\\\/\\\/schema.org\",\"@graph\":[{\"@type\":\"Article\",\"@id\":\"https:\\\/\\\/fundacioncajaruraldelsur.com\\\/exposicion-de-fotografias-de-miguel-temprano-hasta-el-31-de-marzo-en-fundacion-caja-rural-del-sur-de-huelva\\\/#article\",\"isPartOf\":{\"@id\":\"https:\\\/\\\/fundacioncajaruraldelsur.com\\\/exposicion-de-fotografias-de-miguel-temprano-hasta-el-31-de-marzo-en-fundacion-caja-rural-del-sur-de-huelva\\\/\"},\"author\":{\"name\":\"Comunicaci\u00f3n\",\"@id\":\"https:\\\/\\\/fundacioncajaruraldelsur.com\\\/#\\\/schema\\\/person\\\/f430da9fb783d505ff061ad8b3d44577\"},\"headline\":\"Exposici\u00f3n de fotograf\u00edas de Miguel Temprano hasta el 31 de marzo en Fundaci\u00f3n Caja Rural del Sur de Huelva\",\"datePublished\":\"2021-03-19T17:48:04+00:00\",\"dateModified\":\"2021-03-20T07:03:32+00:00\",\"mainEntityOfPage\":{\"@id\":\"https:\\\/\\\/fundacioncajaruraldelsur.com\\\/exposicion-de-fotografias-de-miguel-temprano-hasta-el-31-de-marzo-en-fundacion-caja-rural-del-sur-de-huelva\\\/\"},\"wordCount\":681,\"image\":{\"@id\":\"https:\\\/\\\/fundacioncajaruraldelsur.com\\\/exposicion-de-fotografias-de-miguel-temprano-hasta-el-31-de-marzo-en-fundacion-caja-rural-del-sur-de-huelva\\\/#primaryimage\"},\"thumbnailUrl\":\"https:\\\/\\\/fundacioncajaruraldelsur.com\\\/wp-content\\\/uploads\\\/2021\\\/03\\\/210319.-El-presidente-de-Caja-Rural-del-Sur-y-su-Fundacion-interviniendo-en-el-acto.37920-scaled.jpg\",\"articleSection\":[\"Exposiciones\",\"Sin categor\u00eda\"],\"inLanguage\":\"pt-PT\"},{\"@type\":\"WebPage\",\"@id\":\"https:\\\/\\\/fundacioncajaruraldelsur.com\\\/exposicion-de-fotografias-de-miguel-temprano-hasta-el-31-de-marzo-en-fundacion-caja-rural-del-sur-de-huelva\\\/\",\"url\":\"https:\\\/\\\/fundacioncajaruraldelsur.com\\\/exposicion-de-fotografias-de-miguel-temprano-hasta-el-31-de-marzo-en-fundacion-caja-rural-del-sur-de-huelva\\\/\",\"name\":\"Exposici\u00f3n de fotograf\u00edas de Miguel Temprano hasta el 31 de marzo en Fundaci\u00f3n Caja Rural del Sur de Huelva - Fundaci\u00f3n Caja Rural del Sur\",\"isPartOf\":{\"@id\":\"https:\\\/\\\/fundacioncajaruraldelsur.com\\\/#website\"},\"primaryImageOfPage\":{\"@id\":\"https:\\\/\\\/fundacioncajaruraldelsur.com\\\/exposicion-de-fotografias-de-miguel-temprano-hasta-el-31-de-marzo-en-fundacion-caja-rural-del-sur-de-huelva\\\/#primaryimage\"},\"image\":{\"@id\":\"https:\\\/\\\/fundacioncajaruraldelsur.com\\\/exposicion-de-fotografias-de-miguel-temprano-hasta-el-31-de-marzo-en-fundacion-caja-rural-del-sur-de-huelva\\\/#primaryimage\"},\"thumbnailUrl\":\"https:\\\/\\\/fundacioncajaruraldelsur.com\\\/wp-content\\\/uploads\\\/2021\\\/03\\\/210319.-El-presidente-de-Caja-Rural-del-Sur-y-su-Fundacion-interviniendo-en-el-acto.37920-scaled.jpg\",\"datePublished\":\"2021-03-19T17:48:04+00:00\",\"dateModified\":\"2021-03-20T07:03:32+00:00\",\"author\":{\"@id\":\"https:\\\/\\\/fundacioncajaruraldelsur.com\\\/#\\\/schema\\\/person\\\/f430da9fb783d505ff061ad8b3d44577\"},\"breadcrumb\":{\"@id\":\"https:\\\/\\\/fundacioncajaruraldelsur.com\\\/exposicion-de-fotografias-de-miguel-temprano-hasta-el-31-de-marzo-en-fundacion-caja-rural-del-sur-de-huelva\\\/#breadcrumb\"},\"inLanguage\":\"pt-PT\",\"potentialAction\":[{\"@type\":\"ReadAction\",\"target\":[\"https:\\\/\\\/fundacioncajaruraldelsur.com\\\/exposicion-de-fotografias-de-miguel-temprano-hasta-el-31-de-marzo-en-fundacion-caja-rural-del-sur-de-huelva\\\/\"]}]},{\"@type\":\"ImageObject\",\"inLanguage\":\"pt-PT\",\"@id\":\"https:\\\/\\\/fundacioncajaruraldelsur.com\\\/exposicion-de-fotografias-de-miguel-temprano-hasta-el-31-de-marzo-en-fundacion-caja-rural-del-sur-de-huelva\\\/#primaryimage\",\"url\":\"https:\\\/\\\/fundacioncajaruraldelsur.com\\\/wp-content\\\/uploads\\\/2021\\\/03\\\/210319.-El-presidente-de-Caja-Rural-del-Sur-y-su-Fundacion-interviniendo-en-el-acto.37920-scaled.jpg\",\"contentUrl\":\"https:\\\/\\\/fundacioncajaruraldelsur.com\\\/wp-content\\\/uploads\\\/2021\\\/03\\\/210319.-El-presidente-de-Caja-Rural-del-Sur-y-su-Fundacion-interviniendo-en-el-acto.37920-scaled.jpg\",\"width\":2560,\"height\":1920},{\"@type\":\"BreadcrumbList\",\"@id\":\"https:\\\/\\\/fundacioncajaruraldelsur.com\\\/exposicion-de-fotografias-de-miguel-temprano-hasta-el-31-de-marzo-en-fundacion-caja-rural-del-sur-de-huelva\\\/#breadcrumb\",\"itemListElement\":[{\"@type\":\"ListItem\",\"position\":1,\"name\":\"Portada\",\"item\":\"https:\\\/\\\/fundacioncajaruraldelsur.com\\\/\"},{\"@type\":\"ListItem\",\"position\":2,\"name\":\"Exposici\u00f3n de fotograf\u00edas de Miguel Temprano hasta el 31 de marzo en Fundaci\u00f3n Caja Rural del Sur de Huelva\"}]},{\"@type\":\"WebSite\",\"@id\":\"https:\\\/\\\/fundacioncajaruraldelsur.com\\\/#website\",\"url\":\"https:\\\/\\\/fundacioncajaruraldelsur.com\\\/\",\"name\":\"Fundaci\u00f3n Caja Rural del Sur\",\"description\":\"\",\"potentialAction\":[{\"@type\":\"SearchAction\",\"target\":{\"@type\":\"EntryPoint\",\"urlTemplate\":\"https:\\\/\\\/fundacioncajaruraldelsur.com\\\/?s={search_term_string}\"},\"query-input\":{\"@type\":\"PropertyValueSpecification\",\"valueRequired\":true,\"valueName\":\"search_term_string\"}}],\"inLanguage\":\"pt-PT\"},{\"@type\":\"Person\",\"@id\":\"https:\\\/\\\/fundacioncajaruraldelsur.com\\\/#\\\/schema\\\/person\\\/f430da9fb783d505ff061ad8b3d44577\",\"name\":\"Comunicaci\u00f3n\",\"image\":{\"@type\":\"ImageObject\",\"inLanguage\":\"pt-PT\",\"@id\":\"https:\\\/\\\/secure.gravatar.com\\\/avatar\\\/0dca239875993680bac4603ad2de7942da018f52cc3a244578e0b3b09314a8d8?s=96&d=blank&r=g\",\"url\":\"https:\\\/\\\/secure.gravatar.com\\\/avatar\\\/0dca239875993680bac4603ad2de7942da018f52cc3a244578e0b3b09314a8d8?s=96&d=blank&r=g\",\"contentUrl\":\"https:\\\/\\\/secure.gravatar.com\\\/avatar\\\/0dca239875993680bac4603ad2de7942da018f52cc3a244578e0b3b09314a8d8?s=96&d=blank&r=g\",\"caption\":\"Comunicaci\u00f3n\"}}]}<\/script>\n<!-- \/ Yoast SEO plugin. -->","yoast_head_json":{"title":"Exposici\u00f3n de fotograf\u00edas de Miguel Temprano hasta el 31 de marzo en Fundaci\u00f3n Caja Rural del Sur de Huelva - Fundaci\u00f3n Caja Rural del Sur","robots":{"index":"index","follow":"follow","max-snippet":"max-snippet:-1","max-image-preview":"max-image-preview:large","max-video-preview":"max-video-preview:-1"},"canonical":"https:\/\/fundacioncajaruraldelsur.com\/pt\/exposicion-de-fotografias-de-miguel-temprano-hasta-el-31-de-marzo-en-fundacion-caja-rural-del-sur-de-huelva\/","og_locale":"pt_PT","og_type":"article","og_title":"Exposici\u00f3n de fotograf\u00edas de Miguel Temprano hasta el 31 de marzo en Fundaci\u00f3n Caja Rural del Sur de Huelva - Fundaci\u00f3n Caja Rural del Sur","og_description":"Hasta el d\u00eda 31 de marzo, y en horario de ma\u00f1ana y tarde, estar\u00e1 abierta en el Centro Cultural \u2018Jos\u00e9 Luis Garc\u00eda Palacios\u2019 de Fundaci\u00f3n Caja Rural del Sur la [&hellip;]","og_url":"https:\/\/fundacioncajaruraldelsur.com\/pt\/exposicion-de-fotografias-de-miguel-temprano-hasta-el-31-de-marzo-en-fundacion-caja-rural-del-sur-de-huelva\/","og_site_name":"Fundaci\u00f3n Caja Rural del Sur","article_published_time":"2021-03-19T17:48:04+00:00","article_modified_time":"2021-03-20T07:03:32+00:00","og_image":[{"width":2560,"height":1920,"url":"https:\/\/fundacioncajaruraldelsur.com\/wp-content\/uploads\/2021\/03\/210319.-El-presidente-de-Caja-Rural-del-Sur-y-su-Fundacion-interviniendo-en-el-acto.37920-scaled.jpg","type":"image\/jpeg"}],"author":"Comunicaci\u00f3n","twitter_card":"summary_large_image","twitter_misc":{"Written by":"Comunicaci\u00f3n","Est. reading time":"3 minutes"},"schema":{"@context":"https:\/\/schema.org","@graph":[{"@type":"Article","@id":"https:\/\/fundacioncajaruraldelsur.com\/exposicion-de-fotografias-de-miguel-temprano-hasta-el-31-de-marzo-en-fundacion-caja-rural-del-sur-de-huelva\/#article","isPartOf":{"@id":"https:\/\/fundacioncajaruraldelsur.com\/exposicion-de-fotografias-de-miguel-temprano-hasta-el-31-de-marzo-en-fundacion-caja-rural-del-sur-de-huelva\/"},"author":{"name":"Comunicaci\u00f3n","@id":"https:\/\/fundacioncajaruraldelsur.com\/#\/schema\/person\/f430da9fb783d505ff061ad8b3d44577"},"headline":"Exposici\u00f3n de fotograf\u00edas de Miguel Temprano hasta el 31 de marzo en Fundaci\u00f3n Caja Rural del Sur de Huelva","datePublished":"2021-03-19T17:48:04+00:00","dateModified":"2021-03-20T07:03:32+00:00","mainEntityOfPage":{"@id":"https:\/\/fundacioncajaruraldelsur.com\/exposicion-de-fotografias-de-miguel-temprano-hasta-el-31-de-marzo-en-fundacion-caja-rural-del-sur-de-huelva\/"},"wordCount":681,"image":{"@id":"https:\/\/fundacioncajaruraldelsur.com\/exposicion-de-fotografias-de-miguel-temprano-hasta-el-31-de-marzo-en-fundacion-caja-rural-del-sur-de-huelva\/#primaryimage"},"thumbnailUrl":"https:\/\/fundacioncajaruraldelsur.com\/wp-content\/uploads\/2021\/03\/210319.-El-presidente-de-Caja-Rural-del-Sur-y-su-Fundacion-interviniendo-en-el-acto.37920-scaled.jpg","articleSection":["Exposiciones","Sin categor\u00eda"],"inLanguage":"pt-PT"},{"@type":"WebPage","@id":"https:\/\/fundacioncajaruraldelsur.com\/exposicion-de-fotografias-de-miguel-temprano-hasta-el-31-de-marzo-en-fundacion-caja-rural-del-sur-de-huelva\/","url":"https:\/\/fundacioncajaruraldelsur.com\/exposicion-de-fotografias-de-miguel-temprano-hasta-el-31-de-marzo-en-fundacion-caja-rural-del-sur-de-huelva\/","name":"Exposici\u00f3n de fotograf\u00edas de Miguel Temprano hasta el 31 de marzo en Fundaci\u00f3n Caja Rural del Sur de Huelva - Fundaci\u00f3n Caja Rural del Sur","isPartOf":{"@id":"https:\/\/fundacioncajaruraldelsur.com\/#website"},"primaryImageOfPage":{"@id":"https:\/\/fundacioncajaruraldelsur.com\/exposicion-de-fotografias-de-miguel-temprano-hasta-el-31-de-marzo-en-fundacion-caja-rural-del-sur-de-huelva\/#primaryimage"},"image":{"@id":"https:\/\/fundacioncajaruraldelsur.com\/exposicion-de-fotografias-de-miguel-temprano-hasta-el-31-de-marzo-en-fundacion-caja-rural-del-sur-de-huelva\/#primaryimage"},"thumbnailUrl":"https:\/\/fundacioncajaruraldelsur.com\/wp-content\/uploads\/2021\/03\/210319.-El-presidente-de-Caja-Rural-del-Sur-y-su-Fundacion-interviniendo-en-el-acto.37920-scaled.jpg","datePublished":"2021-03-19T17:48:04+00:00","dateModified":"2021-03-20T07:03:32+00:00","author":{"@id":"https:\/\/fundacioncajaruraldelsur.com\/#\/schema\/person\/f430da9fb783d505ff061ad8b3d44577"},"breadcrumb":{"@id":"https:\/\/fundacioncajaruraldelsur.com\/exposicion-de-fotografias-de-miguel-temprano-hasta-el-31-de-marzo-en-fundacion-caja-rural-del-sur-de-huelva\/#breadcrumb"},"inLanguage":"pt-PT","potentialAction":[{"@type":"ReadAction","target":["https:\/\/fundacioncajaruraldelsur.com\/exposicion-de-fotografias-de-miguel-temprano-hasta-el-31-de-marzo-en-fundacion-caja-rural-del-sur-de-huelva\/"]}]},{"@type":"ImageObject","inLanguage":"pt-PT","@id":"https:\/\/fundacioncajaruraldelsur.com\/exposicion-de-fotografias-de-miguel-temprano-hasta-el-31-de-marzo-en-fundacion-caja-rural-del-sur-de-huelva\/#primaryimage","url":"https:\/\/fundacioncajaruraldelsur.com\/wp-content\/uploads\/2021\/03\/210319.-El-presidente-de-Caja-Rural-del-Sur-y-su-Fundacion-interviniendo-en-el-acto.37920-scaled.jpg","contentUrl":"https:\/\/fundacioncajaruraldelsur.com\/wp-content\/uploads\/2021\/03\/210319.-El-presidente-de-Caja-Rural-del-Sur-y-su-Fundacion-interviniendo-en-el-acto.37920-scaled.jpg","width":2560,"height":1920},{"@type":"BreadcrumbList","@id":"https:\/\/fundacioncajaruraldelsur.com\/exposicion-de-fotografias-de-miguel-temprano-hasta-el-31-de-marzo-en-fundacion-caja-rural-del-sur-de-huelva\/#breadcrumb","itemListElement":[{"@type":"ListItem","position":1,"name":"Portada","item":"https:\/\/fundacioncajaruraldelsur.com\/"},{"@type":"ListItem","position":2,"name":"Exposici\u00f3n de fotograf\u00edas de Miguel Temprano hasta el 31 de marzo en Fundaci\u00f3n Caja Rural del Sur de Huelva"}]},{"@type":"WebSite","@id":"https:\/\/fundacioncajaruraldelsur.com\/#website","url":"https:\/\/fundacioncajaruraldelsur.com\/","name":"Funda\u00e7\u00e3o Caja Rural del Sur","description":"","potentialAction":[{"@type":"SearchAction","target":{"@type":"EntryPoint","urlTemplate":"https:\/\/fundacioncajaruraldelsur.com\/?s={search_term_string}"},"query-input":{"@type":"PropertyValueSpecification","valueRequired":true,"valueName":"search_term_string"}}],"inLanguage":"pt-PT"},{"@type":"Person","@id":"https:\/\/fundacioncajaruraldelsur.com\/#\/schema\/person\/f430da9fb783d505ff061ad8b3d44577","name":"Comunicaci\u00f3n","image":{"@type":"ImageObject","inLanguage":"pt-PT","@id":"https:\/\/secure.gravatar.com\/avatar\/0dca239875993680bac4603ad2de7942da018f52cc3a244578e0b3b09314a8d8?s=96&d=blank&r=g","url":"https:\/\/secure.gravatar.com\/avatar\/0dca239875993680bac4603ad2de7942da018f52cc3a244578e0b3b09314a8d8?s=96&d=blank&r=g","contentUrl":"https:\/\/secure.gravatar.com\/avatar\/0dca239875993680bac4603ad2de7942da018f52cc3a244578e0b3b09314a8d8?s=96&d=blank&r=g","caption":"Comunicaci\u00f3n"}}]}},"rttpg_featured_image_url":{"full":["https:\/\/fundacioncajaruraldelsur.com\/wp-content\/uploads\/2021\/03\/210319.-El-presidente-de-Caja-Rural-del-Sur-y-su-Fundacion-interviniendo-en-el-acto.37920-scaled.jpg",2560,1920,false],"landscape":["https:\/\/fundacioncajaruraldelsur.com\/wp-content\/uploads\/2021\/03\/210319.-El-presidente-de-Caja-Rural-del-Sur-y-su-Fundacion-interviniendo-en-el-acto.37920-scaled.jpg",2560,1920,false],"portraits":["https:\/\/fundacioncajaruraldelsur.com\/wp-content\/uploads\/2021\/03\/210319.-El-presidente-de-Caja-Rural-del-Sur-y-su-Fundacion-interviniendo-en-el-acto.37920-scaled.jpg",2560,1920,false],"thumbnail":["https:\/\/fundacioncajaruraldelsur.com\/wp-content\/uploads\/2021\/03\/210319.-El-presidente-de-Caja-Rural-del-Sur-y-su-Fundacion-interviniendo-en-el-acto.37920-150x150.jpg",150,150,true],"medium":["https:\/\/fundacioncajaruraldelsur.com\/wp-content\/uploads\/2021\/03\/210319.-El-presidente-de-Caja-Rural-del-Sur-y-su-Fundacion-interviniendo-en-el-acto.37920-300x225.jpg",300,225,true],"large":["https:\/\/fundacioncajaruraldelsur.com\/wp-content\/uploads\/2021\/03\/210319.-El-presidente-de-Caja-Rural-del-Sur-y-su-Fundacion-interviniendo-en-el-acto.37920-1024x768.jpg",960,720,true],"1536x1536":["https:\/\/fundacioncajaruraldelsur.com\/wp-content\/uploads\/2021\/03\/210319.-El-presidente-de-Caja-Rural-del-Sur-y-su-Fundacion-interviniendo-en-el-acto.37920-1536x1152.jpg",1536,1152,true],"2048x2048":["https:\/\/fundacioncajaruraldelsur.com\/wp-content\/uploads\/2021\/03\/210319.-El-presidente-de-Caja-Rural-del-Sur-y-su-Fundacion-interviniendo-en-el-acto.37920-2048x1536.jpg",2048,1536,true],"trp-custom-language-flag":["https:\/\/fundacioncajaruraldelsur.com\/wp-content\/uploads\/2021\/03\/210319.-El-presidente-de-Caja-Rural-del-Sur-y-su-Fundacion-interviniendo-en-el-acto.37920-scaled.jpg",16,12,false],"blog-thumbnail":["https:\/\/fundacioncajaruraldelsur.com\/wp-content\/uploads\/2021\/03\/210319.-El-presidente-de-Caja-Rural-del-Sur-y-su-Fundacion-interviniendo-en-el-acto.37920-400x200.jpg",400,200,true]},"rttpg_author":{"display_name":"Comunicaci\u00f3n","author_link":"https:\/\/fundacioncajaruraldelsur.com\/pt\/author\/sevillaadmin\/"},"rttpg_comment":0,"rttpg_category":"<a href=\"https:\/\/fundacioncajaruraldelsur.com\/pt\/category\/exposiciones\/\" rel=\"category tag\">Exposiciones<\/a> <a href=\"https:\/\/fundacioncajaruraldelsur.com\/pt\/category\/sin-categoria\/\" rel=\"category tag\">Sin categor\u00eda<\/a>","rttpg_excerpt":"Hasta el d\u00eda 31 de marzo, y en horario de ma\u00f1ana y tarde, estar\u00e1 abierta en el Centro Cultural \u2018Jos\u00e9 Luis Garc\u00eda Palacios\u2019 de Fundaci\u00f3n Caja Rural del Sur la [&hellip;]","_links":{"self":[{"href":"https:\/\/fundacioncajaruraldelsur.com\/pt\/wp-json\/wp\/v2\/posts\/6264","targetHints":{"allow":["GET"]}}],"collection":[{"href":"https:\/\/fundacioncajaruraldelsur.com\/pt\/wp-json\/wp\/v2\/posts"}],"about":[{"href":"https:\/\/fundacioncajaruraldelsur.com\/pt\/wp-json\/wp\/v2\/types\/post"}],"author":[{"embeddable":true,"href":"https:\/\/fundacioncajaruraldelsur.com\/pt\/wp-json\/wp\/v2\/users\/6"}],"replies":[{"embeddable":true,"href":"https:\/\/fundacioncajaruraldelsur.com\/pt\/wp-json\/wp\/v2\/comments?post=6264"}],"version-history":[{"count":2,"href":"https:\/\/fundacioncajaruraldelsur.com\/pt\/wp-json\/wp\/v2\/posts\/6264\/revisions"}],"predecessor-version":[{"id":6267,"href":"https:\/\/fundacioncajaruraldelsur.com\/pt\/wp-json\/wp\/v2\/posts\/6264\/revisions\/6267"}],"wp:featuredmedia":[{"embeddable":true,"href":"https:\/\/fundacioncajaruraldelsur.com\/pt\/wp-json\/wp\/v2\/media\/6265"}],"wp:attachment":[{"href":"https:\/\/fundacioncajaruraldelsur.com\/pt\/wp-json\/wp\/v2\/media?parent=6264"}],"wp:term":[{"taxonomy":"category","embeddable":true,"href":"https:\/\/fundacioncajaruraldelsur.com\/pt\/wp-json\/wp\/v2\/categories?post=6264"},{"taxonomy":"post_tag","embeddable":true,"href":"https:\/\/fundacioncajaruraldelsur.com\/pt\/wp-json\/wp\/v2\/tags?post=6264"}],"curies":[{"name":"wp","href":"https:\/\/api.w.org\/{rel}","templated":true}]}}