{"id":6176,"date":"2021-02-15T19:44:34","date_gmt":"2021-02-15T17:44:34","guid":{"rendered":"\/?p=6176"},"modified":"2021-02-15T19:44:34","modified_gmt":"2021-02-15T17:44:34","slug":"la-aecc-de-huelva-recibe-lo-recaudado-en-la-exposicion-benefica-de-alfonso-aramburu-en-fundacion-caja-rural-el-sur","status":"publish","type":"post","link":"https:\/\/fundacioncajaruraldelsur.com\/pt\/la-aecc-de-huelva-recibe-lo-recaudado-en-la-exposicion-benefica-de-alfonso-aramburu-en-fundacion-caja-rural-el-sur\/","title":{"rendered":"La AECC de Huelva recibe lo recaudado en la exposici\u00f3n ben\u00e9fica de Alfonso Aramburu en Fundaci\u00f3n Caja Rural el Sur"},"content":{"rendered":"<p><span style=\"font-weight: 400;\">La presidenta de la Junta Directiva provincial de AECC,<\/span> <span style=\"font-weight: 400;\">Gloria Puy, ha recibido lo recaudado en la exposici\u00f3n de Alfonso Aramburu en el Centro Cultural \u2018Jos\u00e9 Luis Garcia Palacios\u2019, de Fundaci\u00f3n Caja Rural del Sur. Con anterioridad se hizo la misma entrega hace unas semanas tambi\u00e9n a C\u00e1ritas y a las Hermanitas de la Cruz. Estas \u00faltimas navidades la cl\u00e1sica exposici\u00f3n del Taller de Arteterapia fue sustituida, como consecuencia de la pandemia, por una muestra personal de 50 cuadros del pintor y creador onubense denominada \u2018Cielos\u2019 y que fue vendida en su totalidad.\u00a0<\/span><\/p>\n<p><span style=\"font-weight: 400;\">A la entrega del tal\u00f3n a Gloria Puy, en la sede de dicha organizaci\u00f3n solidaria, asistieron el propio Alfonso Aramburu y el director de la Fundaci\u00f3n Caja Rural del Sur, Emilio Ponce, a quienes la presidenta de la AECC Huelva les agradeci\u00f3 esta colaboraci\u00f3n y les expres\u00f3 su confianza en que para las navidades de este a\u00f1o 2021 ya pueda volver la exposici\u00f3n de los alumnos del Taller de Arterapia, que tambi\u00e9n dona todos sus trabajos con el fin de recaudar fondos para distintas entidades solidarias de la provincia de Huelva. Este a\u00f1o no se pod\u00eda faltar a la cita y fue el propio Alfonso Aramburu el autor de todos los cuadros donados en una exposici\u00f3n, que cont\u00f3 en su inauguraci\u00f3n con la presencia del nuevo obispo de Huelva, monse\u00f1or Santiago G\u00f3mez Sierra, y del presidente de Caja Rural del Sur y su Fundaci\u00f3n, Jos\u00e9 Luis Garc\u00eda- Palacios \u00c1lvarez.<\/span><\/p>\n<p><span style=\"font-weight: 400;\">Alfonso Aramburu, nacido en Huelva en el a\u00f1o 1938, es asesor del ciclo de Artes Pl\u00e1sticas que Fundaci\u00f3n Caja Rural del Sur programa cada temporada. Desde los ocho a\u00f1os ya destacaba en los concursos infantiles y en el a\u00f1o 1962 expone por primera vez en Madrid, en la Galer\u00eda Nebli, de la calle Serrano, y as\u00ed repite durante cinco a\u00f1os seguidos. En 1978 muestra su obra pict\u00f3rica en Par\u00eds y posteriormente en varias capitales de Europa. Lo mismo que ha ocurrido en Espa\u00f1a, ya que sus pinturas se han expuesto en casi toda la geograf\u00eda nacional, en especial en Barcelona.<\/span><\/p>","protected":false},"excerpt":{"rendered":"<p>La presidenta de la Junta Directiva provincial de AECC, Gloria Puy, ha recibido lo recaudado en la exposici\u00f3n de Alfonso Aramburu en el Centro Cultural \u2018Jos\u00e9 Luis Garcia Palacios\u2019, de [&hellip;]<\/p>\n","protected":false},"author":8,"featured_media":6177,"comment_status":"closed","ping_status":"closed","sticky":false,"template":"","format":"standard","meta":{"footnotes":""},"categories":[70],"tags":[225,224,740,226,739,738,227,168],"class_list":["post-6176","post","type-post","status-publish","format-standard","has-post-thumbnail","hentry","category-accion-social","tag-aecc","tag-alfonso-aramburu","tag-arteterapia","tag-caritas","tag-emilio-ponce","tag-gloria-puy","tag-hermanitas-de-la-cruz","tag-huelva"],"yoast_head":"<!-- This site is optimized with the Yoast SEO plugin v27.3 - https:\/\/yoast.com\/product\/yoast-seo-wordpress\/ -->\n<title>La AECC de Huelva recibe lo recaudado en la exposici\u00f3n ben\u00e9fica de Alfonso Aramburu en Fundaci\u00f3n Caja Rural el Sur - Fundaci\u00f3n Caja Rural del Sur<\/title>\n<meta name=\"description\" content=\"La presidenta de la Junta Directiva provincial de AECC, Gloria Puy, ha recibido lo recaudado en la exposici\u00f3n de Alfonso Aramburu en el Centro Cultural \u2018Jos\u00e9 Luis Garcia Palacios\u2019, de Fundaci\u00f3n Caja Rural del Sur.\" \/>\n<meta name=\"robots\" content=\"index, follow, max-snippet:-1, max-image-preview:large, max-video-preview:-1\" \/>\n<link rel=\"canonical\" href=\"https:\/\/fundacioncajaruraldelsur.com\/pt\/la-aecc-de-huelva-recibe-lo-recaudado-en-la-exposicion-benefica-de-alfonso-aramburu-en-fundacion-caja-rural-el-sur\/\" \/>\n<meta property=\"og:locale\" content=\"pt_PT\" \/>\n<meta property=\"og:type\" content=\"article\" \/>\n<meta property=\"og:title\" content=\"La AECC de Huelva recibe lo recaudado en la exposici\u00f3n ben\u00e9fica de Alfonso Aramburu en Fundaci\u00f3n Caja Rural el Sur - Fundaci\u00f3n Caja Rural del Sur\" \/>\n<meta property=\"og:description\" content=\"La presidenta de la Junta Directiva provincial de AECC, Gloria Puy, ha recibido lo recaudado en la exposici\u00f3n de Alfonso Aramburu en el Centro Cultural \u2018Jos\u00e9 Luis Garcia Palacios\u2019, de Fundaci\u00f3n Caja Rural del Sur.\" \/>\n<meta property=\"og:url\" content=\"https:\/\/fundacioncajaruraldelsur.com\/pt\/la-aecc-de-huelva-recibe-lo-recaudado-en-la-exposicion-benefica-de-alfonso-aramburu-en-fundacion-caja-rural-el-sur\/\" \/>\n<meta property=\"og:site_name\" content=\"Fundaci\u00f3n Caja Rural del Sur\" \/>\n<meta property=\"article:published_time\" content=\"2021-02-15T17:44:34+00:00\" \/>\n<meta property=\"og:image\" content=\"https:\/\/fundacioncajaruraldelsur.com\/wp-content\/uploads\/2021\/02\/210214.-Entrega-de-lo-recaudado-en-la-exposicion-de-Aramburu-en-Fundacion-Caja-Rural-del-Sur-a-la-presidenta-de-la-AECC..jpg\" \/>\n\t<meta property=\"og:image:width\" content=\"1024\" \/>\n\t<meta property=\"og:image:height\" content=\"821\" \/>\n\t<meta property=\"og:image:type\" content=\"image\/jpeg\" \/>\n<meta name=\"author\" content=\"Mar Fernandez Blanco\" \/>\n<meta name=\"twitter:card\" content=\"summary_large_image\" \/>\n<meta name=\"twitter:label1\" content=\"Written by\" \/>\n\t<meta name=\"twitter:data1\" content=\"Mar Fernandez Blanco\" \/>\n\t<meta name=\"twitter:label2\" content=\"Est. reading time\" \/>\n\t<meta name=\"twitter:data2\" content=\"2 minutes\" \/>\n<script type=\"application\/ld+json\" class=\"yoast-schema-graph\">{\"@context\":\"https:\\\/\\\/schema.org\",\"@graph\":[{\"@type\":\"Article\",\"@id\":\"https:\\\/\\\/fundacioncajaruraldelsur.com\\\/la-aecc-de-huelva-recibe-lo-recaudado-en-la-exposicion-benefica-de-alfonso-aramburu-en-fundacion-caja-rural-el-sur\\\/#article\",\"isPartOf\":{\"@id\":\"https:\\\/\\\/fundacioncajaruraldelsur.com\\\/la-aecc-de-huelva-recibe-lo-recaudado-en-la-exposicion-benefica-de-alfonso-aramburu-en-fundacion-caja-rural-el-sur\\\/\"},\"author\":{\"name\":\"Mar Fernandez Blanco\",\"@id\":\"https:\\\/\\\/fundacioncajaruraldelsur.com\\\/#\\\/schema\\\/person\\\/19ba3c7838dbd8d72bff37a21283656a\"},\"headline\":\"La AECC de Huelva recibe lo recaudado en la exposici\u00f3n ben\u00e9fica de Alfonso Aramburu en Fundaci\u00f3n Caja Rural el Sur\",\"datePublished\":\"2021-02-15T17:44:34+00:00\",\"mainEntityOfPage\":{\"@id\":\"https:\\\/\\\/fundacioncajaruraldelsur.com\\\/la-aecc-de-huelva-recibe-lo-recaudado-en-la-exposicion-benefica-de-alfonso-aramburu-en-fundacion-caja-rural-el-sur\\\/\"},\"wordCount\":392,\"image\":{\"@id\":\"https:\\\/\\\/fundacioncajaruraldelsur.com\\\/la-aecc-de-huelva-recibe-lo-recaudado-en-la-exposicion-benefica-de-alfonso-aramburu-en-fundacion-caja-rural-el-sur\\\/#primaryimage\"},\"thumbnailUrl\":\"https:\\\/\\\/fundacioncajaruraldelsur.com\\\/wp-content\\\/uploads\\\/2021\\\/02\\\/210214.-Entrega-de-lo-recaudado-en-la-exposicion-de-Aramburu-en-Fundacion-Caja-Rural-del-Sur-a-la-presidenta-de-la-AECC..jpg\",\"keywords\":[\"AECC\",\"Alfonso Aramburu\",\"Arteterapia\",\"CARITAS\",\"Emilio Ponce\",\"Gloria Puy\",\"Hermanitas de la Cruz\",\"Huelva\"],\"articleSection\":[\"Acci\u00f3n social\"],\"inLanguage\":\"pt-PT\"},{\"@type\":\"WebPage\",\"@id\":\"https:\\\/\\\/fundacioncajaruraldelsur.com\\\/la-aecc-de-huelva-recibe-lo-recaudado-en-la-exposicion-benefica-de-alfonso-aramburu-en-fundacion-caja-rural-el-sur\\\/\",\"url\":\"https:\\\/\\\/fundacioncajaruraldelsur.com\\\/la-aecc-de-huelva-recibe-lo-recaudado-en-la-exposicion-benefica-de-alfonso-aramburu-en-fundacion-caja-rural-el-sur\\\/\",\"name\":\"La AECC de Huelva recibe lo recaudado en la exposici\u00f3n ben\u00e9fica de Alfonso Aramburu en Fundaci\u00f3n Caja Rural el Sur - Fundaci\u00f3n Caja Rural del Sur\",\"isPartOf\":{\"@id\":\"https:\\\/\\\/fundacioncajaruraldelsur.com\\\/#website\"},\"primaryImageOfPage\":{\"@id\":\"https:\\\/\\\/fundacioncajaruraldelsur.com\\\/la-aecc-de-huelva-recibe-lo-recaudado-en-la-exposicion-benefica-de-alfonso-aramburu-en-fundacion-caja-rural-el-sur\\\/#primaryimage\"},\"image\":{\"@id\":\"https:\\\/\\\/fundacioncajaruraldelsur.com\\\/la-aecc-de-huelva-recibe-lo-recaudado-en-la-exposicion-benefica-de-alfonso-aramburu-en-fundacion-caja-rural-el-sur\\\/#primaryimage\"},\"thumbnailUrl\":\"https:\\\/\\\/fundacioncajaruraldelsur.com\\\/wp-content\\\/uploads\\\/2021\\\/02\\\/210214.-Entrega-de-lo-recaudado-en-la-exposicion-de-Aramburu-en-Fundacion-Caja-Rural-del-Sur-a-la-presidenta-de-la-AECC..jpg\",\"datePublished\":\"2021-02-15T17:44:34+00:00\",\"author\":{\"@id\":\"https:\\\/\\\/fundacioncajaruraldelsur.com\\\/#\\\/schema\\\/person\\\/19ba3c7838dbd8d72bff37a21283656a\"},\"description\":\"La presidenta de la Junta Directiva provincial de AECC, Gloria Puy, ha recibido lo recaudado en la exposici\u00f3n de Alfonso Aramburu en el Centro Cultural \u2018Jos\u00e9 Luis Garcia Palacios\u2019, de Fundaci\u00f3n Caja Rural del Sur.\",\"breadcrumb\":{\"@id\":\"https:\\\/\\\/fundacioncajaruraldelsur.com\\\/la-aecc-de-huelva-recibe-lo-recaudado-en-la-exposicion-benefica-de-alfonso-aramburu-en-fundacion-caja-rural-el-sur\\\/#breadcrumb\"},\"inLanguage\":\"pt-PT\",\"potentialAction\":[{\"@type\":\"ReadAction\",\"target\":[\"https:\\\/\\\/fundacioncajaruraldelsur.com\\\/la-aecc-de-huelva-recibe-lo-recaudado-en-la-exposicion-benefica-de-alfonso-aramburu-en-fundacion-caja-rural-el-sur\\\/\"]}]},{\"@type\":\"ImageObject\",\"inLanguage\":\"pt-PT\",\"@id\":\"https:\\\/\\\/fundacioncajaruraldelsur.com\\\/la-aecc-de-huelva-recibe-lo-recaudado-en-la-exposicion-benefica-de-alfonso-aramburu-en-fundacion-caja-rural-el-sur\\\/#primaryimage\",\"url\":\"https:\\\/\\\/fundacioncajaruraldelsur.com\\\/wp-content\\\/uploads\\\/2021\\\/02\\\/210214.-Entrega-de-lo-recaudado-en-la-exposicion-de-Aramburu-en-Fundacion-Caja-Rural-del-Sur-a-la-presidenta-de-la-AECC..jpg\",\"contentUrl\":\"https:\\\/\\\/fundacioncajaruraldelsur.com\\\/wp-content\\\/uploads\\\/2021\\\/02\\\/210214.-Entrega-de-lo-recaudado-en-la-exposicion-de-Aramburu-en-Fundacion-Caja-Rural-del-Sur-a-la-presidenta-de-la-AECC..jpg\",\"width\":1024,\"height\":821},{\"@type\":\"BreadcrumbList\",\"@id\":\"https:\\\/\\\/fundacioncajaruraldelsur.com\\\/la-aecc-de-huelva-recibe-lo-recaudado-en-la-exposicion-benefica-de-alfonso-aramburu-en-fundacion-caja-rural-el-sur\\\/#breadcrumb\",\"itemListElement\":[{\"@type\":\"ListItem\",\"position\":1,\"name\":\"Portada\",\"item\":\"https:\\\/\\\/fundacioncajaruraldelsur.com\\\/\"},{\"@type\":\"ListItem\",\"position\":2,\"name\":\"La AECC de Huelva recibe lo recaudado en la exposici\u00f3n ben\u00e9fica de Alfonso Aramburu en Fundaci\u00f3n Caja Rural el Sur\"}]},{\"@type\":\"WebSite\",\"@id\":\"https:\\\/\\\/fundacioncajaruraldelsur.com\\\/#website\",\"url\":\"https:\\\/\\\/fundacioncajaruraldelsur.com\\\/\",\"name\":\"Fundaci\u00f3n Caja Rural del Sur\",\"description\":\"\",\"potentialAction\":[{\"@type\":\"SearchAction\",\"target\":{\"@type\":\"EntryPoint\",\"urlTemplate\":\"https:\\\/\\\/fundacioncajaruraldelsur.com\\\/?s={search_term_string}\"},\"query-input\":{\"@type\":\"PropertyValueSpecification\",\"valueRequired\":true,\"valueName\":\"search_term_string\"}}],\"inLanguage\":\"pt-PT\"},{\"@type\":\"Person\",\"@id\":\"https:\\\/\\\/fundacioncajaruraldelsur.com\\\/#\\\/schema\\\/person\\\/19ba3c7838dbd8d72bff37a21283656a\",\"name\":\"Mar Fernandez Blanco\",\"image\":{\"@type\":\"ImageObject\",\"inLanguage\":\"pt-PT\",\"@id\":\"https:\\\/\\\/secure.gravatar.com\\\/avatar\\\/217fe941f7a53d405f2a1505de9ea5efaf2572344a2b441fd469b1346c0e4c04?s=96&d=blank&r=g\",\"url\":\"https:\\\/\\\/secure.gravatar.com\\\/avatar\\\/217fe941f7a53d405f2a1505de9ea5efaf2572344a2b441fd469b1346c0e4c04?s=96&d=blank&r=g\",\"contentUrl\":\"https:\\\/\\\/secure.gravatar.com\\\/avatar\\\/217fe941f7a53d405f2a1505de9ea5efaf2572344a2b441fd469b1346c0e4c04?s=96&d=blank&r=g\",\"caption\":\"Mar Fernandez Blanco\"}}]}<\/script>\n<!-- \/ Yoast SEO plugin. -->","yoast_head_json":{"title":"La AECC de Huelva recibe lo recaudado en la exposici\u00f3n ben\u00e9fica de Alfonso Aramburu en Fundaci\u00f3n Caja Rural el Sur - Fundaci\u00f3n Caja Rural del Sur","description":"La presidenta de la Junta Directiva provincial de AECC, Gloria Puy, ha recibido lo recaudado en la exposici\u00f3n de Alfonso Aramburu en el Centro Cultural \u2018Jos\u00e9 Luis Garcia Palacios\u2019, de Fundaci\u00f3n Caja Rural del Sur.","robots":{"index":"index","follow":"follow","max-snippet":"max-snippet:-1","max-image-preview":"max-image-preview:large","max-video-preview":"max-video-preview:-1"},"canonical":"https:\/\/fundacioncajaruraldelsur.com\/pt\/la-aecc-de-huelva-recibe-lo-recaudado-en-la-exposicion-benefica-de-alfonso-aramburu-en-fundacion-caja-rural-el-sur\/","og_locale":"pt_PT","og_type":"article","og_title":"La AECC de Huelva recibe lo recaudado en la exposici\u00f3n ben\u00e9fica de Alfonso Aramburu en Fundaci\u00f3n Caja Rural el Sur - Fundaci\u00f3n Caja Rural del Sur","og_description":"La presidenta de la Junta Directiva provincial de AECC, Gloria Puy, ha recibido lo recaudado en la exposici\u00f3n de Alfonso Aramburu en el Centro Cultural \u2018Jos\u00e9 Luis Garcia Palacios\u2019, de Fundaci\u00f3n Caja Rural del Sur.","og_url":"https:\/\/fundacioncajaruraldelsur.com\/pt\/la-aecc-de-huelva-recibe-lo-recaudado-en-la-exposicion-benefica-de-alfonso-aramburu-en-fundacion-caja-rural-el-sur\/","og_site_name":"Fundaci\u00f3n Caja Rural del Sur","article_published_time":"2021-02-15T17:44:34+00:00","og_image":[{"width":1024,"height":821,"url":"https:\/\/fundacioncajaruraldelsur.com\/wp-content\/uploads\/2021\/02\/210214.-Entrega-de-lo-recaudado-en-la-exposicion-de-Aramburu-en-Fundacion-Caja-Rural-del-Sur-a-la-presidenta-de-la-AECC..jpg","type":"image\/jpeg"}],"author":"Mar Fernandez Blanco","twitter_card":"summary_large_image","twitter_misc":{"Written by":"Mar Fernandez Blanco","Est. reading time":"2 minutes"},"schema":{"@context":"https:\/\/schema.org","@graph":[{"@type":"Article","@id":"https:\/\/fundacioncajaruraldelsur.com\/la-aecc-de-huelva-recibe-lo-recaudado-en-la-exposicion-benefica-de-alfonso-aramburu-en-fundacion-caja-rural-el-sur\/#article","isPartOf":{"@id":"https:\/\/fundacioncajaruraldelsur.com\/la-aecc-de-huelva-recibe-lo-recaudado-en-la-exposicion-benefica-de-alfonso-aramburu-en-fundacion-caja-rural-el-sur\/"},"author":{"name":"Mar Fernandez Blanco","@id":"https:\/\/fundacioncajaruraldelsur.com\/#\/schema\/person\/19ba3c7838dbd8d72bff37a21283656a"},"headline":"La AECC de Huelva recibe lo recaudado en la exposici\u00f3n ben\u00e9fica de Alfonso Aramburu en Fundaci\u00f3n Caja Rural el Sur","datePublished":"2021-02-15T17:44:34+00:00","mainEntityOfPage":{"@id":"https:\/\/fundacioncajaruraldelsur.com\/la-aecc-de-huelva-recibe-lo-recaudado-en-la-exposicion-benefica-de-alfonso-aramburu-en-fundacion-caja-rural-el-sur\/"},"wordCount":392,"image":{"@id":"https:\/\/fundacioncajaruraldelsur.com\/la-aecc-de-huelva-recibe-lo-recaudado-en-la-exposicion-benefica-de-alfonso-aramburu-en-fundacion-caja-rural-el-sur\/#primaryimage"},"thumbnailUrl":"https:\/\/fundacioncajaruraldelsur.com\/wp-content\/uploads\/2021\/02\/210214.-Entrega-de-lo-recaudado-en-la-exposicion-de-Aramburu-en-Fundacion-Caja-Rural-del-Sur-a-la-presidenta-de-la-AECC..jpg","keywords":["AECC","Alfonso Aramburu","Arteterapia","CARITAS","Emilio Ponce","Gloria Puy","Hermanitas de la Cruz","Huelva"],"articleSection":["Acci\u00f3n social"],"inLanguage":"pt-PT"},{"@type":"WebPage","@id":"https:\/\/fundacioncajaruraldelsur.com\/la-aecc-de-huelva-recibe-lo-recaudado-en-la-exposicion-benefica-de-alfonso-aramburu-en-fundacion-caja-rural-el-sur\/","url":"https:\/\/fundacioncajaruraldelsur.com\/la-aecc-de-huelva-recibe-lo-recaudado-en-la-exposicion-benefica-de-alfonso-aramburu-en-fundacion-caja-rural-el-sur\/","name":"La AECC de Huelva recibe lo recaudado en la exposici\u00f3n ben\u00e9fica de Alfonso Aramburu en Fundaci\u00f3n Caja Rural el Sur - Fundaci\u00f3n Caja Rural del Sur","isPartOf":{"@id":"https:\/\/fundacioncajaruraldelsur.com\/#website"},"primaryImageOfPage":{"@id":"https:\/\/fundacioncajaruraldelsur.com\/la-aecc-de-huelva-recibe-lo-recaudado-en-la-exposicion-benefica-de-alfonso-aramburu-en-fundacion-caja-rural-el-sur\/#primaryimage"},"image":{"@id":"https:\/\/fundacioncajaruraldelsur.com\/la-aecc-de-huelva-recibe-lo-recaudado-en-la-exposicion-benefica-de-alfonso-aramburu-en-fundacion-caja-rural-el-sur\/#primaryimage"},"thumbnailUrl":"https:\/\/fundacioncajaruraldelsur.com\/wp-content\/uploads\/2021\/02\/210214.-Entrega-de-lo-recaudado-en-la-exposicion-de-Aramburu-en-Fundacion-Caja-Rural-del-Sur-a-la-presidenta-de-la-AECC..jpg","datePublished":"2021-02-15T17:44:34+00:00","author":{"@id":"https:\/\/fundacioncajaruraldelsur.com\/#\/schema\/person\/19ba3c7838dbd8d72bff37a21283656a"},"description":"La presidenta de la Junta Directiva provincial de AECC, Gloria Puy, ha recibido lo recaudado en la exposici\u00f3n de Alfonso Aramburu en el Centro Cultural \u2018Jos\u00e9 Luis Garcia Palacios\u2019, de Fundaci\u00f3n Caja Rural del Sur.","breadcrumb":{"@id":"https:\/\/fundacioncajaruraldelsur.com\/la-aecc-de-huelva-recibe-lo-recaudado-en-la-exposicion-benefica-de-alfonso-aramburu-en-fundacion-caja-rural-el-sur\/#breadcrumb"},"inLanguage":"pt-PT","potentialAction":[{"@type":"ReadAction","target":["https:\/\/fundacioncajaruraldelsur.com\/la-aecc-de-huelva-recibe-lo-recaudado-en-la-exposicion-benefica-de-alfonso-aramburu-en-fundacion-caja-rural-el-sur\/"]}]},{"@type":"ImageObject","inLanguage":"pt-PT","@id":"https:\/\/fundacioncajaruraldelsur.com\/la-aecc-de-huelva-recibe-lo-recaudado-en-la-exposicion-benefica-de-alfonso-aramburu-en-fundacion-caja-rural-el-sur\/#primaryimage","url":"https:\/\/fundacioncajaruraldelsur.com\/wp-content\/uploads\/2021\/02\/210214.-Entrega-de-lo-recaudado-en-la-exposicion-de-Aramburu-en-Fundacion-Caja-Rural-del-Sur-a-la-presidenta-de-la-AECC..jpg","contentUrl":"https:\/\/fundacioncajaruraldelsur.com\/wp-content\/uploads\/2021\/02\/210214.-Entrega-de-lo-recaudado-en-la-exposicion-de-Aramburu-en-Fundacion-Caja-Rural-del-Sur-a-la-presidenta-de-la-AECC..jpg","width":1024,"height":821},{"@type":"BreadcrumbList","@id":"https:\/\/fundacioncajaruraldelsur.com\/la-aecc-de-huelva-recibe-lo-recaudado-en-la-exposicion-benefica-de-alfonso-aramburu-en-fundacion-caja-rural-el-sur\/#breadcrumb","itemListElement":[{"@type":"ListItem","position":1,"name":"Portada","item":"https:\/\/fundacioncajaruraldelsur.com\/"},{"@type":"ListItem","position":2,"name":"La AECC de Huelva recibe lo recaudado en la exposici\u00f3n ben\u00e9fica de Alfonso Aramburu en Fundaci\u00f3n Caja Rural el Sur"}]},{"@type":"WebSite","@id":"https:\/\/fundacioncajaruraldelsur.com\/#website","url":"https:\/\/fundacioncajaruraldelsur.com\/","name":"Funda\u00e7\u00e3o Caja Rural del Sur","description":"","potentialAction":[{"@type":"SearchAction","target":{"@type":"EntryPoint","urlTemplate":"https:\/\/fundacioncajaruraldelsur.com\/?s={search_term_string}"},"query-input":{"@type":"PropertyValueSpecification","valueRequired":true,"valueName":"search_term_string"}}],"inLanguage":"pt-PT"},{"@type":"Person","@id":"https:\/\/fundacioncajaruraldelsur.com\/#\/schema\/person\/19ba3c7838dbd8d72bff37a21283656a","name":"Mar Fernandez Blanco","image":{"@type":"ImageObject","inLanguage":"pt-PT","@id":"https:\/\/secure.gravatar.com\/avatar\/217fe941f7a53d405f2a1505de9ea5efaf2572344a2b441fd469b1346c0e4c04?s=96&d=blank&r=g","url":"https:\/\/secure.gravatar.com\/avatar\/217fe941f7a53d405f2a1505de9ea5efaf2572344a2b441fd469b1346c0e4c04?s=96&d=blank&r=g","contentUrl":"https:\/\/secure.gravatar.com\/avatar\/217fe941f7a53d405f2a1505de9ea5efaf2572344a2b441fd469b1346c0e4c04?s=96&d=blank&r=g","caption":"Mar Fernandez Blanco"}}]}},"rttpg_featured_image_url":{"full":["https:\/\/fundacioncajaruraldelsur.com\/wp-content\/uploads\/2021\/02\/210214.-Entrega-de-lo-recaudado-en-la-exposicion-de-Aramburu-en-Fundacion-Caja-Rural-del-Sur-a-la-presidenta-de-la-AECC..jpg",1024,821,false],"landscape":["https:\/\/fundacioncajaruraldelsur.com\/wp-content\/uploads\/2021\/02\/210214.-Entrega-de-lo-recaudado-en-la-exposicion-de-Aramburu-en-Fundacion-Caja-Rural-del-Sur-a-la-presidenta-de-la-AECC..jpg",1024,821,false],"portraits":["https:\/\/fundacioncajaruraldelsur.com\/wp-content\/uploads\/2021\/02\/210214.-Entrega-de-lo-recaudado-en-la-exposicion-de-Aramburu-en-Fundacion-Caja-Rural-del-Sur-a-la-presidenta-de-la-AECC..jpg",1024,821,false],"thumbnail":["https:\/\/fundacioncajaruraldelsur.com\/wp-content\/uploads\/2021\/02\/210214.-Entrega-de-lo-recaudado-en-la-exposicion-de-Aramburu-en-Fundacion-Caja-Rural-del-Sur-a-la-presidenta-de-la-AECC.-150x150.jpg",150,150,true],"medium":["https:\/\/fundacioncajaruraldelsur.com\/wp-content\/uploads\/2021\/02\/210214.-Entrega-de-lo-recaudado-en-la-exposicion-de-Aramburu-en-Fundacion-Caja-Rural-del-Sur-a-la-presidenta-de-la-AECC.-300x241.jpg",300,241,true],"large":["https:\/\/fundacioncajaruraldelsur.com\/wp-content\/uploads\/2021\/02\/210214.-Entrega-de-lo-recaudado-en-la-exposicion-de-Aramburu-en-Fundacion-Caja-Rural-del-Sur-a-la-presidenta-de-la-AECC..jpg",960,770,false],"1536x1536":["https:\/\/fundacioncajaruraldelsur.com\/wp-content\/uploads\/2021\/02\/210214.-Entrega-de-lo-recaudado-en-la-exposicion-de-Aramburu-en-Fundacion-Caja-Rural-del-Sur-a-la-presidenta-de-la-AECC..jpg",1024,821,false],"2048x2048":["https:\/\/fundacioncajaruraldelsur.com\/wp-content\/uploads\/2021\/02\/210214.-Entrega-de-lo-recaudado-en-la-exposicion-de-Aramburu-en-Fundacion-Caja-Rural-del-Sur-a-la-presidenta-de-la-AECC..jpg",1024,821,false],"trp-custom-language-flag":["https:\/\/fundacioncajaruraldelsur.com\/wp-content\/uploads\/2021\/02\/210214.-Entrega-de-lo-recaudado-en-la-exposicion-de-Aramburu-en-Fundacion-Caja-Rural-del-Sur-a-la-presidenta-de-la-AECC..jpg",15,12,false],"blog-thumbnail":["https:\/\/fundacioncajaruraldelsur.com\/wp-content\/uploads\/2021\/02\/210214.-Entrega-de-lo-recaudado-en-la-exposicion-de-Aramburu-en-Fundacion-Caja-Rural-del-Sur-a-la-presidenta-de-la-AECC.-400x200.jpg",400,200,true]},"rttpg_author":{"display_name":"Mar Fernandez Blanco","author_link":"https:\/\/fundacioncajaruraldelsur.com\/pt\/author\/marfernandez\/"},"rttpg_comment":0,"rttpg_category":"<a href=\"https:\/\/fundacioncajaruraldelsur.com\/pt\/category\/accion-social\/\" rel=\"category tag\">Acci\u00f3n social<\/a>","rttpg_excerpt":"La presidenta de la Junta Directiva provincial de AECC, Gloria Puy, ha recibido lo recaudado en la exposici\u00f3n de Alfonso Aramburu en el Centro Cultural \u2018Jos\u00e9 Luis Garcia Palacios\u2019, de [&hellip;]","_links":{"self":[{"href":"https:\/\/fundacioncajaruraldelsur.com\/pt\/wp-json\/wp\/v2\/posts\/6176","targetHints":{"allow":["GET"]}}],"collection":[{"href":"https:\/\/fundacioncajaruraldelsur.com\/pt\/wp-json\/wp\/v2\/posts"}],"about":[{"href":"https:\/\/fundacioncajaruraldelsur.com\/pt\/wp-json\/wp\/v2\/types\/post"}],"author":[{"embeddable":true,"href":"https:\/\/fundacioncajaruraldelsur.com\/pt\/wp-json\/wp\/v2\/users\/8"}],"replies":[{"embeddable":true,"href":"https:\/\/fundacioncajaruraldelsur.com\/pt\/wp-json\/wp\/v2\/comments?post=6176"}],"version-history":[{"count":1,"href":"https:\/\/fundacioncajaruraldelsur.com\/pt\/wp-json\/wp\/v2\/posts\/6176\/revisions"}],"predecessor-version":[{"id":6178,"href":"https:\/\/fundacioncajaruraldelsur.com\/pt\/wp-json\/wp\/v2\/posts\/6176\/revisions\/6178"}],"wp:featuredmedia":[{"embeddable":true,"href":"https:\/\/fundacioncajaruraldelsur.com\/pt\/wp-json\/wp\/v2\/media\/6177"}],"wp:attachment":[{"href":"https:\/\/fundacioncajaruraldelsur.com\/pt\/wp-json\/wp\/v2\/media?parent=6176"}],"wp:term":[{"taxonomy":"category","embeddable":true,"href":"https:\/\/fundacioncajaruraldelsur.com\/pt\/wp-json\/wp\/v2\/categories?post=6176"},{"taxonomy":"post_tag","embeddable":true,"href":"https:\/\/fundacioncajaruraldelsur.com\/pt\/wp-json\/wp\/v2\/tags?post=6176"}],"curies":[{"name":"wp","href":"https:\/\/api.w.org\/{rel}","templated":true}]}}