{"id":6141,"date":"2021-01-23T18:49:20","date_gmt":"2021-01-23T16:49:20","guid":{"rendered":"\/?p=6141"},"modified":"2021-01-23T18:49:20","modified_gmt":"2021-01-23T16:49:20","slug":"la-fundacion-caja-rural-del-sur-entrega-a-las-hermanitas-de-la-cruz-de-huelva-lo-recaudado-en-la-muestra-de-aramburu","status":"publish","type":"post","link":"https:\/\/fundacioncajaruraldelsur.com\/pt\/la-fundacion-caja-rural-del-sur-entrega-a-las-hermanitas-de-la-cruz-de-huelva-lo-recaudado-en-la-muestra-de-aramburu\/","title":{"rendered":"La Fundaci\u00f3n Caja Rural del Sur entrega a las Hermanitas de la Cruz de Huelva lo recaudado en la muestra de Aramburu"},"content":{"rendered":"<p>Una vez concluida la exposici\u00f3n de Alfonso Aramburu en el Centro Cultural \u2018Jos\u00e9 Luis Garcia Palacios\u2019 una parte de lo recaudado en la misma ha sido entregado a las Hermanitas de la Cruz. Este a\u00f1o la cl\u00e1sica exposici\u00f3n del Taller de Arteterapia, como consecuencia de la pandemia, fue sustituida por una muestra personal de 50 cuadros del pintor y creador onubense denominada \u2018Cielos\u2019 y que se ha vendido en su totalidad. En estos d\u00edas se har\u00e1 tambi\u00e9n efectiva la donaci\u00f3n a C\u00e1ritas y a la AECC de Huelva.<\/p>\n<p>Desde hace a\u00f1os, Alfonso Aramburu, junto al Taller de Arteterapia que \u00e9l dirige, dona todos sus trabajos con el fin de recaudar fondos para distintas entidades solidarias de la provincia de Huelva. Este a\u00f1o no se pod\u00eda faltar a la cita y ha sido el propio Alfonso Aramburu el autor de todos los cuadros donados en una exposici\u00f3n que cont\u00f3 en su inauguraci\u00f3n con la presencia del nuevo obispo de Huelva, monse\u00f1or Santiago G\u00f3mez Sierra, quien agradeci\u00f3 en nombre de las entidades destinatarias de la ayuda, esta exposici\u00f3n solidaria que nos convoca a todos porque \u201csigue habiendo mucha gente necesitada y muchos que no tienen sitio donde cobijarse\u201d, y del presidente de Caja Rural del Sur y su Fundaci\u00f3n, Jos\u00e9 Luis Garc\u00eda- Palacios \u00c1lvarez, que destacaba el fin solidario con que Alfonso Aramburu ha querido estar un a\u00f1o m\u00e1s, coincidiendo con las fiestas navide\u00f1as, ayudando a los m\u00e1s necesitados y defin\u00eda los 50 cuadros expuestos en la galer\u00eda como \u201cun alegato a la esperanza\u201d en estos tiempos tan dif\u00edciles y complicados.<\/p>\n<p>Alfonso Aramburu, nacido en Huelva en el a\u00f1o 1938, es asesor del ciclo de Artes Pl\u00e1sticas que Fundaci\u00f3n Caja Rural del Sur programa cada temporada. Desde los ocho a\u00f1os ya destacaba en los concursos infantiles y en el a\u00f1o 1962 expone por primera vez en Madrid, en la Galer\u00eda Nebli, de la calle Serrano, y as\u00ed repite durante cinco a\u00f1os seguidos. En 1978 muestra su obra pict\u00f3rica en Par\u00eds y posteriormente en varias capitales de Europa. Lo mismo que ha ocurrido en Espa\u00f1a, ya que sus pinturas se han expuesto en casi toda la geograf\u00eda nacional, en especial en Barcelona.<\/p>\n<p>&nbsp;<\/p>","protected":false},"excerpt":{"rendered":"<p>Una vez concluida la exposici\u00f3n de Alfonso Aramburu en el Centro Cultural \u2018Jos\u00e9 Luis Garcia Palacios\u2019 una parte de lo recaudado en la misma ha sido entregado a las Hermanitas [&hellip;]<\/p>\n","protected":false},"author":6,"featured_media":6142,"comment_status":"closed","ping_status":"closed","sticky":false,"template":"","format":"standard","meta":{"footnotes":""},"categories":[69],"tags":[],"class_list":["post-6141","post","type-post","status-publish","format-standard","has-post-thumbnail","hentry","category-colaboracion"],"yoast_head":"<!-- This site is optimized with the Yoast SEO plugin v27.3 - https:\/\/yoast.com\/product\/yoast-seo-wordpress\/ -->\n<title>La Fundaci\u00f3n Caja Rural del Sur entrega a las Hermanitas de la Cruz de Huelva lo recaudado en la muestra de Aramburu - Fundaci\u00f3n Caja Rural del Sur<\/title>\n<meta name=\"robots\" content=\"index, follow, max-snippet:-1, max-image-preview:large, max-video-preview:-1\" \/>\n<link rel=\"canonical\" href=\"https:\/\/fundacioncajaruraldelsur.com\/pt\/la-fundacion-caja-rural-del-sur-entrega-a-las-hermanitas-de-la-cruz-de-huelva-lo-recaudado-en-la-muestra-de-aramburu\/\" \/>\n<meta property=\"og:locale\" content=\"pt_PT\" \/>\n<meta property=\"og:type\" content=\"article\" \/>\n<meta property=\"og:title\" content=\"La Fundaci\u00f3n Caja Rural del Sur entrega a las Hermanitas de la Cruz de Huelva lo recaudado en la muestra de Aramburu - Fundaci\u00f3n Caja Rural del Sur\" \/>\n<meta property=\"og:description\" content=\"Una vez concluida la exposici\u00f3n de Alfonso Aramburu en el Centro Cultural \u2018Jos\u00e9 Luis Garcia Palacios\u2019 una parte de lo recaudado en la misma ha sido entregado a las Hermanitas [&hellip;]\" \/>\n<meta property=\"og:url\" content=\"https:\/\/fundacioncajaruraldelsur.com\/pt\/la-fundacion-caja-rural-del-sur-entrega-a-las-hermanitas-de-la-cruz-de-huelva-lo-recaudado-en-la-muestra-de-aramburu\/\" \/>\n<meta property=\"og:site_name\" content=\"Fundaci\u00f3n Caja Rural del Sur\" \/>\n<meta property=\"article:published_time\" content=\"2021-01-23T16:49:20+00:00\" \/>\n<meta property=\"og:image\" content=\"https:\/\/fundacioncajaruraldelsur.com\/wp-content\/uploads\/2021\/01\/210122.-Entrega-desde-Fundacion-Caja-Rural-del-Sur-a-las-Hermanitas-de-la-Cruz-de-lo-recaudado-en-la-exposicion-de-Alfonso-Aramburu..jpg\" \/>\n\t<meta property=\"og:image:width\" content=\"1512\" \/>\n\t<meta property=\"og:image:height\" content=\"2016\" \/>\n\t<meta property=\"og:image:type\" content=\"image\/jpeg\" \/>\n<meta name=\"author\" content=\"Comunicaci\u00f3n\" \/>\n<meta name=\"twitter:card\" content=\"summary_large_image\" \/>\n<meta name=\"twitter:label1\" content=\"Written by\" \/>\n\t<meta name=\"twitter:data1\" content=\"Comunicaci\u00f3n\" \/>\n\t<meta name=\"twitter:label2\" content=\"Est. reading time\" \/>\n\t<meta name=\"twitter:data2\" content=\"2 minutes\" \/>\n<script type=\"application\/ld+json\" class=\"yoast-schema-graph\">{\"@context\":\"https:\\\/\\\/schema.org\",\"@graph\":[{\"@type\":\"Article\",\"@id\":\"https:\\\/\\\/fundacioncajaruraldelsur.com\\\/la-fundacion-caja-rural-del-sur-entrega-a-las-hermanitas-de-la-cruz-de-huelva-lo-recaudado-en-la-muestra-de-aramburu\\\/#article\",\"isPartOf\":{\"@id\":\"https:\\\/\\\/fundacioncajaruraldelsur.com\\\/la-fundacion-caja-rural-del-sur-entrega-a-las-hermanitas-de-la-cruz-de-huelva-lo-recaudado-en-la-muestra-de-aramburu\\\/\"},\"author\":{\"name\":\"Comunicaci\u00f3n\",\"@id\":\"https:\\\/\\\/fundacioncajaruraldelsur.com\\\/#\\\/schema\\\/person\\\/f430da9fb783d505ff061ad8b3d44577\"},\"headline\":\"La Fundaci\u00f3n Caja Rural del Sur entrega a las Hermanitas de la Cruz de Huelva lo recaudado en la muestra de Aramburu\",\"datePublished\":\"2021-01-23T16:49:20+00:00\",\"mainEntityOfPage\":{\"@id\":\"https:\\\/\\\/fundacioncajaruraldelsur.com\\\/la-fundacion-caja-rural-del-sur-entrega-a-las-hermanitas-de-la-cruz-de-huelva-lo-recaudado-en-la-muestra-de-aramburu\\\/\"},\"wordCount\":414,\"image\":{\"@id\":\"https:\\\/\\\/fundacioncajaruraldelsur.com\\\/la-fundacion-caja-rural-del-sur-entrega-a-las-hermanitas-de-la-cruz-de-huelva-lo-recaudado-en-la-muestra-de-aramburu\\\/#primaryimage\"},\"thumbnailUrl\":\"https:\\\/\\\/fundacioncajaruraldelsur.com\\\/wp-content\\\/uploads\\\/2021\\\/01\\\/210122.-Entrega-desde-Fundacion-Caja-Rural-del-Sur-a-las-Hermanitas-de-la-Cruz-de-lo-recaudado-en-la-exposicion-de-Alfonso-Aramburu..jpg\",\"articleSection\":[\"Colaboraci\u00f3n\"],\"inLanguage\":\"pt-PT\"},{\"@type\":\"WebPage\",\"@id\":\"https:\\\/\\\/fundacioncajaruraldelsur.com\\\/la-fundacion-caja-rural-del-sur-entrega-a-las-hermanitas-de-la-cruz-de-huelva-lo-recaudado-en-la-muestra-de-aramburu\\\/\",\"url\":\"https:\\\/\\\/fundacioncajaruraldelsur.com\\\/la-fundacion-caja-rural-del-sur-entrega-a-las-hermanitas-de-la-cruz-de-huelva-lo-recaudado-en-la-muestra-de-aramburu\\\/\",\"name\":\"La Fundaci\u00f3n Caja Rural del Sur entrega a las Hermanitas de la Cruz de Huelva lo recaudado en la muestra de Aramburu - Fundaci\u00f3n Caja Rural del Sur\",\"isPartOf\":{\"@id\":\"https:\\\/\\\/fundacioncajaruraldelsur.com\\\/#website\"},\"primaryImageOfPage\":{\"@id\":\"https:\\\/\\\/fundacioncajaruraldelsur.com\\\/la-fundacion-caja-rural-del-sur-entrega-a-las-hermanitas-de-la-cruz-de-huelva-lo-recaudado-en-la-muestra-de-aramburu\\\/#primaryimage\"},\"image\":{\"@id\":\"https:\\\/\\\/fundacioncajaruraldelsur.com\\\/la-fundacion-caja-rural-del-sur-entrega-a-las-hermanitas-de-la-cruz-de-huelva-lo-recaudado-en-la-muestra-de-aramburu\\\/#primaryimage\"},\"thumbnailUrl\":\"https:\\\/\\\/fundacioncajaruraldelsur.com\\\/wp-content\\\/uploads\\\/2021\\\/01\\\/210122.-Entrega-desde-Fundacion-Caja-Rural-del-Sur-a-las-Hermanitas-de-la-Cruz-de-lo-recaudado-en-la-exposicion-de-Alfonso-Aramburu..jpg\",\"datePublished\":\"2021-01-23T16:49:20+00:00\",\"author\":{\"@id\":\"https:\\\/\\\/fundacioncajaruraldelsur.com\\\/#\\\/schema\\\/person\\\/f430da9fb783d505ff061ad8b3d44577\"},\"breadcrumb\":{\"@id\":\"https:\\\/\\\/fundacioncajaruraldelsur.com\\\/la-fundacion-caja-rural-del-sur-entrega-a-las-hermanitas-de-la-cruz-de-huelva-lo-recaudado-en-la-muestra-de-aramburu\\\/#breadcrumb\"},\"inLanguage\":\"pt-PT\",\"potentialAction\":[{\"@type\":\"ReadAction\",\"target\":[\"https:\\\/\\\/fundacioncajaruraldelsur.com\\\/la-fundacion-caja-rural-del-sur-entrega-a-las-hermanitas-de-la-cruz-de-huelva-lo-recaudado-en-la-muestra-de-aramburu\\\/\"]}]},{\"@type\":\"ImageObject\",\"inLanguage\":\"pt-PT\",\"@id\":\"https:\\\/\\\/fundacioncajaruraldelsur.com\\\/la-fundacion-caja-rural-del-sur-entrega-a-las-hermanitas-de-la-cruz-de-huelva-lo-recaudado-en-la-muestra-de-aramburu\\\/#primaryimage\",\"url\":\"https:\\\/\\\/fundacioncajaruraldelsur.com\\\/wp-content\\\/uploads\\\/2021\\\/01\\\/210122.-Entrega-desde-Fundacion-Caja-Rural-del-Sur-a-las-Hermanitas-de-la-Cruz-de-lo-recaudado-en-la-exposicion-de-Alfonso-Aramburu..jpg\",\"contentUrl\":\"https:\\\/\\\/fundacioncajaruraldelsur.com\\\/wp-content\\\/uploads\\\/2021\\\/01\\\/210122.-Entrega-desde-Fundacion-Caja-Rural-del-Sur-a-las-Hermanitas-de-la-Cruz-de-lo-recaudado-en-la-exposicion-de-Alfonso-Aramburu..jpg\",\"width\":1512,\"height\":2016},{\"@type\":\"BreadcrumbList\",\"@id\":\"https:\\\/\\\/fundacioncajaruraldelsur.com\\\/la-fundacion-caja-rural-del-sur-entrega-a-las-hermanitas-de-la-cruz-de-huelva-lo-recaudado-en-la-muestra-de-aramburu\\\/#breadcrumb\",\"itemListElement\":[{\"@type\":\"ListItem\",\"position\":1,\"name\":\"Portada\",\"item\":\"https:\\\/\\\/fundacioncajaruraldelsur.com\\\/\"},{\"@type\":\"ListItem\",\"position\":2,\"name\":\"La Fundaci\u00f3n Caja Rural del Sur entrega a las Hermanitas de la Cruz de Huelva lo recaudado en la muestra de Aramburu\"}]},{\"@type\":\"WebSite\",\"@id\":\"https:\\\/\\\/fundacioncajaruraldelsur.com\\\/#website\",\"url\":\"https:\\\/\\\/fundacioncajaruraldelsur.com\\\/\",\"name\":\"Fundaci\u00f3n Caja Rural del Sur\",\"description\":\"\",\"potentialAction\":[{\"@type\":\"SearchAction\",\"target\":{\"@type\":\"EntryPoint\",\"urlTemplate\":\"https:\\\/\\\/fundacioncajaruraldelsur.com\\\/?s={search_term_string}\"},\"query-input\":{\"@type\":\"PropertyValueSpecification\",\"valueRequired\":true,\"valueName\":\"search_term_string\"}}],\"inLanguage\":\"pt-PT\"},{\"@type\":\"Person\",\"@id\":\"https:\\\/\\\/fundacioncajaruraldelsur.com\\\/#\\\/schema\\\/person\\\/f430da9fb783d505ff061ad8b3d44577\",\"name\":\"Comunicaci\u00f3n\",\"image\":{\"@type\":\"ImageObject\",\"inLanguage\":\"pt-PT\",\"@id\":\"https:\\\/\\\/secure.gravatar.com\\\/avatar\\\/0dca239875993680bac4603ad2de7942da018f52cc3a244578e0b3b09314a8d8?s=96&d=blank&r=g\",\"url\":\"https:\\\/\\\/secure.gravatar.com\\\/avatar\\\/0dca239875993680bac4603ad2de7942da018f52cc3a244578e0b3b09314a8d8?s=96&d=blank&r=g\",\"contentUrl\":\"https:\\\/\\\/secure.gravatar.com\\\/avatar\\\/0dca239875993680bac4603ad2de7942da018f52cc3a244578e0b3b09314a8d8?s=96&d=blank&r=g\",\"caption\":\"Comunicaci\u00f3n\"}}]}<\/script>\n<!-- \/ Yoast SEO plugin. -->","yoast_head_json":{"title":"La Fundaci\u00f3n Caja Rural del Sur entrega a las Hermanitas de la Cruz de Huelva lo recaudado en la muestra de Aramburu - Fundaci\u00f3n Caja Rural del Sur","robots":{"index":"index","follow":"follow","max-snippet":"max-snippet:-1","max-image-preview":"max-image-preview:large","max-video-preview":"max-video-preview:-1"},"canonical":"https:\/\/fundacioncajaruraldelsur.com\/pt\/la-fundacion-caja-rural-del-sur-entrega-a-las-hermanitas-de-la-cruz-de-huelva-lo-recaudado-en-la-muestra-de-aramburu\/","og_locale":"pt_PT","og_type":"article","og_title":"La Fundaci\u00f3n Caja Rural del Sur entrega a las Hermanitas de la Cruz de Huelva lo recaudado en la muestra de Aramburu - Fundaci\u00f3n Caja Rural del Sur","og_description":"Una vez concluida la exposici\u00f3n de Alfonso Aramburu en el Centro Cultural \u2018Jos\u00e9 Luis Garcia Palacios\u2019 una parte de lo recaudado en la misma ha sido entregado a las Hermanitas [&hellip;]","og_url":"https:\/\/fundacioncajaruraldelsur.com\/pt\/la-fundacion-caja-rural-del-sur-entrega-a-las-hermanitas-de-la-cruz-de-huelva-lo-recaudado-en-la-muestra-de-aramburu\/","og_site_name":"Fundaci\u00f3n Caja Rural del Sur","article_published_time":"2021-01-23T16:49:20+00:00","og_image":[{"width":1512,"height":2016,"url":"https:\/\/fundacioncajaruraldelsur.com\/wp-content\/uploads\/2021\/01\/210122.-Entrega-desde-Fundacion-Caja-Rural-del-Sur-a-las-Hermanitas-de-la-Cruz-de-lo-recaudado-en-la-exposicion-de-Alfonso-Aramburu..jpg","type":"image\/jpeg"}],"author":"Comunicaci\u00f3n","twitter_card":"summary_large_image","twitter_misc":{"Written by":"Comunicaci\u00f3n","Est. reading time":"2 minutes"},"schema":{"@context":"https:\/\/schema.org","@graph":[{"@type":"Article","@id":"https:\/\/fundacioncajaruraldelsur.com\/la-fundacion-caja-rural-del-sur-entrega-a-las-hermanitas-de-la-cruz-de-huelva-lo-recaudado-en-la-muestra-de-aramburu\/#article","isPartOf":{"@id":"https:\/\/fundacioncajaruraldelsur.com\/la-fundacion-caja-rural-del-sur-entrega-a-las-hermanitas-de-la-cruz-de-huelva-lo-recaudado-en-la-muestra-de-aramburu\/"},"author":{"name":"Comunicaci\u00f3n","@id":"https:\/\/fundacioncajaruraldelsur.com\/#\/schema\/person\/f430da9fb783d505ff061ad8b3d44577"},"headline":"La Fundaci\u00f3n Caja Rural del Sur entrega a las Hermanitas de la Cruz de Huelva lo recaudado en la muestra de Aramburu","datePublished":"2021-01-23T16:49:20+00:00","mainEntityOfPage":{"@id":"https:\/\/fundacioncajaruraldelsur.com\/la-fundacion-caja-rural-del-sur-entrega-a-las-hermanitas-de-la-cruz-de-huelva-lo-recaudado-en-la-muestra-de-aramburu\/"},"wordCount":414,"image":{"@id":"https:\/\/fundacioncajaruraldelsur.com\/la-fundacion-caja-rural-del-sur-entrega-a-las-hermanitas-de-la-cruz-de-huelva-lo-recaudado-en-la-muestra-de-aramburu\/#primaryimage"},"thumbnailUrl":"https:\/\/fundacioncajaruraldelsur.com\/wp-content\/uploads\/2021\/01\/210122.-Entrega-desde-Fundacion-Caja-Rural-del-Sur-a-las-Hermanitas-de-la-Cruz-de-lo-recaudado-en-la-exposicion-de-Alfonso-Aramburu..jpg","articleSection":["Colaboraci\u00f3n"],"inLanguage":"pt-PT"},{"@type":"WebPage","@id":"https:\/\/fundacioncajaruraldelsur.com\/la-fundacion-caja-rural-del-sur-entrega-a-las-hermanitas-de-la-cruz-de-huelva-lo-recaudado-en-la-muestra-de-aramburu\/","url":"https:\/\/fundacioncajaruraldelsur.com\/la-fundacion-caja-rural-del-sur-entrega-a-las-hermanitas-de-la-cruz-de-huelva-lo-recaudado-en-la-muestra-de-aramburu\/","name":"La Fundaci\u00f3n Caja Rural del Sur entrega a las Hermanitas de la Cruz de Huelva lo recaudado en la muestra de Aramburu - Fundaci\u00f3n Caja Rural del Sur","isPartOf":{"@id":"https:\/\/fundacioncajaruraldelsur.com\/#website"},"primaryImageOfPage":{"@id":"https:\/\/fundacioncajaruraldelsur.com\/la-fundacion-caja-rural-del-sur-entrega-a-las-hermanitas-de-la-cruz-de-huelva-lo-recaudado-en-la-muestra-de-aramburu\/#primaryimage"},"image":{"@id":"https:\/\/fundacioncajaruraldelsur.com\/la-fundacion-caja-rural-del-sur-entrega-a-las-hermanitas-de-la-cruz-de-huelva-lo-recaudado-en-la-muestra-de-aramburu\/#primaryimage"},"thumbnailUrl":"https:\/\/fundacioncajaruraldelsur.com\/wp-content\/uploads\/2021\/01\/210122.-Entrega-desde-Fundacion-Caja-Rural-del-Sur-a-las-Hermanitas-de-la-Cruz-de-lo-recaudado-en-la-exposicion-de-Alfonso-Aramburu..jpg","datePublished":"2021-01-23T16:49:20+00:00","author":{"@id":"https:\/\/fundacioncajaruraldelsur.com\/#\/schema\/person\/f430da9fb783d505ff061ad8b3d44577"},"breadcrumb":{"@id":"https:\/\/fundacioncajaruraldelsur.com\/la-fundacion-caja-rural-del-sur-entrega-a-las-hermanitas-de-la-cruz-de-huelva-lo-recaudado-en-la-muestra-de-aramburu\/#breadcrumb"},"inLanguage":"pt-PT","potentialAction":[{"@type":"ReadAction","target":["https:\/\/fundacioncajaruraldelsur.com\/la-fundacion-caja-rural-del-sur-entrega-a-las-hermanitas-de-la-cruz-de-huelva-lo-recaudado-en-la-muestra-de-aramburu\/"]}]},{"@type":"ImageObject","inLanguage":"pt-PT","@id":"https:\/\/fundacioncajaruraldelsur.com\/la-fundacion-caja-rural-del-sur-entrega-a-las-hermanitas-de-la-cruz-de-huelva-lo-recaudado-en-la-muestra-de-aramburu\/#primaryimage","url":"https:\/\/fundacioncajaruraldelsur.com\/wp-content\/uploads\/2021\/01\/210122.-Entrega-desde-Fundacion-Caja-Rural-del-Sur-a-las-Hermanitas-de-la-Cruz-de-lo-recaudado-en-la-exposicion-de-Alfonso-Aramburu..jpg","contentUrl":"https:\/\/fundacioncajaruraldelsur.com\/wp-content\/uploads\/2021\/01\/210122.-Entrega-desde-Fundacion-Caja-Rural-del-Sur-a-las-Hermanitas-de-la-Cruz-de-lo-recaudado-en-la-exposicion-de-Alfonso-Aramburu..jpg","width":1512,"height":2016},{"@type":"BreadcrumbList","@id":"https:\/\/fundacioncajaruraldelsur.com\/la-fundacion-caja-rural-del-sur-entrega-a-las-hermanitas-de-la-cruz-de-huelva-lo-recaudado-en-la-muestra-de-aramburu\/#breadcrumb","itemListElement":[{"@type":"ListItem","position":1,"name":"Portada","item":"https:\/\/fundacioncajaruraldelsur.com\/"},{"@type":"ListItem","position":2,"name":"La Fundaci\u00f3n Caja Rural del Sur entrega a las Hermanitas de la Cruz de Huelva lo recaudado en la muestra de Aramburu"}]},{"@type":"WebSite","@id":"https:\/\/fundacioncajaruraldelsur.com\/#website","url":"https:\/\/fundacioncajaruraldelsur.com\/","name":"Funda\u00e7\u00e3o Caja Rural del Sur","description":"","potentialAction":[{"@type":"SearchAction","target":{"@type":"EntryPoint","urlTemplate":"https:\/\/fundacioncajaruraldelsur.com\/?s={search_term_string}"},"query-input":{"@type":"PropertyValueSpecification","valueRequired":true,"valueName":"search_term_string"}}],"inLanguage":"pt-PT"},{"@type":"Person","@id":"https:\/\/fundacioncajaruraldelsur.com\/#\/schema\/person\/f430da9fb783d505ff061ad8b3d44577","name":"Comunicaci\u00f3n","image":{"@type":"ImageObject","inLanguage":"pt-PT","@id":"https:\/\/secure.gravatar.com\/avatar\/0dca239875993680bac4603ad2de7942da018f52cc3a244578e0b3b09314a8d8?s=96&d=blank&r=g","url":"https:\/\/secure.gravatar.com\/avatar\/0dca239875993680bac4603ad2de7942da018f52cc3a244578e0b3b09314a8d8?s=96&d=blank&r=g","contentUrl":"https:\/\/secure.gravatar.com\/avatar\/0dca239875993680bac4603ad2de7942da018f52cc3a244578e0b3b09314a8d8?s=96&d=blank&r=g","caption":"Comunicaci\u00f3n"}}]}},"rttpg_featured_image_url":{"full":["https:\/\/fundacioncajaruraldelsur.com\/wp-content\/uploads\/2021\/01\/210122.-Entrega-desde-Fundacion-Caja-Rural-del-Sur-a-las-Hermanitas-de-la-Cruz-de-lo-recaudado-en-la-exposicion-de-Alfonso-Aramburu..jpg",1512,2016,false],"landscape":["https:\/\/fundacioncajaruraldelsur.com\/wp-content\/uploads\/2021\/01\/210122.-Entrega-desde-Fundacion-Caja-Rural-del-Sur-a-las-Hermanitas-de-la-Cruz-de-lo-recaudado-en-la-exposicion-de-Alfonso-Aramburu..jpg",1512,2016,false],"portraits":["https:\/\/fundacioncajaruraldelsur.com\/wp-content\/uploads\/2021\/01\/210122.-Entrega-desde-Fundacion-Caja-Rural-del-Sur-a-las-Hermanitas-de-la-Cruz-de-lo-recaudado-en-la-exposicion-de-Alfonso-Aramburu..jpg",1512,2016,false],"thumbnail":["https:\/\/fundacioncajaruraldelsur.com\/wp-content\/uploads\/2021\/01\/210122.-Entrega-desde-Fundacion-Caja-Rural-del-Sur-a-las-Hermanitas-de-la-Cruz-de-lo-recaudado-en-la-exposicion-de-Alfonso-Aramburu.-150x150.jpg",150,150,true],"medium":["https:\/\/fundacioncajaruraldelsur.com\/wp-content\/uploads\/2021\/01\/210122.-Entrega-desde-Fundacion-Caja-Rural-del-Sur-a-las-Hermanitas-de-la-Cruz-de-lo-recaudado-en-la-exposicion-de-Alfonso-Aramburu.-225x300.jpg",225,300,true],"large":["https:\/\/fundacioncajaruraldelsur.com\/wp-content\/uploads\/2021\/01\/210122.-Entrega-desde-Fundacion-Caja-Rural-del-Sur-a-las-Hermanitas-de-la-Cruz-de-lo-recaudado-en-la-exposicion-de-Alfonso-Aramburu.-768x1024.jpg",768,1024,true],"1536x1536":["https:\/\/fundacioncajaruraldelsur.com\/wp-content\/uploads\/2021\/01\/210122.-Entrega-desde-Fundacion-Caja-Rural-del-Sur-a-las-Hermanitas-de-la-Cruz-de-lo-recaudado-en-la-exposicion-de-Alfonso-Aramburu.-1152x1536.jpg",1152,1536,true],"2048x2048":["https:\/\/fundacioncajaruraldelsur.com\/wp-content\/uploads\/2021\/01\/210122.-Entrega-desde-Fundacion-Caja-Rural-del-Sur-a-las-Hermanitas-de-la-Cruz-de-lo-recaudado-en-la-exposicion-de-Alfonso-Aramburu..jpg",1512,2016,false],"trp-custom-language-flag":["https:\/\/fundacioncajaruraldelsur.com\/wp-content\/uploads\/2021\/01\/210122.-Entrega-desde-Fundacion-Caja-Rural-del-Sur-a-las-Hermanitas-de-la-Cruz-de-lo-recaudado-en-la-exposicion-de-Alfonso-Aramburu..jpg",9,12,false],"blog-thumbnail":["https:\/\/fundacioncajaruraldelsur.com\/wp-content\/uploads\/2021\/01\/210122.-Entrega-desde-Fundacion-Caja-Rural-del-Sur-a-las-Hermanitas-de-la-Cruz-de-lo-recaudado-en-la-exposicion-de-Alfonso-Aramburu.-400x200.jpg",400,200,true]},"rttpg_author":{"display_name":"Comunicaci\u00f3n","author_link":"https:\/\/fundacioncajaruraldelsur.com\/pt\/author\/sevillaadmin\/"},"rttpg_comment":0,"rttpg_category":"<a href=\"https:\/\/fundacioncajaruraldelsur.com\/pt\/category\/colaboracion\/\" rel=\"category tag\">Colaboraci\u00f3n<\/a>","rttpg_excerpt":"Una vez concluida la exposici\u00f3n de Alfonso Aramburu en el Centro Cultural \u2018Jos\u00e9 Luis Garcia Palacios\u2019 una parte de lo recaudado en la misma ha sido entregado a las Hermanitas [&hellip;]","_links":{"self":[{"href":"https:\/\/fundacioncajaruraldelsur.com\/pt\/wp-json\/wp\/v2\/posts\/6141","targetHints":{"allow":["GET"]}}],"collection":[{"href":"https:\/\/fundacioncajaruraldelsur.com\/pt\/wp-json\/wp\/v2\/posts"}],"about":[{"href":"https:\/\/fundacioncajaruraldelsur.com\/pt\/wp-json\/wp\/v2\/types\/post"}],"author":[{"embeddable":true,"href":"https:\/\/fundacioncajaruraldelsur.com\/pt\/wp-json\/wp\/v2\/users\/6"}],"replies":[{"embeddable":true,"href":"https:\/\/fundacioncajaruraldelsur.com\/pt\/wp-json\/wp\/v2\/comments?post=6141"}],"version-history":[{"count":1,"href":"https:\/\/fundacioncajaruraldelsur.com\/pt\/wp-json\/wp\/v2\/posts\/6141\/revisions"}],"predecessor-version":[{"id":6143,"href":"https:\/\/fundacioncajaruraldelsur.com\/pt\/wp-json\/wp\/v2\/posts\/6141\/revisions\/6143"}],"wp:featuredmedia":[{"embeddable":true,"href":"https:\/\/fundacioncajaruraldelsur.com\/pt\/wp-json\/wp\/v2\/media\/6142"}],"wp:attachment":[{"href":"https:\/\/fundacioncajaruraldelsur.com\/pt\/wp-json\/wp\/v2\/media?parent=6141"}],"wp:term":[{"taxonomy":"category","embeddable":true,"href":"https:\/\/fundacioncajaruraldelsur.com\/pt\/wp-json\/wp\/v2\/categories?post=6141"},{"taxonomy":"post_tag","embeddable":true,"href":"https:\/\/fundacioncajaruraldelsur.com\/pt\/wp-json\/wp\/v2\/tags?post=6141"}],"curies":[{"name":"wp","href":"https:\/\/api.w.org\/{rel}","templated":true}]}}