{"id":6126,"date":"2021-01-16T19:42:00","date_gmt":"2021-01-16T17:42:00","guid":{"rendered":"\/?p=6126"},"modified":"2021-01-16T19:42:00","modified_gmt":"2021-01-16T17:42:00","slug":"los-premios-de-investigacion-garcia-palacios-reconocen-a-francisco-perez-y-pedro-saenz","status":"publish","type":"post","link":"https:\/\/fundacioncajaruraldelsur.com\/pt\/los-premios-de-investigacion-garcia-palacios-reconocen-a-francisco-perez-y-pedro-saenz\/","title":{"rendered":"Los Premios de Investigaci\u00f3n Garc\u00eda Palacios reconocen a Francisco P\u00e9rez y Pedro S\u00e1enz"},"content":{"rendered":"<p>La Universidad de Huelva ha entregado los reconocimientos a las trayectorias de sus investigadores, gracias a la C\u00e1tedra de Empresa Familiar de la Fundaci\u00f3n Caja Rural del Sur, en los I Premios de Investigaci\u00f3n Jos\u00e9 Luis Garc\u00eda Palacios, donde se ha distinguido la excelencia investigadora y la trayectoria de los doctores <strong class=\"mce\">Francisco Bartolom\u00e9 P\u00e9rez Bernal (\u00e1rea Cient\u00edfico-Tecnol\u00f3gica) y Pedro S\u00e1enz-L\u00f3pez Bu\u00f1uel<\/strong>\u00a0(\u00e1rea Human\u00edstico-Social).<\/p>\n<p>El acto cont\u00f3 con la presencia de la rectora de la Universidad de Huelva, Mar\u00eda Antonia Pe\u00f1a; el presidente de Caja Rural del Sur y su Fundaci\u00f3n,\u00a0Jos\u00e9 Luis Garc\u00eda-Palacios \u00c1lvarez; la vicerrectora de Innovaci\u00f3n y Empleabilidad, Isabel Mar\u00eda Rodr\u00edguez; la directora de la C\u00e1tedra de Empresa Familiar, Mar\u00eda Jes\u00fas Moreno; el director de la Fundaci\u00f3n Caja Rural del Sur, Emilio Ponce; y el director de Empleo, Emprendimiento y C\u00e1tedras Externas de la UHU, Francisco Barba.<\/p>\n<p>Francisco Bartolom\u00e9 P\u00e9rez Bernal ha sido distinguido con el Premio Jos\u00e9 Luis Garc\u00eda Palacios, en reconocimiento a una dilatada carrera de m\u00e1s de 20 a\u00f1os, en la que ha protagonizado una intensa actividad investigadora \u2013que ha pasado por M\u00e9xico, EEUU o Italia\u2013, con la publicaci\u00f3n de trabajos cient\u00edficos en revistas internacionales de primer nivel, destacando sus aportaciones en F\u00edsica Molecular, Nuclear y Cu\u00e1ntica.<\/p>\n<p>El Premio de Investigaci\u00f3n Jos\u00e9 Luis Garc\u00eda Palacios en el \u00e1rea Human\u00edstico-Social ha sido para el doctor Pedro S\u00e1enz-L\u00f3pez, por su trayectoria a lo largo de tres d\u00e9cadas marcada por la excelencia, con la participaci\u00f3n en grupos de investigaci\u00f3n y direcci\u00f3n desde 1999, con una numerosas producci\u00f3n cient\u00edfica, reconocida con tres sexenios de investigaci\u00f3n en proyectos de investigaci\u00f3n de concurrencia competitiva \u2013siendo investigador principal en siete de ellas\u2013 y sus continuas contribuciones a congresos nacionales e internacionales, con interesant\u00edsimas aportaciones al \u00e1mbito educativo\u00a0\u2013como la motivaci\u00f3n del alumnado\u2013 y las Ciencias de la Actividad F\u00edsica y el Deporte.<\/p>\n<p>Jos\u00e9 Luis Garc\u00eda-Palacios \u00c1lvarez, presidente de Caja Rural del Sur y su Fundaci\u00f3n, quiso agradecer las palabras de cari\u00f1o dedicadas a su padre, y tambi\u00e9n hacer hincapi\u00e9 en la calidad humana de los dos investigadores premiados, \u201cquienes han distribuido toda la excelencia y las felicitaciones a sus grupos y compa\u00f1eros, y\u00a0supeditando su \u00e9xito el individual al valor del equipo, lo que les hace m\u00e1s grandes todav\u00eda\u201d.<\/p>","protected":false},"excerpt":{"rendered":"<p>La Universidad de Huelva ha entregado los reconocimientos a las trayectorias de sus investigadores, gracias a la C\u00e1tedra de Empresa Familiar de la Fundaci\u00f3n Caja Rural del Sur, en los [&hellip;]<\/p>\n","protected":false},"author":6,"featured_media":6127,"comment_status":"closed","ping_status":"closed","sticky":false,"template":"","format":"standard","meta":{"footnotes":""},"categories":[64],"tags":[],"class_list":["post-6126","post","type-post","status-publish","format-standard","has-post-thumbnail","hentry","category-premios"],"yoast_head":"<!-- This site is optimized with the Yoast SEO plugin v27.3 - https:\/\/yoast.com\/product\/yoast-seo-wordpress\/ -->\n<title>Los Premios de Investigaci\u00f3n Garc\u00eda Palacios reconocen a Francisco P\u00e9rez y Pedro S\u00e1enz - Fundaci\u00f3n Caja Rural del Sur<\/title>\n<meta name=\"robots\" content=\"index, follow, max-snippet:-1, max-image-preview:large, max-video-preview:-1\" \/>\n<link rel=\"canonical\" href=\"https:\/\/fundacioncajaruraldelsur.com\/pt\/los-premios-de-investigacion-garcia-palacios-reconocen-a-francisco-perez-y-pedro-saenz\/\" \/>\n<meta property=\"og:locale\" content=\"pt_PT\" \/>\n<meta property=\"og:type\" content=\"article\" \/>\n<meta property=\"og:title\" content=\"Los Premios de Investigaci\u00f3n Garc\u00eda Palacios reconocen a Francisco P\u00e9rez y Pedro S\u00e1enz - Fundaci\u00f3n Caja Rural del Sur\" \/>\n<meta property=\"og:description\" content=\"La Universidad de Huelva ha entregado los reconocimientos a las trayectorias de sus investigadores, gracias a la C\u00e1tedra de Empresa Familiar de la Fundaci\u00f3n Caja Rural del Sur, en los [&hellip;]\" \/>\n<meta property=\"og:url\" content=\"https:\/\/fundacioncajaruraldelsur.com\/pt\/los-premios-de-investigacion-garcia-palacios-reconocen-a-francisco-perez-y-pedro-saenz\/\" \/>\n<meta property=\"og:site_name\" content=\"Fundaci\u00f3n Caja Rural del Sur\" \/>\n<meta property=\"article:published_time\" content=\"2021-01-16T17:42:00+00:00\" \/>\n<meta property=\"og:image\" content=\"https:\/\/fundacioncajaruraldelsur.com\/wp-content\/uploads\/2021\/01\/Premios-Investigacion-Garcia-Palacios-Carmen_1538556372_130618643_667x375.jpg\" \/>\n\t<meta property=\"og:image:width\" content=\"667\" \/>\n\t<meta property=\"og:image:height\" content=\"375\" \/>\n\t<meta property=\"og:image:type\" content=\"image\/jpeg\" \/>\n<meta name=\"author\" content=\"Comunicaci\u00f3n\" \/>\n<meta name=\"twitter:card\" content=\"summary_large_image\" \/>\n<meta name=\"twitter:label1\" content=\"Written by\" \/>\n\t<meta name=\"twitter:data1\" content=\"Comunicaci\u00f3n\" \/>\n\t<meta name=\"twitter:label2\" content=\"Est. reading time\" \/>\n\t<meta name=\"twitter:data2\" content=\"2 minutes\" \/>\n<script type=\"application\/ld+json\" class=\"yoast-schema-graph\">{\"@context\":\"https:\\\/\\\/schema.org\",\"@graph\":[{\"@type\":\"Article\",\"@id\":\"https:\\\/\\\/fundacioncajaruraldelsur.com\\\/los-premios-de-investigacion-garcia-palacios-reconocen-a-francisco-perez-y-pedro-saenz\\\/#article\",\"isPartOf\":{\"@id\":\"https:\\\/\\\/fundacioncajaruraldelsur.com\\\/los-premios-de-investigacion-garcia-palacios-reconocen-a-francisco-perez-y-pedro-saenz\\\/\"},\"author\":{\"name\":\"Comunicaci\u00f3n\",\"@id\":\"https:\\\/\\\/fundacioncajaruraldelsur.com\\\/#\\\/schema\\\/person\\\/f430da9fb783d505ff061ad8b3d44577\"},\"headline\":\"Los Premios de Investigaci\u00f3n Garc\u00eda Palacios reconocen a Francisco P\u00e9rez y Pedro S\u00e1enz\",\"datePublished\":\"2021-01-16T17:42:00+00:00\",\"mainEntityOfPage\":{\"@id\":\"https:\\\/\\\/fundacioncajaruraldelsur.com\\\/los-premios-de-investigacion-garcia-palacios-reconocen-a-francisco-perez-y-pedro-saenz\\\/\"},\"wordCount\":437,\"image\":{\"@id\":\"https:\\\/\\\/fundacioncajaruraldelsur.com\\\/los-premios-de-investigacion-garcia-palacios-reconocen-a-francisco-perez-y-pedro-saenz\\\/#primaryimage\"},\"thumbnailUrl\":\"https:\\\/\\\/fundacioncajaruraldelsur.com\\\/wp-content\\\/uploads\\\/2021\\\/01\\\/Premios-Investigacion-Garcia-Palacios-Carmen_1538556372_130618643_667x375.jpg\",\"articleSection\":[\"Premios\"],\"inLanguage\":\"pt-PT\"},{\"@type\":\"WebPage\",\"@id\":\"https:\\\/\\\/fundacioncajaruraldelsur.com\\\/los-premios-de-investigacion-garcia-palacios-reconocen-a-francisco-perez-y-pedro-saenz\\\/\",\"url\":\"https:\\\/\\\/fundacioncajaruraldelsur.com\\\/los-premios-de-investigacion-garcia-palacios-reconocen-a-francisco-perez-y-pedro-saenz\\\/\",\"name\":\"Los Premios de Investigaci\u00f3n Garc\u00eda Palacios reconocen a Francisco P\u00e9rez y Pedro S\u00e1enz - Fundaci\u00f3n Caja Rural del Sur\",\"isPartOf\":{\"@id\":\"https:\\\/\\\/fundacioncajaruraldelsur.com\\\/#website\"},\"primaryImageOfPage\":{\"@id\":\"https:\\\/\\\/fundacioncajaruraldelsur.com\\\/los-premios-de-investigacion-garcia-palacios-reconocen-a-francisco-perez-y-pedro-saenz\\\/#primaryimage\"},\"image\":{\"@id\":\"https:\\\/\\\/fundacioncajaruraldelsur.com\\\/los-premios-de-investigacion-garcia-palacios-reconocen-a-francisco-perez-y-pedro-saenz\\\/#primaryimage\"},\"thumbnailUrl\":\"https:\\\/\\\/fundacioncajaruraldelsur.com\\\/wp-content\\\/uploads\\\/2021\\\/01\\\/Premios-Investigacion-Garcia-Palacios-Carmen_1538556372_130618643_667x375.jpg\",\"datePublished\":\"2021-01-16T17:42:00+00:00\",\"author\":{\"@id\":\"https:\\\/\\\/fundacioncajaruraldelsur.com\\\/#\\\/schema\\\/person\\\/f430da9fb783d505ff061ad8b3d44577\"},\"breadcrumb\":{\"@id\":\"https:\\\/\\\/fundacioncajaruraldelsur.com\\\/los-premios-de-investigacion-garcia-palacios-reconocen-a-francisco-perez-y-pedro-saenz\\\/#breadcrumb\"},\"inLanguage\":\"pt-PT\",\"potentialAction\":[{\"@type\":\"ReadAction\",\"target\":[\"https:\\\/\\\/fundacioncajaruraldelsur.com\\\/los-premios-de-investigacion-garcia-palacios-reconocen-a-francisco-perez-y-pedro-saenz\\\/\"]}]},{\"@type\":\"ImageObject\",\"inLanguage\":\"pt-PT\",\"@id\":\"https:\\\/\\\/fundacioncajaruraldelsur.com\\\/los-premios-de-investigacion-garcia-palacios-reconocen-a-francisco-perez-y-pedro-saenz\\\/#primaryimage\",\"url\":\"https:\\\/\\\/fundacioncajaruraldelsur.com\\\/wp-content\\\/uploads\\\/2021\\\/01\\\/Premios-Investigacion-Garcia-Palacios-Carmen_1538556372_130618643_667x375.jpg\",\"contentUrl\":\"https:\\\/\\\/fundacioncajaruraldelsur.com\\\/wp-content\\\/uploads\\\/2021\\\/01\\\/Premios-Investigacion-Garcia-Palacios-Carmen_1538556372_130618643_667x375.jpg\",\"width\":667,\"height\":375},{\"@type\":\"BreadcrumbList\",\"@id\":\"https:\\\/\\\/fundacioncajaruraldelsur.com\\\/los-premios-de-investigacion-garcia-palacios-reconocen-a-francisco-perez-y-pedro-saenz\\\/#breadcrumb\",\"itemListElement\":[{\"@type\":\"ListItem\",\"position\":1,\"name\":\"Portada\",\"item\":\"https:\\\/\\\/fundacioncajaruraldelsur.com\\\/\"},{\"@type\":\"ListItem\",\"position\":2,\"name\":\"Los Premios de Investigaci\u00f3n Garc\u00eda Palacios reconocen a Francisco P\u00e9rez y Pedro S\u00e1enz\"}]},{\"@type\":\"WebSite\",\"@id\":\"https:\\\/\\\/fundacioncajaruraldelsur.com\\\/#website\",\"url\":\"https:\\\/\\\/fundacioncajaruraldelsur.com\\\/\",\"name\":\"Fundaci\u00f3n Caja Rural del Sur\",\"description\":\"\",\"potentialAction\":[{\"@type\":\"SearchAction\",\"target\":{\"@type\":\"EntryPoint\",\"urlTemplate\":\"https:\\\/\\\/fundacioncajaruraldelsur.com\\\/?s={search_term_string}\"},\"query-input\":{\"@type\":\"PropertyValueSpecification\",\"valueRequired\":true,\"valueName\":\"search_term_string\"}}],\"inLanguage\":\"pt-PT\"},{\"@type\":\"Person\",\"@id\":\"https:\\\/\\\/fundacioncajaruraldelsur.com\\\/#\\\/schema\\\/person\\\/f430da9fb783d505ff061ad8b3d44577\",\"name\":\"Comunicaci\u00f3n\",\"image\":{\"@type\":\"ImageObject\",\"inLanguage\":\"pt-PT\",\"@id\":\"https:\\\/\\\/secure.gravatar.com\\\/avatar\\\/0dca239875993680bac4603ad2de7942da018f52cc3a244578e0b3b09314a8d8?s=96&d=blank&r=g\",\"url\":\"https:\\\/\\\/secure.gravatar.com\\\/avatar\\\/0dca239875993680bac4603ad2de7942da018f52cc3a244578e0b3b09314a8d8?s=96&d=blank&r=g\",\"contentUrl\":\"https:\\\/\\\/secure.gravatar.com\\\/avatar\\\/0dca239875993680bac4603ad2de7942da018f52cc3a244578e0b3b09314a8d8?s=96&d=blank&r=g\",\"caption\":\"Comunicaci\u00f3n\"}}]}<\/script>\n<!-- \/ Yoast SEO plugin. -->","yoast_head_json":{"title":"Los Premios de Investigaci\u00f3n Garc\u00eda Palacios reconocen a Francisco P\u00e9rez y Pedro S\u00e1enz - Fundaci\u00f3n Caja Rural del Sur","robots":{"index":"index","follow":"follow","max-snippet":"max-snippet:-1","max-image-preview":"max-image-preview:large","max-video-preview":"max-video-preview:-1"},"canonical":"https:\/\/fundacioncajaruraldelsur.com\/pt\/los-premios-de-investigacion-garcia-palacios-reconocen-a-francisco-perez-y-pedro-saenz\/","og_locale":"pt_PT","og_type":"article","og_title":"Los Premios de Investigaci\u00f3n Garc\u00eda Palacios reconocen a Francisco P\u00e9rez y Pedro S\u00e1enz - Fundaci\u00f3n Caja Rural del Sur","og_description":"La Universidad de Huelva ha entregado los reconocimientos a las trayectorias de sus investigadores, gracias a la C\u00e1tedra de Empresa Familiar de la Fundaci\u00f3n Caja Rural del Sur, en los [&hellip;]","og_url":"https:\/\/fundacioncajaruraldelsur.com\/pt\/los-premios-de-investigacion-garcia-palacios-reconocen-a-francisco-perez-y-pedro-saenz\/","og_site_name":"Fundaci\u00f3n Caja Rural del Sur","article_published_time":"2021-01-16T17:42:00+00:00","og_image":[{"width":667,"height":375,"url":"https:\/\/fundacioncajaruraldelsur.com\/wp-content\/uploads\/2021\/01\/Premios-Investigacion-Garcia-Palacios-Carmen_1538556372_130618643_667x375.jpg","type":"image\/jpeg"}],"author":"Comunicaci\u00f3n","twitter_card":"summary_large_image","twitter_misc":{"Written by":"Comunicaci\u00f3n","Est. reading time":"2 minutes"},"schema":{"@context":"https:\/\/schema.org","@graph":[{"@type":"Article","@id":"https:\/\/fundacioncajaruraldelsur.com\/los-premios-de-investigacion-garcia-palacios-reconocen-a-francisco-perez-y-pedro-saenz\/#article","isPartOf":{"@id":"https:\/\/fundacioncajaruraldelsur.com\/los-premios-de-investigacion-garcia-palacios-reconocen-a-francisco-perez-y-pedro-saenz\/"},"author":{"name":"Comunicaci\u00f3n","@id":"https:\/\/fundacioncajaruraldelsur.com\/#\/schema\/person\/f430da9fb783d505ff061ad8b3d44577"},"headline":"Los Premios de Investigaci\u00f3n Garc\u00eda Palacios reconocen a Francisco P\u00e9rez y Pedro S\u00e1enz","datePublished":"2021-01-16T17:42:00+00:00","mainEntityOfPage":{"@id":"https:\/\/fundacioncajaruraldelsur.com\/los-premios-de-investigacion-garcia-palacios-reconocen-a-francisco-perez-y-pedro-saenz\/"},"wordCount":437,"image":{"@id":"https:\/\/fundacioncajaruraldelsur.com\/los-premios-de-investigacion-garcia-palacios-reconocen-a-francisco-perez-y-pedro-saenz\/#primaryimage"},"thumbnailUrl":"https:\/\/fundacioncajaruraldelsur.com\/wp-content\/uploads\/2021\/01\/Premios-Investigacion-Garcia-Palacios-Carmen_1538556372_130618643_667x375.jpg","articleSection":["Premios"],"inLanguage":"pt-PT"},{"@type":"WebPage","@id":"https:\/\/fundacioncajaruraldelsur.com\/los-premios-de-investigacion-garcia-palacios-reconocen-a-francisco-perez-y-pedro-saenz\/","url":"https:\/\/fundacioncajaruraldelsur.com\/los-premios-de-investigacion-garcia-palacios-reconocen-a-francisco-perez-y-pedro-saenz\/","name":"Los Premios de Investigaci\u00f3n Garc\u00eda Palacios reconocen a Francisco P\u00e9rez y Pedro S\u00e1enz - Fundaci\u00f3n Caja Rural del Sur","isPartOf":{"@id":"https:\/\/fundacioncajaruraldelsur.com\/#website"},"primaryImageOfPage":{"@id":"https:\/\/fundacioncajaruraldelsur.com\/los-premios-de-investigacion-garcia-palacios-reconocen-a-francisco-perez-y-pedro-saenz\/#primaryimage"},"image":{"@id":"https:\/\/fundacioncajaruraldelsur.com\/los-premios-de-investigacion-garcia-palacios-reconocen-a-francisco-perez-y-pedro-saenz\/#primaryimage"},"thumbnailUrl":"https:\/\/fundacioncajaruraldelsur.com\/wp-content\/uploads\/2021\/01\/Premios-Investigacion-Garcia-Palacios-Carmen_1538556372_130618643_667x375.jpg","datePublished":"2021-01-16T17:42:00+00:00","author":{"@id":"https:\/\/fundacioncajaruraldelsur.com\/#\/schema\/person\/f430da9fb783d505ff061ad8b3d44577"},"breadcrumb":{"@id":"https:\/\/fundacioncajaruraldelsur.com\/los-premios-de-investigacion-garcia-palacios-reconocen-a-francisco-perez-y-pedro-saenz\/#breadcrumb"},"inLanguage":"pt-PT","potentialAction":[{"@type":"ReadAction","target":["https:\/\/fundacioncajaruraldelsur.com\/los-premios-de-investigacion-garcia-palacios-reconocen-a-francisco-perez-y-pedro-saenz\/"]}]},{"@type":"ImageObject","inLanguage":"pt-PT","@id":"https:\/\/fundacioncajaruraldelsur.com\/los-premios-de-investigacion-garcia-palacios-reconocen-a-francisco-perez-y-pedro-saenz\/#primaryimage","url":"https:\/\/fundacioncajaruraldelsur.com\/wp-content\/uploads\/2021\/01\/Premios-Investigacion-Garcia-Palacios-Carmen_1538556372_130618643_667x375.jpg","contentUrl":"https:\/\/fundacioncajaruraldelsur.com\/wp-content\/uploads\/2021\/01\/Premios-Investigacion-Garcia-Palacios-Carmen_1538556372_130618643_667x375.jpg","width":667,"height":375},{"@type":"BreadcrumbList","@id":"https:\/\/fundacioncajaruraldelsur.com\/los-premios-de-investigacion-garcia-palacios-reconocen-a-francisco-perez-y-pedro-saenz\/#breadcrumb","itemListElement":[{"@type":"ListItem","position":1,"name":"Portada","item":"https:\/\/fundacioncajaruraldelsur.com\/"},{"@type":"ListItem","position":2,"name":"Los Premios de Investigaci\u00f3n Garc\u00eda Palacios reconocen a Francisco P\u00e9rez y Pedro S\u00e1enz"}]},{"@type":"WebSite","@id":"https:\/\/fundacioncajaruraldelsur.com\/#website","url":"https:\/\/fundacioncajaruraldelsur.com\/","name":"Funda\u00e7\u00e3o Caja Rural del Sur","description":"","potentialAction":[{"@type":"SearchAction","target":{"@type":"EntryPoint","urlTemplate":"https:\/\/fundacioncajaruraldelsur.com\/?s={search_term_string}"},"query-input":{"@type":"PropertyValueSpecification","valueRequired":true,"valueName":"search_term_string"}}],"inLanguage":"pt-PT"},{"@type":"Person","@id":"https:\/\/fundacioncajaruraldelsur.com\/#\/schema\/person\/f430da9fb783d505ff061ad8b3d44577","name":"Comunicaci\u00f3n","image":{"@type":"ImageObject","inLanguage":"pt-PT","@id":"https:\/\/secure.gravatar.com\/avatar\/0dca239875993680bac4603ad2de7942da018f52cc3a244578e0b3b09314a8d8?s=96&d=blank&r=g","url":"https:\/\/secure.gravatar.com\/avatar\/0dca239875993680bac4603ad2de7942da018f52cc3a244578e0b3b09314a8d8?s=96&d=blank&r=g","contentUrl":"https:\/\/secure.gravatar.com\/avatar\/0dca239875993680bac4603ad2de7942da018f52cc3a244578e0b3b09314a8d8?s=96&d=blank&r=g","caption":"Comunicaci\u00f3n"}}]}},"rttpg_featured_image_url":{"full":["https:\/\/fundacioncajaruraldelsur.com\/wp-content\/uploads\/2021\/01\/Premios-Investigacion-Garcia-Palacios-Carmen_1538556372_130618643_667x375.jpg",667,375,false],"landscape":["https:\/\/fundacioncajaruraldelsur.com\/wp-content\/uploads\/2021\/01\/Premios-Investigacion-Garcia-Palacios-Carmen_1538556372_130618643_667x375.jpg",667,375,false],"portraits":["https:\/\/fundacioncajaruraldelsur.com\/wp-content\/uploads\/2021\/01\/Premios-Investigacion-Garcia-Palacios-Carmen_1538556372_130618643_667x375.jpg",667,375,false],"thumbnail":["https:\/\/fundacioncajaruraldelsur.com\/wp-content\/uploads\/2021\/01\/Premios-Investigacion-Garcia-Palacios-Carmen_1538556372_130618643_667x375-150x150.jpg",150,150,true],"medium":["https:\/\/fundacioncajaruraldelsur.com\/wp-content\/uploads\/2021\/01\/Premios-Investigacion-Garcia-Palacios-Carmen_1538556372_130618643_667x375-300x169.jpg",300,169,true],"large":["https:\/\/fundacioncajaruraldelsur.com\/wp-content\/uploads\/2021\/01\/Premios-Investigacion-Garcia-Palacios-Carmen_1538556372_130618643_667x375.jpg",667,375,false],"1536x1536":["https:\/\/fundacioncajaruraldelsur.com\/wp-content\/uploads\/2021\/01\/Premios-Investigacion-Garcia-Palacios-Carmen_1538556372_130618643_667x375.jpg",667,375,false],"2048x2048":["https:\/\/fundacioncajaruraldelsur.com\/wp-content\/uploads\/2021\/01\/Premios-Investigacion-Garcia-Palacios-Carmen_1538556372_130618643_667x375.jpg",667,375,false],"trp-custom-language-flag":["https:\/\/fundacioncajaruraldelsur.com\/wp-content\/uploads\/2021\/01\/Premios-Investigacion-Garcia-Palacios-Carmen_1538556372_130618643_667x375.jpg",18,10,false],"blog-thumbnail":["https:\/\/fundacioncajaruraldelsur.com\/wp-content\/uploads\/2021\/01\/Premios-Investigacion-Garcia-Palacios-Carmen_1538556372_130618643_667x375-400x200.jpg",400,200,true]},"rttpg_author":{"display_name":"Comunicaci\u00f3n","author_link":"https:\/\/fundacioncajaruraldelsur.com\/pt\/author\/sevillaadmin\/"},"rttpg_comment":0,"rttpg_category":"<a href=\"https:\/\/fundacioncajaruraldelsur.com\/pt\/category\/premios\/\" rel=\"category tag\">Premios<\/a>","rttpg_excerpt":"La Universidad de Huelva ha entregado los reconocimientos a las trayectorias de sus investigadores, gracias a la C\u00e1tedra de Empresa Familiar de la Fundaci\u00f3n Caja Rural del Sur, en los [&hellip;]","_links":{"self":[{"href":"https:\/\/fundacioncajaruraldelsur.com\/pt\/wp-json\/wp\/v2\/posts\/6126","targetHints":{"allow":["GET"]}}],"collection":[{"href":"https:\/\/fundacioncajaruraldelsur.com\/pt\/wp-json\/wp\/v2\/posts"}],"about":[{"href":"https:\/\/fundacioncajaruraldelsur.com\/pt\/wp-json\/wp\/v2\/types\/post"}],"author":[{"embeddable":true,"href":"https:\/\/fundacioncajaruraldelsur.com\/pt\/wp-json\/wp\/v2\/users\/6"}],"replies":[{"embeddable":true,"href":"https:\/\/fundacioncajaruraldelsur.com\/pt\/wp-json\/wp\/v2\/comments?post=6126"}],"version-history":[{"count":1,"href":"https:\/\/fundacioncajaruraldelsur.com\/pt\/wp-json\/wp\/v2\/posts\/6126\/revisions"}],"predecessor-version":[{"id":6128,"href":"https:\/\/fundacioncajaruraldelsur.com\/pt\/wp-json\/wp\/v2\/posts\/6126\/revisions\/6128"}],"wp:featuredmedia":[{"embeddable":true,"href":"https:\/\/fundacioncajaruraldelsur.com\/pt\/wp-json\/wp\/v2\/media\/6127"}],"wp:attachment":[{"href":"https:\/\/fundacioncajaruraldelsur.com\/pt\/wp-json\/wp\/v2\/media?parent=6126"}],"wp:term":[{"taxonomy":"category","embeddable":true,"href":"https:\/\/fundacioncajaruraldelsur.com\/pt\/wp-json\/wp\/v2\/categories?post=6126"},{"taxonomy":"post_tag","embeddable":true,"href":"https:\/\/fundacioncajaruraldelsur.com\/pt\/wp-json\/wp\/v2\/tags?post=6126"}],"curies":[{"name":"wp","href":"https:\/\/api.w.org\/{rel}","templated":true}]}}