{"id":6102,"date":"2020-12-21T21:02:13","date_gmt":"2020-12-21T19:02:13","guid":{"rendered":"\/?p=6102"},"modified":"2020-12-21T21:04:07","modified_gmt":"2020-12-21T19:04:07","slug":"alfonso-aramburu-expone-sus-cielos-en-apoyo-de-caritas-y-hermanas-de-la-cruz","status":"publish","type":"post","link":"https:\/\/fundacioncajaruraldelsur.com\/pt\/alfonso-aramburu-expone-sus-cielos-en-apoyo-de-caritas-y-hermanas-de-la-cruz\/","title":{"rendered":"Alfonso Aramburu expone sus &#8216;Cielos&#8217; en apoyo de C\u00e1ritas y Hermanas de la Cruz"},"content":{"rendered":"<p>El pintor y creador Alfonso Aramburu, que como consecuencia de la pandemia no ha podido preparar este a\u00f1o la cl\u00e1sica exposici\u00f3n del Taller de Arteterapia por estas fechas, vuelve a sorprender mostrando en 50 cuadros sus \u2018Cielos\u2019, desde este lunes, d\u00eda 21 de diciembre, y hasta el 8 de enero, en la sala del Centro Cultural \u2018Jos\u00e9 Luis Garc\u00eda Palacios\u2019 de Fundaci\u00f3n Caja Rural del Sur en Huelva. La recaudaci\u00f3n que se logre ir\u00e1 a ayudar a C\u00e1ritas y Hermanas de la Cruz.<\/p>\n<p>En el acto de inauguraci\u00f3n de la muestra el presidente de Caja Rural del Sur y su Fundaci\u00f3n, Jos\u00e9 Luis Garc\u00eda-Palacios \u00c1lvarez, que estaba acompa\u00f1ado por el director de la misma, Emilio Ponce, destacaba el fin solidario con que Alfonso Aramburu ha querido estar un a\u00f1o m\u00e1s, coincidiendo con las fiestas navide\u00f1as, ayudando a los m\u00e1s necesitados, a trav\u00e9s este a\u00f1o de C\u00e1ritas y las Hermanitas de la Cruz, y defin\u00eda los 50 cuadros expuestos en la galer\u00eda como \u201cun alegato a la esperanza\u201d en estos tiempos tan dif\u00edciles y complicados.<\/p>\n<p>Alfonso Aramburu, que reconoc\u00eda echar de menos la presencia tambi\u00e9n de Jos\u00e9 Luis Garc\u00eda Palacios padre \u201cporque siempre estaba en este acto\u201d, confes\u00f3 que \u201chay que ayudar a los que nos ayudan y estas fechas navide\u00f1as nos convocan a ello porque Huelva es una ciudad muy solidaria\u201d explicando que la exposici\u00f3n es fruto de la colaboraci\u00f3n de muchas personas m\u00e1s, desde el que ha comprado los lienzos o el que ha ido a por las pinturas, y tambi\u00e9n a esa persona, Joaqu\u00edn, que en la playa de Matalasca\u00f1as me ha dejado su local, cerrado ahora como bar, para poder convertirlo en un estudio improvisado de pintura\u201d. Ha querido el artista que las obras no tengan un precio alto -200 euros cada cuadro- para que sean muchas personas las que tengan la posibilidad de sumarse a la iniciativa ben\u00e9fica.<\/p>\n<p>El nuevo obispo de Huelva, monse\u00f1or Santiago G\u00f3mez Sierra, agradeci\u00f3 en nombre de C\u00e1ritas y las Hermanitas de la Cruz esta exposici\u00f3n solidaria en Navidad que nos convoca todos porque \u201csigue habiendo mucha gente necesitada y muchos que no tienen sitio donde cobijarse\u201d. Coment\u00f3 que en su despacho hay un cuadro del Buen Pastor y que al preguntar por el autor el dijeron que era de Alfonso Aramburu, a \u201cquien hoy he tenido la oportunidad de conocer tanto como persona como pintor en una Huelva que voy descubriendo poco a poco\u201d.<\/p>\n<p>Alfonso Aramburu, nacido en Huelva en el a\u00f1o 1938, es asesor del ciclo de Artes Pl\u00e1sticas que Fundaci\u00f3n Caja Rural del Sur programa cada temporada. Desde los ocho a\u00f1os ya destacaba en los concursos infantiles y en el a\u00f1o 1962 expone por primera vez en Madrid, en la Galer\u00eda Nebli, de la calle Serrano, y as\u00ed repite durante cinco a\u00f1os seguidos. En 1978 muestra su obra pict\u00f3rica en Par\u00eds y posteriormente en varias capitales de Europa. Lo mismo que ha ocurrido en Espa\u00f1a, ya que sus pinturas se han expuesto en casi toda la geograf\u00eda nacional, en especial en Barcelona.<\/p>\n<p><a href=\"\/wp-content\/uploads\/2020\/12\/exposicion-scaled.jpg\" rel=\"lightbox-0\"><img loading=\"lazy\" decoding=\"async\" class=\"alignnone wp-image-6104 size-full\" src=\"\/wp-content\/uploads\/2020\/12\/exposicion-scaled.jpg\" alt=\"\" width=\"2560\" height=\"1327\" srcset=\"https:\/\/fundacioncajaruraldelsur.com\/wp-content\/uploads\/2020\/12\/exposicion-scaled.jpg 2560w, https:\/\/fundacioncajaruraldelsur.com\/wp-content\/uploads\/2020\/12\/exposicion-300x155.jpg 300w, https:\/\/fundacioncajaruraldelsur.com\/wp-content\/uploads\/2020\/12\/exposicion-1024x531.jpg 1024w, https:\/\/fundacioncajaruraldelsur.com\/wp-content\/uploads\/2020\/12\/exposicion-768x398.jpg 768w, https:\/\/fundacioncajaruraldelsur.com\/wp-content\/uploads\/2020\/12\/exposicion-1536x796.jpg 1536w, https:\/\/fundacioncajaruraldelsur.com\/wp-content\/uploads\/2020\/12\/exposicion-2048x1061.jpg 2048w\" sizes=\"auto, (max-width: 2560px) 100vw, 2560px\" \/><\/a><\/p>","protected":false},"excerpt":{"rendered":"<p>El pintor y creador Alfonso Aramburu, que como consecuencia de la pandemia no ha podido preparar este a\u00f1o la cl\u00e1sica exposici\u00f3n del Taller de Arteterapia por estas fechas, vuelve a [&hellip;]<\/p>\n","protected":false},"author":6,"featured_media":6103,"comment_status":"closed","ping_status":"closed","sticky":false,"template":"","format":"standard","meta":{"footnotes":""},"categories":[82],"tags":[],"class_list":["post-6102","post","type-post","status-publish","format-standard","has-post-thumbnail","hentry","category-exposiciones"],"yoast_head":"<!-- This site is optimized with the Yoast SEO plugin v27.3 - https:\/\/yoast.com\/product\/yoast-seo-wordpress\/ -->\n<title>Alfonso Aramburu expone sus &#039;Cielos&#039; en apoyo de C\u00e1ritas y Hermanas de la Cruz - Fundaci\u00f3n Caja Rural del Sur<\/title>\n<meta name=\"robots\" content=\"index, follow, max-snippet:-1, max-image-preview:large, max-video-preview:-1\" \/>\n<link rel=\"canonical\" href=\"https:\/\/fundacioncajaruraldelsur.com\/pt\/alfonso-aramburu-expone-sus-cielos-en-apoyo-de-caritas-y-hermanas-de-la-cruz\/\" \/>\n<meta property=\"og:locale\" content=\"pt_PT\" \/>\n<meta property=\"og:type\" content=\"article\" \/>\n<meta property=\"og:title\" content=\"Alfonso Aramburu expone sus &#039;Cielos&#039; en apoyo de C\u00e1ritas y Hermanas de la Cruz - Fundaci\u00f3n Caja Rural del Sur\" \/>\n<meta property=\"og:description\" content=\"El pintor y creador Alfonso Aramburu, que como consecuencia de la pandemia no ha podido preparar este a\u00f1o la cl\u00e1sica exposici\u00f3n del Taller de Arteterapia por estas fechas, vuelve a [&hellip;]\" \/>\n<meta property=\"og:url\" content=\"https:\/\/fundacioncajaruraldelsur.com\/pt\/alfonso-aramburu-expone-sus-cielos-en-apoyo-de-caritas-y-hermanas-de-la-cruz\/\" \/>\n<meta property=\"og:site_name\" content=\"Fundaci\u00f3n Caja Rural del Sur\" \/>\n<meta property=\"article:published_time\" content=\"2020-12-21T19:02:13+00:00\" \/>\n<meta property=\"article:modified_time\" content=\"2020-12-21T19:04:07+00:00\" \/>\n<meta property=\"og:image\" content=\"https:\/\/fundacioncajaruraldelsur.com\/wp-content\/uploads\/2020\/12\/exposicion-2-scaled.jpg\" \/>\n\t<meta property=\"og:image:width\" content=\"2560\" \/>\n\t<meta property=\"og:image:height\" content=\"1350\" \/>\n\t<meta property=\"og:image:type\" content=\"image\/jpeg\" \/>\n<meta name=\"author\" content=\"Comunicaci\u00f3n\" \/>\n<meta name=\"twitter:card\" content=\"summary_large_image\" \/>\n<meta name=\"twitter:label1\" content=\"Written by\" \/>\n\t<meta name=\"twitter:data1\" content=\"Comunicaci\u00f3n\" \/>\n\t<meta name=\"twitter:label2\" content=\"Est. reading time\" \/>\n\t<meta name=\"twitter:data2\" content=\"3 minutes\" \/>\n<script type=\"application\/ld+json\" class=\"yoast-schema-graph\">{\"@context\":\"https:\\\/\\\/schema.org\",\"@graph\":[{\"@type\":\"Article\",\"@id\":\"https:\\\/\\\/fundacioncajaruraldelsur.com\\\/alfonso-aramburu-expone-sus-cielos-en-apoyo-de-caritas-y-hermanas-de-la-cruz\\\/#article\",\"isPartOf\":{\"@id\":\"https:\\\/\\\/fundacioncajaruraldelsur.com\\\/alfonso-aramburu-expone-sus-cielos-en-apoyo-de-caritas-y-hermanas-de-la-cruz\\\/\"},\"author\":{\"name\":\"Comunicaci\u00f3n\",\"@id\":\"https:\\\/\\\/fundacioncajaruraldelsur.com\\\/#\\\/schema\\\/person\\\/f430da9fb783d505ff061ad8b3d44577\"},\"headline\":\"Alfonso Aramburu expone sus &#8216;Cielos&#8217; en apoyo de C\u00e1ritas y Hermanas de la Cruz\",\"datePublished\":\"2020-12-21T19:02:13+00:00\",\"dateModified\":\"2020-12-21T19:04:07+00:00\",\"mainEntityOfPage\":{\"@id\":\"https:\\\/\\\/fundacioncajaruraldelsur.com\\\/alfonso-aramburu-expone-sus-cielos-en-apoyo-de-caritas-y-hermanas-de-la-cruz\\\/\"},\"wordCount\":559,\"image\":{\"@id\":\"https:\\\/\\\/fundacioncajaruraldelsur.com\\\/alfonso-aramburu-expone-sus-cielos-en-apoyo-de-caritas-y-hermanas-de-la-cruz\\\/#primaryimage\"},\"thumbnailUrl\":\"https:\\\/\\\/fundacioncajaruraldelsur.com\\\/wp-content\\\/uploads\\\/2020\\\/12\\\/exposicion-2-scaled.jpg\",\"articleSection\":[\"Exposiciones\"],\"inLanguage\":\"pt-PT\"},{\"@type\":\"WebPage\",\"@id\":\"https:\\\/\\\/fundacioncajaruraldelsur.com\\\/alfonso-aramburu-expone-sus-cielos-en-apoyo-de-caritas-y-hermanas-de-la-cruz\\\/\",\"url\":\"https:\\\/\\\/fundacioncajaruraldelsur.com\\\/alfonso-aramburu-expone-sus-cielos-en-apoyo-de-caritas-y-hermanas-de-la-cruz\\\/\",\"name\":\"Alfonso Aramburu expone sus 'Cielos' en apoyo de C\u00e1ritas y Hermanas de la Cruz - Fundaci\u00f3n Caja Rural del Sur\",\"isPartOf\":{\"@id\":\"https:\\\/\\\/fundacioncajaruraldelsur.com\\\/#website\"},\"primaryImageOfPage\":{\"@id\":\"https:\\\/\\\/fundacioncajaruraldelsur.com\\\/alfonso-aramburu-expone-sus-cielos-en-apoyo-de-caritas-y-hermanas-de-la-cruz\\\/#primaryimage\"},\"image\":{\"@id\":\"https:\\\/\\\/fundacioncajaruraldelsur.com\\\/alfonso-aramburu-expone-sus-cielos-en-apoyo-de-caritas-y-hermanas-de-la-cruz\\\/#primaryimage\"},\"thumbnailUrl\":\"https:\\\/\\\/fundacioncajaruraldelsur.com\\\/wp-content\\\/uploads\\\/2020\\\/12\\\/exposicion-2-scaled.jpg\",\"datePublished\":\"2020-12-21T19:02:13+00:00\",\"dateModified\":\"2020-12-21T19:04:07+00:00\",\"author\":{\"@id\":\"https:\\\/\\\/fundacioncajaruraldelsur.com\\\/#\\\/schema\\\/person\\\/f430da9fb783d505ff061ad8b3d44577\"},\"breadcrumb\":{\"@id\":\"https:\\\/\\\/fundacioncajaruraldelsur.com\\\/alfonso-aramburu-expone-sus-cielos-en-apoyo-de-caritas-y-hermanas-de-la-cruz\\\/#breadcrumb\"},\"inLanguage\":\"pt-PT\",\"potentialAction\":[{\"@type\":\"ReadAction\",\"target\":[\"https:\\\/\\\/fundacioncajaruraldelsur.com\\\/alfonso-aramburu-expone-sus-cielos-en-apoyo-de-caritas-y-hermanas-de-la-cruz\\\/\"]}]},{\"@type\":\"ImageObject\",\"inLanguage\":\"pt-PT\",\"@id\":\"https:\\\/\\\/fundacioncajaruraldelsur.com\\\/alfonso-aramburu-expone-sus-cielos-en-apoyo-de-caritas-y-hermanas-de-la-cruz\\\/#primaryimage\",\"url\":\"https:\\\/\\\/fundacioncajaruraldelsur.com\\\/wp-content\\\/uploads\\\/2020\\\/12\\\/exposicion-2-scaled.jpg\",\"contentUrl\":\"https:\\\/\\\/fundacioncajaruraldelsur.com\\\/wp-content\\\/uploads\\\/2020\\\/12\\\/exposicion-2-scaled.jpg\",\"width\":2560,\"height\":1350},{\"@type\":\"BreadcrumbList\",\"@id\":\"https:\\\/\\\/fundacioncajaruraldelsur.com\\\/alfonso-aramburu-expone-sus-cielos-en-apoyo-de-caritas-y-hermanas-de-la-cruz\\\/#breadcrumb\",\"itemListElement\":[{\"@type\":\"ListItem\",\"position\":1,\"name\":\"Portada\",\"item\":\"https:\\\/\\\/fundacioncajaruraldelsur.com\\\/\"},{\"@type\":\"ListItem\",\"position\":2,\"name\":\"Alfonso Aramburu expone sus &#8216;Cielos&#8217; en apoyo de C\u00e1ritas y Hermanas de la Cruz\"}]},{\"@type\":\"WebSite\",\"@id\":\"https:\\\/\\\/fundacioncajaruraldelsur.com\\\/#website\",\"url\":\"https:\\\/\\\/fundacioncajaruraldelsur.com\\\/\",\"name\":\"Fundaci\u00f3n Caja Rural del Sur\",\"description\":\"\",\"potentialAction\":[{\"@type\":\"SearchAction\",\"target\":{\"@type\":\"EntryPoint\",\"urlTemplate\":\"https:\\\/\\\/fundacioncajaruraldelsur.com\\\/?s={search_term_string}\"},\"query-input\":{\"@type\":\"PropertyValueSpecification\",\"valueRequired\":true,\"valueName\":\"search_term_string\"}}],\"inLanguage\":\"pt-PT\"},{\"@type\":\"Person\",\"@id\":\"https:\\\/\\\/fundacioncajaruraldelsur.com\\\/#\\\/schema\\\/person\\\/f430da9fb783d505ff061ad8b3d44577\",\"name\":\"Comunicaci\u00f3n\",\"image\":{\"@type\":\"ImageObject\",\"inLanguage\":\"pt-PT\",\"@id\":\"https:\\\/\\\/secure.gravatar.com\\\/avatar\\\/0dca239875993680bac4603ad2de7942da018f52cc3a244578e0b3b09314a8d8?s=96&d=blank&r=g\",\"url\":\"https:\\\/\\\/secure.gravatar.com\\\/avatar\\\/0dca239875993680bac4603ad2de7942da018f52cc3a244578e0b3b09314a8d8?s=96&d=blank&r=g\",\"contentUrl\":\"https:\\\/\\\/secure.gravatar.com\\\/avatar\\\/0dca239875993680bac4603ad2de7942da018f52cc3a244578e0b3b09314a8d8?s=96&d=blank&r=g\",\"caption\":\"Comunicaci\u00f3n\"}}]}<\/script>\n<!-- \/ Yoast SEO plugin. -->","yoast_head_json":{"title":"Alfonso Aramburu expone sus 'Cielos' en apoyo de C\u00e1ritas y Hermanas de la Cruz - Fundaci\u00f3n Caja Rural del Sur","robots":{"index":"index","follow":"follow","max-snippet":"max-snippet:-1","max-image-preview":"max-image-preview:large","max-video-preview":"max-video-preview:-1"},"canonical":"https:\/\/fundacioncajaruraldelsur.com\/pt\/alfonso-aramburu-expone-sus-cielos-en-apoyo-de-caritas-y-hermanas-de-la-cruz\/","og_locale":"pt_PT","og_type":"article","og_title":"Alfonso Aramburu expone sus 'Cielos' en apoyo de C\u00e1ritas y Hermanas de la Cruz - Fundaci\u00f3n Caja Rural del Sur","og_description":"El pintor y creador Alfonso Aramburu, que como consecuencia de la pandemia no ha podido preparar este a\u00f1o la cl\u00e1sica exposici\u00f3n del Taller de Arteterapia por estas fechas, vuelve a [&hellip;]","og_url":"https:\/\/fundacioncajaruraldelsur.com\/pt\/alfonso-aramburu-expone-sus-cielos-en-apoyo-de-caritas-y-hermanas-de-la-cruz\/","og_site_name":"Fundaci\u00f3n Caja Rural del Sur","article_published_time":"2020-12-21T19:02:13+00:00","article_modified_time":"2020-12-21T19:04:07+00:00","og_image":[{"width":2560,"height":1350,"url":"https:\/\/fundacioncajaruraldelsur.com\/wp-content\/uploads\/2020\/12\/exposicion-2-scaled.jpg","type":"image\/jpeg"}],"author":"Comunicaci\u00f3n","twitter_card":"summary_large_image","twitter_misc":{"Written by":"Comunicaci\u00f3n","Est. reading time":"3 minutes"},"schema":{"@context":"https:\/\/schema.org","@graph":[{"@type":"Article","@id":"https:\/\/fundacioncajaruraldelsur.com\/alfonso-aramburu-expone-sus-cielos-en-apoyo-de-caritas-y-hermanas-de-la-cruz\/#article","isPartOf":{"@id":"https:\/\/fundacioncajaruraldelsur.com\/alfonso-aramburu-expone-sus-cielos-en-apoyo-de-caritas-y-hermanas-de-la-cruz\/"},"author":{"name":"Comunicaci\u00f3n","@id":"https:\/\/fundacioncajaruraldelsur.com\/#\/schema\/person\/f430da9fb783d505ff061ad8b3d44577"},"headline":"Alfonso Aramburu expone sus &#8216;Cielos&#8217; en apoyo de C\u00e1ritas y Hermanas de la Cruz","datePublished":"2020-12-21T19:02:13+00:00","dateModified":"2020-12-21T19:04:07+00:00","mainEntityOfPage":{"@id":"https:\/\/fundacioncajaruraldelsur.com\/alfonso-aramburu-expone-sus-cielos-en-apoyo-de-caritas-y-hermanas-de-la-cruz\/"},"wordCount":559,"image":{"@id":"https:\/\/fundacioncajaruraldelsur.com\/alfonso-aramburu-expone-sus-cielos-en-apoyo-de-caritas-y-hermanas-de-la-cruz\/#primaryimage"},"thumbnailUrl":"https:\/\/fundacioncajaruraldelsur.com\/wp-content\/uploads\/2020\/12\/exposicion-2-scaled.jpg","articleSection":["Exposiciones"],"inLanguage":"pt-PT"},{"@type":"WebPage","@id":"https:\/\/fundacioncajaruraldelsur.com\/alfonso-aramburu-expone-sus-cielos-en-apoyo-de-caritas-y-hermanas-de-la-cruz\/","url":"https:\/\/fundacioncajaruraldelsur.com\/alfonso-aramburu-expone-sus-cielos-en-apoyo-de-caritas-y-hermanas-de-la-cruz\/","name":"Alfonso Aramburu expone sus 'Cielos' en apoyo de C\u00e1ritas y Hermanas de la Cruz - Fundaci\u00f3n Caja Rural del Sur","isPartOf":{"@id":"https:\/\/fundacioncajaruraldelsur.com\/#website"},"primaryImageOfPage":{"@id":"https:\/\/fundacioncajaruraldelsur.com\/alfonso-aramburu-expone-sus-cielos-en-apoyo-de-caritas-y-hermanas-de-la-cruz\/#primaryimage"},"image":{"@id":"https:\/\/fundacioncajaruraldelsur.com\/alfonso-aramburu-expone-sus-cielos-en-apoyo-de-caritas-y-hermanas-de-la-cruz\/#primaryimage"},"thumbnailUrl":"https:\/\/fundacioncajaruraldelsur.com\/wp-content\/uploads\/2020\/12\/exposicion-2-scaled.jpg","datePublished":"2020-12-21T19:02:13+00:00","dateModified":"2020-12-21T19:04:07+00:00","author":{"@id":"https:\/\/fundacioncajaruraldelsur.com\/#\/schema\/person\/f430da9fb783d505ff061ad8b3d44577"},"breadcrumb":{"@id":"https:\/\/fundacioncajaruraldelsur.com\/alfonso-aramburu-expone-sus-cielos-en-apoyo-de-caritas-y-hermanas-de-la-cruz\/#breadcrumb"},"inLanguage":"pt-PT","potentialAction":[{"@type":"ReadAction","target":["https:\/\/fundacioncajaruraldelsur.com\/alfonso-aramburu-expone-sus-cielos-en-apoyo-de-caritas-y-hermanas-de-la-cruz\/"]}]},{"@type":"ImageObject","inLanguage":"pt-PT","@id":"https:\/\/fundacioncajaruraldelsur.com\/alfonso-aramburu-expone-sus-cielos-en-apoyo-de-caritas-y-hermanas-de-la-cruz\/#primaryimage","url":"https:\/\/fundacioncajaruraldelsur.com\/wp-content\/uploads\/2020\/12\/exposicion-2-scaled.jpg","contentUrl":"https:\/\/fundacioncajaruraldelsur.com\/wp-content\/uploads\/2020\/12\/exposicion-2-scaled.jpg","width":2560,"height":1350},{"@type":"BreadcrumbList","@id":"https:\/\/fundacioncajaruraldelsur.com\/alfonso-aramburu-expone-sus-cielos-en-apoyo-de-caritas-y-hermanas-de-la-cruz\/#breadcrumb","itemListElement":[{"@type":"ListItem","position":1,"name":"Portada","item":"https:\/\/fundacioncajaruraldelsur.com\/"},{"@type":"ListItem","position":2,"name":"Alfonso Aramburu expone sus &#8216;Cielos&#8217; en apoyo de C\u00e1ritas y Hermanas de la Cruz"}]},{"@type":"WebSite","@id":"https:\/\/fundacioncajaruraldelsur.com\/#website","url":"https:\/\/fundacioncajaruraldelsur.com\/","name":"Funda\u00e7\u00e3o Caja Rural del Sur","description":"","potentialAction":[{"@type":"SearchAction","target":{"@type":"EntryPoint","urlTemplate":"https:\/\/fundacioncajaruraldelsur.com\/?s={search_term_string}"},"query-input":{"@type":"PropertyValueSpecification","valueRequired":true,"valueName":"search_term_string"}}],"inLanguage":"pt-PT"},{"@type":"Person","@id":"https:\/\/fundacioncajaruraldelsur.com\/#\/schema\/person\/f430da9fb783d505ff061ad8b3d44577","name":"Comunicaci\u00f3n","image":{"@type":"ImageObject","inLanguage":"pt-PT","@id":"https:\/\/secure.gravatar.com\/avatar\/0dca239875993680bac4603ad2de7942da018f52cc3a244578e0b3b09314a8d8?s=96&d=blank&r=g","url":"https:\/\/secure.gravatar.com\/avatar\/0dca239875993680bac4603ad2de7942da018f52cc3a244578e0b3b09314a8d8?s=96&d=blank&r=g","contentUrl":"https:\/\/secure.gravatar.com\/avatar\/0dca239875993680bac4603ad2de7942da018f52cc3a244578e0b3b09314a8d8?s=96&d=blank&r=g","caption":"Comunicaci\u00f3n"}}]}},"rttpg_featured_image_url":{"full":["https:\/\/fundacioncajaruraldelsur.com\/wp-content\/uploads\/2020\/12\/exposicion-2-scaled.jpg",2560,1350,false],"landscape":["https:\/\/fundacioncajaruraldelsur.com\/wp-content\/uploads\/2020\/12\/exposicion-2-scaled.jpg",2560,1350,false],"portraits":["https:\/\/fundacioncajaruraldelsur.com\/wp-content\/uploads\/2020\/12\/exposicion-2-scaled.jpg",2560,1350,false],"thumbnail":["https:\/\/fundacioncajaruraldelsur.com\/wp-content\/uploads\/2020\/12\/exposicion-2-150x150.jpg",150,150,true],"medium":["https:\/\/fundacioncajaruraldelsur.com\/wp-content\/uploads\/2020\/12\/exposicion-2-300x158.jpg",300,158,true],"large":["https:\/\/fundacioncajaruraldelsur.com\/wp-content\/uploads\/2020\/12\/exposicion-2-1024x540.jpg",960,506,true],"1536x1536":["https:\/\/fundacioncajaruraldelsur.com\/wp-content\/uploads\/2020\/12\/exposicion-2-1536x810.jpg",1536,810,true],"2048x2048":["https:\/\/fundacioncajaruraldelsur.com\/wp-content\/uploads\/2020\/12\/exposicion-2-2048x1080.jpg",2048,1080,true],"trp-custom-language-flag":["https:\/\/fundacioncajaruraldelsur.com\/wp-content\/uploads\/2020\/12\/exposicion-2-scaled.jpg",18,9,false],"blog-thumbnail":["https:\/\/fundacioncajaruraldelsur.com\/wp-content\/uploads\/2020\/12\/exposicion-2-400x200.jpg",400,200,true]},"rttpg_author":{"display_name":"Comunicaci\u00f3n","author_link":"https:\/\/fundacioncajaruraldelsur.com\/pt\/author\/sevillaadmin\/"},"rttpg_comment":0,"rttpg_category":"<a href=\"https:\/\/fundacioncajaruraldelsur.com\/pt\/category\/exposiciones\/\" rel=\"category tag\">Exposiciones<\/a>","rttpg_excerpt":"El pintor y creador Alfonso Aramburu, que como consecuencia de la pandemia no ha podido preparar este a\u00f1o la cl\u00e1sica exposici\u00f3n del Taller de Arteterapia por estas fechas, vuelve a [&hellip;]","_links":{"self":[{"href":"https:\/\/fundacioncajaruraldelsur.com\/pt\/wp-json\/wp\/v2\/posts\/6102","targetHints":{"allow":["GET"]}}],"collection":[{"href":"https:\/\/fundacioncajaruraldelsur.com\/pt\/wp-json\/wp\/v2\/posts"}],"about":[{"href":"https:\/\/fundacioncajaruraldelsur.com\/pt\/wp-json\/wp\/v2\/types\/post"}],"author":[{"embeddable":true,"href":"https:\/\/fundacioncajaruraldelsur.com\/pt\/wp-json\/wp\/v2\/users\/6"}],"replies":[{"embeddable":true,"href":"https:\/\/fundacioncajaruraldelsur.com\/pt\/wp-json\/wp\/v2\/comments?post=6102"}],"version-history":[{"count":3,"href":"https:\/\/fundacioncajaruraldelsur.com\/pt\/wp-json\/wp\/v2\/posts\/6102\/revisions"}],"predecessor-version":[{"id":6107,"href":"https:\/\/fundacioncajaruraldelsur.com\/pt\/wp-json\/wp\/v2\/posts\/6102\/revisions\/6107"}],"wp:featuredmedia":[{"embeddable":true,"href":"https:\/\/fundacioncajaruraldelsur.com\/pt\/wp-json\/wp\/v2\/media\/6103"}],"wp:attachment":[{"href":"https:\/\/fundacioncajaruraldelsur.com\/pt\/wp-json\/wp\/v2\/media?parent=6102"}],"wp:term":[{"taxonomy":"category","embeddable":true,"href":"https:\/\/fundacioncajaruraldelsur.com\/pt\/wp-json\/wp\/v2\/categories?post=6102"},{"taxonomy":"post_tag","embeddable":true,"href":"https:\/\/fundacioncajaruraldelsur.com\/pt\/wp-json\/wp\/v2\/tags?post=6102"}],"curies":[{"name":"wp","href":"https:\/\/api.w.org\/{rel}","templated":true}]}}