{"id":6047,"date":"2020-11-10T09:50:02","date_gmt":"2020-11-10T07:50:02","guid":{"rendered":"\/?p=6047"},"modified":"2020-11-11T09:17:31","modified_gmt":"2020-11-11T07:17:31","slug":"inaugurada-la-exposicion-de-pedro-rodriguez-en-la-fundacion-caja-rural-del-sur-en-huelva-hasta-el-11-de-diciembre","status":"publish","type":"post","link":"https:\/\/fundacioncajaruraldelsur.com\/pt\/inaugurada-la-exposicion-de-pedro-rodriguez-en-la-fundacion-caja-rural-del-sur-en-huelva-hasta-el-11-de-diciembre\/","title":{"rendered":"Inaugurada la exposici\u00f3n de Pedro Rodr\u00edguez en la Fundaci\u00f3n Caja Rural del Sur en Huelva hasta el 11 de diciembre"},"content":{"rendered":"<p>Se ha inaugurado en el Centro Cultural \u2018Jos\u00e9 Luis Garc\u00eda Palacios\u2019 de Fundaci\u00f3n Caja Rural del Sur en Huelva la exposici\u00f3n del artista onubense Pedro Rodr\u00edguez Garrido con sus \u00faltimas obras. La muestra permanecer\u00e1 abierta hasta el d\u00eda 11 de diciembre. <span class=\"s7\"><span class=\"bumpedFont15\">El horario de visita ser\u00e1 de ma\u00f1ana, de 1<\/span><\/span><span class=\"s7\"><span class=\"bumpedFont15\">0<\/span><\/span><span class=\"s7\"><span class=\"bumpedFont15\">:<\/span><\/span><span class=\"s7\"><span class=\"bumpedFont15\">3<\/span><\/span><span class=\"s7\"><span class=\"bumpedFont15\">0\u00a0<\/span><\/span><span class=\"s7\"><span class=\"bumpedFont15\">a\u00a0<\/span><\/span><span class=\"s7\"><span class=\"bumpedFont15\">13:<\/span><\/span><span class=\"s7\"><span class=\"bumpedFont15\">30 horas.<\/span><\/span><\/p>\n<p class=\"s6\"><span class=\"s7\"><span class=\"bumpedFont15\">No<\/span><\/span><span class=\"s7\"><span class=\"bumpedFont15\">\u00a0pudo asisti<\/span><\/span><span class=\"s7\"><span class=\"bumpedFont15\">r al acto el prop<\/span><\/span><span class=\"s7\"><span class=\"bumpedFont15\">io artista, aquejado de\u00a0<\/span><\/span><span class=\"s7\"><span class=\"bumpedFont15\">una lumbalgia, y en su lugar habl\u00f3 su padre, Pedro Rod<\/span><\/span><span class=\"s7\"><span class=\"bumpedFont15\">r<\/span><\/span><span class=\"s7\"><span class=\"bumpedFont15\">\u00edguez<\/span><\/span><span class=\"s7\"><span class=\"bumpedFont15\">, para ag<\/span><\/span><span class=\"s7\"><span class=\"bumpedFont15\">radecer primero a\u00a0<\/span><\/span><span class=\"s7\"><span class=\"bumpedFont15\">l<\/span><\/span><span class=\"s7\"><span class=\"bumpedFont15\">a<\/span><\/span><span class=\"s7\"><span class=\"bumpedFont15\">\u00a0Fundaci\u00f3n que acogiera<\/span><\/span><span class=\"s7\"><span class=\"bumpedFont15\">\u00a0la obra de su<\/span><\/span><span class=\"s7\"><span class=\"bumpedFont15\">\u00a0h<\/span><\/span><span class=\"s7\"><span class=\"bumpedFont15\">i<\/span><\/span><span class=\"s7\"><span class=\"bumpedFont15\">j<\/span><\/span><span class=\"s7\"><span class=\"bumpedFont15\">o recordando que\u00a0<\/span><\/span><span class=\"s7\"><span class=\"bumpedFont15\">en este mismo lugar puso su primera expo<\/span><\/span><span class=\"s7\"><span class=\"bumpedFont15\">sici\u00f3n y que\u00a0<\/span><\/span><span class=\"s7\"><span class=\"bumpedFont15\">el\u00a0<\/span><\/span><span class=\"s7\"><span class=\"bumpedFont15\">amigo\u00a0<\/span><\/span><span class=\"s7\"><span class=\"bumpedFont15\">fallecido<\/span><\/span><span class=\"s7\"><span class=\"bumpedFont15\">,<\/span><\/span>\u00a0<span class=\"s7\"><span class=\"bumpedFont15\">Jos\u00e9 Luis Garc\u00eda Palaci<\/span><\/span><span class=\"s7\"><span class=\"bumpedFont15\">os<\/span><\/span><span class=\"s7\"><span class=\"bumpedFont15\">, que\u00a0<\/span><\/span><span class=\"s7\"><span class=\"bumpedFont15\">era muy<\/span><\/span><span class=\"s7\"><span class=\"bumpedFont15\">\u00a0aficionado a la pintura,<\/span><\/span>\u00a0<span class=\"s7\"><span class=\"bumpedFont15\">fue quien le dio los primeros consejos\u00a0<\/span><\/span><span class=\"s7\"><span class=\"bumpedFont15\">en los veran<\/span><\/span><span class=\"s7\"><span class=\"bumpedFont15\">os de\u00a0<\/span><\/span><span class=\"s7\"><span class=\"bumpedFont15\">Punt<\/span><\/span><span class=\"s7\"><span class=\"bumpedFont15\">a Umbr\u00eda<\/span><\/span><span class=\"s7\"><span class=\"bumpedFont15\">.<\/span><\/span><\/p>\n<p class=\"s6\"><span class=\"s7\"><span class=\"bumpedFont15\">En pocas pala<\/span><\/span><span class=\"s7\"><span class=\"bumpedFont15\">bras explic\u00f3 los tres espacios\u00a0<\/span><\/span><span class=\"s7\"><span class=\"bumpedFont15\">art\u00eds<\/span><\/span><span class=\"s7\"><span class=\"bumpedFont15\">ticos de la sal<\/span><\/span><span class=\"s7\"><span class=\"bumpedFont15\">:\u00a0<\/span><\/span><strong><span class=\"s7\"><span class=\"bumpedFont15\">por un lado<\/span><\/span><span class=\"s7\"><span class=\"bumpedFont15\">,<\/span><\/span><span class=\"s7\"><span class=\"bumpedFont15\">\u00a0los cl\u00e1sicos paisajes urbanos, ahora c<\/span><\/span><span class=\"s7\"><span class=\"bumpedFont15\">o<\/span><\/span><span class=\"s7\"><span class=\"bumpedFont15\">n mucho m\u00e1s color<\/span><\/span><span class=\"s7\"><span class=\"bumpedFont15\">i<\/span><\/span><span class=\"s7\"><span class=\"bumpedFont15\">dos<\/span><\/span><span class=\"s7\"><span class=\"bumpedFont15\">, y de otro unos\u00a0<\/span><\/span><span class=\"s7\"><span class=\"bumpedFont15\">bodegones figurativos\u00a0<\/span><\/span><span class=\"s7\"><span class=\"bumpedFont15\">y los re<\/span><\/span><span class=\"s7\"><span class=\"bumpedFont15\">tratos de distin<\/span><\/span><span class=\"s7\"><span class=\"bumpedFont15\">tos personajes<\/span><\/span><span class=\"s7\"><span class=\"bumpedFont15\">\u00a0famosos.<\/span><\/span><\/strong><\/p>\n<p class=\"s6\"><span class=\"s7\"><span class=\"bumpedFont15\">O\u00a0<\/span><\/span><span class=\"s7\"><span class=\"bumpedFont15\">presidente<\/span><\/span>\u00a0<span class=\"s7\"><span class=\"bumpedFont15\">de Caja Rural d<\/span><\/span><span class=\"s7\"><span class=\"bumpedFont15\">el\u00a0<\/span><\/span><span class=\"s7\"><span class=\"bumpedFont15\">Sur y la Fundaci\u00f3<\/span><\/span><span class=\"s7\"><span class=\"bumpedFont15\">n, Jos\u00e9 Luis Garc\u00eda-Palacios \u00c1lvarez, que estaba acompa<\/span><\/span><span class=\"s7\"><span class=\"bumpedFont15\">\u00f1ado por el\u00a0<\/span><\/span><span class=\"s7\"><span class=\"bumpedFont15\">director de\u00a0<\/span><\/span><span class=\"s7\"><span class=\"bumpedFont15\">esta \u00faltima, Emilio Ponce, se f<\/span><\/span><span class=\"s7\"><span class=\"bumpedFont15\">elicit\u00f3 por la trayectoria seguida por Pedro Rodriguez<\/span><\/span><span class=\"s7\"><span class=\"bumpedFont15\">\u00a0y que\u00a0<\/span><\/span><span class=\"s7\"><span class=\"bumpedFont15\">siempre<\/span><\/span>\u00a0<span class=\"s7\"><span class=\"bumpedFont15\">contara con la entidad para mostrar el arte que atesora, que\u00a0<\/span><\/span><span class=\"s7\"><span class=\"bumpedFont15\">ahora evidencia un cambio importante en su carrera destacando, como un refl<\/span><\/span><span class=\"s7\"><span class=\"bumpedFont15\">ejo de ello<\/span><\/span><span class=\"s7\"><span class=\"bumpedFont15\">,\u00a0<strong>los retratos\u00a0<\/strong><\/span><\/span><strong><span class=\"s7\"><span class=\"bumpedFont15\">con\u00a0<\/span><\/span><span class=\"s7\"><span class=\"bumpedFont15\">tanta fuerza expresiva\u00a0<\/span><\/span><span class=\"s7\"><span class=\"bumpedFont15\">de\u00a0<\/span><\/span><span class=\"s7\"><span class=\"bumpedFont15\">artistas muy conocidos<\/span><\/span><span class=\"s7\"><span class=\"bumpedFont15\">\u00a0que reflejan por s\u00ed\u00a0<\/span><\/span><span class=\"s7\"><span class=\"bumpedFont15\">solo el car\u00e1cter de los mism<\/span><\/span><\/strong><span class=\"s7\"><span class=\"bumpedFont15\"><strong>os<\/strong>.<\/span><\/span><\/p>\n<p class=\"s6\"><span class=\"s7\"><span class=\"bumpedFont15\">C<\/span><\/span><span class=\"s7\"><span class=\"bumpedFont15\">umplien<\/span><\/span><span class=\"s7\"><span class=\"bumpedFont15\">do las medidas anti Covid, la sala acogi\u00f3\u00a0<\/span><\/span><span class=\"s7\"><span class=\"bumpedFont15\">para este ac<\/span><\/span><span class=\"s7\"><span class=\"bumpedFont15\">to\u00a0<\/span><\/span><span class=\"s7\"><span class=\"bumpedFont15\">a\u00a0<\/span><\/span><span class=\"s7\"><span class=\"bumpedFont15\">otros pintores onu<\/span><\/span><span class=\"s7\"><span class=\"bumpedFont15\">be<\/span><\/span><span class=\"s7\"><span class=\"bumpedFont15\">n<\/span><\/span><span class=\"s7\"><span class=\"bumpedFont15\">ses,\u00a0<\/span><\/span><span class=\"s7\"><span class=\"bumpedFont15\">concejales del Grupo Popular en el Ayuntamiento\u00a0<\/span><\/span><span class=\"s7\"><span class=\"bumpedFont15\">de Huelva y amigos\u00a0<\/span><\/span><span class=\"s7\"><span class=\"bumpedFont15\">y\u00a0<\/span><\/span><span class=\"s7\"><span class=\"bumpedFont15\">fa<\/span><\/span><span class=\"s7\"><span class=\"bumpedFont15\">miliares de Pedro Rodr<\/span><\/span><span class=\"s7\"><span class=\"bumpedFont15\">\u00edgue<\/span><\/span><span class=\"s7\"><span class=\"bumpedFont15\">z<\/span><\/span><span class=\"s7\"><span class=\"bumpedFont15\">, quien\u00a0<\/span><\/span><span class=\"s7\"><span class=\"bumpedFont15\">nos\u00a0<\/span><\/span><span class=\"s7\"><span class=\"bumpedFont15\">ex<\/span><\/span><span class=\"s7\"><span class=\"bumpedFont15\">pli<\/span><\/span><span class=\"s7\"><span class=\"bumpedFont15\">caba\u00a0<\/span><\/span><span class=\"s7\"><span class=\"bumpedFont15\">hace\u00a0<\/span><\/span><span class=\"s7\"><span class=\"bumpedFont15\">unos d\u00edas, mient<\/span><\/span><span class=\"s7\"><span class=\"bumpedFont15\">ra<\/span><\/span><span class=\"s7\"><span class=\"bumpedFont15\">s<\/span><\/span><span class=\"s7\"><span class=\"bumpedFont15\">\u00a0colgaba\u00a0<\/span><\/span><span class=\"s7\"><span class=\"bumpedFont15\">\u00e9l mismo los cuadros, que\u00a0<\/span><\/span><span class=\"s8\"><span class=\"bumpedFont15\">\u201c<\/span><\/span><span class=\"s8\"><span class=\"bumpedFont15\">e<\/span><\/span><span class=\"s8\"><span class=\"bumpedFont15\">sta muestra es el fruto del trabajo de casi dos a\u00f1os,<\/span><\/span>\u00a0<span class=\"s8\"><span class=\"bumpedFont15\">donde abordo tres series tem\u00e1ticas bien diferenciadas,<\/span><\/span>\u00a0<span class=\"s8\"><span class=\"bumpedFont15\">a diferencia de otras exposiciones donde exist\u00eda un tema principal y a partir de ah\u00ed se desarrollaba la obra.<\/span><\/span><\/p>\n<p class=\"s6\"><span class=\"s8\"><span class=\"bumpedFont15\">En estas tres series podr\u00e1n<\/span><\/span><span class=\"s8\"><span class=\"bumpedFont15\">\u00a0verse paisajes urbanos,<\/span><\/span>\u00a0<span class=\"s8\"><span class=\"bumpedFont15\">retratos y composiciones donde el prota<\/span><\/span><span class=\"s8\"><span class=\"bumpedFont15\">gonista es el bodeg\u00f3n.<\/span><\/span>\u00a0<strong><span class=\"s8\"><span class=\"bumpedFont15\">El empleo del color en una gama m\u00e1s amplia<\/span><\/span>\u00a0<span class=\"s8\"><span class=\"bumpedFont15\">y un mayor acercamiento a la abstracci\u00f3n son rasgos comunes en estas piezas,<\/span><\/span>\u00a0<span class=\"s8\"><span class=\"bumpedFont15\">sin perder esa l\u00ednea de trabajo que se caracteriza\u00a0<\/span><\/span><span class=\"s8\"><span class=\"bumpedFont15\">por una figuraci\u00f3n deconstruida.<\/span><\/span><\/strong><\/p>\n<p class=\"s6\"><span class=\"s8\"><span class=\"bumpedFont15\">Temas cl\u00e1sicos de la historia<\/span><\/span><span class=\"s8\"><span class=\"bumpedFont15\">\u00a0de la pintura tratados a trav\u00e9s de mi visi\u00f3n personal y con un lenguaje pl\u00e1stico contempor\u00e1neo<\/span><\/span><span class=\"s8\"><span class=\"bumpedFont15\">\u201d<\/span><\/span><span class=\"s8\"><span class=\"bumpedFont15\">.<\/span><\/span><\/p>\n<p><a href=\"\/wp-content\/uploads\/2020\/11\/Exposicion-de-Pedro-Rodriguez-en-Caja-Rural-del-Sur-en-Huelva-1.jpeg\" rel=\"lightbox-0\"><img loading=\"lazy\" decoding=\"async\" class=\"alignnone wp-image-6048 size-full\" src=\"\/wp-content\/uploads\/2020\/11\/Exposicion-de-Pedro-Rodriguez-en-Caja-Rural-del-Sur-en-Huelva-1.jpeg\" alt=\"\" width=\"700\" height=\"407\" srcset=\"https:\/\/fundacioncajaruraldelsur.com\/wp-content\/uploads\/2020\/11\/Exposicion-de-Pedro-Rodriguez-en-Caja-Rural-del-Sur-en-Huelva-1.jpeg 700w, https:\/\/fundacioncajaruraldelsur.com\/wp-content\/uploads\/2020\/11\/Exposicion-de-Pedro-Rodriguez-en-Caja-Rural-del-Sur-en-Huelva-1-300x174.jpeg 300w\" sizes=\"auto, (max-width: 700px) 100vw, 700px\" \/><\/a><\/p>","protected":false},"excerpt":{"rendered":"<p>Se ha inaugurado en el Centro Cultural \u2018Jos\u00e9 Luis Garc\u00eda Palacios\u2019 de Fundaci\u00f3n Caja Rural del Sur en Huelva la exposici\u00f3n del artista onubense Pedro Rodr\u00edguez Garrido con sus \u00faltimas [&hellip;]<\/p>\n","protected":false},"author":6,"featured_media":6052,"comment_status":"closed","ping_status":"closed","sticky":false,"template":"","format":"standard","meta":{"footnotes":""},"categories":[82],"tags":[],"class_list":["post-6047","post","type-post","status-publish","format-standard","has-post-thumbnail","hentry","category-exposiciones"],"yoast_head":"<!-- This site is optimized with the Yoast SEO plugin v27.3 - https:\/\/yoast.com\/product\/yoast-seo-wordpress\/ -->\n<title>Inaugurada la exposici\u00f3n de Pedro Rodr\u00edguez en la Fundaci\u00f3n Caja Rural del Sur en Huelva hasta el 11 de diciembre - Fundaci\u00f3n Caja Rural del Sur<\/title>\n<meta name=\"robots\" content=\"index, follow, max-snippet:-1, max-image-preview:large, max-video-preview:-1\" \/>\n<link rel=\"canonical\" href=\"https:\/\/fundacioncajaruraldelsur.com\/pt\/inaugurada-la-exposicion-de-pedro-rodriguez-en-la-fundacion-caja-rural-del-sur-en-huelva-hasta-el-11-de-diciembre\/\" \/>\n<meta property=\"og:locale\" content=\"pt_PT\" \/>\n<meta property=\"og:type\" content=\"article\" \/>\n<meta property=\"og:title\" content=\"Inaugurada la exposici\u00f3n de Pedro Rodr\u00edguez en la Fundaci\u00f3n Caja Rural del Sur en Huelva hasta el 11 de diciembre - Fundaci\u00f3n Caja Rural del Sur\" \/>\n<meta property=\"og:description\" content=\"Se ha inaugurado en el Centro Cultural \u2018Jos\u00e9 Luis Garc\u00eda Palacios\u2019 de Fundaci\u00f3n Caja Rural del Sur en Huelva la exposici\u00f3n del artista onubense Pedro Rodr\u00edguez Garrido con sus \u00faltimas [&hellip;]\" \/>\n<meta property=\"og:url\" content=\"https:\/\/fundacioncajaruraldelsur.com\/pt\/inaugurada-la-exposicion-de-pedro-rodriguez-en-la-fundacion-caja-rural-del-sur-en-huelva-hasta-el-11-de-diciembre\/\" \/>\n<meta property=\"og:site_name\" content=\"Fundaci\u00f3n Caja Rural del Sur\" \/>\n<meta property=\"article:published_time\" content=\"2020-11-10T07:50:02+00:00\" \/>\n<meta property=\"article:modified_time\" content=\"2020-11-11T07:17:31+00:00\" \/>\n<meta property=\"og:image\" content=\"https:\/\/fundacioncajaruraldelsur.com\/wp-content\/uploads\/2020\/11\/B176762A-4BB9-43CC-9C47-5211E185D42C.jpeg\" \/>\n\t<meta property=\"og:image:width\" content=\"750\" \/>\n\t<meta property=\"og:image:height\" content=\"354\" \/>\n\t<meta property=\"og:image:type\" content=\"image\/jpeg\" \/>\n<meta name=\"author\" content=\"Comunicaci\u00f3n\" \/>\n<meta name=\"twitter:card\" content=\"summary_large_image\" \/>\n<meta name=\"twitter:label1\" content=\"Written by\" \/>\n\t<meta name=\"twitter:data1\" content=\"Comunicaci\u00f3n\" \/>\n\t<meta name=\"twitter:label2\" content=\"Est. reading time\" \/>\n\t<meta name=\"twitter:data2\" content=\"2 minutes\" \/>\n<script type=\"application\/ld+json\" class=\"yoast-schema-graph\">{\"@context\":\"https:\\\/\\\/schema.org\",\"@graph\":[{\"@type\":\"Article\",\"@id\":\"https:\\\/\\\/fundacioncajaruraldelsur.com\\\/inaugurada-la-exposicion-de-pedro-rodriguez-en-la-fundacion-caja-rural-del-sur-en-huelva-hasta-el-11-de-diciembre\\\/#article\",\"isPartOf\":{\"@id\":\"https:\\\/\\\/fundacioncajaruraldelsur.com\\\/inaugurada-la-exposicion-de-pedro-rodriguez-en-la-fundacion-caja-rural-del-sur-en-huelva-hasta-el-11-de-diciembre\\\/\"},\"author\":{\"name\":\"Comunicaci\u00f3n\",\"@id\":\"https:\\\/\\\/fundacioncajaruraldelsur.com\\\/#\\\/schema\\\/person\\\/f430da9fb783d505ff061ad8b3d44577\"},\"headline\":\"Inaugurada la exposici\u00f3n de Pedro Rodr\u00edguez en la Fundaci\u00f3n Caja Rural del Sur en Huelva hasta el 11 de diciembre\",\"datePublished\":\"2020-11-10T07:50:02+00:00\",\"dateModified\":\"2020-11-11T07:17:31+00:00\",\"mainEntityOfPage\":{\"@id\":\"https:\\\/\\\/fundacioncajaruraldelsur.com\\\/inaugurada-la-exposicion-de-pedro-rodriguez-en-la-fundacion-caja-rural-del-sur-en-huelva-hasta-el-11-de-diciembre\\\/\"},\"wordCount\":489,\"image\":{\"@id\":\"https:\\\/\\\/fundacioncajaruraldelsur.com\\\/inaugurada-la-exposicion-de-pedro-rodriguez-en-la-fundacion-caja-rural-del-sur-en-huelva-hasta-el-11-de-diciembre\\\/#primaryimage\"},\"thumbnailUrl\":\"https:\\\/\\\/fundacioncajaruraldelsur.com\\\/wp-content\\\/uploads\\\/2020\\\/11\\\/B176762A-4BB9-43CC-9C47-5211E185D42C.jpeg\",\"articleSection\":[\"Exposiciones\"],\"inLanguage\":\"pt-PT\"},{\"@type\":\"WebPage\",\"@id\":\"https:\\\/\\\/fundacioncajaruraldelsur.com\\\/inaugurada-la-exposicion-de-pedro-rodriguez-en-la-fundacion-caja-rural-del-sur-en-huelva-hasta-el-11-de-diciembre\\\/\",\"url\":\"https:\\\/\\\/fundacioncajaruraldelsur.com\\\/inaugurada-la-exposicion-de-pedro-rodriguez-en-la-fundacion-caja-rural-del-sur-en-huelva-hasta-el-11-de-diciembre\\\/\",\"name\":\"Inaugurada la exposici\u00f3n de Pedro Rodr\u00edguez en la Fundaci\u00f3n Caja Rural del Sur en Huelva hasta el 11 de diciembre - Fundaci\u00f3n Caja Rural del Sur\",\"isPartOf\":{\"@id\":\"https:\\\/\\\/fundacioncajaruraldelsur.com\\\/#website\"},\"primaryImageOfPage\":{\"@id\":\"https:\\\/\\\/fundacioncajaruraldelsur.com\\\/inaugurada-la-exposicion-de-pedro-rodriguez-en-la-fundacion-caja-rural-del-sur-en-huelva-hasta-el-11-de-diciembre\\\/#primaryimage\"},\"image\":{\"@id\":\"https:\\\/\\\/fundacioncajaruraldelsur.com\\\/inaugurada-la-exposicion-de-pedro-rodriguez-en-la-fundacion-caja-rural-del-sur-en-huelva-hasta-el-11-de-diciembre\\\/#primaryimage\"},\"thumbnailUrl\":\"https:\\\/\\\/fundacioncajaruraldelsur.com\\\/wp-content\\\/uploads\\\/2020\\\/11\\\/B176762A-4BB9-43CC-9C47-5211E185D42C.jpeg\",\"datePublished\":\"2020-11-10T07:50:02+00:00\",\"dateModified\":\"2020-11-11T07:17:31+00:00\",\"author\":{\"@id\":\"https:\\\/\\\/fundacioncajaruraldelsur.com\\\/#\\\/schema\\\/person\\\/f430da9fb783d505ff061ad8b3d44577\"},\"breadcrumb\":{\"@id\":\"https:\\\/\\\/fundacioncajaruraldelsur.com\\\/inaugurada-la-exposicion-de-pedro-rodriguez-en-la-fundacion-caja-rural-del-sur-en-huelva-hasta-el-11-de-diciembre\\\/#breadcrumb\"},\"inLanguage\":\"pt-PT\",\"potentialAction\":[{\"@type\":\"ReadAction\",\"target\":[\"https:\\\/\\\/fundacioncajaruraldelsur.com\\\/inaugurada-la-exposicion-de-pedro-rodriguez-en-la-fundacion-caja-rural-del-sur-en-huelva-hasta-el-11-de-diciembre\\\/\"]}]},{\"@type\":\"ImageObject\",\"inLanguage\":\"pt-PT\",\"@id\":\"https:\\\/\\\/fundacioncajaruraldelsur.com\\\/inaugurada-la-exposicion-de-pedro-rodriguez-en-la-fundacion-caja-rural-del-sur-en-huelva-hasta-el-11-de-diciembre\\\/#primaryimage\",\"url\":\"https:\\\/\\\/fundacioncajaruraldelsur.com\\\/wp-content\\\/uploads\\\/2020\\\/11\\\/B176762A-4BB9-43CC-9C47-5211E185D42C.jpeg\",\"contentUrl\":\"https:\\\/\\\/fundacioncajaruraldelsur.com\\\/wp-content\\\/uploads\\\/2020\\\/11\\\/B176762A-4BB9-43CC-9C47-5211E185D42C.jpeg\",\"width\":750,\"height\":354},{\"@type\":\"BreadcrumbList\",\"@id\":\"https:\\\/\\\/fundacioncajaruraldelsur.com\\\/inaugurada-la-exposicion-de-pedro-rodriguez-en-la-fundacion-caja-rural-del-sur-en-huelva-hasta-el-11-de-diciembre\\\/#breadcrumb\",\"itemListElement\":[{\"@type\":\"ListItem\",\"position\":1,\"name\":\"Portada\",\"item\":\"https:\\\/\\\/fundacioncajaruraldelsur.com\\\/\"},{\"@type\":\"ListItem\",\"position\":2,\"name\":\"Inaugurada la exposici\u00f3n de Pedro Rodr\u00edguez en la Fundaci\u00f3n Caja Rural del Sur en Huelva hasta el 11 de diciembre\"}]},{\"@type\":\"WebSite\",\"@id\":\"https:\\\/\\\/fundacioncajaruraldelsur.com\\\/#website\",\"url\":\"https:\\\/\\\/fundacioncajaruraldelsur.com\\\/\",\"name\":\"Fundaci\u00f3n Caja Rural del Sur\",\"description\":\"\",\"potentialAction\":[{\"@type\":\"SearchAction\",\"target\":{\"@type\":\"EntryPoint\",\"urlTemplate\":\"https:\\\/\\\/fundacioncajaruraldelsur.com\\\/?s={search_term_string}\"},\"query-input\":{\"@type\":\"PropertyValueSpecification\",\"valueRequired\":true,\"valueName\":\"search_term_string\"}}],\"inLanguage\":\"pt-PT\"},{\"@type\":\"Person\",\"@id\":\"https:\\\/\\\/fundacioncajaruraldelsur.com\\\/#\\\/schema\\\/person\\\/f430da9fb783d505ff061ad8b3d44577\",\"name\":\"Comunicaci\u00f3n\",\"image\":{\"@type\":\"ImageObject\",\"inLanguage\":\"pt-PT\",\"@id\":\"https:\\\/\\\/secure.gravatar.com\\\/avatar\\\/0dca239875993680bac4603ad2de7942da018f52cc3a244578e0b3b09314a8d8?s=96&d=blank&r=g\",\"url\":\"https:\\\/\\\/secure.gravatar.com\\\/avatar\\\/0dca239875993680bac4603ad2de7942da018f52cc3a244578e0b3b09314a8d8?s=96&d=blank&r=g\",\"contentUrl\":\"https:\\\/\\\/secure.gravatar.com\\\/avatar\\\/0dca239875993680bac4603ad2de7942da018f52cc3a244578e0b3b09314a8d8?s=96&d=blank&r=g\",\"caption\":\"Comunicaci\u00f3n\"}}]}<\/script>\n<!-- \/ Yoast SEO plugin. -->","yoast_head_json":{"title":"Inaugurada la exposici\u00f3n de Pedro Rodr\u00edguez en la Fundaci\u00f3n Caja Rural del Sur en Huelva hasta el 11 de diciembre - Fundaci\u00f3n Caja Rural del Sur","robots":{"index":"index","follow":"follow","max-snippet":"max-snippet:-1","max-image-preview":"max-image-preview:large","max-video-preview":"max-video-preview:-1"},"canonical":"https:\/\/fundacioncajaruraldelsur.com\/pt\/inaugurada-la-exposicion-de-pedro-rodriguez-en-la-fundacion-caja-rural-del-sur-en-huelva-hasta-el-11-de-diciembre\/","og_locale":"pt_PT","og_type":"article","og_title":"Inaugurada la exposici\u00f3n de Pedro Rodr\u00edguez en la Fundaci\u00f3n Caja Rural del Sur en Huelva hasta el 11 de diciembre - Fundaci\u00f3n Caja Rural del Sur","og_description":"Se ha inaugurado en el Centro Cultural \u2018Jos\u00e9 Luis Garc\u00eda Palacios\u2019 de Fundaci\u00f3n Caja Rural del Sur en Huelva la exposici\u00f3n del artista onubense Pedro Rodr\u00edguez Garrido con sus \u00faltimas [&hellip;]","og_url":"https:\/\/fundacioncajaruraldelsur.com\/pt\/inaugurada-la-exposicion-de-pedro-rodriguez-en-la-fundacion-caja-rural-del-sur-en-huelva-hasta-el-11-de-diciembre\/","og_site_name":"Fundaci\u00f3n Caja Rural del Sur","article_published_time":"2020-11-10T07:50:02+00:00","article_modified_time":"2020-11-11T07:17:31+00:00","og_image":[{"width":750,"height":354,"url":"https:\/\/fundacioncajaruraldelsur.com\/wp-content\/uploads\/2020\/11\/B176762A-4BB9-43CC-9C47-5211E185D42C.jpeg","type":"image\/jpeg"}],"author":"Comunicaci\u00f3n","twitter_card":"summary_large_image","twitter_misc":{"Written by":"Comunicaci\u00f3n","Est. reading time":"2 minutes"},"schema":{"@context":"https:\/\/schema.org","@graph":[{"@type":"Article","@id":"https:\/\/fundacioncajaruraldelsur.com\/inaugurada-la-exposicion-de-pedro-rodriguez-en-la-fundacion-caja-rural-del-sur-en-huelva-hasta-el-11-de-diciembre\/#article","isPartOf":{"@id":"https:\/\/fundacioncajaruraldelsur.com\/inaugurada-la-exposicion-de-pedro-rodriguez-en-la-fundacion-caja-rural-del-sur-en-huelva-hasta-el-11-de-diciembre\/"},"author":{"name":"Comunicaci\u00f3n","@id":"https:\/\/fundacioncajaruraldelsur.com\/#\/schema\/person\/f430da9fb783d505ff061ad8b3d44577"},"headline":"Inaugurada la exposici\u00f3n de Pedro Rodr\u00edguez en la Fundaci\u00f3n Caja Rural del Sur en Huelva hasta el 11 de diciembre","datePublished":"2020-11-10T07:50:02+00:00","dateModified":"2020-11-11T07:17:31+00:00","mainEntityOfPage":{"@id":"https:\/\/fundacioncajaruraldelsur.com\/inaugurada-la-exposicion-de-pedro-rodriguez-en-la-fundacion-caja-rural-del-sur-en-huelva-hasta-el-11-de-diciembre\/"},"wordCount":489,"image":{"@id":"https:\/\/fundacioncajaruraldelsur.com\/inaugurada-la-exposicion-de-pedro-rodriguez-en-la-fundacion-caja-rural-del-sur-en-huelva-hasta-el-11-de-diciembre\/#primaryimage"},"thumbnailUrl":"https:\/\/fundacioncajaruraldelsur.com\/wp-content\/uploads\/2020\/11\/B176762A-4BB9-43CC-9C47-5211E185D42C.jpeg","articleSection":["Exposiciones"],"inLanguage":"pt-PT"},{"@type":"WebPage","@id":"https:\/\/fundacioncajaruraldelsur.com\/inaugurada-la-exposicion-de-pedro-rodriguez-en-la-fundacion-caja-rural-del-sur-en-huelva-hasta-el-11-de-diciembre\/","url":"https:\/\/fundacioncajaruraldelsur.com\/inaugurada-la-exposicion-de-pedro-rodriguez-en-la-fundacion-caja-rural-del-sur-en-huelva-hasta-el-11-de-diciembre\/","name":"Inaugurada la exposici\u00f3n de Pedro Rodr\u00edguez en la Fundaci\u00f3n Caja Rural del Sur en Huelva hasta el 11 de diciembre - Fundaci\u00f3n Caja Rural del Sur","isPartOf":{"@id":"https:\/\/fundacioncajaruraldelsur.com\/#website"},"primaryImageOfPage":{"@id":"https:\/\/fundacioncajaruraldelsur.com\/inaugurada-la-exposicion-de-pedro-rodriguez-en-la-fundacion-caja-rural-del-sur-en-huelva-hasta-el-11-de-diciembre\/#primaryimage"},"image":{"@id":"https:\/\/fundacioncajaruraldelsur.com\/inaugurada-la-exposicion-de-pedro-rodriguez-en-la-fundacion-caja-rural-del-sur-en-huelva-hasta-el-11-de-diciembre\/#primaryimage"},"thumbnailUrl":"https:\/\/fundacioncajaruraldelsur.com\/wp-content\/uploads\/2020\/11\/B176762A-4BB9-43CC-9C47-5211E185D42C.jpeg","datePublished":"2020-11-10T07:50:02+00:00","dateModified":"2020-11-11T07:17:31+00:00","author":{"@id":"https:\/\/fundacioncajaruraldelsur.com\/#\/schema\/person\/f430da9fb783d505ff061ad8b3d44577"},"breadcrumb":{"@id":"https:\/\/fundacioncajaruraldelsur.com\/inaugurada-la-exposicion-de-pedro-rodriguez-en-la-fundacion-caja-rural-del-sur-en-huelva-hasta-el-11-de-diciembre\/#breadcrumb"},"inLanguage":"pt-PT","potentialAction":[{"@type":"ReadAction","target":["https:\/\/fundacioncajaruraldelsur.com\/inaugurada-la-exposicion-de-pedro-rodriguez-en-la-fundacion-caja-rural-del-sur-en-huelva-hasta-el-11-de-diciembre\/"]}]},{"@type":"ImageObject","inLanguage":"pt-PT","@id":"https:\/\/fundacioncajaruraldelsur.com\/inaugurada-la-exposicion-de-pedro-rodriguez-en-la-fundacion-caja-rural-del-sur-en-huelva-hasta-el-11-de-diciembre\/#primaryimage","url":"https:\/\/fundacioncajaruraldelsur.com\/wp-content\/uploads\/2020\/11\/B176762A-4BB9-43CC-9C47-5211E185D42C.jpeg","contentUrl":"https:\/\/fundacioncajaruraldelsur.com\/wp-content\/uploads\/2020\/11\/B176762A-4BB9-43CC-9C47-5211E185D42C.jpeg","width":750,"height":354},{"@type":"BreadcrumbList","@id":"https:\/\/fundacioncajaruraldelsur.com\/inaugurada-la-exposicion-de-pedro-rodriguez-en-la-fundacion-caja-rural-del-sur-en-huelva-hasta-el-11-de-diciembre\/#breadcrumb","itemListElement":[{"@type":"ListItem","position":1,"name":"Portada","item":"https:\/\/fundacioncajaruraldelsur.com\/"},{"@type":"ListItem","position":2,"name":"Inaugurada la exposici\u00f3n de Pedro Rodr\u00edguez en la Fundaci\u00f3n Caja Rural del Sur en Huelva hasta el 11 de diciembre"}]},{"@type":"WebSite","@id":"https:\/\/fundacioncajaruraldelsur.com\/#website","url":"https:\/\/fundacioncajaruraldelsur.com\/","name":"Funda\u00e7\u00e3o Caja Rural del Sur","description":"","potentialAction":[{"@type":"SearchAction","target":{"@type":"EntryPoint","urlTemplate":"https:\/\/fundacioncajaruraldelsur.com\/?s={search_term_string}"},"query-input":{"@type":"PropertyValueSpecification","valueRequired":true,"valueName":"search_term_string"}}],"inLanguage":"pt-PT"},{"@type":"Person","@id":"https:\/\/fundacioncajaruraldelsur.com\/#\/schema\/person\/f430da9fb783d505ff061ad8b3d44577","name":"Comunicaci\u00f3n","image":{"@type":"ImageObject","inLanguage":"pt-PT","@id":"https:\/\/secure.gravatar.com\/avatar\/0dca239875993680bac4603ad2de7942da018f52cc3a244578e0b3b09314a8d8?s=96&d=blank&r=g","url":"https:\/\/secure.gravatar.com\/avatar\/0dca239875993680bac4603ad2de7942da018f52cc3a244578e0b3b09314a8d8?s=96&d=blank&r=g","contentUrl":"https:\/\/secure.gravatar.com\/avatar\/0dca239875993680bac4603ad2de7942da018f52cc3a244578e0b3b09314a8d8?s=96&d=blank&r=g","caption":"Comunicaci\u00f3n"}}]}},"rttpg_featured_image_url":{"full":["https:\/\/fundacioncajaruraldelsur.com\/wp-content\/uploads\/2020\/11\/B176762A-4BB9-43CC-9C47-5211E185D42C.jpeg",750,354,false],"landscape":["https:\/\/fundacioncajaruraldelsur.com\/wp-content\/uploads\/2020\/11\/B176762A-4BB9-43CC-9C47-5211E185D42C.jpeg",750,354,false],"portraits":["https:\/\/fundacioncajaruraldelsur.com\/wp-content\/uploads\/2020\/11\/B176762A-4BB9-43CC-9C47-5211E185D42C.jpeg",750,354,false],"thumbnail":["https:\/\/fundacioncajaruraldelsur.com\/wp-content\/uploads\/2020\/11\/B176762A-4BB9-43CC-9C47-5211E185D42C-150x150.jpeg",150,150,true],"medium":["https:\/\/fundacioncajaruraldelsur.com\/wp-content\/uploads\/2020\/11\/B176762A-4BB9-43CC-9C47-5211E185D42C-300x142.jpeg",300,142,true],"large":["https:\/\/fundacioncajaruraldelsur.com\/wp-content\/uploads\/2020\/11\/B176762A-4BB9-43CC-9C47-5211E185D42C.jpeg",750,354,false],"1536x1536":["https:\/\/fundacioncajaruraldelsur.com\/wp-content\/uploads\/2020\/11\/B176762A-4BB9-43CC-9C47-5211E185D42C.jpeg",750,354,false],"2048x2048":["https:\/\/fundacioncajaruraldelsur.com\/wp-content\/uploads\/2020\/11\/B176762A-4BB9-43CC-9C47-5211E185D42C.jpeg",750,354,false],"trp-custom-language-flag":["https:\/\/fundacioncajaruraldelsur.com\/wp-content\/uploads\/2020\/11\/B176762A-4BB9-43CC-9C47-5211E185D42C.jpeg",18,8,false],"blog-thumbnail":["https:\/\/fundacioncajaruraldelsur.com\/wp-content\/uploads\/2020\/11\/B176762A-4BB9-43CC-9C47-5211E185D42C-400x200.jpeg",400,200,true]},"rttpg_author":{"display_name":"Comunicaci\u00f3n","author_link":"https:\/\/fundacioncajaruraldelsur.com\/pt\/author\/sevillaadmin\/"},"rttpg_comment":0,"rttpg_category":"<a href=\"https:\/\/fundacioncajaruraldelsur.com\/pt\/category\/exposiciones\/\" rel=\"category tag\">Exposiciones<\/a>","rttpg_excerpt":"Se ha inaugurado en el Centro Cultural \u2018Jos\u00e9 Luis Garc\u00eda Palacios\u2019 de Fundaci\u00f3n Caja Rural del Sur en Huelva la exposici\u00f3n del artista onubense Pedro Rodr\u00edguez Garrido con sus \u00faltimas [&hellip;]","_links":{"self":[{"href":"https:\/\/fundacioncajaruraldelsur.com\/pt\/wp-json\/wp\/v2\/posts\/6047","targetHints":{"allow":["GET"]}}],"collection":[{"href":"https:\/\/fundacioncajaruraldelsur.com\/pt\/wp-json\/wp\/v2\/posts"}],"about":[{"href":"https:\/\/fundacioncajaruraldelsur.com\/pt\/wp-json\/wp\/v2\/types\/post"}],"author":[{"embeddable":true,"href":"https:\/\/fundacioncajaruraldelsur.com\/pt\/wp-json\/wp\/v2\/users\/6"}],"replies":[{"embeddable":true,"href":"https:\/\/fundacioncajaruraldelsur.com\/pt\/wp-json\/wp\/v2\/comments?post=6047"}],"version-history":[{"count":4,"href":"https:\/\/fundacioncajaruraldelsur.com\/pt\/wp-json\/wp\/v2\/posts\/6047\/revisions"}],"predecessor-version":[{"id":6053,"href":"https:\/\/fundacioncajaruraldelsur.com\/pt\/wp-json\/wp\/v2\/posts\/6047\/revisions\/6053"}],"wp:featuredmedia":[{"embeddable":true,"href":"https:\/\/fundacioncajaruraldelsur.com\/pt\/wp-json\/wp\/v2\/media\/6052"}],"wp:attachment":[{"href":"https:\/\/fundacioncajaruraldelsur.com\/pt\/wp-json\/wp\/v2\/media?parent=6047"}],"wp:term":[{"taxonomy":"category","embeddable":true,"href":"https:\/\/fundacioncajaruraldelsur.com\/pt\/wp-json\/wp\/v2\/categories?post=6047"},{"taxonomy":"post_tag","embeddable":true,"href":"https:\/\/fundacioncajaruraldelsur.com\/pt\/wp-json\/wp\/v2\/tags?post=6047"}],"curies":[{"name":"wp","href":"https:\/\/api.w.org\/{rel}","templated":true}]}}