{"id":6033,"date":"2020-10-30T10:28:16","date_gmt":"2020-10-30T08:28:16","guid":{"rendered":"\/?p=6033"},"modified":"2020-11-02T14:15:20","modified_gmt":"2020-11-02T12:15:20","slug":"san-telmo-business-school-y-caja-rural-del-sur-se-unen-al-servicio-de-las-cooperativas-agroalimentarias","status":"publish","type":"post","link":"https:\/\/fundacioncajaruraldelsur.com\/pt\/san-telmo-business-school-y-caja-rural-del-sur-se-unen-al-servicio-de-las-cooperativas-agroalimentarias\/","title":{"rendered":"San Telmo Business School y Caja Rural del Sur se unen al servicio de las Cooperativas Agroalimentarias"},"content":{"rendered":"<p>Con jornadas virtuales de formaci\u00f3n espec\u00edfica para las cooperativas agroalimentarias frente a la COVID-19, comienzan las sesiones de formaci\u00f3n que organizan en colaboraci\u00f3n San Telmo Business School y Caja Rural del Sur. Conscientes de la preocupaci\u00f3n por parte de los Consejos Rectores para gobernar las Cooperativas en las circunstancias que nos rodean, lanza la escuela de negocios junto a Caja Rural del Sur, cuatro sesiones gratuitas imprescindibles para afrontar esta crisis.<\/p>\n<p>Esta alianza a\u00fana el profundo conocimiento que la escuela de negocios tiene del entorno y tejido empresarial, as\u00ed como en formaci\u00f3n especializada; con la experiencia en asesoramiento y planificaci\u00f3n financiera en el sector agro de Caja Rural del Sur. Ambas entidades, comprometidas con la actividad empresarial, han apostado por ofrecer estas jornadas frente al COVID-19 de forma gratuita.<\/p>\n<p>Los participantes adquirir\u00e1n las habilidades necesarias para interpretar el mercado y el negocio, supervisar la evoluci\u00f3n de la Cooperativa, asegurar la solvencia y la liquidez, as\u00ed como a gobernar y liderar con eficacia.<\/p>\n<p>La escuela de negocios, que se mantiene a la vanguardia tecnol\u00f3gica, emitir\u00e1 las jornadas orientadas a afrontar las consecuencias del COVID-19 mediante sesiones virtuales para mayor seguridad de los participantes, especialmente aquellos que est\u00e1n en zonas preventivas o confinadas.<\/p>\n<p>Las jornadas contar\u00e1n con la presencia del Director General de AGRO Sevilla, Julio Roda; Eduardo Jos\u00e9 Fern\u00e1ndez, Director General Carnes y Vegetales, SL y Enrique de los R\u00edos, Gerente de Unica Group. Asimismo, impartir\u00e1n sesiones los profesores de San Telmo Business School: Bartolom\u00e9 Alarc\u00f3n Cuenca, Josep Mor Figueras, Miguel \u00c1ngel Llano Irusta y Ra\u00fal Adri\u00e1n Iba\u00f1ez Trianteno.<\/p>\n<p>Desde el principio, el objetivo de San Telmo es dar respuesta a los directivos y empresarios que necesiten anticiparse a los cambios y prever escenarios futuros. Por ello, estas jornadas virtuales est\u00e1n dirigidas a miembros del Consejo Rector de Cooperativas Agroalimentarias y Cooperativas de todos los eslabones de la Cadena Agroalimentaria (agr\u00edcola, ganadera, suministros, industria, distribuci\u00f3n y servicios).<\/p>\n<p>La Fundaci\u00f3n San Telmo es una instituci\u00f3n sin \u00e1nimo de lucro, cuyo fin es el desarrollo econ\u00f3mico y empresarial de la sociedad. En 1982, con el apoyo acad\u00e9mico de IESE Business School, cre\u00f3 un Centro Internacional de Formaci\u00f3n y Perfeccionamiento para la Alta Direcci\u00f3n de Empresas e Instituciones privadas y p\u00fablicas: San Telmo Business School. Desde su inicio, m\u00e1s de 11.000 empresarios y altos directivos han realizado un programa de formaci\u00f3n o perfeccionamiento en San Telmo. Cuenta con dos sedes permanentes en Sevilla y M\u00e1laga.<\/p>\n<p>Caja Rural del Sur y su Fundaci\u00f3n vienen apoyando desde hace a\u00f1os todas las iniciativas que en el campo de la formaci\u00f3n puedan ser beneficiosas para la actualizaci\u00f3n de la gesti\u00f3n del sector agroalimentario, sobre todo las cooperativas, especialmente en C\u00f3rdoba, Sevilla, Huelva, C\u00e1diz y M\u00e1laga, provincias de Andaluc\u00eda donde se desarrolla nuestra actividad. Caja Rural del Sur considera que \u00e9sta es la mejor manera de lograr el avance de esta actividad productiva, tan importante en la econom\u00eda andaluza, en unos mercados cada vez m\u00e1s competitivos y globalizados. Por tal motivo, esta entidad est\u00e1 al lado de la Fundaci\u00f3n San Telmo en esta tarea de favorecer todas sus iniciativas acad\u00e9micas, que vayan dirigidas a alcanzar estos objetivos, que no son otros que la modernizaci\u00f3n y progreso del mundo rural y cooperativo.-<\/p>","protected":false},"excerpt":{"rendered":"<p>Con jornadas virtuales de formaci\u00f3n espec\u00edfica para las cooperativas agroalimentarias frente a la COVID-19, comienzan las sesiones de formaci\u00f3n que organizan en colaboraci\u00f3n San Telmo Business School y Caja Rural [&hellip;]<\/p>\n","protected":false},"author":6,"featured_media":6036,"comment_status":"closed","ping_status":"closed","sticky":false,"template":"","format":"standard","meta":{"footnotes":""},"categories":[81],"tags":[],"class_list":["post-6033","post","type-post","status-publish","format-standard","has-post-thumbnail","hentry","category-cursos"],"yoast_head":"<!-- This site is optimized with the Yoast SEO plugin v27.3 - https:\/\/yoast.com\/product\/yoast-seo-wordpress\/ -->\n<title>San Telmo Business School y Caja Rural del Sur se unen al servicio de las Cooperativas Agroalimentarias - Fundaci\u00f3n Caja Rural del Sur<\/title>\n<meta name=\"robots\" content=\"index, follow, max-snippet:-1, max-image-preview:large, max-video-preview:-1\" \/>\n<link rel=\"canonical\" href=\"https:\/\/fundacioncajaruraldelsur.com\/pt\/san-telmo-business-school-y-caja-rural-del-sur-se-unen-al-servicio-de-las-cooperativas-agroalimentarias\/\" \/>\n<meta property=\"og:locale\" content=\"pt_PT\" \/>\n<meta property=\"og:type\" content=\"article\" \/>\n<meta property=\"og:title\" content=\"San Telmo Business School y Caja Rural del Sur se unen al servicio de las Cooperativas Agroalimentarias - Fundaci\u00f3n Caja Rural del Sur\" \/>\n<meta property=\"og:description\" content=\"Con jornadas virtuales de formaci\u00f3n espec\u00edfica para las cooperativas agroalimentarias frente a la COVID-19, comienzan las sesiones de formaci\u00f3n que organizan en colaboraci\u00f3n San Telmo Business School y Caja Rural [&hellip;]\" \/>\n<meta property=\"og:url\" content=\"https:\/\/fundacioncajaruraldelsur.com\/pt\/san-telmo-business-school-y-caja-rural-del-sur-se-unen-al-servicio-de-las-cooperativas-agroalimentarias\/\" \/>\n<meta property=\"og:site_name\" content=\"Fundaci\u00f3n Caja Rural del Sur\" \/>\n<meta property=\"article:published_time\" content=\"2020-10-30T08:28:16+00:00\" \/>\n<meta property=\"article:modified_time\" content=\"2020-11-02T12:15:20+00:00\" \/>\n<meta property=\"og:image\" content=\"https:\/\/fundacioncajaruraldelsur.com\/wp-content\/uploads\/2020\/10\/san-telmo.jpg\" \/>\n\t<meta property=\"og:image:width\" content=\"698\" \/>\n\t<meta property=\"og:image:height\" content=\"375\" \/>\n\t<meta property=\"og:image:type\" content=\"image\/jpeg\" \/>\n<meta name=\"author\" content=\"Comunicaci\u00f3n\" \/>\n<meta name=\"twitter:card\" content=\"summary_large_image\" \/>\n<meta name=\"twitter:label1\" content=\"Written by\" \/>\n\t<meta name=\"twitter:data1\" content=\"Comunicaci\u00f3n\" \/>\n\t<meta name=\"twitter:label2\" content=\"Est. reading time\" \/>\n\t<meta name=\"twitter:data2\" content=\"3 minutes\" \/>\n<script type=\"application\/ld+json\" class=\"yoast-schema-graph\">{\"@context\":\"https:\\\/\\\/schema.org\",\"@graph\":[{\"@type\":\"Article\",\"@id\":\"https:\\\/\\\/fundacioncajaruraldelsur.com\\\/san-telmo-business-school-y-caja-rural-del-sur-se-unen-al-servicio-de-las-cooperativas-agroalimentarias\\\/#article\",\"isPartOf\":{\"@id\":\"https:\\\/\\\/fundacioncajaruraldelsur.com\\\/san-telmo-business-school-y-caja-rural-del-sur-se-unen-al-servicio-de-las-cooperativas-agroalimentarias\\\/\"},\"author\":{\"name\":\"Comunicaci\u00f3n\",\"@id\":\"https:\\\/\\\/fundacioncajaruraldelsur.com\\\/#\\\/schema\\\/person\\\/f430da9fb783d505ff061ad8b3d44577\"},\"headline\":\"San Telmo Business School y Caja Rural del Sur se unen al servicio de las Cooperativas Agroalimentarias\",\"datePublished\":\"2020-10-30T08:28:16+00:00\",\"dateModified\":\"2020-11-02T12:15:20+00:00\",\"mainEntityOfPage\":{\"@id\":\"https:\\\/\\\/fundacioncajaruraldelsur.com\\\/san-telmo-business-school-y-caja-rural-del-sur-se-unen-al-servicio-de-las-cooperativas-agroalimentarias\\\/\"},\"wordCount\":594,\"image\":{\"@id\":\"https:\\\/\\\/fundacioncajaruraldelsur.com\\\/san-telmo-business-school-y-caja-rural-del-sur-se-unen-al-servicio-de-las-cooperativas-agroalimentarias\\\/#primaryimage\"},\"thumbnailUrl\":\"https:\\\/\\\/fundacioncajaruraldelsur.com\\\/wp-content\\\/uploads\\\/2020\\\/10\\\/san-telmo.jpg\",\"articleSection\":[\"Cursos\"],\"inLanguage\":\"pt-PT\"},{\"@type\":\"WebPage\",\"@id\":\"https:\\\/\\\/fundacioncajaruraldelsur.com\\\/san-telmo-business-school-y-caja-rural-del-sur-se-unen-al-servicio-de-las-cooperativas-agroalimentarias\\\/\",\"url\":\"https:\\\/\\\/fundacioncajaruraldelsur.com\\\/san-telmo-business-school-y-caja-rural-del-sur-se-unen-al-servicio-de-las-cooperativas-agroalimentarias\\\/\",\"name\":\"San Telmo Business School y Caja Rural del Sur se unen al servicio de las Cooperativas Agroalimentarias - Fundaci\u00f3n Caja Rural del Sur\",\"isPartOf\":{\"@id\":\"https:\\\/\\\/fundacioncajaruraldelsur.com\\\/#website\"},\"primaryImageOfPage\":{\"@id\":\"https:\\\/\\\/fundacioncajaruraldelsur.com\\\/san-telmo-business-school-y-caja-rural-del-sur-se-unen-al-servicio-de-las-cooperativas-agroalimentarias\\\/#primaryimage\"},\"image\":{\"@id\":\"https:\\\/\\\/fundacioncajaruraldelsur.com\\\/san-telmo-business-school-y-caja-rural-del-sur-se-unen-al-servicio-de-las-cooperativas-agroalimentarias\\\/#primaryimage\"},\"thumbnailUrl\":\"https:\\\/\\\/fundacioncajaruraldelsur.com\\\/wp-content\\\/uploads\\\/2020\\\/10\\\/san-telmo.jpg\",\"datePublished\":\"2020-10-30T08:28:16+00:00\",\"dateModified\":\"2020-11-02T12:15:20+00:00\",\"author\":{\"@id\":\"https:\\\/\\\/fundacioncajaruraldelsur.com\\\/#\\\/schema\\\/person\\\/f430da9fb783d505ff061ad8b3d44577\"},\"breadcrumb\":{\"@id\":\"https:\\\/\\\/fundacioncajaruraldelsur.com\\\/san-telmo-business-school-y-caja-rural-del-sur-se-unen-al-servicio-de-las-cooperativas-agroalimentarias\\\/#breadcrumb\"},\"inLanguage\":\"pt-PT\",\"potentialAction\":[{\"@type\":\"ReadAction\",\"target\":[\"https:\\\/\\\/fundacioncajaruraldelsur.com\\\/san-telmo-business-school-y-caja-rural-del-sur-se-unen-al-servicio-de-las-cooperativas-agroalimentarias\\\/\"]}]},{\"@type\":\"ImageObject\",\"inLanguage\":\"pt-PT\",\"@id\":\"https:\\\/\\\/fundacioncajaruraldelsur.com\\\/san-telmo-business-school-y-caja-rural-del-sur-se-unen-al-servicio-de-las-cooperativas-agroalimentarias\\\/#primaryimage\",\"url\":\"https:\\\/\\\/fundacioncajaruraldelsur.com\\\/wp-content\\\/uploads\\\/2020\\\/10\\\/san-telmo.jpg\",\"contentUrl\":\"https:\\\/\\\/fundacioncajaruraldelsur.com\\\/wp-content\\\/uploads\\\/2020\\\/10\\\/san-telmo.jpg\",\"width\":698,\"height\":375},{\"@type\":\"BreadcrumbList\",\"@id\":\"https:\\\/\\\/fundacioncajaruraldelsur.com\\\/san-telmo-business-school-y-caja-rural-del-sur-se-unen-al-servicio-de-las-cooperativas-agroalimentarias\\\/#breadcrumb\",\"itemListElement\":[{\"@type\":\"ListItem\",\"position\":1,\"name\":\"Portada\",\"item\":\"https:\\\/\\\/fundacioncajaruraldelsur.com\\\/\"},{\"@type\":\"ListItem\",\"position\":2,\"name\":\"San Telmo Business School y Caja Rural del Sur se unen al servicio de las Cooperativas Agroalimentarias\"}]},{\"@type\":\"WebSite\",\"@id\":\"https:\\\/\\\/fundacioncajaruraldelsur.com\\\/#website\",\"url\":\"https:\\\/\\\/fundacioncajaruraldelsur.com\\\/\",\"name\":\"Fundaci\u00f3n Caja Rural del Sur\",\"description\":\"\",\"potentialAction\":[{\"@type\":\"SearchAction\",\"target\":{\"@type\":\"EntryPoint\",\"urlTemplate\":\"https:\\\/\\\/fundacioncajaruraldelsur.com\\\/?s={search_term_string}\"},\"query-input\":{\"@type\":\"PropertyValueSpecification\",\"valueRequired\":true,\"valueName\":\"search_term_string\"}}],\"inLanguage\":\"pt-PT\"},{\"@type\":\"Person\",\"@id\":\"https:\\\/\\\/fundacioncajaruraldelsur.com\\\/#\\\/schema\\\/person\\\/f430da9fb783d505ff061ad8b3d44577\",\"name\":\"Comunicaci\u00f3n\",\"image\":{\"@type\":\"ImageObject\",\"inLanguage\":\"pt-PT\",\"@id\":\"https:\\\/\\\/secure.gravatar.com\\\/avatar\\\/0dca239875993680bac4603ad2de7942da018f52cc3a244578e0b3b09314a8d8?s=96&d=blank&r=g\",\"url\":\"https:\\\/\\\/secure.gravatar.com\\\/avatar\\\/0dca239875993680bac4603ad2de7942da018f52cc3a244578e0b3b09314a8d8?s=96&d=blank&r=g\",\"contentUrl\":\"https:\\\/\\\/secure.gravatar.com\\\/avatar\\\/0dca239875993680bac4603ad2de7942da018f52cc3a244578e0b3b09314a8d8?s=96&d=blank&r=g\",\"caption\":\"Comunicaci\u00f3n\"}}]}<\/script>\n<!-- \/ Yoast SEO plugin. -->","yoast_head_json":{"title":"San Telmo Business School y Caja Rural del Sur se unen al servicio de las Cooperativas Agroalimentarias - Fundaci\u00f3n Caja Rural del Sur","robots":{"index":"index","follow":"follow","max-snippet":"max-snippet:-1","max-image-preview":"max-image-preview:large","max-video-preview":"max-video-preview:-1"},"canonical":"https:\/\/fundacioncajaruraldelsur.com\/pt\/san-telmo-business-school-y-caja-rural-del-sur-se-unen-al-servicio-de-las-cooperativas-agroalimentarias\/","og_locale":"pt_PT","og_type":"article","og_title":"San Telmo Business School y Caja Rural del Sur se unen al servicio de las Cooperativas Agroalimentarias - Fundaci\u00f3n Caja Rural del Sur","og_description":"Con jornadas virtuales de formaci\u00f3n espec\u00edfica para las cooperativas agroalimentarias frente a la COVID-19, comienzan las sesiones de formaci\u00f3n que organizan en colaboraci\u00f3n San Telmo Business School y Caja Rural [&hellip;]","og_url":"https:\/\/fundacioncajaruraldelsur.com\/pt\/san-telmo-business-school-y-caja-rural-del-sur-se-unen-al-servicio-de-las-cooperativas-agroalimentarias\/","og_site_name":"Fundaci\u00f3n Caja Rural del Sur","article_published_time":"2020-10-30T08:28:16+00:00","article_modified_time":"2020-11-02T12:15:20+00:00","og_image":[{"width":698,"height":375,"url":"https:\/\/fundacioncajaruraldelsur.com\/wp-content\/uploads\/2020\/10\/san-telmo.jpg","type":"image\/jpeg"}],"author":"Comunicaci\u00f3n","twitter_card":"summary_large_image","twitter_misc":{"Written by":"Comunicaci\u00f3n","Est. reading time":"3 minutes"},"schema":{"@context":"https:\/\/schema.org","@graph":[{"@type":"Article","@id":"https:\/\/fundacioncajaruraldelsur.com\/san-telmo-business-school-y-caja-rural-del-sur-se-unen-al-servicio-de-las-cooperativas-agroalimentarias\/#article","isPartOf":{"@id":"https:\/\/fundacioncajaruraldelsur.com\/san-telmo-business-school-y-caja-rural-del-sur-se-unen-al-servicio-de-las-cooperativas-agroalimentarias\/"},"author":{"name":"Comunicaci\u00f3n","@id":"https:\/\/fundacioncajaruraldelsur.com\/#\/schema\/person\/f430da9fb783d505ff061ad8b3d44577"},"headline":"San Telmo Business School y Caja Rural del Sur se unen al servicio de las Cooperativas Agroalimentarias","datePublished":"2020-10-30T08:28:16+00:00","dateModified":"2020-11-02T12:15:20+00:00","mainEntityOfPage":{"@id":"https:\/\/fundacioncajaruraldelsur.com\/san-telmo-business-school-y-caja-rural-del-sur-se-unen-al-servicio-de-las-cooperativas-agroalimentarias\/"},"wordCount":594,"image":{"@id":"https:\/\/fundacioncajaruraldelsur.com\/san-telmo-business-school-y-caja-rural-del-sur-se-unen-al-servicio-de-las-cooperativas-agroalimentarias\/#primaryimage"},"thumbnailUrl":"https:\/\/fundacioncajaruraldelsur.com\/wp-content\/uploads\/2020\/10\/san-telmo.jpg","articleSection":["Cursos"],"inLanguage":"pt-PT"},{"@type":"WebPage","@id":"https:\/\/fundacioncajaruraldelsur.com\/san-telmo-business-school-y-caja-rural-del-sur-se-unen-al-servicio-de-las-cooperativas-agroalimentarias\/","url":"https:\/\/fundacioncajaruraldelsur.com\/san-telmo-business-school-y-caja-rural-del-sur-se-unen-al-servicio-de-las-cooperativas-agroalimentarias\/","name":"San Telmo Business School y Caja Rural del Sur se unen al servicio de las Cooperativas Agroalimentarias - Fundaci\u00f3n Caja Rural del Sur","isPartOf":{"@id":"https:\/\/fundacioncajaruraldelsur.com\/#website"},"primaryImageOfPage":{"@id":"https:\/\/fundacioncajaruraldelsur.com\/san-telmo-business-school-y-caja-rural-del-sur-se-unen-al-servicio-de-las-cooperativas-agroalimentarias\/#primaryimage"},"image":{"@id":"https:\/\/fundacioncajaruraldelsur.com\/san-telmo-business-school-y-caja-rural-del-sur-se-unen-al-servicio-de-las-cooperativas-agroalimentarias\/#primaryimage"},"thumbnailUrl":"https:\/\/fundacioncajaruraldelsur.com\/wp-content\/uploads\/2020\/10\/san-telmo.jpg","datePublished":"2020-10-30T08:28:16+00:00","dateModified":"2020-11-02T12:15:20+00:00","author":{"@id":"https:\/\/fundacioncajaruraldelsur.com\/#\/schema\/person\/f430da9fb783d505ff061ad8b3d44577"},"breadcrumb":{"@id":"https:\/\/fundacioncajaruraldelsur.com\/san-telmo-business-school-y-caja-rural-del-sur-se-unen-al-servicio-de-las-cooperativas-agroalimentarias\/#breadcrumb"},"inLanguage":"pt-PT","potentialAction":[{"@type":"ReadAction","target":["https:\/\/fundacioncajaruraldelsur.com\/san-telmo-business-school-y-caja-rural-del-sur-se-unen-al-servicio-de-las-cooperativas-agroalimentarias\/"]}]},{"@type":"ImageObject","inLanguage":"pt-PT","@id":"https:\/\/fundacioncajaruraldelsur.com\/san-telmo-business-school-y-caja-rural-del-sur-se-unen-al-servicio-de-las-cooperativas-agroalimentarias\/#primaryimage","url":"https:\/\/fundacioncajaruraldelsur.com\/wp-content\/uploads\/2020\/10\/san-telmo.jpg","contentUrl":"https:\/\/fundacioncajaruraldelsur.com\/wp-content\/uploads\/2020\/10\/san-telmo.jpg","width":698,"height":375},{"@type":"BreadcrumbList","@id":"https:\/\/fundacioncajaruraldelsur.com\/san-telmo-business-school-y-caja-rural-del-sur-se-unen-al-servicio-de-las-cooperativas-agroalimentarias\/#breadcrumb","itemListElement":[{"@type":"ListItem","position":1,"name":"Portada","item":"https:\/\/fundacioncajaruraldelsur.com\/"},{"@type":"ListItem","position":2,"name":"San Telmo Business School y Caja Rural del Sur se unen al servicio de las Cooperativas Agroalimentarias"}]},{"@type":"WebSite","@id":"https:\/\/fundacioncajaruraldelsur.com\/#website","url":"https:\/\/fundacioncajaruraldelsur.com\/","name":"Funda\u00e7\u00e3o Caja Rural del Sur","description":"","potentialAction":[{"@type":"SearchAction","target":{"@type":"EntryPoint","urlTemplate":"https:\/\/fundacioncajaruraldelsur.com\/?s={search_term_string}"},"query-input":{"@type":"PropertyValueSpecification","valueRequired":true,"valueName":"search_term_string"}}],"inLanguage":"pt-PT"},{"@type":"Person","@id":"https:\/\/fundacioncajaruraldelsur.com\/#\/schema\/person\/f430da9fb783d505ff061ad8b3d44577","name":"Comunicaci\u00f3n","image":{"@type":"ImageObject","inLanguage":"pt-PT","@id":"https:\/\/secure.gravatar.com\/avatar\/0dca239875993680bac4603ad2de7942da018f52cc3a244578e0b3b09314a8d8?s=96&d=blank&r=g","url":"https:\/\/secure.gravatar.com\/avatar\/0dca239875993680bac4603ad2de7942da018f52cc3a244578e0b3b09314a8d8?s=96&d=blank&r=g","contentUrl":"https:\/\/secure.gravatar.com\/avatar\/0dca239875993680bac4603ad2de7942da018f52cc3a244578e0b3b09314a8d8?s=96&d=blank&r=g","caption":"Comunicaci\u00f3n"}}]}},"rttpg_featured_image_url":{"full":["https:\/\/fundacioncajaruraldelsur.com\/wp-content\/uploads\/2020\/10\/san-telmo.jpg",698,375,false],"landscape":["https:\/\/fundacioncajaruraldelsur.com\/wp-content\/uploads\/2020\/10\/san-telmo.jpg",698,375,false],"portraits":["https:\/\/fundacioncajaruraldelsur.com\/wp-content\/uploads\/2020\/10\/san-telmo.jpg",698,375,false],"thumbnail":["https:\/\/fundacioncajaruraldelsur.com\/wp-content\/uploads\/2020\/10\/san-telmo-150x150.jpg",150,150,true],"medium":["https:\/\/fundacioncajaruraldelsur.com\/wp-content\/uploads\/2020\/10\/san-telmo-300x161.jpg",300,161,true],"large":["https:\/\/fundacioncajaruraldelsur.com\/wp-content\/uploads\/2020\/10\/san-telmo.jpg",698,375,false],"1536x1536":["https:\/\/fundacioncajaruraldelsur.com\/wp-content\/uploads\/2020\/10\/san-telmo.jpg",698,375,false],"2048x2048":["https:\/\/fundacioncajaruraldelsur.com\/wp-content\/uploads\/2020\/10\/san-telmo.jpg",698,375,false],"trp-custom-language-flag":["https:\/\/fundacioncajaruraldelsur.com\/wp-content\/uploads\/2020\/10\/san-telmo.jpg",18,10,false],"blog-thumbnail":["https:\/\/fundacioncajaruraldelsur.com\/wp-content\/uploads\/2020\/10\/san-telmo-400x200.jpg",400,200,true]},"rttpg_author":{"display_name":"Comunicaci\u00f3n","author_link":"https:\/\/fundacioncajaruraldelsur.com\/pt\/author\/sevillaadmin\/"},"rttpg_comment":0,"rttpg_category":"<a href=\"https:\/\/fundacioncajaruraldelsur.com\/pt\/category\/cursos\/\" rel=\"category tag\">Cursos<\/a>","rttpg_excerpt":"Con jornadas virtuales de formaci\u00f3n espec\u00edfica para las cooperativas agroalimentarias frente a la COVID-19, comienzan las sesiones de formaci\u00f3n que organizan en colaboraci\u00f3n San Telmo Business School y Caja Rural [&hellip;]","_links":{"self":[{"href":"https:\/\/fundacioncajaruraldelsur.com\/pt\/wp-json\/wp\/v2\/posts\/6033","targetHints":{"allow":["GET"]}}],"collection":[{"href":"https:\/\/fundacioncajaruraldelsur.com\/pt\/wp-json\/wp\/v2\/posts"}],"about":[{"href":"https:\/\/fundacioncajaruraldelsur.com\/pt\/wp-json\/wp\/v2\/types\/post"}],"author":[{"embeddable":true,"href":"https:\/\/fundacioncajaruraldelsur.com\/pt\/wp-json\/wp\/v2\/users\/6"}],"replies":[{"embeddable":true,"href":"https:\/\/fundacioncajaruraldelsur.com\/pt\/wp-json\/wp\/v2\/comments?post=6033"}],"version-history":[{"count":1,"href":"https:\/\/fundacioncajaruraldelsur.com\/pt\/wp-json\/wp\/v2\/posts\/6033\/revisions"}],"predecessor-version":[{"id":6035,"href":"https:\/\/fundacioncajaruraldelsur.com\/pt\/wp-json\/wp\/v2\/posts\/6033\/revisions\/6035"}],"wp:featuredmedia":[{"embeddable":true,"href":"https:\/\/fundacioncajaruraldelsur.com\/pt\/wp-json\/wp\/v2\/media\/6036"}],"wp:attachment":[{"href":"https:\/\/fundacioncajaruraldelsur.com\/pt\/wp-json\/wp\/v2\/media?parent=6033"}],"wp:term":[{"taxonomy":"category","embeddable":true,"href":"https:\/\/fundacioncajaruraldelsur.com\/pt\/wp-json\/wp\/v2\/categories?post=6033"},{"taxonomy":"post_tag","embeddable":true,"href":"https:\/\/fundacioncajaruraldelsur.com\/pt\/wp-json\/wp\/v2\/tags?post=6033"}],"curies":[{"name":"wp","href":"https:\/\/api.w.org\/{rel}","templated":true}]}}