{"id":6004,"date":"2020-10-21T13:00:09","date_gmt":"2020-10-21T11:00:09","guid":{"rendered":"\/?p=6004"},"modified":"2020-10-21T13:00:09","modified_gmt":"2020-10-21T11:00:09","slug":"la-catedra-de-innovacion-agraria-y-alimentaria-de-la-uco-y-la-fundacion-caja-rural-del-sur-inicia-su-andadura","status":"publish","type":"post","link":"https:\/\/fundacioncajaruraldelsur.com\/pt\/la-catedra-de-innovacion-agraria-y-alimentaria-de-la-uco-y-la-fundacion-caja-rural-del-sur-inicia-su-andadura\/","title":{"rendered":"La C\u00e1tedra de Innovaci\u00f3n Agraria y Alimentaria de la UCO y la Fundaci\u00f3n Caja Rural del Sur inicia su andadura"},"content":{"rendered":"<div class=\"itemIntroText\">\n<p>A <strong>C\u00e1tedra de Innovaci\u00f3n Agraria y Alimentaria de la Universidad de C\u00f3rdoba y la Fundaci\u00f3n Caja Rural del Sur<\/strong> se ha presentado en un acto p\u00fablico celebrado en la Sala Mud\u00e9jar del Rectorado que ha contado con la asistencia del rector de la Universidad de C\u00f3rdoba, Jos\u00e9 Carlos G\u00f3mez Villamandos; el presidente de la Fundaci\u00f3n Caja Rural del Sur, Jos\u00e9 Luis Garc\u00eda Palacios \u00c1lvarez; la directora general de Industrias, Innovaci\u00f3n y Cadena Agroalimentaria de la Junta de Andaluc\u00eda, Carmen Cristina de Toro, la directora de la C\u00e1tedra, M\u00aa del Carmen del Campillo y una nutrida representaci\u00f3n institucional y empresarial.<\/p>\n<p>La C\u00e1tedra de Innovaci\u00f3n Agraria y Alimentaria de la Universidad de C\u00f3rdoba nace del convenio suscrito entre la Fundaci\u00f3n Caja Rural del Sur y la UCO para dar respuestas a las necesidades que tiene la sociedad en relaci\u00f3n a problemas que se sit\u00faan como grandes retos globales: la alimentaci\u00f3n, la seguridad alimentaria, el medio ambiente, el agua, el cambio clim\u00e1tico, el despoblamiento o la transformaci\u00f3n digital. Su directora, Mar\u00eda del Carmen del Campillo,\u00a0\u00a0 \u201cha destacado la importancia de esta alianza estrat\u00e9gica que permite avanzar en un sector fundamental como el agroalimentario\u201d. Entre los principales objetivos de esta nueva c\u00e1tedra\u00a0 destacan el desarrollo de proyectos que permitan la colaboraci\u00f3n entre el mundo empresarial y los investigadores de la Universidad\u201d. Del Campillo ha informado que \u201cen la actualidad ya hay presentado un proyecto de grupo operativo en el sector del vino y de la vid y se est\u00e1 trabajando en otros dos en los sectores de la fresa y el agua\u201d. Por \u00faltimo, este nuevo \u00f3rgano tambi\u00e9n \u201cquiere fomentar la incentivaci\u00f3n del esp\u00edritu empresarial entre los futuros profesionales del sector agrario a trav\u00e9s de actividades formativas y de divulgaci\u00f3n\u201d.<\/p>\n<\/div>\n<div class=\"itemFullText\">\n<p>En su intervenci\u00f3n, Jos\u00e9 Carlos G\u00f3mez Villamandos ha\u00a0 agradecido a Caja Rural del Sur su confianza en la Universidad de C\u00f3rdoba con esta nueva c\u00e1tedra, la segunda que surge de la colaboraci\u00f3n de ambas instituciones y ha destacado el papel de las c\u00e1tedras Universidad-Empresa \u201ccomo elemento fundamental para esa interrelaci\u00f3n con el conocimiento y la innovaci\u00f3n como eje\u201d.<\/p>\n<p><strong>Jos\u00e9 Luis Garc\u00eda-Palacios<\/strong> ha afirmado que la creaci\u00f3n de la c\u00e1tedra es \u201cun sue\u00f1o cumplido que nace con la suficiente fuerza para ser un referente en el sector agroalimentario \u201c. El presidente de la Fundaci\u00f3n Caja Rural del Sur ha destacado la importancia de la innovaci\u00f3n en un sector fundamental y reiterado que \u201cC\u00f3rdoba es una ubicaci\u00f3n privilegiada para echar a andar esta c\u00e1tedra que es la primera en Andaluc\u00eda\u201d. \u00abCreemos en el futuro de la sociedad si nos asentamos en el medio\u00a0 rural y con la Universidad de C\u00f3rdoba podemos crear un binomio capaz de crear garant\u00edas para un mejor futuro de nuestras generaciones\u00bb, ha manifestado.<\/p>\n<p>La directora general de Industrias, Innovaci\u00f3n y Cadena Alimentaria de la Junta de Andaluc\u00eda ha destacado el valor de esta iniciativa\u00a0 y felicitado la Universidad de C\u00f3rdoba y la fundaci\u00f3n Caja Rural del Sur por la puesta en marcha de un proyecto \u201cque a trav\u00e9s de la innovaci\u00f3n viene a alinear a la universidad con los diferentes agentes econ\u00f3micos y productivos en un sector fundamental para Andaluc\u00eda\u201d.<\/p>\n<p>La conferencia\u00a0 inaugural ha corrido a cargo de Jos\u00e9 Emilio Guerrero Ginel, catedr\u00e1tico de\u00a0 Producci\u00f3n Animal, que ha abordado la \u201cinnovaci\u00f3n y digitalizaci\u00f3n en el mundo rural y la agricultura\u00bb.<\/p>\n<\/div>","protected":false},"excerpt":{"rendered":"<p>La C\u00e1tedra de Innovaci\u00f3n Agraria y Alimentaria de la Universidad de C\u00f3rdoba y la Fundaci\u00f3n Caja Rural del Sur se ha presentado en un acto p\u00fablico celebrado en la Sala [&hellip;]<\/p>\n","protected":false},"author":6,"featured_media":6005,"comment_status":"closed","ping_status":"closed","sticky":false,"template":"","format":"standard","meta":{"footnotes":""},"categories":[84],"tags":[],"class_list":["post-6004","post","type-post","status-publish","format-standard","has-post-thumbnail","hentry","category-presentaciones"],"yoast_head":"<!-- This site is optimized with the Yoast SEO plugin v27.3 - https:\/\/yoast.com\/product\/yoast-seo-wordpress\/ -->\n<title>La C\u00e1tedra de Innovaci\u00f3n Agraria y Alimentaria de la UCO y la Fundaci\u00f3n Caja Rural del Sur inicia su andadura - Fundaci\u00f3n Caja Rural del Sur<\/title>\n<meta name=\"robots\" content=\"index, follow, max-snippet:-1, max-image-preview:large, max-video-preview:-1\" \/>\n<link rel=\"canonical\" href=\"https:\/\/fundacioncajaruraldelsur.com\/pt\/la-catedra-de-innovacion-agraria-y-alimentaria-de-la-uco-y-la-fundacion-caja-rural-del-sur-inicia-su-andadura\/\" \/>\n<meta property=\"og:locale\" content=\"pt_PT\" \/>\n<meta property=\"og:type\" content=\"article\" \/>\n<meta property=\"og:title\" content=\"La C\u00e1tedra de Innovaci\u00f3n Agraria y Alimentaria de la UCO y la Fundaci\u00f3n Caja Rural del Sur inicia su andadura - Fundaci\u00f3n Caja Rural del Sur\" \/>\n<meta property=\"og:description\" content=\"La C\u00e1tedra de Innovaci\u00f3n Agraria y Alimentaria de la Universidad de C\u00f3rdoba y la Fundaci\u00f3n Caja Rural del Sur se ha presentado en un acto p\u00fablico celebrado en la Sala [&hellip;]\" \/>\n<meta property=\"og:url\" content=\"https:\/\/fundacioncajaruraldelsur.com\/pt\/la-catedra-de-innovacion-agraria-y-alimentaria-de-la-uco-y-la-fundacion-caja-rural-del-sur-inicia-su-andadura\/\" \/>\n<meta property=\"og:site_name\" content=\"Fundaci\u00f3n Caja Rural del Sur\" \/>\n<meta property=\"article:published_time\" content=\"2020-10-21T11:00:09+00:00\" \/>\n<meta property=\"og:image\" content=\"https:\/\/fundacioncajaruraldelsur.com\/wp-content\/uploads\/2020\/10\/catedra-uco.jpg\" \/>\n\t<meta property=\"og:image:width\" content=\"900\" \/>\n\t<meta property=\"og:image:height\" content=\"600\" \/>\n\t<meta property=\"og:image:type\" content=\"image\/jpeg\" \/>\n<meta name=\"author\" content=\"Comunicaci\u00f3n\" \/>\n<meta name=\"twitter:card\" content=\"summary_large_image\" \/>\n<meta name=\"twitter:label1\" content=\"Written by\" \/>\n\t<meta name=\"twitter:data1\" content=\"Comunicaci\u00f3n\" \/>\n\t<meta name=\"twitter:label2\" content=\"Est. reading time\" \/>\n\t<meta name=\"twitter:data2\" content=\"3 minutes\" \/>\n<script type=\"application\/ld+json\" class=\"yoast-schema-graph\">{\"@context\":\"https:\\\/\\\/schema.org\",\"@graph\":[{\"@type\":\"Article\",\"@id\":\"https:\\\/\\\/fundacioncajaruraldelsur.com\\\/la-catedra-de-innovacion-agraria-y-alimentaria-de-la-uco-y-la-fundacion-caja-rural-del-sur-inicia-su-andadura\\\/#article\",\"isPartOf\":{\"@id\":\"https:\\\/\\\/fundacioncajaruraldelsur.com\\\/la-catedra-de-innovacion-agraria-y-alimentaria-de-la-uco-y-la-fundacion-caja-rural-del-sur-inicia-su-andadura\\\/\"},\"author\":{\"name\":\"Comunicaci\u00f3n\",\"@id\":\"https:\\\/\\\/fundacioncajaruraldelsur.com\\\/#\\\/schema\\\/person\\\/f430da9fb783d505ff061ad8b3d44577\"},\"headline\":\"La C\u00e1tedra de Innovaci\u00f3n Agraria y Alimentaria de la UCO y la Fundaci\u00f3n Caja Rural del Sur inicia su andadura\",\"datePublished\":\"2020-10-21T11:00:09+00:00\",\"mainEntityOfPage\":{\"@id\":\"https:\\\/\\\/fundacioncajaruraldelsur.com\\\/la-catedra-de-innovacion-agraria-y-alimentaria-de-la-uco-y-la-fundacion-caja-rural-del-sur-inicia-su-andadura\\\/\"},\"wordCount\":634,\"image\":{\"@id\":\"https:\\\/\\\/fundacioncajaruraldelsur.com\\\/la-catedra-de-innovacion-agraria-y-alimentaria-de-la-uco-y-la-fundacion-caja-rural-del-sur-inicia-su-andadura\\\/#primaryimage\"},\"thumbnailUrl\":\"https:\\\/\\\/fundacioncajaruraldelsur.com\\\/wp-content\\\/uploads\\\/2020\\\/10\\\/catedra-uco.jpg\",\"articleSection\":[\"Presentaciones\"],\"inLanguage\":\"pt-PT\"},{\"@type\":\"WebPage\",\"@id\":\"https:\\\/\\\/fundacioncajaruraldelsur.com\\\/la-catedra-de-innovacion-agraria-y-alimentaria-de-la-uco-y-la-fundacion-caja-rural-del-sur-inicia-su-andadura\\\/\",\"url\":\"https:\\\/\\\/fundacioncajaruraldelsur.com\\\/la-catedra-de-innovacion-agraria-y-alimentaria-de-la-uco-y-la-fundacion-caja-rural-del-sur-inicia-su-andadura\\\/\",\"name\":\"La C\u00e1tedra de Innovaci\u00f3n Agraria y Alimentaria de la UCO y la Fundaci\u00f3n Caja Rural del Sur inicia su andadura - Fundaci\u00f3n Caja Rural del Sur\",\"isPartOf\":{\"@id\":\"https:\\\/\\\/fundacioncajaruraldelsur.com\\\/#website\"},\"primaryImageOfPage\":{\"@id\":\"https:\\\/\\\/fundacioncajaruraldelsur.com\\\/la-catedra-de-innovacion-agraria-y-alimentaria-de-la-uco-y-la-fundacion-caja-rural-del-sur-inicia-su-andadura\\\/#primaryimage\"},\"image\":{\"@id\":\"https:\\\/\\\/fundacioncajaruraldelsur.com\\\/la-catedra-de-innovacion-agraria-y-alimentaria-de-la-uco-y-la-fundacion-caja-rural-del-sur-inicia-su-andadura\\\/#primaryimage\"},\"thumbnailUrl\":\"https:\\\/\\\/fundacioncajaruraldelsur.com\\\/wp-content\\\/uploads\\\/2020\\\/10\\\/catedra-uco.jpg\",\"datePublished\":\"2020-10-21T11:00:09+00:00\",\"author\":{\"@id\":\"https:\\\/\\\/fundacioncajaruraldelsur.com\\\/#\\\/schema\\\/person\\\/f430da9fb783d505ff061ad8b3d44577\"},\"breadcrumb\":{\"@id\":\"https:\\\/\\\/fundacioncajaruraldelsur.com\\\/la-catedra-de-innovacion-agraria-y-alimentaria-de-la-uco-y-la-fundacion-caja-rural-del-sur-inicia-su-andadura\\\/#breadcrumb\"},\"inLanguage\":\"pt-PT\",\"potentialAction\":[{\"@type\":\"ReadAction\",\"target\":[\"https:\\\/\\\/fundacioncajaruraldelsur.com\\\/la-catedra-de-innovacion-agraria-y-alimentaria-de-la-uco-y-la-fundacion-caja-rural-del-sur-inicia-su-andadura\\\/\"]}]},{\"@type\":\"ImageObject\",\"inLanguage\":\"pt-PT\",\"@id\":\"https:\\\/\\\/fundacioncajaruraldelsur.com\\\/la-catedra-de-innovacion-agraria-y-alimentaria-de-la-uco-y-la-fundacion-caja-rural-del-sur-inicia-su-andadura\\\/#primaryimage\",\"url\":\"https:\\\/\\\/fundacioncajaruraldelsur.com\\\/wp-content\\\/uploads\\\/2020\\\/10\\\/catedra-uco.jpg\",\"contentUrl\":\"https:\\\/\\\/fundacioncajaruraldelsur.com\\\/wp-content\\\/uploads\\\/2020\\\/10\\\/catedra-uco.jpg\",\"width\":900,\"height\":600},{\"@type\":\"BreadcrumbList\",\"@id\":\"https:\\\/\\\/fundacioncajaruraldelsur.com\\\/la-catedra-de-innovacion-agraria-y-alimentaria-de-la-uco-y-la-fundacion-caja-rural-del-sur-inicia-su-andadura\\\/#breadcrumb\",\"itemListElement\":[{\"@type\":\"ListItem\",\"position\":1,\"name\":\"Portada\",\"item\":\"https:\\\/\\\/fundacioncajaruraldelsur.com\\\/\"},{\"@type\":\"ListItem\",\"position\":2,\"name\":\"La C\u00e1tedra de Innovaci\u00f3n Agraria y Alimentaria de la UCO y la Fundaci\u00f3n Caja Rural del Sur inicia su andadura\"}]},{\"@type\":\"WebSite\",\"@id\":\"https:\\\/\\\/fundacioncajaruraldelsur.com\\\/#website\",\"url\":\"https:\\\/\\\/fundacioncajaruraldelsur.com\\\/\",\"name\":\"Fundaci\u00f3n Caja Rural del Sur\",\"description\":\"\",\"potentialAction\":[{\"@type\":\"SearchAction\",\"target\":{\"@type\":\"EntryPoint\",\"urlTemplate\":\"https:\\\/\\\/fundacioncajaruraldelsur.com\\\/?s={search_term_string}\"},\"query-input\":{\"@type\":\"PropertyValueSpecification\",\"valueRequired\":true,\"valueName\":\"search_term_string\"}}],\"inLanguage\":\"pt-PT\"},{\"@type\":\"Person\",\"@id\":\"https:\\\/\\\/fundacioncajaruraldelsur.com\\\/#\\\/schema\\\/person\\\/f430da9fb783d505ff061ad8b3d44577\",\"name\":\"Comunicaci\u00f3n\",\"image\":{\"@type\":\"ImageObject\",\"inLanguage\":\"pt-PT\",\"@id\":\"https:\\\/\\\/secure.gravatar.com\\\/avatar\\\/0dca239875993680bac4603ad2de7942da018f52cc3a244578e0b3b09314a8d8?s=96&d=blank&r=g\",\"url\":\"https:\\\/\\\/secure.gravatar.com\\\/avatar\\\/0dca239875993680bac4603ad2de7942da018f52cc3a244578e0b3b09314a8d8?s=96&d=blank&r=g\",\"contentUrl\":\"https:\\\/\\\/secure.gravatar.com\\\/avatar\\\/0dca239875993680bac4603ad2de7942da018f52cc3a244578e0b3b09314a8d8?s=96&d=blank&r=g\",\"caption\":\"Comunicaci\u00f3n\"}}]}<\/script>\n<!-- \/ Yoast SEO plugin. -->","yoast_head_json":{"title":"La C\u00e1tedra de Innovaci\u00f3n Agraria y Alimentaria de la UCO y la Fundaci\u00f3n Caja Rural del Sur inicia su andadura - Fundaci\u00f3n Caja Rural del Sur","robots":{"index":"index","follow":"follow","max-snippet":"max-snippet:-1","max-image-preview":"max-image-preview:large","max-video-preview":"max-video-preview:-1"},"canonical":"https:\/\/fundacioncajaruraldelsur.com\/pt\/la-catedra-de-innovacion-agraria-y-alimentaria-de-la-uco-y-la-fundacion-caja-rural-del-sur-inicia-su-andadura\/","og_locale":"pt_PT","og_type":"article","og_title":"La C\u00e1tedra de Innovaci\u00f3n Agraria y Alimentaria de la UCO y la Fundaci\u00f3n Caja Rural del Sur inicia su andadura - Fundaci\u00f3n Caja Rural del Sur","og_description":"La C\u00e1tedra de Innovaci\u00f3n Agraria y Alimentaria de la Universidad de C\u00f3rdoba y la Fundaci\u00f3n Caja Rural del Sur se ha presentado en un acto p\u00fablico celebrado en la Sala [&hellip;]","og_url":"https:\/\/fundacioncajaruraldelsur.com\/pt\/la-catedra-de-innovacion-agraria-y-alimentaria-de-la-uco-y-la-fundacion-caja-rural-del-sur-inicia-su-andadura\/","og_site_name":"Fundaci\u00f3n Caja Rural del Sur","article_published_time":"2020-10-21T11:00:09+00:00","og_image":[{"width":900,"height":600,"url":"https:\/\/fundacioncajaruraldelsur.com\/wp-content\/uploads\/2020\/10\/catedra-uco.jpg","type":"image\/jpeg"}],"author":"Comunicaci\u00f3n","twitter_card":"summary_large_image","twitter_misc":{"Written by":"Comunicaci\u00f3n","Est. reading time":"3 minutes"},"schema":{"@context":"https:\/\/schema.org","@graph":[{"@type":"Article","@id":"https:\/\/fundacioncajaruraldelsur.com\/la-catedra-de-innovacion-agraria-y-alimentaria-de-la-uco-y-la-fundacion-caja-rural-del-sur-inicia-su-andadura\/#article","isPartOf":{"@id":"https:\/\/fundacioncajaruraldelsur.com\/la-catedra-de-innovacion-agraria-y-alimentaria-de-la-uco-y-la-fundacion-caja-rural-del-sur-inicia-su-andadura\/"},"author":{"name":"Comunicaci\u00f3n","@id":"https:\/\/fundacioncajaruraldelsur.com\/#\/schema\/person\/f430da9fb783d505ff061ad8b3d44577"},"headline":"La C\u00e1tedra de Innovaci\u00f3n Agraria y Alimentaria de la UCO y la Fundaci\u00f3n Caja Rural del Sur inicia su andadura","datePublished":"2020-10-21T11:00:09+00:00","mainEntityOfPage":{"@id":"https:\/\/fundacioncajaruraldelsur.com\/la-catedra-de-innovacion-agraria-y-alimentaria-de-la-uco-y-la-fundacion-caja-rural-del-sur-inicia-su-andadura\/"},"wordCount":634,"image":{"@id":"https:\/\/fundacioncajaruraldelsur.com\/la-catedra-de-innovacion-agraria-y-alimentaria-de-la-uco-y-la-fundacion-caja-rural-del-sur-inicia-su-andadura\/#primaryimage"},"thumbnailUrl":"https:\/\/fundacioncajaruraldelsur.com\/wp-content\/uploads\/2020\/10\/catedra-uco.jpg","articleSection":["Presentaciones"],"inLanguage":"pt-PT"},{"@type":"WebPage","@id":"https:\/\/fundacioncajaruraldelsur.com\/la-catedra-de-innovacion-agraria-y-alimentaria-de-la-uco-y-la-fundacion-caja-rural-del-sur-inicia-su-andadura\/","url":"https:\/\/fundacioncajaruraldelsur.com\/la-catedra-de-innovacion-agraria-y-alimentaria-de-la-uco-y-la-fundacion-caja-rural-del-sur-inicia-su-andadura\/","name":"La C\u00e1tedra de Innovaci\u00f3n Agraria y Alimentaria de la UCO y la Fundaci\u00f3n Caja Rural del Sur inicia su andadura - Fundaci\u00f3n Caja Rural del Sur","isPartOf":{"@id":"https:\/\/fundacioncajaruraldelsur.com\/#website"},"primaryImageOfPage":{"@id":"https:\/\/fundacioncajaruraldelsur.com\/la-catedra-de-innovacion-agraria-y-alimentaria-de-la-uco-y-la-fundacion-caja-rural-del-sur-inicia-su-andadura\/#primaryimage"},"image":{"@id":"https:\/\/fundacioncajaruraldelsur.com\/la-catedra-de-innovacion-agraria-y-alimentaria-de-la-uco-y-la-fundacion-caja-rural-del-sur-inicia-su-andadura\/#primaryimage"},"thumbnailUrl":"https:\/\/fundacioncajaruraldelsur.com\/wp-content\/uploads\/2020\/10\/catedra-uco.jpg","datePublished":"2020-10-21T11:00:09+00:00","author":{"@id":"https:\/\/fundacioncajaruraldelsur.com\/#\/schema\/person\/f430da9fb783d505ff061ad8b3d44577"},"breadcrumb":{"@id":"https:\/\/fundacioncajaruraldelsur.com\/la-catedra-de-innovacion-agraria-y-alimentaria-de-la-uco-y-la-fundacion-caja-rural-del-sur-inicia-su-andadura\/#breadcrumb"},"inLanguage":"pt-PT","potentialAction":[{"@type":"ReadAction","target":["https:\/\/fundacioncajaruraldelsur.com\/la-catedra-de-innovacion-agraria-y-alimentaria-de-la-uco-y-la-fundacion-caja-rural-del-sur-inicia-su-andadura\/"]}]},{"@type":"ImageObject","inLanguage":"pt-PT","@id":"https:\/\/fundacioncajaruraldelsur.com\/la-catedra-de-innovacion-agraria-y-alimentaria-de-la-uco-y-la-fundacion-caja-rural-del-sur-inicia-su-andadura\/#primaryimage","url":"https:\/\/fundacioncajaruraldelsur.com\/wp-content\/uploads\/2020\/10\/catedra-uco.jpg","contentUrl":"https:\/\/fundacioncajaruraldelsur.com\/wp-content\/uploads\/2020\/10\/catedra-uco.jpg","width":900,"height":600},{"@type":"BreadcrumbList","@id":"https:\/\/fundacioncajaruraldelsur.com\/la-catedra-de-innovacion-agraria-y-alimentaria-de-la-uco-y-la-fundacion-caja-rural-del-sur-inicia-su-andadura\/#breadcrumb","itemListElement":[{"@type":"ListItem","position":1,"name":"Portada","item":"https:\/\/fundacioncajaruraldelsur.com\/"},{"@type":"ListItem","position":2,"name":"La C\u00e1tedra de Innovaci\u00f3n Agraria y Alimentaria de la UCO y la Fundaci\u00f3n Caja Rural del Sur inicia su andadura"}]},{"@type":"WebSite","@id":"https:\/\/fundacioncajaruraldelsur.com\/#website","url":"https:\/\/fundacioncajaruraldelsur.com\/","name":"Funda\u00e7\u00e3o Caja Rural del Sur","description":"","potentialAction":[{"@type":"SearchAction","target":{"@type":"EntryPoint","urlTemplate":"https:\/\/fundacioncajaruraldelsur.com\/?s={search_term_string}"},"query-input":{"@type":"PropertyValueSpecification","valueRequired":true,"valueName":"search_term_string"}}],"inLanguage":"pt-PT"},{"@type":"Person","@id":"https:\/\/fundacioncajaruraldelsur.com\/#\/schema\/person\/f430da9fb783d505ff061ad8b3d44577","name":"Comunicaci\u00f3n","image":{"@type":"ImageObject","inLanguage":"pt-PT","@id":"https:\/\/secure.gravatar.com\/avatar\/0dca239875993680bac4603ad2de7942da018f52cc3a244578e0b3b09314a8d8?s=96&d=blank&r=g","url":"https:\/\/secure.gravatar.com\/avatar\/0dca239875993680bac4603ad2de7942da018f52cc3a244578e0b3b09314a8d8?s=96&d=blank&r=g","contentUrl":"https:\/\/secure.gravatar.com\/avatar\/0dca239875993680bac4603ad2de7942da018f52cc3a244578e0b3b09314a8d8?s=96&d=blank&r=g","caption":"Comunicaci\u00f3n"}}]}},"rttpg_featured_image_url":{"full":["https:\/\/fundacioncajaruraldelsur.com\/wp-content\/uploads\/2020\/10\/catedra-uco.jpg",900,600,false],"landscape":["https:\/\/fundacioncajaruraldelsur.com\/wp-content\/uploads\/2020\/10\/catedra-uco.jpg",900,600,false],"portraits":["https:\/\/fundacioncajaruraldelsur.com\/wp-content\/uploads\/2020\/10\/catedra-uco.jpg",900,600,false],"thumbnail":["https:\/\/fundacioncajaruraldelsur.com\/wp-content\/uploads\/2020\/10\/catedra-uco-150x150.jpg",150,150,true],"medium":["https:\/\/fundacioncajaruraldelsur.com\/wp-content\/uploads\/2020\/10\/catedra-uco-300x200.jpg",300,200,true],"large":["https:\/\/fundacioncajaruraldelsur.com\/wp-content\/uploads\/2020\/10\/catedra-uco.jpg",900,600,false],"1536x1536":["https:\/\/fundacioncajaruraldelsur.com\/wp-content\/uploads\/2020\/10\/catedra-uco.jpg",900,600,false],"2048x2048":["https:\/\/fundacioncajaruraldelsur.com\/wp-content\/uploads\/2020\/10\/catedra-uco.jpg",900,600,false],"trp-custom-language-flag":["https:\/\/fundacioncajaruraldelsur.com\/wp-content\/uploads\/2020\/10\/catedra-uco.jpg",18,12,false],"blog-thumbnail":["https:\/\/fundacioncajaruraldelsur.com\/wp-content\/uploads\/2020\/10\/catedra-uco-400x200.jpg",400,200,true]},"rttpg_author":{"display_name":"Comunicaci\u00f3n","author_link":"https:\/\/fundacioncajaruraldelsur.com\/pt\/author\/sevillaadmin\/"},"rttpg_comment":0,"rttpg_category":"<a href=\"https:\/\/fundacioncajaruraldelsur.com\/pt\/category\/presentaciones\/\" rel=\"category tag\">Presentaciones<\/a>","rttpg_excerpt":"La C\u00e1tedra de Innovaci\u00f3n Agraria y Alimentaria de la Universidad de C\u00f3rdoba y la Fundaci\u00f3n Caja Rural del Sur se ha presentado en un acto p\u00fablico celebrado en la Sala [&hellip;]","_links":{"self":[{"href":"https:\/\/fundacioncajaruraldelsur.com\/pt\/wp-json\/wp\/v2\/posts\/6004","targetHints":{"allow":["GET"]}}],"collection":[{"href":"https:\/\/fundacioncajaruraldelsur.com\/pt\/wp-json\/wp\/v2\/posts"}],"about":[{"href":"https:\/\/fundacioncajaruraldelsur.com\/pt\/wp-json\/wp\/v2\/types\/post"}],"author":[{"embeddable":true,"href":"https:\/\/fundacioncajaruraldelsur.com\/pt\/wp-json\/wp\/v2\/users\/6"}],"replies":[{"embeddable":true,"href":"https:\/\/fundacioncajaruraldelsur.com\/pt\/wp-json\/wp\/v2\/comments?post=6004"}],"version-history":[{"count":1,"href":"https:\/\/fundacioncajaruraldelsur.com\/pt\/wp-json\/wp\/v2\/posts\/6004\/revisions"}],"predecessor-version":[{"id":6006,"href":"https:\/\/fundacioncajaruraldelsur.com\/pt\/wp-json\/wp\/v2\/posts\/6004\/revisions\/6006"}],"wp:featuredmedia":[{"embeddable":true,"href":"https:\/\/fundacioncajaruraldelsur.com\/pt\/wp-json\/wp\/v2\/media\/6005"}],"wp:attachment":[{"href":"https:\/\/fundacioncajaruraldelsur.com\/pt\/wp-json\/wp\/v2\/media?parent=6004"}],"wp:term":[{"taxonomy":"category","embeddable":true,"href":"https:\/\/fundacioncajaruraldelsur.com\/pt\/wp-json\/wp\/v2\/categories?post=6004"},{"taxonomy":"post_tag","embeddable":true,"href":"https:\/\/fundacioncajaruraldelsur.com\/pt\/wp-json\/wp\/v2\/tags?post=6004"}],"curies":[{"name":"wp","href":"https:\/\/api.w.org\/{rel}","templated":true}]}}