{"id":5981,"date":"2020-10-06T12:51:41","date_gmt":"2020-10-06T10:51:41","guid":{"rendered":"\/?p=5981"},"modified":"2020-10-06T12:54:09","modified_gmt":"2020-10-06T10:54:09","slug":"presentado-oficialmente-sicab-2020-que-se-celebra-en-sevilla-en-su-30a-edicion","status":"publish","type":"post","link":"https:\/\/fundacioncajaruraldelsur.com\/pt\/presentado-oficialmente-sicab-2020-que-se-celebra-en-sevilla-en-su-30a-edicion\/","title":{"rendered":"Presentado oficialmente SICAB 2020 que se celebra en Sevilla en su 30\u00aa edici\u00f3n"},"content":{"rendered":"<p>La sede de Caja Rural del Sur ha acogido este martes, 6 de octubre, la presentaci\u00f3n oficial de la 30\u00aa edici\u00f3n del Sal\u00f3n Internacional del Caballo, SICAB 2020, que da comienzo este martes, 7 de octubre, y finaliza el pr\u00f3ximo 18 de octubre en el Palacio de Congresos y Exposiciones de Sevilla (Fibes). La entidad es patrocinador principal de este gran evento que re\u00fane al mundo profesional del caballo en Sevilla desde hace 30 a\u00f1os.<\/p>\n<p>En el acto han intervenido,<strong>\u00a0Jos\u00e9 Juan Morales<\/strong>, presidente de la Asociaci\u00f3n Nacional de Criadores de Caballos de Pura Raza Espa\u00f1ola (ANCCE),\u00a0entidad organizadora de SICAB;\u00a0<strong>Jos\u00e9 Luis Garc\u00eda-Palacios<\/strong>, presidente de Caja Rural del Sur y su Fundaci\u00f3n;\u00a0<strong>Antonio Jim\u00e9nez<\/strong>, director gerente de Contursa;\u00a0<strong>Manuel\u00a0Alejandro Cardenete<\/strong>, viceconsejero de Turismo, Regeneraci\u00f3n, Justicia y Administraci\u00f3n Local de la Junta de Andaluc\u00eda; y\u00a0<strong>Juan Carlos Cabrera<\/strong>, teniente de Alcalde y delegado del \u00c1rea de Gobernaci\u00f3n y Fiestas Mayores del Ayuntamiento de Sevilla.<\/p>\n<p>Para el presidente de Caja Rural del Sur y su Fundaci\u00f3n, Jos\u00e9 Luis Garc\u00eda-Palacios, como entidad patrocinadora de SICAB,\u00a0 \u201ces una edici\u00f3n en la que m\u00e1s que nunca est\u00e1 convencido del respaldo y apoyo que otorgamos por la responsabilidad para llevar a cabo uno de los cert\u00e1menes m\u00e1s importantes de la ciudad de Sevilla; el que sin duda, es un SICAB extraordinario que marcar\u00e1 un antes y un despu\u00e9s en ANCCE\u00bb. Seg\u00fan expres\u00f3 \u00abSICAB es un acontecimiento que tenemos asimilado en nuestra entidad. No es una cuesti\u00f3n de respaldar en esta ocasi\u00f3n por los 30 a\u00f1os que cumple, es una decisi\u00f3n convencida por el empuje de ANCCE que nos ha demostrado al celebrar con \u00e9xito este sal\u00f3n del caballo el gran impacto mundial que alcanza. Y eso es bueno para Sevilla y Andaluc\u00eda\u00bb.<\/p>\n<div>Por ello, el presidente de la entidad felicit\u00f3 a ANCCE por llevar cabo esta edici\u00f3n de SICAB con todas las medidas de seguridad y responsabilidad \u00abintentando que la identidad del evento no caiga en el olvido, debemos celebrar todos los sevillanos que se lleve a cabo SICAB agradeciendo el esfuerzo y ejercicio de compromiso. Este paso va a marcar un antes y despu\u00e9s en SICAB con el criterio y la seriedad con que lo van a hacer posible como muestra del primer escal\u00f3n de recuperaci\u00f3n\u00bb.<\/div>\n<p>Desde que ANCCE iniciara los tr\u00e1mites para adelantar la edici\u00f3n del Sal\u00f3n Internacional del Caballo al mes de octubre, ganaderos y patrocinadores principales -Ayuntamiento de Sevilla y Caja Rural- se han mostrado colaboradores para sacar adelante una edici\u00f3n marcada por esta grav\u00edsima crisis sanitaria; por un lado, para mantener la vigencia del mercado internacional del caballo espa\u00f1ol; y por otro, para no perder la continuidad de 30 a\u00f1os ininterrumpidos de SICAB, el \u00fanico certamen monogr\u00e1fico dedicado al caballo de Pura Raza Espa\u00f1ola en el mundo, que se celebra en Sevilla cada oto\u00f1o, y para el que este a\u00f1o se prev\u00e9 unas 4.000 pernoctaciones. Un dato alentador para el sector hostelero, uno de los m\u00e1s punteros de la econom\u00eda sevillana.<\/p>\n<p>Jos\u00e9 Juan Morales, presidente de ANCCE, entidad organizadora de SICAB desde 1991, ha subrayado durante su discurso \u201cque no es un a\u00f1o de r\u00e9cord\u00a0de\u00a0participantes, aunque contaremos con m\u00e1s de 380 caballos pertenecientes a 197 ganader\u00edas, ni un SICAB de masas con grandes cifras, todo lo contrario, es un a\u00f1o de aforo limitado, sin taquilla, ni espect\u00e1culos, pero que, pese a todos los inconvenientes hemos conseguido que se celebre bajo un riguroso respeto de las medidas sanitarias\u201d,<\/p>\n<p>ANCCE consciente de la internacionalidad del Sal\u00f3n\u00a0ha mejora sus medios t\u00e9cnicos para emitir en directo el SICAB, a trav\u00e9s de su propia plataforma televisiva, SICAB TV (<a href=\"https:\/\/ancce.us15.list-manage.com\/track\/click?u=dc096b3f859f9b2be50c60aac&amp;id=6922ccbbeb&amp;e=4f481e43ad\" target=\"_blank\" rel=\"noopener noreferrer\" data-saferedirecturl=\"https:\/\/www.google.com\/url?q=https:\/\/ancce.us15.list-manage.com\/track\/click?u%3Ddc096b3f859f9b2be50c60aac%26id%3D6922ccbbeb%26e%3D4f481e43ad&amp;source=gmail&amp;ust=1602067234550000&amp;usg=AFQjCNFqUp45wh9gzdzvXBTzsNU1aWGcoA\">www.sicab.tv<\/a>), que permitir\u00e1 a ganaderos, criadores y aficionados de todo el mundo ver el desarrollo\u00a0de\u00a0las pruebas y la calidad\u00a0de\u00a0los ejemplares\u00a0de\u00a0esta edici\u00f3n. Una retransmisi\u00f3n que ser\u00e1 compartida con otra plataforma especializada\u00a0en eventos h\u00edpicos, que cuenta con 2.6 millones\u00a0de\u00a0abonados\u00a0de\u00a0200 pa\u00edses. A ambas plataformas,\u00a0se une\u00a0la renovada web\/app\u00a0de\u00a0concursos ANCCE (<a href=\"https:\/\/ancce.us15.list-manage.com\/track\/click?u=dc096b3f859f9b2be50c60aac&amp;id=607748ba4e&amp;e=4f481e43ad\" target=\"_blank\" rel=\"noopener noreferrer\" data-saferedirecturl=\"https:\/\/www.google.com\/url?q=https:\/\/ancce.us15.list-manage.com\/track\/click?u%3Ddc096b3f859f9b2be50c60aac%26id%3D607748ba4e%26e%3D4f481e43ad&amp;source=gmail&amp;ust=1602067234550000&amp;usg=AFQjCNEU3dkk9o_eWhTDvEz6lAxTiLgyUg\">www.concursosancce.com<\/a>) que dar\u00e1 los resultados\u00a0de\u00a0las pruebas a tiempo real, y los perfiles oficiales\u00a0de\u00a0SICAB.<\/p>\n<p>Finalmente, Juan Carlos Cabrera, teniente de Alcalde y delegado del \u00c1rea de Gobernaci\u00f3n y Fiestas Mayores del Ayuntamiento de Sevilla, principal patrocinador de SICAB y piedra angular de esta edici\u00f3n, se mostr\u00f3 ilusionado con el Sal\u00f3n, ya que es el primer evento que se va a retomar en la ciudad tras la suspensi\u00f3n de la Semana Santa y la Feria de Abril. Por ello, \u00abvamos a distribuir el 1300 invitaciones diarias v\u00e1lidas hasta completar el aforo que exigen las medidas sanitarias. De esta manera, y pese a las dificultades, hemos querido que los ciudadanos sevillanos, grandes aficionados al mundo del caballo, sigan vinculados al SICAB\u00bb, concluy\u00f3.<\/p>\n<p>ANCCE adoptar\u00e1 todas las medidas sanitarias establecidas y ser\u00e1 contundente con los protocolos\u00a0de\u00a0actuaci\u00f3n para salvaguardar la seguridad\u00a0de\u00a0ganaderos, participantes y miembros\u00a0de\u00a0la organizaci\u00f3n, y conseguir cerrar una exitosa edici\u00f3n en la que sector, Sevilla y Andaluc\u00eda refrenden, una vez m\u00e1s, que son la punta\u00a0de\u00a0lanza, a nivel mundial, del comercio del caballo aut\u00f3ctono\u00a0de\u00a0nuestro pa\u00eds.<\/p>\n<p><a href=\"\/wp-content\/uploads\/2020\/10\/presentacion-sicab-2020-4.jpg\" rel=\"lightbox-0\"><img loading=\"lazy\" decoding=\"async\" class=\"alignnone wp-image-5982 size-full\" src=\"\/wp-content\/uploads\/2020\/10\/presentacion-sicab-2020-4.jpg\" alt=\"\" width=\"2500\" height=\"1667\" srcset=\"https:\/\/fundacioncajaruraldelsur.com\/wp-content\/uploads\/2020\/10\/presentacion-sicab-2020-4.jpg 2500w, https:\/\/fundacioncajaruraldelsur.com\/wp-content\/uploads\/2020\/10\/presentacion-sicab-2020-4-300x200.jpg 300w, https:\/\/fundacioncajaruraldelsur.com\/wp-content\/uploads\/2020\/10\/presentacion-sicab-2020-4-768x512.jpg 768w, https:\/\/fundacioncajaruraldelsur.com\/wp-content\/uploads\/2020\/10\/presentacion-sicab-2020-4-1024x683.jpg 1024w\" sizes=\"auto, (max-width: 2500px) 100vw, 2500px\" \/><\/a><\/p>","protected":false},"excerpt":{"rendered":"<p>La sede de Caja Rural del Sur ha acogido este martes, 6 de octubre, la presentaci\u00f3n oficial de la 30\u00aa edici\u00f3n del Sal\u00f3n Internacional del Caballo, SICAB 2020, que da [&hellip;]<\/p>\n","protected":false},"author":6,"featured_media":5983,"comment_status":"closed","ping_status":"closed","sticky":false,"template":"","format":"standard","meta":{"footnotes":""},"categories":[67,79],"tags":[],"class_list":["post-5981","post","type-post","status-publish","format-standard","has-post-thumbnail","hentry","category-convenios","category-ferias"],"yoast_head":"<!-- This site is optimized with the Yoast SEO plugin v27.3 - https:\/\/yoast.com\/product\/yoast-seo-wordpress\/ -->\n<title>Presentado oficialmente SICAB 2020 que se celebra en Sevilla en su 30\u00aa edici\u00f3n - Fundaci\u00f3n Caja Rural del Sur<\/title>\n<meta name=\"robots\" content=\"index, follow, max-snippet:-1, max-image-preview:large, max-video-preview:-1\" \/>\n<link rel=\"canonical\" href=\"https:\/\/fundacioncajaruraldelsur.com\/pt\/presentado-oficialmente-sicab-2020-que-se-celebra-en-sevilla-en-su-30a-edicion\/\" \/>\n<meta property=\"og:locale\" content=\"pt_PT\" \/>\n<meta property=\"og:type\" content=\"article\" \/>\n<meta property=\"og:title\" content=\"Presentado oficialmente SICAB 2020 que se celebra en Sevilla en su 30\u00aa edici\u00f3n - Fundaci\u00f3n Caja Rural del Sur\" \/>\n<meta property=\"og:description\" content=\"La sede de Caja Rural del Sur ha acogido este martes, 6 de octubre, la presentaci\u00f3n oficial de la 30\u00aa edici\u00f3n del Sal\u00f3n Internacional del Caballo, SICAB 2020, que da [&hellip;]\" \/>\n<meta property=\"og:url\" content=\"https:\/\/fundacioncajaruraldelsur.com\/pt\/presentado-oficialmente-sicab-2020-que-se-celebra-en-sevilla-en-su-30a-edicion\/\" \/>\n<meta property=\"og:site_name\" content=\"Fundaci\u00f3n Caja Rural del Sur\" \/>\n<meta property=\"article:published_time\" content=\"2020-10-06T10:51:41+00:00\" \/>\n<meta property=\"article:modified_time\" content=\"2020-10-06T10:54:09+00:00\" \/>\n<meta property=\"og:image\" content=\"https:\/\/fundacioncajaruraldelsur.com\/wp-content\/uploads\/2020\/10\/presentacion-sicab-2020-2-1024x683.jpg\" \/>\n\t<meta property=\"og:image:width\" content=\"1024\" \/>\n\t<meta property=\"og:image:height\" content=\"683\" \/>\n\t<meta property=\"og:image:type\" content=\"image\/jpeg\" \/>\n<meta name=\"author\" content=\"Comunicaci\u00f3n\" \/>\n<meta name=\"twitter:card\" content=\"summary_large_image\" \/>\n<meta name=\"twitter:label1\" content=\"Written by\" \/>\n\t<meta name=\"twitter:data1\" content=\"Comunicaci\u00f3n\" \/>\n\t<meta name=\"twitter:label2\" content=\"Est. reading time\" \/>\n\t<meta name=\"twitter:data2\" content=\"5 minutes\" \/>\n<script type=\"application\/ld+json\" class=\"yoast-schema-graph\">{\"@context\":\"https:\\\/\\\/schema.org\",\"@graph\":[{\"@type\":\"Article\",\"@id\":\"https:\\\/\\\/fundacioncajaruraldelsur.com\\\/presentado-oficialmente-sicab-2020-que-se-celebra-en-sevilla-en-su-30a-edicion\\\/#article\",\"isPartOf\":{\"@id\":\"https:\\\/\\\/fundacioncajaruraldelsur.com\\\/presentado-oficialmente-sicab-2020-que-se-celebra-en-sevilla-en-su-30a-edicion\\\/\"},\"author\":{\"name\":\"Comunicaci\u00f3n\",\"@id\":\"https:\\\/\\\/fundacioncajaruraldelsur.com\\\/#\\\/schema\\\/person\\\/f430da9fb783d505ff061ad8b3d44577\"},\"headline\":\"Presentado oficialmente SICAB 2020 que se celebra en Sevilla en su 30\u00aa edici\u00f3n\",\"datePublished\":\"2020-10-06T10:51:41+00:00\",\"dateModified\":\"2020-10-06T10:54:09+00:00\",\"mainEntityOfPage\":{\"@id\":\"https:\\\/\\\/fundacioncajaruraldelsur.com\\\/presentado-oficialmente-sicab-2020-que-se-celebra-en-sevilla-en-su-30a-edicion\\\/\"},\"wordCount\":914,\"image\":{\"@id\":\"https:\\\/\\\/fundacioncajaruraldelsur.com\\\/presentado-oficialmente-sicab-2020-que-se-celebra-en-sevilla-en-su-30a-edicion\\\/#primaryimage\"},\"thumbnailUrl\":\"https:\\\/\\\/fundacioncajaruraldelsur.com\\\/wp-content\\\/uploads\\\/2020\\\/10\\\/presentacion-sicab-2020-2.jpg\",\"articleSection\":[\"Convenios\",\"Ferias\"],\"inLanguage\":\"pt-PT\"},{\"@type\":\"WebPage\",\"@id\":\"https:\\\/\\\/fundacioncajaruraldelsur.com\\\/presentado-oficialmente-sicab-2020-que-se-celebra-en-sevilla-en-su-30a-edicion\\\/\",\"url\":\"https:\\\/\\\/fundacioncajaruraldelsur.com\\\/presentado-oficialmente-sicab-2020-que-se-celebra-en-sevilla-en-su-30a-edicion\\\/\",\"name\":\"Presentado oficialmente SICAB 2020 que se celebra en Sevilla en su 30\u00aa edici\u00f3n - Fundaci\u00f3n Caja Rural del Sur\",\"isPartOf\":{\"@id\":\"https:\\\/\\\/fundacioncajaruraldelsur.com\\\/#website\"},\"primaryImageOfPage\":{\"@id\":\"https:\\\/\\\/fundacioncajaruraldelsur.com\\\/presentado-oficialmente-sicab-2020-que-se-celebra-en-sevilla-en-su-30a-edicion\\\/#primaryimage\"},\"image\":{\"@id\":\"https:\\\/\\\/fundacioncajaruraldelsur.com\\\/presentado-oficialmente-sicab-2020-que-se-celebra-en-sevilla-en-su-30a-edicion\\\/#primaryimage\"},\"thumbnailUrl\":\"https:\\\/\\\/fundacioncajaruraldelsur.com\\\/wp-content\\\/uploads\\\/2020\\\/10\\\/presentacion-sicab-2020-2.jpg\",\"datePublished\":\"2020-10-06T10:51:41+00:00\",\"dateModified\":\"2020-10-06T10:54:09+00:00\",\"author\":{\"@id\":\"https:\\\/\\\/fundacioncajaruraldelsur.com\\\/#\\\/schema\\\/person\\\/f430da9fb783d505ff061ad8b3d44577\"},\"breadcrumb\":{\"@id\":\"https:\\\/\\\/fundacioncajaruraldelsur.com\\\/presentado-oficialmente-sicab-2020-que-se-celebra-en-sevilla-en-su-30a-edicion\\\/#breadcrumb\"},\"inLanguage\":\"pt-PT\",\"potentialAction\":[{\"@type\":\"ReadAction\",\"target\":[\"https:\\\/\\\/fundacioncajaruraldelsur.com\\\/presentado-oficialmente-sicab-2020-que-se-celebra-en-sevilla-en-su-30a-edicion\\\/\"]}]},{\"@type\":\"ImageObject\",\"inLanguage\":\"pt-PT\",\"@id\":\"https:\\\/\\\/fundacioncajaruraldelsur.com\\\/presentado-oficialmente-sicab-2020-que-se-celebra-en-sevilla-en-su-30a-edicion\\\/#primaryimage\",\"url\":\"https:\\\/\\\/fundacioncajaruraldelsur.com\\\/wp-content\\\/uploads\\\/2020\\\/10\\\/presentacion-sicab-2020-2.jpg\",\"contentUrl\":\"https:\\\/\\\/fundacioncajaruraldelsur.com\\\/wp-content\\\/uploads\\\/2020\\\/10\\\/presentacion-sicab-2020-2.jpg\",\"width\":2500,\"height\":1667},{\"@type\":\"BreadcrumbList\",\"@id\":\"https:\\\/\\\/fundacioncajaruraldelsur.com\\\/presentado-oficialmente-sicab-2020-que-se-celebra-en-sevilla-en-su-30a-edicion\\\/#breadcrumb\",\"itemListElement\":[{\"@type\":\"ListItem\",\"position\":1,\"name\":\"Portada\",\"item\":\"https:\\\/\\\/fundacioncajaruraldelsur.com\\\/\"},{\"@type\":\"ListItem\",\"position\":2,\"name\":\"Presentado oficialmente SICAB 2020 que se celebra en Sevilla en su 30\u00aa edici\u00f3n\"}]},{\"@type\":\"WebSite\",\"@id\":\"https:\\\/\\\/fundacioncajaruraldelsur.com\\\/#website\",\"url\":\"https:\\\/\\\/fundacioncajaruraldelsur.com\\\/\",\"name\":\"Fundaci\u00f3n Caja Rural del Sur\",\"description\":\"\",\"potentialAction\":[{\"@type\":\"SearchAction\",\"target\":{\"@type\":\"EntryPoint\",\"urlTemplate\":\"https:\\\/\\\/fundacioncajaruraldelsur.com\\\/?s={search_term_string}\"},\"query-input\":{\"@type\":\"PropertyValueSpecification\",\"valueRequired\":true,\"valueName\":\"search_term_string\"}}],\"inLanguage\":\"pt-PT\"},{\"@type\":\"Person\",\"@id\":\"https:\\\/\\\/fundacioncajaruraldelsur.com\\\/#\\\/schema\\\/person\\\/f430da9fb783d505ff061ad8b3d44577\",\"name\":\"Comunicaci\u00f3n\",\"image\":{\"@type\":\"ImageObject\",\"inLanguage\":\"pt-PT\",\"@id\":\"https:\\\/\\\/secure.gravatar.com\\\/avatar\\\/0dca239875993680bac4603ad2de7942da018f52cc3a244578e0b3b09314a8d8?s=96&d=blank&r=g\",\"url\":\"https:\\\/\\\/secure.gravatar.com\\\/avatar\\\/0dca239875993680bac4603ad2de7942da018f52cc3a244578e0b3b09314a8d8?s=96&d=blank&r=g\",\"contentUrl\":\"https:\\\/\\\/secure.gravatar.com\\\/avatar\\\/0dca239875993680bac4603ad2de7942da018f52cc3a244578e0b3b09314a8d8?s=96&d=blank&r=g\",\"caption\":\"Comunicaci\u00f3n\"}}]}<\/script>\n<!-- \/ Yoast SEO plugin. -->","yoast_head_json":{"title":"Presentado oficialmente SICAB 2020 que se celebra en Sevilla en su 30\u00aa edici\u00f3n - Fundaci\u00f3n Caja Rural del Sur","robots":{"index":"index","follow":"follow","max-snippet":"max-snippet:-1","max-image-preview":"max-image-preview:large","max-video-preview":"max-video-preview:-1"},"canonical":"https:\/\/fundacioncajaruraldelsur.com\/pt\/presentado-oficialmente-sicab-2020-que-se-celebra-en-sevilla-en-su-30a-edicion\/","og_locale":"pt_PT","og_type":"article","og_title":"Presentado oficialmente SICAB 2020 que se celebra en Sevilla en su 30\u00aa edici\u00f3n - Fundaci\u00f3n Caja Rural del Sur","og_description":"La sede de Caja Rural del Sur ha acogido este martes, 6 de octubre, la presentaci\u00f3n oficial de la 30\u00aa edici\u00f3n del Sal\u00f3n Internacional del Caballo, SICAB 2020, que da [&hellip;]","og_url":"https:\/\/fundacioncajaruraldelsur.com\/pt\/presentado-oficialmente-sicab-2020-que-se-celebra-en-sevilla-en-su-30a-edicion\/","og_site_name":"Fundaci\u00f3n Caja Rural del Sur","article_published_time":"2020-10-06T10:51:41+00:00","article_modified_time":"2020-10-06T10:54:09+00:00","og_image":[{"width":1024,"height":683,"url":"https:\/\/fundacioncajaruraldelsur.com\/wp-content\/uploads\/2020\/10\/presentacion-sicab-2020-2-1024x683.jpg","type":"image\/jpeg"}],"author":"Comunicaci\u00f3n","twitter_card":"summary_large_image","twitter_misc":{"Written by":"Comunicaci\u00f3n","Est. reading time":"5 minutes"},"schema":{"@context":"https:\/\/schema.org","@graph":[{"@type":"Article","@id":"https:\/\/fundacioncajaruraldelsur.com\/presentado-oficialmente-sicab-2020-que-se-celebra-en-sevilla-en-su-30a-edicion\/#article","isPartOf":{"@id":"https:\/\/fundacioncajaruraldelsur.com\/presentado-oficialmente-sicab-2020-que-se-celebra-en-sevilla-en-su-30a-edicion\/"},"author":{"name":"Comunicaci\u00f3n","@id":"https:\/\/fundacioncajaruraldelsur.com\/#\/schema\/person\/f430da9fb783d505ff061ad8b3d44577"},"headline":"Presentado oficialmente SICAB 2020 que se celebra en Sevilla en su 30\u00aa edici\u00f3n","datePublished":"2020-10-06T10:51:41+00:00","dateModified":"2020-10-06T10:54:09+00:00","mainEntityOfPage":{"@id":"https:\/\/fundacioncajaruraldelsur.com\/presentado-oficialmente-sicab-2020-que-se-celebra-en-sevilla-en-su-30a-edicion\/"},"wordCount":914,"image":{"@id":"https:\/\/fundacioncajaruraldelsur.com\/presentado-oficialmente-sicab-2020-que-se-celebra-en-sevilla-en-su-30a-edicion\/#primaryimage"},"thumbnailUrl":"https:\/\/fundacioncajaruraldelsur.com\/wp-content\/uploads\/2020\/10\/presentacion-sicab-2020-2.jpg","articleSection":["Convenios","Ferias"],"inLanguage":"pt-PT"},{"@type":"WebPage","@id":"https:\/\/fundacioncajaruraldelsur.com\/presentado-oficialmente-sicab-2020-que-se-celebra-en-sevilla-en-su-30a-edicion\/","url":"https:\/\/fundacioncajaruraldelsur.com\/presentado-oficialmente-sicab-2020-que-se-celebra-en-sevilla-en-su-30a-edicion\/","name":"Presentado oficialmente SICAB 2020 que se celebra en Sevilla en su 30\u00aa edici\u00f3n - Fundaci\u00f3n Caja Rural del Sur","isPartOf":{"@id":"https:\/\/fundacioncajaruraldelsur.com\/#website"},"primaryImageOfPage":{"@id":"https:\/\/fundacioncajaruraldelsur.com\/presentado-oficialmente-sicab-2020-que-se-celebra-en-sevilla-en-su-30a-edicion\/#primaryimage"},"image":{"@id":"https:\/\/fundacioncajaruraldelsur.com\/presentado-oficialmente-sicab-2020-que-se-celebra-en-sevilla-en-su-30a-edicion\/#primaryimage"},"thumbnailUrl":"https:\/\/fundacioncajaruraldelsur.com\/wp-content\/uploads\/2020\/10\/presentacion-sicab-2020-2.jpg","datePublished":"2020-10-06T10:51:41+00:00","dateModified":"2020-10-06T10:54:09+00:00","author":{"@id":"https:\/\/fundacioncajaruraldelsur.com\/#\/schema\/person\/f430da9fb783d505ff061ad8b3d44577"},"breadcrumb":{"@id":"https:\/\/fundacioncajaruraldelsur.com\/presentado-oficialmente-sicab-2020-que-se-celebra-en-sevilla-en-su-30a-edicion\/#breadcrumb"},"inLanguage":"pt-PT","potentialAction":[{"@type":"ReadAction","target":["https:\/\/fundacioncajaruraldelsur.com\/presentado-oficialmente-sicab-2020-que-se-celebra-en-sevilla-en-su-30a-edicion\/"]}]},{"@type":"ImageObject","inLanguage":"pt-PT","@id":"https:\/\/fundacioncajaruraldelsur.com\/presentado-oficialmente-sicab-2020-que-se-celebra-en-sevilla-en-su-30a-edicion\/#primaryimage","url":"https:\/\/fundacioncajaruraldelsur.com\/wp-content\/uploads\/2020\/10\/presentacion-sicab-2020-2.jpg","contentUrl":"https:\/\/fundacioncajaruraldelsur.com\/wp-content\/uploads\/2020\/10\/presentacion-sicab-2020-2.jpg","width":2500,"height":1667},{"@type":"BreadcrumbList","@id":"https:\/\/fundacioncajaruraldelsur.com\/presentado-oficialmente-sicab-2020-que-se-celebra-en-sevilla-en-su-30a-edicion\/#breadcrumb","itemListElement":[{"@type":"ListItem","position":1,"name":"Portada","item":"https:\/\/fundacioncajaruraldelsur.com\/"},{"@type":"ListItem","position":2,"name":"Presentado oficialmente SICAB 2020 que se celebra en Sevilla en su 30\u00aa edici\u00f3n"}]},{"@type":"WebSite","@id":"https:\/\/fundacioncajaruraldelsur.com\/#website","url":"https:\/\/fundacioncajaruraldelsur.com\/","name":"Funda\u00e7\u00e3o Caja Rural del Sur","description":"","potentialAction":[{"@type":"SearchAction","target":{"@type":"EntryPoint","urlTemplate":"https:\/\/fundacioncajaruraldelsur.com\/?s={search_term_string}"},"query-input":{"@type":"PropertyValueSpecification","valueRequired":true,"valueName":"search_term_string"}}],"inLanguage":"pt-PT"},{"@type":"Person","@id":"https:\/\/fundacioncajaruraldelsur.com\/#\/schema\/person\/f430da9fb783d505ff061ad8b3d44577","name":"Comunicaci\u00f3n","image":{"@type":"ImageObject","inLanguage":"pt-PT","@id":"https:\/\/secure.gravatar.com\/avatar\/0dca239875993680bac4603ad2de7942da018f52cc3a244578e0b3b09314a8d8?s=96&d=blank&r=g","url":"https:\/\/secure.gravatar.com\/avatar\/0dca239875993680bac4603ad2de7942da018f52cc3a244578e0b3b09314a8d8?s=96&d=blank&r=g","contentUrl":"https:\/\/secure.gravatar.com\/avatar\/0dca239875993680bac4603ad2de7942da018f52cc3a244578e0b3b09314a8d8?s=96&d=blank&r=g","caption":"Comunicaci\u00f3n"}}]}},"rttpg_featured_image_url":{"full":["https:\/\/fundacioncajaruraldelsur.com\/wp-content\/uploads\/2020\/10\/presentacion-sicab-2020-2.jpg",2500,1667,false],"landscape":["https:\/\/fundacioncajaruraldelsur.com\/wp-content\/uploads\/2020\/10\/presentacion-sicab-2020-2.jpg",2500,1667,false],"portraits":["https:\/\/fundacioncajaruraldelsur.com\/wp-content\/uploads\/2020\/10\/presentacion-sicab-2020-2.jpg",2500,1667,false],"thumbnail":["https:\/\/fundacioncajaruraldelsur.com\/wp-content\/uploads\/2020\/10\/presentacion-sicab-2020-2-150x150.jpg",150,150,true],"medium":["https:\/\/fundacioncajaruraldelsur.com\/wp-content\/uploads\/2020\/10\/presentacion-sicab-2020-2-300x200.jpg",300,200,true],"large":["https:\/\/fundacioncajaruraldelsur.com\/wp-content\/uploads\/2020\/10\/presentacion-sicab-2020-2-1024x683.jpg",960,640,true],"1536x1536":["https:\/\/fundacioncajaruraldelsur.com\/wp-content\/uploads\/2020\/10\/presentacion-sicab-2020-2.jpg",1536,1024,false],"2048x2048":["https:\/\/fundacioncajaruraldelsur.com\/wp-content\/uploads\/2020\/10\/presentacion-sicab-2020-2.jpg",2048,1366,false],"trp-custom-language-flag":["https:\/\/fundacioncajaruraldelsur.com\/wp-content\/uploads\/2020\/10\/presentacion-sicab-2020-2.jpg",18,12,false],"blog-thumbnail":["https:\/\/fundacioncajaruraldelsur.com\/wp-content\/uploads\/2020\/10\/presentacion-sicab-2020-2-400x200.jpg",400,200,true]},"rttpg_author":{"display_name":"Comunicaci\u00f3n","author_link":"https:\/\/fundacioncajaruraldelsur.com\/pt\/author\/sevillaadmin\/"},"rttpg_comment":0,"rttpg_category":"<a href=\"https:\/\/fundacioncajaruraldelsur.com\/pt\/category\/convenios\/\" rel=\"category tag\">Convenios<\/a> <a href=\"https:\/\/fundacioncajaruraldelsur.com\/pt\/category\/ferias\/\" rel=\"category tag\">Ferias<\/a>","rttpg_excerpt":"La sede de Caja Rural del Sur ha acogido este martes, 6 de octubre, la presentaci\u00f3n oficial de la 30\u00aa edici\u00f3n del Sal\u00f3n Internacional del Caballo, SICAB 2020, que da [&hellip;]","_links":{"self":[{"href":"https:\/\/fundacioncajaruraldelsur.com\/pt\/wp-json\/wp\/v2\/posts\/5981","targetHints":{"allow":["GET"]}}],"collection":[{"href":"https:\/\/fundacioncajaruraldelsur.com\/pt\/wp-json\/wp\/v2\/posts"}],"about":[{"href":"https:\/\/fundacioncajaruraldelsur.com\/pt\/wp-json\/wp\/v2\/types\/post"}],"author":[{"embeddable":true,"href":"https:\/\/fundacioncajaruraldelsur.com\/pt\/wp-json\/wp\/v2\/users\/6"}],"replies":[{"embeddable":true,"href":"https:\/\/fundacioncajaruraldelsur.com\/pt\/wp-json\/wp\/v2\/comments?post=5981"}],"version-history":[{"count":3,"href":"https:\/\/fundacioncajaruraldelsur.com\/pt\/wp-json\/wp\/v2\/posts\/5981\/revisions"}],"predecessor-version":[{"id":5986,"href":"https:\/\/fundacioncajaruraldelsur.com\/pt\/wp-json\/wp\/v2\/posts\/5981\/revisions\/5986"}],"wp:featuredmedia":[{"embeddable":true,"href":"https:\/\/fundacioncajaruraldelsur.com\/pt\/wp-json\/wp\/v2\/media\/5983"}],"wp:attachment":[{"href":"https:\/\/fundacioncajaruraldelsur.com\/pt\/wp-json\/wp\/v2\/media?parent=5981"}],"wp:term":[{"taxonomy":"category","embeddable":true,"href":"https:\/\/fundacioncajaruraldelsur.com\/pt\/wp-json\/wp\/v2\/categories?post=5981"},{"taxonomy":"post_tag","embeddable":true,"href":"https:\/\/fundacioncajaruraldelsur.com\/pt\/wp-json\/wp\/v2\/tags?post=5981"}],"curies":[{"name":"wp","href":"https:\/\/api.w.org\/{rel}","templated":true}]}}