{"id":5908,"date":"2020-09-13T22:39:32","date_gmt":"2020-09-13T20:39:32","guid":{"rendered":"\/?p=5908"},"modified":"2020-09-13T22:39:32","modified_gmt":"2020-09-13T20:39:32","slug":"se-inicia-un-nuevo-curso-de-actividades-culturales-en-el-centro-jose-luis-garcia-palacios","status":"publish","type":"post","link":"https:\/\/fundacioncajaruraldelsur.com\/pt\/se-inicia-un-nuevo-curso-de-actividades-culturales-en-el-centro-jose-luis-garcia-palacios\/","title":{"rendered":"Se Inicia un nuevo curso de actividades culturales en el Centro \u2018Jos\u00e9 Luis Garc\u00eda Palacios\u2019"},"content":{"rendered":"<p>Con la exposici\u00f3n \u2018Pintura Valenciana Contempor\u00e1nea\u2019, que organiza la Asociaci\u00f3n de Madres y Padres Colegio Tierrallana-Entrepinos, se va a iniciar en Huelva el pr\u00f3ximo lunes, 21 de septiembre, el curso de actividades culturales de Fundaci\u00f3n Caja Rural del Sur en el centro \u2018Jos\u00e9 Luis Garc\u00eda Palacios\u2019 con todas las medidas anti COVID establecidas por las autoridades sanitarias.<\/p>\n<p>De esta forma, la sala de exposiciones de dicho centro cultural va a acoger obras de veinte de los mejores pintores valencianos del siglo XX y XXI que sorprender\u00e1n a los visitantes que se acerquen hasta la misma porque se trata de un variado y rico exponente del mundo pict\u00f3rico de la Comunidad Valenciana.<\/p>\n<p>Desde el equipo directivo de la Fundaci\u00f3n se ha tenido en cuenta todas indicaciones dadas tanto por la Consejer\u00eda de Salud como del Ministerio de Sanidad, por lo que ser\u00e1 obligatorio el uso de la mascarilla para poder acceder al centro cultural, se establecer\u00e1n limitaci\u00f3n en la asistencia y el mantenimiento de las distancias de seguridad, adem\u00e1s de quedar ordenadas las entradas y salidas del misma para garantizar el cumplimiento estricto del aforo m\u00e1ximo calculado para esta situaci\u00f3n extraordinaria y se adoptar\u00e1n medidas para organizar a las personas que permanezcan en el exterior del establecimiento en espera de acceder a \u00e9l cuando lo permita el aforo con el fin de mantener las distancias de seguridad.<\/p>\n<p>A disposici\u00f3n del p\u00fablico asistentes estar\u00e1 desinfectante de manos a base de alcohol y lo servicios para poder lavarse las manos con agua y jab\u00f3n. Todos estos protocolos de control asegurar\u00e1n el desarrollo de cada actividad con todas las garant\u00edas sanitarias y el disfrute con tranquilidad de los distintos p\u00fablicos interesados en los eventos que se vayan programando.<\/p>\n<p>Adem\u00e1s de la exposici\u00f3n de \u2018Pintura Valenciana Contempor\u00e1nea\u2019, que organiza la Asociaci\u00f3n de Madres y Padres Colegio Tierrallana-Entrepinos, el Centro Cultural \u2018Jos\u00e9 Luis Garc\u00eda Palacios\u2019 tambi\u00e9n ir\u00e1 acogiendo las actividades del Oto\u00f1o Cultural Iberoamericano, iniciativa que impulsada por la Fundaci\u00f3n Caja Rural del Sur llega este a\u00f1o a su edici\u00f3n n\u00famero 13.<\/p>","protected":false},"excerpt":{"rendered":"<p>Con la exposici\u00f3n \u2018Pintura Valenciana Contempor\u00e1nea\u2019, que organiza la Asociaci\u00f3n de Madres y Padres Colegio Tierrallana-Entrepinos, se va a iniciar en Huelva el pr\u00f3ximo lunes, 21 de septiembre, el curso [&hellip;]<\/p>\n","protected":false},"author":6,"featured_media":5909,"comment_status":"closed","ping_status":"closed","sticky":false,"template":"","format":"standard","meta":{"footnotes":""},"categories":[82],"tags":[],"class_list":["post-5908","post","type-post","status-publish","format-standard","has-post-thumbnail","hentry","category-exposiciones"],"yoast_head":"<!-- This site is optimized with the Yoast SEO plugin v27.3 - https:\/\/yoast.com\/product\/yoast-seo-wordpress\/ -->\n<title>Se Inicia un nuevo curso de actividades culturales en el Centro \u2018Jos\u00e9 Luis Garc\u00eda Palacios\u2019 - Fundaci\u00f3n Caja Rural del Sur<\/title>\n<meta name=\"robots\" content=\"index, follow, max-snippet:-1, max-image-preview:large, max-video-preview:-1\" \/>\n<link rel=\"canonical\" href=\"https:\/\/fundacioncajaruraldelsur.com\/pt\/se-inicia-un-nuevo-curso-de-actividades-culturales-en-el-centro-jose-luis-garcia-palacios\/\" \/>\n<meta property=\"og:locale\" content=\"pt_PT\" \/>\n<meta property=\"og:type\" content=\"article\" \/>\n<meta property=\"og:title\" content=\"Se Inicia un nuevo curso de actividades culturales en el Centro \u2018Jos\u00e9 Luis Garc\u00eda Palacios\u2019 - Fundaci\u00f3n Caja Rural del Sur\" \/>\n<meta property=\"og:description\" content=\"Con la exposici\u00f3n \u2018Pintura Valenciana Contempor\u00e1nea\u2019, que organiza la Asociaci\u00f3n de Madres y Padres Colegio Tierrallana-Entrepinos, se va a iniciar en Huelva el pr\u00f3ximo lunes, 21 de septiembre, el curso [&hellip;]\" \/>\n<meta property=\"og:url\" content=\"https:\/\/fundacioncajaruraldelsur.com\/pt\/se-inicia-un-nuevo-curso-de-actividades-culturales-en-el-centro-jose-luis-garcia-palacios\/\" \/>\n<meta property=\"og:site_name\" content=\"Fundaci\u00f3n Caja Rural del Sur\" \/>\n<meta property=\"article:published_time\" content=\"2020-09-13T20:39:32+00:00\" \/>\n<meta property=\"og:image\" content=\"https:\/\/fundacioncajaruraldelsur.com\/wp-content\/uploads\/2020\/09\/fundacion.jpg\" \/>\n\t<meta property=\"og:image:width\" content=\"678\" \/>\n\t<meta property=\"og:image:height\" content=\"381\" \/>\n\t<meta property=\"og:image:type\" content=\"image\/jpeg\" \/>\n<meta name=\"author\" content=\"Comunicaci\u00f3n\" \/>\n<meta name=\"twitter:card\" content=\"summary_large_image\" \/>\n<meta name=\"twitter:label1\" content=\"Written by\" \/>\n\t<meta name=\"twitter:data1\" content=\"Comunicaci\u00f3n\" \/>\n\t<meta name=\"twitter:label2\" content=\"Est. reading time\" \/>\n\t<meta name=\"twitter:data2\" content=\"2 minutes\" \/>\n<script type=\"application\/ld+json\" class=\"yoast-schema-graph\">{\"@context\":\"https:\\\/\\\/schema.org\",\"@graph\":[{\"@type\":\"Article\",\"@id\":\"https:\\\/\\\/fundacioncajaruraldelsur.com\\\/se-inicia-un-nuevo-curso-de-actividades-culturales-en-el-centro-jose-luis-garcia-palacios\\\/#article\",\"isPartOf\":{\"@id\":\"https:\\\/\\\/fundacioncajaruraldelsur.com\\\/se-inicia-un-nuevo-curso-de-actividades-culturales-en-el-centro-jose-luis-garcia-palacios\\\/\"},\"author\":{\"name\":\"Comunicaci\u00f3n\",\"@id\":\"https:\\\/\\\/fundacioncajaruraldelsur.com\\\/#\\\/schema\\\/person\\\/f430da9fb783d505ff061ad8b3d44577\"},\"headline\":\"Se Inicia un nuevo curso de actividades culturales en el Centro \u2018Jos\u00e9 Luis Garc\u00eda Palacios\u2019\",\"datePublished\":\"2020-09-13T20:39:32+00:00\",\"mainEntityOfPage\":{\"@id\":\"https:\\\/\\\/fundacioncajaruraldelsur.com\\\/se-inicia-un-nuevo-curso-de-actividades-culturales-en-el-centro-jose-luis-garcia-palacios\\\/\"},\"wordCount\":383,\"image\":{\"@id\":\"https:\\\/\\\/fundacioncajaruraldelsur.com\\\/se-inicia-un-nuevo-curso-de-actividades-culturales-en-el-centro-jose-luis-garcia-palacios\\\/#primaryimage\"},\"thumbnailUrl\":\"https:\\\/\\\/fundacioncajaruraldelsur.com\\\/wp-content\\\/uploads\\\/2020\\\/09\\\/fundacion.jpg\",\"articleSection\":[\"Exposiciones\"],\"inLanguage\":\"pt-PT\"},{\"@type\":\"WebPage\",\"@id\":\"https:\\\/\\\/fundacioncajaruraldelsur.com\\\/se-inicia-un-nuevo-curso-de-actividades-culturales-en-el-centro-jose-luis-garcia-palacios\\\/\",\"url\":\"https:\\\/\\\/fundacioncajaruraldelsur.com\\\/se-inicia-un-nuevo-curso-de-actividades-culturales-en-el-centro-jose-luis-garcia-palacios\\\/\",\"name\":\"Se Inicia un nuevo curso de actividades culturales en el Centro \u2018Jos\u00e9 Luis Garc\u00eda Palacios\u2019 - Fundaci\u00f3n Caja Rural del Sur\",\"isPartOf\":{\"@id\":\"https:\\\/\\\/fundacioncajaruraldelsur.com\\\/#website\"},\"primaryImageOfPage\":{\"@id\":\"https:\\\/\\\/fundacioncajaruraldelsur.com\\\/se-inicia-un-nuevo-curso-de-actividades-culturales-en-el-centro-jose-luis-garcia-palacios\\\/#primaryimage\"},\"image\":{\"@id\":\"https:\\\/\\\/fundacioncajaruraldelsur.com\\\/se-inicia-un-nuevo-curso-de-actividades-culturales-en-el-centro-jose-luis-garcia-palacios\\\/#primaryimage\"},\"thumbnailUrl\":\"https:\\\/\\\/fundacioncajaruraldelsur.com\\\/wp-content\\\/uploads\\\/2020\\\/09\\\/fundacion.jpg\",\"datePublished\":\"2020-09-13T20:39:32+00:00\",\"author\":{\"@id\":\"https:\\\/\\\/fundacioncajaruraldelsur.com\\\/#\\\/schema\\\/person\\\/f430da9fb783d505ff061ad8b3d44577\"},\"breadcrumb\":{\"@id\":\"https:\\\/\\\/fundacioncajaruraldelsur.com\\\/se-inicia-un-nuevo-curso-de-actividades-culturales-en-el-centro-jose-luis-garcia-palacios\\\/#breadcrumb\"},\"inLanguage\":\"pt-PT\",\"potentialAction\":[{\"@type\":\"ReadAction\",\"target\":[\"https:\\\/\\\/fundacioncajaruraldelsur.com\\\/se-inicia-un-nuevo-curso-de-actividades-culturales-en-el-centro-jose-luis-garcia-palacios\\\/\"]}]},{\"@type\":\"ImageObject\",\"inLanguage\":\"pt-PT\",\"@id\":\"https:\\\/\\\/fundacioncajaruraldelsur.com\\\/se-inicia-un-nuevo-curso-de-actividades-culturales-en-el-centro-jose-luis-garcia-palacios\\\/#primaryimage\",\"url\":\"https:\\\/\\\/fundacioncajaruraldelsur.com\\\/wp-content\\\/uploads\\\/2020\\\/09\\\/fundacion.jpg\",\"contentUrl\":\"https:\\\/\\\/fundacioncajaruraldelsur.com\\\/wp-content\\\/uploads\\\/2020\\\/09\\\/fundacion.jpg\",\"width\":678,\"height\":381},{\"@type\":\"BreadcrumbList\",\"@id\":\"https:\\\/\\\/fundacioncajaruraldelsur.com\\\/se-inicia-un-nuevo-curso-de-actividades-culturales-en-el-centro-jose-luis-garcia-palacios\\\/#breadcrumb\",\"itemListElement\":[{\"@type\":\"ListItem\",\"position\":1,\"name\":\"Portada\",\"item\":\"https:\\\/\\\/fundacioncajaruraldelsur.com\\\/\"},{\"@type\":\"ListItem\",\"position\":2,\"name\":\"Se Inicia un nuevo curso de actividades culturales en el Centro \u2018Jos\u00e9 Luis Garc\u00eda Palacios\u2019\"}]},{\"@type\":\"WebSite\",\"@id\":\"https:\\\/\\\/fundacioncajaruraldelsur.com\\\/#website\",\"url\":\"https:\\\/\\\/fundacioncajaruraldelsur.com\\\/\",\"name\":\"Fundaci\u00f3n Caja Rural del Sur\",\"description\":\"\",\"potentialAction\":[{\"@type\":\"SearchAction\",\"target\":{\"@type\":\"EntryPoint\",\"urlTemplate\":\"https:\\\/\\\/fundacioncajaruraldelsur.com\\\/?s={search_term_string}\"},\"query-input\":{\"@type\":\"PropertyValueSpecification\",\"valueRequired\":true,\"valueName\":\"search_term_string\"}}],\"inLanguage\":\"pt-PT\"},{\"@type\":\"Person\",\"@id\":\"https:\\\/\\\/fundacioncajaruraldelsur.com\\\/#\\\/schema\\\/person\\\/f430da9fb783d505ff061ad8b3d44577\",\"name\":\"Comunicaci\u00f3n\",\"image\":{\"@type\":\"ImageObject\",\"inLanguage\":\"pt-PT\",\"@id\":\"https:\\\/\\\/secure.gravatar.com\\\/avatar\\\/0dca239875993680bac4603ad2de7942da018f52cc3a244578e0b3b09314a8d8?s=96&d=blank&r=g\",\"url\":\"https:\\\/\\\/secure.gravatar.com\\\/avatar\\\/0dca239875993680bac4603ad2de7942da018f52cc3a244578e0b3b09314a8d8?s=96&d=blank&r=g\",\"contentUrl\":\"https:\\\/\\\/secure.gravatar.com\\\/avatar\\\/0dca239875993680bac4603ad2de7942da018f52cc3a244578e0b3b09314a8d8?s=96&d=blank&r=g\",\"caption\":\"Comunicaci\u00f3n\"}}]}<\/script>\n<!-- \/ Yoast SEO plugin. -->","yoast_head_json":{"title":"Se Inicia un nuevo curso de actividades culturales en el Centro \u2018Jos\u00e9 Luis Garc\u00eda Palacios\u2019 - Fundaci\u00f3n Caja Rural del Sur","robots":{"index":"index","follow":"follow","max-snippet":"max-snippet:-1","max-image-preview":"max-image-preview:large","max-video-preview":"max-video-preview:-1"},"canonical":"https:\/\/fundacioncajaruraldelsur.com\/pt\/se-inicia-un-nuevo-curso-de-actividades-culturales-en-el-centro-jose-luis-garcia-palacios\/","og_locale":"pt_PT","og_type":"article","og_title":"Se Inicia un nuevo curso de actividades culturales en el Centro \u2018Jos\u00e9 Luis Garc\u00eda Palacios\u2019 - Fundaci\u00f3n Caja Rural del Sur","og_description":"Con la exposici\u00f3n \u2018Pintura Valenciana Contempor\u00e1nea\u2019, que organiza la Asociaci\u00f3n de Madres y Padres Colegio Tierrallana-Entrepinos, se va a iniciar en Huelva el pr\u00f3ximo lunes, 21 de septiembre, el curso [&hellip;]","og_url":"https:\/\/fundacioncajaruraldelsur.com\/pt\/se-inicia-un-nuevo-curso-de-actividades-culturales-en-el-centro-jose-luis-garcia-palacios\/","og_site_name":"Fundaci\u00f3n Caja Rural del Sur","article_published_time":"2020-09-13T20:39:32+00:00","og_image":[{"width":678,"height":381,"url":"https:\/\/fundacioncajaruraldelsur.com\/wp-content\/uploads\/2020\/09\/fundacion.jpg","type":"image\/jpeg"}],"author":"Comunicaci\u00f3n","twitter_card":"summary_large_image","twitter_misc":{"Written by":"Comunicaci\u00f3n","Est. reading time":"2 minutes"},"schema":{"@context":"https:\/\/schema.org","@graph":[{"@type":"Article","@id":"https:\/\/fundacioncajaruraldelsur.com\/se-inicia-un-nuevo-curso-de-actividades-culturales-en-el-centro-jose-luis-garcia-palacios\/#article","isPartOf":{"@id":"https:\/\/fundacioncajaruraldelsur.com\/se-inicia-un-nuevo-curso-de-actividades-culturales-en-el-centro-jose-luis-garcia-palacios\/"},"author":{"name":"Comunicaci\u00f3n","@id":"https:\/\/fundacioncajaruraldelsur.com\/#\/schema\/person\/f430da9fb783d505ff061ad8b3d44577"},"headline":"Se Inicia un nuevo curso de actividades culturales en el Centro \u2018Jos\u00e9 Luis Garc\u00eda Palacios\u2019","datePublished":"2020-09-13T20:39:32+00:00","mainEntityOfPage":{"@id":"https:\/\/fundacioncajaruraldelsur.com\/se-inicia-un-nuevo-curso-de-actividades-culturales-en-el-centro-jose-luis-garcia-palacios\/"},"wordCount":383,"image":{"@id":"https:\/\/fundacioncajaruraldelsur.com\/se-inicia-un-nuevo-curso-de-actividades-culturales-en-el-centro-jose-luis-garcia-palacios\/#primaryimage"},"thumbnailUrl":"https:\/\/fundacioncajaruraldelsur.com\/wp-content\/uploads\/2020\/09\/fundacion.jpg","articleSection":["Exposiciones"],"inLanguage":"pt-PT"},{"@type":"WebPage","@id":"https:\/\/fundacioncajaruraldelsur.com\/se-inicia-un-nuevo-curso-de-actividades-culturales-en-el-centro-jose-luis-garcia-palacios\/","url":"https:\/\/fundacioncajaruraldelsur.com\/se-inicia-un-nuevo-curso-de-actividades-culturales-en-el-centro-jose-luis-garcia-palacios\/","name":"Se Inicia un nuevo curso de actividades culturales en el Centro \u2018Jos\u00e9 Luis Garc\u00eda Palacios\u2019 - Fundaci\u00f3n Caja Rural del Sur","isPartOf":{"@id":"https:\/\/fundacioncajaruraldelsur.com\/#website"},"primaryImageOfPage":{"@id":"https:\/\/fundacioncajaruraldelsur.com\/se-inicia-un-nuevo-curso-de-actividades-culturales-en-el-centro-jose-luis-garcia-palacios\/#primaryimage"},"image":{"@id":"https:\/\/fundacioncajaruraldelsur.com\/se-inicia-un-nuevo-curso-de-actividades-culturales-en-el-centro-jose-luis-garcia-palacios\/#primaryimage"},"thumbnailUrl":"https:\/\/fundacioncajaruraldelsur.com\/wp-content\/uploads\/2020\/09\/fundacion.jpg","datePublished":"2020-09-13T20:39:32+00:00","author":{"@id":"https:\/\/fundacioncajaruraldelsur.com\/#\/schema\/person\/f430da9fb783d505ff061ad8b3d44577"},"breadcrumb":{"@id":"https:\/\/fundacioncajaruraldelsur.com\/se-inicia-un-nuevo-curso-de-actividades-culturales-en-el-centro-jose-luis-garcia-palacios\/#breadcrumb"},"inLanguage":"pt-PT","potentialAction":[{"@type":"ReadAction","target":["https:\/\/fundacioncajaruraldelsur.com\/se-inicia-un-nuevo-curso-de-actividades-culturales-en-el-centro-jose-luis-garcia-palacios\/"]}]},{"@type":"ImageObject","inLanguage":"pt-PT","@id":"https:\/\/fundacioncajaruraldelsur.com\/se-inicia-un-nuevo-curso-de-actividades-culturales-en-el-centro-jose-luis-garcia-palacios\/#primaryimage","url":"https:\/\/fundacioncajaruraldelsur.com\/wp-content\/uploads\/2020\/09\/fundacion.jpg","contentUrl":"https:\/\/fundacioncajaruraldelsur.com\/wp-content\/uploads\/2020\/09\/fundacion.jpg","width":678,"height":381},{"@type":"BreadcrumbList","@id":"https:\/\/fundacioncajaruraldelsur.com\/se-inicia-un-nuevo-curso-de-actividades-culturales-en-el-centro-jose-luis-garcia-palacios\/#breadcrumb","itemListElement":[{"@type":"ListItem","position":1,"name":"Portada","item":"https:\/\/fundacioncajaruraldelsur.com\/"},{"@type":"ListItem","position":2,"name":"Se Inicia un nuevo curso de actividades culturales en el Centro \u2018Jos\u00e9 Luis Garc\u00eda Palacios\u2019"}]},{"@type":"WebSite","@id":"https:\/\/fundacioncajaruraldelsur.com\/#website","url":"https:\/\/fundacioncajaruraldelsur.com\/","name":"Funda\u00e7\u00e3o Caja Rural del Sur","description":"","potentialAction":[{"@type":"SearchAction","target":{"@type":"EntryPoint","urlTemplate":"https:\/\/fundacioncajaruraldelsur.com\/?s={search_term_string}"},"query-input":{"@type":"PropertyValueSpecification","valueRequired":true,"valueName":"search_term_string"}}],"inLanguage":"pt-PT"},{"@type":"Person","@id":"https:\/\/fundacioncajaruraldelsur.com\/#\/schema\/person\/f430da9fb783d505ff061ad8b3d44577","name":"Comunicaci\u00f3n","image":{"@type":"ImageObject","inLanguage":"pt-PT","@id":"https:\/\/secure.gravatar.com\/avatar\/0dca239875993680bac4603ad2de7942da018f52cc3a244578e0b3b09314a8d8?s=96&d=blank&r=g","url":"https:\/\/secure.gravatar.com\/avatar\/0dca239875993680bac4603ad2de7942da018f52cc3a244578e0b3b09314a8d8?s=96&d=blank&r=g","contentUrl":"https:\/\/secure.gravatar.com\/avatar\/0dca239875993680bac4603ad2de7942da018f52cc3a244578e0b3b09314a8d8?s=96&d=blank&r=g","caption":"Comunicaci\u00f3n"}}]}},"rttpg_featured_image_url":{"full":["https:\/\/fundacioncajaruraldelsur.com\/wp-content\/uploads\/2020\/09\/fundacion.jpg",678,381,false],"landscape":["https:\/\/fundacioncajaruraldelsur.com\/wp-content\/uploads\/2020\/09\/fundacion.jpg",678,381,false],"portraits":["https:\/\/fundacioncajaruraldelsur.com\/wp-content\/uploads\/2020\/09\/fundacion.jpg",678,381,false],"thumbnail":["https:\/\/fundacioncajaruraldelsur.com\/wp-content\/uploads\/2020\/09\/fundacion-150x150.jpg",150,150,true],"medium":["https:\/\/fundacioncajaruraldelsur.com\/wp-content\/uploads\/2020\/09\/fundacion-300x169.jpg",300,169,true],"large":["https:\/\/fundacioncajaruraldelsur.com\/wp-content\/uploads\/2020\/09\/fundacion.jpg",678,381,false],"1536x1536":["https:\/\/fundacioncajaruraldelsur.com\/wp-content\/uploads\/2020\/09\/fundacion.jpg",678,381,false],"2048x2048":["https:\/\/fundacioncajaruraldelsur.com\/wp-content\/uploads\/2020\/09\/fundacion.jpg",678,381,false],"trp-custom-language-flag":["https:\/\/fundacioncajaruraldelsur.com\/wp-content\/uploads\/2020\/09\/fundacion.jpg",18,10,false],"blog-thumbnail":["https:\/\/fundacioncajaruraldelsur.com\/wp-content\/uploads\/2020\/09\/fundacion-400x200.jpg",400,200,true]},"rttpg_author":{"display_name":"Comunicaci\u00f3n","author_link":"https:\/\/fundacioncajaruraldelsur.com\/pt\/author\/sevillaadmin\/"},"rttpg_comment":0,"rttpg_category":"<a href=\"https:\/\/fundacioncajaruraldelsur.com\/pt\/category\/exposiciones\/\" rel=\"category tag\">Exposiciones<\/a>","rttpg_excerpt":"Con la exposici\u00f3n \u2018Pintura Valenciana Contempor\u00e1nea\u2019, que organiza la Asociaci\u00f3n de Madres y Padres Colegio Tierrallana-Entrepinos, se va a iniciar en Huelva el pr\u00f3ximo lunes, 21 de septiembre, el curso [&hellip;]","_links":{"self":[{"href":"https:\/\/fundacioncajaruraldelsur.com\/pt\/wp-json\/wp\/v2\/posts\/5908","targetHints":{"allow":["GET"]}}],"collection":[{"href":"https:\/\/fundacioncajaruraldelsur.com\/pt\/wp-json\/wp\/v2\/posts"}],"about":[{"href":"https:\/\/fundacioncajaruraldelsur.com\/pt\/wp-json\/wp\/v2\/types\/post"}],"author":[{"embeddable":true,"href":"https:\/\/fundacioncajaruraldelsur.com\/pt\/wp-json\/wp\/v2\/users\/6"}],"replies":[{"embeddable":true,"href":"https:\/\/fundacioncajaruraldelsur.com\/pt\/wp-json\/wp\/v2\/comments?post=5908"}],"version-history":[{"count":1,"href":"https:\/\/fundacioncajaruraldelsur.com\/pt\/wp-json\/wp\/v2\/posts\/5908\/revisions"}],"predecessor-version":[{"id":5910,"href":"https:\/\/fundacioncajaruraldelsur.com\/pt\/wp-json\/wp\/v2\/posts\/5908\/revisions\/5910"}],"wp:featuredmedia":[{"embeddable":true,"href":"https:\/\/fundacioncajaruraldelsur.com\/pt\/wp-json\/wp\/v2\/media\/5909"}],"wp:attachment":[{"href":"https:\/\/fundacioncajaruraldelsur.com\/pt\/wp-json\/wp\/v2\/media?parent=5908"}],"wp:term":[{"taxonomy":"category","embeddable":true,"href":"https:\/\/fundacioncajaruraldelsur.com\/pt\/wp-json\/wp\/v2\/categories?post=5908"},{"taxonomy":"post_tag","embeddable":true,"href":"https:\/\/fundacioncajaruraldelsur.com\/pt\/wp-json\/wp\/v2\/tags?post=5908"}],"curies":[{"name":"wp","href":"https:\/\/api.w.org\/{rel}","templated":true}]}}