{"id":5864,"date":"2020-08-17T11:11:23","date_gmt":"2020-08-17T09:11:23","guid":{"rendered":"\/?p=5864"},"modified":"2020-08-17T11:16:09","modified_gmt":"2020-08-17T09:16:09","slug":"participamos-en-la-49-semana-nautica-de-vela-de-el-puerto-de-santa-maria","status":"publish","type":"post","link":"https:\/\/fundacioncajaruraldelsur.com\/pt\/participamos-en-la-49-semana-nautica-de-vela-de-el-puerto-de-santa-maria\/","title":{"rendered":"Participamos en la 49 Semana N\u00e1utica de Vela de El Puerto de Santa Mar\u00eda"},"content":{"rendered":"<p>Fundaci\u00f3n Caja Rural del Sur participa como uno de los princiales patrocinadores de la 49\u00aa Semana N\u00e1utica de El Puerto de Santa Mar\u00eda que se celebra desde el\u00a0 martes 18 y hasta el domingo 23 de agosto.\u00a0 Esta prueba n\u00e1utica se inicia con las primeras pruebas clasificatorias para las clases de Vela Ligera Optimist, L\u00e1ser Radial, L\u00e1ser 4.7 y 420, esta \u00faltima con la Copa de Andaluc\u00eda en juego. Un d\u00eda despu\u00e9s, el mi\u00e9rcoles 19, se incorpora la clase Pat\u00edn a Vela y todas estas flotas competir\u00e1n hasta el jueves 20. Alrededor de 300 regatistas ser\u00e1n los encargados de levantar el tel\u00f3n en la bah\u00eda gaditana a la gran semana de la Vela, que incluye la celebraci\u00f3n de la 26\u00aa Regata Juan de La Cosa y la 49\u00aa Semana N\u00e1utica para la clase Crucero del viernes 21 al domingo 23.<\/p>\n<p>Ambas regatas se presentaron en las terrazas del RCN de El Puerto de Santa Mar\u00eda, en un acto que presid\u00eda el presidente del Comit\u00e9 organizador de la Semana N\u00e1utica, Jose Mar\u00eda Escribano Ivison acompa\u00f1ado por el alcalde de El Puerto de Santa Mar\u00eda, Germ\u00e1n Beardo; el diputado provincial de Bienestar Social, David de la Encina, y la concejal de Deportes del consistorio portuense, Lola Campos.<\/p>\n<p>Junto a ellos asist\u00edan F\u00e9lix Valverde, capit\u00e1n jefe del Servicio Mar\u00edtimo de la Guardia Civil del Mar; Nicol\u00e1s Mari\u00f1o, director t\u00e9cnico de la Federaci\u00f3n Andaluza de Vela; Miguel Mena, Jos\u00e9 Rodr\u00edguez y Juan Casta\u00f1eda, vicepresidente, vocal de Crucero y gerente del RCN de El Puerto de Santa Mar\u00eda, respectivamente, y en representaci\u00f3n de algunas de las firmas patrocinadoras de ambas regatas se cont\u00f3 con la presencia de Juan Mateos Ariz\u00f3n, de Bodegas Caballero; Manuel Ramos, de Se\u00f1or\u00edo de Montanera y<strong><em> Manuel Ruiz Rojas, representante de la Fundaci\u00f3n Caja Rural del Sur<\/em><\/strong>.<\/p>\n<p>La presentaci\u00f3n serv\u00eda adem\u00e1s para mostrar por vez primera el logo del 50 aniversario de la Semana N\u00e1utica que se celebrar\u00e1 el pr\u00f3ximo a\u00f1o. El acto finalizaba con la foto de familia junto a los s\u00edmbolos y trofeos de las regatas; el catavino de oro, santo y se\u00f1a de \u2018la decana\u2019 como se conoce a la Semana N\u00e1utica por ser la regata m\u00e1s longeva del calendario espa\u00f1ol de regatas de cruceros de alto nivel, y el busto de Juan de La Cosa.<\/p>\n<p>La semana de la Vela concentra toda la atenci\u00f3n y esfuerzo en el mar toda vez que los protocolos de protecci\u00f3n y prevenci\u00f3n frente al Coronavirus Covid-19 desaconseja cualquier actividad social, con la \u00fanica excepci\u00f3n de las tres entregas de trofeos a los ganadores de Vela Ligera y de ambas regatas de Crucero que se llevar\u00e1n a cabo en el mismo club con todas las medidas que garanticen la seguridad sanitaria.<\/p>\n<p>A\u00a0<em>4<\/em><em>9\u00aa Semana N\u00e1utica de El Puerto de Santa Mar\u00eda<\/em>\u00a0y la\u00a0<em>2<\/em><em>6\u00aa Regata Juan de La Cosa<\/em>\u00a0son pruebas organizadas por el RCN de El Puerto de Santa Mar\u00eda con la colaboraci\u00f3n de la Federaci\u00f3n Andaluza de Vela, la RFEV, el Ayuntamiento de la ciudad, la Diputaci\u00f3n de C\u00e1diz, Puerto de la Bah\u00eda de C\u00e1diz, Junta de Andaluc\u00eda y la Asociaci\u00f3n V Centenario de la Primera Vuelta al Mundo, con el patrocinio de Grupo Caballero, Fundaci\u00f3n Caja Rural del Sur, K\u00eda-Trasur, Catunamb\u00fa, Coca-Cola, Rohde Nielsen, Se\u00f1or\u00edo de Montanera, Kyocera-Coanda, Lidl, Rives, Williams&amp;Humbert, Viento Creativo, In\u00e9s Rosales, Grupo Merino, Guti\u00e9rrez Colos\u00eda, MacPherson Marine Surveyors, Frigo, Diario de C\u00e1diz, La Voz de C\u00e1diz y La Venencia, contando como en a\u00f1os anteriores con la colaboraci\u00f3n de Cruzcampo.<\/p>\n<p>&nbsp;<\/p>","protected":false},"excerpt":{"rendered":"<p>Fundaci\u00f3n Caja Rural del Sur participa como uno de los princiales patrocinadores de la 49\u00aa Semana N\u00e1utica de El Puerto de Santa Mar\u00eda que se celebra desde el\u00a0 martes 18 [&hellip;]<\/p>\n","protected":false},"author":6,"featured_media":5865,"comment_status":"closed","ping_status":"closed","sticky":false,"template":"","format":"standard","meta":{"footnotes":""},"categories":[80],"tags":[],"class_list":["post-5864","post","type-post","status-publish","format-standard","has-post-thumbnail","hentry","category-deportes"],"yoast_head":"<!-- This site is optimized with the Yoast SEO plugin v27.3 - https:\/\/yoast.com\/product\/yoast-seo-wordpress\/ -->\n<title>Participamos en la 49 Semana N\u00e1utica de Vela de El Puerto de Santa Mar\u00eda - Fundaci\u00f3n Caja Rural del Sur<\/title>\n<meta name=\"robots\" content=\"index, follow, max-snippet:-1, max-image-preview:large, max-video-preview:-1\" \/>\n<link rel=\"canonical\" href=\"https:\/\/fundacioncajaruraldelsur.com\/pt\/participamos-en-la-49-semana-nautica-de-vela-de-el-puerto-de-santa-maria\/\" \/>\n<meta property=\"og:locale\" content=\"pt_PT\" \/>\n<meta property=\"og:type\" content=\"article\" \/>\n<meta property=\"og:title\" content=\"Participamos en la 49 Semana N\u00e1utica de Vela de El Puerto de Santa Mar\u00eda - Fundaci\u00f3n Caja Rural del Sur\" \/>\n<meta property=\"og:description\" content=\"Fundaci\u00f3n Caja Rural del Sur participa como uno de los princiales patrocinadores de la 49\u00aa Semana N\u00e1utica de El Puerto de Santa Mar\u00eda que se celebra desde el\u00a0 martes 18 [&hellip;]\" \/>\n<meta property=\"og:url\" content=\"https:\/\/fundacioncajaruraldelsur.com\/pt\/participamos-en-la-49-semana-nautica-de-vela-de-el-puerto-de-santa-maria\/\" \/>\n<meta property=\"og:site_name\" content=\"Fundaci\u00f3n Caja Rural del Sur\" \/>\n<meta property=\"article:published_time\" content=\"2020-08-17T09:11:23+00:00\" \/>\n<meta property=\"article:modified_time\" content=\"2020-08-17T09:16:09+00:00\" \/>\n<meta property=\"og:image\" content=\"https:\/\/fundacioncajaruraldelsur.com\/wp-content\/uploads\/2020\/08\/Foto-de-grupo.jpg\" \/>\n\t<meta property=\"og:image:width\" content=\"961\" \/>\n\t<meta property=\"og:image:height\" content=\"586\" \/>\n\t<meta property=\"og:image:type\" content=\"image\/jpeg\" \/>\n<meta name=\"author\" content=\"Comunicaci\u00f3n\" \/>\n<meta name=\"twitter:card\" content=\"summary_large_image\" \/>\n<meta name=\"twitter:label1\" content=\"Written by\" \/>\n\t<meta name=\"twitter:data1\" content=\"Comunicaci\u00f3n\" \/>\n\t<meta name=\"twitter:label2\" content=\"Est. reading time\" \/>\n\t<meta name=\"twitter:data2\" content=\"3 minutes\" \/>\n<script type=\"application\/ld+json\" class=\"yoast-schema-graph\">{\"@context\":\"https:\\\/\\\/schema.org\",\"@graph\":[{\"@type\":\"Article\",\"@id\":\"https:\\\/\\\/fundacioncajaruraldelsur.com\\\/participamos-en-la-49-semana-nautica-de-vela-de-el-puerto-de-santa-maria\\\/#article\",\"isPartOf\":{\"@id\":\"https:\\\/\\\/fundacioncajaruraldelsur.com\\\/participamos-en-la-49-semana-nautica-de-vela-de-el-puerto-de-santa-maria\\\/\"},\"author\":{\"name\":\"Comunicaci\u00f3n\",\"@id\":\"https:\\\/\\\/fundacioncajaruraldelsur.com\\\/#\\\/schema\\\/person\\\/f430da9fb783d505ff061ad8b3d44577\"},\"headline\":\"Participamos en la 49 Semana N\u00e1utica de Vela de El Puerto de Santa Mar\u00eda\",\"datePublished\":\"2020-08-17T09:11:23+00:00\",\"dateModified\":\"2020-08-17T09:16:09+00:00\",\"mainEntityOfPage\":{\"@id\":\"https:\\\/\\\/fundacioncajaruraldelsur.com\\\/participamos-en-la-49-semana-nautica-de-vela-de-el-puerto-de-santa-maria\\\/\"},\"wordCount\":655,\"image\":{\"@id\":\"https:\\\/\\\/fundacioncajaruraldelsur.com\\\/participamos-en-la-49-semana-nautica-de-vela-de-el-puerto-de-santa-maria\\\/#primaryimage\"},\"thumbnailUrl\":\"https:\\\/\\\/fundacioncajaruraldelsur.com\\\/wp-content\\\/uploads\\\/2020\\\/08\\\/Foto-de-grupo.jpg\",\"articleSection\":[\"Deportes\"],\"inLanguage\":\"pt-PT\"},{\"@type\":\"WebPage\",\"@id\":\"https:\\\/\\\/fundacioncajaruraldelsur.com\\\/participamos-en-la-49-semana-nautica-de-vela-de-el-puerto-de-santa-maria\\\/\",\"url\":\"https:\\\/\\\/fundacioncajaruraldelsur.com\\\/participamos-en-la-49-semana-nautica-de-vela-de-el-puerto-de-santa-maria\\\/\",\"name\":\"Participamos en la 49 Semana N\u00e1utica de Vela de El Puerto de Santa Mar\u00eda - Fundaci\u00f3n Caja Rural del Sur\",\"isPartOf\":{\"@id\":\"https:\\\/\\\/fundacioncajaruraldelsur.com\\\/#website\"},\"primaryImageOfPage\":{\"@id\":\"https:\\\/\\\/fundacioncajaruraldelsur.com\\\/participamos-en-la-49-semana-nautica-de-vela-de-el-puerto-de-santa-maria\\\/#primaryimage\"},\"image\":{\"@id\":\"https:\\\/\\\/fundacioncajaruraldelsur.com\\\/participamos-en-la-49-semana-nautica-de-vela-de-el-puerto-de-santa-maria\\\/#primaryimage\"},\"thumbnailUrl\":\"https:\\\/\\\/fundacioncajaruraldelsur.com\\\/wp-content\\\/uploads\\\/2020\\\/08\\\/Foto-de-grupo.jpg\",\"datePublished\":\"2020-08-17T09:11:23+00:00\",\"dateModified\":\"2020-08-17T09:16:09+00:00\",\"author\":{\"@id\":\"https:\\\/\\\/fundacioncajaruraldelsur.com\\\/#\\\/schema\\\/person\\\/f430da9fb783d505ff061ad8b3d44577\"},\"breadcrumb\":{\"@id\":\"https:\\\/\\\/fundacioncajaruraldelsur.com\\\/participamos-en-la-49-semana-nautica-de-vela-de-el-puerto-de-santa-maria\\\/#breadcrumb\"},\"inLanguage\":\"pt-PT\",\"potentialAction\":[{\"@type\":\"ReadAction\",\"target\":[\"https:\\\/\\\/fundacioncajaruraldelsur.com\\\/participamos-en-la-49-semana-nautica-de-vela-de-el-puerto-de-santa-maria\\\/\"]}]},{\"@type\":\"ImageObject\",\"inLanguage\":\"pt-PT\",\"@id\":\"https:\\\/\\\/fundacioncajaruraldelsur.com\\\/participamos-en-la-49-semana-nautica-de-vela-de-el-puerto-de-santa-maria\\\/#primaryimage\",\"url\":\"https:\\\/\\\/fundacioncajaruraldelsur.com\\\/wp-content\\\/uploads\\\/2020\\\/08\\\/Foto-de-grupo.jpg\",\"contentUrl\":\"https:\\\/\\\/fundacioncajaruraldelsur.com\\\/wp-content\\\/uploads\\\/2020\\\/08\\\/Foto-de-grupo.jpg\",\"width\":961,\"height\":586},{\"@type\":\"BreadcrumbList\",\"@id\":\"https:\\\/\\\/fundacioncajaruraldelsur.com\\\/participamos-en-la-49-semana-nautica-de-vela-de-el-puerto-de-santa-maria\\\/#breadcrumb\",\"itemListElement\":[{\"@type\":\"ListItem\",\"position\":1,\"name\":\"Portada\",\"item\":\"https:\\\/\\\/fundacioncajaruraldelsur.com\\\/\"},{\"@type\":\"ListItem\",\"position\":2,\"name\":\"Participamos en la 49 Semana N\u00e1utica de Vela de El Puerto de Santa Mar\u00eda\"}]},{\"@type\":\"WebSite\",\"@id\":\"https:\\\/\\\/fundacioncajaruraldelsur.com\\\/#website\",\"url\":\"https:\\\/\\\/fundacioncajaruraldelsur.com\\\/\",\"name\":\"Fundaci\u00f3n Caja Rural del Sur\",\"description\":\"\",\"potentialAction\":[{\"@type\":\"SearchAction\",\"target\":{\"@type\":\"EntryPoint\",\"urlTemplate\":\"https:\\\/\\\/fundacioncajaruraldelsur.com\\\/?s={search_term_string}\"},\"query-input\":{\"@type\":\"PropertyValueSpecification\",\"valueRequired\":true,\"valueName\":\"search_term_string\"}}],\"inLanguage\":\"pt-PT\"},{\"@type\":\"Person\",\"@id\":\"https:\\\/\\\/fundacioncajaruraldelsur.com\\\/#\\\/schema\\\/person\\\/f430da9fb783d505ff061ad8b3d44577\",\"name\":\"Comunicaci\u00f3n\",\"image\":{\"@type\":\"ImageObject\",\"inLanguage\":\"pt-PT\",\"@id\":\"https:\\\/\\\/secure.gravatar.com\\\/avatar\\\/0dca239875993680bac4603ad2de7942da018f52cc3a244578e0b3b09314a8d8?s=96&d=blank&r=g\",\"url\":\"https:\\\/\\\/secure.gravatar.com\\\/avatar\\\/0dca239875993680bac4603ad2de7942da018f52cc3a244578e0b3b09314a8d8?s=96&d=blank&r=g\",\"contentUrl\":\"https:\\\/\\\/secure.gravatar.com\\\/avatar\\\/0dca239875993680bac4603ad2de7942da018f52cc3a244578e0b3b09314a8d8?s=96&d=blank&r=g\",\"caption\":\"Comunicaci\u00f3n\"}}]}<\/script>\n<!-- \/ Yoast SEO plugin. -->","yoast_head_json":{"title":"Participamos en la 49 Semana N\u00e1utica de Vela de El Puerto de Santa Mar\u00eda - Fundaci\u00f3n Caja Rural del Sur","robots":{"index":"index","follow":"follow","max-snippet":"max-snippet:-1","max-image-preview":"max-image-preview:large","max-video-preview":"max-video-preview:-1"},"canonical":"https:\/\/fundacioncajaruraldelsur.com\/pt\/participamos-en-la-49-semana-nautica-de-vela-de-el-puerto-de-santa-maria\/","og_locale":"pt_PT","og_type":"article","og_title":"Participamos en la 49 Semana N\u00e1utica de Vela de El Puerto de Santa Mar\u00eda - Fundaci\u00f3n Caja Rural del Sur","og_description":"Fundaci\u00f3n Caja Rural del Sur participa como uno de los princiales patrocinadores de la 49\u00aa Semana N\u00e1utica de El Puerto de Santa Mar\u00eda que se celebra desde el\u00a0 martes 18 [&hellip;]","og_url":"https:\/\/fundacioncajaruraldelsur.com\/pt\/participamos-en-la-49-semana-nautica-de-vela-de-el-puerto-de-santa-maria\/","og_site_name":"Fundaci\u00f3n Caja Rural del Sur","article_published_time":"2020-08-17T09:11:23+00:00","article_modified_time":"2020-08-17T09:16:09+00:00","og_image":[{"width":961,"height":586,"url":"https:\/\/fundacioncajaruraldelsur.com\/wp-content\/uploads\/2020\/08\/Foto-de-grupo.jpg","type":"image\/jpeg"}],"author":"Comunicaci\u00f3n","twitter_card":"summary_large_image","twitter_misc":{"Written by":"Comunicaci\u00f3n","Est. reading time":"3 minutes"},"schema":{"@context":"https:\/\/schema.org","@graph":[{"@type":"Article","@id":"https:\/\/fundacioncajaruraldelsur.com\/participamos-en-la-49-semana-nautica-de-vela-de-el-puerto-de-santa-maria\/#article","isPartOf":{"@id":"https:\/\/fundacioncajaruraldelsur.com\/participamos-en-la-49-semana-nautica-de-vela-de-el-puerto-de-santa-maria\/"},"author":{"name":"Comunicaci\u00f3n","@id":"https:\/\/fundacioncajaruraldelsur.com\/#\/schema\/person\/f430da9fb783d505ff061ad8b3d44577"},"headline":"Participamos en la 49 Semana N\u00e1utica de Vela de El Puerto de Santa Mar\u00eda","datePublished":"2020-08-17T09:11:23+00:00","dateModified":"2020-08-17T09:16:09+00:00","mainEntityOfPage":{"@id":"https:\/\/fundacioncajaruraldelsur.com\/participamos-en-la-49-semana-nautica-de-vela-de-el-puerto-de-santa-maria\/"},"wordCount":655,"image":{"@id":"https:\/\/fundacioncajaruraldelsur.com\/participamos-en-la-49-semana-nautica-de-vela-de-el-puerto-de-santa-maria\/#primaryimage"},"thumbnailUrl":"https:\/\/fundacioncajaruraldelsur.com\/wp-content\/uploads\/2020\/08\/Foto-de-grupo.jpg","articleSection":["Deportes"],"inLanguage":"pt-PT"},{"@type":"WebPage","@id":"https:\/\/fundacioncajaruraldelsur.com\/participamos-en-la-49-semana-nautica-de-vela-de-el-puerto-de-santa-maria\/","url":"https:\/\/fundacioncajaruraldelsur.com\/participamos-en-la-49-semana-nautica-de-vela-de-el-puerto-de-santa-maria\/","name":"Participamos en la 49 Semana N\u00e1utica de Vela de El Puerto de Santa Mar\u00eda - Fundaci\u00f3n Caja Rural del Sur","isPartOf":{"@id":"https:\/\/fundacioncajaruraldelsur.com\/#website"},"primaryImageOfPage":{"@id":"https:\/\/fundacioncajaruraldelsur.com\/participamos-en-la-49-semana-nautica-de-vela-de-el-puerto-de-santa-maria\/#primaryimage"},"image":{"@id":"https:\/\/fundacioncajaruraldelsur.com\/participamos-en-la-49-semana-nautica-de-vela-de-el-puerto-de-santa-maria\/#primaryimage"},"thumbnailUrl":"https:\/\/fundacioncajaruraldelsur.com\/wp-content\/uploads\/2020\/08\/Foto-de-grupo.jpg","datePublished":"2020-08-17T09:11:23+00:00","dateModified":"2020-08-17T09:16:09+00:00","author":{"@id":"https:\/\/fundacioncajaruraldelsur.com\/#\/schema\/person\/f430da9fb783d505ff061ad8b3d44577"},"breadcrumb":{"@id":"https:\/\/fundacioncajaruraldelsur.com\/participamos-en-la-49-semana-nautica-de-vela-de-el-puerto-de-santa-maria\/#breadcrumb"},"inLanguage":"pt-PT","potentialAction":[{"@type":"ReadAction","target":["https:\/\/fundacioncajaruraldelsur.com\/participamos-en-la-49-semana-nautica-de-vela-de-el-puerto-de-santa-maria\/"]}]},{"@type":"ImageObject","inLanguage":"pt-PT","@id":"https:\/\/fundacioncajaruraldelsur.com\/participamos-en-la-49-semana-nautica-de-vela-de-el-puerto-de-santa-maria\/#primaryimage","url":"https:\/\/fundacioncajaruraldelsur.com\/wp-content\/uploads\/2020\/08\/Foto-de-grupo.jpg","contentUrl":"https:\/\/fundacioncajaruraldelsur.com\/wp-content\/uploads\/2020\/08\/Foto-de-grupo.jpg","width":961,"height":586},{"@type":"BreadcrumbList","@id":"https:\/\/fundacioncajaruraldelsur.com\/participamos-en-la-49-semana-nautica-de-vela-de-el-puerto-de-santa-maria\/#breadcrumb","itemListElement":[{"@type":"ListItem","position":1,"name":"Portada","item":"https:\/\/fundacioncajaruraldelsur.com\/"},{"@type":"ListItem","position":2,"name":"Participamos en la 49 Semana N\u00e1utica de Vela de El Puerto de Santa Mar\u00eda"}]},{"@type":"WebSite","@id":"https:\/\/fundacioncajaruraldelsur.com\/#website","url":"https:\/\/fundacioncajaruraldelsur.com\/","name":"Funda\u00e7\u00e3o Caja Rural del Sur","description":"","potentialAction":[{"@type":"SearchAction","target":{"@type":"EntryPoint","urlTemplate":"https:\/\/fundacioncajaruraldelsur.com\/?s={search_term_string}"},"query-input":{"@type":"PropertyValueSpecification","valueRequired":true,"valueName":"search_term_string"}}],"inLanguage":"pt-PT"},{"@type":"Person","@id":"https:\/\/fundacioncajaruraldelsur.com\/#\/schema\/person\/f430da9fb783d505ff061ad8b3d44577","name":"Comunicaci\u00f3n","image":{"@type":"ImageObject","inLanguage":"pt-PT","@id":"https:\/\/secure.gravatar.com\/avatar\/0dca239875993680bac4603ad2de7942da018f52cc3a244578e0b3b09314a8d8?s=96&d=blank&r=g","url":"https:\/\/secure.gravatar.com\/avatar\/0dca239875993680bac4603ad2de7942da018f52cc3a244578e0b3b09314a8d8?s=96&d=blank&r=g","contentUrl":"https:\/\/secure.gravatar.com\/avatar\/0dca239875993680bac4603ad2de7942da018f52cc3a244578e0b3b09314a8d8?s=96&d=blank&r=g","caption":"Comunicaci\u00f3n"}}]}},"rttpg_featured_image_url":{"full":["https:\/\/fundacioncajaruraldelsur.com\/wp-content\/uploads\/2020\/08\/Foto-de-grupo.jpg",961,586,false],"landscape":["https:\/\/fundacioncajaruraldelsur.com\/wp-content\/uploads\/2020\/08\/Foto-de-grupo.jpg",961,586,false],"portraits":["https:\/\/fundacioncajaruraldelsur.com\/wp-content\/uploads\/2020\/08\/Foto-de-grupo.jpg",961,586,false],"thumbnail":["https:\/\/fundacioncajaruraldelsur.com\/wp-content\/uploads\/2020\/08\/Foto-de-grupo-150x150.jpg",150,150,true],"medium":["https:\/\/fundacioncajaruraldelsur.com\/wp-content\/uploads\/2020\/08\/Foto-de-grupo-300x183.jpg",300,183,true],"large":["https:\/\/fundacioncajaruraldelsur.com\/wp-content\/uploads\/2020\/08\/Foto-de-grupo.jpg",960,585,false],"1536x1536":["https:\/\/fundacioncajaruraldelsur.com\/wp-content\/uploads\/2020\/08\/Foto-de-grupo.jpg",961,586,false],"2048x2048":["https:\/\/fundacioncajaruraldelsur.com\/wp-content\/uploads\/2020\/08\/Foto-de-grupo.jpg",961,586,false],"trp-custom-language-flag":["https:\/\/fundacioncajaruraldelsur.com\/wp-content\/uploads\/2020\/08\/Foto-de-grupo.jpg",18,12,false],"blog-thumbnail":["https:\/\/fundacioncajaruraldelsur.com\/wp-content\/uploads\/2020\/08\/Foto-de-grupo-400x200.jpg",400,200,true]},"rttpg_author":{"display_name":"Comunicaci\u00f3n","author_link":"https:\/\/fundacioncajaruraldelsur.com\/pt\/author\/sevillaadmin\/"},"rttpg_comment":0,"rttpg_category":"<a href=\"https:\/\/fundacioncajaruraldelsur.com\/pt\/category\/deportes\/\" rel=\"category tag\">Deportes<\/a>","rttpg_excerpt":"Fundaci\u00f3n Caja Rural del Sur participa como uno de los princiales patrocinadores de la 49\u00aa Semana N\u00e1utica de El Puerto de Santa Mar\u00eda que se celebra desde el\u00a0 martes 18 [&hellip;]","_links":{"self":[{"href":"https:\/\/fundacioncajaruraldelsur.com\/pt\/wp-json\/wp\/v2\/posts\/5864","targetHints":{"allow":["GET"]}}],"collection":[{"href":"https:\/\/fundacioncajaruraldelsur.com\/pt\/wp-json\/wp\/v2\/posts"}],"about":[{"href":"https:\/\/fundacioncajaruraldelsur.com\/pt\/wp-json\/wp\/v2\/types\/post"}],"author":[{"embeddable":true,"href":"https:\/\/fundacioncajaruraldelsur.com\/pt\/wp-json\/wp\/v2\/users\/6"}],"replies":[{"embeddable":true,"href":"https:\/\/fundacioncajaruraldelsur.com\/pt\/wp-json\/wp\/v2\/comments?post=5864"}],"version-history":[{"count":3,"href":"https:\/\/fundacioncajaruraldelsur.com\/pt\/wp-json\/wp\/v2\/posts\/5864\/revisions"}],"predecessor-version":[{"id":5868,"href":"https:\/\/fundacioncajaruraldelsur.com\/pt\/wp-json\/wp\/v2\/posts\/5864\/revisions\/5868"}],"wp:featuredmedia":[{"embeddable":true,"href":"https:\/\/fundacioncajaruraldelsur.com\/pt\/wp-json\/wp\/v2\/media\/5865"}],"wp:attachment":[{"href":"https:\/\/fundacioncajaruraldelsur.com\/pt\/wp-json\/wp\/v2\/media?parent=5864"}],"wp:term":[{"taxonomy":"category","embeddable":true,"href":"https:\/\/fundacioncajaruraldelsur.com\/pt\/wp-json\/wp\/v2\/categories?post=5864"},{"taxonomy":"post_tag","embeddable":true,"href":"https:\/\/fundacioncajaruraldelsur.com\/pt\/wp-json\/wp\/v2\/tags?post=5864"}],"curies":[{"name":"wp","href":"https:\/\/api.w.org\/{rel}","templated":true}]}}