{"id":5781,"date":"2020-06-19T14:40:02","date_gmt":"2020-06-19T12:40:02","guid":{"rendered":"\/?p=5781"},"modified":"2020-06-19T14:40:02","modified_gmt":"2020-06-19T12:40:02","slug":"sumamos-fuerzas-con-asaja-huelva-para-dinamizar-al-sector-agrario","status":"publish","type":"post","link":"https:\/\/fundacioncajaruraldelsur.com\/pt\/sumamos-fuerzas-con-asaja-huelva-para-dinamizar-al-sector-agrario\/","title":{"rendered":"Sumamos fuerzas con Asaja Huelva para dinamizar al sector agrario"},"content":{"rendered":"<p>Fundaci\u00f3n Caja Rural del Sur y de Asaja-Huelva han renovado el convenio de colaboraci\u00f3n que a lo largo de los \u00faltimos a\u00f1os vienen manteniendo, con el fin de sumar fuerzas y dinamizar el sector agrario de esta provincia a lo largo de este a\u00f1o 2020.<\/p>\n<p>El objetivo es avanzar en esta colaboraci\u00f3n con un amplio programa de actividades de diverso car\u00e1cter, llevadas a cabo por Asaja-Huelva, cuya principal finalidad es el fomento de la agricultura, la ganader\u00eda y sector forestal de la provincia de Huelva. El acuerdo ha sido firmado por el director de la Fundaci\u00f3n, Emilio Ponce, y el gerente de Asaja-Huelva, Jos\u00e9 Luis Mar\u00edn.<\/p>\n<p>El director de Fundaci\u00f3n Caja Rural del Sur, Emilio Ponce, subray\u00f3 que \u201cambas organizaciones comparten objetivos comunes como son apoyar la mejora del \u00e1mbito agrario y de sus profesionales, y por ello en especial en los tiempos que vivimos es fundamental profundizar mediante esta colaboraci\u00f3n en la modernizaci\u00f3n del sector y el desarrollo rural\u201d.<\/p>\n<p>Por su parte, el gerente de Asaja Huelva, Jos\u00e9 Luis Mar\u00edn, expres\u00f3 su satisfacci\u00f3n por la renovaci\u00f3n del convenio con Caja Rural del Sur ya que son muchos los retos que esta organizaci\u00f3n afronta, entre ellos, la adaptaci\u00f3n del sector a los avances de la econom\u00eda y de la empresa entre ellos la globalizaci\u00f3n y un nuevo escenario en el que se requiere ser m\u00e1s competitivo y profesional para hacer un sector m\u00e1s fuerte ante los retos venideros\u201d.<\/p>","protected":false},"excerpt":{"rendered":"<p>Fundaci\u00f3n Caja Rural del Sur y de Asaja-Huelva han renovado el convenio de colaboraci\u00f3n que a lo largo de los \u00faltimos a\u00f1os vienen manteniendo, con el fin de sumar fuerzas [&hellip;]<\/p>\n","protected":false},"author":6,"featured_media":5782,"comment_status":"closed","ping_status":"closed","sticky":false,"template":"","format":"standard","meta":{"footnotes":""},"categories":[67],"tags":[],"class_list":["post-5781","post","type-post","status-publish","format-standard","has-post-thumbnail","hentry","category-convenios"],"yoast_head":"<!-- This site is optimized with the Yoast SEO plugin v27.3 - https:\/\/yoast.com\/product\/yoast-seo-wordpress\/ -->\n<title>Sumamos fuerzas con Asaja Huelva para dinamizar al sector agrario - Fundaci\u00f3n Caja Rural del Sur<\/title>\n<meta name=\"robots\" content=\"index, follow, max-snippet:-1, max-image-preview:large, max-video-preview:-1\" \/>\n<link rel=\"canonical\" href=\"https:\/\/fundacioncajaruraldelsur.com\/pt\/sumamos-fuerzas-con-asaja-huelva-para-dinamizar-al-sector-agrario\/\" \/>\n<meta property=\"og:locale\" content=\"pt_PT\" \/>\n<meta property=\"og:type\" content=\"article\" \/>\n<meta property=\"og:title\" content=\"Sumamos fuerzas con Asaja Huelva para dinamizar al sector agrario - Fundaci\u00f3n Caja Rural del Sur\" \/>\n<meta property=\"og:description\" content=\"Fundaci\u00f3n Caja Rural del Sur y de Asaja-Huelva han renovado el convenio de colaboraci\u00f3n que a lo largo de los \u00faltimos a\u00f1os vienen manteniendo, con el fin de sumar fuerzas [&hellip;]\" \/>\n<meta property=\"og:url\" content=\"https:\/\/fundacioncajaruraldelsur.com\/pt\/sumamos-fuerzas-con-asaja-huelva-para-dinamizar-al-sector-agrario\/\" \/>\n<meta property=\"og:site_name\" content=\"Fundaci\u00f3n Caja Rural del Sur\" \/>\n<meta property=\"article:published_time\" content=\"2020-06-19T12:40:02+00:00\" \/>\n<meta property=\"og:image\" content=\"https:\/\/fundacioncajaruraldelsur.com\/wp-content\/uploads\/2020\/06\/200619.-Firma-del-convenio-Fundaci\u00f3n-Caja-Rural-del-Sur-y-Asaja-Huelva.-1024x768.jpg\" \/>\n\t<meta property=\"og:image:width\" content=\"1024\" \/>\n\t<meta property=\"og:image:height\" content=\"768\" \/>\n\t<meta property=\"og:image:type\" content=\"image\/jpeg\" \/>\n<meta name=\"author\" content=\"Comunicaci\u00f3n\" \/>\n<meta name=\"twitter:card\" content=\"summary_large_image\" \/>\n<meta name=\"twitter:label1\" content=\"Written by\" \/>\n\t<meta name=\"twitter:data1\" content=\"Comunicaci\u00f3n\" \/>\n\t<meta name=\"twitter:label2\" content=\"Est. reading time\" \/>\n\t<meta name=\"twitter:data2\" content=\"1 minute\" \/>\n<script type=\"application\/ld+json\" class=\"yoast-schema-graph\">{\"@context\":\"https:\\\/\\\/schema.org\",\"@graph\":[{\"@type\":\"Article\",\"@id\":\"https:\\\/\\\/fundacioncajaruraldelsur.com\\\/sumamos-fuerzas-con-asaja-huelva-para-dinamizar-al-sector-agrario\\\/#article\",\"isPartOf\":{\"@id\":\"https:\\\/\\\/fundacioncajaruraldelsur.com\\\/sumamos-fuerzas-con-asaja-huelva-para-dinamizar-al-sector-agrario\\\/\"},\"author\":{\"name\":\"Comunicaci\u00f3n\",\"@id\":\"https:\\\/\\\/fundacioncajaruraldelsur.com\\\/#\\\/schema\\\/person\\\/f430da9fb783d505ff061ad8b3d44577\"},\"headline\":\"Sumamos fuerzas con Asaja Huelva para dinamizar al sector agrario\",\"datePublished\":\"2020-06-19T12:40:02+00:00\",\"mainEntityOfPage\":{\"@id\":\"https:\\\/\\\/fundacioncajaruraldelsur.com\\\/sumamos-fuerzas-con-asaja-huelva-para-dinamizar-al-sector-agrario\\\/\"},\"wordCount\":268,\"image\":{\"@id\":\"https:\\\/\\\/fundacioncajaruraldelsur.com\\\/sumamos-fuerzas-con-asaja-huelva-para-dinamizar-al-sector-agrario\\\/#primaryimage\"},\"thumbnailUrl\":\"https:\\\/\\\/fundacioncajaruraldelsur.com\\\/wp-content\\\/uploads\\\/2020\\\/06\\\/200619.-Firma-del-convenio-Fundaci\u00f3n-Caja-Rural-del-Sur-y-Asaja-Huelva..jpg\",\"articleSection\":[\"Convenios\"],\"inLanguage\":\"pt-PT\"},{\"@type\":\"WebPage\",\"@id\":\"https:\\\/\\\/fundacioncajaruraldelsur.com\\\/sumamos-fuerzas-con-asaja-huelva-para-dinamizar-al-sector-agrario\\\/\",\"url\":\"https:\\\/\\\/fundacioncajaruraldelsur.com\\\/sumamos-fuerzas-con-asaja-huelva-para-dinamizar-al-sector-agrario\\\/\",\"name\":\"Sumamos fuerzas con Asaja Huelva para dinamizar al sector agrario - Fundaci\u00f3n Caja Rural del Sur\",\"isPartOf\":{\"@id\":\"https:\\\/\\\/fundacioncajaruraldelsur.com\\\/#website\"},\"primaryImageOfPage\":{\"@id\":\"https:\\\/\\\/fundacioncajaruraldelsur.com\\\/sumamos-fuerzas-con-asaja-huelva-para-dinamizar-al-sector-agrario\\\/#primaryimage\"},\"image\":{\"@id\":\"https:\\\/\\\/fundacioncajaruraldelsur.com\\\/sumamos-fuerzas-con-asaja-huelva-para-dinamizar-al-sector-agrario\\\/#primaryimage\"},\"thumbnailUrl\":\"https:\\\/\\\/fundacioncajaruraldelsur.com\\\/wp-content\\\/uploads\\\/2020\\\/06\\\/200619.-Firma-del-convenio-Fundaci\u00f3n-Caja-Rural-del-Sur-y-Asaja-Huelva..jpg\",\"datePublished\":\"2020-06-19T12:40:02+00:00\",\"author\":{\"@id\":\"https:\\\/\\\/fundacioncajaruraldelsur.com\\\/#\\\/schema\\\/person\\\/f430da9fb783d505ff061ad8b3d44577\"},\"breadcrumb\":{\"@id\":\"https:\\\/\\\/fundacioncajaruraldelsur.com\\\/sumamos-fuerzas-con-asaja-huelva-para-dinamizar-al-sector-agrario\\\/#breadcrumb\"},\"inLanguage\":\"pt-PT\",\"potentialAction\":[{\"@type\":\"ReadAction\",\"target\":[\"https:\\\/\\\/fundacioncajaruraldelsur.com\\\/sumamos-fuerzas-con-asaja-huelva-para-dinamizar-al-sector-agrario\\\/\"]}]},{\"@type\":\"ImageObject\",\"inLanguage\":\"pt-PT\",\"@id\":\"https:\\\/\\\/fundacioncajaruraldelsur.com\\\/sumamos-fuerzas-con-asaja-huelva-para-dinamizar-al-sector-agrario\\\/#primaryimage\",\"url\":\"https:\\\/\\\/fundacioncajaruraldelsur.com\\\/wp-content\\\/uploads\\\/2020\\\/06\\\/200619.-Firma-del-convenio-Fundaci\u00f3n-Caja-Rural-del-Sur-y-Asaja-Huelva..jpg\",\"contentUrl\":\"https:\\\/\\\/fundacioncajaruraldelsur.com\\\/wp-content\\\/uploads\\\/2020\\\/06\\\/200619.-Firma-del-convenio-Fundaci\u00f3n-Caja-Rural-del-Sur-y-Asaja-Huelva..jpg\",\"width\":4032,\"height\":3024},{\"@type\":\"BreadcrumbList\",\"@id\":\"https:\\\/\\\/fundacioncajaruraldelsur.com\\\/sumamos-fuerzas-con-asaja-huelva-para-dinamizar-al-sector-agrario\\\/#breadcrumb\",\"itemListElement\":[{\"@type\":\"ListItem\",\"position\":1,\"name\":\"Portada\",\"item\":\"https:\\\/\\\/fundacioncajaruraldelsur.com\\\/\"},{\"@type\":\"ListItem\",\"position\":2,\"name\":\"Sumamos fuerzas con Asaja Huelva para dinamizar al sector agrario\"}]},{\"@type\":\"WebSite\",\"@id\":\"https:\\\/\\\/fundacioncajaruraldelsur.com\\\/#website\",\"url\":\"https:\\\/\\\/fundacioncajaruraldelsur.com\\\/\",\"name\":\"Fundaci\u00f3n Caja Rural del Sur\",\"description\":\"\",\"potentialAction\":[{\"@type\":\"SearchAction\",\"target\":{\"@type\":\"EntryPoint\",\"urlTemplate\":\"https:\\\/\\\/fundacioncajaruraldelsur.com\\\/?s={search_term_string}\"},\"query-input\":{\"@type\":\"PropertyValueSpecification\",\"valueRequired\":true,\"valueName\":\"search_term_string\"}}],\"inLanguage\":\"pt-PT\"},{\"@type\":\"Person\",\"@id\":\"https:\\\/\\\/fundacioncajaruraldelsur.com\\\/#\\\/schema\\\/person\\\/f430da9fb783d505ff061ad8b3d44577\",\"name\":\"Comunicaci\u00f3n\",\"image\":{\"@type\":\"ImageObject\",\"inLanguage\":\"pt-PT\",\"@id\":\"https:\\\/\\\/secure.gravatar.com\\\/avatar\\\/0dca239875993680bac4603ad2de7942da018f52cc3a244578e0b3b09314a8d8?s=96&d=blank&r=g\",\"url\":\"https:\\\/\\\/secure.gravatar.com\\\/avatar\\\/0dca239875993680bac4603ad2de7942da018f52cc3a244578e0b3b09314a8d8?s=96&d=blank&r=g\",\"contentUrl\":\"https:\\\/\\\/secure.gravatar.com\\\/avatar\\\/0dca239875993680bac4603ad2de7942da018f52cc3a244578e0b3b09314a8d8?s=96&d=blank&r=g\",\"caption\":\"Comunicaci\u00f3n\"}}]}<\/script>\n<!-- \/ Yoast SEO plugin. -->","yoast_head_json":{"title":"Sumamos fuerzas con Asaja Huelva para dinamizar al sector agrario - Fundaci\u00f3n Caja Rural del Sur","robots":{"index":"index","follow":"follow","max-snippet":"max-snippet:-1","max-image-preview":"max-image-preview:large","max-video-preview":"max-video-preview:-1"},"canonical":"https:\/\/fundacioncajaruraldelsur.com\/pt\/sumamos-fuerzas-con-asaja-huelva-para-dinamizar-al-sector-agrario\/","og_locale":"pt_PT","og_type":"article","og_title":"Sumamos fuerzas con Asaja Huelva para dinamizar al sector agrario - Fundaci\u00f3n Caja Rural del Sur","og_description":"Fundaci\u00f3n Caja Rural del Sur y de Asaja-Huelva han renovado el convenio de colaboraci\u00f3n que a lo largo de los \u00faltimos a\u00f1os vienen manteniendo, con el fin de sumar fuerzas [&hellip;]","og_url":"https:\/\/fundacioncajaruraldelsur.com\/pt\/sumamos-fuerzas-con-asaja-huelva-para-dinamizar-al-sector-agrario\/","og_site_name":"Fundaci\u00f3n Caja Rural del Sur","article_published_time":"2020-06-19T12:40:02+00:00","og_image":[{"width":1024,"height":768,"url":"https:\/\/fundacioncajaruraldelsur.com\/wp-content\/uploads\/2020\/06\/200619.-Firma-del-convenio-Fundaci\u00f3n-Caja-Rural-del-Sur-y-Asaja-Huelva.-1024x768.jpg","type":"image\/jpeg"}],"author":"Comunicaci\u00f3n","twitter_card":"summary_large_image","twitter_misc":{"Written by":"Comunicaci\u00f3n","Est. reading time":"1 minute"},"schema":{"@context":"https:\/\/schema.org","@graph":[{"@type":"Article","@id":"https:\/\/fundacioncajaruraldelsur.com\/sumamos-fuerzas-con-asaja-huelva-para-dinamizar-al-sector-agrario\/#article","isPartOf":{"@id":"https:\/\/fundacioncajaruraldelsur.com\/sumamos-fuerzas-con-asaja-huelva-para-dinamizar-al-sector-agrario\/"},"author":{"name":"Comunicaci\u00f3n","@id":"https:\/\/fundacioncajaruraldelsur.com\/#\/schema\/person\/f430da9fb783d505ff061ad8b3d44577"},"headline":"Sumamos fuerzas con Asaja Huelva para dinamizar al sector agrario","datePublished":"2020-06-19T12:40:02+00:00","mainEntityOfPage":{"@id":"https:\/\/fundacioncajaruraldelsur.com\/sumamos-fuerzas-con-asaja-huelva-para-dinamizar-al-sector-agrario\/"},"wordCount":268,"image":{"@id":"https:\/\/fundacioncajaruraldelsur.com\/sumamos-fuerzas-con-asaja-huelva-para-dinamizar-al-sector-agrario\/#primaryimage"},"thumbnailUrl":"https:\/\/fundacioncajaruraldelsur.com\/wp-content\/uploads\/2020\/06\/200619.-Firma-del-convenio-Fundaci\u00f3n-Caja-Rural-del-Sur-y-Asaja-Huelva..jpg","articleSection":["Convenios"],"inLanguage":"pt-PT"},{"@type":"WebPage","@id":"https:\/\/fundacioncajaruraldelsur.com\/sumamos-fuerzas-con-asaja-huelva-para-dinamizar-al-sector-agrario\/","url":"https:\/\/fundacioncajaruraldelsur.com\/sumamos-fuerzas-con-asaja-huelva-para-dinamizar-al-sector-agrario\/","name":"Sumamos fuerzas con Asaja Huelva para dinamizar al sector agrario - Fundaci\u00f3n Caja Rural del Sur","isPartOf":{"@id":"https:\/\/fundacioncajaruraldelsur.com\/#website"},"primaryImageOfPage":{"@id":"https:\/\/fundacioncajaruraldelsur.com\/sumamos-fuerzas-con-asaja-huelva-para-dinamizar-al-sector-agrario\/#primaryimage"},"image":{"@id":"https:\/\/fundacioncajaruraldelsur.com\/sumamos-fuerzas-con-asaja-huelva-para-dinamizar-al-sector-agrario\/#primaryimage"},"thumbnailUrl":"https:\/\/fundacioncajaruraldelsur.com\/wp-content\/uploads\/2020\/06\/200619.-Firma-del-convenio-Fundaci\u00f3n-Caja-Rural-del-Sur-y-Asaja-Huelva..jpg","datePublished":"2020-06-19T12:40:02+00:00","author":{"@id":"https:\/\/fundacioncajaruraldelsur.com\/#\/schema\/person\/f430da9fb783d505ff061ad8b3d44577"},"breadcrumb":{"@id":"https:\/\/fundacioncajaruraldelsur.com\/sumamos-fuerzas-con-asaja-huelva-para-dinamizar-al-sector-agrario\/#breadcrumb"},"inLanguage":"pt-PT","potentialAction":[{"@type":"ReadAction","target":["https:\/\/fundacioncajaruraldelsur.com\/sumamos-fuerzas-con-asaja-huelva-para-dinamizar-al-sector-agrario\/"]}]},{"@type":"ImageObject","inLanguage":"pt-PT","@id":"https:\/\/fundacioncajaruraldelsur.com\/sumamos-fuerzas-con-asaja-huelva-para-dinamizar-al-sector-agrario\/#primaryimage","url":"https:\/\/fundacioncajaruraldelsur.com\/wp-content\/uploads\/2020\/06\/200619.-Firma-del-convenio-Fundaci\u00f3n-Caja-Rural-del-Sur-y-Asaja-Huelva..jpg","contentUrl":"https:\/\/fundacioncajaruraldelsur.com\/wp-content\/uploads\/2020\/06\/200619.-Firma-del-convenio-Fundaci\u00f3n-Caja-Rural-del-Sur-y-Asaja-Huelva..jpg","width":4032,"height":3024},{"@type":"BreadcrumbList","@id":"https:\/\/fundacioncajaruraldelsur.com\/sumamos-fuerzas-con-asaja-huelva-para-dinamizar-al-sector-agrario\/#breadcrumb","itemListElement":[{"@type":"ListItem","position":1,"name":"Portada","item":"https:\/\/fundacioncajaruraldelsur.com\/"},{"@type":"ListItem","position":2,"name":"Sumamos fuerzas con Asaja Huelva para dinamizar al sector agrario"}]},{"@type":"WebSite","@id":"https:\/\/fundacioncajaruraldelsur.com\/#website","url":"https:\/\/fundacioncajaruraldelsur.com\/","name":"Funda\u00e7\u00e3o Caja Rural del Sur","description":"","potentialAction":[{"@type":"SearchAction","target":{"@type":"EntryPoint","urlTemplate":"https:\/\/fundacioncajaruraldelsur.com\/?s={search_term_string}"},"query-input":{"@type":"PropertyValueSpecification","valueRequired":true,"valueName":"search_term_string"}}],"inLanguage":"pt-PT"},{"@type":"Person","@id":"https:\/\/fundacioncajaruraldelsur.com\/#\/schema\/person\/f430da9fb783d505ff061ad8b3d44577","name":"Comunicaci\u00f3n","image":{"@type":"ImageObject","inLanguage":"pt-PT","@id":"https:\/\/secure.gravatar.com\/avatar\/0dca239875993680bac4603ad2de7942da018f52cc3a244578e0b3b09314a8d8?s=96&d=blank&r=g","url":"https:\/\/secure.gravatar.com\/avatar\/0dca239875993680bac4603ad2de7942da018f52cc3a244578e0b3b09314a8d8?s=96&d=blank&r=g","contentUrl":"https:\/\/secure.gravatar.com\/avatar\/0dca239875993680bac4603ad2de7942da018f52cc3a244578e0b3b09314a8d8?s=96&d=blank&r=g","caption":"Comunicaci\u00f3n"}}]}},"rttpg_featured_image_url":{"full":["https:\/\/fundacioncajaruraldelsur.com\/wp-content\/uploads\/2020\/06\/200619.-Firma-del-convenio-Fundaci\u00f3n-Caja-Rural-del-Sur-y-Asaja-Huelva..jpg",4032,3024,false],"landscape":["https:\/\/fundacioncajaruraldelsur.com\/wp-content\/uploads\/2020\/06\/200619.-Firma-del-convenio-Fundaci\u00f3n-Caja-Rural-del-Sur-y-Asaja-Huelva..jpg",4032,3024,false],"portraits":["https:\/\/fundacioncajaruraldelsur.com\/wp-content\/uploads\/2020\/06\/200619.-Firma-del-convenio-Fundaci\u00f3n-Caja-Rural-del-Sur-y-Asaja-Huelva..jpg",4032,3024,false],"thumbnail":["https:\/\/fundacioncajaruraldelsur.com\/wp-content\/uploads\/2020\/06\/200619.-Firma-del-convenio-Fundaci\u00f3n-Caja-Rural-del-Sur-y-Asaja-Huelva.-150x150.jpg",150,150,true],"medium":["https:\/\/fundacioncajaruraldelsur.com\/wp-content\/uploads\/2020\/06\/200619.-Firma-del-convenio-Fundaci\u00f3n-Caja-Rural-del-Sur-y-Asaja-Huelva.-300x225.jpg",300,225,true],"large":["https:\/\/fundacioncajaruraldelsur.com\/wp-content\/uploads\/2020\/06\/200619.-Firma-del-convenio-Fundaci\u00f3n-Caja-Rural-del-Sur-y-Asaja-Huelva.-1024x768.jpg",960,720,true],"1536x1536":["https:\/\/fundacioncajaruraldelsur.com\/wp-content\/uploads\/2020\/06\/200619.-Firma-del-convenio-Fundaci\u00f3n-Caja-Rural-del-Sur-y-Asaja-Huelva..jpg",1536,1152,false],"2048x2048":["https:\/\/fundacioncajaruraldelsur.com\/wp-content\/uploads\/2020\/06\/200619.-Firma-del-convenio-Fundaci\u00f3n-Caja-Rural-del-Sur-y-Asaja-Huelva..jpg",2048,1536,false],"trp-custom-language-flag":["https:\/\/fundacioncajaruraldelsur.com\/wp-content\/uploads\/2020\/06\/200619.-Firma-del-convenio-Fundaci\u00f3n-Caja-Rural-del-Sur-y-Asaja-Huelva..jpg",16,12,false],"blog-thumbnail":["https:\/\/fundacioncajaruraldelsur.com\/wp-content\/uploads\/2020\/06\/200619.-Firma-del-convenio-Fundaci\u00f3n-Caja-Rural-del-Sur-y-Asaja-Huelva.-400x200.jpg",400,200,true]},"rttpg_author":{"display_name":"Comunicaci\u00f3n","author_link":"https:\/\/fundacioncajaruraldelsur.com\/pt\/author\/sevillaadmin\/"},"rttpg_comment":0,"rttpg_category":"<a href=\"https:\/\/fundacioncajaruraldelsur.com\/pt\/category\/convenios\/\" rel=\"category tag\">Convenios<\/a>","rttpg_excerpt":"Fundaci\u00f3n Caja Rural del Sur y de Asaja-Huelva han renovado el convenio de colaboraci\u00f3n que a lo largo de los \u00faltimos a\u00f1os vienen manteniendo, con el fin de sumar fuerzas [&hellip;]","_links":{"self":[{"href":"https:\/\/fundacioncajaruraldelsur.com\/pt\/wp-json\/wp\/v2\/posts\/5781","targetHints":{"allow":["GET"]}}],"collection":[{"href":"https:\/\/fundacioncajaruraldelsur.com\/pt\/wp-json\/wp\/v2\/posts"}],"about":[{"href":"https:\/\/fundacioncajaruraldelsur.com\/pt\/wp-json\/wp\/v2\/types\/post"}],"author":[{"embeddable":true,"href":"https:\/\/fundacioncajaruraldelsur.com\/pt\/wp-json\/wp\/v2\/users\/6"}],"replies":[{"embeddable":true,"href":"https:\/\/fundacioncajaruraldelsur.com\/pt\/wp-json\/wp\/v2\/comments?post=5781"}],"version-history":[{"count":1,"href":"https:\/\/fundacioncajaruraldelsur.com\/pt\/wp-json\/wp\/v2\/posts\/5781\/revisions"}],"predecessor-version":[{"id":5783,"href":"https:\/\/fundacioncajaruraldelsur.com\/pt\/wp-json\/wp\/v2\/posts\/5781\/revisions\/5783"}],"wp:featuredmedia":[{"embeddable":true,"href":"https:\/\/fundacioncajaruraldelsur.com\/pt\/wp-json\/wp\/v2\/media\/5782"}],"wp:attachment":[{"href":"https:\/\/fundacioncajaruraldelsur.com\/pt\/wp-json\/wp\/v2\/media?parent=5781"}],"wp:term":[{"taxonomy":"category","embeddable":true,"href":"https:\/\/fundacioncajaruraldelsur.com\/pt\/wp-json\/wp\/v2\/categories?post=5781"},{"taxonomy":"post_tag","embeddable":true,"href":"https:\/\/fundacioncajaruraldelsur.com\/pt\/wp-json\/wp\/v2\/tags?post=5781"}],"curies":[{"name":"wp","href":"https:\/\/api.w.org\/{rel}","templated":true}]}}