{"id":5763,"date":"2020-06-18T09:47:35","date_gmt":"2020-06-18T07:47:35","guid":{"rendered":"\/?p=5763"},"modified":"2020-06-18T09:49:38","modified_gmt":"2020-06-18T07:49:38","slug":"alianza-de-la-fundacion-caja-rural-del-sur-con-las-cooperativas-de-huelva","status":"publish","type":"post","link":"https:\/\/fundacioncajaruraldelsur.com\/pt\/alianza-de-la-fundacion-caja-rural-del-sur-con-las-cooperativas-de-huelva\/","title":{"rendered":"Alianza con la organizaci\u00f3n Cooperativas Agro-alimentarias de Huelva"},"content":{"rendered":"<p>La Fundaci\u00f3n Caja Rural del Sur y Cooperativas Agro-alimentarias de Huelva continuar\u00e1n colaborando durante este a\u00f1o en el desarrollo de actividades destinadas a fomentar el desarrollo econ\u00f3mico del sector agroalimentario andaluz.<\/p>\n<p>Con la renovaci\u00f3n de este convenio, Fundaci\u00f3n Caja Rural del Sur continuar\u00e1 respaldando los intereses de las cooperativas agroalimentarias, con el fin de que este sector cooperativo \u00abcrezca y se dimensione de forma adecuada a la evoluci\u00f3n de la econom\u00eda con el objeto de ser capaz de posicionar los productos andaluces de calidad en el mercado en unas circunstancias especiales\u00bb.<\/p>\n<p>El convenio ha sido firmado por el director de la Fundaci\u00f3n, Emilio Ponce, y la gerente de Cooperativas en Huelva, Natalia Aguilera.<\/p>\n<p>Tal y como ha indicado Emilio Ponce, este convenio es muestra del \u00abfuerte compromiso\u00bb de la entidad y su Fundaci\u00f3n con el sector agroalimentario y cooperativo que \u00abes hoy, m\u00e1s que nunca, muy necesario para la econom\u00eda andaluza y supone un pilar fundamental para el cooperativismo en Huelva\u00bb.<\/p>\n<p>En la actualidad, Cooperativas Agro-alimentarias de Huelva est\u00e1 integrada en la de Andaluc\u00eda, que agrupa a la pr\u00e1ctica totalidad de las cooperativas agroindustriales de la regi\u00f3n con cerca de 700 empresas, que aglutinan a su vez a cerca de 300.000 socios agricultores y ganaderos, sumando m\u00e1s de 6.300 millones de euros de facturaci\u00f3n. Las entidades asociadas a Cooperativas Agro-alimentarias representan m\u00e1s del 50% de la producci\u00f3n agraria regional, si bien en sectores como el aceite de oliva este porcentaje supera el 70 por ciento.<\/p>\n<p>Desde Cooperativas Agro-alimentarias de Huelva han valorado de forma \u00abmuy positiva\u00bb este convenio que contribuye a que el sector cooperativo siga avanzando para ganar cada d\u00eda \u00abm\u00e1s dimensi\u00f3n, rentabilidad y competitividad, favoreciendo no s\u00f3lo a las empresas sino tambi\u00e9n a las explotaciones de los socios\u00bb. Para ello, la formaci\u00f3n y los servicios financieros ocupan \u00abun lugar relevante\u00bb.<\/p>","protected":false},"excerpt":{"rendered":"<p>La Fundaci\u00f3n Caja Rural del Sur y Cooperativas Agro-alimentarias de Huelva continuar\u00e1n colaborando durante este a\u00f1o en el desarrollo de actividades destinadas a fomentar el desarrollo econ\u00f3mico del sector agroalimentario [&hellip;]<\/p>\n","protected":false},"author":6,"featured_media":5764,"comment_status":"closed","ping_status":"closed","sticky":false,"template":"","format":"standard","meta":{"footnotes":""},"categories":[67],"tags":[],"class_list":["post-5763","post","type-post","status-publish","format-standard","has-post-thumbnail","hentry","category-convenios"],"yoast_head":"<!-- This site is optimized with the Yoast SEO plugin v27.3 - https:\/\/yoast.com\/product\/yoast-seo-wordpress\/ -->\n<title>Alianza con la organizaci\u00f3n Cooperativas Agro-alimentarias de Huelva - Fundaci\u00f3n Caja Rural del Sur<\/title>\n<meta name=\"robots\" content=\"index, follow, max-snippet:-1, max-image-preview:large, max-video-preview:-1\" \/>\n<link rel=\"canonical\" href=\"https:\/\/fundacioncajaruraldelsur.com\/pt\/alianza-de-la-fundacion-caja-rural-del-sur-con-las-cooperativas-de-huelva\/\" \/>\n<meta property=\"og:locale\" content=\"pt_PT\" \/>\n<meta property=\"og:type\" content=\"article\" \/>\n<meta property=\"og:title\" content=\"Alianza con la organizaci\u00f3n Cooperativas Agro-alimentarias de Huelva - Fundaci\u00f3n Caja Rural del Sur\" \/>\n<meta property=\"og:description\" content=\"La Fundaci\u00f3n Caja Rural del Sur y Cooperativas Agro-alimentarias de Huelva continuar\u00e1n colaborando durante este a\u00f1o en el desarrollo de actividades destinadas a fomentar el desarrollo econ\u00f3mico del sector agroalimentario [&hellip;]\" \/>\n<meta property=\"og:url\" content=\"https:\/\/fundacioncajaruraldelsur.com\/pt\/alianza-de-la-fundacion-caja-rural-del-sur-con-las-cooperativas-de-huelva\/\" \/>\n<meta property=\"og:site_name\" content=\"Fundaci\u00f3n Caja Rural del Sur\" \/>\n<meta property=\"article:published_time\" content=\"2020-06-18T07:47:35+00:00\" \/>\n<meta property=\"article:modified_time\" content=\"2020-06-18T07:49:38+00:00\" \/>\n<meta property=\"og:image\" content=\"https:\/\/fundacioncajaruraldelsur.com\/wp-content\/uploads\/2020\/06\/alianza-de-la-fundacion-caja-rural-del-sur-con-las-cooperativas.jpg\" \/>\n\t<meta property=\"og:image:width\" content=\"1400\" \/>\n\t<meta property=\"og:image:height\" content=\"1050\" \/>\n\t<meta property=\"og:image:type\" content=\"image\/jpeg\" \/>\n<meta name=\"author\" content=\"Comunicaci\u00f3n\" \/>\n<meta name=\"twitter:card\" content=\"summary_large_image\" \/>\n<meta name=\"twitter:label1\" content=\"Written by\" \/>\n\t<meta name=\"twitter:data1\" content=\"Comunicaci\u00f3n\" \/>\n\t<meta name=\"twitter:label2\" content=\"Est. reading time\" \/>\n\t<meta name=\"twitter:data2\" content=\"2 minutes\" \/>\n<script type=\"application\/ld+json\" class=\"yoast-schema-graph\">{\"@context\":\"https:\\\/\\\/schema.org\",\"@graph\":[{\"@type\":\"Article\",\"@id\":\"https:\\\/\\\/fundacioncajaruraldelsur.com\\\/alianza-de-la-fundacion-caja-rural-del-sur-con-las-cooperativas-de-huelva\\\/#article\",\"isPartOf\":{\"@id\":\"https:\\\/\\\/fundacioncajaruraldelsur.com\\\/alianza-de-la-fundacion-caja-rural-del-sur-con-las-cooperativas-de-huelva\\\/\"},\"author\":{\"name\":\"Comunicaci\u00f3n\",\"@id\":\"https:\\\/\\\/fundacioncajaruraldelsur.com\\\/#\\\/schema\\\/person\\\/f430da9fb783d505ff061ad8b3d44577\"},\"headline\":\"Alianza con la organizaci\u00f3n Cooperativas Agro-alimentarias de Huelva\",\"datePublished\":\"2020-06-18T07:47:35+00:00\",\"dateModified\":\"2020-06-18T07:49:38+00:00\",\"mainEntityOfPage\":{\"@id\":\"https:\\\/\\\/fundacioncajaruraldelsur.com\\\/alianza-de-la-fundacion-caja-rural-del-sur-con-las-cooperativas-de-huelva\\\/\"},\"wordCount\":331,\"image\":{\"@id\":\"https:\\\/\\\/fundacioncajaruraldelsur.com\\\/alianza-de-la-fundacion-caja-rural-del-sur-con-las-cooperativas-de-huelva\\\/#primaryimage\"},\"thumbnailUrl\":\"https:\\\/\\\/fundacioncajaruraldelsur.com\\\/wp-content\\\/uploads\\\/2020\\\/06\\\/alianza-de-la-fundacion-caja-rural-del-sur-con-las-cooperativas.jpg\",\"articleSection\":[\"Convenios\"],\"inLanguage\":\"pt-PT\"},{\"@type\":\"WebPage\",\"@id\":\"https:\\\/\\\/fundacioncajaruraldelsur.com\\\/alianza-de-la-fundacion-caja-rural-del-sur-con-las-cooperativas-de-huelva\\\/\",\"url\":\"https:\\\/\\\/fundacioncajaruraldelsur.com\\\/alianza-de-la-fundacion-caja-rural-del-sur-con-las-cooperativas-de-huelva\\\/\",\"name\":\"Alianza con la organizaci\u00f3n Cooperativas Agro-alimentarias de Huelva - Fundaci\u00f3n Caja Rural del Sur\",\"isPartOf\":{\"@id\":\"https:\\\/\\\/fundacioncajaruraldelsur.com\\\/#website\"},\"primaryImageOfPage\":{\"@id\":\"https:\\\/\\\/fundacioncajaruraldelsur.com\\\/alianza-de-la-fundacion-caja-rural-del-sur-con-las-cooperativas-de-huelva\\\/#primaryimage\"},\"image\":{\"@id\":\"https:\\\/\\\/fundacioncajaruraldelsur.com\\\/alianza-de-la-fundacion-caja-rural-del-sur-con-las-cooperativas-de-huelva\\\/#primaryimage\"},\"thumbnailUrl\":\"https:\\\/\\\/fundacioncajaruraldelsur.com\\\/wp-content\\\/uploads\\\/2020\\\/06\\\/alianza-de-la-fundacion-caja-rural-del-sur-con-las-cooperativas.jpg\",\"datePublished\":\"2020-06-18T07:47:35+00:00\",\"dateModified\":\"2020-06-18T07:49:38+00:00\",\"author\":{\"@id\":\"https:\\\/\\\/fundacioncajaruraldelsur.com\\\/#\\\/schema\\\/person\\\/f430da9fb783d505ff061ad8b3d44577\"},\"breadcrumb\":{\"@id\":\"https:\\\/\\\/fundacioncajaruraldelsur.com\\\/alianza-de-la-fundacion-caja-rural-del-sur-con-las-cooperativas-de-huelva\\\/#breadcrumb\"},\"inLanguage\":\"pt-PT\",\"potentialAction\":[{\"@type\":\"ReadAction\",\"target\":[\"https:\\\/\\\/fundacioncajaruraldelsur.com\\\/alianza-de-la-fundacion-caja-rural-del-sur-con-las-cooperativas-de-huelva\\\/\"]}]},{\"@type\":\"ImageObject\",\"inLanguage\":\"pt-PT\",\"@id\":\"https:\\\/\\\/fundacioncajaruraldelsur.com\\\/alianza-de-la-fundacion-caja-rural-del-sur-con-las-cooperativas-de-huelva\\\/#primaryimage\",\"url\":\"https:\\\/\\\/fundacioncajaruraldelsur.com\\\/wp-content\\\/uploads\\\/2020\\\/06\\\/alianza-de-la-fundacion-caja-rural-del-sur-con-las-cooperativas.jpg\",\"contentUrl\":\"https:\\\/\\\/fundacioncajaruraldelsur.com\\\/wp-content\\\/uploads\\\/2020\\\/06\\\/alianza-de-la-fundacion-caja-rural-del-sur-con-las-cooperativas.jpg\",\"width\":1400,\"height\":1050},{\"@type\":\"BreadcrumbList\",\"@id\":\"https:\\\/\\\/fundacioncajaruraldelsur.com\\\/alianza-de-la-fundacion-caja-rural-del-sur-con-las-cooperativas-de-huelva\\\/#breadcrumb\",\"itemListElement\":[{\"@type\":\"ListItem\",\"position\":1,\"name\":\"Portada\",\"item\":\"https:\\\/\\\/fundacioncajaruraldelsur.com\\\/\"},{\"@type\":\"ListItem\",\"position\":2,\"name\":\"Alianza con la organizaci\u00f3n Cooperativas Agro-alimentarias de Huelva\"}]},{\"@type\":\"WebSite\",\"@id\":\"https:\\\/\\\/fundacioncajaruraldelsur.com\\\/#website\",\"url\":\"https:\\\/\\\/fundacioncajaruraldelsur.com\\\/\",\"name\":\"Fundaci\u00f3n Caja Rural del Sur\",\"description\":\"\",\"potentialAction\":[{\"@type\":\"SearchAction\",\"target\":{\"@type\":\"EntryPoint\",\"urlTemplate\":\"https:\\\/\\\/fundacioncajaruraldelsur.com\\\/?s={search_term_string}\"},\"query-input\":{\"@type\":\"PropertyValueSpecification\",\"valueRequired\":true,\"valueName\":\"search_term_string\"}}],\"inLanguage\":\"pt-PT\"},{\"@type\":\"Person\",\"@id\":\"https:\\\/\\\/fundacioncajaruraldelsur.com\\\/#\\\/schema\\\/person\\\/f430da9fb783d505ff061ad8b3d44577\",\"name\":\"Comunicaci\u00f3n\",\"image\":{\"@type\":\"ImageObject\",\"inLanguage\":\"pt-PT\",\"@id\":\"https:\\\/\\\/secure.gravatar.com\\\/avatar\\\/0dca239875993680bac4603ad2de7942da018f52cc3a244578e0b3b09314a8d8?s=96&d=blank&r=g\",\"url\":\"https:\\\/\\\/secure.gravatar.com\\\/avatar\\\/0dca239875993680bac4603ad2de7942da018f52cc3a244578e0b3b09314a8d8?s=96&d=blank&r=g\",\"contentUrl\":\"https:\\\/\\\/secure.gravatar.com\\\/avatar\\\/0dca239875993680bac4603ad2de7942da018f52cc3a244578e0b3b09314a8d8?s=96&d=blank&r=g\",\"caption\":\"Comunicaci\u00f3n\"}}]}<\/script>\n<!-- \/ Yoast SEO plugin. -->","yoast_head_json":{"title":"Alianza con la organizaci\u00f3n Cooperativas Agro-alimentarias de Huelva - Fundaci\u00f3n Caja Rural del Sur","robots":{"index":"index","follow":"follow","max-snippet":"max-snippet:-1","max-image-preview":"max-image-preview:large","max-video-preview":"max-video-preview:-1"},"canonical":"https:\/\/fundacioncajaruraldelsur.com\/pt\/alianza-de-la-fundacion-caja-rural-del-sur-con-las-cooperativas-de-huelva\/","og_locale":"pt_PT","og_type":"article","og_title":"Alianza con la organizaci\u00f3n Cooperativas Agro-alimentarias de Huelva - Fundaci\u00f3n Caja Rural del Sur","og_description":"La Fundaci\u00f3n Caja Rural del Sur y Cooperativas Agro-alimentarias de Huelva continuar\u00e1n colaborando durante este a\u00f1o en el desarrollo de actividades destinadas a fomentar el desarrollo econ\u00f3mico del sector agroalimentario [&hellip;]","og_url":"https:\/\/fundacioncajaruraldelsur.com\/pt\/alianza-de-la-fundacion-caja-rural-del-sur-con-las-cooperativas-de-huelva\/","og_site_name":"Fundaci\u00f3n Caja Rural del Sur","article_published_time":"2020-06-18T07:47:35+00:00","article_modified_time":"2020-06-18T07:49:38+00:00","og_image":[{"width":1400,"height":1050,"url":"https:\/\/fundacioncajaruraldelsur.com\/wp-content\/uploads\/2020\/06\/alianza-de-la-fundacion-caja-rural-del-sur-con-las-cooperativas.jpg","type":"image\/jpeg"}],"author":"Comunicaci\u00f3n","twitter_card":"summary_large_image","twitter_misc":{"Written by":"Comunicaci\u00f3n","Est. reading time":"2 minutes"},"schema":{"@context":"https:\/\/schema.org","@graph":[{"@type":"Article","@id":"https:\/\/fundacioncajaruraldelsur.com\/alianza-de-la-fundacion-caja-rural-del-sur-con-las-cooperativas-de-huelva\/#article","isPartOf":{"@id":"https:\/\/fundacioncajaruraldelsur.com\/alianza-de-la-fundacion-caja-rural-del-sur-con-las-cooperativas-de-huelva\/"},"author":{"name":"Comunicaci\u00f3n","@id":"https:\/\/fundacioncajaruraldelsur.com\/#\/schema\/person\/f430da9fb783d505ff061ad8b3d44577"},"headline":"Alianza con la organizaci\u00f3n Cooperativas Agro-alimentarias de Huelva","datePublished":"2020-06-18T07:47:35+00:00","dateModified":"2020-06-18T07:49:38+00:00","mainEntityOfPage":{"@id":"https:\/\/fundacioncajaruraldelsur.com\/alianza-de-la-fundacion-caja-rural-del-sur-con-las-cooperativas-de-huelva\/"},"wordCount":331,"image":{"@id":"https:\/\/fundacioncajaruraldelsur.com\/alianza-de-la-fundacion-caja-rural-del-sur-con-las-cooperativas-de-huelva\/#primaryimage"},"thumbnailUrl":"https:\/\/fundacioncajaruraldelsur.com\/wp-content\/uploads\/2020\/06\/alianza-de-la-fundacion-caja-rural-del-sur-con-las-cooperativas.jpg","articleSection":["Convenios"],"inLanguage":"pt-PT"},{"@type":"WebPage","@id":"https:\/\/fundacioncajaruraldelsur.com\/alianza-de-la-fundacion-caja-rural-del-sur-con-las-cooperativas-de-huelva\/","url":"https:\/\/fundacioncajaruraldelsur.com\/alianza-de-la-fundacion-caja-rural-del-sur-con-las-cooperativas-de-huelva\/","name":"Alianza con la organizaci\u00f3n Cooperativas Agro-alimentarias de Huelva - Fundaci\u00f3n Caja Rural del Sur","isPartOf":{"@id":"https:\/\/fundacioncajaruraldelsur.com\/#website"},"primaryImageOfPage":{"@id":"https:\/\/fundacioncajaruraldelsur.com\/alianza-de-la-fundacion-caja-rural-del-sur-con-las-cooperativas-de-huelva\/#primaryimage"},"image":{"@id":"https:\/\/fundacioncajaruraldelsur.com\/alianza-de-la-fundacion-caja-rural-del-sur-con-las-cooperativas-de-huelva\/#primaryimage"},"thumbnailUrl":"https:\/\/fundacioncajaruraldelsur.com\/wp-content\/uploads\/2020\/06\/alianza-de-la-fundacion-caja-rural-del-sur-con-las-cooperativas.jpg","datePublished":"2020-06-18T07:47:35+00:00","dateModified":"2020-06-18T07:49:38+00:00","author":{"@id":"https:\/\/fundacioncajaruraldelsur.com\/#\/schema\/person\/f430da9fb783d505ff061ad8b3d44577"},"breadcrumb":{"@id":"https:\/\/fundacioncajaruraldelsur.com\/alianza-de-la-fundacion-caja-rural-del-sur-con-las-cooperativas-de-huelva\/#breadcrumb"},"inLanguage":"pt-PT","potentialAction":[{"@type":"ReadAction","target":["https:\/\/fundacioncajaruraldelsur.com\/alianza-de-la-fundacion-caja-rural-del-sur-con-las-cooperativas-de-huelva\/"]}]},{"@type":"ImageObject","inLanguage":"pt-PT","@id":"https:\/\/fundacioncajaruraldelsur.com\/alianza-de-la-fundacion-caja-rural-del-sur-con-las-cooperativas-de-huelva\/#primaryimage","url":"https:\/\/fundacioncajaruraldelsur.com\/wp-content\/uploads\/2020\/06\/alianza-de-la-fundacion-caja-rural-del-sur-con-las-cooperativas.jpg","contentUrl":"https:\/\/fundacioncajaruraldelsur.com\/wp-content\/uploads\/2020\/06\/alianza-de-la-fundacion-caja-rural-del-sur-con-las-cooperativas.jpg","width":1400,"height":1050},{"@type":"BreadcrumbList","@id":"https:\/\/fundacioncajaruraldelsur.com\/alianza-de-la-fundacion-caja-rural-del-sur-con-las-cooperativas-de-huelva\/#breadcrumb","itemListElement":[{"@type":"ListItem","position":1,"name":"Portada","item":"https:\/\/fundacioncajaruraldelsur.com\/"},{"@type":"ListItem","position":2,"name":"Alianza con la organizaci\u00f3n Cooperativas Agro-alimentarias de Huelva"}]},{"@type":"WebSite","@id":"https:\/\/fundacioncajaruraldelsur.com\/#website","url":"https:\/\/fundacioncajaruraldelsur.com\/","name":"Funda\u00e7\u00e3o Caja Rural del Sur","description":"","potentialAction":[{"@type":"SearchAction","target":{"@type":"EntryPoint","urlTemplate":"https:\/\/fundacioncajaruraldelsur.com\/?s={search_term_string}"},"query-input":{"@type":"PropertyValueSpecification","valueRequired":true,"valueName":"search_term_string"}}],"inLanguage":"pt-PT"},{"@type":"Person","@id":"https:\/\/fundacioncajaruraldelsur.com\/#\/schema\/person\/f430da9fb783d505ff061ad8b3d44577","name":"Comunicaci\u00f3n","image":{"@type":"ImageObject","inLanguage":"pt-PT","@id":"https:\/\/secure.gravatar.com\/avatar\/0dca239875993680bac4603ad2de7942da018f52cc3a244578e0b3b09314a8d8?s=96&d=blank&r=g","url":"https:\/\/secure.gravatar.com\/avatar\/0dca239875993680bac4603ad2de7942da018f52cc3a244578e0b3b09314a8d8?s=96&d=blank&r=g","contentUrl":"https:\/\/secure.gravatar.com\/avatar\/0dca239875993680bac4603ad2de7942da018f52cc3a244578e0b3b09314a8d8?s=96&d=blank&r=g","caption":"Comunicaci\u00f3n"}}]}},"rttpg_featured_image_url":{"full":["https:\/\/fundacioncajaruraldelsur.com\/wp-content\/uploads\/2020\/06\/alianza-de-la-fundacion-caja-rural-del-sur-con-las-cooperativas.jpg",1400,1050,false],"landscape":["https:\/\/fundacioncajaruraldelsur.com\/wp-content\/uploads\/2020\/06\/alianza-de-la-fundacion-caja-rural-del-sur-con-las-cooperativas.jpg",1400,1050,false],"portraits":["https:\/\/fundacioncajaruraldelsur.com\/wp-content\/uploads\/2020\/06\/alianza-de-la-fundacion-caja-rural-del-sur-con-las-cooperativas.jpg",1400,1050,false],"thumbnail":["https:\/\/fundacioncajaruraldelsur.com\/wp-content\/uploads\/2020\/06\/alianza-de-la-fundacion-caja-rural-del-sur-con-las-cooperativas-150x150.jpg",150,150,true],"medium":["https:\/\/fundacioncajaruraldelsur.com\/wp-content\/uploads\/2020\/06\/alianza-de-la-fundacion-caja-rural-del-sur-con-las-cooperativas-300x225.jpg",300,225,true],"large":["https:\/\/fundacioncajaruraldelsur.com\/wp-content\/uploads\/2020\/06\/alianza-de-la-fundacion-caja-rural-del-sur-con-las-cooperativas-1024x768.jpg",960,720,true],"1536x1536":["https:\/\/fundacioncajaruraldelsur.com\/wp-content\/uploads\/2020\/06\/alianza-de-la-fundacion-caja-rural-del-sur-con-las-cooperativas.jpg",1400,1050,false],"2048x2048":["https:\/\/fundacioncajaruraldelsur.com\/wp-content\/uploads\/2020\/06\/alianza-de-la-fundacion-caja-rural-del-sur-con-las-cooperativas.jpg",1400,1050,false],"trp-custom-language-flag":["https:\/\/fundacioncajaruraldelsur.com\/wp-content\/uploads\/2020\/06\/alianza-de-la-fundacion-caja-rural-del-sur-con-las-cooperativas.jpg",16,12,false],"blog-thumbnail":["https:\/\/fundacioncajaruraldelsur.com\/wp-content\/uploads\/2020\/06\/alianza-de-la-fundacion-caja-rural-del-sur-con-las-cooperativas-400x200.jpg",400,200,true]},"rttpg_author":{"display_name":"Comunicaci\u00f3n","author_link":"https:\/\/fundacioncajaruraldelsur.com\/pt\/author\/sevillaadmin\/"},"rttpg_comment":0,"rttpg_category":"<a href=\"https:\/\/fundacioncajaruraldelsur.com\/pt\/category\/convenios\/\" rel=\"category tag\">Convenios<\/a>","rttpg_excerpt":"La Fundaci\u00f3n Caja Rural del Sur y Cooperativas Agro-alimentarias de Huelva continuar\u00e1n colaborando durante este a\u00f1o en el desarrollo de actividades destinadas a fomentar el desarrollo econ\u00f3mico del sector agroalimentario [&hellip;]","_links":{"self":[{"href":"https:\/\/fundacioncajaruraldelsur.com\/pt\/wp-json\/wp\/v2\/posts\/5763","targetHints":{"allow":["GET"]}}],"collection":[{"href":"https:\/\/fundacioncajaruraldelsur.com\/pt\/wp-json\/wp\/v2\/posts"}],"about":[{"href":"https:\/\/fundacioncajaruraldelsur.com\/pt\/wp-json\/wp\/v2\/types\/post"}],"author":[{"embeddable":true,"href":"https:\/\/fundacioncajaruraldelsur.com\/pt\/wp-json\/wp\/v2\/users\/6"}],"replies":[{"embeddable":true,"href":"https:\/\/fundacioncajaruraldelsur.com\/pt\/wp-json\/wp\/v2\/comments?post=5763"}],"version-history":[{"count":3,"href":"https:\/\/fundacioncajaruraldelsur.com\/pt\/wp-json\/wp\/v2\/posts\/5763\/revisions"}],"predecessor-version":[{"id":5767,"href":"https:\/\/fundacioncajaruraldelsur.com\/pt\/wp-json\/wp\/v2\/posts\/5763\/revisions\/5767"}],"wp:featuredmedia":[{"embeddable":true,"href":"https:\/\/fundacioncajaruraldelsur.com\/pt\/wp-json\/wp\/v2\/media\/5764"}],"wp:attachment":[{"href":"https:\/\/fundacioncajaruraldelsur.com\/pt\/wp-json\/wp\/v2\/media?parent=5763"}],"wp:term":[{"taxonomy":"category","embeddable":true,"href":"https:\/\/fundacioncajaruraldelsur.com\/pt\/wp-json\/wp\/v2\/categories?post=5763"},{"taxonomy":"post_tag","embeddable":true,"href":"https:\/\/fundacioncajaruraldelsur.com\/pt\/wp-json\/wp\/v2\/tags?post=5763"}],"curies":[{"name":"wp","href":"https:\/\/api.w.org\/{rel}","templated":true}]}}