{"id":5758,"date":"2020-06-16T13:26:44","date_gmt":"2020-06-16T11:26:44","guid":{"rendered":"\/?p=5758"},"modified":"2020-06-16T14:33:08","modified_gmt":"2020-06-16T12:33:08","slug":"fundacion-caja-rural-del-sur-con-las-actividades-de-la-asociacion-autismo-sevilla","status":"publish","type":"post","link":"https:\/\/fundacioncajaruraldelsur.com\/pt\/fundacion-caja-rural-del-sur-con-las-actividades-de-la-asociacion-autismo-sevilla\/","title":{"rendered":"Fundaci\u00f3n Caja Rural del Sur con las actividades de la Asociaci\u00f3n Autismo Sevilla"},"content":{"rendered":"<p>La Fundaci\u00f3n Caja Rural del Sur colaborar\u00e1 con la Asociaci\u00f3n Autismo Sevilla en sus actividades a lo largo del pr\u00f3ximo para el desarrollo de la labor que lleva a cabo de integraci\u00f3n en la sociedad de personas con trastornos del espectro autista.<\/p>\n<p>El presidente de la Fundaci\u00f3n Caja Rural del Sur, Jos\u00e9 Luis Garc\u00eda-Palacios \u00c1lvarez, y Mercedes Molina, presidenta de Autismo Sevilla, han firmado el convenio de colaboraci\u00f3n por el que la entidad apoya la actividad de esta asociaci\u00f3n para la realizaci\u00f3n de proyectos encaminados al respaldo de las familias afectadas.<\/p>\n<p>As\u00ed, ambas entidades trabajar\u00e1n para contribuir al mejor funcionamiento y desarrollo de las actividades dirigidas a las personas con T.E.A para que puedan tener un mejor futuro en su entorno, en el de sus familia y centros escolares.<\/p>\n<p>Jos\u00e9 Luis Garc\u00eda-Palacios, como presidente de la Fundaci\u00f3n Caja Rural del Sur, felicit\u00f3 y anim\u00f3 a Mercedes Molina por la espl\u00e9ndida labor que realiza la asociaci\u00f3n y que a\u00f1o tras a\u00f1o sigue creciendo con numerosas actividades en la provincia de Sevilla.<\/p>\n<p>La Fundaci\u00f3n Caja Rural del Sur centra su trabajo en la promoci\u00f3n cultural y social en su zona de actuaci\u00f3n, dedicando especial atenci\u00f3n a instituciones que dedican su actividad a personas vulnerables como es el caso de la Asociaci\u00f3n de Padres de Personas con Autismo y Trastornos Generalizados del Desarrollo.<\/p>\n<p><a href=\"\/wp-content\/uploads\/2020\/06\/200616.-Firma-del-convenio-de-Fundaci\u00f3n-Caja-Rural-del-Sur-con-Asociaci\u00f3n-Autismo-de-Sevilla..jpg\" rel=\"lightbox-0\"><img loading=\"lazy\" decoding=\"async\" class=\"alignnone wp-image-5760 size-full\" src=\"\/wp-content\/uploads\/2020\/06\/200616.-Firma-del-convenio-de-Fundaci\u00f3n-Caja-Rural-del-Sur-con-Asociaci\u00f3n-Autismo-de-Sevilla..jpg\" alt=\"\" width=\"1600\" height=\"1200\" srcset=\"https:\/\/fundacioncajaruraldelsur.com\/wp-content\/uploads\/2020\/06\/200616.-Firma-del-convenio-de-Fundaci\u00f3n-Caja-Rural-del-Sur-con-Asociaci\u00f3n-Autismo-de-Sevilla..jpg 1600w, https:\/\/fundacioncajaruraldelsur.com\/wp-content\/uploads\/2020\/06\/200616.-Firma-del-convenio-de-Fundaci\u00f3n-Caja-Rural-del-Sur-con-Asociaci\u00f3n-Autismo-de-Sevilla.-300x225.jpg 300w, https:\/\/fundacioncajaruraldelsur.com\/wp-content\/uploads\/2020\/06\/200616.-Firma-del-convenio-de-Fundaci\u00f3n-Caja-Rural-del-Sur-con-Asociaci\u00f3n-Autismo-de-Sevilla.-768x576.jpg 768w, https:\/\/fundacioncajaruraldelsur.com\/wp-content\/uploads\/2020\/06\/200616.-Firma-del-convenio-de-Fundaci\u00f3n-Caja-Rural-del-Sur-con-Asociaci\u00f3n-Autismo-de-Sevilla.-1024x768.jpg 1024w\" sizes=\"auto, (max-width: 1600px) 100vw, 1600px\" \/><\/a><\/p>\n<p>&nbsp;<\/p>","protected":false},"excerpt":{"rendered":"<p>La Fundaci\u00f3n Caja Rural del Sur colaborar\u00e1 con la Asociaci\u00f3n Autismo Sevilla en sus actividades a lo largo del pr\u00f3ximo para el desarrollo de la labor que lleva a cabo [&hellip;]<\/p>\n","protected":false},"author":6,"featured_media":5759,"comment_status":"closed","ping_status":"closed","sticky":false,"template":"","format":"standard","meta":{"footnotes":""},"categories":[67],"tags":[],"class_list":["post-5758","post","type-post","status-publish","format-standard","has-post-thumbnail","hentry","category-convenios"],"yoast_head":"<!-- This site is optimized with the Yoast SEO plugin v27.3 - https:\/\/yoast.com\/product\/yoast-seo-wordpress\/ -->\n<title>Fundaci\u00f3n Caja Rural del Sur con las actividades de la Asociaci\u00f3n Autismo Sevilla - Fundaci\u00f3n Caja Rural del Sur<\/title>\n<meta name=\"robots\" content=\"index, follow, max-snippet:-1, max-image-preview:large, max-video-preview:-1\" \/>\n<link rel=\"canonical\" href=\"https:\/\/fundacioncajaruraldelsur.com\/pt\/fundacion-caja-rural-del-sur-con-las-actividades-de-la-asociacion-autismo-sevilla\/\" \/>\n<meta property=\"og:locale\" content=\"pt_PT\" \/>\n<meta property=\"og:type\" content=\"article\" \/>\n<meta property=\"og:title\" content=\"Fundaci\u00f3n Caja Rural del Sur con las actividades de la Asociaci\u00f3n Autismo Sevilla - Fundaci\u00f3n Caja Rural del Sur\" \/>\n<meta property=\"og:description\" content=\"La Fundaci\u00f3n Caja Rural del Sur colaborar\u00e1 con la Asociaci\u00f3n Autismo Sevilla en sus actividades a lo largo del pr\u00f3ximo para el desarrollo de la labor que lleva a cabo [&hellip;]\" \/>\n<meta property=\"og:url\" content=\"https:\/\/fundacioncajaruraldelsur.com\/pt\/fundacion-caja-rural-del-sur-con-las-actividades-de-la-asociacion-autismo-sevilla\/\" \/>\n<meta property=\"og:site_name\" content=\"Fundaci\u00f3n Caja Rural del Sur\" \/>\n<meta property=\"article:published_time\" content=\"2020-06-16T11:26:44+00:00\" \/>\n<meta property=\"article:modified_time\" content=\"2020-06-16T12:33:08+00:00\" \/>\n<meta property=\"og:image\" content=\"https:\/\/fundacioncajaruraldelsur.com\/wp-content\/uploads\/2020\/06\/200616.-Mercedes-Molina-y-Jos\u00e9-Luis-Garc\u00eda-Palacios-\u00c1lvarez-en-la-firma-del-convenio..jpg\" \/>\n\t<meta property=\"og:image:width\" content=\"1600\" \/>\n\t<meta property=\"og:image:height\" content=\"1200\" \/>\n\t<meta property=\"og:image:type\" content=\"image\/jpeg\" \/>\n<meta name=\"author\" content=\"Comunicaci\u00f3n\" \/>\n<meta name=\"twitter:card\" content=\"summary_large_image\" \/>\n<meta name=\"twitter:label1\" content=\"Written by\" \/>\n\t<meta name=\"twitter:data1\" content=\"Comunicaci\u00f3n\" \/>\n\t<meta name=\"twitter:label2\" content=\"Est. reading time\" \/>\n\t<meta name=\"twitter:data2\" content=\"1 minute\" \/>\n<script type=\"application\/ld+json\" class=\"yoast-schema-graph\">{\"@context\":\"https:\\\/\\\/schema.org\",\"@graph\":[{\"@type\":\"Article\",\"@id\":\"https:\\\/\\\/fundacioncajaruraldelsur.com\\\/fundacion-caja-rural-del-sur-con-las-actividades-de-la-asociacion-autismo-sevilla\\\/#article\",\"isPartOf\":{\"@id\":\"https:\\\/\\\/fundacioncajaruraldelsur.com\\\/fundacion-caja-rural-del-sur-con-las-actividades-de-la-asociacion-autismo-sevilla\\\/\"},\"author\":{\"name\":\"Comunicaci\u00f3n\",\"@id\":\"https:\\\/\\\/fundacioncajaruraldelsur.com\\\/#\\\/schema\\\/person\\\/f430da9fb783d505ff061ad8b3d44577\"},\"headline\":\"Fundaci\u00f3n Caja Rural del Sur con las actividades de la Asociaci\u00f3n Autismo Sevilla\",\"datePublished\":\"2020-06-16T11:26:44+00:00\",\"dateModified\":\"2020-06-16T12:33:08+00:00\",\"mainEntityOfPage\":{\"@id\":\"https:\\\/\\\/fundacioncajaruraldelsur.com\\\/fundacion-caja-rural-del-sur-con-las-actividades-de-la-asociacion-autismo-sevilla\\\/\"},\"wordCount\":259,\"image\":{\"@id\":\"https:\\\/\\\/fundacioncajaruraldelsur.com\\\/fundacion-caja-rural-del-sur-con-las-actividades-de-la-asociacion-autismo-sevilla\\\/#primaryimage\"},\"thumbnailUrl\":\"https:\\\/\\\/fundacioncajaruraldelsur.com\\\/wp-content\\\/uploads\\\/2020\\\/06\\\/200616.-Mercedes-Molina-y-Jos\u00e9-Luis-Garc\u00eda-Palacios-\u00c1lvarez-en-la-firma-del-convenio..jpg\",\"articleSection\":[\"Convenios\"],\"inLanguage\":\"pt-PT\"},{\"@type\":\"WebPage\",\"@id\":\"https:\\\/\\\/fundacioncajaruraldelsur.com\\\/fundacion-caja-rural-del-sur-con-las-actividades-de-la-asociacion-autismo-sevilla\\\/\",\"url\":\"https:\\\/\\\/fundacioncajaruraldelsur.com\\\/fundacion-caja-rural-del-sur-con-las-actividades-de-la-asociacion-autismo-sevilla\\\/\",\"name\":\"Fundaci\u00f3n Caja Rural del Sur con las actividades de la Asociaci\u00f3n Autismo Sevilla - Fundaci\u00f3n Caja Rural del Sur\",\"isPartOf\":{\"@id\":\"https:\\\/\\\/fundacioncajaruraldelsur.com\\\/#website\"},\"primaryImageOfPage\":{\"@id\":\"https:\\\/\\\/fundacioncajaruraldelsur.com\\\/fundacion-caja-rural-del-sur-con-las-actividades-de-la-asociacion-autismo-sevilla\\\/#primaryimage\"},\"image\":{\"@id\":\"https:\\\/\\\/fundacioncajaruraldelsur.com\\\/fundacion-caja-rural-del-sur-con-las-actividades-de-la-asociacion-autismo-sevilla\\\/#primaryimage\"},\"thumbnailUrl\":\"https:\\\/\\\/fundacioncajaruraldelsur.com\\\/wp-content\\\/uploads\\\/2020\\\/06\\\/200616.-Mercedes-Molina-y-Jos\u00e9-Luis-Garc\u00eda-Palacios-\u00c1lvarez-en-la-firma-del-convenio..jpg\",\"datePublished\":\"2020-06-16T11:26:44+00:00\",\"dateModified\":\"2020-06-16T12:33:08+00:00\",\"author\":{\"@id\":\"https:\\\/\\\/fundacioncajaruraldelsur.com\\\/#\\\/schema\\\/person\\\/f430da9fb783d505ff061ad8b3d44577\"},\"breadcrumb\":{\"@id\":\"https:\\\/\\\/fundacioncajaruraldelsur.com\\\/fundacion-caja-rural-del-sur-con-las-actividades-de-la-asociacion-autismo-sevilla\\\/#breadcrumb\"},\"inLanguage\":\"pt-PT\",\"potentialAction\":[{\"@type\":\"ReadAction\",\"target\":[\"https:\\\/\\\/fundacioncajaruraldelsur.com\\\/fundacion-caja-rural-del-sur-con-las-actividades-de-la-asociacion-autismo-sevilla\\\/\"]}]},{\"@type\":\"ImageObject\",\"inLanguage\":\"pt-PT\",\"@id\":\"https:\\\/\\\/fundacioncajaruraldelsur.com\\\/fundacion-caja-rural-del-sur-con-las-actividades-de-la-asociacion-autismo-sevilla\\\/#primaryimage\",\"url\":\"https:\\\/\\\/fundacioncajaruraldelsur.com\\\/wp-content\\\/uploads\\\/2020\\\/06\\\/200616.-Mercedes-Molina-y-Jos\u00e9-Luis-Garc\u00eda-Palacios-\u00c1lvarez-en-la-firma-del-convenio..jpg\",\"contentUrl\":\"https:\\\/\\\/fundacioncajaruraldelsur.com\\\/wp-content\\\/uploads\\\/2020\\\/06\\\/200616.-Mercedes-Molina-y-Jos\u00e9-Luis-Garc\u00eda-Palacios-\u00c1lvarez-en-la-firma-del-convenio..jpg\",\"width\":1600,\"height\":1200},{\"@type\":\"BreadcrumbList\",\"@id\":\"https:\\\/\\\/fundacioncajaruraldelsur.com\\\/fundacion-caja-rural-del-sur-con-las-actividades-de-la-asociacion-autismo-sevilla\\\/#breadcrumb\",\"itemListElement\":[{\"@type\":\"ListItem\",\"position\":1,\"name\":\"Portada\",\"item\":\"https:\\\/\\\/fundacioncajaruraldelsur.com\\\/\"},{\"@type\":\"ListItem\",\"position\":2,\"name\":\"Fundaci\u00f3n Caja Rural del Sur con las actividades de la Asociaci\u00f3n Autismo Sevilla\"}]},{\"@type\":\"WebSite\",\"@id\":\"https:\\\/\\\/fundacioncajaruraldelsur.com\\\/#website\",\"url\":\"https:\\\/\\\/fundacioncajaruraldelsur.com\\\/\",\"name\":\"Fundaci\u00f3n Caja Rural del Sur\",\"description\":\"\",\"potentialAction\":[{\"@type\":\"SearchAction\",\"target\":{\"@type\":\"EntryPoint\",\"urlTemplate\":\"https:\\\/\\\/fundacioncajaruraldelsur.com\\\/?s={search_term_string}\"},\"query-input\":{\"@type\":\"PropertyValueSpecification\",\"valueRequired\":true,\"valueName\":\"search_term_string\"}}],\"inLanguage\":\"pt-PT\"},{\"@type\":\"Person\",\"@id\":\"https:\\\/\\\/fundacioncajaruraldelsur.com\\\/#\\\/schema\\\/person\\\/f430da9fb783d505ff061ad8b3d44577\",\"name\":\"Comunicaci\u00f3n\",\"image\":{\"@type\":\"ImageObject\",\"inLanguage\":\"pt-PT\",\"@id\":\"https:\\\/\\\/secure.gravatar.com\\\/avatar\\\/0dca239875993680bac4603ad2de7942da018f52cc3a244578e0b3b09314a8d8?s=96&d=blank&r=g\",\"url\":\"https:\\\/\\\/secure.gravatar.com\\\/avatar\\\/0dca239875993680bac4603ad2de7942da018f52cc3a244578e0b3b09314a8d8?s=96&d=blank&r=g\",\"contentUrl\":\"https:\\\/\\\/secure.gravatar.com\\\/avatar\\\/0dca239875993680bac4603ad2de7942da018f52cc3a244578e0b3b09314a8d8?s=96&d=blank&r=g\",\"caption\":\"Comunicaci\u00f3n\"}}]}<\/script>\n<!-- \/ Yoast SEO plugin. -->","yoast_head_json":{"title":"Fundaci\u00f3n Caja Rural del Sur con las actividades de la Asociaci\u00f3n Autismo Sevilla - Fundaci\u00f3n Caja Rural del Sur","robots":{"index":"index","follow":"follow","max-snippet":"max-snippet:-1","max-image-preview":"max-image-preview:large","max-video-preview":"max-video-preview:-1"},"canonical":"https:\/\/fundacioncajaruraldelsur.com\/pt\/fundacion-caja-rural-del-sur-con-las-actividades-de-la-asociacion-autismo-sevilla\/","og_locale":"pt_PT","og_type":"article","og_title":"Fundaci\u00f3n Caja Rural del Sur con las actividades de la Asociaci\u00f3n Autismo Sevilla - Fundaci\u00f3n Caja Rural del Sur","og_description":"La Fundaci\u00f3n Caja Rural del Sur colaborar\u00e1 con la Asociaci\u00f3n Autismo Sevilla en sus actividades a lo largo del pr\u00f3ximo para el desarrollo de la labor que lleva a cabo [&hellip;]","og_url":"https:\/\/fundacioncajaruraldelsur.com\/pt\/fundacion-caja-rural-del-sur-con-las-actividades-de-la-asociacion-autismo-sevilla\/","og_site_name":"Fundaci\u00f3n Caja Rural del Sur","article_published_time":"2020-06-16T11:26:44+00:00","article_modified_time":"2020-06-16T12:33:08+00:00","og_image":[{"width":1600,"height":1200,"url":"https:\/\/fundacioncajaruraldelsur.com\/wp-content\/uploads\/2020\/06\/200616.-Mercedes-Molina-y-Jos\u00e9-Luis-Garc\u00eda-Palacios-\u00c1lvarez-en-la-firma-del-convenio..jpg","type":"image\/jpeg"}],"author":"Comunicaci\u00f3n","twitter_card":"summary_large_image","twitter_misc":{"Written by":"Comunicaci\u00f3n","Est. reading time":"1 minute"},"schema":{"@context":"https:\/\/schema.org","@graph":[{"@type":"Article","@id":"https:\/\/fundacioncajaruraldelsur.com\/fundacion-caja-rural-del-sur-con-las-actividades-de-la-asociacion-autismo-sevilla\/#article","isPartOf":{"@id":"https:\/\/fundacioncajaruraldelsur.com\/fundacion-caja-rural-del-sur-con-las-actividades-de-la-asociacion-autismo-sevilla\/"},"author":{"name":"Comunicaci\u00f3n","@id":"https:\/\/fundacioncajaruraldelsur.com\/#\/schema\/person\/f430da9fb783d505ff061ad8b3d44577"},"headline":"Fundaci\u00f3n Caja Rural del Sur con las actividades de la Asociaci\u00f3n Autismo Sevilla","datePublished":"2020-06-16T11:26:44+00:00","dateModified":"2020-06-16T12:33:08+00:00","mainEntityOfPage":{"@id":"https:\/\/fundacioncajaruraldelsur.com\/fundacion-caja-rural-del-sur-con-las-actividades-de-la-asociacion-autismo-sevilla\/"},"wordCount":259,"image":{"@id":"https:\/\/fundacioncajaruraldelsur.com\/fundacion-caja-rural-del-sur-con-las-actividades-de-la-asociacion-autismo-sevilla\/#primaryimage"},"thumbnailUrl":"https:\/\/fundacioncajaruraldelsur.com\/wp-content\/uploads\/2020\/06\/200616.-Mercedes-Molina-y-Jos\u00e9-Luis-Garc\u00eda-Palacios-\u00c1lvarez-en-la-firma-del-convenio..jpg","articleSection":["Convenios"],"inLanguage":"pt-PT"},{"@type":"WebPage","@id":"https:\/\/fundacioncajaruraldelsur.com\/fundacion-caja-rural-del-sur-con-las-actividades-de-la-asociacion-autismo-sevilla\/","url":"https:\/\/fundacioncajaruraldelsur.com\/fundacion-caja-rural-del-sur-con-las-actividades-de-la-asociacion-autismo-sevilla\/","name":"Fundaci\u00f3n Caja Rural del Sur con las actividades de la Asociaci\u00f3n Autismo Sevilla - Fundaci\u00f3n Caja Rural del Sur","isPartOf":{"@id":"https:\/\/fundacioncajaruraldelsur.com\/#website"},"primaryImageOfPage":{"@id":"https:\/\/fundacioncajaruraldelsur.com\/fundacion-caja-rural-del-sur-con-las-actividades-de-la-asociacion-autismo-sevilla\/#primaryimage"},"image":{"@id":"https:\/\/fundacioncajaruraldelsur.com\/fundacion-caja-rural-del-sur-con-las-actividades-de-la-asociacion-autismo-sevilla\/#primaryimage"},"thumbnailUrl":"https:\/\/fundacioncajaruraldelsur.com\/wp-content\/uploads\/2020\/06\/200616.-Mercedes-Molina-y-Jos\u00e9-Luis-Garc\u00eda-Palacios-\u00c1lvarez-en-la-firma-del-convenio..jpg","datePublished":"2020-06-16T11:26:44+00:00","dateModified":"2020-06-16T12:33:08+00:00","author":{"@id":"https:\/\/fundacioncajaruraldelsur.com\/#\/schema\/person\/f430da9fb783d505ff061ad8b3d44577"},"breadcrumb":{"@id":"https:\/\/fundacioncajaruraldelsur.com\/fundacion-caja-rural-del-sur-con-las-actividades-de-la-asociacion-autismo-sevilla\/#breadcrumb"},"inLanguage":"pt-PT","potentialAction":[{"@type":"ReadAction","target":["https:\/\/fundacioncajaruraldelsur.com\/fundacion-caja-rural-del-sur-con-las-actividades-de-la-asociacion-autismo-sevilla\/"]}]},{"@type":"ImageObject","inLanguage":"pt-PT","@id":"https:\/\/fundacioncajaruraldelsur.com\/fundacion-caja-rural-del-sur-con-las-actividades-de-la-asociacion-autismo-sevilla\/#primaryimage","url":"https:\/\/fundacioncajaruraldelsur.com\/wp-content\/uploads\/2020\/06\/200616.-Mercedes-Molina-y-Jos\u00e9-Luis-Garc\u00eda-Palacios-\u00c1lvarez-en-la-firma-del-convenio..jpg","contentUrl":"https:\/\/fundacioncajaruraldelsur.com\/wp-content\/uploads\/2020\/06\/200616.-Mercedes-Molina-y-Jos\u00e9-Luis-Garc\u00eda-Palacios-\u00c1lvarez-en-la-firma-del-convenio..jpg","width":1600,"height":1200},{"@type":"BreadcrumbList","@id":"https:\/\/fundacioncajaruraldelsur.com\/fundacion-caja-rural-del-sur-con-las-actividades-de-la-asociacion-autismo-sevilla\/#breadcrumb","itemListElement":[{"@type":"ListItem","position":1,"name":"Portada","item":"https:\/\/fundacioncajaruraldelsur.com\/"},{"@type":"ListItem","position":2,"name":"Fundaci\u00f3n Caja Rural del Sur con las actividades de la Asociaci\u00f3n Autismo Sevilla"}]},{"@type":"WebSite","@id":"https:\/\/fundacioncajaruraldelsur.com\/#website","url":"https:\/\/fundacioncajaruraldelsur.com\/","name":"Funda\u00e7\u00e3o Caja Rural del Sur","description":"","potentialAction":[{"@type":"SearchAction","target":{"@type":"EntryPoint","urlTemplate":"https:\/\/fundacioncajaruraldelsur.com\/?s={search_term_string}"},"query-input":{"@type":"PropertyValueSpecification","valueRequired":true,"valueName":"search_term_string"}}],"inLanguage":"pt-PT"},{"@type":"Person","@id":"https:\/\/fundacioncajaruraldelsur.com\/#\/schema\/person\/f430da9fb783d505ff061ad8b3d44577","name":"Comunicaci\u00f3n","image":{"@type":"ImageObject","inLanguage":"pt-PT","@id":"https:\/\/secure.gravatar.com\/avatar\/0dca239875993680bac4603ad2de7942da018f52cc3a244578e0b3b09314a8d8?s=96&d=blank&r=g","url":"https:\/\/secure.gravatar.com\/avatar\/0dca239875993680bac4603ad2de7942da018f52cc3a244578e0b3b09314a8d8?s=96&d=blank&r=g","contentUrl":"https:\/\/secure.gravatar.com\/avatar\/0dca239875993680bac4603ad2de7942da018f52cc3a244578e0b3b09314a8d8?s=96&d=blank&r=g","caption":"Comunicaci\u00f3n"}}]}},"rttpg_featured_image_url":{"full":["https:\/\/fundacioncajaruraldelsur.com\/wp-content\/uploads\/2020\/06\/200616.-Mercedes-Molina-y-Jos\u00e9-Luis-Garc\u00eda-Palacios-\u00c1lvarez-en-la-firma-del-convenio..jpg",1600,1200,false],"landscape":["https:\/\/fundacioncajaruraldelsur.com\/wp-content\/uploads\/2020\/06\/200616.-Mercedes-Molina-y-Jos\u00e9-Luis-Garc\u00eda-Palacios-\u00c1lvarez-en-la-firma-del-convenio..jpg",1600,1200,false],"portraits":["https:\/\/fundacioncajaruraldelsur.com\/wp-content\/uploads\/2020\/06\/200616.-Mercedes-Molina-y-Jos\u00e9-Luis-Garc\u00eda-Palacios-\u00c1lvarez-en-la-firma-del-convenio..jpg",1600,1200,false],"thumbnail":["https:\/\/fundacioncajaruraldelsur.com\/wp-content\/uploads\/2020\/06\/200616.-Mercedes-Molina-y-Jos\u00e9-Luis-Garc\u00eda-Palacios-\u00c1lvarez-en-la-firma-del-convenio.-150x150.jpg",150,150,true],"medium":["https:\/\/fundacioncajaruraldelsur.com\/wp-content\/uploads\/2020\/06\/200616.-Mercedes-Molina-y-Jos\u00e9-Luis-Garc\u00eda-Palacios-\u00c1lvarez-en-la-firma-del-convenio.-300x225.jpg",300,225,true],"large":["https:\/\/fundacioncajaruraldelsur.com\/wp-content\/uploads\/2020\/06\/200616.-Mercedes-Molina-y-Jos\u00e9-Luis-Garc\u00eda-Palacios-\u00c1lvarez-en-la-firma-del-convenio.-1024x768.jpg",960,720,true],"1536x1536":["https:\/\/fundacioncajaruraldelsur.com\/wp-content\/uploads\/2020\/06\/200616.-Mercedes-Molina-y-Jos\u00e9-Luis-Garc\u00eda-Palacios-\u00c1lvarez-en-la-firma-del-convenio..jpg",1536,1152,false],"2048x2048":["https:\/\/fundacioncajaruraldelsur.com\/wp-content\/uploads\/2020\/06\/200616.-Mercedes-Molina-y-Jos\u00e9-Luis-Garc\u00eda-Palacios-\u00c1lvarez-en-la-firma-del-convenio..jpg",1600,1200,false],"trp-custom-language-flag":["https:\/\/fundacioncajaruraldelsur.com\/wp-content\/uploads\/2020\/06\/200616.-Mercedes-Molina-y-Jos\u00e9-Luis-Garc\u00eda-Palacios-\u00c1lvarez-en-la-firma-del-convenio..jpg",16,12,false],"blog-thumbnail":["https:\/\/fundacioncajaruraldelsur.com\/wp-content\/uploads\/2020\/06\/200616.-Mercedes-Molina-y-Jos\u00e9-Luis-Garc\u00eda-Palacios-\u00c1lvarez-en-la-firma-del-convenio.-400x200.jpg",400,200,true]},"rttpg_author":{"display_name":"Comunicaci\u00f3n","author_link":"https:\/\/fundacioncajaruraldelsur.com\/pt\/author\/sevillaadmin\/"},"rttpg_comment":0,"rttpg_category":"<a href=\"https:\/\/fundacioncajaruraldelsur.com\/pt\/category\/convenios\/\" rel=\"category tag\">Convenios<\/a>","rttpg_excerpt":"La Fundaci\u00f3n Caja Rural del Sur colaborar\u00e1 con la Asociaci\u00f3n Autismo Sevilla en sus actividades a lo largo del pr\u00f3ximo para el desarrollo de la labor que lleva a cabo [&hellip;]","_links":{"self":[{"href":"https:\/\/fundacioncajaruraldelsur.com\/pt\/wp-json\/wp\/v2\/posts\/5758","targetHints":{"allow":["GET"]}}],"collection":[{"href":"https:\/\/fundacioncajaruraldelsur.com\/pt\/wp-json\/wp\/v2\/posts"}],"about":[{"href":"https:\/\/fundacioncajaruraldelsur.com\/pt\/wp-json\/wp\/v2\/types\/post"}],"author":[{"embeddable":true,"href":"https:\/\/fundacioncajaruraldelsur.com\/pt\/wp-json\/wp\/v2\/users\/6"}],"replies":[{"embeddable":true,"href":"https:\/\/fundacioncajaruraldelsur.com\/pt\/wp-json\/wp\/v2\/comments?post=5758"}],"version-history":[{"count":2,"href":"https:\/\/fundacioncajaruraldelsur.com\/pt\/wp-json\/wp\/v2\/posts\/5758\/revisions"}],"predecessor-version":[{"id":5762,"href":"https:\/\/fundacioncajaruraldelsur.com\/pt\/wp-json\/wp\/v2\/posts\/5758\/revisions\/5762"}],"wp:featuredmedia":[{"embeddable":true,"href":"https:\/\/fundacioncajaruraldelsur.com\/pt\/wp-json\/wp\/v2\/media\/5759"}],"wp:attachment":[{"href":"https:\/\/fundacioncajaruraldelsur.com\/pt\/wp-json\/wp\/v2\/media?parent=5758"}],"wp:term":[{"taxonomy":"category","embeddable":true,"href":"https:\/\/fundacioncajaruraldelsur.com\/pt\/wp-json\/wp\/v2\/categories?post=5758"},{"taxonomy":"post_tag","embeddable":true,"href":"https:\/\/fundacioncajaruraldelsur.com\/pt\/wp-json\/wp\/v2\/tags?post=5758"}],"curies":[{"name":"wp","href":"https:\/\/api.w.org\/{rel}","templated":true}]}}