{"id":5691,"date":"2020-03-11T17:43:59","date_gmt":"2020-03-11T15:43:59","guid":{"rendered":"\/?p=5691"},"modified":"2020-03-11T17:43:59","modified_gmt":"2020-03-11T15:43:59","slug":"colaboramos-con-el-ayuntamiento-de-huelva-en-el-festival-de-jazz","status":"publish","type":"post","link":"https:\/\/fundacioncajaruraldelsur.com\/pt\/colaboramos-con-el-ayuntamiento-de-huelva-en-el-festival-de-jazz\/","title":{"rendered":"Colaboramos con el Ayuntamiento de Huelva en el Festival de Jazz"},"content":{"rendered":"<p>Fundaci\u00f3n Caja Rural del Sur, tras la firma de un convenio entre el teniente alcalde de Cultura de Ayuntamiento de Huelva, Daniel Mantero, y el director de la misma, Emilio Ponce, colaborar\u00e1 para la celebraci\u00f3n a partir de este jueves, d\u00eda 12 de marzo, y hasta el s\u00e1bado del evento musical Festival de Jazz Huelva 2020, en el que intervendr\u00e1n grandes maestros del g\u00e9nero, como Benny Golson, Tom Harrell, The Cookers, Billy Harper, Donald Harrison, Jeremy Pelt, Billy Hart o Cecil McBee.<\/p>\n<p>Mientras el concejal de Cultura, Daniel Mantero, considera que \u201cse trata de una nueva apuesta del Ayuntamiento que llega con la intenci\u00f3n de convertirse en una cita obligada cada a\u00f1o para los aficionados onubenses al jazz y en un atractivo m\u00e1s para recibir nuevos visitantes de diferentes puntos de Espa\u00f1a y Portugal\u201d el director de la Fundaci\u00f3n Caja Rural del Sur, Emilio Ponce, valoraba la invitaci\u00f3n recibida desde el Ayuntamiento para este acontecimiento musical y la aportaci\u00f3n que desde la entidad se viene haciendo constantemente por promocionar las actividades culturales en Huelva.<\/p>\n<p>El Festival arrancar\u00e1 este jueves, 12 de marzo, a las 19.00 horas, con un pasacalles por las calles del centro a cargo de La Choquera Jazz Band Dixieland. Posteriormente, a las 21.00 horas, comenzar\u00e1n los conciertos en el Gran Teatro con la actuaci\u00f3n del Tr\u00edo Jorge Pardo, Charles Benavent y Tino di Gerlado, al que seguir\u00e1 uno de los grandes trompetistas del jazz mundial, Tom Harrell Trip. Entre las grandes estrellas que pasar\u00e1n por el Festival destaca un veterano de la dimensi\u00f3n hist\u00f3rica del legendario Benny Golson, que realizar\u00e1 una \u00fanica actuaci\u00f3n en Espa\u00f1a viajando expresamente a Huelva, donde actuar\u00e1 el d\u00eda 13 de marzo. Una actuaci\u00f3n que estar\u00e1 precedida por Jakob Bro Trio &amp; Mark Tuner. El s\u00e1bado, 14 de marzo, la Onuba Jazz BigBand animar\u00e1 la Plaza de Las Monjas, desde las 13.00 horas. Por la noche, subir\u00e1n al escenario del Gran Teatro Bobo Stenson Trio y el septeto The Cookers.<\/p>\n<p>&nbsp;<\/p>","protected":false},"excerpt":{"rendered":"<p>Fundaci\u00f3n Caja Rural del Sur, tras la firma de un convenio entre el teniente alcalde de Cultura de Ayuntamiento de Huelva, Daniel Mantero, y el director de la misma, Emilio [&hellip;]<\/p>\n","protected":false},"author":6,"featured_media":5692,"comment_status":"closed","ping_status":"closed","sticky":false,"template":"","format":"standard","meta":{"footnotes":""},"categories":[75],"tags":[],"class_list":["post-5691","post","type-post","status-publish","format-standard","has-post-thumbnail","hentry","category-concierto"],"yoast_head":"<!-- This site is optimized with the Yoast SEO plugin v27.3 - https:\/\/yoast.com\/product\/yoast-seo-wordpress\/ -->\n<title>Colaboramos con el Ayuntamiento de Huelva en el Festival de Jazz - Fundaci\u00f3n Caja Rural del Sur<\/title>\n<meta name=\"robots\" content=\"index, follow, max-snippet:-1, max-image-preview:large, max-video-preview:-1\" \/>\n<link rel=\"canonical\" href=\"https:\/\/fundacioncajaruraldelsur.com\/pt\/colaboramos-con-el-ayuntamiento-de-huelva-en-el-festival-de-jazz\/\" \/>\n<meta property=\"og:locale\" content=\"pt_PT\" \/>\n<meta property=\"og:type\" content=\"article\" \/>\n<meta property=\"og:title\" content=\"Colaboramos con el Ayuntamiento de Huelva en el Festival de Jazz - Fundaci\u00f3n Caja Rural del Sur\" \/>\n<meta property=\"og:description\" content=\"Fundaci\u00f3n Caja Rural del Sur, tras la firma de un convenio entre el teniente alcalde de Cultura de Ayuntamiento de Huelva, Daniel Mantero, y el director de la misma, Emilio [&hellip;]\" \/>\n<meta property=\"og:url\" content=\"https:\/\/fundacioncajaruraldelsur.com\/pt\/colaboramos-con-el-ayuntamiento-de-huelva-en-el-festival-de-jazz\/\" \/>\n<meta property=\"og:site_name\" content=\"Fundaci\u00f3n Caja Rural del Sur\" \/>\n<meta property=\"article:published_time\" content=\"2020-03-11T15:43:59+00:00\" \/>\n<meta property=\"og:image\" content=\"https:\/\/fundacioncajaruraldelsur.com\/wp-content\/uploads\/2020\/03\/200311.-Firma-del-convenio-entre-el-director-de-Fundacio\u0301n-Caja-Rural-del-Sur-y-el-concejal-delegado-de-Cultura-del-Ayuntamiento-de-Huelva.-1024x768.jpg\" \/>\n\t<meta property=\"og:image:width\" content=\"1024\" \/>\n\t<meta property=\"og:image:height\" content=\"768\" \/>\n\t<meta property=\"og:image:type\" content=\"image\/jpeg\" \/>\n<meta name=\"author\" content=\"Comunicaci\u00f3n\" \/>\n<meta name=\"twitter:card\" content=\"summary_large_image\" \/>\n<meta name=\"twitter:label1\" content=\"Written by\" \/>\n\t<meta name=\"twitter:data1\" content=\"Comunicaci\u00f3n\" \/>\n\t<meta name=\"twitter:label2\" content=\"Est. reading time\" \/>\n\t<meta name=\"twitter:data2\" content=\"2 minutes\" \/>\n<script type=\"application\/ld+json\" class=\"yoast-schema-graph\">{\"@context\":\"https:\\\/\\\/schema.org\",\"@graph\":[{\"@type\":\"Article\",\"@id\":\"https:\\\/\\\/fundacioncajaruraldelsur.com\\\/colaboramos-con-el-ayuntamiento-de-huelva-en-el-festival-de-jazz\\\/#article\",\"isPartOf\":{\"@id\":\"https:\\\/\\\/fundacioncajaruraldelsur.com\\\/colaboramos-con-el-ayuntamiento-de-huelva-en-el-festival-de-jazz\\\/\"},\"author\":{\"name\":\"Comunicaci\u00f3n\",\"@id\":\"https:\\\/\\\/fundacioncajaruraldelsur.com\\\/#\\\/schema\\\/person\\\/f430da9fb783d505ff061ad8b3d44577\"},\"headline\":\"Colaboramos con el Ayuntamiento de Huelva en el Festival de Jazz\",\"datePublished\":\"2020-03-11T15:43:59+00:00\",\"mainEntityOfPage\":{\"@id\":\"https:\\\/\\\/fundacioncajaruraldelsur.com\\\/colaboramos-con-el-ayuntamiento-de-huelva-en-el-festival-de-jazz\\\/\"},\"wordCount\":356,\"image\":{\"@id\":\"https:\\\/\\\/fundacioncajaruraldelsur.com\\\/colaboramos-con-el-ayuntamiento-de-huelva-en-el-festival-de-jazz\\\/#primaryimage\"},\"thumbnailUrl\":\"https:\\\/\\\/fundacioncajaruraldelsur.com\\\/wp-content\\\/uploads\\\/2020\\\/03\\\/200311.-Firma-del-convenio-entre-el-director-de-Fundacio\u0301n-Caja-Rural-del-Sur-y-el-concejal-delegado-de-Cultura-del-Ayuntamiento-de-Huelva..jpg\",\"articleSection\":[\"Concierto\"],\"inLanguage\":\"pt-PT\"},{\"@type\":\"WebPage\",\"@id\":\"https:\\\/\\\/fundacioncajaruraldelsur.com\\\/colaboramos-con-el-ayuntamiento-de-huelva-en-el-festival-de-jazz\\\/\",\"url\":\"https:\\\/\\\/fundacioncajaruraldelsur.com\\\/colaboramos-con-el-ayuntamiento-de-huelva-en-el-festival-de-jazz\\\/\",\"name\":\"Colaboramos con el Ayuntamiento de Huelva en el Festival de Jazz - Fundaci\u00f3n Caja Rural del Sur\",\"isPartOf\":{\"@id\":\"https:\\\/\\\/fundacioncajaruraldelsur.com\\\/#website\"},\"primaryImageOfPage\":{\"@id\":\"https:\\\/\\\/fundacioncajaruraldelsur.com\\\/colaboramos-con-el-ayuntamiento-de-huelva-en-el-festival-de-jazz\\\/#primaryimage\"},\"image\":{\"@id\":\"https:\\\/\\\/fundacioncajaruraldelsur.com\\\/colaboramos-con-el-ayuntamiento-de-huelva-en-el-festival-de-jazz\\\/#primaryimage\"},\"thumbnailUrl\":\"https:\\\/\\\/fundacioncajaruraldelsur.com\\\/wp-content\\\/uploads\\\/2020\\\/03\\\/200311.-Firma-del-convenio-entre-el-director-de-Fundacio\u0301n-Caja-Rural-del-Sur-y-el-concejal-delegado-de-Cultura-del-Ayuntamiento-de-Huelva..jpg\",\"datePublished\":\"2020-03-11T15:43:59+00:00\",\"author\":{\"@id\":\"https:\\\/\\\/fundacioncajaruraldelsur.com\\\/#\\\/schema\\\/person\\\/f430da9fb783d505ff061ad8b3d44577\"},\"breadcrumb\":{\"@id\":\"https:\\\/\\\/fundacioncajaruraldelsur.com\\\/colaboramos-con-el-ayuntamiento-de-huelva-en-el-festival-de-jazz\\\/#breadcrumb\"},\"inLanguage\":\"pt-PT\",\"potentialAction\":[{\"@type\":\"ReadAction\",\"target\":[\"https:\\\/\\\/fundacioncajaruraldelsur.com\\\/colaboramos-con-el-ayuntamiento-de-huelva-en-el-festival-de-jazz\\\/\"]}]},{\"@type\":\"ImageObject\",\"inLanguage\":\"pt-PT\",\"@id\":\"https:\\\/\\\/fundacioncajaruraldelsur.com\\\/colaboramos-con-el-ayuntamiento-de-huelva-en-el-festival-de-jazz\\\/#primaryimage\",\"url\":\"https:\\\/\\\/fundacioncajaruraldelsur.com\\\/wp-content\\\/uploads\\\/2020\\\/03\\\/200311.-Firma-del-convenio-entre-el-director-de-Fundacio\u0301n-Caja-Rural-del-Sur-y-el-concejal-delegado-de-Cultura-del-Ayuntamiento-de-Huelva..jpg\",\"contentUrl\":\"https:\\\/\\\/fundacioncajaruraldelsur.com\\\/wp-content\\\/uploads\\\/2020\\\/03\\\/200311.-Firma-del-convenio-entre-el-director-de-Fundacio\u0301n-Caja-Rural-del-Sur-y-el-concejal-delegado-de-Cultura-del-Ayuntamiento-de-Huelva..jpg\",\"width\":4032,\"height\":3024},{\"@type\":\"BreadcrumbList\",\"@id\":\"https:\\\/\\\/fundacioncajaruraldelsur.com\\\/colaboramos-con-el-ayuntamiento-de-huelva-en-el-festival-de-jazz\\\/#breadcrumb\",\"itemListElement\":[{\"@type\":\"ListItem\",\"position\":1,\"name\":\"Portada\",\"item\":\"https:\\\/\\\/fundacioncajaruraldelsur.com\\\/\"},{\"@type\":\"ListItem\",\"position\":2,\"name\":\"Colaboramos con el Ayuntamiento de Huelva en el Festival de Jazz\"}]},{\"@type\":\"WebSite\",\"@id\":\"https:\\\/\\\/fundacioncajaruraldelsur.com\\\/#website\",\"url\":\"https:\\\/\\\/fundacioncajaruraldelsur.com\\\/\",\"name\":\"Fundaci\u00f3n Caja Rural del Sur\",\"description\":\"\",\"potentialAction\":[{\"@type\":\"SearchAction\",\"target\":{\"@type\":\"EntryPoint\",\"urlTemplate\":\"https:\\\/\\\/fundacioncajaruraldelsur.com\\\/?s={search_term_string}\"},\"query-input\":{\"@type\":\"PropertyValueSpecification\",\"valueRequired\":true,\"valueName\":\"search_term_string\"}}],\"inLanguage\":\"pt-PT\"},{\"@type\":\"Person\",\"@id\":\"https:\\\/\\\/fundacioncajaruraldelsur.com\\\/#\\\/schema\\\/person\\\/f430da9fb783d505ff061ad8b3d44577\",\"name\":\"Comunicaci\u00f3n\",\"image\":{\"@type\":\"ImageObject\",\"inLanguage\":\"pt-PT\",\"@id\":\"https:\\\/\\\/secure.gravatar.com\\\/avatar\\\/0dca239875993680bac4603ad2de7942da018f52cc3a244578e0b3b09314a8d8?s=96&d=blank&r=g\",\"url\":\"https:\\\/\\\/secure.gravatar.com\\\/avatar\\\/0dca239875993680bac4603ad2de7942da018f52cc3a244578e0b3b09314a8d8?s=96&d=blank&r=g\",\"contentUrl\":\"https:\\\/\\\/secure.gravatar.com\\\/avatar\\\/0dca239875993680bac4603ad2de7942da018f52cc3a244578e0b3b09314a8d8?s=96&d=blank&r=g\",\"caption\":\"Comunicaci\u00f3n\"}}]}<\/script>\n<!-- \/ Yoast SEO plugin. -->","yoast_head_json":{"title":"Colaboramos con el Ayuntamiento de Huelva en el Festival de Jazz - Fundaci\u00f3n Caja Rural del Sur","robots":{"index":"index","follow":"follow","max-snippet":"max-snippet:-1","max-image-preview":"max-image-preview:large","max-video-preview":"max-video-preview:-1"},"canonical":"https:\/\/fundacioncajaruraldelsur.com\/pt\/colaboramos-con-el-ayuntamiento-de-huelva-en-el-festival-de-jazz\/","og_locale":"pt_PT","og_type":"article","og_title":"Colaboramos con el Ayuntamiento de Huelva en el Festival de Jazz - Fundaci\u00f3n Caja Rural del Sur","og_description":"Fundaci\u00f3n Caja Rural del Sur, tras la firma de un convenio entre el teniente alcalde de Cultura de Ayuntamiento de Huelva, Daniel Mantero, y el director de la misma, Emilio [&hellip;]","og_url":"https:\/\/fundacioncajaruraldelsur.com\/pt\/colaboramos-con-el-ayuntamiento-de-huelva-en-el-festival-de-jazz\/","og_site_name":"Fundaci\u00f3n Caja Rural del Sur","article_published_time":"2020-03-11T15:43:59+00:00","og_image":[{"width":1024,"height":768,"url":"https:\/\/fundacioncajaruraldelsur.com\/wp-content\/uploads\/2020\/03\/200311.-Firma-del-convenio-entre-el-director-de-Fundacio\u0301n-Caja-Rural-del-Sur-y-el-concejal-delegado-de-Cultura-del-Ayuntamiento-de-Huelva.-1024x768.jpg","type":"image\/jpeg"}],"author":"Comunicaci\u00f3n","twitter_card":"summary_large_image","twitter_misc":{"Written by":"Comunicaci\u00f3n","Est. reading time":"2 minutes"},"schema":{"@context":"https:\/\/schema.org","@graph":[{"@type":"Article","@id":"https:\/\/fundacioncajaruraldelsur.com\/colaboramos-con-el-ayuntamiento-de-huelva-en-el-festival-de-jazz\/#article","isPartOf":{"@id":"https:\/\/fundacioncajaruraldelsur.com\/colaboramos-con-el-ayuntamiento-de-huelva-en-el-festival-de-jazz\/"},"author":{"name":"Comunicaci\u00f3n","@id":"https:\/\/fundacioncajaruraldelsur.com\/#\/schema\/person\/f430da9fb783d505ff061ad8b3d44577"},"headline":"Colaboramos con el Ayuntamiento de Huelva en el Festival de Jazz","datePublished":"2020-03-11T15:43:59+00:00","mainEntityOfPage":{"@id":"https:\/\/fundacioncajaruraldelsur.com\/colaboramos-con-el-ayuntamiento-de-huelva-en-el-festival-de-jazz\/"},"wordCount":356,"image":{"@id":"https:\/\/fundacioncajaruraldelsur.com\/colaboramos-con-el-ayuntamiento-de-huelva-en-el-festival-de-jazz\/#primaryimage"},"thumbnailUrl":"https:\/\/fundacioncajaruraldelsur.com\/wp-content\/uploads\/2020\/03\/200311.-Firma-del-convenio-entre-el-director-de-Fundacio\u0301n-Caja-Rural-del-Sur-y-el-concejal-delegado-de-Cultura-del-Ayuntamiento-de-Huelva..jpg","articleSection":["Concierto"],"inLanguage":"pt-PT"},{"@type":"WebPage","@id":"https:\/\/fundacioncajaruraldelsur.com\/colaboramos-con-el-ayuntamiento-de-huelva-en-el-festival-de-jazz\/","url":"https:\/\/fundacioncajaruraldelsur.com\/colaboramos-con-el-ayuntamiento-de-huelva-en-el-festival-de-jazz\/","name":"Colaboramos con el Ayuntamiento de Huelva en el Festival de Jazz - Fundaci\u00f3n Caja Rural del Sur","isPartOf":{"@id":"https:\/\/fundacioncajaruraldelsur.com\/#website"},"primaryImageOfPage":{"@id":"https:\/\/fundacioncajaruraldelsur.com\/colaboramos-con-el-ayuntamiento-de-huelva-en-el-festival-de-jazz\/#primaryimage"},"image":{"@id":"https:\/\/fundacioncajaruraldelsur.com\/colaboramos-con-el-ayuntamiento-de-huelva-en-el-festival-de-jazz\/#primaryimage"},"thumbnailUrl":"https:\/\/fundacioncajaruraldelsur.com\/wp-content\/uploads\/2020\/03\/200311.-Firma-del-convenio-entre-el-director-de-Fundacio\u0301n-Caja-Rural-del-Sur-y-el-concejal-delegado-de-Cultura-del-Ayuntamiento-de-Huelva..jpg","datePublished":"2020-03-11T15:43:59+00:00","author":{"@id":"https:\/\/fundacioncajaruraldelsur.com\/#\/schema\/person\/f430da9fb783d505ff061ad8b3d44577"},"breadcrumb":{"@id":"https:\/\/fundacioncajaruraldelsur.com\/colaboramos-con-el-ayuntamiento-de-huelva-en-el-festival-de-jazz\/#breadcrumb"},"inLanguage":"pt-PT","potentialAction":[{"@type":"ReadAction","target":["https:\/\/fundacioncajaruraldelsur.com\/colaboramos-con-el-ayuntamiento-de-huelva-en-el-festival-de-jazz\/"]}]},{"@type":"ImageObject","inLanguage":"pt-PT","@id":"https:\/\/fundacioncajaruraldelsur.com\/colaboramos-con-el-ayuntamiento-de-huelva-en-el-festival-de-jazz\/#primaryimage","url":"https:\/\/fundacioncajaruraldelsur.com\/wp-content\/uploads\/2020\/03\/200311.-Firma-del-convenio-entre-el-director-de-Fundacio\u0301n-Caja-Rural-del-Sur-y-el-concejal-delegado-de-Cultura-del-Ayuntamiento-de-Huelva..jpg","contentUrl":"https:\/\/fundacioncajaruraldelsur.com\/wp-content\/uploads\/2020\/03\/200311.-Firma-del-convenio-entre-el-director-de-Fundacio\u0301n-Caja-Rural-del-Sur-y-el-concejal-delegado-de-Cultura-del-Ayuntamiento-de-Huelva..jpg","width":4032,"height":3024},{"@type":"BreadcrumbList","@id":"https:\/\/fundacioncajaruraldelsur.com\/colaboramos-con-el-ayuntamiento-de-huelva-en-el-festival-de-jazz\/#breadcrumb","itemListElement":[{"@type":"ListItem","position":1,"name":"Portada","item":"https:\/\/fundacioncajaruraldelsur.com\/"},{"@type":"ListItem","position":2,"name":"Colaboramos con el Ayuntamiento de Huelva en el Festival de Jazz"}]},{"@type":"WebSite","@id":"https:\/\/fundacioncajaruraldelsur.com\/#website","url":"https:\/\/fundacioncajaruraldelsur.com\/","name":"Funda\u00e7\u00e3o Caja Rural del Sur","description":"","potentialAction":[{"@type":"SearchAction","target":{"@type":"EntryPoint","urlTemplate":"https:\/\/fundacioncajaruraldelsur.com\/?s={search_term_string}"},"query-input":{"@type":"PropertyValueSpecification","valueRequired":true,"valueName":"search_term_string"}}],"inLanguage":"pt-PT"},{"@type":"Person","@id":"https:\/\/fundacioncajaruraldelsur.com\/#\/schema\/person\/f430da9fb783d505ff061ad8b3d44577","name":"Comunicaci\u00f3n","image":{"@type":"ImageObject","inLanguage":"pt-PT","@id":"https:\/\/secure.gravatar.com\/avatar\/0dca239875993680bac4603ad2de7942da018f52cc3a244578e0b3b09314a8d8?s=96&d=blank&r=g","url":"https:\/\/secure.gravatar.com\/avatar\/0dca239875993680bac4603ad2de7942da018f52cc3a244578e0b3b09314a8d8?s=96&d=blank&r=g","contentUrl":"https:\/\/secure.gravatar.com\/avatar\/0dca239875993680bac4603ad2de7942da018f52cc3a244578e0b3b09314a8d8?s=96&d=blank&r=g","caption":"Comunicaci\u00f3n"}}]}},"rttpg_featured_image_url":{"full":["https:\/\/fundacioncajaruraldelsur.com\/wp-content\/uploads\/2020\/03\/200311.-Firma-del-convenio-entre-el-director-de-Fundacio\u0301n-Caja-Rural-del-Sur-y-el-concejal-delegado-de-Cultura-del-Ayuntamiento-de-Huelva..jpg",4032,3024,false],"landscape":["https:\/\/fundacioncajaruraldelsur.com\/wp-content\/uploads\/2020\/03\/200311.-Firma-del-convenio-entre-el-director-de-Fundacio\u0301n-Caja-Rural-del-Sur-y-el-concejal-delegado-de-Cultura-del-Ayuntamiento-de-Huelva..jpg",4032,3024,false],"portraits":["https:\/\/fundacioncajaruraldelsur.com\/wp-content\/uploads\/2020\/03\/200311.-Firma-del-convenio-entre-el-director-de-Fundacio\u0301n-Caja-Rural-del-Sur-y-el-concejal-delegado-de-Cultura-del-Ayuntamiento-de-Huelva..jpg",4032,3024,false],"thumbnail":["https:\/\/fundacioncajaruraldelsur.com\/wp-content\/uploads\/2020\/03\/200311.-Firma-del-convenio-entre-el-director-de-Fundacio\u0301n-Caja-Rural-del-Sur-y-el-concejal-delegado-de-Cultura-del-Ayuntamiento-de-Huelva.-150x150.jpg",150,150,true],"medium":["https:\/\/fundacioncajaruraldelsur.com\/wp-content\/uploads\/2020\/03\/200311.-Firma-del-convenio-entre-el-director-de-Fundacio\u0301n-Caja-Rural-del-Sur-y-el-concejal-delegado-de-Cultura-del-Ayuntamiento-de-Huelva.-300x225.jpg",300,225,true],"large":["https:\/\/fundacioncajaruraldelsur.com\/wp-content\/uploads\/2020\/03\/200311.-Firma-del-convenio-entre-el-director-de-Fundacio\u0301n-Caja-Rural-del-Sur-y-el-concejal-delegado-de-Cultura-del-Ayuntamiento-de-Huelva.-1024x768.jpg",960,720,true],"1536x1536":["https:\/\/fundacioncajaruraldelsur.com\/wp-content\/uploads\/2020\/03\/200311.-Firma-del-convenio-entre-el-director-de-Fundacio\u0301n-Caja-Rural-del-Sur-y-el-concejal-delegado-de-Cultura-del-Ayuntamiento-de-Huelva..jpg",1536,1152,false],"2048x2048":["https:\/\/fundacioncajaruraldelsur.com\/wp-content\/uploads\/2020\/03\/200311.-Firma-del-convenio-entre-el-director-de-Fundacio\u0301n-Caja-Rural-del-Sur-y-el-concejal-delegado-de-Cultura-del-Ayuntamiento-de-Huelva..jpg",2048,1536,false],"trp-custom-language-flag":["https:\/\/fundacioncajaruraldelsur.com\/wp-content\/uploads\/2020\/03\/200311.-Firma-del-convenio-entre-el-director-de-Fundacio\u0301n-Caja-Rural-del-Sur-y-el-concejal-delegado-de-Cultura-del-Ayuntamiento-de-Huelva..jpg",16,12,false],"blog-thumbnail":["https:\/\/fundacioncajaruraldelsur.com\/wp-content\/uploads\/2020\/03\/200311.-Firma-del-convenio-entre-el-director-de-Fundacio\u0301n-Caja-Rural-del-Sur-y-el-concejal-delegado-de-Cultura-del-Ayuntamiento-de-Huelva.-400x200.jpg",400,200,true]},"rttpg_author":{"display_name":"Comunicaci\u00f3n","author_link":"https:\/\/fundacioncajaruraldelsur.com\/pt\/author\/sevillaadmin\/"},"rttpg_comment":0,"rttpg_category":"<a href=\"https:\/\/fundacioncajaruraldelsur.com\/pt\/category\/concierto\/\" rel=\"category tag\">Concierto<\/a>","rttpg_excerpt":"Fundaci\u00f3n Caja Rural del Sur, tras la firma de un convenio entre el teniente alcalde de Cultura de Ayuntamiento de Huelva, Daniel Mantero, y el director de la misma, Emilio [&hellip;]","_links":{"self":[{"href":"https:\/\/fundacioncajaruraldelsur.com\/pt\/wp-json\/wp\/v2\/posts\/5691","targetHints":{"allow":["GET"]}}],"collection":[{"href":"https:\/\/fundacioncajaruraldelsur.com\/pt\/wp-json\/wp\/v2\/posts"}],"about":[{"href":"https:\/\/fundacioncajaruraldelsur.com\/pt\/wp-json\/wp\/v2\/types\/post"}],"author":[{"embeddable":true,"href":"https:\/\/fundacioncajaruraldelsur.com\/pt\/wp-json\/wp\/v2\/users\/6"}],"replies":[{"embeddable":true,"href":"https:\/\/fundacioncajaruraldelsur.com\/pt\/wp-json\/wp\/v2\/comments?post=5691"}],"version-history":[{"count":1,"href":"https:\/\/fundacioncajaruraldelsur.com\/pt\/wp-json\/wp\/v2\/posts\/5691\/revisions"}],"predecessor-version":[{"id":5693,"href":"https:\/\/fundacioncajaruraldelsur.com\/pt\/wp-json\/wp\/v2\/posts\/5691\/revisions\/5693"}],"wp:featuredmedia":[{"embeddable":true,"href":"https:\/\/fundacioncajaruraldelsur.com\/pt\/wp-json\/wp\/v2\/media\/5692"}],"wp:attachment":[{"href":"https:\/\/fundacioncajaruraldelsur.com\/pt\/wp-json\/wp\/v2\/media?parent=5691"}],"wp:term":[{"taxonomy":"category","embeddable":true,"href":"https:\/\/fundacioncajaruraldelsur.com\/pt\/wp-json\/wp\/v2\/categories?post=5691"},{"taxonomy":"post_tag","embeddable":true,"href":"https:\/\/fundacioncajaruraldelsur.com\/pt\/wp-json\/wp\/v2\/tags?post=5691"}],"curies":[{"name":"wp","href":"https:\/\/api.w.org\/{rel}","templated":true}]}}